{"id":45478,"date":"2023-01-13T15:12:52","date_gmt":"2023-01-13T18:12:52","guid":{"rendered":"https:\/\/noticiasemdestaque.com\/cd\/?p=45478"},"modified":"2023-01-13T15:12:52","modified_gmt":"2023-01-13T18:12:52","slug":"programacao-religiosa-da-festa-do-padroeiro-de-sao-sebastiao-em-amparo-comeca-nesta-sexta-feira","status":"publish","type":"post","link":"https:\/\/noticiasemdestaque.com\/cd\/?p=45478","title":{"rendered":"Programa\u00e7\u00e3o Religiosa da Festa do Padroeiro de S\u00e3o Sebasti\u00e3o em Amparo come\u00e7a nesta sexta-feira"},"content":{"rendered":"<p><a href=\"https:\/\/noticiasemdestaque.com\/cd\/wp-content\/uploads\/2023\/01\/amparopb.jpg\"><img fetchpriority=\"high\" decoding=\"async\" class=\" wp-image-45479 aligncenter\" src=\"https:\/\/noticiasemdestaque.com\/cd\/wp-content\/uploads\/2023\/01\/amparopb-277x300.jpg\" alt=\"\" width=\"601\" height=\"651\" srcset=\"https:\/\/noticiasemdestaque.com\/cd\/wp-content\/uploads\/2023\/01\/amparopb-277x300.jpg 277w, https:\/\/noticiasemdestaque.com\/cd\/wp-content\/uploads\/2023\/01\/amparopb-11x12.jpg 11w, https:\/\/noticiasemdestaque.com\/cd\/wp-content\/uploads\/2023\/01\/amparopb.jpg 590w\" sizes=\"(max-width: 601px) 100vw, 601px\" \/><\/a><\/p>\n<p><span data-contrast=\"auto\">Come\u00e7a nesta sexta-feira (13), a Programa\u00e7\u00e3o Religiosa da Festa do Padroeiro de S\u00e3o Sebasti\u00e3o na cidade de Amparo. O evento que \u00e9 organizado pela Par\u00f3quia Nossa Senhora do Ros\u00e1rio e pela comunidade S\u00e3o Sebasti\u00e3o tem in\u00edcio nessa sexta e encerramento no dia 22 de janeiro.<\/span><span data-ccp-props=\"{&quot;201341983&quot;:0,&quot;335559739&quot;:160,&quot;335559740&quot;:259}\">\u00a0<\/span><\/p>\n<p><span data-contrast=\"auto\">A noite de abertura tem como os homenageados os Motoqueiros, Motoristas, Ciclistas e Fi\u00e9is em geral.<\/span><span data-ccp-props=\"{&quot;201341983&quot;:0,&quot;335559739&quot;:160,&quot;335559740&quot;:259}\">\u00a0<\/span><span data-ccp-props=\"{&quot;201341983&quot;:0,&quot;335559739&quot;:160,&quot;335559740&quot;:259}\">\u00a0<\/span><\/p>\n<p><span data-contrast=\"auto\">\u00c0s 18h00min haver\u00e1 a concentra\u00e7\u00e3o de ve\u00edculos pr\u00f3ximo ao a\u00e7ude do Salgadinho, \u00e0s 18h30min, haver\u00e1 a chegada da imagem de s\u00e3o Sebasti\u00e3o vinda da Comunidade do Serrote Agudo, em seguida Prociss\u00e3o e Ben\u00e7\u00e3o dos ve\u00edculos em frente \u00e0 Igreja.<\/span><span data-ccp-props=\"{&quot;201341983&quot;:0,&quot;335559739&quot;:160,&quot;335559740&quot;:259}\">\u00a0<\/span><span data-ccp-props=\"{&quot;201341983&quot;:0,&quot;335559739&quot;:160,&quot;335559740&quot;:259}\">\u00a0<\/span><\/p>\n<p><span data-contrast=\"auto\">\u00c0s 19h00min haver\u00e1 a Santa Missa de Abertura na Igreja de S\u00e3o Sebasti\u00e3o, com o Celebrante Padre Edjamir Silva, do Santu\u00e1rio do Sagrado Cora\u00e7\u00e3o de Jesus de Campina Grande-PB.<\/span><span data-ccp-props=\"{&quot;201341983&quot;:0,&quot;335559739&quot;:160,&quot;335559740&quot;:259}\">\u00a0<\/span><span data-ccp-props=\"{&quot;201341983&quot;:0,&quot;335559739&quot;:160,&quot;335559740&quot;:259}\">\u00a0<\/span><\/p>\n<p><span data-contrast=\"auto\">Ap\u00f3s a missa, haver\u00e1 quermesse.<\/span><span data-ccp-props=\"{&quot;201341983&quot;:0,&quot;335559739&quot;:160,&quot;335559740&quot;:259}\">\u00a0<\/span><\/p>\n<ul>\n<li><a href=\"https:\/\/www.amparoligado.com\/2023\/01\/confira-programacao-religiosa-da-festa.html\" target=\"_blank\" rel=\"noopener\">Confira a programa\u00e7\u00e3o completa.<\/a><\/li>\n<\/ul>\n<p><strong>Noticias em Destaque<\/strong><\/p>\n<p style=\"text-align: right;\"><em>Fonte: Amparo Ligado\u00a0<\/em><\/p>\n","protected":false},"excerpt":{"rendered":"<p>Come\u00e7a nesta sexta-feira (13), a Programa\u00e7\u00e3o Religiosa da Festa do Padroeiro de S\u00e3o Sebasti\u00e3o na cidade de Amparo. O evento que \u00e9 organizado pela Par\u00f3quia Nossa Senhora do Ros\u00e1rio e pela comunidade S\u00e3o Sebasti\u00e3o tem in\u00edcio nessa sexta e encerramento no dia 22 de janeiro.\u00a0 A noite de abertura tem como os homenageados os Motoqueiros, Motoristas, Ciclistas e Fi\u00e9is em geral.\u00a0\u00a0 \u00c0s 18h00min haver\u00e1 a concentra\u00e7\u00e3o de ve\u00edculos pr\u00f3ximo ao a\u00e7ude do Salgadinho, \u00e0s 18h30min, haver\u00e1 a chegada da imagem de s\u00e3o Sebasti\u00e3o vinda da Comunidade do Serrote Agudo, em seguida Prociss\u00e3o e Ben\u00e7\u00e3o dos ve\u00edculos em frente \u00e0 Igreja.\u00a0\u00a0 \u00c0s 19h00min haver\u00e1 a Santa Missa de Abertura na Igreja de S\u00e3o Sebasti\u00e3o, com o Celebrante Padre Edjamir Silva, do Santu\u00e1rio do Sagrado Cora\u00e7\u00e3o de Jesus de Campina Grande-PB.\u00a0\u00a0 Ap\u00f3s a missa, haver\u00e1 quermesse.\u00a0 Confira a programa\u00e7\u00e3o completa. Noticias em Destaque Fonte: Amparo Ligado\u00a0<\/p>\n","protected":false},"author":2,"featured_media":45479,"comment_status":"closed","ping_status":"open","sticky":false,"template":"","format":"standard","meta":{"_eb_attr":"","_jetpack_memberships_contains_paid_content":false,"footnotes":""},"categories":[3],"tags":[],"class_list":["post-45478","post","type-post","status-publish","format-standard","has-post-thumbnail","hentry","category-cidades"],"yoast_head":"<!-- This site is optimized with the Yoast SEO plugin v26.5 - https:\/\/yoast.com\/wordpress\/plugins\/seo\/ -->\n<title>Programa\u00e7\u00e3o Religiosa da Festa do Padroeiro de S\u00e3o Sebasti\u00e3o em Amparo come\u00e7a nesta sexta-feira - Not&iacute;cias em Destaque<\/title>\n<meta name=\"robots\" content=\"index, follow, max-snippet:-1, max-image-preview:large, max-video-preview:-1\" \/>\n<link rel=\"canonical\" href=\"https:\/\/noticiasemdestaque.com\/cd\/?p=45478\" \/>\n<meta property=\"og:locale\" content=\"pt_BR\" \/>\n<meta property=\"og:type\" content=\"article\" \/>\n<meta property=\"og:title\" content=\"Programa\u00e7\u00e3o Religiosa da Festa do Padroeiro de S\u00e3o Sebasti\u00e3o em Amparo come\u00e7a nesta sexta-feira - Not&iacute;cias em Destaque\" \/>\n<meta property=\"og:description\" content=\"Come\u00e7a nesta sexta-feira (13), a Programa\u00e7\u00e3o Religiosa da Festa do Padroeiro de S\u00e3o Sebasti\u00e3o na cidade de Amparo. O evento que \u00e9 organizado pela Par\u00f3quia Nossa Senhora do Ros\u00e1rio e pela comunidade S\u00e3o Sebasti\u00e3o tem in\u00edcio nessa sexta e encerramento no dia 22 de janeiro.\u00a0 A noite de abertura tem como os homenageados os Motoqueiros, Motoristas, Ciclistas e Fi\u00e9is em geral.\u00a0\u00a0 \u00c0s 18h00min haver\u00e1 a concentra\u00e7\u00e3o de ve\u00edculos pr\u00f3ximo ao a\u00e7ude do Salgadinho, \u00e0s 18h30min, haver\u00e1 a chegada da imagem de s\u00e3o Sebasti\u00e3o vinda da Comunidade do Serrote Agudo, em seguida Prociss\u00e3o e Ben\u00e7\u00e3o dos ve\u00edculos em frente \u00e0 Igreja.\u00a0\u00a0 \u00c0s 19h00min haver\u00e1 a Santa Missa de Abertura na Igreja de S\u00e3o Sebasti\u00e3o, com o Celebrante Padre Edjamir Silva, do Santu\u00e1rio do Sagrado Cora\u00e7\u00e3o de Jesus de Campina Grande-PB.\u00a0\u00a0 Ap\u00f3s a missa, haver\u00e1 quermesse.\u00a0 Confira a programa\u00e7\u00e3o completa. Noticias em Destaque Fonte: Amparo Ligado\u00a0\" \/>\n<meta property=\"og:url\" content=\"https:\/\/noticiasemdestaque.com\/cd\/?p=45478\" \/>\n<meta property=\"og:site_name\" content=\"Not&iacute;cias em Destaque\" \/>\n<meta property=\"article:published_time\" content=\"2023-01-13T18:12:52+00:00\" \/>\n<meta property=\"og:image\" content=\"https:\/\/noticiasemdestaque.com\/cd\/wp-content\/uploads\/2023\/01\/amparopb.jpg\" \/>\n\t<meta property=\"og:image:width\" content=\"590\" \/>\n\t<meta property=\"og:image:height\" content=\"639\" \/>\n\t<meta property=\"og:image:type\" content=\"image\/jpeg\" \/>\n<meta name=\"author\" content=\"Not\u00edcias em Destaque\" \/>\n<meta name=\"twitter:card\" content=\"summary_large_image\" \/>\n<meta name=\"twitter:label1\" content=\"Escrito por\" \/>\n\t<meta name=\"twitter:data1\" content=\"Not\u00edcias em Destaque\" \/>\n\t<meta name=\"twitter:label2\" content=\"Est. tempo de leitura\" \/>\n\t<meta name=\"twitter:data2\" content=\"1 minuto\" \/>\n<script type=\"application\/ld+json\" class=\"yoast-schema-graph\">{\"@context\":\"https:\/\/schema.org\",\"@graph\":[{\"@type\":\"Article\",\"@id\":\"https:\/\/noticiasemdestaque.com\/cd\/?p=45478#article\",\"isPartOf\":{\"@id\":\"https:\/\/noticiasemdestaque.com\/cd\/?p=45478\"},\"author\":{\"name\":\"Not\u00edcias em Destaque\",\"@id\":\"https:\/\/noticiasemdestaque.com\/cd\/#\/schema\/person\/47f7d4f55eec17c6b2ca036c5500f6ce\"},\"headline\":\"Programa\u00e7\u00e3o Religiosa da Festa do Padroeiro de S\u00e3o Sebasti\u00e3o em Amparo come\u00e7a nesta sexta-feira\",\"datePublished\":\"2023-01-13T18:12:52+00:00\",\"mainEntityOfPage\":{\"@id\":\"https:\/\/noticiasemdestaque.com\/cd\/?p=45478\"},\"wordCount\":186,\"publisher\":{\"@id\":\"https:\/\/noticiasemdestaque.com\/cd\/#organization\"},\"image\":{\"@id\":\"https:\/\/noticiasemdestaque.com\/cd\/?p=45478#primaryimage\"},\"thumbnailUrl\":\"https:\/\/noticiasemdestaque.com\/cd\/wp-content\/uploads\/2023\/01\/amparopb.jpg\",\"articleSection\":[\"Cidades\"],\"inLanguage\":\"pt-BR\"},{\"@type\":\"WebPage\",\"@id\":\"https:\/\/noticiasemdestaque.com\/cd\/?p=45478\",\"url\":\"https:\/\/noticiasemdestaque.com\/cd\/?p=45478\",\"name\":\"Programa\u00e7\u00e3o Religiosa da Festa do Padroeiro de S\u00e3o Sebasti\u00e3o em Amparo come\u00e7a nesta sexta-feira - Not&iacute;cias em Destaque\",\"isPartOf\":{\"@id\":\"https:\/\/noticiasemdestaque.com\/cd\/#website\"},\"primaryImageOfPage\":{\"@id\":\"https:\/\/noticiasemdestaque.com\/cd\/?p=45478#primaryimage\"},\"image\":{\"@id\":\"https:\/\/noticiasemdestaque.com\/cd\/?p=45478#primaryimage\"},\"thumbnailUrl\":\"https:\/\/noticiasemdestaque.com\/cd\/wp-content\/uploads\/2023\/01\/amparopb.jpg\",\"datePublished\":\"2023-01-13T18:12:52+00:00\",\"breadcrumb\":{\"@id\":\"https:\/\/noticiasemdestaque.com\/cd\/?p=45478#breadcrumb\"},\"inLanguage\":\"pt-BR\",\"potentialAction\":[{\"@type\":\"ReadAction\",\"target\":[\"https:\/\/noticiasemdestaque.com\/cd\/?p=45478\"]}]},{\"@type\":\"ImageObject\",\"inLanguage\":\"pt-BR\",\"@id\":\"https:\/\/noticiasemdestaque.com\/cd\/?p=45478#primaryimage\",\"url\":\"https:\/\/noticiasemdestaque.com\/cd\/wp-content\/uploads\/2023\/01\/amparopb.jpg\",\"contentUrl\":\"https:\/\/noticiasemdestaque.com\/cd\/wp-content\/uploads\/2023\/01\/amparopb.jpg\",\"width\":590,\"height\":639},{\"@type\":\"BreadcrumbList\",\"@id\":\"https:\/\/noticiasemdestaque.com\/cd\/?p=45478#breadcrumb\",\"itemListElement\":[{\"@type\":\"ListItem\",\"position\":1,\"name\":\"In\u00edcio\",\"item\":\"https:\/\/noticiasemdestaque.com\/cd\/\"},{\"@type\":\"ListItem\",\"position\":2,\"name\":\"Programa\u00e7\u00e3o Religiosa da Festa do Padroeiro de S\u00e3o Sebasti\u00e3o em Amparo come\u00e7a nesta sexta-feira\"}]},{\"@type\":\"WebSite\",\"@id\":\"https:\/\/noticiasemdestaque.com\/cd\/#website\",\"url\":\"https:\/\/noticiasemdestaque.com\/cd\/\",\"name\":\"Not&iacute;cias em Destaque\",\"description\":\"\",\"publisher\":{\"@id\":\"https:\/\/noticiasemdestaque.com\/cd\/#organization\"},\"potentialAction\":[{\"@type\":\"SearchAction\",\"target\":{\"@type\":\"EntryPoint\",\"urlTemplate\":\"https:\/\/noticiasemdestaque.com\/cd\/?s={search_term_string}\"},\"query-input\":{\"@type\":\"PropertyValueSpecification\",\"valueRequired\":true,\"valueName\":\"search_term_string\"}}],\"inLanguage\":\"pt-BR\"},{\"@type\":\"Organization\",\"@id\":\"https:\/\/noticiasemdestaque.com\/cd\/#organization\",\"name\":\"Not\u00edcias em Destaque\",\"url\":\"https:\/\/noticiasemdestaque.com\/cd\/\",\"logo\":{\"@type\":\"ImageObject\",\"inLanguage\":\"pt-BR\",\"@id\":\"https:\/\/noticiasemdestaque.com\/cd\/#\/schema\/logo\/image\/\",\"url\":\"https:\/\/noticiasemdestaque.com\/cd\/wp-content\/uploads\/2022\/05\/imagem-base-noticiasemdestaque.png\",\"contentUrl\":\"https:\/\/noticiasemdestaque.com\/cd\/wp-content\/uploads\/2022\/05\/imagem-base-noticiasemdestaque.png\",\"width\":1200,\"height\":630,\"caption\":\"Not\u00edcias em Destaque\"},\"image\":{\"@id\":\"https:\/\/noticiasemdestaque.com\/cd\/#\/schema\/logo\/image\/\"}},{\"@type\":\"Person\",\"@id\":\"https:\/\/noticiasemdestaque.com\/cd\/#\/schema\/person\/47f7d4f55eec17c6b2ca036c5500f6ce\",\"name\":\"Not\u00edcias em Destaque\",\"url\":\"https:\/\/noticiasemdestaque.com\/cd\/?author=2\"}]}<\/script>\n<!-- \/ Yoast SEO plugin. -->","yoast_head_json":{"title":"Programa\u00e7\u00e3o Religiosa da Festa do Padroeiro de S\u00e3o Sebasti\u00e3o em Amparo come\u00e7a nesta sexta-feira - Not&iacute;cias em Destaque","robots":{"index":"index","follow":"follow","max-snippet":"max-snippet:-1","max-image-preview":"max-image-preview:large","max-video-preview":"max-video-preview:-1"},"canonical":"https:\/\/noticiasemdestaque.com\/cd\/?p=45478","og_locale":"pt_BR","og_type":"article","og_title":"Programa\u00e7\u00e3o Religiosa da Festa do Padroeiro de S\u00e3o Sebasti\u00e3o em Amparo come\u00e7a nesta sexta-feira - Not&iacute;cias em Destaque","og_description":"Come\u00e7a nesta sexta-feira (13), a Programa\u00e7\u00e3o Religiosa da Festa do Padroeiro de S\u00e3o Sebasti\u00e3o na cidade de Amparo. O evento que \u00e9 organizado pela Par\u00f3quia Nossa Senhora do Ros\u00e1rio e pela comunidade S\u00e3o Sebasti\u00e3o tem in\u00edcio nessa sexta e encerramento no dia 22 de janeiro.\u00a0 A noite de abertura tem como os homenageados os Motoqueiros, Motoristas, Ciclistas e Fi\u00e9is em geral.\u00a0\u00a0 \u00c0s 18h00min haver\u00e1 a concentra\u00e7\u00e3o de ve\u00edculos pr\u00f3ximo ao a\u00e7ude do Salgadinho, \u00e0s 18h30min, haver\u00e1 a chegada da imagem de s\u00e3o Sebasti\u00e3o vinda da Comunidade do Serrote Agudo, em seguida Prociss\u00e3o e Ben\u00e7\u00e3o dos ve\u00edculos em frente \u00e0 Igreja.\u00a0\u00a0 \u00c0s 19h00min haver\u00e1 a Santa Missa de Abertura na Igreja de S\u00e3o Sebasti\u00e3o, com o Celebrante Padre Edjamir Silva, do Santu\u00e1rio do Sagrado Cora\u00e7\u00e3o de Jesus de Campina Grande-PB.\u00a0\u00a0 Ap\u00f3s a missa, haver\u00e1 quermesse.\u00a0 Confira a programa\u00e7\u00e3o completa. Noticias em Destaque Fonte: Amparo Ligado\u00a0","og_url":"https:\/\/noticiasemdestaque.com\/cd\/?p=45478","og_site_name":"Not&iacute;cias em Destaque","article_published_time":"2023-01-13T18:12:52+00:00","og_image":[{"width":590,"height":639,"url":"https:\/\/noticiasemdestaque.com\/cd\/wp-content\/uploads\/2023\/01\/amparopb.jpg","type":"image\/jpeg"}],"author":"Not\u00edcias em Destaque","twitter_card":"summary_large_image","twitter_misc":{"Escrito por":"Not\u00edcias em Destaque","Est. tempo de leitura":"1 minuto"},"schema":{"@context":"https:\/\/schema.org","@graph":[{"@type":"Article","@id":"https:\/\/noticiasemdestaque.com\/cd\/?p=45478#article","isPartOf":{"@id":"https:\/\/noticiasemdestaque.com\/cd\/?p=45478"},"author":{"name":"Not\u00edcias em Destaque","@id":"https:\/\/noticiasemdestaque.com\/cd\/#\/schema\/person\/47f7d4f55eec17c6b2ca036c5500f6ce"},"headline":"Programa\u00e7\u00e3o Religiosa da Festa do Padroeiro de S\u00e3o Sebasti\u00e3o em Amparo come\u00e7a nesta sexta-feira","datePublished":"2023-01-13T18:12:52+00:00","mainEntityOfPage":{"@id":"https:\/\/noticiasemdestaque.com\/cd\/?p=45478"},"wordCount":186,"publisher":{"@id":"https:\/\/noticiasemdestaque.com\/cd\/#organization"},"image":{"@id":"https:\/\/noticiasemdestaque.com\/cd\/?p=45478#primaryimage"},"thumbnailUrl":"https:\/\/noticiasemdestaque.com\/cd\/wp-content\/uploads\/2023\/01\/amparopb.jpg","articleSection":["Cidades"],"inLanguage":"pt-BR"},{"@type":"WebPage","@id":"https:\/\/noticiasemdestaque.com\/cd\/?p=45478","url":"https:\/\/noticiasemdestaque.com\/cd\/?p=45478","name":"Programa\u00e7\u00e3o Religiosa da Festa do Padroeiro de S\u00e3o Sebasti\u00e3o em Amparo come\u00e7a nesta sexta-feira - Not&iacute;cias em Destaque","isPartOf":{"@id":"https:\/\/noticiasemdestaque.com\/cd\/#website"},"primaryImageOfPage":{"@id":"https:\/\/noticiasemdestaque.com\/cd\/?p=45478#primaryimage"},"image":{"@id":"https:\/\/noticiasemdestaque.com\/cd\/?p=45478#primaryimage"},"thumbnailUrl":"https:\/\/noticiasemdestaque.com\/cd\/wp-content\/uploads\/2023\/01\/amparopb.jpg","datePublished":"2023-01-13T18:12:52+00:00","breadcrumb":{"@id":"https:\/\/noticiasemdestaque.com\/cd\/?p=45478#breadcrumb"},"inLanguage":"pt-BR","potentialAction":[{"@type":"ReadAction","target":["https:\/\/noticiasemdestaque.com\/cd\/?p=45478"]}]},{"@type":"ImageObject","inLanguage":"pt-BR","@id":"https:\/\/noticiasemdestaque.com\/cd\/?p=45478#primaryimage","url":"https:\/\/noticiasemdestaque.com\/cd\/wp-content\/uploads\/2023\/01\/amparopb.jpg","contentUrl":"https:\/\/noticiasemdestaque.com\/cd\/wp-content\/uploads\/2023\/01\/amparopb.jpg","width":590,"height":639},{"@type":"BreadcrumbList","@id":"https:\/\/noticiasemdestaque.com\/cd\/?p=45478#breadcrumb","itemListElement":[{"@type":"ListItem","position":1,"name":"In\u00edcio","item":"https:\/\/noticiasemdestaque.com\/cd\/"},{"@type":"ListItem","position":2,"name":"Programa\u00e7\u00e3o Religiosa da Festa do Padroeiro de S\u00e3o Sebasti\u00e3o em Amparo come\u00e7a nesta sexta-feira"}]},{"@type":"WebSite","@id":"https:\/\/noticiasemdestaque.com\/cd\/#website","url":"https:\/\/noticiasemdestaque.com\/cd\/","name":"Not&iacute;cias em Destaque","description":"","publisher":{"@id":"https:\/\/noticiasemdestaque.com\/cd\/#organization"},"potentialAction":[{"@type":"SearchAction","target":{"@type":"EntryPoint","urlTemplate":"https:\/\/noticiasemdestaque.com\/cd\/?s={search_term_string}"},"query-input":{"@type":"PropertyValueSpecification","valueRequired":true,"valueName":"search_term_string"}}],"inLanguage":"pt-BR"},{"@type":"Organization","@id":"https:\/\/noticiasemdestaque.com\/cd\/#organization","name":"Not\u00edcias em Destaque","url":"https:\/\/noticiasemdestaque.com\/cd\/","logo":{"@type":"ImageObject","inLanguage":"pt-BR","@id":"https:\/\/noticiasemdestaque.com\/cd\/#\/schema\/logo\/image\/","url":"https:\/\/noticiasemdestaque.com\/cd\/wp-content\/uploads\/2022\/05\/imagem-base-noticiasemdestaque.png","contentUrl":"https:\/\/noticiasemdestaque.com\/cd\/wp-content\/uploads\/2022\/05\/imagem-base-noticiasemdestaque.png","width":1200,"height":630,"caption":"Not\u00edcias em Destaque"},"image":{"@id":"https:\/\/noticiasemdestaque.com\/cd\/#\/schema\/logo\/image\/"}},{"@type":"Person","@id":"https:\/\/noticiasemdestaque.com\/cd\/#\/schema\/person\/47f7d4f55eec17c6b2ca036c5500f6ce","name":"Not\u00edcias em Destaque","url":"https:\/\/noticiasemdestaque.com\/cd\/?author=2"}]}},"jetpack_featured_media_url":"https:\/\/noticiasemdestaque.com\/cd\/wp-content\/uploads\/2023\/01\/amparopb.jpg","jetpack_sharing_enabled":true,"_links":{"self":[{"href":"https:\/\/noticiasemdestaque.com\/cd\/index.php?rest_route=\/wp\/v2\/posts\/45478","targetHints":{"allow":["GET"]}}],"collection":[{"href":"https:\/\/noticiasemdestaque.com\/cd\/index.php?rest_route=\/wp\/v2\/posts"}],"about":[{"href":"https:\/\/noticiasemdestaque.com\/cd\/index.php?rest_route=\/wp\/v2\/types\/post"}],"author":[{"embeddable":true,"href":"https:\/\/noticiasemdestaque.com\/cd\/index.php?rest_route=\/wp\/v2\/users\/2"}],"replies":[{"embeddable":true,"href":"https:\/\/noticiasemdestaque.com\/cd\/index.php?rest_route=%2Fwp%2Fv2%2Fcomments&post=45478"}],"version-history":[{"count":1,"href":"https:\/\/noticiasemdestaque.com\/cd\/index.php?rest_route=\/wp\/v2\/posts\/45478\/revisions"}],"predecessor-version":[{"id":45480,"href":"https:\/\/noticiasemdestaque.com\/cd\/index.php?rest_route=\/wp\/v2\/posts\/45478\/revisions\/45480"}],"wp:featuredmedia":[{"embeddable":true,"href":"https:\/\/noticiasemdestaque.com\/cd\/index.php?rest_route=\/wp\/v2\/media\/45479"}],"wp:attachment":[{"href":"https:\/\/noticiasemdestaque.com\/cd\/index.php?rest_route=%2Fwp%2Fv2%2Fmedia&parent=45478"}],"wp:term":[{"taxonomy":"category","embeddable":true,"href":"https:\/\/noticiasemdestaque.com\/cd\/index.php?rest_route=%2Fwp%2Fv2%2Fcategories&post=45478"},{"taxonomy":"post_tag","embeddable":true,"href":"https:\/\/noticiasemdestaque.com\/cd\/index.php?rest_route=%2Fwp%2Fv2%2Ftags&post=45478"}],"curies":[{"name":"wp","href":"https:\/\/api.w.org\/{rel}","templated":true}]}}