{"id":4547,"date":"2017-09-22T07:43:58","date_gmt":"2017-09-22T10:43:58","guid":{"rendered":"http:\/\/caririemdestaque.com\/cd\/?p=4547"},"modified":"2017-09-22T07:43:58","modified_gmt":"2017-09-22T10:43:58","slug":"paraiba-conquista-vaga-para-disputar-duas-finais-nos-jogos-escolares-da-juventude-2017","status":"publish","type":"post","link":"https:\/\/noticiasemdestaque.com\/cd\/?p=4547","title":{"rendered":"Para\u00edba conquista vaga para disputar duas finais nos Jogos Escolares da Juventude 2017"},"content":{"rendered":"<p><a href=\"http:\/\/caririemdestaque.com\/cd\/wp-content\/uploads\/2017\/09\/recuperaimagemrecortada-ashx_.jpeg\"><img fetchpriority=\"high\" decoding=\"async\" class=\"wp-image-4548 size-medium alignleft\" src=\"http:\/\/caririemdestaque.com\/cd\/wp-content\/uploads\/2017\/09\/recuperaimagemrecortada-ashx_-300x168.jpeg\" alt=\"\" width=\"300\" height=\"168\" srcset=\"https:\/\/noticiasemdestaque.com\/cd\/wp-content\/uploads\/2017\/09\/recuperaimagemrecortada-ashx_-300x168.jpeg 300w, https:\/\/noticiasemdestaque.com\/cd\/wp-content\/uploads\/2017\/09\/recuperaimagemrecortada-ashx_.jpeg 750w\" sizes=\"(max-width: 300px) 100vw, 300px\" \/><\/a>A Para\u00edba garantiu, nesta quarta-feira (20), a presen\u00e7a na final de duas modalidades nos Jogos Escolares da Juventude 2017 categoria 12 a 14 anos. Primeiro foi com a Lourdinas, que no basquete feminino derrotou o Par\u00e1 por 35 a 27 e ainda o handebol masculino do Motiva, que num jogo emocionante venceu por 20 a 19 o representante do Tocantins. J\u00e1 o Col\u00e9gio IE, no v\u00f4lei feminino, disputar\u00e1 o bronze.<\/p>\n<p>Na etapa das modalidades individuais, os paraibanos conquistaram sete medalhas e agora j\u00e1 garantiram duas, uma vez que equipes finalistas j\u00e1 t\u00eam lugar garantido no p\u00f3dio. \u201cNo m\u00ednimo j\u00e1 s\u00e3o nove conquistadas depois dessas semifinais no basquete feminino e no handebol masculino. Ainda podemos chegar a 10, caso no v\u00f4lei feminino conquiste o bronze\u201d, disse o chefe da delega\u00e7\u00e3o da Para\u00edba, Jos\u00e9 Hugo.<\/p>\n<p>\u201cVamos ficar na torcida para que os que estar\u00e3o nas finais consigam a medalha de ouro, mas todos est\u00e3o de parab\u00e9ns por ter nos representado e deram o m\u00e1ximo de si, seja em modalidades individuais ou coletivas. O que importa \u00e9 que toda a delega\u00e7\u00e3o se esfor\u00e7ou ao m\u00e1ximo no intuito de elevar o nome da Para\u00edba, no Paran\u00e1\u201d, disse o secret\u00e1rio Bruno Roberto, da Juventude, Esporte e Lazer (Sejel).<\/p>\n<p>As finais acontecem nesta quinta-feira (21) e os Jogos Escolares da Juventude s\u00e3o organizados pelo Comit\u00ea Ol\u00edmpico do Brasil (COB).<\/p>\n<p>Fonte: Secom PB<\/p>\n","protected":false},"excerpt":{"rendered":"<p>A Para\u00edba garantiu, nesta quarta-feira (20), a presen\u00e7a na final de duas modalidades nos Jogos Escolares da Juventude 2017 categoria 12 a 14 anos. Primeiro foi com a Lourdinas, que no basquete feminino derrotou o Par\u00e1 por 35 a 27 e ainda o handebol masculino do Motiva, que num jogo emocionante venceu por 20 a 19 o representante do Tocantins. J\u00e1 o Col\u00e9gio IE, no v\u00f4lei feminino, disputar\u00e1 o bronze. Na etapa das modalidades individuais, os paraibanos conquistaram sete medalhas e agora j\u00e1 garantiram duas, uma vez que equipes finalistas j\u00e1 t\u00eam lugar garantido no p\u00f3dio. \u201cNo m\u00ednimo j\u00e1 s\u00e3o nove conquistadas depois dessas semifinais no basquete feminino e no handebol masculino. Ainda podemos chegar a 10, caso no v\u00f4lei feminino conquiste o bronze\u201d, disse o chefe da delega\u00e7\u00e3o da Para\u00edba, Jos\u00e9 Hugo. \u201cVamos ficar na torcida para que os que estar\u00e3o nas finais consigam a medalha de ouro, mas todos est\u00e3o de parab\u00e9ns por ter nos representado e deram o m\u00e1ximo de si, seja em modalidades individuais ou coletivas. O que importa \u00e9 que toda a delega\u00e7\u00e3o se esfor\u00e7ou ao m\u00e1ximo no intuito de elevar o nome da Para\u00edba, no Paran\u00e1\u201d, disse o secret\u00e1rio Bruno Roberto, da Juventude, Esporte e Lazer (Sejel). As finais acontecem nesta quinta-feira (21) e os Jogos Escolares da Juventude s\u00e3o organizados pelo Comit\u00ea Ol\u00edmpico do Brasil (COB). Fonte: Secom PB<\/p>\n","protected":false},"author":2,"featured_media":4548,"comment_status":"closed","ping_status":"open","sticky":false,"template":"","format":"standard","meta":{"_eb_attr":"","_jetpack_memberships_contains_paid_content":false,"footnotes":""},"categories":[6],"tags":[],"class_list":["post-4547","post","type-post","status-publish","format-standard","has-post-thumbnail","hentry","category-educacao"],"yoast_head":"<!-- This site is optimized with the Yoast SEO plugin v26.5 - https:\/\/yoast.com\/wordpress\/plugins\/seo\/ -->\n<title>Para\u00edba conquista vaga para disputar duas finais nos Jogos Escolares da Juventude 2017 - Not&iacute;cias em Destaque<\/title>\n<meta name=\"robots\" content=\"index, follow, max-snippet:-1, max-image-preview:large, max-video-preview:-1\" \/>\n<link rel=\"canonical\" href=\"https:\/\/noticiasemdestaque.com\/cd\/?p=4547\" \/>\n<meta property=\"og:locale\" content=\"pt_BR\" \/>\n<meta property=\"og:type\" content=\"article\" \/>\n<meta property=\"og:title\" content=\"Para\u00edba conquista vaga para disputar duas finais nos Jogos Escolares da Juventude 2017 - Not&iacute;cias em Destaque\" \/>\n<meta property=\"og:description\" content=\"A Para\u00edba garantiu, nesta quarta-feira (20), a presen\u00e7a na final de duas modalidades nos Jogos Escolares da Juventude 2017 categoria 12 a 14 anos. Primeiro foi com a Lourdinas, que no basquete feminino derrotou o Par\u00e1 por 35 a 27 e ainda o handebol masculino do Motiva, que num jogo emocionante venceu por 20 a 19 o representante do Tocantins. J\u00e1 o Col\u00e9gio IE, no v\u00f4lei feminino, disputar\u00e1 o bronze. Na etapa das modalidades individuais, os paraibanos conquistaram sete medalhas e agora j\u00e1 garantiram duas, uma vez que equipes finalistas j\u00e1 t\u00eam lugar garantido no p\u00f3dio. \u201cNo m\u00ednimo j\u00e1 s\u00e3o nove conquistadas depois dessas semifinais no basquete feminino e no handebol masculino. Ainda podemos chegar a 10, caso no v\u00f4lei feminino conquiste o bronze\u201d, disse o chefe da delega\u00e7\u00e3o da Para\u00edba, Jos\u00e9 Hugo. \u201cVamos ficar na torcida para que os que estar\u00e3o nas finais consigam a medalha de ouro, mas todos est\u00e3o de parab\u00e9ns por ter nos representado e deram o m\u00e1ximo de si, seja em modalidades individuais ou coletivas. O que importa \u00e9 que toda a delega\u00e7\u00e3o se esfor\u00e7ou ao m\u00e1ximo no intuito de elevar o nome da Para\u00edba, no Paran\u00e1\u201d, disse o secret\u00e1rio Bruno Roberto, da Juventude, Esporte e Lazer (Sejel). As finais acontecem nesta quinta-feira (21) e os Jogos Escolares da Juventude s\u00e3o organizados pelo Comit\u00ea Ol\u00edmpico do Brasil (COB). Fonte: Secom PB\" \/>\n<meta property=\"og:url\" content=\"https:\/\/noticiasemdestaque.com\/cd\/?p=4547\" \/>\n<meta property=\"og:site_name\" content=\"Not&iacute;cias em Destaque\" \/>\n<meta property=\"article:published_time\" content=\"2017-09-22T10:43:58+00:00\" \/>\n<meta property=\"og:image\" content=\"https:\/\/noticiasemdestaque.com\/cd\/wp-content\/uploads\/2017\/09\/recuperaimagemrecortada-ashx_.jpeg\" \/>\n\t<meta property=\"og:image:width\" content=\"750\" \/>\n\t<meta property=\"og:image:height\" content=\"420\" \/>\n\t<meta property=\"og:image:type\" content=\"image\/jpeg\" \/>\n<meta name=\"author\" content=\"Not\u00edcias em Destaque\" \/>\n<meta name=\"twitter:card\" content=\"summary_large_image\" \/>\n<meta name=\"twitter:label1\" content=\"Escrito por\" \/>\n\t<meta name=\"twitter:data1\" content=\"Not\u00edcias em Destaque\" \/>\n\t<meta name=\"twitter:label2\" content=\"Est. tempo de leitura\" \/>\n\t<meta name=\"twitter:data2\" content=\"1 minuto\" \/>\n<script type=\"application\/ld+json\" class=\"yoast-schema-graph\">{\"@context\":\"https:\/\/schema.org\",\"@graph\":[{\"@type\":\"Article\",\"@id\":\"https:\/\/noticiasemdestaque.com\/cd\/?p=4547#article\",\"isPartOf\":{\"@id\":\"https:\/\/noticiasemdestaque.com\/cd\/?p=4547\"},\"author\":{\"name\":\"Not\u00edcias em Destaque\",\"@id\":\"https:\/\/noticiasemdestaque.com\/cd\/#\/schema\/person\/21320b03a7e8bb90128938dafc9b908a\"},\"headline\":\"Para\u00edba conquista vaga para disputar duas finais nos Jogos Escolares da Juventude 2017\",\"datePublished\":\"2017-09-22T10:43:58+00:00\",\"mainEntityOfPage\":{\"@id\":\"https:\/\/noticiasemdestaque.com\/cd\/?p=4547\"},\"wordCount\":250,\"publisher\":{\"@id\":\"https:\/\/noticiasemdestaque.com\/cd\/#organization\"},\"image\":{\"@id\":\"https:\/\/noticiasemdestaque.com\/cd\/?p=4547#primaryimage\"},\"thumbnailUrl\":\"https:\/\/noticiasemdestaque.com\/cd\/wp-content\/uploads\/2017\/09\/recuperaimagemrecortada-ashx_.jpeg\",\"articleSection\":[\"Educa\u00e7\u00e3o\"],\"inLanguage\":\"pt-BR\"},{\"@type\":\"WebPage\",\"@id\":\"https:\/\/noticiasemdestaque.com\/cd\/?p=4547\",\"url\":\"https:\/\/noticiasemdestaque.com\/cd\/?p=4547\",\"name\":\"Para\u00edba conquista vaga para disputar duas finais nos Jogos Escolares da Juventude 2017 - Not&iacute;cias em Destaque\",\"isPartOf\":{\"@id\":\"https:\/\/noticiasemdestaque.com\/cd\/#website\"},\"primaryImageOfPage\":{\"@id\":\"https:\/\/noticiasemdestaque.com\/cd\/?p=4547#primaryimage\"},\"image\":{\"@id\":\"https:\/\/noticiasemdestaque.com\/cd\/?p=4547#primaryimage\"},\"thumbnailUrl\":\"https:\/\/noticiasemdestaque.com\/cd\/wp-content\/uploads\/2017\/09\/recuperaimagemrecortada-ashx_.jpeg\",\"datePublished\":\"2017-09-22T10:43:58+00:00\",\"breadcrumb\":{\"@id\":\"https:\/\/noticiasemdestaque.com\/cd\/?p=4547#breadcrumb\"},\"inLanguage\":\"pt-BR\",\"potentialAction\":[{\"@type\":\"ReadAction\",\"target\":[\"https:\/\/noticiasemdestaque.com\/cd\/?p=4547\"]}]},{\"@type\":\"ImageObject\",\"inLanguage\":\"pt-BR\",\"@id\":\"https:\/\/noticiasemdestaque.com\/cd\/?p=4547#primaryimage\",\"url\":\"https:\/\/noticiasemdestaque.com\/cd\/wp-content\/uploads\/2017\/09\/recuperaimagemrecortada-ashx_.jpeg\",\"contentUrl\":\"https:\/\/noticiasemdestaque.com\/cd\/wp-content\/uploads\/2017\/09\/recuperaimagemrecortada-ashx_.jpeg\",\"width\":750,\"height\":420},{\"@type\":\"BreadcrumbList\",\"@id\":\"https:\/\/noticiasemdestaque.com\/cd\/?p=4547#breadcrumb\",\"itemListElement\":[{\"@type\":\"ListItem\",\"position\":1,\"name\":\"In\u00edcio\",\"item\":\"https:\/\/noticiasemdestaque.com\/cd\/\"},{\"@type\":\"ListItem\",\"position\":2,\"name\":\"Para\u00edba conquista vaga para disputar duas finais nos Jogos Escolares da Juventude 2017\"}]},{\"@type\":\"WebSite\",\"@id\":\"https:\/\/noticiasemdestaque.com\/cd\/#website\",\"url\":\"https:\/\/noticiasemdestaque.com\/cd\/\",\"name\":\"Not&iacute;cias em Destaque\",\"description\":\"\",\"publisher\":{\"@id\":\"https:\/\/noticiasemdestaque.com\/cd\/#organization\"},\"potentialAction\":[{\"@type\":\"SearchAction\",\"target\":{\"@type\":\"EntryPoint\",\"urlTemplate\":\"https:\/\/noticiasemdestaque.com\/cd\/?s={search_term_string}\"},\"query-input\":{\"@type\":\"PropertyValueSpecification\",\"valueRequired\":true,\"valueName\":\"search_term_string\"}}],\"inLanguage\":\"pt-BR\"},{\"@type\":\"Organization\",\"@id\":\"https:\/\/noticiasemdestaque.com\/cd\/#organization\",\"name\":\"Not\u00edcias em Destaque\",\"url\":\"https:\/\/noticiasemdestaque.com\/cd\/\",\"logo\":{\"@type\":\"ImageObject\",\"inLanguage\":\"pt-BR\",\"@id\":\"https:\/\/noticiasemdestaque.com\/cd\/#\/schema\/logo\/image\/\",\"url\":\"https:\/\/noticiasemdestaque.com\/cd\/wp-content\/uploads\/2022\/05\/imagem-base-noticiasemdestaque.png\",\"contentUrl\":\"https:\/\/noticiasemdestaque.com\/cd\/wp-content\/uploads\/2022\/05\/imagem-base-noticiasemdestaque.png\",\"width\":1200,\"height\":630,\"caption\":\"Not\u00edcias em Destaque\"},\"image\":{\"@id\":\"https:\/\/noticiasemdestaque.com\/cd\/#\/schema\/logo\/image\/\"}},{\"@type\":\"Person\",\"@id\":\"https:\/\/noticiasemdestaque.com\/cd\/#\/schema\/person\/21320b03a7e8bb90128938dafc9b908a\",\"name\":\"Not\u00edcias em Destaque\",\"url\":\"https:\/\/noticiasemdestaque.com\/cd\/?author=2\"}]}<\/script>\n<!-- \/ Yoast SEO plugin. -->","yoast_head_json":{"title":"Para\u00edba conquista vaga para disputar duas finais nos Jogos Escolares da Juventude 2017 - Not&iacute;cias em Destaque","robots":{"index":"index","follow":"follow","max-snippet":"max-snippet:-1","max-image-preview":"max-image-preview:large","max-video-preview":"max-video-preview:-1"},"canonical":"https:\/\/noticiasemdestaque.com\/cd\/?p=4547","og_locale":"pt_BR","og_type":"article","og_title":"Para\u00edba conquista vaga para disputar duas finais nos Jogos Escolares da Juventude 2017 - Not&iacute;cias em Destaque","og_description":"A Para\u00edba garantiu, nesta quarta-feira (20), a presen\u00e7a na final de duas modalidades nos Jogos Escolares da Juventude 2017 categoria 12 a 14 anos. Primeiro foi com a Lourdinas, que no basquete feminino derrotou o Par\u00e1 por 35 a 27 e ainda o handebol masculino do Motiva, que num jogo emocionante venceu por 20 a 19 o representante do Tocantins. J\u00e1 o Col\u00e9gio IE, no v\u00f4lei feminino, disputar\u00e1 o bronze. Na etapa das modalidades individuais, os paraibanos conquistaram sete medalhas e agora j\u00e1 garantiram duas, uma vez que equipes finalistas j\u00e1 t\u00eam lugar garantido no p\u00f3dio. \u201cNo m\u00ednimo j\u00e1 s\u00e3o nove conquistadas depois dessas semifinais no basquete feminino e no handebol masculino. Ainda podemos chegar a 10, caso no v\u00f4lei feminino conquiste o bronze\u201d, disse o chefe da delega\u00e7\u00e3o da Para\u00edba, Jos\u00e9 Hugo. \u201cVamos ficar na torcida para que os que estar\u00e3o nas finais consigam a medalha de ouro, mas todos est\u00e3o de parab\u00e9ns por ter nos representado e deram o m\u00e1ximo de si, seja em modalidades individuais ou coletivas. O que importa \u00e9 que toda a delega\u00e7\u00e3o se esfor\u00e7ou ao m\u00e1ximo no intuito de elevar o nome da Para\u00edba, no Paran\u00e1\u201d, disse o secret\u00e1rio Bruno Roberto, da Juventude, Esporte e Lazer (Sejel). As finais acontecem nesta quinta-feira (21) e os Jogos Escolares da Juventude s\u00e3o organizados pelo Comit\u00ea Ol\u00edmpico do Brasil (COB). Fonte: Secom PB","og_url":"https:\/\/noticiasemdestaque.com\/cd\/?p=4547","og_site_name":"Not&iacute;cias em Destaque","article_published_time":"2017-09-22T10:43:58+00:00","og_image":[{"width":750,"height":420,"url":"https:\/\/noticiasemdestaque.com\/cd\/wp-content\/uploads\/2017\/09\/recuperaimagemrecortada-ashx_.jpeg","type":"image\/jpeg"}],"author":"Not\u00edcias em Destaque","twitter_card":"summary_large_image","twitter_misc":{"Escrito por":"Not\u00edcias em Destaque","Est. tempo de leitura":"1 minuto"},"schema":{"@context":"https:\/\/schema.org","@graph":[{"@type":"Article","@id":"https:\/\/noticiasemdestaque.com\/cd\/?p=4547#article","isPartOf":{"@id":"https:\/\/noticiasemdestaque.com\/cd\/?p=4547"},"author":{"name":"Not\u00edcias em Destaque","@id":"https:\/\/noticiasemdestaque.com\/cd\/#\/schema\/person\/21320b03a7e8bb90128938dafc9b908a"},"headline":"Para\u00edba conquista vaga para disputar duas finais nos Jogos Escolares da Juventude 2017","datePublished":"2017-09-22T10:43:58+00:00","mainEntityOfPage":{"@id":"https:\/\/noticiasemdestaque.com\/cd\/?p=4547"},"wordCount":250,"publisher":{"@id":"https:\/\/noticiasemdestaque.com\/cd\/#organization"},"image":{"@id":"https:\/\/noticiasemdestaque.com\/cd\/?p=4547#primaryimage"},"thumbnailUrl":"https:\/\/noticiasemdestaque.com\/cd\/wp-content\/uploads\/2017\/09\/recuperaimagemrecortada-ashx_.jpeg","articleSection":["Educa\u00e7\u00e3o"],"inLanguage":"pt-BR"},{"@type":"WebPage","@id":"https:\/\/noticiasemdestaque.com\/cd\/?p=4547","url":"https:\/\/noticiasemdestaque.com\/cd\/?p=4547","name":"Para\u00edba conquista vaga para disputar duas finais nos Jogos Escolares da Juventude 2017 - Not&iacute;cias em Destaque","isPartOf":{"@id":"https:\/\/noticiasemdestaque.com\/cd\/#website"},"primaryImageOfPage":{"@id":"https:\/\/noticiasemdestaque.com\/cd\/?p=4547#primaryimage"},"image":{"@id":"https:\/\/noticiasemdestaque.com\/cd\/?p=4547#primaryimage"},"thumbnailUrl":"https:\/\/noticiasemdestaque.com\/cd\/wp-content\/uploads\/2017\/09\/recuperaimagemrecortada-ashx_.jpeg","datePublished":"2017-09-22T10:43:58+00:00","breadcrumb":{"@id":"https:\/\/noticiasemdestaque.com\/cd\/?p=4547#breadcrumb"},"inLanguage":"pt-BR","potentialAction":[{"@type":"ReadAction","target":["https:\/\/noticiasemdestaque.com\/cd\/?p=4547"]}]},{"@type":"ImageObject","inLanguage":"pt-BR","@id":"https:\/\/noticiasemdestaque.com\/cd\/?p=4547#primaryimage","url":"https:\/\/noticiasemdestaque.com\/cd\/wp-content\/uploads\/2017\/09\/recuperaimagemrecortada-ashx_.jpeg","contentUrl":"https:\/\/noticiasemdestaque.com\/cd\/wp-content\/uploads\/2017\/09\/recuperaimagemrecortada-ashx_.jpeg","width":750,"height":420},{"@type":"BreadcrumbList","@id":"https:\/\/noticiasemdestaque.com\/cd\/?p=4547#breadcrumb","itemListElement":[{"@type":"ListItem","position":1,"name":"In\u00edcio","item":"https:\/\/noticiasemdestaque.com\/cd\/"},{"@type":"ListItem","position":2,"name":"Para\u00edba conquista vaga para disputar duas finais nos Jogos Escolares da Juventude 2017"}]},{"@type":"WebSite","@id":"https:\/\/noticiasemdestaque.com\/cd\/#website","url":"https:\/\/noticiasemdestaque.com\/cd\/","name":"Not&iacute;cias em Destaque","description":"","publisher":{"@id":"https:\/\/noticiasemdestaque.com\/cd\/#organization"},"potentialAction":[{"@type":"SearchAction","target":{"@type":"EntryPoint","urlTemplate":"https:\/\/noticiasemdestaque.com\/cd\/?s={search_term_string}"},"query-input":{"@type":"PropertyValueSpecification","valueRequired":true,"valueName":"search_term_string"}}],"inLanguage":"pt-BR"},{"@type":"Organization","@id":"https:\/\/noticiasemdestaque.com\/cd\/#organization","name":"Not\u00edcias em Destaque","url":"https:\/\/noticiasemdestaque.com\/cd\/","logo":{"@type":"ImageObject","inLanguage":"pt-BR","@id":"https:\/\/noticiasemdestaque.com\/cd\/#\/schema\/logo\/image\/","url":"https:\/\/noticiasemdestaque.com\/cd\/wp-content\/uploads\/2022\/05\/imagem-base-noticiasemdestaque.png","contentUrl":"https:\/\/noticiasemdestaque.com\/cd\/wp-content\/uploads\/2022\/05\/imagem-base-noticiasemdestaque.png","width":1200,"height":630,"caption":"Not\u00edcias em Destaque"},"image":{"@id":"https:\/\/noticiasemdestaque.com\/cd\/#\/schema\/logo\/image\/"}},{"@type":"Person","@id":"https:\/\/noticiasemdestaque.com\/cd\/#\/schema\/person\/21320b03a7e8bb90128938dafc9b908a","name":"Not\u00edcias em Destaque","url":"https:\/\/noticiasemdestaque.com\/cd\/?author=2"}]}},"jetpack_featured_media_url":"https:\/\/noticiasemdestaque.com\/cd\/wp-content\/uploads\/2017\/09\/recuperaimagemrecortada-ashx_.jpeg","jetpack_sharing_enabled":true,"_links":{"self":[{"href":"https:\/\/noticiasemdestaque.com\/cd\/index.php?rest_route=\/wp\/v2\/posts\/4547","targetHints":{"allow":["GET"]}}],"collection":[{"href":"https:\/\/noticiasemdestaque.com\/cd\/index.php?rest_route=\/wp\/v2\/posts"}],"about":[{"href":"https:\/\/noticiasemdestaque.com\/cd\/index.php?rest_route=\/wp\/v2\/types\/post"}],"author":[{"embeddable":true,"href":"https:\/\/noticiasemdestaque.com\/cd\/index.php?rest_route=\/wp\/v2\/users\/2"}],"replies":[{"embeddable":true,"href":"https:\/\/noticiasemdestaque.com\/cd\/index.php?rest_route=%2Fwp%2Fv2%2Fcomments&post=4547"}],"version-history":[{"count":1,"href":"https:\/\/noticiasemdestaque.com\/cd\/index.php?rest_route=\/wp\/v2\/posts\/4547\/revisions"}],"predecessor-version":[{"id":4549,"href":"https:\/\/noticiasemdestaque.com\/cd\/index.php?rest_route=\/wp\/v2\/posts\/4547\/revisions\/4549"}],"wp:featuredmedia":[{"embeddable":true,"href":"https:\/\/noticiasemdestaque.com\/cd\/index.php?rest_route=\/wp\/v2\/media\/4548"}],"wp:attachment":[{"href":"https:\/\/noticiasemdestaque.com\/cd\/index.php?rest_route=%2Fwp%2Fv2%2Fmedia&parent=4547"}],"wp:term":[{"taxonomy":"category","embeddable":true,"href":"https:\/\/noticiasemdestaque.com\/cd\/index.php?rest_route=%2Fwp%2Fv2%2Fcategories&post=4547"},{"taxonomy":"post_tag","embeddable":true,"href":"https:\/\/noticiasemdestaque.com\/cd\/index.php?rest_route=%2Fwp%2Fv2%2Ftags&post=4547"}],"curies":[{"name":"wp","href":"https:\/\/api.w.org\/{rel}","templated":true}]}}