{"id":45377,"date":"2023-01-10T21:29:32","date_gmt":"2023-01-11T00:29:32","guid":{"rendered":"https:\/\/noticiasemdestaque.com\/cd\/?p=45377"},"modified":"2023-01-10T21:29:32","modified_gmt":"2023-01-11T00:29:32","slug":"prefeito-de-sume-assina-termo-de-adesao-ao-garantia-safra-2022-2023","status":"publish","type":"post","link":"https:\/\/noticiasemdestaque.com\/cd\/?p=45377","title":{"rendered":"Prefeito de Sum\u00e9 assina Termo de Ades\u00e3o ao Garantia Safra 2022\/2023"},"content":{"rendered":"<p><a href=\"https:\/\/noticiasemdestaque.com\/cd\/wp-content\/uploads\/2023\/01\/EDEN-1.jpg\"><img fetchpriority=\"high\" decoding=\"async\" class=\"size-medium wp-image-45378 aligncenter\" src=\"https:\/\/noticiasemdestaque.com\/cd\/wp-content\/uploads\/2023\/01\/EDEN-1-300x225.jpg\" alt=\"\" width=\"300\" height=\"225\" srcset=\"https:\/\/noticiasemdestaque.com\/cd\/wp-content\/uploads\/2023\/01\/EDEN-1-300x225.jpg 300w, https:\/\/noticiasemdestaque.com\/cd\/wp-content\/uploads\/2023\/01\/EDEN-1-768x575.jpg 768w, https:\/\/noticiasemdestaque.com\/cd\/wp-content\/uploads\/2023\/01\/EDEN-1-16x12.jpg 16w, https:\/\/noticiasemdestaque.com\/cd\/wp-content\/uploads\/2023\/01\/EDEN-1.jpg 963w\" sizes=\"(max-width: 300px) 100vw, 300px\" \/><\/a><\/p>\n<p>O munic\u00edpio de Sum\u00e9, por meio da EMPAER, j\u00e1 est\u00e1 na fase de conclus\u00e3o das inscri\u00e7\u00f5es dos agricultores e agricultoras familiares que se enquadram no programa Garantia Safra. Recentemente o Coordenador Estadual do Programa, Abra\u00e3o Clementino, esteve em Sum\u00e9 para assinatura do Prefeito \u00c9den Duarte e demais prefeitos da regi\u00e3o.<\/p>\n<p>A novidade para este ano \u00e9 que houve uma altera\u00e7\u00e3o de 41% nos valores, tanto dos aportes para aderir ao programa, quanto no valor para os beneficiados. Os valores agora s\u00e3o os seguintes:<\/p>\n<ul>\n<li>Ades\u00e3o do munic\u00edpio por cada agricultor ou agricultora, R$ 71,00. Antes era de R$ 51,00;<\/li>\n<li>Ades\u00e3o do agricultor ou agricultora, R$ 24,00. Antes era de R$ 17,0;<\/li>\n<li>O benef\u00edcio recebido agora ser\u00e1 de R$ 1.200,00. Antes era de R$ 850,00.<\/li>\n<\/ul>\n<p>Esse aux\u00edlio financeiro \u00e9 garantido ao agricultor ou agricultora familiar por um tempo determinado, em casos de haver perda da safra, causada por motivo de estiagem ou excesso de chuvas, comprometendo a produ\u00e7\u00e3o.<\/p>\n<p>O munic\u00edpio de Sum\u00e9 possui em m\u00e9dia, 460 beneficiados, acarretando um investimento de aproximadamente R$ 32.660,00 como contrapartida da prefeitura.<\/p>\n","protected":false},"excerpt":{"rendered":"<p>O munic\u00edpio de Sum\u00e9, por meio da EMPAER, j\u00e1 est\u00e1 na fase de conclus\u00e3o das inscri\u00e7\u00f5es dos agricultores e agricultoras familiares que se enquadram no programa Garantia Safra. Recentemente o Coordenador Estadual do Programa, Abra\u00e3o Clementino, esteve em Sum\u00e9 para assinatura do Prefeito \u00c9den Duarte e demais prefeitos da regi\u00e3o. A novidade para este ano \u00e9 que houve uma altera\u00e7\u00e3o de 41% nos valores, tanto dos aportes para aderir ao programa, quanto no valor para os beneficiados. Os valores agora s\u00e3o os seguintes: Ades\u00e3o do munic\u00edpio por cada agricultor ou agricultora, R$ 71,00. Antes era de R$ 51,00; Ades\u00e3o do agricultor ou agricultora, R$ 24,00. Antes era de R$ 17,0; O benef\u00edcio recebido agora ser\u00e1 de R$ 1.200,00. Antes era de R$ 850,00. Esse aux\u00edlio financeiro \u00e9 garantido ao agricultor ou agricultora familiar por um tempo determinado, em casos de haver perda da safra, causada por motivo de estiagem ou excesso de chuvas, comprometendo a produ\u00e7\u00e3o. O munic\u00edpio de Sum\u00e9 possui em m\u00e9dia, 460 beneficiados, acarretando um investimento de aproximadamente R$ 32.660,00 como contrapartida da prefeitura.<\/p>\n","protected":false},"author":2,"featured_media":45378,"comment_status":"closed","ping_status":"open","sticky":false,"template":"","format":"standard","meta":{"_eb_attr":"","_jetpack_memberships_contains_paid_content":false,"footnotes":""},"categories":[3],"tags":[],"class_list":["post-45377","post","type-post","status-publish","format-standard","has-post-thumbnail","hentry","category-cidades"],"yoast_head":"<!-- This site is optimized with the Yoast SEO plugin v26.5 - https:\/\/yoast.com\/wordpress\/plugins\/seo\/ -->\n<title>Prefeito de Sum\u00e9 assina Termo de Ades\u00e3o ao Garantia Safra 2022\/2023 - Not&iacute;cias em Destaque<\/title>\n<meta name=\"robots\" content=\"index, follow, max-snippet:-1, max-image-preview:large, max-video-preview:-1\" \/>\n<link rel=\"canonical\" href=\"https:\/\/noticiasemdestaque.com\/cd\/?p=45377\" \/>\n<meta property=\"og:locale\" content=\"pt_BR\" \/>\n<meta property=\"og:type\" content=\"article\" \/>\n<meta property=\"og:title\" content=\"Prefeito de Sum\u00e9 assina Termo de Ades\u00e3o ao Garantia Safra 2022\/2023 - Not&iacute;cias em Destaque\" \/>\n<meta property=\"og:description\" content=\"O munic\u00edpio de Sum\u00e9, por meio da EMPAER, j\u00e1 est\u00e1 na fase de conclus\u00e3o das inscri\u00e7\u00f5es dos agricultores e agricultoras familiares que se enquadram no programa Garantia Safra. Recentemente o Coordenador Estadual do Programa, Abra\u00e3o Clementino, esteve em Sum\u00e9 para assinatura do Prefeito \u00c9den Duarte e demais prefeitos da regi\u00e3o. A novidade para este ano \u00e9 que houve uma altera\u00e7\u00e3o de 41% nos valores, tanto dos aportes para aderir ao programa, quanto no valor para os beneficiados. Os valores agora s\u00e3o os seguintes: Ades\u00e3o do munic\u00edpio por cada agricultor ou agricultora, R$ 71,00. Antes era de R$ 51,00; Ades\u00e3o do agricultor ou agricultora, R$ 24,00. Antes era de R$ 17,0; O benef\u00edcio recebido agora ser\u00e1 de R$ 1.200,00. Antes era de R$ 850,00. Esse aux\u00edlio financeiro \u00e9 garantido ao agricultor ou agricultora familiar por um tempo determinado, em casos de haver perda da safra, causada por motivo de estiagem ou excesso de chuvas, comprometendo a produ\u00e7\u00e3o. O munic\u00edpio de Sum\u00e9 possui em m\u00e9dia, 460 beneficiados, acarretando um investimento de aproximadamente R$ 32.660,00 como contrapartida da prefeitura.\" \/>\n<meta property=\"og:url\" content=\"https:\/\/noticiasemdestaque.com\/cd\/?p=45377\" \/>\n<meta property=\"og:site_name\" content=\"Not&iacute;cias em Destaque\" \/>\n<meta property=\"article:published_time\" content=\"2023-01-11T00:29:32+00:00\" \/>\n<meta property=\"og:image\" content=\"https:\/\/noticiasemdestaque.com\/cd\/wp-content\/uploads\/2023\/01\/EDEN-1.jpg\" \/>\n\t<meta property=\"og:image:width\" content=\"963\" \/>\n\t<meta property=\"og:image:height\" content=\"721\" \/>\n\t<meta property=\"og:image:type\" content=\"image\/jpeg\" \/>\n<meta name=\"author\" content=\"Not\u00edcias em Destaque\" \/>\n<meta name=\"twitter:card\" content=\"summary_large_image\" \/>\n<meta name=\"twitter:label1\" content=\"Escrito por\" \/>\n\t<meta name=\"twitter:data1\" content=\"Not\u00edcias em Destaque\" \/>\n\t<meta name=\"twitter:label2\" content=\"Est. tempo de leitura\" \/>\n\t<meta name=\"twitter:data2\" content=\"2 minutos\" \/>\n<script type=\"application\/ld+json\" class=\"yoast-schema-graph\">{\"@context\":\"https:\/\/schema.org\",\"@graph\":[{\"@type\":\"Article\",\"@id\":\"https:\/\/noticiasemdestaque.com\/cd\/?p=45377#article\",\"isPartOf\":{\"@id\":\"https:\/\/noticiasemdestaque.com\/cd\/?p=45377\"},\"author\":{\"name\":\"Not\u00edcias em Destaque\",\"@id\":\"https:\/\/noticiasemdestaque.com\/cd\/#\/schema\/person\/47f7d4f55eec17c6b2ca036c5500f6ce\"},\"headline\":\"Prefeito de Sum\u00e9 assina Termo de Ades\u00e3o ao Garantia Safra 2022\/2023\",\"datePublished\":\"2023-01-11T00:29:32+00:00\",\"mainEntityOfPage\":{\"@id\":\"https:\/\/noticiasemdestaque.com\/cd\/?p=45377\"},\"wordCount\":191,\"publisher\":{\"@id\":\"https:\/\/noticiasemdestaque.com\/cd\/#organization\"},\"image\":{\"@id\":\"https:\/\/noticiasemdestaque.com\/cd\/?p=45377#primaryimage\"},\"thumbnailUrl\":\"https:\/\/noticiasemdestaque.com\/cd\/wp-content\/uploads\/2023\/01\/EDEN-1.jpg\",\"articleSection\":[\"Cidades\"],\"inLanguage\":\"pt-BR\"},{\"@type\":\"WebPage\",\"@id\":\"https:\/\/noticiasemdestaque.com\/cd\/?p=45377\",\"url\":\"https:\/\/noticiasemdestaque.com\/cd\/?p=45377\",\"name\":\"Prefeito de Sum\u00e9 assina Termo de Ades\u00e3o ao Garantia Safra 2022\/2023 - Not&iacute;cias em Destaque\",\"isPartOf\":{\"@id\":\"https:\/\/noticiasemdestaque.com\/cd\/#website\"},\"primaryImageOfPage\":{\"@id\":\"https:\/\/noticiasemdestaque.com\/cd\/?p=45377#primaryimage\"},\"image\":{\"@id\":\"https:\/\/noticiasemdestaque.com\/cd\/?p=45377#primaryimage\"},\"thumbnailUrl\":\"https:\/\/noticiasemdestaque.com\/cd\/wp-content\/uploads\/2023\/01\/EDEN-1.jpg\",\"datePublished\":\"2023-01-11T00:29:32+00:00\",\"breadcrumb\":{\"@id\":\"https:\/\/noticiasemdestaque.com\/cd\/?p=45377#breadcrumb\"},\"inLanguage\":\"pt-BR\",\"potentialAction\":[{\"@type\":\"ReadAction\",\"target\":[\"https:\/\/noticiasemdestaque.com\/cd\/?p=45377\"]}]},{\"@type\":\"ImageObject\",\"inLanguage\":\"pt-BR\",\"@id\":\"https:\/\/noticiasemdestaque.com\/cd\/?p=45377#primaryimage\",\"url\":\"https:\/\/noticiasemdestaque.com\/cd\/wp-content\/uploads\/2023\/01\/EDEN-1.jpg\",\"contentUrl\":\"https:\/\/noticiasemdestaque.com\/cd\/wp-content\/uploads\/2023\/01\/EDEN-1.jpg\",\"width\":963,\"height\":721},{\"@type\":\"BreadcrumbList\",\"@id\":\"https:\/\/noticiasemdestaque.com\/cd\/?p=45377#breadcrumb\",\"itemListElement\":[{\"@type\":\"ListItem\",\"position\":1,\"name\":\"In\u00edcio\",\"item\":\"https:\/\/noticiasemdestaque.com\/cd\/\"},{\"@type\":\"ListItem\",\"position\":2,\"name\":\"Prefeito de Sum\u00e9 assina Termo de Ades\u00e3o ao Garantia Safra 2022\/2023\"}]},{\"@type\":\"WebSite\",\"@id\":\"https:\/\/noticiasemdestaque.com\/cd\/#website\",\"url\":\"https:\/\/noticiasemdestaque.com\/cd\/\",\"name\":\"Not&iacute;cias em Destaque\",\"description\":\"\",\"publisher\":{\"@id\":\"https:\/\/noticiasemdestaque.com\/cd\/#organization\"},\"potentialAction\":[{\"@type\":\"SearchAction\",\"target\":{\"@type\":\"EntryPoint\",\"urlTemplate\":\"https:\/\/noticiasemdestaque.com\/cd\/?s={search_term_string}\"},\"query-input\":{\"@type\":\"PropertyValueSpecification\",\"valueRequired\":true,\"valueName\":\"search_term_string\"}}],\"inLanguage\":\"pt-BR\"},{\"@type\":\"Organization\",\"@id\":\"https:\/\/noticiasemdestaque.com\/cd\/#organization\",\"name\":\"Not\u00edcias em Destaque\",\"url\":\"https:\/\/noticiasemdestaque.com\/cd\/\",\"logo\":{\"@type\":\"ImageObject\",\"inLanguage\":\"pt-BR\",\"@id\":\"https:\/\/noticiasemdestaque.com\/cd\/#\/schema\/logo\/image\/\",\"url\":\"https:\/\/noticiasemdestaque.com\/cd\/wp-content\/uploads\/2022\/05\/imagem-base-noticiasemdestaque.png\",\"contentUrl\":\"https:\/\/noticiasemdestaque.com\/cd\/wp-content\/uploads\/2022\/05\/imagem-base-noticiasemdestaque.png\",\"width\":1200,\"height\":630,\"caption\":\"Not\u00edcias em Destaque\"},\"image\":{\"@id\":\"https:\/\/noticiasemdestaque.com\/cd\/#\/schema\/logo\/image\/\"}},{\"@type\":\"Person\",\"@id\":\"https:\/\/noticiasemdestaque.com\/cd\/#\/schema\/person\/47f7d4f55eec17c6b2ca036c5500f6ce\",\"name\":\"Not\u00edcias em Destaque\",\"url\":\"https:\/\/noticiasemdestaque.com\/cd\/?author=2\"}]}<\/script>\n<!-- \/ Yoast SEO plugin. -->","yoast_head_json":{"title":"Prefeito de Sum\u00e9 assina Termo de Ades\u00e3o ao Garantia Safra 2022\/2023 - Not&iacute;cias em Destaque","robots":{"index":"index","follow":"follow","max-snippet":"max-snippet:-1","max-image-preview":"max-image-preview:large","max-video-preview":"max-video-preview:-1"},"canonical":"https:\/\/noticiasemdestaque.com\/cd\/?p=45377","og_locale":"pt_BR","og_type":"article","og_title":"Prefeito de Sum\u00e9 assina Termo de Ades\u00e3o ao Garantia Safra 2022\/2023 - Not&iacute;cias em Destaque","og_description":"O munic\u00edpio de Sum\u00e9, por meio da EMPAER, j\u00e1 est\u00e1 na fase de conclus\u00e3o das inscri\u00e7\u00f5es dos agricultores e agricultoras familiares que se enquadram no programa Garantia Safra. Recentemente o Coordenador Estadual do Programa, Abra\u00e3o Clementino, esteve em Sum\u00e9 para assinatura do Prefeito \u00c9den Duarte e demais prefeitos da regi\u00e3o. A novidade para este ano \u00e9 que houve uma altera\u00e7\u00e3o de 41% nos valores, tanto dos aportes para aderir ao programa, quanto no valor para os beneficiados. Os valores agora s\u00e3o os seguintes: Ades\u00e3o do munic\u00edpio por cada agricultor ou agricultora, R$ 71,00. Antes era de R$ 51,00; Ades\u00e3o do agricultor ou agricultora, R$ 24,00. Antes era de R$ 17,0; O benef\u00edcio recebido agora ser\u00e1 de R$ 1.200,00. Antes era de R$ 850,00. Esse aux\u00edlio financeiro \u00e9 garantido ao agricultor ou agricultora familiar por um tempo determinado, em casos de haver perda da safra, causada por motivo de estiagem ou excesso de chuvas, comprometendo a produ\u00e7\u00e3o. O munic\u00edpio de Sum\u00e9 possui em m\u00e9dia, 460 beneficiados, acarretando um investimento de aproximadamente R$ 32.660,00 como contrapartida da prefeitura.","og_url":"https:\/\/noticiasemdestaque.com\/cd\/?p=45377","og_site_name":"Not&iacute;cias em Destaque","article_published_time":"2023-01-11T00:29:32+00:00","og_image":[{"width":963,"height":721,"url":"https:\/\/noticiasemdestaque.com\/cd\/wp-content\/uploads\/2023\/01\/EDEN-1.jpg","type":"image\/jpeg"}],"author":"Not\u00edcias em Destaque","twitter_card":"summary_large_image","twitter_misc":{"Escrito por":"Not\u00edcias em Destaque","Est. tempo de leitura":"2 minutos"},"schema":{"@context":"https:\/\/schema.org","@graph":[{"@type":"Article","@id":"https:\/\/noticiasemdestaque.com\/cd\/?p=45377#article","isPartOf":{"@id":"https:\/\/noticiasemdestaque.com\/cd\/?p=45377"},"author":{"name":"Not\u00edcias em Destaque","@id":"https:\/\/noticiasemdestaque.com\/cd\/#\/schema\/person\/47f7d4f55eec17c6b2ca036c5500f6ce"},"headline":"Prefeito de Sum\u00e9 assina Termo de Ades\u00e3o ao Garantia Safra 2022\/2023","datePublished":"2023-01-11T00:29:32+00:00","mainEntityOfPage":{"@id":"https:\/\/noticiasemdestaque.com\/cd\/?p=45377"},"wordCount":191,"publisher":{"@id":"https:\/\/noticiasemdestaque.com\/cd\/#organization"},"image":{"@id":"https:\/\/noticiasemdestaque.com\/cd\/?p=45377#primaryimage"},"thumbnailUrl":"https:\/\/noticiasemdestaque.com\/cd\/wp-content\/uploads\/2023\/01\/EDEN-1.jpg","articleSection":["Cidades"],"inLanguage":"pt-BR"},{"@type":"WebPage","@id":"https:\/\/noticiasemdestaque.com\/cd\/?p=45377","url":"https:\/\/noticiasemdestaque.com\/cd\/?p=45377","name":"Prefeito de Sum\u00e9 assina Termo de Ades\u00e3o ao Garantia Safra 2022\/2023 - Not&iacute;cias em Destaque","isPartOf":{"@id":"https:\/\/noticiasemdestaque.com\/cd\/#website"},"primaryImageOfPage":{"@id":"https:\/\/noticiasemdestaque.com\/cd\/?p=45377#primaryimage"},"image":{"@id":"https:\/\/noticiasemdestaque.com\/cd\/?p=45377#primaryimage"},"thumbnailUrl":"https:\/\/noticiasemdestaque.com\/cd\/wp-content\/uploads\/2023\/01\/EDEN-1.jpg","datePublished":"2023-01-11T00:29:32+00:00","breadcrumb":{"@id":"https:\/\/noticiasemdestaque.com\/cd\/?p=45377#breadcrumb"},"inLanguage":"pt-BR","potentialAction":[{"@type":"ReadAction","target":["https:\/\/noticiasemdestaque.com\/cd\/?p=45377"]}]},{"@type":"ImageObject","inLanguage":"pt-BR","@id":"https:\/\/noticiasemdestaque.com\/cd\/?p=45377#primaryimage","url":"https:\/\/noticiasemdestaque.com\/cd\/wp-content\/uploads\/2023\/01\/EDEN-1.jpg","contentUrl":"https:\/\/noticiasemdestaque.com\/cd\/wp-content\/uploads\/2023\/01\/EDEN-1.jpg","width":963,"height":721},{"@type":"BreadcrumbList","@id":"https:\/\/noticiasemdestaque.com\/cd\/?p=45377#breadcrumb","itemListElement":[{"@type":"ListItem","position":1,"name":"In\u00edcio","item":"https:\/\/noticiasemdestaque.com\/cd\/"},{"@type":"ListItem","position":2,"name":"Prefeito de Sum\u00e9 assina Termo de Ades\u00e3o ao Garantia Safra 2022\/2023"}]},{"@type":"WebSite","@id":"https:\/\/noticiasemdestaque.com\/cd\/#website","url":"https:\/\/noticiasemdestaque.com\/cd\/","name":"Not&iacute;cias em Destaque","description":"","publisher":{"@id":"https:\/\/noticiasemdestaque.com\/cd\/#organization"},"potentialAction":[{"@type":"SearchAction","target":{"@type":"EntryPoint","urlTemplate":"https:\/\/noticiasemdestaque.com\/cd\/?s={search_term_string}"},"query-input":{"@type":"PropertyValueSpecification","valueRequired":true,"valueName":"search_term_string"}}],"inLanguage":"pt-BR"},{"@type":"Organization","@id":"https:\/\/noticiasemdestaque.com\/cd\/#organization","name":"Not\u00edcias em Destaque","url":"https:\/\/noticiasemdestaque.com\/cd\/","logo":{"@type":"ImageObject","inLanguage":"pt-BR","@id":"https:\/\/noticiasemdestaque.com\/cd\/#\/schema\/logo\/image\/","url":"https:\/\/noticiasemdestaque.com\/cd\/wp-content\/uploads\/2022\/05\/imagem-base-noticiasemdestaque.png","contentUrl":"https:\/\/noticiasemdestaque.com\/cd\/wp-content\/uploads\/2022\/05\/imagem-base-noticiasemdestaque.png","width":1200,"height":630,"caption":"Not\u00edcias em Destaque"},"image":{"@id":"https:\/\/noticiasemdestaque.com\/cd\/#\/schema\/logo\/image\/"}},{"@type":"Person","@id":"https:\/\/noticiasemdestaque.com\/cd\/#\/schema\/person\/47f7d4f55eec17c6b2ca036c5500f6ce","name":"Not\u00edcias em Destaque","url":"https:\/\/noticiasemdestaque.com\/cd\/?author=2"}]}},"jetpack_featured_media_url":"https:\/\/noticiasemdestaque.com\/cd\/wp-content\/uploads\/2023\/01\/EDEN-1.jpg","jetpack_sharing_enabled":true,"_links":{"self":[{"href":"https:\/\/noticiasemdestaque.com\/cd\/index.php?rest_route=\/wp\/v2\/posts\/45377","targetHints":{"allow":["GET"]}}],"collection":[{"href":"https:\/\/noticiasemdestaque.com\/cd\/index.php?rest_route=\/wp\/v2\/posts"}],"about":[{"href":"https:\/\/noticiasemdestaque.com\/cd\/index.php?rest_route=\/wp\/v2\/types\/post"}],"author":[{"embeddable":true,"href":"https:\/\/noticiasemdestaque.com\/cd\/index.php?rest_route=\/wp\/v2\/users\/2"}],"replies":[{"embeddable":true,"href":"https:\/\/noticiasemdestaque.com\/cd\/index.php?rest_route=%2Fwp%2Fv2%2Fcomments&post=45377"}],"version-history":[{"count":1,"href":"https:\/\/noticiasemdestaque.com\/cd\/index.php?rest_route=\/wp\/v2\/posts\/45377\/revisions"}],"predecessor-version":[{"id":45379,"href":"https:\/\/noticiasemdestaque.com\/cd\/index.php?rest_route=\/wp\/v2\/posts\/45377\/revisions\/45379"}],"wp:featuredmedia":[{"embeddable":true,"href":"https:\/\/noticiasemdestaque.com\/cd\/index.php?rest_route=\/wp\/v2\/media\/45378"}],"wp:attachment":[{"href":"https:\/\/noticiasemdestaque.com\/cd\/index.php?rest_route=%2Fwp%2Fv2%2Fmedia&parent=45377"}],"wp:term":[{"taxonomy":"category","embeddable":true,"href":"https:\/\/noticiasemdestaque.com\/cd\/index.php?rest_route=%2Fwp%2Fv2%2Fcategories&post=45377"},{"taxonomy":"post_tag","embeddable":true,"href":"https:\/\/noticiasemdestaque.com\/cd\/index.php?rest_route=%2Fwp%2Fv2%2Ftags&post=45377"}],"curies":[{"name":"wp","href":"https:\/\/api.w.org\/{rel}","templated":true}]}}