{"id":45374,"date":"2023-01-10T09:53:46","date_gmt":"2023-01-10T12:53:46","guid":{"rendered":"https:\/\/noticiasemdestaque.com\/cd\/?p=45374"},"modified":"2023-01-10T09:53:46","modified_gmt":"2023-01-10T12:53:46","slug":"apos-pressao-interventor-de-lula-dispensa-superintendente-da-pf-no-df","status":"publish","type":"post","link":"https:\/\/noticiasemdestaque.com\/cd\/?p=45374","title":{"rendered":"Ap\u00f3s press\u00e3o, interventor de Lula dispensa superintendente da PF no DF"},"content":{"rendered":"<p><a href=\"https:\/\/noticiasemdestaque.com\/cd\/wp-content\/uploads\/2023\/01\/victor-cesar-carvalho-dos-santos-agora-ex-superintendente-da-policia-federal-do-distrito-federal-1673348542363_v2_900x506.jpg.webp\"><img fetchpriority=\"high\" decoding=\"async\" class=\"alignnone  wp-image-45375\" src=\"https:\/\/noticiasemdestaque.com\/cd\/wp-content\/uploads\/2023\/01\/victor-cesar-carvalho-dos-santos-agora-ex-superintendente-da-policia-federal-do-distrito-federal-1673348542363_v2_900x506.jpg-300x169.webp\" alt=\"\" width=\"1010\" height=\"569\" srcset=\"https:\/\/noticiasemdestaque.com\/cd\/wp-content\/uploads\/2023\/01\/victor-cesar-carvalho-dos-santos-agora-ex-superintendente-da-policia-federal-do-distrito-federal-1673348542363_v2_900x506.jpg-300x169.webp 300w, https:\/\/noticiasemdestaque.com\/cd\/wp-content\/uploads\/2023\/01\/victor-cesar-carvalho-dos-santos-agora-ex-superintendente-da-policia-federal-do-distrito-federal-1673348542363_v2_900x506.jpg-768x432.webp 768w, https:\/\/noticiasemdestaque.com\/cd\/wp-content\/uploads\/2023\/01\/victor-cesar-carvalho-dos-santos-agora-ex-superintendente-da-policia-federal-do-distrito-federal-1673348542363_v2_900x506.jpg-18x10.webp 18w, https:\/\/noticiasemdestaque.com\/cd\/wp-content\/uploads\/2023\/01\/victor-cesar-carvalho-dos-santos-agora-ex-superintendente-da-policia-federal-do-distrito-federal-1673348542363_v2_900x506.jpg.webp 900w\" sizes=\"(max-width: 1010px) 100vw, 1010px\" \/><\/a><\/p>\n<p>A dispensa foi publicada hoje pelo n\u00famero 2 do Minist\u00e9rio da Justi\u00e7a, secret\u00e1rio-executivo Ricardo Capelli, no DOU (Di\u00e1rio Oficial da Uni\u00e3o).<\/p>\n<p>A portaria n\u00e3o nomeou um substituto para Victor Cesar Carvalho dos Santos. Ele chegou ao cargo de superintendente em outubro de 2021.<\/p>\n<p>Ontem, Capelli tamb\u00e9m trocou o comando da (Pol\u00edcia Militar) do DF (Distrito Federal), nomeando o Coronel Klepter Rosa para chefiar a corpora\u00e7\u00e3o. Capelli foi nomeado pelo presidente Lula (PT) para comandar a interven\u00e7\u00e3o federal decretada no DF ap\u00f3s os atos golpistas que destru\u00edram a Pra\u00e7a dos Tr\u00eas Poderes.<\/p>\n<h2>Passado como militante estudantil<\/h2>\n<p>O interventor \u00e9 nascido no Rio de Janeiro e tem 50 anos. O homem respons\u00e1vel por tentar devolver a ordem a Bras\u00edlia tem um passado de milit\u00e2ncia na \u00e9poca em que era estudante.<\/p>\n<p>Ocupou a presid\u00eancia do Diret\u00f3rio Central dos Estudantes da Est\u00e1cio em 1994;<\/p>\n<p>Dirigiu a Uni\u00e3o Estadual dos Estudantes do Rio de Janeiro em 1995;<\/p>\n<p>Foi Eleito presidente da UNE (Uni\u00e3o Nacional dos Estudantes) em 1997.<\/p>\n<h2>Interventor tamb\u00e9m \u00e9 ligado ao PCdoB<\/h2>\n<p>Hoje no PSB, o ministro da Justi\u00e7a, Fl\u00e1vio Dino, era do PCdoB, mesmo partido ao qual Cappelli \u00e9 ligado. Ele foi candidato a deputado estadual pelo PCdoB em 2002 e n\u00e3o foi eleito.<\/p>\n<p>Tentou novamente um cargo p\u00fablico em 2008, quando n\u00e3o obteve uma vaga de vereador no Rio de Janeiro. Cappelli n\u00e3o foi eleito.<\/p>\n<p><strong>Noticias em Destaque<\/strong><\/p>\n<p style=\"text-align: right;\"><em>Fonte: UOL<\/em><\/p>\n","protected":false},"excerpt":{"rendered":"<p>A dispensa foi publicada hoje pelo n\u00famero 2 do Minist\u00e9rio da Justi\u00e7a, secret\u00e1rio-executivo Ricardo Capelli, no DOU (Di\u00e1rio Oficial da Uni\u00e3o). A portaria n\u00e3o nomeou um substituto para Victor Cesar Carvalho dos Santos. Ele chegou ao cargo de superintendente em outubro de 2021. Ontem, Capelli tamb\u00e9m trocou o comando da (Pol\u00edcia Militar) do DF (Distrito Federal), nomeando o Coronel Klepter Rosa para chefiar a corpora\u00e7\u00e3o. Capelli foi nomeado pelo presidente Lula (PT) para comandar a interven\u00e7\u00e3o federal decretada no DF ap\u00f3s os atos golpistas que destru\u00edram a Pra\u00e7a dos Tr\u00eas Poderes. Passado como militante estudantil O interventor \u00e9 nascido no Rio de Janeiro e tem 50 anos. O homem respons\u00e1vel por tentar devolver a ordem a Bras\u00edlia tem um passado de milit\u00e2ncia na \u00e9poca em que era estudante. Ocupou a presid\u00eancia do Diret\u00f3rio Central dos Estudantes da Est\u00e1cio em 1994; Dirigiu a Uni\u00e3o Estadual dos Estudantes do Rio de Janeiro em 1995; Foi Eleito presidente da UNE (Uni\u00e3o Nacional dos Estudantes) em 1997. Interventor tamb\u00e9m \u00e9 ligado ao PCdoB Hoje no PSB, o ministro da Justi\u00e7a, Fl\u00e1vio Dino, era do PCdoB, mesmo partido ao qual Cappelli \u00e9 ligado. Ele foi candidato a deputado estadual pelo PCdoB em 2002 e n\u00e3o foi eleito. Tentou novamente um cargo p\u00fablico em 2008, quando n\u00e3o obteve uma vaga de vereador no Rio de Janeiro. Cappelli n\u00e3o foi eleito. Noticias em Destaque Fonte: UOL<\/p>\n","protected":false},"author":2,"featured_media":45375,"comment_status":"closed","ping_status":"open","sticky":false,"template":"","format":"standard","meta":{"_eb_attr":"","_jetpack_memberships_contains_paid_content":false,"footnotes":""},"categories":[4],"tags":[],"class_list":["post-45374","post","type-post","status-publish","format-standard","has-post-thumbnail","hentry","category-politica"],"yoast_head":"<!-- This site is optimized with the Yoast SEO plugin v26.5 - https:\/\/yoast.com\/wordpress\/plugins\/seo\/ -->\n<title>Ap\u00f3s press\u00e3o, interventor de Lula dispensa superintendente da PF no DF - Not&iacute;cias em Destaque<\/title>\n<meta name=\"robots\" content=\"index, follow, max-snippet:-1, max-image-preview:large, max-video-preview:-1\" \/>\n<link rel=\"canonical\" href=\"https:\/\/noticiasemdestaque.com\/cd\/?p=45374\" \/>\n<meta property=\"og:locale\" content=\"pt_BR\" \/>\n<meta property=\"og:type\" content=\"article\" \/>\n<meta property=\"og:title\" content=\"Ap\u00f3s press\u00e3o, interventor de Lula dispensa superintendente da PF no DF - Not&iacute;cias em Destaque\" \/>\n<meta property=\"og:description\" content=\"A dispensa foi publicada hoje pelo n\u00famero 2 do Minist\u00e9rio da Justi\u00e7a, secret\u00e1rio-executivo Ricardo Capelli, no DOU (Di\u00e1rio Oficial da Uni\u00e3o). A portaria n\u00e3o nomeou um substituto para Victor Cesar Carvalho dos Santos. Ele chegou ao cargo de superintendente em outubro de 2021. Ontem, Capelli tamb\u00e9m trocou o comando da (Pol\u00edcia Militar) do DF (Distrito Federal), nomeando o Coronel Klepter Rosa para chefiar a corpora\u00e7\u00e3o. Capelli foi nomeado pelo presidente Lula (PT) para comandar a interven\u00e7\u00e3o federal decretada no DF ap\u00f3s os atos golpistas que destru\u00edram a Pra\u00e7a dos Tr\u00eas Poderes. Passado como militante estudantil O interventor \u00e9 nascido no Rio de Janeiro e tem 50 anos. O homem respons\u00e1vel por tentar devolver a ordem a Bras\u00edlia tem um passado de milit\u00e2ncia na \u00e9poca em que era estudante. Ocupou a presid\u00eancia do Diret\u00f3rio Central dos Estudantes da Est\u00e1cio em 1994; Dirigiu a Uni\u00e3o Estadual dos Estudantes do Rio de Janeiro em 1995; Foi Eleito presidente da UNE (Uni\u00e3o Nacional dos Estudantes) em 1997. Interventor tamb\u00e9m \u00e9 ligado ao PCdoB Hoje no PSB, o ministro da Justi\u00e7a, Fl\u00e1vio Dino, era do PCdoB, mesmo partido ao qual Cappelli \u00e9 ligado. Ele foi candidato a deputado estadual pelo PCdoB em 2002 e n\u00e3o foi eleito. Tentou novamente um cargo p\u00fablico em 2008, quando n\u00e3o obteve uma vaga de vereador no Rio de Janeiro. Cappelli n\u00e3o foi eleito. Noticias em Destaque Fonte: UOL\" \/>\n<meta property=\"og:url\" content=\"https:\/\/noticiasemdestaque.com\/cd\/?p=45374\" \/>\n<meta property=\"og:site_name\" content=\"Not&iacute;cias em Destaque\" \/>\n<meta property=\"article:published_time\" content=\"2023-01-10T12:53:46+00:00\" \/>\n<meta property=\"og:image\" content=\"https:\/\/noticiasemdestaque.com\/cd\/wp-content\/uploads\/2023\/01\/victor-cesar-carvalho-dos-santos-agora-ex-superintendente-da-policia-federal-do-distrito-federal-1673348542363_v2_900x506.jpg.webp\" \/>\n\t<meta property=\"og:image:width\" content=\"900\" \/>\n\t<meta property=\"og:image:height\" content=\"506\" \/>\n\t<meta property=\"og:image:type\" content=\"image\/webp\" \/>\n<meta name=\"author\" content=\"Not\u00edcias em Destaque\" \/>\n<meta name=\"twitter:card\" content=\"summary_large_image\" \/>\n<meta name=\"twitter:label1\" content=\"Escrito por\" \/>\n\t<meta name=\"twitter:data1\" content=\"Not\u00edcias em Destaque\" \/>\n\t<meta name=\"twitter:label2\" content=\"Est. tempo de leitura\" \/>\n\t<meta name=\"twitter:data2\" content=\"2 minutos\" \/>\n<script type=\"application\/ld+json\" class=\"yoast-schema-graph\">{\"@context\":\"https:\/\/schema.org\",\"@graph\":[{\"@type\":\"Article\",\"@id\":\"https:\/\/noticiasemdestaque.com\/cd\/?p=45374#article\",\"isPartOf\":{\"@id\":\"https:\/\/noticiasemdestaque.com\/cd\/?p=45374\"},\"author\":{\"name\":\"Not\u00edcias em Destaque\",\"@id\":\"https:\/\/noticiasemdestaque.com\/cd\/#\/schema\/person\/47f7d4f55eec17c6b2ca036c5500f6ce\"},\"headline\":\"Ap\u00f3s press\u00e3o, interventor de Lula dispensa superintendente da PF no DF\",\"datePublished\":\"2023-01-10T12:53:46+00:00\",\"mainEntityOfPage\":{\"@id\":\"https:\/\/noticiasemdestaque.com\/cd\/?p=45374\"},\"wordCount\":261,\"publisher\":{\"@id\":\"https:\/\/noticiasemdestaque.com\/cd\/#organization\"},\"image\":{\"@id\":\"https:\/\/noticiasemdestaque.com\/cd\/?p=45374#primaryimage\"},\"thumbnailUrl\":\"https:\/\/noticiasemdestaque.com\/cd\/wp-content\/uploads\/2023\/01\/victor-cesar-carvalho-dos-santos-agora-ex-superintendente-da-policia-federal-do-distrito-federal-1673348542363_v2_900x506.jpg.webp\",\"articleSection\":[\"Pol\u00edtica\"],\"inLanguage\":\"pt-BR\"},{\"@type\":\"WebPage\",\"@id\":\"https:\/\/noticiasemdestaque.com\/cd\/?p=45374\",\"url\":\"https:\/\/noticiasemdestaque.com\/cd\/?p=45374\",\"name\":\"Ap\u00f3s press\u00e3o, interventor de Lula dispensa superintendente da PF no DF - Not&iacute;cias em Destaque\",\"isPartOf\":{\"@id\":\"https:\/\/noticiasemdestaque.com\/cd\/#website\"},\"primaryImageOfPage\":{\"@id\":\"https:\/\/noticiasemdestaque.com\/cd\/?p=45374#primaryimage\"},\"image\":{\"@id\":\"https:\/\/noticiasemdestaque.com\/cd\/?p=45374#primaryimage\"},\"thumbnailUrl\":\"https:\/\/noticiasemdestaque.com\/cd\/wp-content\/uploads\/2023\/01\/victor-cesar-carvalho-dos-santos-agora-ex-superintendente-da-policia-federal-do-distrito-federal-1673348542363_v2_900x506.jpg.webp\",\"datePublished\":\"2023-01-10T12:53:46+00:00\",\"breadcrumb\":{\"@id\":\"https:\/\/noticiasemdestaque.com\/cd\/?p=45374#breadcrumb\"},\"inLanguage\":\"pt-BR\",\"potentialAction\":[{\"@type\":\"ReadAction\",\"target\":[\"https:\/\/noticiasemdestaque.com\/cd\/?p=45374\"]}]},{\"@type\":\"ImageObject\",\"inLanguage\":\"pt-BR\",\"@id\":\"https:\/\/noticiasemdestaque.com\/cd\/?p=45374#primaryimage\",\"url\":\"https:\/\/noticiasemdestaque.com\/cd\/wp-content\/uploads\/2023\/01\/victor-cesar-carvalho-dos-santos-agora-ex-superintendente-da-policia-federal-do-distrito-federal-1673348542363_v2_900x506.jpg.webp\",\"contentUrl\":\"https:\/\/noticiasemdestaque.com\/cd\/wp-content\/uploads\/2023\/01\/victor-cesar-carvalho-dos-santos-agora-ex-superintendente-da-policia-federal-do-distrito-federal-1673348542363_v2_900x506.jpg.webp\",\"width\":900,\"height\":506},{\"@type\":\"BreadcrumbList\",\"@id\":\"https:\/\/noticiasemdestaque.com\/cd\/?p=45374#breadcrumb\",\"itemListElement\":[{\"@type\":\"ListItem\",\"position\":1,\"name\":\"In\u00edcio\",\"item\":\"https:\/\/noticiasemdestaque.com\/cd\/\"},{\"@type\":\"ListItem\",\"position\":2,\"name\":\"Ap\u00f3s press\u00e3o, interventor de Lula dispensa superintendente da PF no DF\"}]},{\"@type\":\"WebSite\",\"@id\":\"https:\/\/noticiasemdestaque.com\/cd\/#website\",\"url\":\"https:\/\/noticiasemdestaque.com\/cd\/\",\"name\":\"Not&iacute;cias em Destaque\",\"description\":\"\",\"publisher\":{\"@id\":\"https:\/\/noticiasemdestaque.com\/cd\/#organization\"},\"potentialAction\":[{\"@type\":\"SearchAction\",\"target\":{\"@type\":\"EntryPoint\",\"urlTemplate\":\"https:\/\/noticiasemdestaque.com\/cd\/?s={search_term_string}\"},\"query-input\":{\"@type\":\"PropertyValueSpecification\",\"valueRequired\":true,\"valueName\":\"search_term_string\"}}],\"inLanguage\":\"pt-BR\"},{\"@type\":\"Organization\",\"@id\":\"https:\/\/noticiasemdestaque.com\/cd\/#organization\",\"name\":\"Not\u00edcias em Destaque\",\"url\":\"https:\/\/noticiasemdestaque.com\/cd\/\",\"logo\":{\"@type\":\"ImageObject\",\"inLanguage\":\"pt-BR\",\"@id\":\"https:\/\/noticiasemdestaque.com\/cd\/#\/schema\/logo\/image\/\",\"url\":\"https:\/\/noticiasemdestaque.com\/cd\/wp-content\/uploads\/2022\/05\/imagem-base-noticiasemdestaque.png\",\"contentUrl\":\"https:\/\/noticiasemdestaque.com\/cd\/wp-content\/uploads\/2022\/05\/imagem-base-noticiasemdestaque.png\",\"width\":1200,\"height\":630,\"caption\":\"Not\u00edcias em Destaque\"},\"image\":{\"@id\":\"https:\/\/noticiasemdestaque.com\/cd\/#\/schema\/logo\/image\/\"}},{\"@type\":\"Person\",\"@id\":\"https:\/\/noticiasemdestaque.com\/cd\/#\/schema\/person\/47f7d4f55eec17c6b2ca036c5500f6ce\",\"name\":\"Not\u00edcias em Destaque\",\"url\":\"https:\/\/noticiasemdestaque.com\/cd\/?author=2\"}]}<\/script>\n<!-- \/ Yoast SEO plugin. -->","yoast_head_json":{"title":"Ap\u00f3s press\u00e3o, interventor de Lula dispensa superintendente da PF no DF - Not&iacute;cias em Destaque","robots":{"index":"index","follow":"follow","max-snippet":"max-snippet:-1","max-image-preview":"max-image-preview:large","max-video-preview":"max-video-preview:-1"},"canonical":"https:\/\/noticiasemdestaque.com\/cd\/?p=45374","og_locale":"pt_BR","og_type":"article","og_title":"Ap\u00f3s press\u00e3o, interventor de Lula dispensa superintendente da PF no DF - Not&iacute;cias em Destaque","og_description":"A dispensa foi publicada hoje pelo n\u00famero 2 do Minist\u00e9rio da Justi\u00e7a, secret\u00e1rio-executivo Ricardo Capelli, no DOU (Di\u00e1rio Oficial da Uni\u00e3o). A portaria n\u00e3o nomeou um substituto para Victor Cesar Carvalho dos Santos. Ele chegou ao cargo de superintendente em outubro de 2021. Ontem, Capelli tamb\u00e9m trocou o comando da (Pol\u00edcia Militar) do DF (Distrito Federal), nomeando o Coronel Klepter Rosa para chefiar a corpora\u00e7\u00e3o. Capelli foi nomeado pelo presidente Lula (PT) para comandar a interven\u00e7\u00e3o federal decretada no DF ap\u00f3s os atos golpistas que destru\u00edram a Pra\u00e7a dos Tr\u00eas Poderes. Passado como militante estudantil O interventor \u00e9 nascido no Rio de Janeiro e tem 50 anos. O homem respons\u00e1vel por tentar devolver a ordem a Bras\u00edlia tem um passado de milit\u00e2ncia na \u00e9poca em que era estudante. Ocupou a presid\u00eancia do Diret\u00f3rio Central dos Estudantes da Est\u00e1cio em 1994; Dirigiu a Uni\u00e3o Estadual dos Estudantes do Rio de Janeiro em 1995; Foi Eleito presidente da UNE (Uni\u00e3o Nacional dos Estudantes) em 1997. Interventor tamb\u00e9m \u00e9 ligado ao PCdoB Hoje no PSB, o ministro da Justi\u00e7a, Fl\u00e1vio Dino, era do PCdoB, mesmo partido ao qual Cappelli \u00e9 ligado. Ele foi candidato a deputado estadual pelo PCdoB em 2002 e n\u00e3o foi eleito. Tentou novamente um cargo p\u00fablico em 2008, quando n\u00e3o obteve uma vaga de vereador no Rio de Janeiro. Cappelli n\u00e3o foi eleito. Noticias em Destaque Fonte: UOL","og_url":"https:\/\/noticiasemdestaque.com\/cd\/?p=45374","og_site_name":"Not&iacute;cias em Destaque","article_published_time":"2023-01-10T12:53:46+00:00","og_image":[{"width":900,"height":506,"url":"https:\/\/noticiasemdestaque.com\/cd\/wp-content\/uploads\/2023\/01\/victor-cesar-carvalho-dos-santos-agora-ex-superintendente-da-policia-federal-do-distrito-federal-1673348542363_v2_900x506.jpg.webp","type":"image\/webp"}],"author":"Not\u00edcias em Destaque","twitter_card":"summary_large_image","twitter_misc":{"Escrito por":"Not\u00edcias em Destaque","Est. tempo de leitura":"2 minutos"},"schema":{"@context":"https:\/\/schema.org","@graph":[{"@type":"Article","@id":"https:\/\/noticiasemdestaque.com\/cd\/?p=45374#article","isPartOf":{"@id":"https:\/\/noticiasemdestaque.com\/cd\/?p=45374"},"author":{"name":"Not\u00edcias em Destaque","@id":"https:\/\/noticiasemdestaque.com\/cd\/#\/schema\/person\/47f7d4f55eec17c6b2ca036c5500f6ce"},"headline":"Ap\u00f3s press\u00e3o, interventor de Lula dispensa superintendente da PF no DF","datePublished":"2023-01-10T12:53:46+00:00","mainEntityOfPage":{"@id":"https:\/\/noticiasemdestaque.com\/cd\/?p=45374"},"wordCount":261,"publisher":{"@id":"https:\/\/noticiasemdestaque.com\/cd\/#organization"},"image":{"@id":"https:\/\/noticiasemdestaque.com\/cd\/?p=45374#primaryimage"},"thumbnailUrl":"https:\/\/noticiasemdestaque.com\/cd\/wp-content\/uploads\/2023\/01\/victor-cesar-carvalho-dos-santos-agora-ex-superintendente-da-policia-federal-do-distrito-federal-1673348542363_v2_900x506.jpg.webp","articleSection":["Pol\u00edtica"],"inLanguage":"pt-BR"},{"@type":"WebPage","@id":"https:\/\/noticiasemdestaque.com\/cd\/?p=45374","url":"https:\/\/noticiasemdestaque.com\/cd\/?p=45374","name":"Ap\u00f3s press\u00e3o, interventor de Lula dispensa superintendente da PF no DF - Not&iacute;cias em Destaque","isPartOf":{"@id":"https:\/\/noticiasemdestaque.com\/cd\/#website"},"primaryImageOfPage":{"@id":"https:\/\/noticiasemdestaque.com\/cd\/?p=45374#primaryimage"},"image":{"@id":"https:\/\/noticiasemdestaque.com\/cd\/?p=45374#primaryimage"},"thumbnailUrl":"https:\/\/noticiasemdestaque.com\/cd\/wp-content\/uploads\/2023\/01\/victor-cesar-carvalho-dos-santos-agora-ex-superintendente-da-policia-federal-do-distrito-federal-1673348542363_v2_900x506.jpg.webp","datePublished":"2023-01-10T12:53:46+00:00","breadcrumb":{"@id":"https:\/\/noticiasemdestaque.com\/cd\/?p=45374#breadcrumb"},"inLanguage":"pt-BR","potentialAction":[{"@type":"ReadAction","target":["https:\/\/noticiasemdestaque.com\/cd\/?p=45374"]}]},{"@type":"ImageObject","inLanguage":"pt-BR","@id":"https:\/\/noticiasemdestaque.com\/cd\/?p=45374#primaryimage","url":"https:\/\/noticiasemdestaque.com\/cd\/wp-content\/uploads\/2023\/01\/victor-cesar-carvalho-dos-santos-agora-ex-superintendente-da-policia-federal-do-distrito-federal-1673348542363_v2_900x506.jpg.webp","contentUrl":"https:\/\/noticiasemdestaque.com\/cd\/wp-content\/uploads\/2023\/01\/victor-cesar-carvalho-dos-santos-agora-ex-superintendente-da-policia-federal-do-distrito-federal-1673348542363_v2_900x506.jpg.webp","width":900,"height":506},{"@type":"BreadcrumbList","@id":"https:\/\/noticiasemdestaque.com\/cd\/?p=45374#breadcrumb","itemListElement":[{"@type":"ListItem","position":1,"name":"In\u00edcio","item":"https:\/\/noticiasemdestaque.com\/cd\/"},{"@type":"ListItem","position":2,"name":"Ap\u00f3s press\u00e3o, interventor de Lula dispensa superintendente da PF no DF"}]},{"@type":"WebSite","@id":"https:\/\/noticiasemdestaque.com\/cd\/#website","url":"https:\/\/noticiasemdestaque.com\/cd\/","name":"Not&iacute;cias em Destaque","description":"","publisher":{"@id":"https:\/\/noticiasemdestaque.com\/cd\/#organization"},"potentialAction":[{"@type":"SearchAction","target":{"@type":"EntryPoint","urlTemplate":"https:\/\/noticiasemdestaque.com\/cd\/?s={search_term_string}"},"query-input":{"@type":"PropertyValueSpecification","valueRequired":true,"valueName":"search_term_string"}}],"inLanguage":"pt-BR"},{"@type":"Organization","@id":"https:\/\/noticiasemdestaque.com\/cd\/#organization","name":"Not\u00edcias em Destaque","url":"https:\/\/noticiasemdestaque.com\/cd\/","logo":{"@type":"ImageObject","inLanguage":"pt-BR","@id":"https:\/\/noticiasemdestaque.com\/cd\/#\/schema\/logo\/image\/","url":"https:\/\/noticiasemdestaque.com\/cd\/wp-content\/uploads\/2022\/05\/imagem-base-noticiasemdestaque.png","contentUrl":"https:\/\/noticiasemdestaque.com\/cd\/wp-content\/uploads\/2022\/05\/imagem-base-noticiasemdestaque.png","width":1200,"height":630,"caption":"Not\u00edcias em Destaque"},"image":{"@id":"https:\/\/noticiasemdestaque.com\/cd\/#\/schema\/logo\/image\/"}},{"@type":"Person","@id":"https:\/\/noticiasemdestaque.com\/cd\/#\/schema\/person\/47f7d4f55eec17c6b2ca036c5500f6ce","name":"Not\u00edcias em Destaque","url":"https:\/\/noticiasemdestaque.com\/cd\/?author=2"}]}},"jetpack_featured_media_url":"https:\/\/noticiasemdestaque.com\/cd\/wp-content\/uploads\/2023\/01\/victor-cesar-carvalho-dos-santos-agora-ex-superintendente-da-policia-federal-do-distrito-federal-1673348542363_v2_900x506.jpg.webp","jetpack_sharing_enabled":true,"_links":{"self":[{"href":"https:\/\/noticiasemdestaque.com\/cd\/index.php?rest_route=\/wp\/v2\/posts\/45374","targetHints":{"allow":["GET"]}}],"collection":[{"href":"https:\/\/noticiasemdestaque.com\/cd\/index.php?rest_route=\/wp\/v2\/posts"}],"about":[{"href":"https:\/\/noticiasemdestaque.com\/cd\/index.php?rest_route=\/wp\/v2\/types\/post"}],"author":[{"embeddable":true,"href":"https:\/\/noticiasemdestaque.com\/cd\/index.php?rest_route=\/wp\/v2\/users\/2"}],"replies":[{"embeddable":true,"href":"https:\/\/noticiasemdestaque.com\/cd\/index.php?rest_route=%2Fwp%2Fv2%2Fcomments&post=45374"}],"version-history":[{"count":1,"href":"https:\/\/noticiasemdestaque.com\/cd\/index.php?rest_route=\/wp\/v2\/posts\/45374\/revisions"}],"predecessor-version":[{"id":45376,"href":"https:\/\/noticiasemdestaque.com\/cd\/index.php?rest_route=\/wp\/v2\/posts\/45374\/revisions\/45376"}],"wp:featuredmedia":[{"embeddable":true,"href":"https:\/\/noticiasemdestaque.com\/cd\/index.php?rest_route=\/wp\/v2\/media\/45375"}],"wp:attachment":[{"href":"https:\/\/noticiasemdestaque.com\/cd\/index.php?rest_route=%2Fwp%2Fv2%2Fmedia&parent=45374"}],"wp:term":[{"taxonomy":"category","embeddable":true,"href":"https:\/\/noticiasemdestaque.com\/cd\/index.php?rest_route=%2Fwp%2Fv2%2Fcategories&post=45374"},{"taxonomy":"post_tag","embeddable":true,"href":"https:\/\/noticiasemdestaque.com\/cd\/index.php?rest_route=%2Fwp%2Fv2%2Ftags&post=45374"}],"curies":[{"name":"wp","href":"https:\/\/api.w.org\/{rel}","templated":true}]}}