{"id":45365,"date":"2023-01-10T08:50:07","date_gmt":"2023-01-10T11:50:07","guid":{"rendered":"https:\/\/noticiasemdestaque.com\/cd\/?p=45365"},"modified":"2023-01-10T08:50:07","modified_gmt":"2023-01-10T11:50:07","slug":"senado-votara-intervencao-federal-no-df-nesta-terca-feira-10-1","status":"publish","type":"post","link":"https:\/\/noticiasemdestaque.com\/cd\/?p=45365","title":{"rendered":"Senado votar\u00e1 interven\u00e7\u00e3o federal no DF nesta ter\u00e7a-feira (10\/1)"},"content":{"rendered":"<p>O presidente do Senado Federal, Rodrigo Pacheco (PSD-AM), marcou sess\u00e3o extraordin\u00e1ria, \u00e0s 11h desta ter\u00e7a-feira (10\/1), a fim de votar o decreto de interven\u00e7\u00e3o federal assinado pelo presidente<a href=\"https:\/\/www.metropoles.com\/tag\/lula\" target=\"_blank\" rel=\"noopener\">\u00a0Luiz In\u00e1cio Lula da Silva (PT)<\/a> nesse domingo (8\/1). Os senadores participar\u00e3o de maneira remota.<\/p>\n<p data-gtm-vis-first-on-screen-8752935_845=\"19437\" data-gtm-vis-total-visible-time-8752935_845=\"100\" data-gtm-vis-has-fired-8752935_845=\"1\"><a href=\"https:\/\/www.metropoles.com\/brasil\/politica-brasil\/lula-decreta-intervencao-federal-na-seguranca-publica-do-df-para-conter-bolsonaristas\" target=\"_blank\" rel=\"noopener\">Lula assinou uma Garantia da Lei e da Ordem (GLO)<\/a> \u2014 emprego das For\u00e7as Armadas para frear a depreda\u00e7\u00e3o que manifestantes bolsonaristas promoveram nos pr\u00e9dios dos Tr\u00eas Poderes.<\/p>\n<div class=\"m-carousel-post\" data-gtm-vis-recent-on-screen-8752935_885=\"19581\" data-gtm-vis-first-on-screen-8752935_885=\"19581\" data-gtm-vis-total-visible-time-8752935_885=\"100\" data-gtm-vis-has-fired-8752935_885=\"1\">\n<div class=\"siema m-siema-single-item rendered\">\n<div>\n<div class=\"siema-item active\">\n<div class=\"m-image-carousel\"><img fetchpriority=\"high\" decoding=\"async\" class=\"loading\" src=\"https:\/\/uploads.metropoles.com\/wp-content\/uploads\/2023\/01\/08190653\/Tropa-de-Choque-da-PMDF-durante-retirada-de-manifestantes-bolsonaristas-do-Congresso-Nacional-5-1024x683.jpeg\" alt=\"\" width=\"1026\" height=\"684\" data-src=\"https:\/\/uploads.metropoles.com\/wp-content\/uploads\/2023\/01\/08190653\/Tropa-de-Choque-da-PMDF-durante-retirada-de-manifestantes-bolsonaristas-do-Congresso-Nacional-5-1024x683.jpeg\" data-was-processed=\"true\" \/><\/div>\n<\/div>\n<\/div>\n<div>\n<div class=\"siema-item\">\n<div class=\"m-subtitle-carousel\">\n<p class=\"m-caption\">Tropa de choque da PM atua contra manifestantes violentos em Bras\u00edlia<\/p>\n<\/div>\n<\/div>\n<\/div>\n<\/div>\n<\/div>\n<p>As depend\u00eancias, n\u00e3o s\u00f3 do Senado, mas tamb\u00e9m da C\u00e2mara dos Deputados est\u00e3o danificadas por conta dos ataques em Bras\u00edlia. O presidente da C\u00e2mara, Arthur Lira, marcou a vota\u00e7\u00e3o da Casa ainda para esta segunda-feira (9\/1).<\/p>\n<div>\n<p><strong>Pacheco e Lira retornam ao DF<\/strong><\/p>\n<p>O senador Rodrigo Pacheco (PSD-MG), presidente do Congresso Nacional, e o deputado Arthur Lira (PP-AL), presidente da C\u00e2mara dos Deputados, interromperam as f\u00e9rias e retornaram ao Distrito Federal no domingo (8).<\/p>\n<p>O decreto de interven\u00e7\u00e3o assinado por Lula permite que as For\u00e7as Armadas atuem na capital federal para a retomada da ordem p\u00fablica. Por determina\u00e7\u00e3o da Secretaria de Seguran\u00e7a P\u00fablica do Distrito Federal, a Pol\u00edcia Militar foi convocada para atuar na conten\u00e7\u00e3o aos manifestantes, mas n\u00e3o obteve \u00eaxito.<\/p>\n<p><img decoding=\"async\" src=\"https:\/\/uploads.metropoles.com\/wp-content\/uploads\/2023\/01\/08175456\/Manifestantes-bolsonaristas-presos-no-Pala%CC%81cio-do-Planalto-durante-protestos-antidemocra%CC%81ticos-8-1024x768.jpeg\" \/><\/p>\n<\/div>\n<p><strong>Atos antidemocr\u00e1ticos<\/strong><\/p>\n<div>\n<p>Manifestantes bolsonaristas protagonizaram invas\u00e3o aos pr\u00e9dios do Congresso Nacional, Supremo Tribunal Federal (STF) e Pal\u00e1cio do Planalto durante atos antidemocr\u00e1ticos.<\/p>\n<p>O grupo chegou \u00e0s sedes dos poderes Legislativo, Executivo e Judici\u00e1rio depois de deixar o Quartel General do Ex\u00e9rcito e marchar pela Esplanada dos Minist\u00e9rios.<\/p>\n<p>A Pol\u00edcia Militar do Distrito Federal (PMDF) disparou bombas de g\u00e1s para conter os manifestantes, que ocuparam as c\u00fapulas do Congresso e invadiram \u00e1reas internas do pr\u00e9dio. No Pal\u00e1cio do Planalto, os grupos quebraram vidra\u00e7as e invadiram a rampa de acesso ao pr\u00e9dio, al\u00e9m de depredar m\u00f3veis e artigos de escrit\u00f3rio.<\/p>\n<p><strong>Noticias em Destaque<\/strong><\/p>\n<p style=\"text-align: right;\"><em>Fonte: Portal Metr\u00f3poles<\/em><\/p>\n<\/div>\n","protected":false},"excerpt":{"rendered":"<p>O presidente do Senado Federal, Rodrigo Pacheco (PSD-AM), marcou sess\u00e3o extraordin\u00e1ria, \u00e0s 11h desta ter\u00e7a-feira (10\/1), a fim de votar o decreto de interven\u00e7\u00e3o federal assinado pelo presidente\u00a0Luiz In\u00e1cio Lula da Silva (PT) nesse domingo (8\/1). Os senadores participar\u00e3o de maneira remota. Lula assinou uma Garantia da Lei e da Ordem (GLO) \u2014 emprego das For\u00e7as Armadas para frear a depreda\u00e7\u00e3o que manifestantes bolsonaristas promoveram nos pr\u00e9dios dos Tr\u00eas Poderes. Tropa de choque da PM atua contra manifestantes violentos em Bras\u00edlia As depend\u00eancias, n\u00e3o s\u00f3 do Senado, mas tamb\u00e9m da C\u00e2mara dos Deputados est\u00e3o danificadas por conta dos ataques em Bras\u00edlia. O presidente da C\u00e2mara, Arthur Lira, marcou a vota\u00e7\u00e3o da Casa ainda para esta segunda-feira (9\/1). Pacheco e Lira retornam ao DF O senador Rodrigo Pacheco (PSD-MG), presidente do Congresso Nacional, e o deputado Arthur Lira (PP-AL), presidente da C\u00e2mara dos Deputados, interromperam as f\u00e9rias e retornaram ao Distrito Federal no domingo (8). O decreto de interven\u00e7\u00e3o assinado por Lula permite que as For\u00e7as Armadas atuem na capital federal para a retomada da ordem p\u00fablica. Por determina\u00e7\u00e3o da Secretaria de Seguran\u00e7a P\u00fablica do Distrito Federal, a Pol\u00edcia Militar foi convocada para atuar na conten\u00e7\u00e3o aos manifestantes, mas n\u00e3o obteve \u00eaxito. Atos antidemocr\u00e1ticos Manifestantes bolsonaristas protagonizaram invas\u00e3o aos pr\u00e9dios do Congresso Nacional, Supremo Tribunal Federal (STF) e Pal\u00e1cio do Planalto durante atos antidemocr\u00e1ticos. O grupo chegou \u00e0s sedes dos poderes Legislativo, Executivo e Judici\u00e1rio depois de deixar o Quartel General do Ex\u00e9rcito e marchar pela Esplanada dos Minist\u00e9rios. A Pol\u00edcia Militar do Distrito Federal (PMDF) disparou bombas de g\u00e1s para conter os manifestantes, que ocuparam as c\u00fapulas do Congresso e invadiram \u00e1reas internas do pr\u00e9dio. No Pal\u00e1cio do Planalto, os grupos quebraram vidra\u00e7as e invadiram a rampa de acesso ao pr\u00e9dio, al\u00e9m de depredar m\u00f3veis e artigos de escrit\u00f3rio. Noticias em Destaque Fonte: Portal Metr\u00f3poles<\/p>\n","protected":false},"author":2,"featured_media":45366,"comment_status":"closed","ping_status":"open","sticky":false,"template":"","format":"standard","meta":{"_eb_attr":"","_jetpack_memberships_contains_paid_content":false,"footnotes":""},"categories":[4],"tags":[],"class_list":["post-45365","post","type-post","status-publish","format-standard","has-post-thumbnail","hentry","category-politica"],"yoast_head":"<!-- This site is optimized with the Yoast SEO plugin v26.5 - https:\/\/yoast.com\/wordpress\/plugins\/seo\/ -->\n<title>Senado votar\u00e1 interven\u00e7\u00e3o federal no DF nesta ter\u00e7a-feira (10\/1) - Not&iacute;cias em Destaque<\/title>\n<meta name=\"robots\" content=\"index, follow, max-snippet:-1, max-image-preview:large, max-video-preview:-1\" \/>\n<link rel=\"canonical\" href=\"https:\/\/noticiasemdestaque.com\/cd\/?p=45365\" \/>\n<meta property=\"og:locale\" content=\"pt_BR\" \/>\n<meta property=\"og:type\" content=\"article\" \/>\n<meta property=\"og:title\" content=\"Senado votar\u00e1 interven\u00e7\u00e3o federal no DF nesta ter\u00e7a-feira (10\/1) - Not&iacute;cias em Destaque\" \/>\n<meta property=\"og:description\" content=\"O presidente do Senado Federal, Rodrigo Pacheco (PSD-AM), marcou sess\u00e3o extraordin\u00e1ria, \u00e0s 11h desta ter\u00e7a-feira (10\/1), a fim de votar o decreto de interven\u00e7\u00e3o federal assinado pelo presidente\u00a0Luiz In\u00e1cio Lula da Silva (PT) nesse domingo (8\/1). Os senadores participar\u00e3o de maneira remota. Lula assinou uma Garantia da Lei e da Ordem (GLO) \u2014 emprego das For\u00e7as Armadas para frear a depreda\u00e7\u00e3o que manifestantes bolsonaristas promoveram nos pr\u00e9dios dos Tr\u00eas Poderes. Tropa de choque da PM atua contra manifestantes violentos em Bras\u00edlia As depend\u00eancias, n\u00e3o s\u00f3 do Senado, mas tamb\u00e9m da C\u00e2mara dos Deputados est\u00e3o danificadas por conta dos ataques em Bras\u00edlia. O presidente da C\u00e2mara, Arthur Lira, marcou a vota\u00e7\u00e3o da Casa ainda para esta segunda-feira (9\/1). Pacheco e Lira retornam ao DF O senador Rodrigo Pacheco (PSD-MG), presidente do Congresso Nacional, e o deputado Arthur Lira (PP-AL), presidente da C\u00e2mara dos Deputados, interromperam as f\u00e9rias e retornaram ao Distrito Federal no domingo (8). O decreto de interven\u00e7\u00e3o assinado por Lula permite que as For\u00e7as Armadas atuem na capital federal para a retomada da ordem p\u00fablica. Por determina\u00e7\u00e3o da Secretaria de Seguran\u00e7a P\u00fablica do Distrito Federal, a Pol\u00edcia Militar foi convocada para atuar na conten\u00e7\u00e3o aos manifestantes, mas n\u00e3o obteve \u00eaxito. Atos antidemocr\u00e1ticos Manifestantes bolsonaristas protagonizaram invas\u00e3o aos pr\u00e9dios do Congresso Nacional, Supremo Tribunal Federal (STF) e Pal\u00e1cio do Planalto durante atos antidemocr\u00e1ticos. O grupo chegou \u00e0s sedes dos poderes Legislativo, Executivo e Judici\u00e1rio depois de deixar o Quartel General do Ex\u00e9rcito e marchar pela Esplanada dos Minist\u00e9rios. A Pol\u00edcia Militar do Distrito Federal (PMDF) disparou bombas de g\u00e1s para conter os manifestantes, que ocuparam as c\u00fapulas do Congresso e invadiram \u00e1reas internas do pr\u00e9dio. No Pal\u00e1cio do Planalto, os grupos quebraram vidra\u00e7as e invadiram a rampa de acesso ao pr\u00e9dio, al\u00e9m de depredar m\u00f3veis e artigos de escrit\u00f3rio. Noticias em Destaque Fonte: Portal Metr\u00f3poles\" \/>\n<meta property=\"og:url\" content=\"https:\/\/noticiasemdestaque.com\/cd\/?p=45365\" \/>\n<meta property=\"og:site_name\" content=\"Not&iacute;cias em Destaque\" \/>\n<meta property=\"article:published_time\" content=\"2023-01-10T11:50:07+00:00\" \/>\n<meta property=\"og:image\" content=\"https:\/\/noticiasemdestaque.com\/cd\/wp-content\/uploads\/2023\/01\/Rodrigo-Pacheco-presta-homenagem-a-Pele-600x400-1.webp\" \/>\n\t<meta property=\"og:image:width\" content=\"600\" \/>\n\t<meta property=\"og:image:height\" content=\"400\" \/>\n\t<meta property=\"og:image:type\" content=\"image\/webp\" \/>\n<meta name=\"author\" content=\"Not\u00edcias em Destaque\" \/>\n<meta name=\"twitter:card\" content=\"summary_large_image\" \/>\n<meta name=\"twitter:label1\" content=\"Escrito por\" \/>\n\t<meta name=\"twitter:data1\" content=\"Not\u00edcias em Destaque\" \/>\n\t<meta name=\"twitter:label2\" content=\"Est. tempo de leitura\" \/>\n\t<meta name=\"twitter:data2\" content=\"3 minutos\" \/>\n<script type=\"application\/ld+json\" class=\"yoast-schema-graph\">{\"@context\":\"https:\/\/schema.org\",\"@graph\":[{\"@type\":\"Article\",\"@id\":\"https:\/\/noticiasemdestaque.com\/cd\/?p=45365#article\",\"isPartOf\":{\"@id\":\"https:\/\/noticiasemdestaque.com\/cd\/?p=45365\"},\"author\":{\"name\":\"Not\u00edcias em Destaque\",\"@id\":\"https:\/\/noticiasemdestaque.com\/cd\/#\/schema\/person\/47f7d4f55eec17c6b2ca036c5500f6ce\"},\"headline\":\"Senado votar\u00e1 interven\u00e7\u00e3o federal no DF nesta ter\u00e7a-feira (10\/1)\",\"datePublished\":\"2023-01-10T11:50:07+00:00\",\"mainEntityOfPage\":{\"@id\":\"https:\/\/noticiasemdestaque.com\/cd\/?p=45365\"},\"wordCount\":360,\"publisher\":{\"@id\":\"https:\/\/noticiasemdestaque.com\/cd\/#organization\"},\"image\":{\"@id\":\"https:\/\/noticiasemdestaque.com\/cd\/?p=45365#primaryimage\"},\"thumbnailUrl\":\"https:\/\/noticiasemdestaque.com\/cd\/wp-content\/uploads\/2023\/01\/Rodrigo-Pacheco-presta-homenagem-a-Pele-600x400-1.webp\",\"articleSection\":[\"Pol\u00edtica\"],\"inLanguage\":\"pt-BR\"},{\"@type\":\"WebPage\",\"@id\":\"https:\/\/noticiasemdestaque.com\/cd\/?p=45365\",\"url\":\"https:\/\/noticiasemdestaque.com\/cd\/?p=45365\",\"name\":\"Senado votar\u00e1 interven\u00e7\u00e3o federal no DF nesta ter\u00e7a-feira (10\/1) - Not&iacute;cias em Destaque\",\"isPartOf\":{\"@id\":\"https:\/\/noticiasemdestaque.com\/cd\/#website\"},\"primaryImageOfPage\":{\"@id\":\"https:\/\/noticiasemdestaque.com\/cd\/?p=45365#primaryimage\"},\"image\":{\"@id\":\"https:\/\/noticiasemdestaque.com\/cd\/?p=45365#primaryimage\"},\"thumbnailUrl\":\"https:\/\/noticiasemdestaque.com\/cd\/wp-content\/uploads\/2023\/01\/Rodrigo-Pacheco-presta-homenagem-a-Pele-600x400-1.webp\",\"datePublished\":\"2023-01-10T11:50:07+00:00\",\"breadcrumb\":{\"@id\":\"https:\/\/noticiasemdestaque.com\/cd\/?p=45365#breadcrumb\"},\"inLanguage\":\"pt-BR\",\"potentialAction\":[{\"@type\":\"ReadAction\",\"target\":[\"https:\/\/noticiasemdestaque.com\/cd\/?p=45365\"]}]},{\"@type\":\"ImageObject\",\"inLanguage\":\"pt-BR\",\"@id\":\"https:\/\/noticiasemdestaque.com\/cd\/?p=45365#primaryimage\",\"url\":\"https:\/\/noticiasemdestaque.com\/cd\/wp-content\/uploads\/2023\/01\/Rodrigo-Pacheco-presta-homenagem-a-Pele-600x400-1.webp\",\"contentUrl\":\"https:\/\/noticiasemdestaque.com\/cd\/wp-content\/uploads\/2023\/01\/Rodrigo-Pacheco-presta-homenagem-a-Pele-600x400-1.webp\",\"width\":600,\"height\":400},{\"@type\":\"BreadcrumbList\",\"@id\":\"https:\/\/noticiasemdestaque.com\/cd\/?p=45365#breadcrumb\",\"itemListElement\":[{\"@type\":\"ListItem\",\"position\":1,\"name\":\"In\u00edcio\",\"item\":\"https:\/\/noticiasemdestaque.com\/cd\/\"},{\"@type\":\"ListItem\",\"position\":2,\"name\":\"Senado votar\u00e1 interven\u00e7\u00e3o federal no DF nesta ter\u00e7a-feira (10\/1)\"}]},{\"@type\":\"WebSite\",\"@id\":\"https:\/\/noticiasemdestaque.com\/cd\/#website\",\"url\":\"https:\/\/noticiasemdestaque.com\/cd\/\",\"name\":\"Not&iacute;cias em Destaque\",\"description\":\"\",\"publisher\":{\"@id\":\"https:\/\/noticiasemdestaque.com\/cd\/#organization\"},\"potentialAction\":[{\"@type\":\"SearchAction\",\"target\":{\"@type\":\"EntryPoint\",\"urlTemplate\":\"https:\/\/noticiasemdestaque.com\/cd\/?s={search_term_string}\"},\"query-input\":{\"@type\":\"PropertyValueSpecification\",\"valueRequired\":true,\"valueName\":\"search_term_string\"}}],\"inLanguage\":\"pt-BR\"},{\"@type\":\"Organization\",\"@id\":\"https:\/\/noticiasemdestaque.com\/cd\/#organization\",\"name\":\"Not\u00edcias em Destaque\",\"url\":\"https:\/\/noticiasemdestaque.com\/cd\/\",\"logo\":{\"@type\":\"ImageObject\",\"inLanguage\":\"pt-BR\",\"@id\":\"https:\/\/noticiasemdestaque.com\/cd\/#\/schema\/logo\/image\/\",\"url\":\"https:\/\/noticiasemdestaque.com\/cd\/wp-content\/uploads\/2022\/05\/imagem-base-noticiasemdestaque.png\",\"contentUrl\":\"https:\/\/noticiasemdestaque.com\/cd\/wp-content\/uploads\/2022\/05\/imagem-base-noticiasemdestaque.png\",\"width\":1200,\"height\":630,\"caption\":\"Not\u00edcias em Destaque\"},\"image\":{\"@id\":\"https:\/\/noticiasemdestaque.com\/cd\/#\/schema\/logo\/image\/\"}},{\"@type\":\"Person\",\"@id\":\"https:\/\/noticiasemdestaque.com\/cd\/#\/schema\/person\/47f7d4f55eec17c6b2ca036c5500f6ce\",\"name\":\"Not\u00edcias em Destaque\",\"url\":\"https:\/\/noticiasemdestaque.com\/cd\/?author=2\"}]}<\/script>\n<!-- \/ Yoast SEO plugin. -->","yoast_head_json":{"title":"Senado votar\u00e1 interven\u00e7\u00e3o federal no DF nesta ter\u00e7a-feira (10\/1) - Not&iacute;cias em Destaque","robots":{"index":"index","follow":"follow","max-snippet":"max-snippet:-1","max-image-preview":"max-image-preview:large","max-video-preview":"max-video-preview:-1"},"canonical":"https:\/\/noticiasemdestaque.com\/cd\/?p=45365","og_locale":"pt_BR","og_type":"article","og_title":"Senado votar\u00e1 interven\u00e7\u00e3o federal no DF nesta ter\u00e7a-feira (10\/1) - Not&iacute;cias em Destaque","og_description":"O presidente do Senado Federal, Rodrigo Pacheco (PSD-AM), marcou sess\u00e3o extraordin\u00e1ria, \u00e0s 11h desta ter\u00e7a-feira (10\/1), a fim de votar o decreto de interven\u00e7\u00e3o federal assinado pelo presidente\u00a0Luiz In\u00e1cio Lula da Silva (PT) nesse domingo (8\/1). Os senadores participar\u00e3o de maneira remota. Lula assinou uma Garantia da Lei e da Ordem (GLO) \u2014 emprego das For\u00e7as Armadas para frear a depreda\u00e7\u00e3o que manifestantes bolsonaristas promoveram nos pr\u00e9dios dos Tr\u00eas Poderes. Tropa de choque da PM atua contra manifestantes violentos em Bras\u00edlia As depend\u00eancias, n\u00e3o s\u00f3 do Senado, mas tamb\u00e9m da C\u00e2mara dos Deputados est\u00e3o danificadas por conta dos ataques em Bras\u00edlia. O presidente da C\u00e2mara, Arthur Lira, marcou a vota\u00e7\u00e3o da Casa ainda para esta segunda-feira (9\/1). Pacheco e Lira retornam ao DF O senador Rodrigo Pacheco (PSD-MG), presidente do Congresso Nacional, e o deputado Arthur Lira (PP-AL), presidente da C\u00e2mara dos Deputados, interromperam as f\u00e9rias e retornaram ao Distrito Federal no domingo (8). O decreto de interven\u00e7\u00e3o assinado por Lula permite que as For\u00e7as Armadas atuem na capital federal para a retomada da ordem p\u00fablica. Por determina\u00e7\u00e3o da Secretaria de Seguran\u00e7a P\u00fablica do Distrito Federal, a Pol\u00edcia Militar foi convocada para atuar na conten\u00e7\u00e3o aos manifestantes, mas n\u00e3o obteve \u00eaxito. Atos antidemocr\u00e1ticos Manifestantes bolsonaristas protagonizaram invas\u00e3o aos pr\u00e9dios do Congresso Nacional, Supremo Tribunal Federal (STF) e Pal\u00e1cio do Planalto durante atos antidemocr\u00e1ticos. O grupo chegou \u00e0s sedes dos poderes Legislativo, Executivo e Judici\u00e1rio depois de deixar o Quartel General do Ex\u00e9rcito e marchar pela Esplanada dos Minist\u00e9rios. A Pol\u00edcia Militar do Distrito Federal (PMDF) disparou bombas de g\u00e1s para conter os manifestantes, que ocuparam as c\u00fapulas do Congresso e invadiram \u00e1reas internas do pr\u00e9dio. No Pal\u00e1cio do Planalto, os grupos quebraram vidra\u00e7as e invadiram a rampa de acesso ao pr\u00e9dio, al\u00e9m de depredar m\u00f3veis e artigos de escrit\u00f3rio. Noticias em Destaque Fonte: Portal Metr\u00f3poles","og_url":"https:\/\/noticiasemdestaque.com\/cd\/?p=45365","og_site_name":"Not&iacute;cias em Destaque","article_published_time":"2023-01-10T11:50:07+00:00","og_image":[{"width":600,"height":400,"url":"https:\/\/noticiasemdestaque.com\/cd\/wp-content\/uploads\/2023\/01\/Rodrigo-Pacheco-presta-homenagem-a-Pele-600x400-1.webp","type":"image\/webp"}],"author":"Not\u00edcias em Destaque","twitter_card":"summary_large_image","twitter_misc":{"Escrito por":"Not\u00edcias em Destaque","Est. tempo de leitura":"3 minutos"},"schema":{"@context":"https:\/\/schema.org","@graph":[{"@type":"Article","@id":"https:\/\/noticiasemdestaque.com\/cd\/?p=45365#article","isPartOf":{"@id":"https:\/\/noticiasemdestaque.com\/cd\/?p=45365"},"author":{"name":"Not\u00edcias em Destaque","@id":"https:\/\/noticiasemdestaque.com\/cd\/#\/schema\/person\/47f7d4f55eec17c6b2ca036c5500f6ce"},"headline":"Senado votar\u00e1 interven\u00e7\u00e3o federal no DF nesta ter\u00e7a-feira (10\/1)","datePublished":"2023-01-10T11:50:07+00:00","mainEntityOfPage":{"@id":"https:\/\/noticiasemdestaque.com\/cd\/?p=45365"},"wordCount":360,"publisher":{"@id":"https:\/\/noticiasemdestaque.com\/cd\/#organization"},"image":{"@id":"https:\/\/noticiasemdestaque.com\/cd\/?p=45365#primaryimage"},"thumbnailUrl":"https:\/\/noticiasemdestaque.com\/cd\/wp-content\/uploads\/2023\/01\/Rodrigo-Pacheco-presta-homenagem-a-Pele-600x400-1.webp","articleSection":["Pol\u00edtica"],"inLanguage":"pt-BR"},{"@type":"WebPage","@id":"https:\/\/noticiasemdestaque.com\/cd\/?p=45365","url":"https:\/\/noticiasemdestaque.com\/cd\/?p=45365","name":"Senado votar\u00e1 interven\u00e7\u00e3o federal no DF nesta ter\u00e7a-feira (10\/1) - Not&iacute;cias em Destaque","isPartOf":{"@id":"https:\/\/noticiasemdestaque.com\/cd\/#website"},"primaryImageOfPage":{"@id":"https:\/\/noticiasemdestaque.com\/cd\/?p=45365#primaryimage"},"image":{"@id":"https:\/\/noticiasemdestaque.com\/cd\/?p=45365#primaryimage"},"thumbnailUrl":"https:\/\/noticiasemdestaque.com\/cd\/wp-content\/uploads\/2023\/01\/Rodrigo-Pacheco-presta-homenagem-a-Pele-600x400-1.webp","datePublished":"2023-01-10T11:50:07+00:00","breadcrumb":{"@id":"https:\/\/noticiasemdestaque.com\/cd\/?p=45365#breadcrumb"},"inLanguage":"pt-BR","potentialAction":[{"@type":"ReadAction","target":["https:\/\/noticiasemdestaque.com\/cd\/?p=45365"]}]},{"@type":"ImageObject","inLanguage":"pt-BR","@id":"https:\/\/noticiasemdestaque.com\/cd\/?p=45365#primaryimage","url":"https:\/\/noticiasemdestaque.com\/cd\/wp-content\/uploads\/2023\/01\/Rodrigo-Pacheco-presta-homenagem-a-Pele-600x400-1.webp","contentUrl":"https:\/\/noticiasemdestaque.com\/cd\/wp-content\/uploads\/2023\/01\/Rodrigo-Pacheco-presta-homenagem-a-Pele-600x400-1.webp","width":600,"height":400},{"@type":"BreadcrumbList","@id":"https:\/\/noticiasemdestaque.com\/cd\/?p=45365#breadcrumb","itemListElement":[{"@type":"ListItem","position":1,"name":"In\u00edcio","item":"https:\/\/noticiasemdestaque.com\/cd\/"},{"@type":"ListItem","position":2,"name":"Senado votar\u00e1 interven\u00e7\u00e3o federal no DF nesta ter\u00e7a-feira (10\/1)"}]},{"@type":"WebSite","@id":"https:\/\/noticiasemdestaque.com\/cd\/#website","url":"https:\/\/noticiasemdestaque.com\/cd\/","name":"Not&iacute;cias em Destaque","description":"","publisher":{"@id":"https:\/\/noticiasemdestaque.com\/cd\/#organization"},"potentialAction":[{"@type":"SearchAction","target":{"@type":"EntryPoint","urlTemplate":"https:\/\/noticiasemdestaque.com\/cd\/?s={search_term_string}"},"query-input":{"@type":"PropertyValueSpecification","valueRequired":true,"valueName":"search_term_string"}}],"inLanguage":"pt-BR"},{"@type":"Organization","@id":"https:\/\/noticiasemdestaque.com\/cd\/#organization","name":"Not\u00edcias em Destaque","url":"https:\/\/noticiasemdestaque.com\/cd\/","logo":{"@type":"ImageObject","inLanguage":"pt-BR","@id":"https:\/\/noticiasemdestaque.com\/cd\/#\/schema\/logo\/image\/","url":"https:\/\/noticiasemdestaque.com\/cd\/wp-content\/uploads\/2022\/05\/imagem-base-noticiasemdestaque.png","contentUrl":"https:\/\/noticiasemdestaque.com\/cd\/wp-content\/uploads\/2022\/05\/imagem-base-noticiasemdestaque.png","width":1200,"height":630,"caption":"Not\u00edcias em Destaque"},"image":{"@id":"https:\/\/noticiasemdestaque.com\/cd\/#\/schema\/logo\/image\/"}},{"@type":"Person","@id":"https:\/\/noticiasemdestaque.com\/cd\/#\/schema\/person\/47f7d4f55eec17c6b2ca036c5500f6ce","name":"Not\u00edcias em Destaque","url":"https:\/\/noticiasemdestaque.com\/cd\/?author=2"}]}},"jetpack_featured_media_url":"https:\/\/noticiasemdestaque.com\/cd\/wp-content\/uploads\/2023\/01\/Rodrigo-Pacheco-presta-homenagem-a-Pele-600x400-1.webp","jetpack_sharing_enabled":true,"_links":{"self":[{"href":"https:\/\/noticiasemdestaque.com\/cd\/index.php?rest_route=\/wp\/v2\/posts\/45365","targetHints":{"allow":["GET"]}}],"collection":[{"href":"https:\/\/noticiasemdestaque.com\/cd\/index.php?rest_route=\/wp\/v2\/posts"}],"about":[{"href":"https:\/\/noticiasemdestaque.com\/cd\/index.php?rest_route=\/wp\/v2\/types\/post"}],"author":[{"embeddable":true,"href":"https:\/\/noticiasemdestaque.com\/cd\/index.php?rest_route=\/wp\/v2\/users\/2"}],"replies":[{"embeddable":true,"href":"https:\/\/noticiasemdestaque.com\/cd\/index.php?rest_route=%2Fwp%2Fv2%2Fcomments&post=45365"}],"version-history":[{"count":1,"href":"https:\/\/noticiasemdestaque.com\/cd\/index.php?rest_route=\/wp\/v2\/posts\/45365\/revisions"}],"predecessor-version":[{"id":45367,"href":"https:\/\/noticiasemdestaque.com\/cd\/index.php?rest_route=\/wp\/v2\/posts\/45365\/revisions\/45367"}],"wp:featuredmedia":[{"embeddable":true,"href":"https:\/\/noticiasemdestaque.com\/cd\/index.php?rest_route=\/wp\/v2\/media\/45366"}],"wp:attachment":[{"href":"https:\/\/noticiasemdestaque.com\/cd\/index.php?rest_route=%2Fwp%2Fv2%2Fmedia&parent=45365"}],"wp:term":[{"taxonomy":"category","embeddable":true,"href":"https:\/\/noticiasemdestaque.com\/cd\/index.php?rest_route=%2Fwp%2Fv2%2Fcategories&post=45365"},{"taxonomy":"post_tag","embeddable":true,"href":"https:\/\/noticiasemdestaque.com\/cd\/index.php?rest_route=%2Fwp%2Fv2%2Ftags&post=45365"}],"curies":[{"name":"wp","href":"https:\/\/api.w.org\/{rel}","templated":true}]}}