{"id":4536,"date":"2017-09-21T21:00:51","date_gmt":"2017-09-22T00:00:51","guid":{"rendered":"http:\/\/caririemdestaque.com\/cd\/?p=4536"},"modified":"2017-09-21T21:00:51","modified_gmt":"2017-09-22T00:00:51","slug":"paraiba-e-o-quinto-estado-a-gerar-mais-empregos-com-carteira-assinada","status":"publish","type":"post","link":"https:\/\/noticiasemdestaque.com\/cd\/?p=4536","title":{"rendered":"Para\u00edba \u00e9 o quinto Estado a gerar mais empregos com carteira assinada"},"content":{"rendered":"<p><a href=\"http:\/\/caririemdestaque.com\/cd\/wp-content\/uploads\/2017\/09\/carteira_de_trabalho.jpg\"><img fetchpriority=\"high\" decoding=\"async\" class=\"alignleft wp-image-4537 size-medium\" src=\"http:\/\/caririemdestaque.com\/cd\/wp-content\/uploads\/2017\/09\/carteira_de_trabalho-300x200.jpg\" alt=\"\" width=\"300\" height=\"200\" srcset=\"https:\/\/noticiasemdestaque.com\/cd\/wp-content\/uploads\/2017\/09\/carteira_de_trabalho-300x200.jpg 300w, https:\/\/noticiasemdestaque.com\/cd\/wp-content\/uploads\/2017\/09\/carteira_de_trabalho-768x513.jpg 768w, https:\/\/noticiasemdestaque.com\/cd\/wp-content\/uploads\/2017\/09\/carteira_de_trabalho-480x320.jpg 480w, https:\/\/noticiasemdestaque.com\/cd\/wp-content\/uploads\/2017\/09\/carteira_de_trabalho.jpg 876w\" sizes=\"(max-width: 300px) 100vw, 300px\" \/><\/a>Com 3.511 postos de trabalho com carteira assinada, a Para\u00edba gerou o 5\u00ba maior saldo de empregos do pa\u00eds e o terceiro do Nordeste em agosto, segundo dados do Cadastro Geral de Empregados e Desempregados (Caged), divulgados nesta quinta-feira (21) pelo Minist\u00e9rio do Trabalho.<\/p>\n<p>O n\u00famero de empregos abertos \u00e9 o saldo, ou seja, o total de contrata\u00e7\u00f5es menos o de demiss\u00f5es no per\u00edodo. Em agosto, foram 13.361 novos trabalhadores, contra 9.850 desligamentos nas atividades econ\u00f4micas do Estado. Apesar de a forte crise econ\u00f4mica persistir, \u00e9 o terceiro m\u00eas seguido de saldo positivo de empregos formais na Para\u00edba este ano e o melhor em termos de cria\u00e7\u00e3o de vagas.<\/p>\n<p>Os cinco estados que mais geraram empregos em agosto foram S\u00e3o Paulo (17.320), Santa Catarina (6.130), Cear\u00e1 (4.975), Pernambuco (4.206) e a Para\u00edba (3.511). Contudo, quando considerado a varia\u00e7\u00e3o de postos no m\u00eas de agosto, a Para\u00edba salta para a primeira coloca\u00e7\u00e3o do pa\u00eds com alta de 0,90% no estoque de empregos acumulados, enquanto os demais estados como Cear\u00e1 (0,43%), Pernambuco (0,34%), Santa Catarina (0,31%) e S\u00e3o Paulo (0,14%) tiveram varia\u00e7\u00f5es bem abaixo no estoque quando comparado \u00e0 Para\u00edba. A m\u00e9dia do pa\u00eds foi de apenas 0,09%, enquanto no Nordeste a taxa do estoque de empregos acumulados subiu 0,32%.<\/p>\n<p>Cen\u00e1rio regional \u2013 O Nordeste liderou a cria\u00e7\u00e3o de vagas no m\u00eas de agosto. Quase 60% do saldo de emprego do pa\u00eds (19.964 vagas) vieram de oito dos nove Estados da Regi\u00e3o. Apenas Alagoas teve registro negativo, enquanto a Para\u00edba foi o terceiro mais expressivo, atr\u00e1s apenas do Cear\u00e1 e Pernambuco. Bem mais modesta, a segunda regi\u00e3o com saldo mais positivo foi a Regi\u00e3o Sul com 5.935 vagas, seguida das regi\u00f5es Centro-Oeste (4.655) e Norte (3.265). O Sudeste, mesmo S\u00e3o Paulo gerando o maior volume de empregos, ficou com saldo de apenas 1.628 postos, pois os outros estados que formam a Regi\u00e3o (MG, RJ e ES) tiveram quedas expressivas no saldo de emprego em agosto. J\u00e1 em todo o pa\u00eds, foram gerados 35.547 postos em agosto, o que leva a contabilizar que somente a Para\u00edba gerou 10% do saldo de vagas do pa\u00eds no \u00faltimo m\u00eas.<\/p>\n<p>&nbsp;<\/p>\n","protected":false},"excerpt":{"rendered":"<p>Com 3.511 postos de trabalho com carteira assinada, a Para\u00edba gerou o 5\u00ba maior saldo de empregos do pa\u00eds e o terceiro do Nordeste em agosto, segundo dados do Cadastro Geral de Empregados e Desempregados (Caged), divulgados nesta quinta-feira (21) pelo Minist\u00e9rio do Trabalho. O n\u00famero de empregos abertos \u00e9 o saldo, ou seja, o total de contrata\u00e7\u00f5es menos o de demiss\u00f5es no per\u00edodo. Em agosto, foram 13.361 novos trabalhadores, contra 9.850 desligamentos nas atividades econ\u00f4micas do Estado. Apesar de a forte crise econ\u00f4mica persistir, \u00e9 o terceiro m\u00eas seguido de saldo positivo de empregos formais na Para\u00edba este ano e o melhor em termos de cria\u00e7\u00e3o de vagas. Os cinco estados que mais geraram empregos em agosto foram S\u00e3o Paulo (17.320), Santa Catarina (6.130), Cear\u00e1 (4.975), Pernambuco (4.206) e a Para\u00edba (3.511). Contudo, quando considerado a varia\u00e7\u00e3o de postos no m\u00eas de agosto, a Para\u00edba salta para a primeira coloca\u00e7\u00e3o do pa\u00eds com alta de 0,90% no estoque de empregos acumulados, enquanto os demais estados como Cear\u00e1 (0,43%), Pernambuco (0,34%), Santa Catarina (0,31%) e S\u00e3o Paulo (0,14%) tiveram varia\u00e7\u00f5es bem abaixo no estoque quando comparado \u00e0 Para\u00edba. A m\u00e9dia do pa\u00eds foi de apenas 0,09%, enquanto no Nordeste a taxa do estoque de empregos acumulados subiu 0,32%. Cen\u00e1rio regional \u2013 O Nordeste liderou a cria\u00e7\u00e3o de vagas no m\u00eas de agosto. Quase 60% do saldo de emprego do pa\u00eds (19.964 vagas) vieram de oito dos nove Estados da Regi\u00e3o. Apenas Alagoas teve registro negativo, enquanto a Para\u00edba foi o terceiro mais expressivo, atr\u00e1s apenas do Cear\u00e1 e Pernambuco. Bem mais modesta, a segunda regi\u00e3o com saldo mais positivo foi a Regi\u00e3o Sul com 5.935 vagas, seguida das regi\u00f5es Centro-Oeste (4.655) e Norte (3.265). O Sudeste, mesmo S\u00e3o Paulo gerando o maior volume de empregos, ficou com saldo de apenas 1.628 postos, pois os outros estados que formam a Regi\u00e3o (MG, RJ e ES) tiveram quedas expressivas no saldo de emprego em agosto. J\u00e1 em todo o pa\u00eds, foram gerados 35.547 postos em agosto, o que leva a contabilizar que somente a Para\u00edba gerou 10% do saldo de vagas do pa\u00eds no \u00faltimo m\u00eas. &nbsp;<\/p>\n","protected":false},"author":2,"featured_media":4537,"comment_status":"closed","ping_status":"open","sticky":false,"template":"","format":"standard","meta":{"_eb_attr":"","_jetpack_memberships_contains_paid_content":false,"footnotes":""},"categories":[11],"tags":[],"class_list":["post-4536","post","type-post","status-publish","format-standard","has-post-thumbnail","hentry","category-economia"],"yoast_head":"<!-- This site is optimized with the Yoast SEO plugin v26.5 - https:\/\/yoast.com\/wordpress\/plugins\/seo\/ -->\n<title>Para\u00edba \u00e9 o quinto Estado a gerar mais empregos com carteira assinada - Not&iacute;cias em Destaque<\/title>\n<meta name=\"robots\" content=\"index, follow, max-snippet:-1, max-image-preview:large, max-video-preview:-1\" \/>\n<link rel=\"canonical\" href=\"https:\/\/noticiasemdestaque.com\/cd\/?p=4536\" \/>\n<meta property=\"og:locale\" content=\"pt_BR\" \/>\n<meta property=\"og:type\" content=\"article\" \/>\n<meta property=\"og:title\" content=\"Para\u00edba \u00e9 o quinto Estado a gerar mais empregos com carteira assinada - Not&iacute;cias em Destaque\" \/>\n<meta property=\"og:description\" content=\"Com 3.511 postos de trabalho com carteira assinada, a Para\u00edba gerou o 5\u00ba maior saldo de empregos do pa\u00eds e o terceiro do Nordeste em agosto, segundo dados do Cadastro Geral de Empregados e Desempregados (Caged), divulgados nesta quinta-feira (21) pelo Minist\u00e9rio do Trabalho. O n\u00famero de empregos abertos \u00e9 o saldo, ou seja, o total de contrata\u00e7\u00f5es menos o de demiss\u00f5es no per\u00edodo. Em agosto, foram 13.361 novos trabalhadores, contra 9.850 desligamentos nas atividades econ\u00f4micas do Estado. Apesar de a forte crise econ\u00f4mica persistir, \u00e9 o terceiro m\u00eas seguido de saldo positivo de empregos formais na Para\u00edba este ano e o melhor em termos de cria\u00e7\u00e3o de vagas. Os cinco estados que mais geraram empregos em agosto foram S\u00e3o Paulo (17.320), Santa Catarina (6.130), Cear\u00e1 (4.975), Pernambuco (4.206) e a Para\u00edba (3.511). Contudo, quando considerado a varia\u00e7\u00e3o de postos no m\u00eas de agosto, a Para\u00edba salta para a primeira coloca\u00e7\u00e3o do pa\u00eds com alta de 0,90% no estoque de empregos acumulados, enquanto os demais estados como Cear\u00e1 (0,43%), Pernambuco (0,34%), Santa Catarina (0,31%) e S\u00e3o Paulo (0,14%) tiveram varia\u00e7\u00f5es bem abaixo no estoque quando comparado \u00e0 Para\u00edba. A m\u00e9dia do pa\u00eds foi de apenas 0,09%, enquanto no Nordeste a taxa do estoque de empregos acumulados subiu 0,32%. Cen\u00e1rio regional \u2013 O Nordeste liderou a cria\u00e7\u00e3o de vagas no m\u00eas de agosto. Quase 60% do saldo de emprego do pa\u00eds (19.964 vagas) vieram de oito dos nove Estados da Regi\u00e3o. Apenas Alagoas teve registro negativo, enquanto a Para\u00edba foi o terceiro mais expressivo, atr\u00e1s apenas do Cear\u00e1 e Pernambuco. Bem mais modesta, a segunda regi\u00e3o com saldo mais positivo foi a Regi\u00e3o Sul com 5.935 vagas, seguida das regi\u00f5es Centro-Oeste (4.655) e Norte (3.265). O Sudeste, mesmo S\u00e3o Paulo gerando o maior volume de empregos, ficou com saldo de apenas 1.628 postos, pois os outros estados que formam a Regi\u00e3o (MG, RJ e ES) tiveram quedas expressivas no saldo de emprego em agosto. J\u00e1 em todo o pa\u00eds, foram gerados 35.547 postos em agosto, o que leva a contabilizar que somente a Para\u00edba gerou 10% do saldo de vagas do pa\u00eds no \u00faltimo m\u00eas. &nbsp;\" \/>\n<meta property=\"og:url\" content=\"https:\/\/noticiasemdestaque.com\/cd\/?p=4536\" \/>\n<meta property=\"og:site_name\" content=\"Not&iacute;cias em Destaque\" \/>\n<meta property=\"article:published_time\" content=\"2017-09-22T00:00:51+00:00\" \/>\n<meta property=\"og:image\" content=\"https:\/\/noticiasemdestaque.com\/cd\/wp-content\/uploads\/2017\/09\/carteira_de_trabalho.jpg\" \/>\n\t<meta property=\"og:image:width\" content=\"876\" \/>\n\t<meta property=\"og:image:height\" content=\"585\" \/>\n\t<meta property=\"og:image:type\" content=\"image\/jpeg\" \/>\n<meta name=\"author\" content=\"Not\u00edcias em Destaque\" \/>\n<meta name=\"twitter:card\" content=\"summary_large_image\" \/>\n<meta name=\"twitter:label1\" content=\"Escrito por\" \/>\n\t<meta name=\"twitter:data1\" content=\"Not\u00edcias em Destaque\" \/>\n\t<meta name=\"twitter:label2\" content=\"Est. tempo de leitura\" \/>\n\t<meta name=\"twitter:data2\" content=\"2 minutos\" \/>\n<script type=\"application\/ld+json\" class=\"yoast-schema-graph\">{\"@context\":\"https:\/\/schema.org\",\"@graph\":[{\"@type\":\"Article\",\"@id\":\"https:\/\/noticiasemdestaque.com\/cd\/?p=4536#article\",\"isPartOf\":{\"@id\":\"https:\/\/noticiasemdestaque.com\/cd\/?p=4536\"},\"author\":{\"name\":\"Not\u00edcias em Destaque\",\"@id\":\"https:\/\/noticiasemdestaque.com\/cd\/#\/schema\/person\/21320b03a7e8bb90128938dafc9b908a\"},\"headline\":\"Para\u00edba \u00e9 o quinto Estado a gerar mais empregos com carteira assinada\",\"datePublished\":\"2017-09-22T00:00:51+00:00\",\"mainEntityOfPage\":{\"@id\":\"https:\/\/noticiasemdestaque.com\/cd\/?p=4536\"},\"wordCount\":378,\"publisher\":{\"@id\":\"https:\/\/noticiasemdestaque.com\/cd\/#organization\"},\"image\":{\"@id\":\"https:\/\/noticiasemdestaque.com\/cd\/?p=4536#primaryimage\"},\"thumbnailUrl\":\"https:\/\/noticiasemdestaque.com\/cd\/wp-content\/uploads\/2017\/09\/carteira_de_trabalho.jpg\",\"articleSection\":[\"Economia\"],\"inLanguage\":\"pt-BR\"},{\"@type\":\"WebPage\",\"@id\":\"https:\/\/noticiasemdestaque.com\/cd\/?p=4536\",\"url\":\"https:\/\/noticiasemdestaque.com\/cd\/?p=4536\",\"name\":\"Para\u00edba \u00e9 o quinto Estado a gerar mais empregos com carteira assinada - Not&iacute;cias em Destaque\",\"isPartOf\":{\"@id\":\"https:\/\/noticiasemdestaque.com\/cd\/#website\"},\"primaryImageOfPage\":{\"@id\":\"https:\/\/noticiasemdestaque.com\/cd\/?p=4536#primaryimage\"},\"image\":{\"@id\":\"https:\/\/noticiasemdestaque.com\/cd\/?p=4536#primaryimage\"},\"thumbnailUrl\":\"https:\/\/noticiasemdestaque.com\/cd\/wp-content\/uploads\/2017\/09\/carteira_de_trabalho.jpg\",\"datePublished\":\"2017-09-22T00:00:51+00:00\",\"breadcrumb\":{\"@id\":\"https:\/\/noticiasemdestaque.com\/cd\/?p=4536#breadcrumb\"},\"inLanguage\":\"pt-BR\",\"potentialAction\":[{\"@type\":\"ReadAction\",\"target\":[\"https:\/\/noticiasemdestaque.com\/cd\/?p=4536\"]}]},{\"@type\":\"ImageObject\",\"inLanguage\":\"pt-BR\",\"@id\":\"https:\/\/noticiasemdestaque.com\/cd\/?p=4536#primaryimage\",\"url\":\"https:\/\/noticiasemdestaque.com\/cd\/wp-content\/uploads\/2017\/09\/carteira_de_trabalho.jpg\",\"contentUrl\":\"https:\/\/noticiasemdestaque.com\/cd\/wp-content\/uploads\/2017\/09\/carteira_de_trabalho.jpg\",\"width\":876,\"height\":585},{\"@type\":\"BreadcrumbList\",\"@id\":\"https:\/\/noticiasemdestaque.com\/cd\/?p=4536#breadcrumb\",\"itemListElement\":[{\"@type\":\"ListItem\",\"position\":1,\"name\":\"In\u00edcio\",\"item\":\"https:\/\/noticiasemdestaque.com\/cd\/\"},{\"@type\":\"ListItem\",\"position\":2,\"name\":\"Para\u00edba \u00e9 o quinto Estado a gerar mais empregos com carteira assinada\"}]},{\"@type\":\"WebSite\",\"@id\":\"https:\/\/noticiasemdestaque.com\/cd\/#website\",\"url\":\"https:\/\/noticiasemdestaque.com\/cd\/\",\"name\":\"Not&iacute;cias em Destaque\",\"description\":\"\",\"publisher\":{\"@id\":\"https:\/\/noticiasemdestaque.com\/cd\/#organization\"},\"potentialAction\":[{\"@type\":\"SearchAction\",\"target\":{\"@type\":\"EntryPoint\",\"urlTemplate\":\"https:\/\/noticiasemdestaque.com\/cd\/?s={search_term_string}\"},\"query-input\":{\"@type\":\"PropertyValueSpecification\",\"valueRequired\":true,\"valueName\":\"search_term_string\"}}],\"inLanguage\":\"pt-BR\"},{\"@type\":\"Organization\",\"@id\":\"https:\/\/noticiasemdestaque.com\/cd\/#organization\",\"name\":\"Not\u00edcias em Destaque\",\"url\":\"https:\/\/noticiasemdestaque.com\/cd\/\",\"logo\":{\"@type\":\"ImageObject\",\"inLanguage\":\"pt-BR\",\"@id\":\"https:\/\/noticiasemdestaque.com\/cd\/#\/schema\/logo\/image\/\",\"url\":\"https:\/\/noticiasemdestaque.com\/cd\/wp-content\/uploads\/2022\/05\/imagem-base-noticiasemdestaque.png\",\"contentUrl\":\"https:\/\/noticiasemdestaque.com\/cd\/wp-content\/uploads\/2022\/05\/imagem-base-noticiasemdestaque.png\",\"width\":1200,\"height\":630,\"caption\":\"Not\u00edcias em Destaque\"},\"image\":{\"@id\":\"https:\/\/noticiasemdestaque.com\/cd\/#\/schema\/logo\/image\/\"}},{\"@type\":\"Person\",\"@id\":\"https:\/\/noticiasemdestaque.com\/cd\/#\/schema\/person\/21320b03a7e8bb90128938dafc9b908a\",\"name\":\"Not\u00edcias em Destaque\",\"url\":\"https:\/\/noticiasemdestaque.com\/cd\/?author=2\"}]}<\/script>\n<!-- \/ Yoast SEO plugin. -->","yoast_head_json":{"title":"Para\u00edba \u00e9 o quinto Estado a gerar mais empregos com carteira assinada - Not&iacute;cias em Destaque","robots":{"index":"index","follow":"follow","max-snippet":"max-snippet:-1","max-image-preview":"max-image-preview:large","max-video-preview":"max-video-preview:-1"},"canonical":"https:\/\/noticiasemdestaque.com\/cd\/?p=4536","og_locale":"pt_BR","og_type":"article","og_title":"Para\u00edba \u00e9 o quinto Estado a gerar mais empregos com carteira assinada - Not&iacute;cias em Destaque","og_description":"Com 3.511 postos de trabalho com carteira assinada, a Para\u00edba gerou o 5\u00ba maior saldo de empregos do pa\u00eds e o terceiro do Nordeste em agosto, segundo dados do Cadastro Geral de Empregados e Desempregados (Caged), divulgados nesta quinta-feira (21) pelo Minist\u00e9rio do Trabalho. O n\u00famero de empregos abertos \u00e9 o saldo, ou seja, o total de contrata\u00e7\u00f5es menos o de demiss\u00f5es no per\u00edodo. Em agosto, foram 13.361 novos trabalhadores, contra 9.850 desligamentos nas atividades econ\u00f4micas do Estado. Apesar de a forte crise econ\u00f4mica persistir, \u00e9 o terceiro m\u00eas seguido de saldo positivo de empregos formais na Para\u00edba este ano e o melhor em termos de cria\u00e7\u00e3o de vagas. Os cinco estados que mais geraram empregos em agosto foram S\u00e3o Paulo (17.320), Santa Catarina (6.130), Cear\u00e1 (4.975), Pernambuco (4.206) e a Para\u00edba (3.511). Contudo, quando considerado a varia\u00e7\u00e3o de postos no m\u00eas de agosto, a Para\u00edba salta para a primeira coloca\u00e7\u00e3o do pa\u00eds com alta de 0,90% no estoque de empregos acumulados, enquanto os demais estados como Cear\u00e1 (0,43%), Pernambuco (0,34%), Santa Catarina (0,31%) e S\u00e3o Paulo (0,14%) tiveram varia\u00e7\u00f5es bem abaixo no estoque quando comparado \u00e0 Para\u00edba. A m\u00e9dia do pa\u00eds foi de apenas 0,09%, enquanto no Nordeste a taxa do estoque de empregos acumulados subiu 0,32%. Cen\u00e1rio regional \u2013 O Nordeste liderou a cria\u00e7\u00e3o de vagas no m\u00eas de agosto. Quase 60% do saldo de emprego do pa\u00eds (19.964 vagas) vieram de oito dos nove Estados da Regi\u00e3o. Apenas Alagoas teve registro negativo, enquanto a Para\u00edba foi o terceiro mais expressivo, atr\u00e1s apenas do Cear\u00e1 e Pernambuco. Bem mais modesta, a segunda regi\u00e3o com saldo mais positivo foi a Regi\u00e3o Sul com 5.935 vagas, seguida das regi\u00f5es Centro-Oeste (4.655) e Norte (3.265). O Sudeste, mesmo S\u00e3o Paulo gerando o maior volume de empregos, ficou com saldo de apenas 1.628 postos, pois os outros estados que formam a Regi\u00e3o (MG, RJ e ES) tiveram quedas expressivas no saldo de emprego em agosto. J\u00e1 em todo o pa\u00eds, foram gerados 35.547 postos em agosto, o que leva a contabilizar que somente a Para\u00edba gerou 10% do saldo de vagas do pa\u00eds no \u00faltimo m\u00eas. &nbsp;","og_url":"https:\/\/noticiasemdestaque.com\/cd\/?p=4536","og_site_name":"Not&iacute;cias em Destaque","article_published_time":"2017-09-22T00:00:51+00:00","og_image":[{"width":876,"height":585,"url":"https:\/\/noticiasemdestaque.com\/cd\/wp-content\/uploads\/2017\/09\/carteira_de_trabalho.jpg","type":"image\/jpeg"}],"author":"Not\u00edcias em Destaque","twitter_card":"summary_large_image","twitter_misc":{"Escrito por":"Not\u00edcias em Destaque","Est. tempo de leitura":"2 minutos"},"schema":{"@context":"https:\/\/schema.org","@graph":[{"@type":"Article","@id":"https:\/\/noticiasemdestaque.com\/cd\/?p=4536#article","isPartOf":{"@id":"https:\/\/noticiasemdestaque.com\/cd\/?p=4536"},"author":{"name":"Not\u00edcias em Destaque","@id":"https:\/\/noticiasemdestaque.com\/cd\/#\/schema\/person\/21320b03a7e8bb90128938dafc9b908a"},"headline":"Para\u00edba \u00e9 o quinto Estado a gerar mais empregos com carteira assinada","datePublished":"2017-09-22T00:00:51+00:00","mainEntityOfPage":{"@id":"https:\/\/noticiasemdestaque.com\/cd\/?p=4536"},"wordCount":378,"publisher":{"@id":"https:\/\/noticiasemdestaque.com\/cd\/#organization"},"image":{"@id":"https:\/\/noticiasemdestaque.com\/cd\/?p=4536#primaryimage"},"thumbnailUrl":"https:\/\/noticiasemdestaque.com\/cd\/wp-content\/uploads\/2017\/09\/carteira_de_trabalho.jpg","articleSection":["Economia"],"inLanguage":"pt-BR"},{"@type":"WebPage","@id":"https:\/\/noticiasemdestaque.com\/cd\/?p=4536","url":"https:\/\/noticiasemdestaque.com\/cd\/?p=4536","name":"Para\u00edba \u00e9 o quinto Estado a gerar mais empregos com carteira assinada - Not&iacute;cias em Destaque","isPartOf":{"@id":"https:\/\/noticiasemdestaque.com\/cd\/#website"},"primaryImageOfPage":{"@id":"https:\/\/noticiasemdestaque.com\/cd\/?p=4536#primaryimage"},"image":{"@id":"https:\/\/noticiasemdestaque.com\/cd\/?p=4536#primaryimage"},"thumbnailUrl":"https:\/\/noticiasemdestaque.com\/cd\/wp-content\/uploads\/2017\/09\/carteira_de_trabalho.jpg","datePublished":"2017-09-22T00:00:51+00:00","breadcrumb":{"@id":"https:\/\/noticiasemdestaque.com\/cd\/?p=4536#breadcrumb"},"inLanguage":"pt-BR","potentialAction":[{"@type":"ReadAction","target":["https:\/\/noticiasemdestaque.com\/cd\/?p=4536"]}]},{"@type":"ImageObject","inLanguage":"pt-BR","@id":"https:\/\/noticiasemdestaque.com\/cd\/?p=4536#primaryimage","url":"https:\/\/noticiasemdestaque.com\/cd\/wp-content\/uploads\/2017\/09\/carteira_de_trabalho.jpg","contentUrl":"https:\/\/noticiasemdestaque.com\/cd\/wp-content\/uploads\/2017\/09\/carteira_de_trabalho.jpg","width":876,"height":585},{"@type":"BreadcrumbList","@id":"https:\/\/noticiasemdestaque.com\/cd\/?p=4536#breadcrumb","itemListElement":[{"@type":"ListItem","position":1,"name":"In\u00edcio","item":"https:\/\/noticiasemdestaque.com\/cd\/"},{"@type":"ListItem","position":2,"name":"Para\u00edba \u00e9 o quinto Estado a gerar mais empregos com carteira assinada"}]},{"@type":"WebSite","@id":"https:\/\/noticiasemdestaque.com\/cd\/#website","url":"https:\/\/noticiasemdestaque.com\/cd\/","name":"Not&iacute;cias em Destaque","description":"","publisher":{"@id":"https:\/\/noticiasemdestaque.com\/cd\/#organization"},"potentialAction":[{"@type":"SearchAction","target":{"@type":"EntryPoint","urlTemplate":"https:\/\/noticiasemdestaque.com\/cd\/?s={search_term_string}"},"query-input":{"@type":"PropertyValueSpecification","valueRequired":true,"valueName":"search_term_string"}}],"inLanguage":"pt-BR"},{"@type":"Organization","@id":"https:\/\/noticiasemdestaque.com\/cd\/#organization","name":"Not\u00edcias em Destaque","url":"https:\/\/noticiasemdestaque.com\/cd\/","logo":{"@type":"ImageObject","inLanguage":"pt-BR","@id":"https:\/\/noticiasemdestaque.com\/cd\/#\/schema\/logo\/image\/","url":"https:\/\/noticiasemdestaque.com\/cd\/wp-content\/uploads\/2022\/05\/imagem-base-noticiasemdestaque.png","contentUrl":"https:\/\/noticiasemdestaque.com\/cd\/wp-content\/uploads\/2022\/05\/imagem-base-noticiasemdestaque.png","width":1200,"height":630,"caption":"Not\u00edcias em Destaque"},"image":{"@id":"https:\/\/noticiasemdestaque.com\/cd\/#\/schema\/logo\/image\/"}},{"@type":"Person","@id":"https:\/\/noticiasemdestaque.com\/cd\/#\/schema\/person\/21320b03a7e8bb90128938dafc9b908a","name":"Not\u00edcias em Destaque","url":"https:\/\/noticiasemdestaque.com\/cd\/?author=2"}]}},"jetpack_featured_media_url":"https:\/\/noticiasemdestaque.com\/cd\/wp-content\/uploads\/2017\/09\/carteira_de_trabalho.jpg","jetpack_sharing_enabled":true,"_links":{"self":[{"href":"https:\/\/noticiasemdestaque.com\/cd\/index.php?rest_route=\/wp\/v2\/posts\/4536","targetHints":{"allow":["GET"]}}],"collection":[{"href":"https:\/\/noticiasemdestaque.com\/cd\/index.php?rest_route=\/wp\/v2\/posts"}],"about":[{"href":"https:\/\/noticiasemdestaque.com\/cd\/index.php?rest_route=\/wp\/v2\/types\/post"}],"author":[{"embeddable":true,"href":"https:\/\/noticiasemdestaque.com\/cd\/index.php?rest_route=\/wp\/v2\/users\/2"}],"replies":[{"embeddable":true,"href":"https:\/\/noticiasemdestaque.com\/cd\/index.php?rest_route=%2Fwp%2Fv2%2Fcomments&post=4536"}],"version-history":[{"count":1,"href":"https:\/\/noticiasemdestaque.com\/cd\/index.php?rest_route=\/wp\/v2\/posts\/4536\/revisions"}],"predecessor-version":[{"id":4538,"href":"https:\/\/noticiasemdestaque.com\/cd\/index.php?rest_route=\/wp\/v2\/posts\/4536\/revisions\/4538"}],"wp:featuredmedia":[{"embeddable":true,"href":"https:\/\/noticiasemdestaque.com\/cd\/index.php?rest_route=\/wp\/v2\/media\/4537"}],"wp:attachment":[{"href":"https:\/\/noticiasemdestaque.com\/cd\/index.php?rest_route=%2Fwp%2Fv2%2Fmedia&parent=4536"}],"wp:term":[{"taxonomy":"category","embeddable":true,"href":"https:\/\/noticiasemdestaque.com\/cd\/index.php?rest_route=%2Fwp%2Fv2%2Fcategories&post=4536"},{"taxonomy":"post_tag","embeddable":true,"href":"https:\/\/noticiasemdestaque.com\/cd\/index.php?rest_route=%2Fwp%2Fv2%2Ftags&post=4536"}],"curies":[{"name":"wp","href":"https:\/\/api.w.org\/{rel}","templated":true}]}}