{"id":45358,"date":"2023-01-10T08:08:42","date_gmt":"2023-01-10T11:08:42","guid":{"rendered":"https:\/\/noticiasemdestaque.com\/cd\/?p=45358"},"modified":"2023-01-10T08:08:42","modified_gmt":"2023-01-10T11:08:42","slug":"tres-pessoas-morrem-e-sete-ficam-feridas-em-acidente-na-br-230","status":"publish","type":"post","link":"https:\/\/noticiasemdestaque.com\/cd\/?p=45358","title":{"rendered":"Tr\u00eas pessoas morrem e sete ficam feridas em acidente na BR-230"},"content":{"rendered":"<p><a href=\"https:\/\/noticiasemdestaque.com\/cd\/wp-content\/uploads\/2023\/01\/acidente-pombal.jpg\"><img fetchpriority=\"high\" decoding=\"async\" class=\"alignnone  wp-image-45359\" src=\"https:\/\/noticiasemdestaque.com\/cd\/wp-content\/uploads\/2023\/01\/acidente-pombal-300x200.jpg\" alt=\"\" width=\"1103\" height=\"735\" srcset=\"https:\/\/noticiasemdestaque.com\/cd\/wp-content\/uploads\/2023\/01\/acidente-pombal-300x200.jpg 300w, https:\/\/noticiasemdestaque.com\/cd\/wp-content\/uploads\/2023\/01\/acidente-pombal-768x513.jpg 768w, https:\/\/noticiasemdestaque.com\/cd\/wp-content\/uploads\/2023\/01\/acidente-pombal-18x12.jpg 18w, https:\/\/noticiasemdestaque.com\/cd\/wp-content\/uploads\/2023\/01\/acidente-pombal.jpg 876w\" sizes=\"(max-width: 1103px) 100vw, 1103px\" \/><\/a><\/p>\n<p>Um acidente deixou tr\u00eas pessoas mortas e sete feridas, na noite desta segunda-feira (9), em Pombal, no Sert\u00e3o da Para\u00edba. Dois ve\u00edculos colidiram no Km 400 da BR-230.<\/p>\n<p>De acordo com informa\u00e7\u00f5es da Pol\u00edcia Rodovi\u00e1ria Federal (PRF), os ve\u00edculos P\u00e1lio e Corolla trafegavam em sentidos opostos quando ocorreu a colis\u00e3o por volta das 17h38.<\/p>\n<p>O Corpo de Bombeiros e o Servi\u00e7o de Atendimento M\u00f3vel de Urg\u00eancia (SAMU) foram acionados para socorrer as v\u00edtimas. Tr\u00eas mulheres, passageiras do P\u00e1lio, vieram a \u00f3bito no local. Elas foram identificadas como tendo 86 anos, 40 anos e 18 anos.<\/p>\n<p>Dentre as sete pessoas que sobreviveram ao acidente, uma adolescente de 15 anos teve m\u00faltiplas fraturas e foi socorrida em estrado grave para o Hospital Regional de Pombal. As demais seis v\u00edtimas, duas mulheres e dois homens, um adolescente e uma crian\u00e7a, chegaram \u00e0 unidade hospitalar conscientes.<\/p>\n<p>O inspetor da Pol\u00edcia Rodovi\u00e1ria Federal (PRF), Christiano Hiroi, explicou que ainda n\u00e3o \u00e9 poss\u00edvel concluir as causas do acidente devido a complexidade.<\/p>\n<p>\u201cOs vest\u00edgios encontrados, marcas de pavimento e outros elementos, ser\u00e3o objeto da per\u00edcia da PRF e da Pol\u00edcia Cient\u00edfica, que concluir\u00e3o as poss\u00edveis causas e responsabilidades. Ap\u00f3s a conclus\u00e3o dos estudos iniciais, os detalhes da din\u00e2mica envolvida constar\u00e3o no laudo pericial de acidente de tr\u00e2nsito da PRF\u201d, disse Christiano Hiroi.<\/p>\n<figure><img decoding=\"async\" src=\"https:\/\/www.clickpb.com.br\/media\/filer_public\/73\/0c\/730ce1e0-6c27-4e19-8437-4fab55352b9b\/whatsapp-image-2023-01-09-at-215728.webp\" data-image=\"207147\" \/><\/figure>\n<p><strong>Noticias em Destaque<\/strong><\/p>\n<p style=\"text-align: right;\"><em>Fonte: Click PB<\/em><\/p>\n","protected":false},"excerpt":{"rendered":"<p>Um acidente deixou tr\u00eas pessoas mortas e sete feridas, na noite desta segunda-feira (9), em Pombal, no Sert\u00e3o da Para\u00edba. Dois ve\u00edculos colidiram no Km 400 da BR-230. De acordo com informa\u00e7\u00f5es da Pol\u00edcia Rodovi\u00e1ria Federal (PRF), os ve\u00edculos P\u00e1lio e Corolla trafegavam em sentidos opostos quando ocorreu a colis\u00e3o por volta das 17h38. O Corpo de Bombeiros e o Servi\u00e7o de Atendimento M\u00f3vel de Urg\u00eancia (SAMU) foram acionados para socorrer as v\u00edtimas. Tr\u00eas mulheres, passageiras do P\u00e1lio, vieram a \u00f3bito no local. Elas foram identificadas como tendo 86 anos, 40 anos e 18 anos. Dentre as sete pessoas que sobreviveram ao acidente, uma adolescente de 15 anos teve m\u00faltiplas fraturas e foi socorrida em estrado grave para o Hospital Regional de Pombal. As demais seis v\u00edtimas, duas mulheres e dois homens, um adolescente e uma crian\u00e7a, chegaram \u00e0 unidade hospitalar conscientes. O inspetor da Pol\u00edcia Rodovi\u00e1ria Federal (PRF), Christiano Hiroi, explicou que ainda n\u00e3o \u00e9 poss\u00edvel concluir as causas do acidente devido a complexidade. \u201cOs vest\u00edgios encontrados, marcas de pavimento e outros elementos, ser\u00e3o objeto da per\u00edcia da PRF e da Pol\u00edcia Cient\u00edfica, que concluir\u00e3o as poss\u00edveis causas e responsabilidades. Ap\u00f3s a conclus\u00e3o dos estudos iniciais, os detalhes da din\u00e2mica envolvida constar\u00e3o no laudo pericial de acidente de tr\u00e2nsito da PRF\u201d, disse Christiano Hiroi. Noticias em Destaque Fonte: Click PB<\/p>\n","protected":false},"author":2,"featured_media":45359,"comment_status":"closed","ping_status":"open","sticky":false,"template":"","format":"standard","meta":{"_eb_attr":"","_jetpack_memberships_contains_paid_content":false,"footnotes":""},"categories":[20],"tags":[],"class_list":["post-45358","post","type-post","status-publish","format-standard","has-post-thumbnail","hentry","category-policia"],"yoast_head":"<!-- This site is optimized with the Yoast SEO plugin v26.5 - https:\/\/yoast.com\/wordpress\/plugins\/seo\/ -->\n<title>Tr\u00eas pessoas morrem e sete ficam feridas em acidente na BR-230 - Not&iacute;cias em Destaque<\/title>\n<meta name=\"robots\" content=\"index, follow, max-snippet:-1, max-image-preview:large, max-video-preview:-1\" \/>\n<link rel=\"canonical\" href=\"https:\/\/noticiasemdestaque.com\/cd\/?p=45358\" \/>\n<meta property=\"og:locale\" content=\"pt_BR\" \/>\n<meta property=\"og:type\" content=\"article\" \/>\n<meta property=\"og:title\" content=\"Tr\u00eas pessoas morrem e sete ficam feridas em acidente na BR-230 - Not&iacute;cias em Destaque\" \/>\n<meta property=\"og:description\" content=\"Um acidente deixou tr\u00eas pessoas mortas e sete feridas, na noite desta segunda-feira (9), em Pombal, no Sert\u00e3o da Para\u00edba. Dois ve\u00edculos colidiram no Km 400 da BR-230. De acordo com informa\u00e7\u00f5es da Pol\u00edcia Rodovi\u00e1ria Federal (PRF), os ve\u00edculos P\u00e1lio e Corolla trafegavam em sentidos opostos quando ocorreu a colis\u00e3o por volta das 17h38. O Corpo de Bombeiros e o Servi\u00e7o de Atendimento M\u00f3vel de Urg\u00eancia (SAMU) foram acionados para socorrer as v\u00edtimas. Tr\u00eas mulheres, passageiras do P\u00e1lio, vieram a \u00f3bito no local. Elas foram identificadas como tendo 86 anos, 40 anos e 18 anos. Dentre as sete pessoas que sobreviveram ao acidente, uma adolescente de 15 anos teve m\u00faltiplas fraturas e foi socorrida em estrado grave para o Hospital Regional de Pombal. As demais seis v\u00edtimas, duas mulheres e dois homens, um adolescente e uma crian\u00e7a, chegaram \u00e0 unidade hospitalar conscientes. O inspetor da Pol\u00edcia Rodovi\u00e1ria Federal (PRF), Christiano Hiroi, explicou que ainda n\u00e3o \u00e9 poss\u00edvel concluir as causas do acidente devido a complexidade. \u201cOs vest\u00edgios encontrados, marcas de pavimento e outros elementos, ser\u00e3o objeto da per\u00edcia da PRF e da Pol\u00edcia Cient\u00edfica, que concluir\u00e3o as poss\u00edveis causas e responsabilidades. Ap\u00f3s a conclus\u00e3o dos estudos iniciais, os detalhes da din\u00e2mica envolvida constar\u00e3o no laudo pericial de acidente de tr\u00e2nsito da PRF\u201d, disse Christiano Hiroi. Noticias em Destaque Fonte: Click PB\" \/>\n<meta property=\"og:url\" content=\"https:\/\/noticiasemdestaque.com\/cd\/?p=45358\" \/>\n<meta property=\"og:site_name\" content=\"Not&iacute;cias em Destaque\" \/>\n<meta property=\"article:published_time\" content=\"2023-01-10T11:08:42+00:00\" \/>\n<meta property=\"og:image\" content=\"https:\/\/noticiasemdestaque.com\/cd\/wp-content\/uploads\/2023\/01\/acidente-pombal.jpg\" \/>\n\t<meta property=\"og:image:width\" content=\"876\" \/>\n\t<meta property=\"og:image:height\" content=\"585\" \/>\n\t<meta property=\"og:image:type\" content=\"image\/jpeg\" \/>\n<meta name=\"author\" content=\"Not\u00edcias em Destaque\" \/>\n<meta name=\"twitter:card\" content=\"summary_large_image\" \/>\n<meta name=\"twitter:label1\" content=\"Escrito por\" \/>\n\t<meta name=\"twitter:data1\" content=\"Not\u00edcias em Destaque\" \/>\n\t<meta name=\"twitter:label2\" content=\"Est. tempo de leitura\" \/>\n\t<meta name=\"twitter:data2\" content=\"2 minutos\" \/>\n<script type=\"application\/ld+json\" class=\"yoast-schema-graph\">{\"@context\":\"https:\/\/schema.org\",\"@graph\":[{\"@type\":\"Article\",\"@id\":\"https:\/\/noticiasemdestaque.com\/cd\/?p=45358#article\",\"isPartOf\":{\"@id\":\"https:\/\/noticiasemdestaque.com\/cd\/?p=45358\"},\"author\":{\"name\":\"Not\u00edcias em Destaque\",\"@id\":\"https:\/\/noticiasemdestaque.com\/cd\/#\/schema\/person\/47f7d4f55eec17c6b2ca036c5500f6ce\"},\"headline\":\"Tr\u00eas pessoas morrem e sete ficam feridas em acidente na BR-230\",\"datePublished\":\"2023-01-10T11:08:42+00:00\",\"mainEntityOfPage\":{\"@id\":\"https:\/\/noticiasemdestaque.com\/cd\/?p=45358\"},\"wordCount\":260,\"publisher\":{\"@id\":\"https:\/\/noticiasemdestaque.com\/cd\/#organization\"},\"image\":{\"@id\":\"https:\/\/noticiasemdestaque.com\/cd\/?p=45358#primaryimage\"},\"thumbnailUrl\":\"https:\/\/noticiasemdestaque.com\/cd\/wp-content\/uploads\/2023\/01\/acidente-pombal.jpg\",\"articleSection\":[\"Pol\u00edcia\"],\"inLanguage\":\"pt-BR\"},{\"@type\":\"WebPage\",\"@id\":\"https:\/\/noticiasemdestaque.com\/cd\/?p=45358\",\"url\":\"https:\/\/noticiasemdestaque.com\/cd\/?p=45358\",\"name\":\"Tr\u00eas pessoas morrem e sete ficam feridas em acidente na BR-230 - Not&iacute;cias em Destaque\",\"isPartOf\":{\"@id\":\"https:\/\/noticiasemdestaque.com\/cd\/#website\"},\"primaryImageOfPage\":{\"@id\":\"https:\/\/noticiasemdestaque.com\/cd\/?p=45358#primaryimage\"},\"image\":{\"@id\":\"https:\/\/noticiasemdestaque.com\/cd\/?p=45358#primaryimage\"},\"thumbnailUrl\":\"https:\/\/noticiasemdestaque.com\/cd\/wp-content\/uploads\/2023\/01\/acidente-pombal.jpg\",\"datePublished\":\"2023-01-10T11:08:42+00:00\",\"breadcrumb\":{\"@id\":\"https:\/\/noticiasemdestaque.com\/cd\/?p=45358#breadcrumb\"},\"inLanguage\":\"pt-BR\",\"potentialAction\":[{\"@type\":\"ReadAction\",\"target\":[\"https:\/\/noticiasemdestaque.com\/cd\/?p=45358\"]}]},{\"@type\":\"ImageObject\",\"inLanguage\":\"pt-BR\",\"@id\":\"https:\/\/noticiasemdestaque.com\/cd\/?p=45358#primaryimage\",\"url\":\"https:\/\/noticiasemdestaque.com\/cd\/wp-content\/uploads\/2023\/01\/acidente-pombal.jpg\",\"contentUrl\":\"https:\/\/noticiasemdestaque.com\/cd\/wp-content\/uploads\/2023\/01\/acidente-pombal.jpg\",\"width\":876,\"height\":585},{\"@type\":\"BreadcrumbList\",\"@id\":\"https:\/\/noticiasemdestaque.com\/cd\/?p=45358#breadcrumb\",\"itemListElement\":[{\"@type\":\"ListItem\",\"position\":1,\"name\":\"In\u00edcio\",\"item\":\"https:\/\/noticiasemdestaque.com\/cd\/\"},{\"@type\":\"ListItem\",\"position\":2,\"name\":\"Tr\u00eas pessoas morrem e sete ficam feridas em acidente na BR-230\"}]},{\"@type\":\"WebSite\",\"@id\":\"https:\/\/noticiasemdestaque.com\/cd\/#website\",\"url\":\"https:\/\/noticiasemdestaque.com\/cd\/\",\"name\":\"Not&iacute;cias em Destaque\",\"description\":\"\",\"publisher\":{\"@id\":\"https:\/\/noticiasemdestaque.com\/cd\/#organization\"},\"potentialAction\":[{\"@type\":\"SearchAction\",\"target\":{\"@type\":\"EntryPoint\",\"urlTemplate\":\"https:\/\/noticiasemdestaque.com\/cd\/?s={search_term_string}\"},\"query-input\":{\"@type\":\"PropertyValueSpecification\",\"valueRequired\":true,\"valueName\":\"search_term_string\"}}],\"inLanguage\":\"pt-BR\"},{\"@type\":\"Organization\",\"@id\":\"https:\/\/noticiasemdestaque.com\/cd\/#organization\",\"name\":\"Not\u00edcias em Destaque\",\"url\":\"https:\/\/noticiasemdestaque.com\/cd\/\",\"logo\":{\"@type\":\"ImageObject\",\"inLanguage\":\"pt-BR\",\"@id\":\"https:\/\/noticiasemdestaque.com\/cd\/#\/schema\/logo\/image\/\",\"url\":\"https:\/\/noticiasemdestaque.com\/cd\/wp-content\/uploads\/2022\/05\/imagem-base-noticiasemdestaque.png\",\"contentUrl\":\"https:\/\/noticiasemdestaque.com\/cd\/wp-content\/uploads\/2022\/05\/imagem-base-noticiasemdestaque.png\",\"width\":1200,\"height\":630,\"caption\":\"Not\u00edcias em Destaque\"},\"image\":{\"@id\":\"https:\/\/noticiasemdestaque.com\/cd\/#\/schema\/logo\/image\/\"}},{\"@type\":\"Person\",\"@id\":\"https:\/\/noticiasemdestaque.com\/cd\/#\/schema\/person\/47f7d4f55eec17c6b2ca036c5500f6ce\",\"name\":\"Not\u00edcias em Destaque\",\"url\":\"https:\/\/noticiasemdestaque.com\/cd\/?author=2\"}]}<\/script>\n<!-- \/ Yoast SEO plugin. -->","yoast_head_json":{"title":"Tr\u00eas pessoas morrem e sete ficam feridas em acidente na BR-230 - Not&iacute;cias em Destaque","robots":{"index":"index","follow":"follow","max-snippet":"max-snippet:-1","max-image-preview":"max-image-preview:large","max-video-preview":"max-video-preview:-1"},"canonical":"https:\/\/noticiasemdestaque.com\/cd\/?p=45358","og_locale":"pt_BR","og_type":"article","og_title":"Tr\u00eas pessoas morrem e sete ficam feridas em acidente na BR-230 - Not&iacute;cias em Destaque","og_description":"Um acidente deixou tr\u00eas pessoas mortas e sete feridas, na noite desta segunda-feira (9), em Pombal, no Sert\u00e3o da Para\u00edba. Dois ve\u00edculos colidiram no Km 400 da BR-230. De acordo com informa\u00e7\u00f5es da Pol\u00edcia Rodovi\u00e1ria Federal (PRF), os ve\u00edculos P\u00e1lio e Corolla trafegavam em sentidos opostos quando ocorreu a colis\u00e3o por volta das 17h38. O Corpo de Bombeiros e o Servi\u00e7o de Atendimento M\u00f3vel de Urg\u00eancia (SAMU) foram acionados para socorrer as v\u00edtimas. Tr\u00eas mulheres, passageiras do P\u00e1lio, vieram a \u00f3bito no local. Elas foram identificadas como tendo 86 anos, 40 anos e 18 anos. Dentre as sete pessoas que sobreviveram ao acidente, uma adolescente de 15 anos teve m\u00faltiplas fraturas e foi socorrida em estrado grave para o Hospital Regional de Pombal. As demais seis v\u00edtimas, duas mulheres e dois homens, um adolescente e uma crian\u00e7a, chegaram \u00e0 unidade hospitalar conscientes. O inspetor da Pol\u00edcia Rodovi\u00e1ria Federal (PRF), Christiano Hiroi, explicou que ainda n\u00e3o \u00e9 poss\u00edvel concluir as causas do acidente devido a complexidade. \u201cOs vest\u00edgios encontrados, marcas de pavimento e outros elementos, ser\u00e3o objeto da per\u00edcia da PRF e da Pol\u00edcia Cient\u00edfica, que concluir\u00e3o as poss\u00edveis causas e responsabilidades. Ap\u00f3s a conclus\u00e3o dos estudos iniciais, os detalhes da din\u00e2mica envolvida constar\u00e3o no laudo pericial de acidente de tr\u00e2nsito da PRF\u201d, disse Christiano Hiroi. Noticias em Destaque Fonte: Click PB","og_url":"https:\/\/noticiasemdestaque.com\/cd\/?p=45358","og_site_name":"Not&iacute;cias em Destaque","article_published_time":"2023-01-10T11:08:42+00:00","og_image":[{"width":876,"height":585,"url":"https:\/\/noticiasemdestaque.com\/cd\/wp-content\/uploads\/2023\/01\/acidente-pombal.jpg","type":"image\/jpeg"}],"author":"Not\u00edcias em Destaque","twitter_card":"summary_large_image","twitter_misc":{"Escrito por":"Not\u00edcias em Destaque","Est. tempo de leitura":"2 minutos"},"schema":{"@context":"https:\/\/schema.org","@graph":[{"@type":"Article","@id":"https:\/\/noticiasemdestaque.com\/cd\/?p=45358#article","isPartOf":{"@id":"https:\/\/noticiasemdestaque.com\/cd\/?p=45358"},"author":{"name":"Not\u00edcias em Destaque","@id":"https:\/\/noticiasemdestaque.com\/cd\/#\/schema\/person\/47f7d4f55eec17c6b2ca036c5500f6ce"},"headline":"Tr\u00eas pessoas morrem e sete ficam feridas em acidente na BR-230","datePublished":"2023-01-10T11:08:42+00:00","mainEntityOfPage":{"@id":"https:\/\/noticiasemdestaque.com\/cd\/?p=45358"},"wordCount":260,"publisher":{"@id":"https:\/\/noticiasemdestaque.com\/cd\/#organization"},"image":{"@id":"https:\/\/noticiasemdestaque.com\/cd\/?p=45358#primaryimage"},"thumbnailUrl":"https:\/\/noticiasemdestaque.com\/cd\/wp-content\/uploads\/2023\/01\/acidente-pombal.jpg","articleSection":["Pol\u00edcia"],"inLanguage":"pt-BR"},{"@type":"WebPage","@id":"https:\/\/noticiasemdestaque.com\/cd\/?p=45358","url":"https:\/\/noticiasemdestaque.com\/cd\/?p=45358","name":"Tr\u00eas pessoas morrem e sete ficam feridas em acidente na BR-230 - Not&iacute;cias em Destaque","isPartOf":{"@id":"https:\/\/noticiasemdestaque.com\/cd\/#website"},"primaryImageOfPage":{"@id":"https:\/\/noticiasemdestaque.com\/cd\/?p=45358#primaryimage"},"image":{"@id":"https:\/\/noticiasemdestaque.com\/cd\/?p=45358#primaryimage"},"thumbnailUrl":"https:\/\/noticiasemdestaque.com\/cd\/wp-content\/uploads\/2023\/01\/acidente-pombal.jpg","datePublished":"2023-01-10T11:08:42+00:00","breadcrumb":{"@id":"https:\/\/noticiasemdestaque.com\/cd\/?p=45358#breadcrumb"},"inLanguage":"pt-BR","potentialAction":[{"@type":"ReadAction","target":["https:\/\/noticiasemdestaque.com\/cd\/?p=45358"]}]},{"@type":"ImageObject","inLanguage":"pt-BR","@id":"https:\/\/noticiasemdestaque.com\/cd\/?p=45358#primaryimage","url":"https:\/\/noticiasemdestaque.com\/cd\/wp-content\/uploads\/2023\/01\/acidente-pombal.jpg","contentUrl":"https:\/\/noticiasemdestaque.com\/cd\/wp-content\/uploads\/2023\/01\/acidente-pombal.jpg","width":876,"height":585},{"@type":"BreadcrumbList","@id":"https:\/\/noticiasemdestaque.com\/cd\/?p=45358#breadcrumb","itemListElement":[{"@type":"ListItem","position":1,"name":"In\u00edcio","item":"https:\/\/noticiasemdestaque.com\/cd\/"},{"@type":"ListItem","position":2,"name":"Tr\u00eas pessoas morrem e sete ficam feridas em acidente na BR-230"}]},{"@type":"WebSite","@id":"https:\/\/noticiasemdestaque.com\/cd\/#website","url":"https:\/\/noticiasemdestaque.com\/cd\/","name":"Not&iacute;cias em Destaque","description":"","publisher":{"@id":"https:\/\/noticiasemdestaque.com\/cd\/#organization"},"potentialAction":[{"@type":"SearchAction","target":{"@type":"EntryPoint","urlTemplate":"https:\/\/noticiasemdestaque.com\/cd\/?s={search_term_string}"},"query-input":{"@type":"PropertyValueSpecification","valueRequired":true,"valueName":"search_term_string"}}],"inLanguage":"pt-BR"},{"@type":"Organization","@id":"https:\/\/noticiasemdestaque.com\/cd\/#organization","name":"Not\u00edcias em Destaque","url":"https:\/\/noticiasemdestaque.com\/cd\/","logo":{"@type":"ImageObject","inLanguage":"pt-BR","@id":"https:\/\/noticiasemdestaque.com\/cd\/#\/schema\/logo\/image\/","url":"https:\/\/noticiasemdestaque.com\/cd\/wp-content\/uploads\/2022\/05\/imagem-base-noticiasemdestaque.png","contentUrl":"https:\/\/noticiasemdestaque.com\/cd\/wp-content\/uploads\/2022\/05\/imagem-base-noticiasemdestaque.png","width":1200,"height":630,"caption":"Not\u00edcias em Destaque"},"image":{"@id":"https:\/\/noticiasemdestaque.com\/cd\/#\/schema\/logo\/image\/"}},{"@type":"Person","@id":"https:\/\/noticiasemdestaque.com\/cd\/#\/schema\/person\/47f7d4f55eec17c6b2ca036c5500f6ce","name":"Not\u00edcias em Destaque","url":"https:\/\/noticiasemdestaque.com\/cd\/?author=2"}]}},"jetpack_featured_media_url":"https:\/\/noticiasemdestaque.com\/cd\/wp-content\/uploads\/2023\/01\/acidente-pombal.jpg","jetpack_sharing_enabled":true,"_links":{"self":[{"href":"https:\/\/noticiasemdestaque.com\/cd\/index.php?rest_route=\/wp\/v2\/posts\/45358","targetHints":{"allow":["GET"]}}],"collection":[{"href":"https:\/\/noticiasemdestaque.com\/cd\/index.php?rest_route=\/wp\/v2\/posts"}],"about":[{"href":"https:\/\/noticiasemdestaque.com\/cd\/index.php?rest_route=\/wp\/v2\/types\/post"}],"author":[{"embeddable":true,"href":"https:\/\/noticiasemdestaque.com\/cd\/index.php?rest_route=\/wp\/v2\/users\/2"}],"replies":[{"embeddable":true,"href":"https:\/\/noticiasemdestaque.com\/cd\/index.php?rest_route=%2Fwp%2Fv2%2Fcomments&post=45358"}],"version-history":[{"count":1,"href":"https:\/\/noticiasemdestaque.com\/cd\/index.php?rest_route=\/wp\/v2\/posts\/45358\/revisions"}],"predecessor-version":[{"id":45360,"href":"https:\/\/noticiasemdestaque.com\/cd\/index.php?rest_route=\/wp\/v2\/posts\/45358\/revisions\/45360"}],"wp:featuredmedia":[{"embeddable":true,"href":"https:\/\/noticiasemdestaque.com\/cd\/index.php?rest_route=\/wp\/v2\/media\/45359"}],"wp:attachment":[{"href":"https:\/\/noticiasemdestaque.com\/cd\/index.php?rest_route=%2Fwp%2Fv2%2Fmedia&parent=45358"}],"wp:term":[{"taxonomy":"category","embeddable":true,"href":"https:\/\/noticiasemdestaque.com\/cd\/index.php?rest_route=%2Fwp%2Fv2%2Fcategories&post=45358"},{"taxonomy":"post_tag","embeddable":true,"href":"https:\/\/noticiasemdestaque.com\/cd\/index.php?rest_route=%2Fwp%2Fv2%2Ftags&post=45358"}],"curies":[{"name":"wp","href":"https:\/\/api.w.org\/{rel}","templated":true}]}}