{"id":45348,"date":"2023-01-10T07:54:31","date_gmt":"2023-01-10T10:54:31","guid":{"rendered":"https:\/\/noticiasemdestaque.com\/cd\/?p=45348"},"modified":"2023-01-10T07:54:31","modified_gmt":"2023-01-10T10:54:31","slug":"programa-de-aracao-de-terras-da-prefeitura-de-camalau-teve-inicio-nesta-segunda-feira","status":"publish","type":"post","link":"https:\/\/noticiasemdestaque.com\/cd\/?p=45348","title":{"rendered":"Programa de ara\u00e7\u00e3o de terras da Prefeitura de Camala\u00fa teve in\u00edcio nesta segunda-feira."},"content":{"rendered":"<p><a href=\"https:\/\/noticiasemdestaque.com\/cd\/wp-content\/uploads\/2023\/01\/324184019_862083685035683_2304054621177049014_n.jpg\"><img fetchpriority=\"high\" decoding=\"async\" class=\"size-medium wp-image-45349 aligncenter\" src=\"https:\/\/noticiasemdestaque.com\/cd\/wp-content\/uploads\/2023\/01\/324184019_862083685035683_2304054621177049014_n-300x300.jpg\" alt=\"\" width=\"300\" height=\"300\" srcset=\"https:\/\/noticiasemdestaque.com\/cd\/wp-content\/uploads\/2023\/01\/324184019_862083685035683_2304054621177049014_n-300x300.jpg 300w, https:\/\/noticiasemdestaque.com\/cd\/wp-content\/uploads\/2023\/01\/324184019_862083685035683_2304054621177049014_n-1024x1024.jpg 1024w, https:\/\/noticiasemdestaque.com\/cd\/wp-content\/uploads\/2023\/01\/324184019_862083685035683_2304054621177049014_n-150x150.jpg 150w, https:\/\/noticiasemdestaque.com\/cd\/wp-content\/uploads\/2023\/01\/324184019_862083685035683_2304054621177049014_n-768x768.jpg 768w, https:\/\/noticiasemdestaque.com\/cd\/wp-content\/uploads\/2023\/01\/324184019_862083685035683_2304054621177049014_n-12x12.jpg 12w, https:\/\/noticiasemdestaque.com\/cd\/wp-content\/uploads\/2023\/01\/324184019_862083685035683_2304054621177049014_n.jpg 1440w\" sizes=\"(max-width: 300px) 100vw, 300px\" \/><\/a><\/p>\n<p>O prefeito Bira Mariano, realizou durante o programa institucional da Prefeitura de Camala\u00fa, o sorteio da ara\u00e7\u00e3o de terras para as comunidades rurais. Na ocasi\u00e3o, o programa se estender\u00e1 por seis setores e todas as comunidades ser\u00e3o contempladas.<\/p>\n<p>O prefeito ressaltou que nenhuma comunidade deixar\u00e1 de ter sua ara\u00e7\u00e3o de terra garantida e afirmou que a gest\u00e3o vai cumprir \u00e0 risca o cronograma estabelecido.<\/p>\n<p>\u201cVamos cumprir \u00e0 risca o cronograma estabelecido atrav\u00e9s do sorteio que realizamos, e quero reafirmar tamb\u00e9m que nenhuma comunidade rural de nosso munic\u00edpio ficar\u00e1 sem sua ara\u00e7\u00e3o de terra, todas ser\u00e3o contempladas, para que nossos agricultores possam ter uma boa colheita neste ano,\u201d disse o gestor.<\/p>\n<p>Os servi\u00e7os de ara\u00e7\u00e3o come\u00e7aram nesta segunda-feira (09):<\/p>\n<p><a href=\"https:\/\/noticiasemdestaque.com\/cd\/wp-content\/uploads\/2023\/01\/camalau-1.jpg\"><img decoding=\"async\" class=\"alignnone size-medium wp-image-45350\" src=\"https:\/\/noticiasemdestaque.com\/cd\/wp-content\/uploads\/2023\/01\/camalau-1-300x300.jpg\" alt=\"\" width=\"300\" height=\"300\" srcset=\"https:\/\/noticiasemdestaque.com\/cd\/wp-content\/uploads\/2023\/01\/camalau-1-300x300.jpg 300w, https:\/\/noticiasemdestaque.com\/cd\/wp-content\/uploads\/2023\/01\/camalau-1-1024x1024.jpg 1024w, https:\/\/noticiasemdestaque.com\/cd\/wp-content\/uploads\/2023\/01\/camalau-1-150x150.jpg 150w, https:\/\/noticiasemdestaque.com\/cd\/wp-content\/uploads\/2023\/01\/camalau-1-768x768.jpg 768w, https:\/\/noticiasemdestaque.com\/cd\/wp-content\/uploads\/2023\/01\/camalau-1-12x12.jpg 12w, https:\/\/noticiasemdestaque.com\/cd\/wp-content\/uploads\/2023\/01\/camalau-1.jpg 1440w\" sizes=\"(max-width: 300px) 100vw, 300px\" \/><\/a><\/p>\n<p><a href=\"https:\/\/noticiasemdestaque.com\/cd\/wp-content\/uploads\/2023\/01\/camalau-2.jpg\"><img decoding=\"async\" class=\"alignnone size-medium wp-image-45351\" src=\"https:\/\/noticiasemdestaque.com\/cd\/wp-content\/uploads\/2023\/01\/camalau-2-300x300.jpg\" alt=\"\" width=\"300\" height=\"300\" srcset=\"https:\/\/noticiasemdestaque.com\/cd\/wp-content\/uploads\/2023\/01\/camalau-2-300x300.jpg 300w, https:\/\/noticiasemdestaque.com\/cd\/wp-content\/uploads\/2023\/01\/camalau-2-1024x1024.jpg 1024w, https:\/\/noticiasemdestaque.com\/cd\/wp-content\/uploads\/2023\/01\/camalau-2-150x150.jpg 150w, https:\/\/noticiasemdestaque.com\/cd\/wp-content\/uploads\/2023\/01\/camalau-2-768x768.jpg 768w, https:\/\/noticiasemdestaque.com\/cd\/wp-content\/uploads\/2023\/01\/camalau-2-12x12.jpg 12w, https:\/\/noticiasemdestaque.com\/cd\/wp-content\/uploads\/2023\/01\/camalau-2.jpg 1440w\" sizes=\"(max-width: 300px) 100vw, 300px\" \/><\/a><\/p>\n<p><a href=\"https:\/\/noticiasemdestaque.com\/cd\/wp-content\/uploads\/2023\/01\/camalau-3.jpg\"><img loading=\"lazy\" decoding=\"async\" class=\"alignnone size-medium wp-image-45352\" src=\"https:\/\/noticiasemdestaque.com\/cd\/wp-content\/uploads\/2023\/01\/camalau-3-300x300.jpg\" alt=\"\" width=\"300\" height=\"300\" srcset=\"https:\/\/noticiasemdestaque.com\/cd\/wp-content\/uploads\/2023\/01\/camalau-3-300x300.jpg 300w, https:\/\/noticiasemdestaque.com\/cd\/wp-content\/uploads\/2023\/01\/camalau-3-1024x1024.jpg 1024w, https:\/\/noticiasemdestaque.com\/cd\/wp-content\/uploads\/2023\/01\/camalau-3-150x150.jpg 150w, https:\/\/noticiasemdestaque.com\/cd\/wp-content\/uploads\/2023\/01\/camalau-3-768x768.jpg 768w, https:\/\/noticiasemdestaque.com\/cd\/wp-content\/uploads\/2023\/01\/camalau-3-12x12.jpg 12w, https:\/\/noticiasemdestaque.com\/cd\/wp-content\/uploads\/2023\/01\/camalau-3.jpg 1440w\" sizes=\"(max-width: 300px) 100vw, 300px\" \/><\/a><\/p>\n<p><a href=\"https:\/\/noticiasemdestaque.com\/cd\/wp-content\/uploads\/2023\/01\/camalau-4.jpg\"><img loading=\"lazy\" decoding=\"async\" class=\"alignnone size-medium wp-image-45353\" src=\"https:\/\/noticiasemdestaque.com\/cd\/wp-content\/uploads\/2023\/01\/camalau-4-300x300.jpg\" alt=\"\" width=\"300\" height=\"300\" srcset=\"https:\/\/noticiasemdestaque.com\/cd\/wp-content\/uploads\/2023\/01\/camalau-4-300x300.jpg 300w, https:\/\/noticiasemdestaque.com\/cd\/wp-content\/uploads\/2023\/01\/camalau-4-1024x1024.jpg 1024w, https:\/\/noticiasemdestaque.com\/cd\/wp-content\/uploads\/2023\/01\/camalau-4-150x150.jpg 150w, https:\/\/noticiasemdestaque.com\/cd\/wp-content\/uploads\/2023\/01\/camalau-4-768x768.jpg 768w, https:\/\/noticiasemdestaque.com\/cd\/wp-content\/uploads\/2023\/01\/camalau-4-12x12.jpg 12w, https:\/\/noticiasemdestaque.com\/cd\/wp-content\/uploads\/2023\/01\/camalau-4.jpg 1440w\" sizes=\"(max-width: 300px) 100vw, 300px\" \/><\/a><\/p>\n<p><a href=\"https:\/\/noticiasemdestaque.com\/cd\/wp-content\/uploads\/2023\/01\/camalau-5.jpg\"><img loading=\"lazy\" decoding=\"async\" class=\"alignnone size-medium wp-image-45354\" src=\"https:\/\/noticiasemdestaque.com\/cd\/wp-content\/uploads\/2023\/01\/camalau-5-300x300.jpg\" alt=\"\" width=\"300\" height=\"300\" srcset=\"https:\/\/noticiasemdestaque.com\/cd\/wp-content\/uploads\/2023\/01\/camalau-5-300x300.jpg 300w, https:\/\/noticiasemdestaque.com\/cd\/wp-content\/uploads\/2023\/01\/camalau-5-1024x1024.jpg 1024w, https:\/\/noticiasemdestaque.com\/cd\/wp-content\/uploads\/2023\/01\/camalau-5-150x150.jpg 150w, https:\/\/noticiasemdestaque.com\/cd\/wp-content\/uploads\/2023\/01\/camalau-5-768x768.jpg 768w, https:\/\/noticiasemdestaque.com\/cd\/wp-content\/uploads\/2023\/01\/camalau-5-12x12.jpg 12w, https:\/\/noticiasemdestaque.com\/cd\/wp-content\/uploads\/2023\/01\/camalau-5.jpg 1440w\" sizes=\"(max-width: 300px) 100vw, 300px\" \/><\/a><\/p>\n<p><a href=\"https:\/\/noticiasemdestaque.com\/cd\/wp-content\/uploads\/2023\/01\/camalau-6.jpg\"><img loading=\"lazy\" decoding=\"async\" class=\"alignnone size-medium wp-image-45355\" src=\"https:\/\/noticiasemdestaque.com\/cd\/wp-content\/uploads\/2023\/01\/camalau-6-300x300.jpg\" alt=\"\" width=\"300\" height=\"300\" srcset=\"https:\/\/noticiasemdestaque.com\/cd\/wp-content\/uploads\/2023\/01\/camalau-6-300x300.jpg 300w, https:\/\/noticiasemdestaque.com\/cd\/wp-content\/uploads\/2023\/01\/camalau-6-1024x1024.jpg 1024w, https:\/\/noticiasemdestaque.com\/cd\/wp-content\/uploads\/2023\/01\/camalau-6-150x150.jpg 150w, https:\/\/noticiasemdestaque.com\/cd\/wp-content\/uploads\/2023\/01\/camalau-6-768x768.jpg 768w, https:\/\/noticiasemdestaque.com\/cd\/wp-content\/uploads\/2023\/01\/camalau-6-12x12.jpg 12w, https:\/\/noticiasemdestaque.com\/cd\/wp-content\/uploads\/2023\/01\/camalau-6.jpg 1440w\" sizes=\"(max-width: 300px) 100vw, 300px\" \/><\/a><\/p>\n<p><a href=\"https:\/\/noticiasemdestaque.com\/cd\/wp-content\/uploads\/2023\/01\/camalau-7.jpg\"><img loading=\"lazy\" decoding=\"async\" class=\"alignnone size-medium wp-image-45356\" src=\"https:\/\/noticiasemdestaque.com\/cd\/wp-content\/uploads\/2023\/01\/camalau-7-300x300.jpg\" alt=\"\" width=\"300\" height=\"300\" srcset=\"https:\/\/noticiasemdestaque.com\/cd\/wp-content\/uploads\/2023\/01\/camalau-7-300x300.jpg 300w, https:\/\/noticiasemdestaque.com\/cd\/wp-content\/uploads\/2023\/01\/camalau-7-1024x1024.jpg 1024w, https:\/\/noticiasemdestaque.com\/cd\/wp-content\/uploads\/2023\/01\/camalau-7-150x150.jpg 150w, https:\/\/noticiasemdestaque.com\/cd\/wp-content\/uploads\/2023\/01\/camalau-7-768x768.jpg 768w, https:\/\/noticiasemdestaque.com\/cd\/wp-content\/uploads\/2023\/01\/camalau-7-12x12.jpg 12w, https:\/\/noticiasemdestaque.com\/cd\/wp-content\/uploads\/2023\/01\/camalau-7.jpg 1440w\" sizes=\"(max-width: 300px) 100vw, 300px\" \/><\/a><\/p>\n<p>Com Fabio Brito<\/p>\n","protected":false},"excerpt":{"rendered":"<p>O prefeito Bira Mariano, realizou durante o programa institucional da Prefeitura de Camala\u00fa, o sorteio da ara\u00e7\u00e3o de terras para as comunidades rurais. Na ocasi\u00e3o, o programa se estender\u00e1 por seis setores e todas as comunidades ser\u00e3o contempladas. O prefeito ressaltou que nenhuma comunidade deixar\u00e1 de ter sua ara\u00e7\u00e3o de terra garantida e afirmou que a gest\u00e3o vai cumprir \u00e0 risca o cronograma estabelecido. \u201cVamos cumprir \u00e0 risca o cronograma estabelecido atrav\u00e9s do sorteio que realizamos, e quero reafirmar tamb\u00e9m que nenhuma comunidade rural de nosso munic\u00edpio ficar\u00e1 sem sua ara\u00e7\u00e3o de terra, todas ser\u00e3o contempladas, para que nossos agricultores possam ter uma boa colheita neste ano,\u201d disse o gestor. Os servi\u00e7os de ara\u00e7\u00e3o come\u00e7aram nesta segunda-feira (09): Com Fabio Brito<\/p>\n","protected":false},"author":2,"featured_media":45349,"comment_status":"closed","ping_status":"open","sticky":false,"template":"","format":"standard","meta":{"_eb_attr":"","_jetpack_memberships_contains_paid_content":false,"footnotes":""},"categories":[3],"tags":[],"class_list":["post-45348","post","type-post","status-publish","format-standard","has-post-thumbnail","hentry","category-cidades"],"yoast_head":"<!-- This site is optimized with the Yoast SEO plugin v26.5 - https:\/\/yoast.com\/wordpress\/plugins\/seo\/ -->\n<title>Programa de ara\u00e7\u00e3o de terras da Prefeitura de Camala\u00fa teve in\u00edcio nesta segunda-feira. - Not&iacute;cias em Destaque<\/title>\n<meta name=\"robots\" content=\"index, follow, max-snippet:-1, max-image-preview:large, max-video-preview:-1\" \/>\n<link rel=\"canonical\" href=\"https:\/\/noticiasemdestaque.com\/cd\/?p=45348\" \/>\n<meta property=\"og:locale\" content=\"pt_BR\" \/>\n<meta property=\"og:type\" content=\"article\" \/>\n<meta property=\"og:title\" content=\"Programa de ara\u00e7\u00e3o de terras da Prefeitura de Camala\u00fa teve in\u00edcio nesta segunda-feira. - Not&iacute;cias em Destaque\" \/>\n<meta property=\"og:description\" content=\"O prefeito Bira Mariano, realizou durante o programa institucional da Prefeitura de Camala\u00fa, o sorteio da ara\u00e7\u00e3o de terras para as comunidades rurais. Na ocasi\u00e3o, o programa se estender\u00e1 por seis setores e todas as comunidades ser\u00e3o contempladas. O prefeito ressaltou que nenhuma comunidade deixar\u00e1 de ter sua ara\u00e7\u00e3o de terra garantida e afirmou que a gest\u00e3o vai cumprir \u00e0 risca o cronograma estabelecido. \u201cVamos cumprir \u00e0 risca o cronograma estabelecido atrav\u00e9s do sorteio que realizamos, e quero reafirmar tamb\u00e9m que nenhuma comunidade rural de nosso munic\u00edpio ficar\u00e1 sem sua ara\u00e7\u00e3o de terra, todas ser\u00e3o contempladas, para que nossos agricultores possam ter uma boa colheita neste ano,\u201d disse o gestor. Os servi\u00e7os de ara\u00e7\u00e3o come\u00e7aram nesta segunda-feira (09): Com Fabio Brito\" \/>\n<meta property=\"og:url\" content=\"https:\/\/noticiasemdestaque.com\/cd\/?p=45348\" \/>\n<meta property=\"og:site_name\" content=\"Not&iacute;cias em Destaque\" \/>\n<meta property=\"article:published_time\" content=\"2023-01-10T10:54:31+00:00\" \/>\n<meta property=\"og:image\" content=\"https:\/\/noticiasemdestaque.com\/cd\/wp-content\/uploads\/2023\/01\/324184019_862083685035683_2304054621177049014_n.jpg\" \/>\n\t<meta property=\"og:image:width\" content=\"1440\" \/>\n\t<meta property=\"og:image:height\" content=\"1440\" \/>\n\t<meta property=\"og:image:type\" content=\"image\/jpeg\" \/>\n<meta name=\"author\" content=\"Not\u00edcias em Destaque\" \/>\n<meta name=\"twitter:card\" content=\"summary_large_image\" \/>\n<meta name=\"twitter:label1\" content=\"Escrito por\" \/>\n\t<meta name=\"twitter:data1\" content=\"Not\u00edcias em Destaque\" \/>\n\t<meta name=\"twitter:label2\" content=\"Est. tempo de leitura\" \/>\n\t<meta name=\"twitter:data2\" content=\"3 minutos\" \/>\n<script type=\"application\/ld+json\" class=\"yoast-schema-graph\">{\"@context\":\"https:\/\/schema.org\",\"@graph\":[{\"@type\":\"Article\",\"@id\":\"https:\/\/noticiasemdestaque.com\/cd\/?p=45348#article\",\"isPartOf\":{\"@id\":\"https:\/\/noticiasemdestaque.com\/cd\/?p=45348\"},\"author\":{\"name\":\"Not\u00edcias em Destaque\",\"@id\":\"https:\/\/noticiasemdestaque.com\/cd\/#\/schema\/person\/47f7d4f55eec17c6b2ca036c5500f6ce\"},\"headline\":\"Programa de ara\u00e7\u00e3o de terras da Prefeitura de Camala\u00fa teve in\u00edcio nesta segunda-feira.\",\"datePublished\":\"2023-01-10T10:54:31+00:00\",\"mainEntityOfPage\":{\"@id\":\"https:\/\/noticiasemdestaque.com\/cd\/?p=45348\"},\"wordCount\":146,\"publisher\":{\"@id\":\"https:\/\/noticiasemdestaque.com\/cd\/#organization\"},\"image\":{\"@id\":\"https:\/\/noticiasemdestaque.com\/cd\/?p=45348#primaryimage\"},\"thumbnailUrl\":\"https:\/\/noticiasemdestaque.com\/cd\/wp-content\/uploads\/2023\/01\/324184019_862083685035683_2304054621177049014_n.jpg\",\"articleSection\":[\"Cidades\"],\"inLanguage\":\"pt-BR\"},{\"@type\":\"WebPage\",\"@id\":\"https:\/\/noticiasemdestaque.com\/cd\/?p=45348\",\"url\":\"https:\/\/noticiasemdestaque.com\/cd\/?p=45348\",\"name\":\"Programa de ara\u00e7\u00e3o de terras da Prefeitura de Camala\u00fa teve in\u00edcio nesta segunda-feira. - Not&iacute;cias em Destaque\",\"isPartOf\":{\"@id\":\"https:\/\/noticiasemdestaque.com\/cd\/#website\"},\"primaryImageOfPage\":{\"@id\":\"https:\/\/noticiasemdestaque.com\/cd\/?p=45348#primaryimage\"},\"image\":{\"@id\":\"https:\/\/noticiasemdestaque.com\/cd\/?p=45348#primaryimage\"},\"thumbnailUrl\":\"https:\/\/noticiasemdestaque.com\/cd\/wp-content\/uploads\/2023\/01\/324184019_862083685035683_2304054621177049014_n.jpg\",\"datePublished\":\"2023-01-10T10:54:31+00:00\",\"breadcrumb\":{\"@id\":\"https:\/\/noticiasemdestaque.com\/cd\/?p=45348#breadcrumb\"},\"inLanguage\":\"pt-BR\",\"potentialAction\":[{\"@type\":\"ReadAction\",\"target\":[\"https:\/\/noticiasemdestaque.com\/cd\/?p=45348\"]}]},{\"@type\":\"ImageObject\",\"inLanguage\":\"pt-BR\",\"@id\":\"https:\/\/noticiasemdestaque.com\/cd\/?p=45348#primaryimage\",\"url\":\"https:\/\/noticiasemdestaque.com\/cd\/wp-content\/uploads\/2023\/01\/324184019_862083685035683_2304054621177049014_n.jpg\",\"contentUrl\":\"https:\/\/noticiasemdestaque.com\/cd\/wp-content\/uploads\/2023\/01\/324184019_862083685035683_2304054621177049014_n.jpg\",\"width\":1440,\"height\":1440},{\"@type\":\"BreadcrumbList\",\"@id\":\"https:\/\/noticiasemdestaque.com\/cd\/?p=45348#breadcrumb\",\"itemListElement\":[{\"@type\":\"ListItem\",\"position\":1,\"name\":\"In\u00edcio\",\"item\":\"https:\/\/noticiasemdestaque.com\/cd\/\"},{\"@type\":\"ListItem\",\"position\":2,\"name\":\"Programa de ara\u00e7\u00e3o de terras da Prefeitura de Camala\u00fa teve in\u00edcio nesta segunda-feira.\"}]},{\"@type\":\"WebSite\",\"@id\":\"https:\/\/noticiasemdestaque.com\/cd\/#website\",\"url\":\"https:\/\/noticiasemdestaque.com\/cd\/\",\"name\":\"Not&iacute;cias em Destaque\",\"description\":\"\",\"publisher\":{\"@id\":\"https:\/\/noticiasemdestaque.com\/cd\/#organization\"},\"potentialAction\":[{\"@type\":\"SearchAction\",\"target\":{\"@type\":\"EntryPoint\",\"urlTemplate\":\"https:\/\/noticiasemdestaque.com\/cd\/?s={search_term_string}\"},\"query-input\":{\"@type\":\"PropertyValueSpecification\",\"valueRequired\":true,\"valueName\":\"search_term_string\"}}],\"inLanguage\":\"pt-BR\"},{\"@type\":\"Organization\",\"@id\":\"https:\/\/noticiasemdestaque.com\/cd\/#organization\",\"name\":\"Not\u00edcias em Destaque\",\"url\":\"https:\/\/noticiasemdestaque.com\/cd\/\",\"logo\":{\"@type\":\"ImageObject\",\"inLanguage\":\"pt-BR\",\"@id\":\"https:\/\/noticiasemdestaque.com\/cd\/#\/schema\/logo\/image\/\",\"url\":\"https:\/\/noticiasemdestaque.com\/cd\/wp-content\/uploads\/2022\/05\/imagem-base-noticiasemdestaque.png\",\"contentUrl\":\"https:\/\/noticiasemdestaque.com\/cd\/wp-content\/uploads\/2022\/05\/imagem-base-noticiasemdestaque.png\",\"width\":1200,\"height\":630,\"caption\":\"Not\u00edcias em Destaque\"},\"image\":{\"@id\":\"https:\/\/noticiasemdestaque.com\/cd\/#\/schema\/logo\/image\/\"}},{\"@type\":\"Person\",\"@id\":\"https:\/\/noticiasemdestaque.com\/cd\/#\/schema\/person\/47f7d4f55eec17c6b2ca036c5500f6ce\",\"name\":\"Not\u00edcias em Destaque\",\"url\":\"https:\/\/noticiasemdestaque.com\/cd\/?author=2\"}]}<\/script>\n<!-- \/ Yoast SEO plugin. -->","yoast_head_json":{"title":"Programa de ara\u00e7\u00e3o de terras da Prefeitura de Camala\u00fa teve in\u00edcio nesta segunda-feira. - Not&iacute;cias em Destaque","robots":{"index":"index","follow":"follow","max-snippet":"max-snippet:-1","max-image-preview":"max-image-preview:large","max-video-preview":"max-video-preview:-1"},"canonical":"https:\/\/noticiasemdestaque.com\/cd\/?p=45348","og_locale":"pt_BR","og_type":"article","og_title":"Programa de ara\u00e7\u00e3o de terras da Prefeitura de Camala\u00fa teve in\u00edcio nesta segunda-feira. - Not&iacute;cias em Destaque","og_description":"O prefeito Bira Mariano, realizou durante o programa institucional da Prefeitura de Camala\u00fa, o sorteio da ara\u00e7\u00e3o de terras para as comunidades rurais. Na ocasi\u00e3o, o programa se estender\u00e1 por seis setores e todas as comunidades ser\u00e3o contempladas. O prefeito ressaltou que nenhuma comunidade deixar\u00e1 de ter sua ara\u00e7\u00e3o de terra garantida e afirmou que a gest\u00e3o vai cumprir \u00e0 risca o cronograma estabelecido. \u201cVamos cumprir \u00e0 risca o cronograma estabelecido atrav\u00e9s do sorteio que realizamos, e quero reafirmar tamb\u00e9m que nenhuma comunidade rural de nosso munic\u00edpio ficar\u00e1 sem sua ara\u00e7\u00e3o de terra, todas ser\u00e3o contempladas, para que nossos agricultores possam ter uma boa colheita neste ano,\u201d disse o gestor. Os servi\u00e7os de ara\u00e7\u00e3o come\u00e7aram nesta segunda-feira (09): Com Fabio Brito","og_url":"https:\/\/noticiasemdestaque.com\/cd\/?p=45348","og_site_name":"Not&iacute;cias em Destaque","article_published_time":"2023-01-10T10:54:31+00:00","og_image":[{"width":1440,"height":1440,"url":"https:\/\/noticiasemdestaque.com\/cd\/wp-content\/uploads\/2023\/01\/324184019_862083685035683_2304054621177049014_n.jpg","type":"image\/jpeg"}],"author":"Not\u00edcias em Destaque","twitter_card":"summary_large_image","twitter_misc":{"Escrito por":"Not\u00edcias em Destaque","Est. tempo de leitura":"3 minutos"},"schema":{"@context":"https:\/\/schema.org","@graph":[{"@type":"Article","@id":"https:\/\/noticiasemdestaque.com\/cd\/?p=45348#article","isPartOf":{"@id":"https:\/\/noticiasemdestaque.com\/cd\/?p=45348"},"author":{"name":"Not\u00edcias em Destaque","@id":"https:\/\/noticiasemdestaque.com\/cd\/#\/schema\/person\/47f7d4f55eec17c6b2ca036c5500f6ce"},"headline":"Programa de ara\u00e7\u00e3o de terras da Prefeitura de Camala\u00fa teve in\u00edcio nesta segunda-feira.","datePublished":"2023-01-10T10:54:31+00:00","mainEntityOfPage":{"@id":"https:\/\/noticiasemdestaque.com\/cd\/?p=45348"},"wordCount":146,"publisher":{"@id":"https:\/\/noticiasemdestaque.com\/cd\/#organization"},"image":{"@id":"https:\/\/noticiasemdestaque.com\/cd\/?p=45348#primaryimage"},"thumbnailUrl":"https:\/\/noticiasemdestaque.com\/cd\/wp-content\/uploads\/2023\/01\/324184019_862083685035683_2304054621177049014_n.jpg","articleSection":["Cidades"],"inLanguage":"pt-BR"},{"@type":"WebPage","@id":"https:\/\/noticiasemdestaque.com\/cd\/?p=45348","url":"https:\/\/noticiasemdestaque.com\/cd\/?p=45348","name":"Programa de ara\u00e7\u00e3o de terras da Prefeitura de Camala\u00fa teve in\u00edcio nesta segunda-feira. - Not&iacute;cias em Destaque","isPartOf":{"@id":"https:\/\/noticiasemdestaque.com\/cd\/#website"},"primaryImageOfPage":{"@id":"https:\/\/noticiasemdestaque.com\/cd\/?p=45348#primaryimage"},"image":{"@id":"https:\/\/noticiasemdestaque.com\/cd\/?p=45348#primaryimage"},"thumbnailUrl":"https:\/\/noticiasemdestaque.com\/cd\/wp-content\/uploads\/2023\/01\/324184019_862083685035683_2304054621177049014_n.jpg","datePublished":"2023-01-10T10:54:31+00:00","breadcrumb":{"@id":"https:\/\/noticiasemdestaque.com\/cd\/?p=45348#breadcrumb"},"inLanguage":"pt-BR","potentialAction":[{"@type":"ReadAction","target":["https:\/\/noticiasemdestaque.com\/cd\/?p=45348"]}]},{"@type":"ImageObject","inLanguage":"pt-BR","@id":"https:\/\/noticiasemdestaque.com\/cd\/?p=45348#primaryimage","url":"https:\/\/noticiasemdestaque.com\/cd\/wp-content\/uploads\/2023\/01\/324184019_862083685035683_2304054621177049014_n.jpg","contentUrl":"https:\/\/noticiasemdestaque.com\/cd\/wp-content\/uploads\/2023\/01\/324184019_862083685035683_2304054621177049014_n.jpg","width":1440,"height":1440},{"@type":"BreadcrumbList","@id":"https:\/\/noticiasemdestaque.com\/cd\/?p=45348#breadcrumb","itemListElement":[{"@type":"ListItem","position":1,"name":"In\u00edcio","item":"https:\/\/noticiasemdestaque.com\/cd\/"},{"@type":"ListItem","position":2,"name":"Programa de ara\u00e7\u00e3o de terras da Prefeitura de Camala\u00fa teve in\u00edcio nesta segunda-feira."}]},{"@type":"WebSite","@id":"https:\/\/noticiasemdestaque.com\/cd\/#website","url":"https:\/\/noticiasemdestaque.com\/cd\/","name":"Not&iacute;cias em Destaque","description":"","publisher":{"@id":"https:\/\/noticiasemdestaque.com\/cd\/#organization"},"potentialAction":[{"@type":"SearchAction","target":{"@type":"EntryPoint","urlTemplate":"https:\/\/noticiasemdestaque.com\/cd\/?s={search_term_string}"},"query-input":{"@type":"PropertyValueSpecification","valueRequired":true,"valueName":"search_term_string"}}],"inLanguage":"pt-BR"},{"@type":"Organization","@id":"https:\/\/noticiasemdestaque.com\/cd\/#organization","name":"Not\u00edcias em Destaque","url":"https:\/\/noticiasemdestaque.com\/cd\/","logo":{"@type":"ImageObject","inLanguage":"pt-BR","@id":"https:\/\/noticiasemdestaque.com\/cd\/#\/schema\/logo\/image\/","url":"https:\/\/noticiasemdestaque.com\/cd\/wp-content\/uploads\/2022\/05\/imagem-base-noticiasemdestaque.png","contentUrl":"https:\/\/noticiasemdestaque.com\/cd\/wp-content\/uploads\/2022\/05\/imagem-base-noticiasemdestaque.png","width":1200,"height":630,"caption":"Not\u00edcias em Destaque"},"image":{"@id":"https:\/\/noticiasemdestaque.com\/cd\/#\/schema\/logo\/image\/"}},{"@type":"Person","@id":"https:\/\/noticiasemdestaque.com\/cd\/#\/schema\/person\/47f7d4f55eec17c6b2ca036c5500f6ce","name":"Not\u00edcias em Destaque","url":"https:\/\/noticiasemdestaque.com\/cd\/?author=2"}]}},"jetpack_featured_media_url":"https:\/\/noticiasemdestaque.com\/cd\/wp-content\/uploads\/2023\/01\/324184019_862083685035683_2304054621177049014_n.jpg","jetpack_sharing_enabled":true,"_links":{"self":[{"href":"https:\/\/noticiasemdestaque.com\/cd\/index.php?rest_route=\/wp\/v2\/posts\/45348","targetHints":{"allow":["GET"]}}],"collection":[{"href":"https:\/\/noticiasemdestaque.com\/cd\/index.php?rest_route=\/wp\/v2\/posts"}],"about":[{"href":"https:\/\/noticiasemdestaque.com\/cd\/index.php?rest_route=\/wp\/v2\/types\/post"}],"author":[{"embeddable":true,"href":"https:\/\/noticiasemdestaque.com\/cd\/index.php?rest_route=\/wp\/v2\/users\/2"}],"replies":[{"embeddable":true,"href":"https:\/\/noticiasemdestaque.com\/cd\/index.php?rest_route=%2Fwp%2Fv2%2Fcomments&post=45348"}],"version-history":[{"count":1,"href":"https:\/\/noticiasemdestaque.com\/cd\/index.php?rest_route=\/wp\/v2\/posts\/45348\/revisions"}],"predecessor-version":[{"id":45357,"href":"https:\/\/noticiasemdestaque.com\/cd\/index.php?rest_route=\/wp\/v2\/posts\/45348\/revisions\/45357"}],"wp:featuredmedia":[{"embeddable":true,"href":"https:\/\/noticiasemdestaque.com\/cd\/index.php?rest_route=\/wp\/v2\/media\/45349"}],"wp:attachment":[{"href":"https:\/\/noticiasemdestaque.com\/cd\/index.php?rest_route=%2Fwp%2Fv2%2Fmedia&parent=45348"}],"wp:term":[{"taxonomy":"category","embeddable":true,"href":"https:\/\/noticiasemdestaque.com\/cd\/index.php?rest_route=%2Fwp%2Fv2%2Fcategories&post=45348"},{"taxonomy":"post_tag","embeddable":true,"href":"https:\/\/noticiasemdestaque.com\/cd\/index.php?rest_route=%2Fwp%2Fv2%2Ftags&post=45348"}],"curies":[{"name":"wp","href":"https:\/\/api.w.org\/{rel}","templated":true}]}}