{"id":45345,"date":"2023-01-10T07:51:18","date_gmt":"2023-01-10T10:51:18","guid":{"rendered":"https:\/\/noticiasemdestaque.com\/cd\/?p=45345"},"modified":"2023-01-10T07:51:18","modified_gmt":"2023-01-10T10:51:18","slug":"joao-azevedo-apresenta-avancos-da-gestao-e-anuncia-novas-obras-e-acoes-para-o-segundo-mandato","status":"publish","type":"post","link":"https:\/\/noticiasemdestaque.com\/cd\/?p=45345","title":{"rendered":"Jo\u00e3o Azev\u00eado apresenta avan\u00e7os da gest\u00e3o e anuncia novas obras e a\u00e7\u00f5es para o segundo mandato"},"content":{"rendered":"<p><a href=\"https:\/\/noticiasemdestaque.com\/cd\/wp-content\/uploads\/2023\/01\/1af701ad-a772-4044-ad24-6c5d49c83ee8.jpeg\"><img fetchpriority=\"high\" decoding=\"async\" class=\"alignnone  wp-image-45346\" src=\"https:\/\/noticiasemdestaque.com\/cd\/wp-content\/uploads\/2023\/01\/1af701ad-a772-4044-ad24-6c5d49c83ee8-300x205.jpeg\" alt=\"\" width=\"1120\" height=\"765\" srcset=\"https:\/\/noticiasemdestaque.com\/cd\/wp-content\/uploads\/2023\/01\/1af701ad-a772-4044-ad24-6c5d49c83ee8-300x205.jpeg 300w, https:\/\/noticiasemdestaque.com\/cd\/wp-content\/uploads\/2023\/01\/1af701ad-a772-4044-ad24-6c5d49c83ee8-18x12.jpeg 18w, https:\/\/noticiasemdestaque.com\/cd\/wp-content\/uploads\/2023\/01\/1af701ad-a772-4044-ad24-6c5d49c83ee8-556x380.jpeg 556w, https:\/\/noticiasemdestaque.com\/cd\/wp-content\/uploads\/2023\/01\/1af701ad-a772-4044-ad24-6c5d49c83ee8.jpeg 768w\" sizes=\"(max-width: 1120px) 100vw, 1120px\" \/><\/a><\/p>\n<p>O governador Jo\u00e3o Azev\u00eado apresentou, nesta segunda-feira (9), em solenidade no Teatro Paulo Pontes, no Espa\u00e7o Cultural Jos\u00e9 Lins do Rego, em Jo\u00e3o Pessoa, a revista Para\u00edba da Gente, que detalha as conquistas e realiza\u00e7\u00f5es do Governo da Para\u00edba no per\u00edodo de 2019 a 2022.<\/p>\n<p>Na ocasi\u00e3o, ele tamb\u00e9m anunciou novas obras e a\u00e7\u00f5es para o segundo mandato, a exemplo do Arco Metropolitano e o BRS de Jo\u00e3o Pessoa, a constru\u00e7\u00e3o do novo Hospital de Cl\u00ednicas de Campina Grande e do Hospital de Cl\u00ednicas e Traumatologia do Sert\u00e3o, de sete barragens e a amplia\u00e7\u00e3o do programa T\u00e1 na Mesa para todos os munic\u00edpios. Tamb\u00e9m ser\u00e3o lan\u00e7ados o pacote econ\u00f4mico para redu\u00e7\u00e3o de impostos e o programa Opera Para\u00edba Pedi\u00e1trico, al\u00e9m de concursos p\u00fablicos para o magist\u00e9rio e seguran\u00e7a p\u00fablica.<\/p>\n<p>Jo\u00e3o Azev\u00eado tamb\u00e9m adiantou uma agenda de inaugura\u00e7\u00f5es para os pr\u00f3ximos dias de obras de travessias urbanas, implanta\u00e7\u00e3o e restaura\u00e7\u00e3o de rodovias, oficina ortop\u00e9dica da Funad e Escola T\u00e9cnica de Artes, em Jo\u00e3o Pessoa, e de reformas e constru\u00e7\u00f5es de gin\u00e1sios.<\/p>\n<p>\u201cO nosso compromisso \u00e9 de cuidar das pessoas, com pol\u00edticas p\u00fablicas de inclus\u00e3o. Fazemos uma gest\u00e3o eficiente, com equil\u00edbrio fiscal e financeiro, respeito e di\u00e1logo, fazendo a Para\u00edba ser respeitada nacionalmente e vamos avan\u00e7ar ainda mais\u201d, frisou o governador.<\/p>\n<p>Dentre as a\u00e7\u00f5es destacadas pelo gestor estadual ao longo de seu primeiro mandato est\u00e3o as pol\u00edticas p\u00fablicas de seguran\u00e7a alimentar, com a implanta\u00e7\u00e3o do programa T\u00e1 na Mesa, a abertura de seis Restaurantes Populares, interioriza\u00e7\u00e3o do Prato Cheio, al\u00e9m do pagamento do abono natalino, aumento no valor do cart\u00e3o alimenta\u00e7\u00e3o e abertura dos Centros de Atendimento ao Autista em Jo\u00e3o Pessoa e Campina Grande.<\/p>\n<p>Na sa\u00fade, ele ressaltou o programa Opera Para\u00edba, que realizou mais de 33 mil cirurgias eletivas, a constru\u00e7\u00e3o do Hospital de S\u00e3o Bento, abertura do Hospital de Cl\u00ednicas de Campina Grande, unidade II da maternidade Frei Dami\u00e3o, rede de tom\u00f3grafos e hemodin\u00e2mica, amplia\u00e7\u00e3o de leitos de UTI e de enfermaria, UTI aerom\u00e9dica e constru\u00e7\u00e3o do Hospital da Mulher.<\/p>\n<p>Na pol\u00edtica da Mulher e da Diversidade Humana, est\u00e3o a cria\u00e7\u00e3o da Patrulha Maria da Penha, programa da Dignidade Menstrual, Ambulat\u00f3rio para Travestis e Transexuais em Jo\u00e3o Pessoa e Campina Grande, Casa de Acolhida LGBTQIAPN+ da Para\u00edba Cris Nag\u00f4 e Centro Estadual de Refer\u00eancia da Igualdade Racial Jo\u00e3o Balula.<\/p>\n<p>Na infraestrutura, recursos h\u00eddricos, meio ambiente e habita\u00e7\u00e3o, est\u00e3o as obras de travessia urbana, pavimenta\u00e7\u00e3o, restaura\u00e7\u00e3o de rodovias, mobilidade urbana, adutoras, regulariza\u00e7\u00e3o fundi\u00e1ria e programa Parceiros da Habita\u00e7\u00e3o.<\/p>\n<p>A educa\u00e7\u00e3o, ci\u00eancia e tecnologia foram destaques nacional com o terceiro maior crescimento do IDEB do pa\u00eds e melhor ensino remoto da pandemia. O estado tamb\u00e9m conta com 302 escolas em tempo integral e investiu na infraestrutura da rede com reforma, constru\u00e7\u00e3o, amplia\u00e7\u00e3o de unidades de ensino e constru\u00e7\u00e3o de gin\u00e1sios. Ainda foram distribu\u00eddos chips para a comunidade escolar e notebooks para professores. Na ci\u00eancia e tecnologia, foram mais de R$ 170 milh\u00f5es investidos em pesquisa. O Parque Tecnol\u00f3gico Horizontes da Inova\u00e7\u00e3o e o Radiotelesc\u00f3pio Bingo s\u00e3o alguns dos investimentos do governo em inova\u00e7\u00e3o e tecnologia.<\/p>\n<p>Na seguran\u00e7a, o Governo construiu Centros Integrados de Comando e Controle em Patos, Campina Grande e Jo\u00e3o Pessoa e promoveu melhorias nas condi\u00e7\u00f5es de trabalho e salarial dos profissionais, com a incorpora\u00e7\u00e3o progressiva da bolsa desempenho, aumento dos plant\u00f5es extras, cart\u00e3o alimenta\u00e7\u00e3o e mais de oito mil promo\u00e7\u00f5es.<\/p>\n<p>A agricultura conta com investimentos no programa Para\u00edba Rural Sustent\u00e1vel, Agrovila \u00c1guas de Acau\u00e3 e distribui\u00e7\u00e3o de sementes.<\/p>\n<p>Na cultura, o governo investiu no patrim\u00f4nio p\u00fablico e entregou o Museu da Cidade de Jo\u00e3o Pessoa, o Centro de Refer\u00eancia do Artesanato e da Renda Renascen\u00e7a, em Monteiro, e a recupera\u00e7\u00e3o do Museu do Artesanato Paraibano Janete Costa.<\/p>\n<p>No esporte, juventude e lazer, atletas e t\u00e9cnicos foram contemplados com o bolsa esporte. Al\u00e9m disso, foram constru\u00eddos o Parque Linear Parahyba III e a pra\u00e7a de Intermares.<\/p>\n<p><strong>Noticias em Destaque<\/strong><\/p>\n<p style=\"text-align: right;\"><em>Fonte: Governo da Paraiba<\/em><\/p>\n","protected":false},"excerpt":{"rendered":"<p>O governador Jo\u00e3o Azev\u00eado apresentou, nesta segunda-feira (9), em solenidade no Teatro Paulo Pontes, no Espa\u00e7o Cultural Jos\u00e9 Lins do Rego, em Jo\u00e3o Pessoa, a revista Para\u00edba da Gente, que detalha as conquistas e realiza\u00e7\u00f5es do Governo da Para\u00edba no per\u00edodo de 2019 a 2022. Na ocasi\u00e3o, ele tamb\u00e9m anunciou novas obras e a\u00e7\u00f5es para o segundo mandato, a exemplo do Arco Metropolitano e o BRS de Jo\u00e3o Pessoa, a constru\u00e7\u00e3o do novo Hospital de Cl\u00ednicas de Campina Grande e do Hospital de Cl\u00ednicas e Traumatologia do Sert\u00e3o, de sete barragens e a amplia\u00e7\u00e3o do programa T\u00e1 na Mesa para todos os munic\u00edpios. Tamb\u00e9m ser\u00e3o lan\u00e7ados o pacote econ\u00f4mico para redu\u00e7\u00e3o de impostos e o programa Opera Para\u00edba Pedi\u00e1trico, al\u00e9m de concursos p\u00fablicos para o magist\u00e9rio e seguran\u00e7a p\u00fablica. Jo\u00e3o Azev\u00eado tamb\u00e9m adiantou uma agenda de inaugura\u00e7\u00f5es para os pr\u00f3ximos dias de obras de travessias urbanas, implanta\u00e7\u00e3o e restaura\u00e7\u00e3o de rodovias, oficina ortop\u00e9dica da Funad e Escola T\u00e9cnica de Artes, em Jo\u00e3o Pessoa, e de reformas e constru\u00e7\u00f5es de gin\u00e1sios. \u201cO nosso compromisso \u00e9 de cuidar das pessoas, com pol\u00edticas p\u00fablicas de inclus\u00e3o. Fazemos uma gest\u00e3o eficiente, com equil\u00edbrio fiscal e financeiro, respeito e di\u00e1logo, fazendo a Para\u00edba ser respeitada nacionalmente e vamos avan\u00e7ar ainda mais\u201d, frisou o governador. Dentre as a\u00e7\u00f5es destacadas pelo gestor estadual ao longo de seu primeiro mandato est\u00e3o as pol\u00edticas p\u00fablicas de seguran\u00e7a alimentar, com a implanta\u00e7\u00e3o do programa T\u00e1 na Mesa, a abertura de seis Restaurantes Populares, interioriza\u00e7\u00e3o do Prato Cheio, al\u00e9m do pagamento do abono natalino, aumento no valor do cart\u00e3o alimenta\u00e7\u00e3o e abertura dos Centros de Atendimento ao Autista em Jo\u00e3o Pessoa e Campina Grande. Na sa\u00fade, ele ressaltou o programa Opera Para\u00edba, que realizou mais de 33 mil cirurgias eletivas, a constru\u00e7\u00e3o do Hospital de S\u00e3o Bento, abertura do Hospital de Cl\u00ednicas de Campina Grande, unidade II da maternidade Frei Dami\u00e3o, rede de tom\u00f3grafos e hemodin\u00e2mica, amplia\u00e7\u00e3o de leitos de UTI e de enfermaria, UTI aerom\u00e9dica e constru\u00e7\u00e3o do Hospital da Mulher. Na pol\u00edtica da Mulher e da Diversidade Humana, est\u00e3o a cria\u00e7\u00e3o da Patrulha Maria da Penha, programa da Dignidade Menstrual, Ambulat\u00f3rio para Travestis e Transexuais em Jo\u00e3o Pessoa e Campina Grande, Casa de Acolhida LGBTQIAPN+ da Para\u00edba Cris Nag\u00f4 e Centro Estadual de Refer\u00eancia da Igualdade Racial Jo\u00e3o Balula. Na infraestrutura, recursos h\u00eddricos, meio ambiente e habita\u00e7\u00e3o, est\u00e3o as obras de travessia urbana, pavimenta\u00e7\u00e3o, restaura\u00e7\u00e3o de rodovias, mobilidade urbana, adutoras, regulariza\u00e7\u00e3o fundi\u00e1ria e programa Parceiros da Habita\u00e7\u00e3o. A educa\u00e7\u00e3o, ci\u00eancia e tecnologia foram destaques nacional com o terceiro maior crescimento do IDEB do pa\u00eds e melhor ensino remoto da pandemia. O estado tamb\u00e9m conta com 302 escolas em tempo integral e investiu na infraestrutura da rede com reforma, constru\u00e7\u00e3o, amplia\u00e7\u00e3o de unidades de ensino e constru\u00e7\u00e3o de gin\u00e1sios. Ainda foram distribu\u00eddos chips para a comunidade escolar e notebooks para professores. Na ci\u00eancia e tecnologia, foram mais de R$ 170 milh\u00f5es investidos em pesquisa. O Parque Tecnol\u00f3gico Horizontes da Inova\u00e7\u00e3o e o Radiotelesc\u00f3pio Bingo s\u00e3o alguns dos investimentos do governo em inova\u00e7\u00e3o e tecnologia. Na seguran\u00e7a, o Governo construiu Centros Integrados de Comando e Controle em Patos, Campina Grande e Jo\u00e3o Pessoa e promoveu melhorias nas condi\u00e7\u00f5es de trabalho e salarial dos profissionais, com a incorpora\u00e7\u00e3o progressiva da bolsa desempenho, aumento dos plant\u00f5es extras, cart\u00e3o alimenta\u00e7\u00e3o e mais de oito mil promo\u00e7\u00f5es. A agricultura conta com investimentos no programa Para\u00edba Rural Sustent\u00e1vel, Agrovila \u00c1guas de Acau\u00e3 e distribui\u00e7\u00e3o de sementes. Na cultura, o governo investiu no patrim\u00f4nio p\u00fablico e entregou o Museu da Cidade de Jo\u00e3o Pessoa, o Centro de Refer\u00eancia do Artesanato e da Renda Renascen\u00e7a, em Monteiro, e a recupera\u00e7\u00e3o do Museu do Artesanato Paraibano Janete Costa. No esporte, juventude e lazer, atletas e t\u00e9cnicos foram contemplados com o bolsa esporte. Al\u00e9m disso, foram constru\u00eddos o Parque Linear Parahyba III e a pra\u00e7a de Intermares. Noticias em Destaque Fonte: Governo da Paraiba<\/p>\n","protected":false},"author":2,"featured_media":45346,"comment_status":"closed","ping_status":"open","sticky":false,"template":"","format":"standard","meta":{"_eb_attr":"","_jetpack_memberships_contains_paid_content":false,"footnotes":""},"categories":[4],"tags":[],"class_list":["post-45345","post","type-post","status-publish","format-standard","has-post-thumbnail","hentry","category-politica"],"yoast_head":"<!-- This site is optimized with the Yoast SEO plugin v26.5 - https:\/\/yoast.com\/wordpress\/plugins\/seo\/ -->\n<title>Jo\u00e3o Azev\u00eado apresenta avan\u00e7os da gest\u00e3o e anuncia novas obras e a\u00e7\u00f5es para o segundo mandato - Not&iacute;cias em Destaque<\/title>\n<meta name=\"robots\" content=\"index, follow, max-snippet:-1, max-image-preview:large, max-video-preview:-1\" \/>\n<link rel=\"canonical\" href=\"https:\/\/noticiasemdestaque.com\/cd\/?p=45345\" \/>\n<meta property=\"og:locale\" content=\"pt_BR\" \/>\n<meta property=\"og:type\" content=\"article\" \/>\n<meta property=\"og:title\" content=\"Jo\u00e3o Azev\u00eado apresenta avan\u00e7os da gest\u00e3o e anuncia novas obras e a\u00e7\u00f5es para o segundo mandato - Not&iacute;cias em Destaque\" \/>\n<meta property=\"og:description\" content=\"O governador Jo\u00e3o Azev\u00eado apresentou, nesta segunda-feira (9), em solenidade no Teatro Paulo Pontes, no Espa\u00e7o Cultural Jos\u00e9 Lins do Rego, em Jo\u00e3o Pessoa, a revista Para\u00edba da Gente, que detalha as conquistas e realiza\u00e7\u00f5es do Governo da Para\u00edba no per\u00edodo de 2019 a 2022. Na ocasi\u00e3o, ele tamb\u00e9m anunciou novas obras e a\u00e7\u00f5es para o segundo mandato, a exemplo do Arco Metropolitano e o BRS de Jo\u00e3o Pessoa, a constru\u00e7\u00e3o do novo Hospital de Cl\u00ednicas de Campina Grande e do Hospital de Cl\u00ednicas e Traumatologia do Sert\u00e3o, de sete barragens e a amplia\u00e7\u00e3o do programa T\u00e1 na Mesa para todos os munic\u00edpios. Tamb\u00e9m ser\u00e3o lan\u00e7ados o pacote econ\u00f4mico para redu\u00e7\u00e3o de impostos e o programa Opera Para\u00edba Pedi\u00e1trico, al\u00e9m de concursos p\u00fablicos para o magist\u00e9rio e seguran\u00e7a p\u00fablica. Jo\u00e3o Azev\u00eado tamb\u00e9m adiantou uma agenda de inaugura\u00e7\u00f5es para os pr\u00f3ximos dias de obras de travessias urbanas, implanta\u00e7\u00e3o e restaura\u00e7\u00e3o de rodovias, oficina ortop\u00e9dica da Funad e Escola T\u00e9cnica de Artes, em Jo\u00e3o Pessoa, e de reformas e constru\u00e7\u00f5es de gin\u00e1sios. \u201cO nosso compromisso \u00e9 de cuidar das pessoas, com pol\u00edticas p\u00fablicas de inclus\u00e3o. Fazemos uma gest\u00e3o eficiente, com equil\u00edbrio fiscal e financeiro, respeito e di\u00e1logo, fazendo a Para\u00edba ser respeitada nacionalmente e vamos avan\u00e7ar ainda mais\u201d, frisou o governador. Dentre as a\u00e7\u00f5es destacadas pelo gestor estadual ao longo de seu primeiro mandato est\u00e3o as pol\u00edticas p\u00fablicas de seguran\u00e7a alimentar, com a implanta\u00e7\u00e3o do programa T\u00e1 na Mesa, a abertura de seis Restaurantes Populares, interioriza\u00e7\u00e3o do Prato Cheio, al\u00e9m do pagamento do abono natalino, aumento no valor do cart\u00e3o alimenta\u00e7\u00e3o e abertura dos Centros de Atendimento ao Autista em Jo\u00e3o Pessoa e Campina Grande. Na sa\u00fade, ele ressaltou o programa Opera Para\u00edba, que realizou mais de 33 mil cirurgias eletivas, a constru\u00e7\u00e3o do Hospital de S\u00e3o Bento, abertura do Hospital de Cl\u00ednicas de Campina Grande, unidade II da maternidade Frei Dami\u00e3o, rede de tom\u00f3grafos e hemodin\u00e2mica, amplia\u00e7\u00e3o de leitos de UTI e de enfermaria, UTI aerom\u00e9dica e constru\u00e7\u00e3o do Hospital da Mulher. Na pol\u00edtica da Mulher e da Diversidade Humana, est\u00e3o a cria\u00e7\u00e3o da Patrulha Maria da Penha, programa da Dignidade Menstrual, Ambulat\u00f3rio para Travestis e Transexuais em Jo\u00e3o Pessoa e Campina Grande, Casa de Acolhida LGBTQIAPN+ da Para\u00edba Cris Nag\u00f4 e Centro Estadual de Refer\u00eancia da Igualdade Racial Jo\u00e3o Balula. Na infraestrutura, recursos h\u00eddricos, meio ambiente e habita\u00e7\u00e3o, est\u00e3o as obras de travessia urbana, pavimenta\u00e7\u00e3o, restaura\u00e7\u00e3o de rodovias, mobilidade urbana, adutoras, regulariza\u00e7\u00e3o fundi\u00e1ria e programa Parceiros da Habita\u00e7\u00e3o. A educa\u00e7\u00e3o, ci\u00eancia e tecnologia foram destaques nacional com o terceiro maior crescimento do IDEB do pa\u00eds e melhor ensino remoto da pandemia. O estado tamb\u00e9m conta com 302 escolas em tempo integral e investiu na infraestrutura da rede com reforma, constru\u00e7\u00e3o, amplia\u00e7\u00e3o de unidades de ensino e constru\u00e7\u00e3o de gin\u00e1sios. Ainda foram distribu\u00eddos chips para a comunidade escolar e notebooks para professores. Na ci\u00eancia e tecnologia, foram mais de R$ 170 milh\u00f5es investidos em pesquisa. O Parque Tecnol\u00f3gico Horizontes da Inova\u00e7\u00e3o e o Radiotelesc\u00f3pio Bingo s\u00e3o alguns dos investimentos do governo em inova\u00e7\u00e3o e tecnologia. Na seguran\u00e7a, o Governo construiu Centros Integrados de Comando e Controle em Patos, Campina Grande e Jo\u00e3o Pessoa e promoveu melhorias nas condi\u00e7\u00f5es de trabalho e salarial dos profissionais, com a incorpora\u00e7\u00e3o progressiva da bolsa desempenho, aumento dos plant\u00f5es extras, cart\u00e3o alimenta\u00e7\u00e3o e mais de oito mil promo\u00e7\u00f5es. A agricultura conta com investimentos no programa Para\u00edba Rural Sustent\u00e1vel, Agrovila \u00c1guas de Acau\u00e3 e distribui\u00e7\u00e3o de sementes. Na cultura, o governo investiu no patrim\u00f4nio p\u00fablico e entregou o Museu da Cidade de Jo\u00e3o Pessoa, o Centro de Refer\u00eancia do Artesanato e da Renda Renascen\u00e7a, em Monteiro, e a recupera\u00e7\u00e3o do Museu do Artesanato Paraibano Janete Costa. No esporte, juventude e lazer, atletas e t\u00e9cnicos foram contemplados com o bolsa esporte. Al\u00e9m disso, foram constru\u00eddos o Parque Linear Parahyba III e a pra\u00e7a de Intermares. Noticias em Destaque Fonte: Governo da Paraiba\" \/>\n<meta property=\"og:url\" content=\"https:\/\/noticiasemdestaque.com\/cd\/?p=45345\" \/>\n<meta property=\"og:site_name\" content=\"Not&iacute;cias em Destaque\" \/>\n<meta property=\"article:published_time\" content=\"2023-01-10T10:51:18+00:00\" \/>\n<meta property=\"og:image\" content=\"https:\/\/noticiasemdestaque.com\/cd\/wp-content\/uploads\/2023\/01\/1af701ad-a772-4044-ad24-6c5d49c83ee8.jpeg\" \/>\n\t<meta property=\"og:image:width\" content=\"768\" \/>\n\t<meta property=\"og:image:height\" content=\"525\" \/>\n\t<meta property=\"og:image:type\" content=\"image\/jpeg\" \/>\n<meta name=\"author\" content=\"Not\u00edcias em Destaque\" \/>\n<meta name=\"twitter:card\" content=\"summary_large_image\" \/>\n<meta name=\"twitter:label1\" content=\"Escrito por\" \/>\n\t<meta name=\"twitter:data1\" content=\"Not\u00edcias em Destaque\" \/>\n\t<meta name=\"twitter:label2\" content=\"Est. tempo de leitura\" \/>\n\t<meta name=\"twitter:data2\" content=\"4 minutos\" \/>\n<script type=\"application\/ld+json\" class=\"yoast-schema-graph\">{\"@context\":\"https:\/\/schema.org\",\"@graph\":[{\"@type\":\"Article\",\"@id\":\"https:\/\/noticiasemdestaque.com\/cd\/?p=45345#article\",\"isPartOf\":{\"@id\":\"https:\/\/noticiasemdestaque.com\/cd\/?p=45345\"},\"author\":{\"name\":\"Not\u00edcias em Destaque\",\"@id\":\"https:\/\/noticiasemdestaque.com\/cd\/#\/schema\/person\/47f7d4f55eec17c6b2ca036c5500f6ce\"},\"headline\":\"Jo\u00e3o Azev\u00eado apresenta avan\u00e7os da gest\u00e3o e anuncia novas obras e a\u00e7\u00f5es para o segundo mandato\",\"datePublished\":\"2023-01-10T10:51:18+00:00\",\"mainEntityOfPage\":{\"@id\":\"https:\/\/noticiasemdestaque.com\/cd\/?p=45345\"},\"wordCount\":783,\"publisher\":{\"@id\":\"https:\/\/noticiasemdestaque.com\/cd\/#organization\"},\"image\":{\"@id\":\"https:\/\/noticiasemdestaque.com\/cd\/?p=45345#primaryimage\"},\"thumbnailUrl\":\"https:\/\/noticiasemdestaque.com\/cd\/wp-content\/uploads\/2023\/01\/1af701ad-a772-4044-ad24-6c5d49c83ee8.jpeg\",\"articleSection\":[\"Pol\u00edtica\"],\"inLanguage\":\"pt-BR\"},{\"@type\":\"WebPage\",\"@id\":\"https:\/\/noticiasemdestaque.com\/cd\/?p=45345\",\"url\":\"https:\/\/noticiasemdestaque.com\/cd\/?p=45345\",\"name\":\"Jo\u00e3o Azev\u00eado apresenta avan\u00e7os da gest\u00e3o e anuncia novas obras e a\u00e7\u00f5es para o segundo mandato - Not&iacute;cias em Destaque\",\"isPartOf\":{\"@id\":\"https:\/\/noticiasemdestaque.com\/cd\/#website\"},\"primaryImageOfPage\":{\"@id\":\"https:\/\/noticiasemdestaque.com\/cd\/?p=45345#primaryimage\"},\"image\":{\"@id\":\"https:\/\/noticiasemdestaque.com\/cd\/?p=45345#primaryimage\"},\"thumbnailUrl\":\"https:\/\/noticiasemdestaque.com\/cd\/wp-content\/uploads\/2023\/01\/1af701ad-a772-4044-ad24-6c5d49c83ee8.jpeg\",\"datePublished\":\"2023-01-10T10:51:18+00:00\",\"breadcrumb\":{\"@id\":\"https:\/\/noticiasemdestaque.com\/cd\/?p=45345#breadcrumb\"},\"inLanguage\":\"pt-BR\",\"potentialAction\":[{\"@type\":\"ReadAction\",\"target\":[\"https:\/\/noticiasemdestaque.com\/cd\/?p=45345\"]}]},{\"@type\":\"ImageObject\",\"inLanguage\":\"pt-BR\",\"@id\":\"https:\/\/noticiasemdestaque.com\/cd\/?p=45345#primaryimage\",\"url\":\"https:\/\/noticiasemdestaque.com\/cd\/wp-content\/uploads\/2023\/01\/1af701ad-a772-4044-ad24-6c5d49c83ee8.jpeg\",\"contentUrl\":\"https:\/\/noticiasemdestaque.com\/cd\/wp-content\/uploads\/2023\/01\/1af701ad-a772-4044-ad24-6c5d49c83ee8.jpeg\",\"width\":768,\"height\":525},{\"@type\":\"BreadcrumbList\",\"@id\":\"https:\/\/noticiasemdestaque.com\/cd\/?p=45345#breadcrumb\",\"itemListElement\":[{\"@type\":\"ListItem\",\"position\":1,\"name\":\"In\u00edcio\",\"item\":\"https:\/\/noticiasemdestaque.com\/cd\/\"},{\"@type\":\"ListItem\",\"position\":2,\"name\":\"Jo\u00e3o Azev\u00eado apresenta avan\u00e7os da gest\u00e3o e anuncia novas obras e a\u00e7\u00f5es para o segundo mandato\"}]},{\"@type\":\"WebSite\",\"@id\":\"https:\/\/noticiasemdestaque.com\/cd\/#website\",\"url\":\"https:\/\/noticiasemdestaque.com\/cd\/\",\"name\":\"Not&iacute;cias em Destaque\",\"description\":\"\",\"publisher\":{\"@id\":\"https:\/\/noticiasemdestaque.com\/cd\/#organization\"},\"potentialAction\":[{\"@type\":\"SearchAction\",\"target\":{\"@type\":\"EntryPoint\",\"urlTemplate\":\"https:\/\/noticiasemdestaque.com\/cd\/?s={search_term_string}\"},\"query-input\":{\"@type\":\"PropertyValueSpecification\",\"valueRequired\":true,\"valueName\":\"search_term_string\"}}],\"inLanguage\":\"pt-BR\"},{\"@type\":\"Organization\",\"@id\":\"https:\/\/noticiasemdestaque.com\/cd\/#organization\",\"name\":\"Not\u00edcias em Destaque\",\"url\":\"https:\/\/noticiasemdestaque.com\/cd\/\",\"logo\":{\"@type\":\"ImageObject\",\"inLanguage\":\"pt-BR\",\"@id\":\"https:\/\/noticiasemdestaque.com\/cd\/#\/schema\/logo\/image\/\",\"url\":\"https:\/\/noticiasemdestaque.com\/cd\/wp-content\/uploads\/2022\/05\/imagem-base-noticiasemdestaque.png\",\"contentUrl\":\"https:\/\/noticiasemdestaque.com\/cd\/wp-content\/uploads\/2022\/05\/imagem-base-noticiasemdestaque.png\",\"width\":1200,\"height\":630,\"caption\":\"Not\u00edcias em Destaque\"},\"image\":{\"@id\":\"https:\/\/noticiasemdestaque.com\/cd\/#\/schema\/logo\/image\/\"}},{\"@type\":\"Person\",\"@id\":\"https:\/\/noticiasemdestaque.com\/cd\/#\/schema\/person\/47f7d4f55eec17c6b2ca036c5500f6ce\",\"name\":\"Not\u00edcias em Destaque\",\"url\":\"https:\/\/noticiasemdestaque.com\/cd\/?author=2\"}]}<\/script>\n<!-- \/ Yoast SEO plugin. -->","yoast_head_json":{"title":"Jo\u00e3o Azev\u00eado apresenta avan\u00e7os da gest\u00e3o e anuncia novas obras e a\u00e7\u00f5es para o segundo mandato - Not&iacute;cias em Destaque","robots":{"index":"index","follow":"follow","max-snippet":"max-snippet:-1","max-image-preview":"max-image-preview:large","max-video-preview":"max-video-preview:-1"},"canonical":"https:\/\/noticiasemdestaque.com\/cd\/?p=45345","og_locale":"pt_BR","og_type":"article","og_title":"Jo\u00e3o Azev\u00eado apresenta avan\u00e7os da gest\u00e3o e anuncia novas obras e a\u00e7\u00f5es para o segundo mandato - Not&iacute;cias em Destaque","og_description":"O governador Jo\u00e3o Azev\u00eado apresentou, nesta segunda-feira (9), em solenidade no Teatro Paulo Pontes, no Espa\u00e7o Cultural Jos\u00e9 Lins do Rego, em Jo\u00e3o Pessoa, a revista Para\u00edba da Gente, que detalha as conquistas e realiza\u00e7\u00f5es do Governo da Para\u00edba no per\u00edodo de 2019 a 2022. Na ocasi\u00e3o, ele tamb\u00e9m anunciou novas obras e a\u00e7\u00f5es para o segundo mandato, a exemplo do Arco Metropolitano e o BRS de Jo\u00e3o Pessoa, a constru\u00e7\u00e3o do novo Hospital de Cl\u00ednicas de Campina Grande e do Hospital de Cl\u00ednicas e Traumatologia do Sert\u00e3o, de sete barragens e a amplia\u00e7\u00e3o do programa T\u00e1 na Mesa para todos os munic\u00edpios. Tamb\u00e9m ser\u00e3o lan\u00e7ados o pacote econ\u00f4mico para redu\u00e7\u00e3o de impostos e o programa Opera Para\u00edba Pedi\u00e1trico, al\u00e9m de concursos p\u00fablicos para o magist\u00e9rio e seguran\u00e7a p\u00fablica. Jo\u00e3o Azev\u00eado tamb\u00e9m adiantou uma agenda de inaugura\u00e7\u00f5es para os pr\u00f3ximos dias de obras de travessias urbanas, implanta\u00e7\u00e3o e restaura\u00e7\u00e3o de rodovias, oficina ortop\u00e9dica da Funad e Escola T\u00e9cnica de Artes, em Jo\u00e3o Pessoa, e de reformas e constru\u00e7\u00f5es de gin\u00e1sios. \u201cO nosso compromisso \u00e9 de cuidar das pessoas, com pol\u00edticas p\u00fablicas de inclus\u00e3o. Fazemos uma gest\u00e3o eficiente, com equil\u00edbrio fiscal e financeiro, respeito e di\u00e1logo, fazendo a Para\u00edba ser respeitada nacionalmente e vamos avan\u00e7ar ainda mais\u201d, frisou o governador. Dentre as a\u00e7\u00f5es destacadas pelo gestor estadual ao longo de seu primeiro mandato est\u00e3o as pol\u00edticas p\u00fablicas de seguran\u00e7a alimentar, com a implanta\u00e7\u00e3o do programa T\u00e1 na Mesa, a abertura de seis Restaurantes Populares, interioriza\u00e7\u00e3o do Prato Cheio, al\u00e9m do pagamento do abono natalino, aumento no valor do cart\u00e3o alimenta\u00e7\u00e3o e abertura dos Centros de Atendimento ao Autista em Jo\u00e3o Pessoa e Campina Grande. Na sa\u00fade, ele ressaltou o programa Opera Para\u00edba, que realizou mais de 33 mil cirurgias eletivas, a constru\u00e7\u00e3o do Hospital de S\u00e3o Bento, abertura do Hospital de Cl\u00ednicas de Campina Grande, unidade II da maternidade Frei Dami\u00e3o, rede de tom\u00f3grafos e hemodin\u00e2mica, amplia\u00e7\u00e3o de leitos de UTI e de enfermaria, UTI aerom\u00e9dica e constru\u00e7\u00e3o do Hospital da Mulher. Na pol\u00edtica da Mulher e da Diversidade Humana, est\u00e3o a cria\u00e7\u00e3o da Patrulha Maria da Penha, programa da Dignidade Menstrual, Ambulat\u00f3rio para Travestis e Transexuais em Jo\u00e3o Pessoa e Campina Grande, Casa de Acolhida LGBTQIAPN+ da Para\u00edba Cris Nag\u00f4 e Centro Estadual de Refer\u00eancia da Igualdade Racial Jo\u00e3o Balula. Na infraestrutura, recursos h\u00eddricos, meio ambiente e habita\u00e7\u00e3o, est\u00e3o as obras de travessia urbana, pavimenta\u00e7\u00e3o, restaura\u00e7\u00e3o de rodovias, mobilidade urbana, adutoras, regulariza\u00e7\u00e3o fundi\u00e1ria e programa Parceiros da Habita\u00e7\u00e3o. A educa\u00e7\u00e3o, ci\u00eancia e tecnologia foram destaques nacional com o terceiro maior crescimento do IDEB do pa\u00eds e melhor ensino remoto da pandemia. O estado tamb\u00e9m conta com 302 escolas em tempo integral e investiu na infraestrutura da rede com reforma, constru\u00e7\u00e3o, amplia\u00e7\u00e3o de unidades de ensino e constru\u00e7\u00e3o de gin\u00e1sios. Ainda foram distribu\u00eddos chips para a comunidade escolar e notebooks para professores. Na ci\u00eancia e tecnologia, foram mais de R$ 170 milh\u00f5es investidos em pesquisa. O Parque Tecnol\u00f3gico Horizontes da Inova\u00e7\u00e3o e o Radiotelesc\u00f3pio Bingo s\u00e3o alguns dos investimentos do governo em inova\u00e7\u00e3o e tecnologia. Na seguran\u00e7a, o Governo construiu Centros Integrados de Comando e Controle em Patos, Campina Grande e Jo\u00e3o Pessoa e promoveu melhorias nas condi\u00e7\u00f5es de trabalho e salarial dos profissionais, com a incorpora\u00e7\u00e3o progressiva da bolsa desempenho, aumento dos plant\u00f5es extras, cart\u00e3o alimenta\u00e7\u00e3o e mais de oito mil promo\u00e7\u00f5es. A agricultura conta com investimentos no programa Para\u00edba Rural Sustent\u00e1vel, Agrovila \u00c1guas de Acau\u00e3 e distribui\u00e7\u00e3o de sementes. Na cultura, o governo investiu no patrim\u00f4nio p\u00fablico e entregou o Museu da Cidade de Jo\u00e3o Pessoa, o Centro de Refer\u00eancia do Artesanato e da Renda Renascen\u00e7a, em Monteiro, e a recupera\u00e7\u00e3o do Museu do Artesanato Paraibano Janete Costa. No esporte, juventude e lazer, atletas e t\u00e9cnicos foram contemplados com o bolsa esporte. Al\u00e9m disso, foram constru\u00eddos o Parque Linear Parahyba III e a pra\u00e7a de Intermares. Noticias em Destaque Fonte: Governo da Paraiba","og_url":"https:\/\/noticiasemdestaque.com\/cd\/?p=45345","og_site_name":"Not&iacute;cias em Destaque","article_published_time":"2023-01-10T10:51:18+00:00","og_image":[{"width":768,"height":525,"url":"https:\/\/noticiasemdestaque.com\/cd\/wp-content\/uploads\/2023\/01\/1af701ad-a772-4044-ad24-6c5d49c83ee8.jpeg","type":"image\/jpeg"}],"author":"Not\u00edcias em Destaque","twitter_card":"summary_large_image","twitter_misc":{"Escrito por":"Not\u00edcias em Destaque","Est. tempo de leitura":"4 minutos"},"schema":{"@context":"https:\/\/schema.org","@graph":[{"@type":"Article","@id":"https:\/\/noticiasemdestaque.com\/cd\/?p=45345#article","isPartOf":{"@id":"https:\/\/noticiasemdestaque.com\/cd\/?p=45345"},"author":{"name":"Not\u00edcias em Destaque","@id":"https:\/\/noticiasemdestaque.com\/cd\/#\/schema\/person\/47f7d4f55eec17c6b2ca036c5500f6ce"},"headline":"Jo\u00e3o Azev\u00eado apresenta avan\u00e7os da gest\u00e3o e anuncia novas obras e a\u00e7\u00f5es para o segundo mandato","datePublished":"2023-01-10T10:51:18+00:00","mainEntityOfPage":{"@id":"https:\/\/noticiasemdestaque.com\/cd\/?p=45345"},"wordCount":783,"publisher":{"@id":"https:\/\/noticiasemdestaque.com\/cd\/#organization"},"image":{"@id":"https:\/\/noticiasemdestaque.com\/cd\/?p=45345#primaryimage"},"thumbnailUrl":"https:\/\/noticiasemdestaque.com\/cd\/wp-content\/uploads\/2023\/01\/1af701ad-a772-4044-ad24-6c5d49c83ee8.jpeg","articleSection":["Pol\u00edtica"],"inLanguage":"pt-BR"},{"@type":"WebPage","@id":"https:\/\/noticiasemdestaque.com\/cd\/?p=45345","url":"https:\/\/noticiasemdestaque.com\/cd\/?p=45345","name":"Jo\u00e3o Azev\u00eado apresenta avan\u00e7os da gest\u00e3o e anuncia novas obras e a\u00e7\u00f5es para o segundo mandato - Not&iacute;cias em Destaque","isPartOf":{"@id":"https:\/\/noticiasemdestaque.com\/cd\/#website"},"primaryImageOfPage":{"@id":"https:\/\/noticiasemdestaque.com\/cd\/?p=45345#primaryimage"},"image":{"@id":"https:\/\/noticiasemdestaque.com\/cd\/?p=45345#primaryimage"},"thumbnailUrl":"https:\/\/noticiasemdestaque.com\/cd\/wp-content\/uploads\/2023\/01\/1af701ad-a772-4044-ad24-6c5d49c83ee8.jpeg","datePublished":"2023-01-10T10:51:18+00:00","breadcrumb":{"@id":"https:\/\/noticiasemdestaque.com\/cd\/?p=45345#breadcrumb"},"inLanguage":"pt-BR","potentialAction":[{"@type":"ReadAction","target":["https:\/\/noticiasemdestaque.com\/cd\/?p=45345"]}]},{"@type":"ImageObject","inLanguage":"pt-BR","@id":"https:\/\/noticiasemdestaque.com\/cd\/?p=45345#primaryimage","url":"https:\/\/noticiasemdestaque.com\/cd\/wp-content\/uploads\/2023\/01\/1af701ad-a772-4044-ad24-6c5d49c83ee8.jpeg","contentUrl":"https:\/\/noticiasemdestaque.com\/cd\/wp-content\/uploads\/2023\/01\/1af701ad-a772-4044-ad24-6c5d49c83ee8.jpeg","width":768,"height":525},{"@type":"BreadcrumbList","@id":"https:\/\/noticiasemdestaque.com\/cd\/?p=45345#breadcrumb","itemListElement":[{"@type":"ListItem","position":1,"name":"In\u00edcio","item":"https:\/\/noticiasemdestaque.com\/cd\/"},{"@type":"ListItem","position":2,"name":"Jo\u00e3o Azev\u00eado apresenta avan\u00e7os da gest\u00e3o e anuncia novas obras e a\u00e7\u00f5es para o segundo mandato"}]},{"@type":"WebSite","@id":"https:\/\/noticiasemdestaque.com\/cd\/#website","url":"https:\/\/noticiasemdestaque.com\/cd\/","name":"Not&iacute;cias em Destaque","description":"","publisher":{"@id":"https:\/\/noticiasemdestaque.com\/cd\/#organization"},"potentialAction":[{"@type":"SearchAction","target":{"@type":"EntryPoint","urlTemplate":"https:\/\/noticiasemdestaque.com\/cd\/?s={search_term_string}"},"query-input":{"@type":"PropertyValueSpecification","valueRequired":true,"valueName":"search_term_string"}}],"inLanguage":"pt-BR"},{"@type":"Organization","@id":"https:\/\/noticiasemdestaque.com\/cd\/#organization","name":"Not\u00edcias em Destaque","url":"https:\/\/noticiasemdestaque.com\/cd\/","logo":{"@type":"ImageObject","inLanguage":"pt-BR","@id":"https:\/\/noticiasemdestaque.com\/cd\/#\/schema\/logo\/image\/","url":"https:\/\/noticiasemdestaque.com\/cd\/wp-content\/uploads\/2022\/05\/imagem-base-noticiasemdestaque.png","contentUrl":"https:\/\/noticiasemdestaque.com\/cd\/wp-content\/uploads\/2022\/05\/imagem-base-noticiasemdestaque.png","width":1200,"height":630,"caption":"Not\u00edcias em Destaque"},"image":{"@id":"https:\/\/noticiasemdestaque.com\/cd\/#\/schema\/logo\/image\/"}},{"@type":"Person","@id":"https:\/\/noticiasemdestaque.com\/cd\/#\/schema\/person\/47f7d4f55eec17c6b2ca036c5500f6ce","name":"Not\u00edcias em Destaque","url":"https:\/\/noticiasemdestaque.com\/cd\/?author=2"}]}},"jetpack_featured_media_url":"https:\/\/noticiasemdestaque.com\/cd\/wp-content\/uploads\/2023\/01\/1af701ad-a772-4044-ad24-6c5d49c83ee8.jpeg","jetpack_sharing_enabled":true,"_links":{"self":[{"href":"https:\/\/noticiasemdestaque.com\/cd\/index.php?rest_route=\/wp\/v2\/posts\/45345","targetHints":{"allow":["GET"]}}],"collection":[{"href":"https:\/\/noticiasemdestaque.com\/cd\/index.php?rest_route=\/wp\/v2\/posts"}],"about":[{"href":"https:\/\/noticiasemdestaque.com\/cd\/index.php?rest_route=\/wp\/v2\/types\/post"}],"author":[{"embeddable":true,"href":"https:\/\/noticiasemdestaque.com\/cd\/index.php?rest_route=\/wp\/v2\/users\/2"}],"replies":[{"embeddable":true,"href":"https:\/\/noticiasemdestaque.com\/cd\/index.php?rest_route=%2Fwp%2Fv2%2Fcomments&post=45345"}],"version-history":[{"count":1,"href":"https:\/\/noticiasemdestaque.com\/cd\/index.php?rest_route=\/wp\/v2\/posts\/45345\/revisions"}],"predecessor-version":[{"id":45347,"href":"https:\/\/noticiasemdestaque.com\/cd\/index.php?rest_route=\/wp\/v2\/posts\/45345\/revisions\/45347"}],"wp:featuredmedia":[{"embeddable":true,"href":"https:\/\/noticiasemdestaque.com\/cd\/index.php?rest_route=\/wp\/v2\/media\/45346"}],"wp:attachment":[{"href":"https:\/\/noticiasemdestaque.com\/cd\/index.php?rest_route=%2Fwp%2Fv2%2Fmedia&parent=45345"}],"wp:term":[{"taxonomy":"category","embeddable":true,"href":"https:\/\/noticiasemdestaque.com\/cd\/index.php?rest_route=%2Fwp%2Fv2%2Fcategories&post=45345"},{"taxonomy":"post_tag","embeddable":true,"href":"https:\/\/noticiasemdestaque.com\/cd\/index.php?rest_route=%2Fwp%2Fv2%2Ftags&post=45345"}],"curies":[{"name":"wp","href":"https:\/\/api.w.org\/{rel}","templated":true}]}}