{"id":45342,"date":"2023-01-09T22:21:04","date_gmt":"2023-01-10T01:21:04","guid":{"rendered":"https:\/\/noticiasemdestaque.com\/cd\/?p=45342"},"modified":"2023-01-09T22:21:04","modified_gmt":"2023-01-10T01:21:04","slug":"governadores-se-unem-em-brasilia-para-condenar-atos-golpistas","status":"publish","type":"post","link":"https:\/\/noticiasemdestaque.com\/cd\/?p=45342","title":{"rendered":"Governadores se unem em Bras\u00edlia para condenar atos golpistas"},"content":{"rendered":"<p><a href=\"https:\/\/noticiasemdestaque.com\/cd\/wp-content\/uploads\/2023\/01\/lula_governadores_acoes_extremistas_20230109_0250_1.jpg\"><img fetchpriority=\"high\" decoding=\"async\" class=\" wp-image-45343\" src=\"https:\/\/noticiasemdestaque.com\/cd\/wp-content\/uploads\/2023\/01\/lula_governadores_acoes_extremistas_20230109_0250_1-300x179.jpg\" alt=\"\" width=\"1012\" height=\"604\" srcset=\"https:\/\/noticiasemdestaque.com\/cd\/wp-content\/uploads\/2023\/01\/lula_governadores_acoes_extremistas_20230109_0250_1-300x179.jpg 300w, https:\/\/noticiasemdestaque.com\/cd\/wp-content\/uploads\/2023\/01\/lula_governadores_acoes_extremistas_20230109_0250_1-768x459.jpg 768w, https:\/\/noticiasemdestaque.com\/cd\/wp-content\/uploads\/2023\/01\/lula_governadores_acoes_extremistas_20230109_0250_1-18x12.jpg 18w, https:\/\/noticiasemdestaque.com\/cd\/wp-content\/uploads\/2023\/01\/lula_governadores_acoes_extremistas_20230109_0250_1.jpg 1170w\" sizes=\"(max-width: 1012px) 100vw, 1012px\" \/><\/a><\/p>\n<p>Um dia ap\u00f3s os atos golpistas que resultaram na\u00a0<a href=\"https:\/\/agenciabrasil.ebc.com.br\/geral\/noticia\/2023-01\/manifestantes-invadem-congresso-planalto-e-stf\" target=\"_blank\" rel=\"noopener\">depreda\u00e7\u00e3o<\/a>\u00a0do Congresso Nacional, do Pal\u00e1cio do Planalto e do Supremo Tribunal Federal (STF), governadores e governadoras se reuniram em Bras\u00edlia, na noite desta\u00a0segunda-feira (9), com o presidente Luiz In\u00e1cio Lula da Silva, para reafirmar a defesa da democracia e condenar tentativa de ruptura institucional no pa\u00eds. Participaram da reuni\u00e3o todos os governadores ou vices dos 26\u00a0estados e do Distrito Federal.\u00a0<img decoding=\"async\" src=\"https:\/\/agenciabrasil.ebc.com.br\/ebc.png?id=1503073&amp;o=node\" \/><img decoding=\"async\" src=\"https:\/\/agenciabrasil.ebc.com.br\/ebc.gif?id=1503073&amp;o=node\" \/><\/p>\n<p>Tamb\u00e9m estiveram no encontro os presidentes da C\u00e2mara dos Deputados, Arthur Lira, e do Senado Federal em exerc\u00edcio, Veneziano Vital do R\u00eago (MDB-PB), al\u00e9m da presidente do Supremo Tribunal Federal\u00a0(STF),\u00a0<a href=\"https:\/\/agenciabrasil.ebc.com.br\/justica\/noticia\/2023-01\/stf-convoca-sessao-virtual-permanente-durante-recesso\" target=\"_blank\" rel=\"noopener\">Rosa Weber<\/a>, e de outros ministros da Suprema Corte.<\/p>\n<p>&#8220;\u00c9 importante ressaltar que este f\u00f3rum [de governadores] se re\u00fane respeitando as diversas matizes pol\u00edticas que comp\u00f5em a pluralidade ideol\u00f3gica e partid\u00e1ria do nosso pa\u00eds, mas todos t\u00eam uma causa inegoci\u00e1vel, que nos une: a democracia&#8221;, destacou o governador do Par\u00e1, H\u00e9lder Barbalho, que articulou o encontro, e fez uma fala representando os governadores da Regi\u00e3o Norte.<\/p>\n<p>Durante a reuni\u00e3o, os l\u00edderes estaduais foram un\u00e2nimes em enfatizar a defesa do estado democr\u00e1tico de direito no pa\u00eds. &#8220;Essa reuni\u00e3o de\u00a0hoje\u00a0significa que a democracia brasileira vai se tornar, depois dos epis\u00f3dios de\u00a0ontem, ainda mais forte&#8221;, disse o governador de S\u00e3o Paulo Tarc\u00edsio de Freitas, em nome da Regi\u00e3o Sudeste.<\/p>\n<p>A governadora F\u00e1tima Bezerra, do Rio Grande do Norte, falou da indigna\u00e7\u00e3o com as cenas de destrui\u00e7\u00e3o dos maiores s\u00edmbolos da democracia republicana do pa\u00eds e pediu puni\u00e7\u00e3o aos golpistas. &#8220;Foi muito doloroso ver as cenas de ontem, a viol\u00eancia atingindo o cora\u00e7\u00e3o da Rep\u00fablica. Diante de um epis\u00f3dio t\u00e3o grave, n\u00e3o poderia ser outra a atitude dos governadores do Brasil, de estarem aqui\u00a0hoje. Esses atos de\u00a0ontem\u00a0n\u00e3o podem ficar impunes&#8221;, afirmou, em nome da Regi\u00e3o Nordeste.<\/p>\n<p>Pela Regi\u00e3o Sul, coube ao governador do Rio Grande do Sul, Eduardo Leite, destacar algumas das a\u00e7\u00f5es conjuntas deflagradas pelos estados, como a disponibiliza\u00e7\u00e3o de efetivos policiais para manter a ordem no Distrito Federal e desmobiliza\u00e7\u00e3o de acampamentos golpistas nos estados. &#8220;Al\u00e9m de estar disponibilizando efetivo policial, estamos atuando de forma sin\u00e9rgica em sintonia para a manuten\u00e7\u00e3o da ordem nos nossos estados&#8221;.<\/p>\n<p>A\u00a0<a href=\"https:\/\/agenciabrasil.ebc.com.br\/politica\/noticia\/2023-01\/moraes-afasta-governador-do-distrito-federal-por-90-dias\" target=\"_blank\" rel=\"noopener\">governadora em exerc\u00edcio<\/a>\u00a0do Distrito Federal, Celina Le\u00e3o, disse que o governo da capital &#8220;coaduna com a democracia&#8221; e lembrou da pris\u00e3o, at\u00e9 o momento, de mais de 1,5 mil pessoas por envolvimento nos atos de vandalismo. Celina Le\u00e3o substitui o governador Ibaneis Rocha, afastado na madrugada desta\u00a0segunda, por decis\u00e3o do ministro do STF, Alexandre de Moraes.\u00a0Ela aproveitou para dizer que o governador afastado &#8220;<a href=\"https:\/\/agenciabrasil.ebc.com.br\/radioagencia-nacional\/politica\/audio\/2023-01\/afastado-do-governo-do-df-ibaneis-diz-que-respeita-decisao\" target=\"_blank\" rel=\"noopener\">\u00e9 um democrata<\/a>&#8220;, mas que, &#8220;por infelicidade, recebeu v\u00e1rias informa\u00e7\u00f5es equivocadas durante a crise&#8221;.<\/p>\n<p>Desde\u00a0ontem, o\u00a0<a href=\"https:\/\/agenciabrasil.ebc.com.br\/geral\/noticia\/2023-01\/lula-decreta-intervencao-federal-na-seguranca-publica-do-df\" target=\"_blank\" rel=\"noopener\">DF est\u00e1 sob interven\u00e7\u00e3o federal<\/a>\u00a0na seguran\u00e7a p\u00fablica. O decreto assinado pelo presidente Lula ainda precisa ser aprovado pelo Congresso Nacional, o que ocorrer\u00e1 de forma simb\u00f3lica, assegurou o presidente da C\u00e2mara dos Deputados. &#8220;N\u00f3s votaremos simbolicamente, por unanimidade, para demonstrar que a Casa do povo est\u00e1 unida em defesa de medidas duras para esse pequeno grupo radical, que hostilizou as institui\u00e7\u00f5es e tentou deixar a democracia de c\u00f3coras\u00a0ontem&#8221;.<\/p>\n<h2>Financiadores<\/h2>\n<p>Em\u00a0discurso aos governadores, o presidente Lula agradeceu pela solidariedade prestada e fez duras cr\u00edticas aos grupos envolvidos nos atos de vandalismo.<\/p>\n<p>&#8220;Voc\u00eas vieram prestar solidariedade ao pa\u00eds e \u00e0 democracia. O que n\u00f3s vimos\u00a0ontem\u00a0foi uma coisa que j\u00e1 estava prevista. Isso tinha sido anunciado h\u00e1 algum tempo atr\u00e1s. As pessoas n\u00e3o tinham pautam de reivindica\u00e7\u00e3o. Eles estavam reivindicando golpe, era a \u00fanica coisa que se ouvia falar&#8221;, disse.<\/p>\n<p>O presidente tamb\u00e9m voltou a criticar a\u00a0<a href=\"https:\/\/agenciabrasil.ebc.com.br\/justica\/noticia\/2023-01\/mp-do-distrito-federal-recomenda-afastamento-de-comandantes-da-pm\" target=\"_blank\" rel=\"noopener\">a\u00e7\u00e3o das for\u00e7as policiais<\/a>\u00a0e disse que \u00e9 preciso apurar e encontrar os financiadores dos atos democr\u00e1ticos. &#8220;A pol\u00edcia de Bras\u00edlia negligenciou. A intelig\u00eancia de Bras\u00edlia negligenciou. \u00c9 f\u00e1cil a gente ver os policiais conversando com os invasores. N\u00e3o vamos ser autorit\u00e1rios com ningu\u00e9m, mas n\u00e3o seremos mornos com ningu\u00e9m. N\u00f3s vamos encontrar quem financiou [os atos golpistas]&#8221;.<\/p>\n<p>O ministro da Justi\u00e7a e Seguran\u00e7a P\u00fablica,\u00a0<a href=\"https:\/\/agenciabrasil.ebc.com.br\/justica\/noticia\/2023-01\/para-dino-mudanca-de-planejamento-do-df-possibilitou-terrorismo\" target=\"_blank\" rel=\"noopener\">Fl\u00e1vio Dino<\/a>, afirmou que que as investiga\u00e7\u00f5es em curso devem resultar em novos pedidos de pris\u00e3o preventiva e tempor\u00e1ria, principalmente contra os financiadores.<\/p>\n<h2>Unidade<\/h2>\n<p>Presente na\u00a0reuni\u00e3o, a ministra Rosa Weber, presidente do STF, tamb\u00e9m fez quest\u00e3o de enaltecer a presen\u00e7a dos governadores em um gesto de compromisso democr\u00e1tico com o Brasil. &#8220;Eu estou aqui, em nome do STF, agradecendo a iniciativa do f\u00f3rum dos governadores de testemunharem a unidade nacional, de um Brasil que todos n\u00f3s queremos, no sentido da defesa da nossa democracia e do Estado Democr\u00e1tico de Direito. O sentido dessa uni\u00e3o em torno de um Brasil que queremos, um Brasil de paz, solid\u00e1rio e fraterno&#8221;.<\/p>\n<p>Em\u00a0outro gesto de unidade, ap\u00f3s o encontro, presidente, governadores e ministros do STF\u00a0<a href=\"https:\/\/agenciabrasil.ebc.com.br\/geral\/noticia\/2023-01\/lula-e-governadores-atravessam-praca-dos-tres-poderes-e-vao-ao-stf\" target=\"_blank\" rel=\"noopener\">atravessaram a Pra\u00e7a dos Tr\u00eas Poderes a p\u00e9<\/a>, at\u00e9 a sede do STF, edif\u00edcio que\u00a0ontem\u00a0tamb\u00e9m foi brutalmente destru\u00eddo. A ministra Rosa Weber garantiu que o pr\u00e9dio estar\u00e1 pronto para reabertura do ano judici\u00e1rio, em fevereiro.<\/p>\n<div class=\"dnd-widget-wrapper context-cheio_8colunas type-image\">\n<div class=\"dnd-atom-rendered\">\n<div class=\"shadow overflow-hidden rounded-lg d-block zoom-on-hover-sm shadow-hover w-100\"><img decoding=\"async\" class=\"flex-fill img-cover\" title=\"Reuters\/Ueslei Marcelino\/Direitos Reservados\" src=\"https:\/\/imagens.ebc.com.br\/Z6tsdDWSGLpVLbJf-bQ38n59IUQ=\/754x0\/smart\/https:\/\/agenciabrasil.ebc.com.br\/sites\/default\/files\/thumbnails\/image\/2023-01-10t001538z_570357296_rc2cny94engn_rtrmadp_3_brazil-politics-violence.jpg?itok=iO2tECr0\" alt=\"Aftermath of Brazil's anti-democratic riots\" \/><\/div>\n<\/div>\n<div class=\"dnd-caption-wrapper\">\n<h6 class=\"meta\">Lula e governadores visitam STF ap\u00f3s reuni\u00e3o\u00a0&#8211;\u00a0<strong>Reuters\/Ueslei Marcelino\/Direitos Reservados<\/strong><\/h6>\n<\/div>\n<\/div>\n<h2>Governadores e vices presentes:<\/h2>\n<p>Mailza Assis &#8211; vice-governadora do Acre<\/p>\n<p>Paulo Dantas &#8211; governador de Alagoas<\/p>\n<p>Cl\u00e9cio Luis &#8211; governador do Amap\u00e1<\/p>\n<p>Wilson Lima &#8211; governador do Amazonas<\/p>\n<p>Jer\u00f4nimo Rodrigues &#8211; governador da Bahia<\/p>\n<p>Renato Casagrande &#8211; governador do Esp\u00edrito Santo<\/p>\n<p>Daniel Vilela &#8211; vice-governador de Goi\u00e1s<\/p>\n<p>Carlos Brand\u00e3o &#8211; governador do Maranh\u00e3o<\/p>\n<p>Otaviano Pivetta &#8211; vice-governador do Mato Grosso<\/p>\n<p>Eduardo Riedel &#8211; governador do Mato Grosso do Sul<\/p>\n<p>Romeu Zema &#8211; governador de Minas Gerais<\/p>\n<p>H\u00e9lder Barbalho &#8211; governador do Par\u00e1<\/p>\n<p>Jo\u00e3o Azev\u00eado &#8211; governador da Para\u00edba<\/p>\n<p>Ratinho Jr. &#8211; governador do Paran\u00e1<\/p>\n<p>Raquel Lyra &#8211; governadora de Pernambuco<\/p>\n<p>Rafael Fonteles &#8211; governador do Piau\u00ed<\/p>\n<p>Cl\u00e1udio Castro &#8211; governador do Rio\u00a0de Janeiro<\/p>\n<p>F\u00e1tima Bezerra &#8211; governadora do Rio Grande do Norte<\/p>\n<p>Eduardo Leite &#8211; governador do Rio Grande do Sul<\/p>\n<p>Augusto Leonel de Souza Marques &#8211; representante do governo de Rond\u00f4nia<\/p>\n<p>Ant\u00f4nio Denarium &#8211; governador de Roraima<\/p>\n<p>Jorginho Mello &#8211; governador de Santa Catarina<\/p>\n<p>Tarc\u00edsio de Freitas &#8211; governador de S\u00e3o Paulo<\/p>\n<p>F\u00e1bio Mitidieri &#8211; governador de Sergipe<\/p>\n<p>Elmano de Freitas &#8211; governador do Cear\u00e1<\/p>\n<p>Wanderlei Barboda &#8211; governador de Tocantins<\/p>\n<p>Celina Le\u00e3o &#8211; governadora em exerc\u00edcio do Distrito Federal<\/p>\n<p><strong>Noticias em Destaque<\/strong><\/p>\n<p style=\"text-align: right;\"><em>Fonte: Agencia Brasil<\/em><\/p>\n","protected":false},"excerpt":{"rendered":"<p>Um dia ap\u00f3s os atos golpistas que resultaram na\u00a0depreda\u00e7\u00e3o\u00a0do Congresso Nacional, do Pal\u00e1cio do Planalto e do Supremo Tribunal Federal (STF), governadores e governadoras se reuniram em Bras\u00edlia, na noite desta\u00a0segunda-feira (9), com o presidente Luiz In\u00e1cio Lula da Silva, para reafirmar a defesa da democracia e condenar tentativa de ruptura institucional no pa\u00eds. Participaram da reuni\u00e3o todos os governadores ou vices dos 26\u00a0estados e do Distrito Federal.\u00a0 Tamb\u00e9m estiveram no encontro os presidentes da C\u00e2mara dos Deputados, Arthur Lira, e do Senado Federal em exerc\u00edcio, Veneziano Vital do R\u00eago (MDB-PB), al\u00e9m da presidente do Supremo Tribunal Federal\u00a0(STF),\u00a0Rosa Weber, e de outros ministros da Suprema Corte. &#8220;\u00c9 importante ressaltar que este f\u00f3rum [de governadores] se re\u00fane respeitando as diversas matizes pol\u00edticas que comp\u00f5em a pluralidade ideol\u00f3gica e partid\u00e1ria do nosso pa\u00eds, mas todos t\u00eam uma causa inegoci\u00e1vel, que nos une: a democracia&#8221;, destacou o governador do Par\u00e1, H\u00e9lder Barbalho, que articulou o encontro, e fez uma fala representando os governadores da Regi\u00e3o Norte. Durante a reuni\u00e3o, os l\u00edderes estaduais foram un\u00e2nimes em enfatizar a defesa do estado democr\u00e1tico de direito no pa\u00eds. &#8220;Essa reuni\u00e3o de\u00a0hoje\u00a0significa que a democracia brasileira vai se tornar, depois dos epis\u00f3dios de\u00a0ontem, ainda mais forte&#8221;, disse o governador de S\u00e3o Paulo Tarc\u00edsio de Freitas, em nome da Regi\u00e3o Sudeste. A governadora F\u00e1tima Bezerra, do Rio Grande do Norte, falou da indigna\u00e7\u00e3o com as cenas de destrui\u00e7\u00e3o dos maiores s\u00edmbolos da democracia republicana do pa\u00eds e pediu puni\u00e7\u00e3o aos golpistas. &#8220;Foi muito doloroso ver as cenas de ontem, a viol\u00eancia atingindo o cora\u00e7\u00e3o da Rep\u00fablica. Diante de um epis\u00f3dio t\u00e3o grave, n\u00e3o poderia ser outra a atitude dos governadores do Brasil, de estarem aqui\u00a0hoje. Esses atos de\u00a0ontem\u00a0n\u00e3o podem ficar impunes&#8221;, afirmou, em nome da Regi\u00e3o Nordeste. Pela Regi\u00e3o Sul, coube ao governador do Rio Grande do Sul, Eduardo Leite, destacar algumas das a\u00e7\u00f5es conjuntas deflagradas pelos estados, como a disponibiliza\u00e7\u00e3o de efetivos policiais para manter a ordem no Distrito Federal e desmobiliza\u00e7\u00e3o de acampamentos golpistas nos estados. &#8220;Al\u00e9m de estar disponibilizando efetivo policial, estamos atuando de forma sin\u00e9rgica em sintonia para a manuten\u00e7\u00e3o da ordem nos nossos estados&#8221;. A\u00a0governadora em exerc\u00edcio\u00a0do Distrito Federal, Celina Le\u00e3o, disse que o governo da capital &#8220;coaduna com a democracia&#8221; e lembrou da pris\u00e3o, at\u00e9 o momento, de mais de 1,5 mil pessoas por envolvimento nos atos de vandalismo. Celina Le\u00e3o substitui o governador Ibaneis Rocha, afastado na madrugada desta\u00a0segunda, por decis\u00e3o do ministro do STF, Alexandre de Moraes.\u00a0Ela aproveitou para dizer que o governador afastado &#8220;\u00e9 um democrata&#8220;, mas que, &#8220;por infelicidade, recebeu v\u00e1rias informa\u00e7\u00f5es equivocadas durante a crise&#8221;. Desde\u00a0ontem, o\u00a0DF est\u00e1 sob interven\u00e7\u00e3o federal\u00a0na seguran\u00e7a p\u00fablica. O decreto assinado pelo presidente Lula ainda precisa ser aprovado pelo Congresso Nacional, o que ocorrer\u00e1 de forma simb\u00f3lica, assegurou o presidente da C\u00e2mara dos Deputados. &#8220;N\u00f3s votaremos simbolicamente, por unanimidade, para demonstrar que a Casa do povo est\u00e1 unida em defesa de medidas duras para esse pequeno grupo radical, que hostilizou as institui\u00e7\u00f5es e tentou deixar a democracia de c\u00f3coras\u00a0ontem&#8221;. Financiadores Em\u00a0discurso aos governadores, o presidente Lula agradeceu pela solidariedade prestada e fez duras cr\u00edticas aos grupos envolvidos nos atos de vandalismo. &#8220;Voc\u00eas vieram prestar solidariedade ao pa\u00eds e \u00e0 democracia. O que n\u00f3s vimos\u00a0ontem\u00a0foi uma coisa que j\u00e1 estava prevista. Isso tinha sido anunciado h\u00e1 algum tempo atr\u00e1s. As pessoas n\u00e3o tinham pautam de reivindica\u00e7\u00e3o. Eles estavam reivindicando golpe, era a \u00fanica coisa que se ouvia falar&#8221;, disse. O presidente tamb\u00e9m voltou a criticar a\u00a0a\u00e7\u00e3o das for\u00e7as policiais\u00a0e disse que \u00e9 preciso apurar e encontrar os financiadores dos atos democr\u00e1ticos. &#8220;A pol\u00edcia de Bras\u00edlia negligenciou. A intelig\u00eancia de Bras\u00edlia negligenciou. \u00c9 f\u00e1cil a gente ver os policiais conversando com os invasores. N\u00e3o vamos ser autorit\u00e1rios com ningu\u00e9m, mas n\u00e3o seremos mornos com ningu\u00e9m. N\u00f3s vamos encontrar quem financiou [os atos golpistas]&#8221;. O ministro da Justi\u00e7a e Seguran\u00e7a P\u00fablica,\u00a0Fl\u00e1vio Dino, afirmou que que as investiga\u00e7\u00f5es em curso devem resultar em novos pedidos de pris\u00e3o preventiva e tempor\u00e1ria, principalmente contra os financiadores. Unidade Presente na\u00a0reuni\u00e3o, a ministra Rosa Weber, presidente do STF, tamb\u00e9m fez quest\u00e3o de enaltecer a presen\u00e7a dos governadores em um gesto de compromisso democr\u00e1tico com o Brasil. &#8220;Eu estou aqui, em nome do STF, agradecendo a iniciativa do f\u00f3rum dos governadores de testemunharem a unidade nacional, de um Brasil que todos n\u00f3s queremos, no sentido da defesa da nossa democracia e do Estado Democr\u00e1tico de Direito. O sentido dessa uni\u00e3o em torno de um Brasil que queremos, um Brasil de paz, solid\u00e1rio e fraterno&#8221;. Em\u00a0outro gesto de unidade, ap\u00f3s o encontro, presidente, governadores e ministros do STF\u00a0atravessaram a Pra\u00e7a dos Tr\u00eas Poderes a p\u00e9, at\u00e9 a sede do STF, edif\u00edcio que\u00a0ontem\u00a0tamb\u00e9m foi brutalmente destru\u00eddo. A ministra Rosa Weber garantiu que o pr\u00e9dio estar\u00e1 pronto para reabertura do ano judici\u00e1rio, em fevereiro. Lula e governadores visitam STF ap\u00f3s reuni\u00e3o\u00a0&#8211;\u00a0Reuters\/Ueslei Marcelino\/Direitos Reservados Governadores e vices presentes: Mailza Assis &#8211; vice-governadora do Acre Paulo Dantas &#8211; governador de Alagoas Cl\u00e9cio Luis &#8211; governador do Amap\u00e1 Wilson Lima &#8211; governador do Amazonas Jer\u00f4nimo Rodrigues &#8211; governador da Bahia Renato Casagrande &#8211; governador do Esp\u00edrito Santo Daniel Vilela &#8211; vice-governador de Goi\u00e1s Carlos Brand\u00e3o &#8211; governador do Maranh\u00e3o Otaviano Pivetta &#8211; vice-governador do Mato Grosso Eduardo Riedel &#8211; governador do Mato Grosso do Sul Romeu Zema &#8211; governador de Minas Gerais H\u00e9lder Barbalho &#8211; governador do Par\u00e1 Jo\u00e3o Azev\u00eado &#8211; governador da Para\u00edba Ratinho Jr. &#8211; governador do Paran\u00e1 Raquel Lyra &#8211; governadora de Pernambuco Rafael Fonteles &#8211; governador do Piau\u00ed Cl\u00e1udio Castro &#8211; governador do Rio\u00a0de Janeiro F\u00e1tima Bezerra &#8211; governadora do Rio Grande do Norte Eduardo Leite &#8211; governador do Rio Grande do Sul Augusto Leonel de Souza Marques &#8211; representante do governo de Rond\u00f4nia Ant\u00f4nio Denarium &#8211; governador de Roraima Jorginho Mello &#8211; governador de Santa Catarina Tarc\u00edsio de Freitas &#8211; governador de S\u00e3o Paulo F\u00e1bio Mitidieri &#8211; governador de Sergipe Elmano de Freitas &#8211; governador do Cear\u00e1 Wanderlei Barboda &#8211; governador de Tocantins Celina Le\u00e3o &#8211; governadora em exerc\u00edcio do Distrito Federal Noticias em Destaque Fonte: Agencia Brasil<\/p>\n","protected":false},"author":2,"featured_media":45343,"comment_status":"closed","ping_status":"open","sticky":false,"template":"","format":"standard","meta":{"_eb_attr":"","_jetpack_memberships_contains_paid_content":false,"footnotes":""},"categories":[12],"tags":[],"class_list":["post-45342","post","type-post","status-publish","format-standard","has-post-thumbnail","hentry","category-geral"],"yoast_head":"<!-- This site is optimized with the Yoast SEO plugin v26.5 - https:\/\/yoast.com\/wordpress\/plugins\/seo\/ -->\n<title>Governadores se unem em Bras\u00edlia para condenar atos golpistas - Not&iacute;cias em Destaque<\/title>\n<meta name=\"robots\" content=\"index, follow, max-snippet:-1, max-image-preview:large, max-video-preview:-1\" \/>\n<link rel=\"canonical\" href=\"https:\/\/noticiasemdestaque.com\/cd\/?p=45342\" \/>\n<meta property=\"og:locale\" content=\"pt_BR\" \/>\n<meta property=\"og:type\" content=\"article\" \/>\n<meta property=\"og:title\" content=\"Governadores se unem em Bras\u00edlia para condenar atos golpistas - Not&iacute;cias em Destaque\" \/>\n<meta property=\"og:description\" content=\"Um dia ap\u00f3s os atos golpistas que resultaram na\u00a0depreda\u00e7\u00e3o\u00a0do Congresso Nacional, do Pal\u00e1cio do Planalto e do Supremo Tribunal Federal (STF), governadores e governadoras se reuniram em Bras\u00edlia, na noite desta\u00a0segunda-feira (9), com o presidente Luiz In\u00e1cio Lula da Silva, para reafirmar a defesa da democracia e condenar tentativa de ruptura institucional no pa\u00eds. Participaram da reuni\u00e3o todos os governadores ou vices dos 26\u00a0estados e do Distrito Federal.\u00a0 Tamb\u00e9m estiveram no encontro os presidentes da C\u00e2mara dos Deputados, Arthur Lira, e do Senado Federal em exerc\u00edcio, Veneziano Vital do R\u00eago (MDB-PB), al\u00e9m da presidente do Supremo Tribunal Federal\u00a0(STF),\u00a0Rosa Weber, e de outros ministros da Suprema Corte. &#8220;\u00c9 importante ressaltar que este f\u00f3rum [de governadores] se re\u00fane respeitando as diversas matizes pol\u00edticas que comp\u00f5em a pluralidade ideol\u00f3gica e partid\u00e1ria do nosso pa\u00eds, mas todos t\u00eam uma causa inegoci\u00e1vel, que nos une: a democracia&#8221;, destacou o governador do Par\u00e1, H\u00e9lder Barbalho, que articulou o encontro, e fez uma fala representando os governadores da Regi\u00e3o Norte. Durante a reuni\u00e3o, os l\u00edderes estaduais foram un\u00e2nimes em enfatizar a defesa do estado democr\u00e1tico de direito no pa\u00eds. &#8220;Essa reuni\u00e3o de\u00a0hoje\u00a0significa que a democracia brasileira vai se tornar, depois dos epis\u00f3dios de\u00a0ontem, ainda mais forte&#8221;, disse o governador de S\u00e3o Paulo Tarc\u00edsio de Freitas, em nome da Regi\u00e3o Sudeste. A governadora F\u00e1tima Bezerra, do Rio Grande do Norte, falou da indigna\u00e7\u00e3o com as cenas de destrui\u00e7\u00e3o dos maiores s\u00edmbolos da democracia republicana do pa\u00eds e pediu puni\u00e7\u00e3o aos golpistas. &#8220;Foi muito doloroso ver as cenas de ontem, a viol\u00eancia atingindo o cora\u00e7\u00e3o da Rep\u00fablica. Diante de um epis\u00f3dio t\u00e3o grave, n\u00e3o poderia ser outra a atitude dos governadores do Brasil, de estarem aqui\u00a0hoje. Esses atos de\u00a0ontem\u00a0n\u00e3o podem ficar impunes&#8221;, afirmou, em nome da Regi\u00e3o Nordeste. Pela Regi\u00e3o Sul, coube ao governador do Rio Grande do Sul, Eduardo Leite, destacar algumas das a\u00e7\u00f5es conjuntas deflagradas pelos estados, como a disponibiliza\u00e7\u00e3o de efetivos policiais para manter a ordem no Distrito Federal e desmobiliza\u00e7\u00e3o de acampamentos golpistas nos estados. &#8220;Al\u00e9m de estar disponibilizando efetivo policial, estamos atuando de forma sin\u00e9rgica em sintonia para a manuten\u00e7\u00e3o da ordem nos nossos estados&#8221;. A\u00a0governadora em exerc\u00edcio\u00a0do Distrito Federal, Celina Le\u00e3o, disse que o governo da capital &#8220;coaduna com a democracia&#8221; e lembrou da pris\u00e3o, at\u00e9 o momento, de mais de 1,5 mil pessoas por envolvimento nos atos de vandalismo. Celina Le\u00e3o substitui o governador Ibaneis Rocha, afastado na madrugada desta\u00a0segunda, por decis\u00e3o do ministro do STF, Alexandre de Moraes.\u00a0Ela aproveitou para dizer que o governador afastado &#8220;\u00e9 um democrata&#8220;, mas que, &#8220;por infelicidade, recebeu v\u00e1rias informa\u00e7\u00f5es equivocadas durante a crise&#8221;. Desde\u00a0ontem, o\u00a0DF est\u00e1 sob interven\u00e7\u00e3o federal\u00a0na seguran\u00e7a p\u00fablica. O decreto assinado pelo presidente Lula ainda precisa ser aprovado pelo Congresso Nacional, o que ocorrer\u00e1 de forma simb\u00f3lica, assegurou o presidente da C\u00e2mara dos Deputados. &#8220;N\u00f3s votaremos simbolicamente, por unanimidade, para demonstrar que a Casa do povo est\u00e1 unida em defesa de medidas duras para esse pequeno grupo radical, que hostilizou as institui\u00e7\u00f5es e tentou deixar a democracia de c\u00f3coras\u00a0ontem&#8221;. Financiadores Em\u00a0discurso aos governadores, o presidente Lula agradeceu pela solidariedade prestada e fez duras cr\u00edticas aos grupos envolvidos nos atos de vandalismo. &#8220;Voc\u00eas vieram prestar solidariedade ao pa\u00eds e \u00e0 democracia. O que n\u00f3s vimos\u00a0ontem\u00a0foi uma coisa que j\u00e1 estava prevista. Isso tinha sido anunciado h\u00e1 algum tempo atr\u00e1s. As pessoas n\u00e3o tinham pautam de reivindica\u00e7\u00e3o. Eles estavam reivindicando golpe, era a \u00fanica coisa que se ouvia falar&#8221;, disse. O presidente tamb\u00e9m voltou a criticar a\u00a0a\u00e7\u00e3o das for\u00e7as policiais\u00a0e disse que \u00e9 preciso apurar e encontrar os financiadores dos atos democr\u00e1ticos. &#8220;A pol\u00edcia de Bras\u00edlia negligenciou. A intelig\u00eancia de Bras\u00edlia negligenciou. \u00c9 f\u00e1cil a gente ver os policiais conversando com os invasores. N\u00e3o vamos ser autorit\u00e1rios com ningu\u00e9m, mas n\u00e3o seremos mornos com ningu\u00e9m. N\u00f3s vamos encontrar quem financiou [os atos golpistas]&#8221;. O ministro da Justi\u00e7a e Seguran\u00e7a P\u00fablica,\u00a0Fl\u00e1vio Dino, afirmou que que as investiga\u00e7\u00f5es em curso devem resultar em novos pedidos de pris\u00e3o preventiva e tempor\u00e1ria, principalmente contra os financiadores. Unidade Presente na\u00a0reuni\u00e3o, a ministra Rosa Weber, presidente do STF, tamb\u00e9m fez quest\u00e3o de enaltecer a presen\u00e7a dos governadores em um gesto de compromisso democr\u00e1tico com o Brasil. &#8220;Eu estou aqui, em nome do STF, agradecendo a iniciativa do f\u00f3rum dos governadores de testemunharem a unidade nacional, de um Brasil que todos n\u00f3s queremos, no sentido da defesa da nossa democracia e do Estado Democr\u00e1tico de Direito. O sentido dessa uni\u00e3o em torno de um Brasil que queremos, um Brasil de paz, solid\u00e1rio e fraterno&#8221;. Em\u00a0outro gesto de unidade, ap\u00f3s o encontro, presidente, governadores e ministros do STF\u00a0atravessaram a Pra\u00e7a dos Tr\u00eas Poderes a p\u00e9, at\u00e9 a sede do STF, edif\u00edcio que\u00a0ontem\u00a0tamb\u00e9m foi brutalmente destru\u00eddo. A ministra Rosa Weber garantiu que o pr\u00e9dio estar\u00e1 pronto para reabertura do ano judici\u00e1rio, em fevereiro. Lula e governadores visitam STF ap\u00f3s reuni\u00e3o\u00a0&#8211;\u00a0Reuters\/Ueslei Marcelino\/Direitos Reservados Governadores e vices presentes: Mailza Assis &#8211; vice-governadora do Acre Paulo Dantas &#8211; governador de Alagoas Cl\u00e9cio Luis &#8211; governador do Amap\u00e1 Wilson Lima &#8211; governador do Amazonas Jer\u00f4nimo Rodrigues &#8211; governador da Bahia Renato Casagrande &#8211; governador do Esp\u00edrito Santo Daniel Vilela &#8211; vice-governador de Goi\u00e1s Carlos Brand\u00e3o &#8211; governador do Maranh\u00e3o Otaviano Pivetta &#8211; vice-governador do Mato Grosso Eduardo Riedel &#8211; governador do Mato Grosso do Sul Romeu Zema &#8211; governador de Minas Gerais H\u00e9lder Barbalho &#8211; governador do Par\u00e1 Jo\u00e3o Azev\u00eado &#8211; governador da Para\u00edba Ratinho Jr. &#8211; governador do Paran\u00e1 Raquel Lyra &#8211; governadora de Pernambuco Rafael Fonteles &#8211; governador do Piau\u00ed Cl\u00e1udio Castro &#8211; governador do Rio\u00a0de Janeiro F\u00e1tima Bezerra &#8211; governadora do Rio Grande do Norte Eduardo Leite &#8211; governador do Rio Grande do Sul Augusto Leonel de Souza Marques &#8211; representante do governo de Rond\u00f4nia Ant\u00f4nio Denarium &#8211; governador de Roraima Jorginho Mello &#8211; governador de Santa Catarina Tarc\u00edsio de Freitas &#8211; governador de S\u00e3o Paulo F\u00e1bio Mitidieri &#8211; governador de Sergipe Elmano de Freitas &#8211; governador do Cear\u00e1 Wanderlei Barboda &#8211; governador de Tocantins Celina Le\u00e3o &#8211; governadora em exerc\u00edcio do Distrito Federal Noticias em Destaque Fonte: Agencia Brasil\" \/>\n<meta property=\"og:url\" content=\"https:\/\/noticiasemdestaque.com\/cd\/?p=45342\" \/>\n<meta property=\"og:site_name\" content=\"Not&iacute;cias em Destaque\" \/>\n<meta property=\"article:published_time\" content=\"2023-01-10T01:21:04+00:00\" \/>\n<meta property=\"og:image\" content=\"https:\/\/noticiasemdestaque.com\/cd\/wp-content\/uploads\/2023\/01\/lula_governadores_acoes_extremistas_20230109_0250_1.jpg\" \/>\n\t<meta property=\"og:image:width\" content=\"1170\" \/>\n\t<meta property=\"og:image:height\" content=\"700\" \/>\n\t<meta property=\"og:image:type\" content=\"image\/jpeg\" \/>\n<meta name=\"author\" content=\"Not\u00edcias em Destaque\" \/>\n<meta name=\"twitter:card\" content=\"summary_large_image\" \/>\n<meta name=\"twitter:label1\" content=\"Escrito por\" \/>\n\t<meta name=\"twitter:data1\" content=\"Not\u00edcias em Destaque\" \/>\n\t<meta name=\"twitter:label2\" content=\"Est. tempo de leitura\" \/>\n\t<meta name=\"twitter:data2\" content=\"7 minutos\" \/>\n<script type=\"application\/ld+json\" class=\"yoast-schema-graph\">{\"@context\":\"https:\/\/schema.org\",\"@graph\":[{\"@type\":\"Article\",\"@id\":\"https:\/\/noticiasemdestaque.com\/cd\/?p=45342#article\",\"isPartOf\":{\"@id\":\"https:\/\/noticiasemdestaque.com\/cd\/?p=45342\"},\"author\":{\"name\":\"Not\u00edcias em Destaque\",\"@id\":\"https:\/\/noticiasemdestaque.com\/cd\/#\/schema\/person\/47f7d4f55eec17c6b2ca036c5500f6ce\"},\"headline\":\"Governadores se unem em Bras\u00edlia para condenar atos golpistas\",\"datePublished\":\"2023-01-10T01:21:04+00:00\",\"mainEntityOfPage\":{\"@id\":\"https:\/\/noticiasemdestaque.com\/cd\/?p=45342\"},\"wordCount\":1171,\"publisher\":{\"@id\":\"https:\/\/noticiasemdestaque.com\/cd\/#organization\"},\"image\":{\"@id\":\"https:\/\/noticiasemdestaque.com\/cd\/?p=45342#primaryimage\"},\"thumbnailUrl\":\"https:\/\/noticiasemdestaque.com\/cd\/wp-content\/uploads\/2023\/01\/lula_governadores_acoes_extremistas_20230109_0250_1.jpg\",\"articleSection\":[\"Geral\"],\"inLanguage\":\"pt-BR\"},{\"@type\":\"WebPage\",\"@id\":\"https:\/\/noticiasemdestaque.com\/cd\/?p=45342\",\"url\":\"https:\/\/noticiasemdestaque.com\/cd\/?p=45342\",\"name\":\"Governadores se unem em Bras\u00edlia para condenar atos golpistas - Not&iacute;cias em Destaque\",\"isPartOf\":{\"@id\":\"https:\/\/noticiasemdestaque.com\/cd\/#website\"},\"primaryImageOfPage\":{\"@id\":\"https:\/\/noticiasemdestaque.com\/cd\/?p=45342#primaryimage\"},\"image\":{\"@id\":\"https:\/\/noticiasemdestaque.com\/cd\/?p=45342#primaryimage\"},\"thumbnailUrl\":\"https:\/\/noticiasemdestaque.com\/cd\/wp-content\/uploads\/2023\/01\/lula_governadores_acoes_extremistas_20230109_0250_1.jpg\",\"datePublished\":\"2023-01-10T01:21:04+00:00\",\"breadcrumb\":{\"@id\":\"https:\/\/noticiasemdestaque.com\/cd\/?p=45342#breadcrumb\"},\"inLanguage\":\"pt-BR\",\"potentialAction\":[{\"@type\":\"ReadAction\",\"target\":[\"https:\/\/noticiasemdestaque.com\/cd\/?p=45342\"]}]},{\"@type\":\"ImageObject\",\"inLanguage\":\"pt-BR\",\"@id\":\"https:\/\/noticiasemdestaque.com\/cd\/?p=45342#primaryimage\",\"url\":\"https:\/\/noticiasemdestaque.com\/cd\/wp-content\/uploads\/2023\/01\/lula_governadores_acoes_extremistas_20230109_0250_1.jpg\",\"contentUrl\":\"https:\/\/noticiasemdestaque.com\/cd\/wp-content\/uploads\/2023\/01\/lula_governadores_acoes_extremistas_20230109_0250_1.jpg\",\"width\":1170,\"height\":700,\"caption\":\"O presidente Lula em reuni\u00e3o com os governadores para debater a redu\u00e7\u00e3o de a\u00e7\u00f5es extremistas pelo pa\u00eds\"},{\"@type\":\"BreadcrumbList\",\"@id\":\"https:\/\/noticiasemdestaque.com\/cd\/?p=45342#breadcrumb\",\"itemListElement\":[{\"@type\":\"ListItem\",\"position\":1,\"name\":\"In\u00edcio\",\"item\":\"https:\/\/noticiasemdestaque.com\/cd\/\"},{\"@type\":\"ListItem\",\"position\":2,\"name\":\"Governadores se unem em Bras\u00edlia para condenar atos golpistas\"}]},{\"@type\":\"WebSite\",\"@id\":\"https:\/\/noticiasemdestaque.com\/cd\/#website\",\"url\":\"https:\/\/noticiasemdestaque.com\/cd\/\",\"name\":\"Not&iacute;cias em Destaque\",\"description\":\"\",\"publisher\":{\"@id\":\"https:\/\/noticiasemdestaque.com\/cd\/#organization\"},\"potentialAction\":[{\"@type\":\"SearchAction\",\"target\":{\"@type\":\"EntryPoint\",\"urlTemplate\":\"https:\/\/noticiasemdestaque.com\/cd\/?s={search_term_string}\"},\"query-input\":{\"@type\":\"PropertyValueSpecification\",\"valueRequired\":true,\"valueName\":\"search_term_string\"}}],\"inLanguage\":\"pt-BR\"},{\"@type\":\"Organization\",\"@id\":\"https:\/\/noticiasemdestaque.com\/cd\/#organization\",\"name\":\"Not\u00edcias em Destaque\",\"url\":\"https:\/\/noticiasemdestaque.com\/cd\/\",\"logo\":{\"@type\":\"ImageObject\",\"inLanguage\":\"pt-BR\",\"@id\":\"https:\/\/noticiasemdestaque.com\/cd\/#\/schema\/logo\/image\/\",\"url\":\"https:\/\/noticiasemdestaque.com\/cd\/wp-content\/uploads\/2022\/05\/imagem-base-noticiasemdestaque.png\",\"contentUrl\":\"https:\/\/noticiasemdestaque.com\/cd\/wp-content\/uploads\/2022\/05\/imagem-base-noticiasemdestaque.png\",\"width\":1200,\"height\":630,\"caption\":\"Not\u00edcias em Destaque\"},\"image\":{\"@id\":\"https:\/\/noticiasemdestaque.com\/cd\/#\/schema\/logo\/image\/\"}},{\"@type\":\"Person\",\"@id\":\"https:\/\/noticiasemdestaque.com\/cd\/#\/schema\/person\/47f7d4f55eec17c6b2ca036c5500f6ce\",\"name\":\"Not\u00edcias em Destaque\",\"url\":\"https:\/\/noticiasemdestaque.com\/cd\/?author=2\"}]}<\/script>\n<!-- \/ Yoast SEO plugin. -->","yoast_head_json":{"title":"Governadores se unem em Bras\u00edlia para condenar atos golpistas - Not&iacute;cias em Destaque","robots":{"index":"index","follow":"follow","max-snippet":"max-snippet:-1","max-image-preview":"max-image-preview:large","max-video-preview":"max-video-preview:-1"},"canonical":"https:\/\/noticiasemdestaque.com\/cd\/?p=45342","og_locale":"pt_BR","og_type":"article","og_title":"Governadores se unem em Bras\u00edlia para condenar atos golpistas - Not&iacute;cias em Destaque","og_description":"Um dia ap\u00f3s os atos golpistas que resultaram na\u00a0depreda\u00e7\u00e3o\u00a0do Congresso Nacional, do Pal\u00e1cio do Planalto e do Supremo Tribunal Federal (STF), governadores e governadoras se reuniram em Bras\u00edlia, na noite desta\u00a0segunda-feira (9), com o presidente Luiz In\u00e1cio Lula da Silva, para reafirmar a defesa da democracia e condenar tentativa de ruptura institucional no pa\u00eds. Participaram da reuni\u00e3o todos os governadores ou vices dos 26\u00a0estados e do Distrito Federal.\u00a0 Tamb\u00e9m estiveram no encontro os presidentes da C\u00e2mara dos Deputados, Arthur Lira, e do Senado Federal em exerc\u00edcio, Veneziano Vital do R\u00eago (MDB-PB), al\u00e9m da presidente do Supremo Tribunal Federal\u00a0(STF),\u00a0Rosa Weber, e de outros ministros da Suprema Corte. &#8220;\u00c9 importante ressaltar que este f\u00f3rum [de governadores] se re\u00fane respeitando as diversas matizes pol\u00edticas que comp\u00f5em a pluralidade ideol\u00f3gica e partid\u00e1ria do nosso pa\u00eds, mas todos t\u00eam uma causa inegoci\u00e1vel, que nos une: a democracia&#8221;, destacou o governador do Par\u00e1, H\u00e9lder Barbalho, que articulou o encontro, e fez uma fala representando os governadores da Regi\u00e3o Norte. Durante a reuni\u00e3o, os l\u00edderes estaduais foram un\u00e2nimes em enfatizar a defesa do estado democr\u00e1tico de direito no pa\u00eds. &#8220;Essa reuni\u00e3o de\u00a0hoje\u00a0significa que a democracia brasileira vai se tornar, depois dos epis\u00f3dios de\u00a0ontem, ainda mais forte&#8221;, disse o governador de S\u00e3o Paulo Tarc\u00edsio de Freitas, em nome da Regi\u00e3o Sudeste. A governadora F\u00e1tima Bezerra, do Rio Grande do Norte, falou da indigna\u00e7\u00e3o com as cenas de destrui\u00e7\u00e3o dos maiores s\u00edmbolos da democracia republicana do pa\u00eds e pediu puni\u00e7\u00e3o aos golpistas. &#8220;Foi muito doloroso ver as cenas de ontem, a viol\u00eancia atingindo o cora\u00e7\u00e3o da Rep\u00fablica. Diante de um epis\u00f3dio t\u00e3o grave, n\u00e3o poderia ser outra a atitude dos governadores do Brasil, de estarem aqui\u00a0hoje. Esses atos de\u00a0ontem\u00a0n\u00e3o podem ficar impunes&#8221;, afirmou, em nome da Regi\u00e3o Nordeste. Pela Regi\u00e3o Sul, coube ao governador do Rio Grande do Sul, Eduardo Leite, destacar algumas das a\u00e7\u00f5es conjuntas deflagradas pelos estados, como a disponibiliza\u00e7\u00e3o de efetivos policiais para manter a ordem no Distrito Federal e desmobiliza\u00e7\u00e3o de acampamentos golpistas nos estados. &#8220;Al\u00e9m de estar disponibilizando efetivo policial, estamos atuando de forma sin\u00e9rgica em sintonia para a manuten\u00e7\u00e3o da ordem nos nossos estados&#8221;. A\u00a0governadora em exerc\u00edcio\u00a0do Distrito Federal, Celina Le\u00e3o, disse que o governo da capital &#8220;coaduna com a democracia&#8221; e lembrou da pris\u00e3o, at\u00e9 o momento, de mais de 1,5 mil pessoas por envolvimento nos atos de vandalismo. Celina Le\u00e3o substitui o governador Ibaneis Rocha, afastado na madrugada desta\u00a0segunda, por decis\u00e3o do ministro do STF, Alexandre de Moraes.\u00a0Ela aproveitou para dizer que o governador afastado &#8220;\u00e9 um democrata&#8220;, mas que, &#8220;por infelicidade, recebeu v\u00e1rias informa\u00e7\u00f5es equivocadas durante a crise&#8221;. Desde\u00a0ontem, o\u00a0DF est\u00e1 sob interven\u00e7\u00e3o federal\u00a0na seguran\u00e7a p\u00fablica. O decreto assinado pelo presidente Lula ainda precisa ser aprovado pelo Congresso Nacional, o que ocorrer\u00e1 de forma simb\u00f3lica, assegurou o presidente da C\u00e2mara dos Deputados. &#8220;N\u00f3s votaremos simbolicamente, por unanimidade, para demonstrar que a Casa do povo est\u00e1 unida em defesa de medidas duras para esse pequeno grupo radical, que hostilizou as institui\u00e7\u00f5es e tentou deixar a democracia de c\u00f3coras\u00a0ontem&#8221;. Financiadores Em\u00a0discurso aos governadores, o presidente Lula agradeceu pela solidariedade prestada e fez duras cr\u00edticas aos grupos envolvidos nos atos de vandalismo. &#8220;Voc\u00eas vieram prestar solidariedade ao pa\u00eds e \u00e0 democracia. O que n\u00f3s vimos\u00a0ontem\u00a0foi uma coisa que j\u00e1 estava prevista. Isso tinha sido anunciado h\u00e1 algum tempo atr\u00e1s. As pessoas n\u00e3o tinham pautam de reivindica\u00e7\u00e3o. Eles estavam reivindicando golpe, era a \u00fanica coisa que se ouvia falar&#8221;, disse. O presidente tamb\u00e9m voltou a criticar a\u00a0a\u00e7\u00e3o das for\u00e7as policiais\u00a0e disse que \u00e9 preciso apurar e encontrar os financiadores dos atos democr\u00e1ticos. &#8220;A pol\u00edcia de Bras\u00edlia negligenciou. A intelig\u00eancia de Bras\u00edlia negligenciou. \u00c9 f\u00e1cil a gente ver os policiais conversando com os invasores. N\u00e3o vamos ser autorit\u00e1rios com ningu\u00e9m, mas n\u00e3o seremos mornos com ningu\u00e9m. N\u00f3s vamos encontrar quem financiou [os atos golpistas]&#8221;. O ministro da Justi\u00e7a e Seguran\u00e7a P\u00fablica,\u00a0Fl\u00e1vio Dino, afirmou que que as investiga\u00e7\u00f5es em curso devem resultar em novos pedidos de pris\u00e3o preventiva e tempor\u00e1ria, principalmente contra os financiadores. Unidade Presente na\u00a0reuni\u00e3o, a ministra Rosa Weber, presidente do STF, tamb\u00e9m fez quest\u00e3o de enaltecer a presen\u00e7a dos governadores em um gesto de compromisso democr\u00e1tico com o Brasil. &#8220;Eu estou aqui, em nome do STF, agradecendo a iniciativa do f\u00f3rum dos governadores de testemunharem a unidade nacional, de um Brasil que todos n\u00f3s queremos, no sentido da defesa da nossa democracia e do Estado Democr\u00e1tico de Direito. O sentido dessa uni\u00e3o em torno de um Brasil que queremos, um Brasil de paz, solid\u00e1rio e fraterno&#8221;. Em\u00a0outro gesto de unidade, ap\u00f3s o encontro, presidente, governadores e ministros do STF\u00a0atravessaram a Pra\u00e7a dos Tr\u00eas Poderes a p\u00e9, at\u00e9 a sede do STF, edif\u00edcio que\u00a0ontem\u00a0tamb\u00e9m foi brutalmente destru\u00eddo. A ministra Rosa Weber garantiu que o pr\u00e9dio estar\u00e1 pronto para reabertura do ano judici\u00e1rio, em fevereiro. Lula e governadores visitam STF ap\u00f3s reuni\u00e3o\u00a0&#8211;\u00a0Reuters\/Ueslei Marcelino\/Direitos Reservados Governadores e vices presentes: Mailza Assis &#8211; vice-governadora do Acre Paulo Dantas &#8211; governador de Alagoas Cl\u00e9cio Luis &#8211; governador do Amap\u00e1 Wilson Lima &#8211; governador do Amazonas Jer\u00f4nimo Rodrigues &#8211; governador da Bahia Renato Casagrande &#8211; governador do Esp\u00edrito Santo Daniel Vilela &#8211; vice-governador de Goi\u00e1s Carlos Brand\u00e3o &#8211; governador do Maranh\u00e3o Otaviano Pivetta &#8211; vice-governador do Mato Grosso Eduardo Riedel &#8211; governador do Mato Grosso do Sul Romeu Zema &#8211; governador de Minas Gerais H\u00e9lder Barbalho &#8211; governador do Par\u00e1 Jo\u00e3o Azev\u00eado &#8211; governador da Para\u00edba Ratinho Jr. &#8211; governador do Paran\u00e1 Raquel Lyra &#8211; governadora de Pernambuco Rafael Fonteles &#8211; governador do Piau\u00ed Cl\u00e1udio Castro &#8211; governador do Rio\u00a0de Janeiro F\u00e1tima Bezerra &#8211; governadora do Rio Grande do Norte Eduardo Leite &#8211; governador do Rio Grande do Sul Augusto Leonel de Souza Marques &#8211; representante do governo de Rond\u00f4nia Ant\u00f4nio Denarium &#8211; governador de Roraima Jorginho Mello &#8211; governador de Santa Catarina Tarc\u00edsio de Freitas &#8211; governador de S\u00e3o Paulo F\u00e1bio Mitidieri &#8211; governador de Sergipe Elmano de Freitas &#8211; governador do Cear\u00e1 Wanderlei Barboda &#8211; governador de Tocantins Celina Le\u00e3o &#8211; governadora em exerc\u00edcio do Distrito Federal Noticias em Destaque Fonte: Agencia Brasil","og_url":"https:\/\/noticiasemdestaque.com\/cd\/?p=45342","og_site_name":"Not&iacute;cias em Destaque","article_published_time":"2023-01-10T01:21:04+00:00","og_image":[{"width":1170,"height":700,"url":"https:\/\/noticiasemdestaque.com\/cd\/wp-content\/uploads\/2023\/01\/lula_governadores_acoes_extremistas_20230109_0250_1.jpg","type":"image\/jpeg"}],"author":"Not\u00edcias em Destaque","twitter_card":"summary_large_image","twitter_misc":{"Escrito por":"Not\u00edcias em Destaque","Est. tempo de leitura":"7 minutos"},"schema":{"@context":"https:\/\/schema.org","@graph":[{"@type":"Article","@id":"https:\/\/noticiasemdestaque.com\/cd\/?p=45342#article","isPartOf":{"@id":"https:\/\/noticiasemdestaque.com\/cd\/?p=45342"},"author":{"name":"Not\u00edcias em Destaque","@id":"https:\/\/noticiasemdestaque.com\/cd\/#\/schema\/person\/47f7d4f55eec17c6b2ca036c5500f6ce"},"headline":"Governadores se unem em Bras\u00edlia para condenar atos golpistas","datePublished":"2023-01-10T01:21:04+00:00","mainEntityOfPage":{"@id":"https:\/\/noticiasemdestaque.com\/cd\/?p=45342"},"wordCount":1171,"publisher":{"@id":"https:\/\/noticiasemdestaque.com\/cd\/#organization"},"image":{"@id":"https:\/\/noticiasemdestaque.com\/cd\/?p=45342#primaryimage"},"thumbnailUrl":"https:\/\/noticiasemdestaque.com\/cd\/wp-content\/uploads\/2023\/01\/lula_governadores_acoes_extremistas_20230109_0250_1.jpg","articleSection":["Geral"],"inLanguage":"pt-BR"},{"@type":"WebPage","@id":"https:\/\/noticiasemdestaque.com\/cd\/?p=45342","url":"https:\/\/noticiasemdestaque.com\/cd\/?p=45342","name":"Governadores se unem em Bras\u00edlia para condenar atos golpistas - Not&iacute;cias em Destaque","isPartOf":{"@id":"https:\/\/noticiasemdestaque.com\/cd\/#website"},"primaryImageOfPage":{"@id":"https:\/\/noticiasemdestaque.com\/cd\/?p=45342#primaryimage"},"image":{"@id":"https:\/\/noticiasemdestaque.com\/cd\/?p=45342#primaryimage"},"thumbnailUrl":"https:\/\/noticiasemdestaque.com\/cd\/wp-content\/uploads\/2023\/01\/lula_governadores_acoes_extremistas_20230109_0250_1.jpg","datePublished":"2023-01-10T01:21:04+00:00","breadcrumb":{"@id":"https:\/\/noticiasemdestaque.com\/cd\/?p=45342#breadcrumb"},"inLanguage":"pt-BR","potentialAction":[{"@type":"ReadAction","target":["https:\/\/noticiasemdestaque.com\/cd\/?p=45342"]}]},{"@type":"ImageObject","inLanguage":"pt-BR","@id":"https:\/\/noticiasemdestaque.com\/cd\/?p=45342#primaryimage","url":"https:\/\/noticiasemdestaque.com\/cd\/wp-content\/uploads\/2023\/01\/lula_governadores_acoes_extremistas_20230109_0250_1.jpg","contentUrl":"https:\/\/noticiasemdestaque.com\/cd\/wp-content\/uploads\/2023\/01\/lula_governadores_acoes_extremistas_20230109_0250_1.jpg","width":1170,"height":700,"caption":"O presidente Lula em reuni\u00e3o com os governadores para debater a redu\u00e7\u00e3o de a\u00e7\u00f5es extremistas pelo pa\u00eds"},{"@type":"BreadcrumbList","@id":"https:\/\/noticiasemdestaque.com\/cd\/?p=45342#breadcrumb","itemListElement":[{"@type":"ListItem","position":1,"name":"In\u00edcio","item":"https:\/\/noticiasemdestaque.com\/cd\/"},{"@type":"ListItem","position":2,"name":"Governadores se unem em Bras\u00edlia para condenar atos golpistas"}]},{"@type":"WebSite","@id":"https:\/\/noticiasemdestaque.com\/cd\/#website","url":"https:\/\/noticiasemdestaque.com\/cd\/","name":"Not&iacute;cias em Destaque","description":"","publisher":{"@id":"https:\/\/noticiasemdestaque.com\/cd\/#organization"},"potentialAction":[{"@type":"SearchAction","target":{"@type":"EntryPoint","urlTemplate":"https:\/\/noticiasemdestaque.com\/cd\/?s={search_term_string}"},"query-input":{"@type":"PropertyValueSpecification","valueRequired":true,"valueName":"search_term_string"}}],"inLanguage":"pt-BR"},{"@type":"Organization","@id":"https:\/\/noticiasemdestaque.com\/cd\/#organization","name":"Not\u00edcias em Destaque","url":"https:\/\/noticiasemdestaque.com\/cd\/","logo":{"@type":"ImageObject","inLanguage":"pt-BR","@id":"https:\/\/noticiasemdestaque.com\/cd\/#\/schema\/logo\/image\/","url":"https:\/\/noticiasemdestaque.com\/cd\/wp-content\/uploads\/2022\/05\/imagem-base-noticiasemdestaque.png","contentUrl":"https:\/\/noticiasemdestaque.com\/cd\/wp-content\/uploads\/2022\/05\/imagem-base-noticiasemdestaque.png","width":1200,"height":630,"caption":"Not\u00edcias em Destaque"},"image":{"@id":"https:\/\/noticiasemdestaque.com\/cd\/#\/schema\/logo\/image\/"}},{"@type":"Person","@id":"https:\/\/noticiasemdestaque.com\/cd\/#\/schema\/person\/47f7d4f55eec17c6b2ca036c5500f6ce","name":"Not\u00edcias em Destaque","url":"https:\/\/noticiasemdestaque.com\/cd\/?author=2"}]}},"jetpack_featured_media_url":"https:\/\/noticiasemdestaque.com\/cd\/wp-content\/uploads\/2023\/01\/lula_governadores_acoes_extremistas_20230109_0250_1.jpg","jetpack_sharing_enabled":true,"_links":{"self":[{"href":"https:\/\/noticiasemdestaque.com\/cd\/index.php?rest_route=\/wp\/v2\/posts\/45342","targetHints":{"allow":["GET"]}}],"collection":[{"href":"https:\/\/noticiasemdestaque.com\/cd\/index.php?rest_route=\/wp\/v2\/posts"}],"about":[{"href":"https:\/\/noticiasemdestaque.com\/cd\/index.php?rest_route=\/wp\/v2\/types\/post"}],"author":[{"embeddable":true,"href":"https:\/\/noticiasemdestaque.com\/cd\/index.php?rest_route=\/wp\/v2\/users\/2"}],"replies":[{"embeddable":true,"href":"https:\/\/noticiasemdestaque.com\/cd\/index.php?rest_route=%2Fwp%2Fv2%2Fcomments&post=45342"}],"version-history":[{"count":1,"href":"https:\/\/noticiasemdestaque.com\/cd\/index.php?rest_route=\/wp\/v2\/posts\/45342\/revisions"}],"predecessor-version":[{"id":45344,"href":"https:\/\/noticiasemdestaque.com\/cd\/index.php?rest_route=\/wp\/v2\/posts\/45342\/revisions\/45344"}],"wp:featuredmedia":[{"embeddable":true,"href":"https:\/\/noticiasemdestaque.com\/cd\/index.php?rest_route=\/wp\/v2\/media\/45343"}],"wp:attachment":[{"href":"https:\/\/noticiasemdestaque.com\/cd\/index.php?rest_route=%2Fwp%2Fv2%2Fmedia&parent=45342"}],"wp:term":[{"taxonomy":"category","embeddable":true,"href":"https:\/\/noticiasemdestaque.com\/cd\/index.php?rest_route=%2Fwp%2Fv2%2Fcategories&post=45342"},{"taxonomy":"post_tag","embeddable":true,"href":"https:\/\/noticiasemdestaque.com\/cd\/index.php?rest_route=%2Fwp%2Fv2%2Ftags&post=45342"}],"curies":[{"name":"wp","href":"https:\/\/api.w.org\/{rel}","templated":true}]}}