{"id":45338,"date":"2023-01-09T22:08:52","date_gmt":"2023-01-10T01:08:52","guid":{"rendered":"https:\/\/noticiasemdestaque.com\/cd\/?p=45338"},"modified":"2023-01-09T22:08:52","modified_gmt":"2023-01-10T01:08:52","slug":"senado-estima-prejuizo-de-ate-r-4-milhoes-apos-atos-terroristas","status":"publish","type":"post","link":"https:\/\/noticiasemdestaque.com\/cd\/?p=45338","title":{"rendered":"Senado estima preju\u00edzo de at\u00e9 R$ 4 milh\u00f5es ap\u00f3s atos terroristas"},"content":{"rendered":"<p><a href=\"https:\/\/noticiasemdestaque.com\/cd\/wp-content\/uploads\/2023\/01\/prejuizos-bra.jpg\"><img fetchpriority=\"high\" decoding=\"async\" class=\"alignnone  wp-image-45340\" src=\"https:\/\/noticiasemdestaque.com\/cd\/wp-content\/uploads\/2023\/01\/prejuizos-bra-300x169.jpg\" alt=\"\" width=\"1028\" height=\"579\" srcset=\"https:\/\/noticiasemdestaque.com\/cd\/wp-content\/uploads\/2023\/01\/prejuizos-bra-300x169.jpg 300w, https:\/\/noticiasemdestaque.com\/cd\/wp-content\/uploads\/2023\/01\/prejuizos-bra-18x10.jpg 18w, https:\/\/noticiasemdestaque.com\/cd\/wp-content\/uploads\/2023\/01\/prejuizos-bra.jpg 640w\" sizes=\"(max-width: 1028px) 100vw, 1028px\" \/><\/a><\/p>\n<p>Em um levantamento preliminar, o\u00a0<a class=\"x1i10hfl xjbqb8w x6umtig x1b1mbwd xaqea5y xav7gou x9f619 x1ypdohk xt0psk2 xe8uvvx xdj266r x11i5rnm xat24cr x1mh8g0r xexx8yu x4uap5 x18d9i69 xkhd6sd x16tdsg8 x1hl2dhg xggy1nq x1a2a7pz  _aa9_ _a6hd\" tabindex=\"0\" role=\"link\" href=\"https:\/\/www.instagram.com\/explore\/tags\/senado\/\">#Senado<\/a>\u00a0Federal estima que as reformas para reparar a destrui\u00e7\u00e3o provocada pelos atos terroristas desse domingo (8\/1) v\u00e3o custar entre R$ 3 milh\u00f5es e 4 milh\u00f5es para a Casa. O valor abarca a instala\u00e7\u00e3o de novos vidros, refor\u00e7ados por uma pel\u00edcula antivandalismo, e a troca de todo o carpete do Sal\u00e3o Azul.<\/p>\n<p>Os dados foram levantados em reuni\u00e3o nesta segunda-feira (9\/1) entre diretores das \u00e1reas t\u00e9cnicas do Senado. Materiais como computadores, teclados, equipamentos de comunica\u00e7\u00e3o tamb\u00e9m foram danificados. Al\u00e9m disso, os equipamentos usados pela Pol\u00edcia Legislativa durante a a\u00e7\u00e3o ter\u00e3o que ser repostos.<\/p>\n<p>Segundo Ilana Trombka, diretora-geral do Senado, a a\u00e7\u00e3o mais urgente, por quest\u00f5es de seguran\u00e7a, ser\u00e1 a troca dos vidros e espelhos quebrados. S\u00f3 esse reparo pode custar R$ 1 milh\u00e3o.<\/p>\n<p>H\u00e1 ainda obras de\u00a0<a class=\"x1i10hfl xjbqb8w x6umtig x1b1mbwd xaqea5y xav7gou x9f619 x1ypdohk xt0psk2 xe8uvvx xdj266r x11i5rnm xat24cr x1mh8g0r xexx8yu x4uap5 x18d9i69 xkhd6sd x16tdsg8 x1hl2dhg xggy1nq x1a2a7pz  _aa9_ _a6hd\" tabindex=\"0\" role=\"link\" href=\"https:\/\/www.instagram.com\/explore\/tags\/arte\/\">#arte<\/a>\u00a0e pe\u00e7as hist\u00f3ricas danificadas e que s\u00e3o mais dif\u00edceis de estimar o preju\u00edzo. Os extremistas avariaram e urinaram em uma tape\u00e7aria de Burle Marx, por exemplo. No Museu do Senado, um quadro de 1890 que retrata a assinatura da Constitui\u00e7\u00e3o foi danificado. Al\u00e9m de um tinteiro de bronze da \u00e9poca do Imp\u00e9rio, quebrado.<\/p>\n<p><strong>Noticias em Destaque<\/strong><\/p>\n<p style=\"text-align: right;\"><em>Fonte: Portal Metr\u00f3poles<\/em><\/p>\n","protected":false},"excerpt":{"rendered":"<p>Em um levantamento preliminar, o\u00a0#Senado\u00a0Federal estima que as reformas para reparar a destrui\u00e7\u00e3o provocada pelos atos terroristas desse domingo (8\/1) v\u00e3o custar entre R$ 3 milh\u00f5es e 4 milh\u00f5es para a Casa. O valor abarca a instala\u00e7\u00e3o de novos vidros, refor\u00e7ados por uma pel\u00edcula antivandalismo, e a troca de todo o carpete do Sal\u00e3o Azul. Os dados foram levantados em reuni\u00e3o nesta segunda-feira (9\/1) entre diretores das \u00e1reas t\u00e9cnicas do Senado. Materiais como computadores, teclados, equipamentos de comunica\u00e7\u00e3o tamb\u00e9m foram danificados. Al\u00e9m disso, os equipamentos usados pela Pol\u00edcia Legislativa durante a a\u00e7\u00e3o ter\u00e3o que ser repostos. Segundo Ilana Trombka, diretora-geral do Senado, a a\u00e7\u00e3o mais urgente, por quest\u00f5es de seguran\u00e7a, ser\u00e1 a troca dos vidros e espelhos quebrados. S\u00f3 esse reparo pode custar R$ 1 milh\u00e3o. H\u00e1 ainda obras de\u00a0#arte\u00a0e pe\u00e7as hist\u00f3ricas danificadas e que s\u00e3o mais dif\u00edceis de estimar o preju\u00edzo. Os extremistas avariaram e urinaram em uma tape\u00e7aria de Burle Marx, por exemplo. No Museu do Senado, um quadro de 1890 que retrata a assinatura da Constitui\u00e7\u00e3o foi danificado. Al\u00e9m de um tinteiro de bronze da \u00e9poca do Imp\u00e9rio, quebrado. Noticias em Destaque Fonte: Portal Metr\u00f3poles<\/p>\n","protected":false},"author":2,"featured_media":45339,"comment_status":"closed","ping_status":"open","sticky":false,"template":"","format":"standard","meta":{"_eb_attr":"","_jetpack_memberships_contains_paid_content":false,"footnotes":""},"categories":[4],"tags":[],"class_list":["post-45338","post","type-post","status-publish","format-standard","has-post-thumbnail","hentry","category-politica"],"yoast_head":"<!-- This site is optimized with the Yoast SEO plugin v26.5 - https:\/\/yoast.com\/wordpress\/plugins\/seo\/ -->\n<title>Senado estima preju\u00edzo de at\u00e9 R$ 4 milh\u00f5es ap\u00f3s atos terroristas - Not&iacute;cias em Destaque<\/title>\n<meta name=\"robots\" content=\"index, follow, max-snippet:-1, max-image-preview:large, max-video-preview:-1\" \/>\n<link rel=\"canonical\" href=\"https:\/\/noticiasemdestaque.com\/cd\/?p=45338\" \/>\n<meta property=\"og:locale\" content=\"pt_BR\" \/>\n<meta property=\"og:type\" content=\"article\" \/>\n<meta property=\"og:title\" content=\"Senado estima preju\u00edzo de at\u00e9 R$ 4 milh\u00f5es ap\u00f3s atos terroristas - Not&iacute;cias em Destaque\" \/>\n<meta property=\"og:description\" content=\"Em um levantamento preliminar, o\u00a0#Senado\u00a0Federal estima que as reformas para reparar a destrui\u00e7\u00e3o provocada pelos atos terroristas desse domingo (8\/1) v\u00e3o custar entre R$ 3 milh\u00f5es e 4 milh\u00f5es para a Casa. O valor abarca a instala\u00e7\u00e3o de novos vidros, refor\u00e7ados por uma pel\u00edcula antivandalismo, e a troca de todo o carpete do Sal\u00e3o Azul. Os dados foram levantados em reuni\u00e3o nesta segunda-feira (9\/1) entre diretores das \u00e1reas t\u00e9cnicas do Senado. Materiais como computadores, teclados, equipamentos de comunica\u00e7\u00e3o tamb\u00e9m foram danificados. Al\u00e9m disso, os equipamentos usados pela Pol\u00edcia Legislativa durante a a\u00e7\u00e3o ter\u00e3o que ser repostos. Segundo Ilana Trombka, diretora-geral do Senado, a a\u00e7\u00e3o mais urgente, por quest\u00f5es de seguran\u00e7a, ser\u00e1 a troca dos vidros e espelhos quebrados. S\u00f3 esse reparo pode custar R$ 1 milh\u00e3o. H\u00e1 ainda obras de\u00a0#arte\u00a0e pe\u00e7as hist\u00f3ricas danificadas e que s\u00e3o mais dif\u00edceis de estimar o preju\u00edzo. Os extremistas avariaram e urinaram em uma tape\u00e7aria de Burle Marx, por exemplo. No Museu do Senado, um quadro de 1890 que retrata a assinatura da Constitui\u00e7\u00e3o foi danificado. Al\u00e9m de um tinteiro de bronze da \u00e9poca do Imp\u00e9rio, quebrado. Noticias em Destaque Fonte: Portal Metr\u00f3poles\" \/>\n<meta property=\"og:url\" content=\"https:\/\/noticiasemdestaque.com\/cd\/?p=45338\" \/>\n<meta property=\"og:site_name\" content=\"Not&iacute;cias em Destaque\" \/>\n<meta property=\"article:published_time\" content=\"2023-01-10T01:08:52+00:00\" \/>\n<meta property=\"og:image\" content=\"https:\/\/noticiasemdestaque.com\/cd\/wp-content\/uploads\/2023\/01\/invasao-brasilia-agencia-brasil-credito_widelg.jpg\" \/>\n\t<meta property=\"og:image:width\" content=\"1200\" \/>\n\t<meta property=\"og:image:height\" content=\"675\" \/>\n\t<meta property=\"og:image:type\" content=\"image\/jpeg\" \/>\n<meta name=\"author\" content=\"Not\u00edcias em Destaque\" \/>\n<meta name=\"twitter:card\" content=\"summary_large_image\" \/>\n<meta name=\"twitter:label1\" content=\"Escrito por\" \/>\n\t<meta name=\"twitter:data1\" content=\"Not\u00edcias em Destaque\" \/>\n\t<meta name=\"twitter:label2\" content=\"Est. tempo de leitura\" \/>\n\t<meta name=\"twitter:data2\" content=\"2 minutos\" \/>\n<script type=\"application\/ld+json\" class=\"yoast-schema-graph\">{\"@context\":\"https:\/\/schema.org\",\"@graph\":[{\"@type\":\"Article\",\"@id\":\"https:\/\/noticiasemdestaque.com\/cd\/?p=45338#article\",\"isPartOf\":{\"@id\":\"https:\/\/noticiasemdestaque.com\/cd\/?p=45338\"},\"author\":{\"name\":\"Not\u00edcias em Destaque\",\"@id\":\"https:\/\/noticiasemdestaque.com\/cd\/#\/schema\/person\/47f7d4f55eec17c6b2ca036c5500f6ce\"},\"headline\":\"Senado estima preju\u00edzo de at\u00e9 R$ 4 milh\u00f5es ap\u00f3s atos terroristas\",\"datePublished\":\"2023-01-10T01:08:52+00:00\",\"mainEntityOfPage\":{\"@id\":\"https:\/\/noticiasemdestaque.com\/cd\/?p=45338\"},\"wordCount\":229,\"publisher\":{\"@id\":\"https:\/\/noticiasemdestaque.com\/cd\/#organization\"},\"image\":{\"@id\":\"https:\/\/noticiasemdestaque.com\/cd\/?p=45338#primaryimage\"},\"thumbnailUrl\":\"https:\/\/noticiasemdestaque.com\/cd\/wp-content\/uploads\/2023\/01\/invasao-brasilia-agencia-brasil-credito_widelg.jpg\",\"articleSection\":[\"Pol\u00edtica\"],\"inLanguage\":\"pt-BR\"},{\"@type\":\"WebPage\",\"@id\":\"https:\/\/noticiasemdestaque.com\/cd\/?p=45338\",\"url\":\"https:\/\/noticiasemdestaque.com\/cd\/?p=45338\",\"name\":\"Senado estima preju\u00edzo de at\u00e9 R$ 4 milh\u00f5es ap\u00f3s atos terroristas - Not&iacute;cias em Destaque\",\"isPartOf\":{\"@id\":\"https:\/\/noticiasemdestaque.com\/cd\/#website\"},\"primaryImageOfPage\":{\"@id\":\"https:\/\/noticiasemdestaque.com\/cd\/?p=45338#primaryimage\"},\"image\":{\"@id\":\"https:\/\/noticiasemdestaque.com\/cd\/?p=45338#primaryimage\"},\"thumbnailUrl\":\"https:\/\/noticiasemdestaque.com\/cd\/wp-content\/uploads\/2023\/01\/invasao-brasilia-agencia-brasil-credito_widelg.jpg\",\"datePublished\":\"2023-01-10T01:08:52+00:00\",\"breadcrumb\":{\"@id\":\"https:\/\/noticiasemdestaque.com\/cd\/?p=45338#breadcrumb\"},\"inLanguage\":\"pt-BR\",\"potentialAction\":[{\"@type\":\"ReadAction\",\"target\":[\"https:\/\/noticiasemdestaque.com\/cd\/?p=45338\"]}]},{\"@type\":\"ImageObject\",\"inLanguage\":\"pt-BR\",\"@id\":\"https:\/\/noticiasemdestaque.com\/cd\/?p=45338#primaryimage\",\"url\":\"https:\/\/noticiasemdestaque.com\/cd\/wp-content\/uploads\/2023\/01\/invasao-brasilia-agencia-brasil-credito_widelg.jpg\",\"contentUrl\":\"https:\/\/noticiasemdestaque.com\/cd\/wp-content\/uploads\/2023\/01\/invasao-brasilia-agencia-brasil-credito_widelg.jpg\",\"width\":1200,\"height\":675},{\"@type\":\"BreadcrumbList\",\"@id\":\"https:\/\/noticiasemdestaque.com\/cd\/?p=45338#breadcrumb\",\"itemListElement\":[{\"@type\":\"ListItem\",\"position\":1,\"name\":\"In\u00edcio\",\"item\":\"https:\/\/noticiasemdestaque.com\/cd\/\"},{\"@type\":\"ListItem\",\"position\":2,\"name\":\"Senado estima preju\u00edzo de at\u00e9 R$ 4 milh\u00f5es ap\u00f3s atos terroristas\"}]},{\"@type\":\"WebSite\",\"@id\":\"https:\/\/noticiasemdestaque.com\/cd\/#website\",\"url\":\"https:\/\/noticiasemdestaque.com\/cd\/\",\"name\":\"Not&iacute;cias em Destaque\",\"description\":\"\",\"publisher\":{\"@id\":\"https:\/\/noticiasemdestaque.com\/cd\/#organization\"},\"potentialAction\":[{\"@type\":\"SearchAction\",\"target\":{\"@type\":\"EntryPoint\",\"urlTemplate\":\"https:\/\/noticiasemdestaque.com\/cd\/?s={search_term_string}\"},\"query-input\":{\"@type\":\"PropertyValueSpecification\",\"valueRequired\":true,\"valueName\":\"search_term_string\"}}],\"inLanguage\":\"pt-BR\"},{\"@type\":\"Organization\",\"@id\":\"https:\/\/noticiasemdestaque.com\/cd\/#organization\",\"name\":\"Not\u00edcias em Destaque\",\"url\":\"https:\/\/noticiasemdestaque.com\/cd\/\",\"logo\":{\"@type\":\"ImageObject\",\"inLanguage\":\"pt-BR\",\"@id\":\"https:\/\/noticiasemdestaque.com\/cd\/#\/schema\/logo\/image\/\",\"url\":\"https:\/\/noticiasemdestaque.com\/cd\/wp-content\/uploads\/2022\/05\/imagem-base-noticiasemdestaque.png\",\"contentUrl\":\"https:\/\/noticiasemdestaque.com\/cd\/wp-content\/uploads\/2022\/05\/imagem-base-noticiasemdestaque.png\",\"width\":1200,\"height\":630,\"caption\":\"Not\u00edcias em Destaque\"},\"image\":{\"@id\":\"https:\/\/noticiasemdestaque.com\/cd\/#\/schema\/logo\/image\/\"}},{\"@type\":\"Person\",\"@id\":\"https:\/\/noticiasemdestaque.com\/cd\/#\/schema\/person\/47f7d4f55eec17c6b2ca036c5500f6ce\",\"name\":\"Not\u00edcias em Destaque\",\"url\":\"https:\/\/noticiasemdestaque.com\/cd\/?author=2\"}]}<\/script>\n<!-- \/ Yoast SEO plugin. -->","yoast_head_json":{"title":"Senado estima preju\u00edzo de at\u00e9 R$ 4 milh\u00f5es ap\u00f3s atos terroristas - Not&iacute;cias em Destaque","robots":{"index":"index","follow":"follow","max-snippet":"max-snippet:-1","max-image-preview":"max-image-preview:large","max-video-preview":"max-video-preview:-1"},"canonical":"https:\/\/noticiasemdestaque.com\/cd\/?p=45338","og_locale":"pt_BR","og_type":"article","og_title":"Senado estima preju\u00edzo de at\u00e9 R$ 4 milh\u00f5es ap\u00f3s atos terroristas - Not&iacute;cias em Destaque","og_description":"Em um levantamento preliminar, o\u00a0#Senado\u00a0Federal estima que as reformas para reparar a destrui\u00e7\u00e3o provocada pelos atos terroristas desse domingo (8\/1) v\u00e3o custar entre R$ 3 milh\u00f5es e 4 milh\u00f5es para a Casa. O valor abarca a instala\u00e7\u00e3o de novos vidros, refor\u00e7ados por uma pel\u00edcula antivandalismo, e a troca de todo o carpete do Sal\u00e3o Azul. Os dados foram levantados em reuni\u00e3o nesta segunda-feira (9\/1) entre diretores das \u00e1reas t\u00e9cnicas do Senado. Materiais como computadores, teclados, equipamentos de comunica\u00e7\u00e3o tamb\u00e9m foram danificados. Al\u00e9m disso, os equipamentos usados pela Pol\u00edcia Legislativa durante a a\u00e7\u00e3o ter\u00e3o que ser repostos. Segundo Ilana Trombka, diretora-geral do Senado, a a\u00e7\u00e3o mais urgente, por quest\u00f5es de seguran\u00e7a, ser\u00e1 a troca dos vidros e espelhos quebrados. S\u00f3 esse reparo pode custar R$ 1 milh\u00e3o. H\u00e1 ainda obras de\u00a0#arte\u00a0e pe\u00e7as hist\u00f3ricas danificadas e que s\u00e3o mais dif\u00edceis de estimar o preju\u00edzo. Os extremistas avariaram e urinaram em uma tape\u00e7aria de Burle Marx, por exemplo. No Museu do Senado, um quadro de 1890 que retrata a assinatura da Constitui\u00e7\u00e3o foi danificado. Al\u00e9m de um tinteiro de bronze da \u00e9poca do Imp\u00e9rio, quebrado. Noticias em Destaque Fonte: Portal Metr\u00f3poles","og_url":"https:\/\/noticiasemdestaque.com\/cd\/?p=45338","og_site_name":"Not&iacute;cias em Destaque","article_published_time":"2023-01-10T01:08:52+00:00","og_image":[{"width":1200,"height":675,"url":"https:\/\/noticiasemdestaque.com\/cd\/wp-content\/uploads\/2023\/01\/invasao-brasilia-agencia-brasil-credito_widelg.jpg","type":"image\/jpeg"}],"author":"Not\u00edcias em Destaque","twitter_card":"summary_large_image","twitter_misc":{"Escrito por":"Not\u00edcias em Destaque","Est. tempo de leitura":"2 minutos"},"schema":{"@context":"https:\/\/schema.org","@graph":[{"@type":"Article","@id":"https:\/\/noticiasemdestaque.com\/cd\/?p=45338#article","isPartOf":{"@id":"https:\/\/noticiasemdestaque.com\/cd\/?p=45338"},"author":{"name":"Not\u00edcias em Destaque","@id":"https:\/\/noticiasemdestaque.com\/cd\/#\/schema\/person\/47f7d4f55eec17c6b2ca036c5500f6ce"},"headline":"Senado estima preju\u00edzo de at\u00e9 R$ 4 milh\u00f5es ap\u00f3s atos terroristas","datePublished":"2023-01-10T01:08:52+00:00","mainEntityOfPage":{"@id":"https:\/\/noticiasemdestaque.com\/cd\/?p=45338"},"wordCount":229,"publisher":{"@id":"https:\/\/noticiasemdestaque.com\/cd\/#organization"},"image":{"@id":"https:\/\/noticiasemdestaque.com\/cd\/?p=45338#primaryimage"},"thumbnailUrl":"https:\/\/noticiasemdestaque.com\/cd\/wp-content\/uploads\/2023\/01\/invasao-brasilia-agencia-brasil-credito_widelg.jpg","articleSection":["Pol\u00edtica"],"inLanguage":"pt-BR"},{"@type":"WebPage","@id":"https:\/\/noticiasemdestaque.com\/cd\/?p=45338","url":"https:\/\/noticiasemdestaque.com\/cd\/?p=45338","name":"Senado estima preju\u00edzo de at\u00e9 R$ 4 milh\u00f5es ap\u00f3s atos terroristas - Not&iacute;cias em Destaque","isPartOf":{"@id":"https:\/\/noticiasemdestaque.com\/cd\/#website"},"primaryImageOfPage":{"@id":"https:\/\/noticiasemdestaque.com\/cd\/?p=45338#primaryimage"},"image":{"@id":"https:\/\/noticiasemdestaque.com\/cd\/?p=45338#primaryimage"},"thumbnailUrl":"https:\/\/noticiasemdestaque.com\/cd\/wp-content\/uploads\/2023\/01\/invasao-brasilia-agencia-brasil-credito_widelg.jpg","datePublished":"2023-01-10T01:08:52+00:00","breadcrumb":{"@id":"https:\/\/noticiasemdestaque.com\/cd\/?p=45338#breadcrumb"},"inLanguage":"pt-BR","potentialAction":[{"@type":"ReadAction","target":["https:\/\/noticiasemdestaque.com\/cd\/?p=45338"]}]},{"@type":"ImageObject","inLanguage":"pt-BR","@id":"https:\/\/noticiasemdestaque.com\/cd\/?p=45338#primaryimage","url":"https:\/\/noticiasemdestaque.com\/cd\/wp-content\/uploads\/2023\/01\/invasao-brasilia-agencia-brasil-credito_widelg.jpg","contentUrl":"https:\/\/noticiasemdestaque.com\/cd\/wp-content\/uploads\/2023\/01\/invasao-brasilia-agencia-brasil-credito_widelg.jpg","width":1200,"height":675},{"@type":"BreadcrumbList","@id":"https:\/\/noticiasemdestaque.com\/cd\/?p=45338#breadcrumb","itemListElement":[{"@type":"ListItem","position":1,"name":"In\u00edcio","item":"https:\/\/noticiasemdestaque.com\/cd\/"},{"@type":"ListItem","position":2,"name":"Senado estima preju\u00edzo de at\u00e9 R$ 4 milh\u00f5es ap\u00f3s atos terroristas"}]},{"@type":"WebSite","@id":"https:\/\/noticiasemdestaque.com\/cd\/#website","url":"https:\/\/noticiasemdestaque.com\/cd\/","name":"Not&iacute;cias em Destaque","description":"","publisher":{"@id":"https:\/\/noticiasemdestaque.com\/cd\/#organization"},"potentialAction":[{"@type":"SearchAction","target":{"@type":"EntryPoint","urlTemplate":"https:\/\/noticiasemdestaque.com\/cd\/?s={search_term_string}"},"query-input":{"@type":"PropertyValueSpecification","valueRequired":true,"valueName":"search_term_string"}}],"inLanguage":"pt-BR"},{"@type":"Organization","@id":"https:\/\/noticiasemdestaque.com\/cd\/#organization","name":"Not\u00edcias em Destaque","url":"https:\/\/noticiasemdestaque.com\/cd\/","logo":{"@type":"ImageObject","inLanguage":"pt-BR","@id":"https:\/\/noticiasemdestaque.com\/cd\/#\/schema\/logo\/image\/","url":"https:\/\/noticiasemdestaque.com\/cd\/wp-content\/uploads\/2022\/05\/imagem-base-noticiasemdestaque.png","contentUrl":"https:\/\/noticiasemdestaque.com\/cd\/wp-content\/uploads\/2022\/05\/imagem-base-noticiasemdestaque.png","width":1200,"height":630,"caption":"Not\u00edcias em Destaque"},"image":{"@id":"https:\/\/noticiasemdestaque.com\/cd\/#\/schema\/logo\/image\/"}},{"@type":"Person","@id":"https:\/\/noticiasemdestaque.com\/cd\/#\/schema\/person\/47f7d4f55eec17c6b2ca036c5500f6ce","name":"Not\u00edcias em Destaque","url":"https:\/\/noticiasemdestaque.com\/cd\/?author=2"}]}},"jetpack_featured_media_url":"https:\/\/noticiasemdestaque.com\/cd\/wp-content\/uploads\/2023\/01\/invasao-brasilia-agencia-brasil-credito_widelg.jpg","jetpack_sharing_enabled":true,"_links":{"self":[{"href":"https:\/\/noticiasemdestaque.com\/cd\/index.php?rest_route=\/wp\/v2\/posts\/45338","targetHints":{"allow":["GET"]}}],"collection":[{"href":"https:\/\/noticiasemdestaque.com\/cd\/index.php?rest_route=\/wp\/v2\/posts"}],"about":[{"href":"https:\/\/noticiasemdestaque.com\/cd\/index.php?rest_route=\/wp\/v2\/types\/post"}],"author":[{"embeddable":true,"href":"https:\/\/noticiasemdestaque.com\/cd\/index.php?rest_route=\/wp\/v2\/users\/2"}],"replies":[{"embeddable":true,"href":"https:\/\/noticiasemdestaque.com\/cd\/index.php?rest_route=%2Fwp%2Fv2%2Fcomments&post=45338"}],"version-history":[{"count":1,"href":"https:\/\/noticiasemdestaque.com\/cd\/index.php?rest_route=\/wp\/v2\/posts\/45338\/revisions"}],"predecessor-version":[{"id":45341,"href":"https:\/\/noticiasemdestaque.com\/cd\/index.php?rest_route=\/wp\/v2\/posts\/45338\/revisions\/45341"}],"wp:featuredmedia":[{"embeddable":true,"href":"https:\/\/noticiasemdestaque.com\/cd\/index.php?rest_route=\/wp\/v2\/media\/45339"}],"wp:attachment":[{"href":"https:\/\/noticiasemdestaque.com\/cd\/index.php?rest_route=%2Fwp%2Fv2%2Fmedia&parent=45338"}],"wp:term":[{"taxonomy":"category","embeddable":true,"href":"https:\/\/noticiasemdestaque.com\/cd\/index.php?rest_route=%2Fwp%2Fv2%2Fcategories&post=45338"},{"taxonomy":"post_tag","embeddable":true,"href":"https:\/\/noticiasemdestaque.com\/cd\/index.php?rest_route=%2Fwp%2Fv2%2Ftags&post=45338"}],"curies":[{"name":"wp","href":"https:\/\/api.w.org\/{rel}","templated":true}]}}