{"id":45335,"date":"2023-01-09T15:37:54","date_gmt":"2023-01-09T18:37:54","guid":{"rendered":"https:\/\/noticiasemdestaque.com\/cd\/?p=45335"},"modified":"2023-01-09T15:37:54","modified_gmt":"2023-01-09T18:37:54","slug":"bolsonaro-e-internado-nos-eua-horas-apos-renan-acionar-stf-e-pedir-extradicao","status":"publish","type":"post","link":"https:\/\/noticiasemdestaque.com\/cd\/?p=45335","title":{"rendered":"Bolsonaro \u00e9 internado nos EUA horas ap\u00f3s Renan acionar STF e pedir extradi\u00e7\u00e3o"},"content":{"rendered":"<p><a href=\"https:\/\/noticiasemdestaque.com\/cd\/wp-content\/uploads\/2023\/01\/2464b6fae6b566f186eee4478e3eef6a.jpg\"><img fetchpriority=\"high\" decoding=\"async\" class=\"alignnone  wp-image-45336\" src=\"https:\/\/noticiasemdestaque.com\/cd\/wp-content\/uploads\/2023\/01\/2464b6fae6b566f186eee4478e3eef6a-300x200.jpg\" alt=\"\" width=\"1031\" height=\"687\" srcset=\"https:\/\/noticiasemdestaque.com\/cd\/wp-content\/uploads\/2023\/01\/2464b6fae6b566f186eee4478e3eef6a-300x200.jpg 300w, https:\/\/noticiasemdestaque.com\/cd\/wp-content\/uploads\/2023\/01\/2464b6fae6b566f186eee4478e3eef6a-768x513.jpg 768w, https:\/\/noticiasemdestaque.com\/cd\/wp-content\/uploads\/2023\/01\/2464b6fae6b566f186eee4478e3eef6a-18x12.jpg 18w, https:\/\/noticiasemdestaque.com\/cd\/wp-content\/uploads\/2023\/01\/2464b6fae6b566f186eee4478e3eef6a.jpg 876w\" sizes=\"(max-width: 1031px) 100vw, 1031px\" \/><\/a><\/p>\n<p>O ex-presidente Jair Bolsonaro (PL) foi internado na tarde desta segunda-feira (09) no hospital AdventHealth Celebration, em Orlando, nos Estados Unidos.<\/p>\n<p>Bolsonaro alegou estar com fortes dores abdominais.<\/p>\n<p>Desde a cirurgia a que foi submetido depois da facada de 2018, ex-presidente j\u00e1 foi hospitalizado algumas vezes por causa de dores abdominais. A mais recente ocorreu em novembro, quando deu entrada no Hospital das For\u00e7as Armadas, em Bras\u00edlia.<\/p>\n<p>Mais cedo, o senador Renan Calheiros (MDB-AL) ingressou com uma peti\u00e7\u00e3o no Supremo Tribunal Federal (STF) para que Bolsonaro passe a constar como investigado no inqu\u00e9rito sobre atos com pautas antidemocr\u00e1ticas.<\/p>\n<p>O parlamentar pede que Bolsonaro seja extraditado dos EUA e investigado no Brasil. Na a\u00e7\u00e3o, Renan afirma ser ineg\u00e1vel a participac\u0327a\u0303o \u201cativa e responsabilidade\u201d de Bolsonaro nos atos de viol\u00eancia e vandalismo registrados na Pra\u00e7a dos Tr\u00eas Poderes.<\/p>\n<p><strong>Noticias em Destaque<\/strong><\/p>\n<p style=\"text-align: right;\"><em>Fonte: Politica JP<\/em><\/p>\n","protected":false},"excerpt":{"rendered":"<p>O ex-presidente Jair Bolsonaro (PL) foi internado na tarde desta segunda-feira (09) no hospital AdventHealth Celebration, em Orlando, nos Estados Unidos. Bolsonaro alegou estar com fortes dores abdominais. Desde a cirurgia a que foi submetido depois da facada de 2018, ex-presidente j\u00e1 foi hospitalizado algumas vezes por causa de dores abdominais. A mais recente ocorreu em novembro, quando deu entrada no Hospital das For\u00e7as Armadas, em Bras\u00edlia. Mais cedo, o senador Renan Calheiros (MDB-AL) ingressou com uma peti\u00e7\u00e3o no Supremo Tribunal Federal (STF) para que Bolsonaro passe a constar como investigado no inqu\u00e9rito sobre atos com pautas antidemocr\u00e1ticas. O parlamentar pede que Bolsonaro seja extraditado dos EUA e investigado no Brasil. Na a\u00e7\u00e3o, Renan afirma ser ineg\u00e1vel a participac\u0327a\u0303o \u201cativa e responsabilidade\u201d de Bolsonaro nos atos de viol\u00eancia e vandalismo registrados na Pra\u00e7a dos Tr\u00eas Poderes. Noticias em Destaque Fonte: Politica JP<\/p>\n","protected":false},"author":2,"featured_media":45336,"comment_status":"closed","ping_status":"open","sticky":false,"template":"","format":"standard","meta":{"_eb_attr":"","_jetpack_memberships_contains_paid_content":false,"footnotes":""},"categories":[12],"tags":[],"class_list":["post-45335","post","type-post","status-publish","format-standard","has-post-thumbnail","hentry","category-geral"],"yoast_head":"<!-- This site is optimized with the Yoast SEO plugin v26.5 - https:\/\/yoast.com\/wordpress\/plugins\/seo\/ -->\n<title>Bolsonaro \u00e9 internado nos EUA horas ap\u00f3s Renan acionar STF e pedir extradi\u00e7\u00e3o - Not&iacute;cias em Destaque<\/title>\n<meta name=\"robots\" content=\"index, follow, max-snippet:-1, max-image-preview:large, max-video-preview:-1\" \/>\n<link rel=\"canonical\" href=\"https:\/\/noticiasemdestaque.com\/cd\/?p=45335\" \/>\n<meta property=\"og:locale\" content=\"pt_BR\" \/>\n<meta property=\"og:type\" content=\"article\" \/>\n<meta property=\"og:title\" content=\"Bolsonaro \u00e9 internado nos EUA horas ap\u00f3s Renan acionar STF e pedir extradi\u00e7\u00e3o - Not&iacute;cias em Destaque\" \/>\n<meta property=\"og:description\" content=\"O ex-presidente Jair Bolsonaro (PL) foi internado na tarde desta segunda-feira (09) no hospital AdventHealth Celebration, em Orlando, nos Estados Unidos. Bolsonaro alegou estar com fortes dores abdominais. Desde a cirurgia a que foi submetido depois da facada de 2018, ex-presidente j\u00e1 foi hospitalizado algumas vezes por causa de dores abdominais. A mais recente ocorreu em novembro, quando deu entrada no Hospital das For\u00e7as Armadas, em Bras\u00edlia. Mais cedo, o senador Renan Calheiros (MDB-AL) ingressou com uma peti\u00e7\u00e3o no Supremo Tribunal Federal (STF) para que Bolsonaro passe a constar como investigado no inqu\u00e9rito sobre atos com pautas antidemocr\u00e1ticas. O parlamentar pede que Bolsonaro seja extraditado dos EUA e investigado no Brasil. Na a\u00e7\u00e3o, Renan afirma ser ineg\u00e1vel a participac\u0327a\u0303o \u201cativa e responsabilidade\u201d de Bolsonaro nos atos de viol\u00eancia e vandalismo registrados na Pra\u00e7a dos Tr\u00eas Poderes. Noticias em Destaque Fonte: Politica JP\" \/>\n<meta property=\"og:url\" content=\"https:\/\/noticiasemdestaque.com\/cd\/?p=45335\" \/>\n<meta property=\"og:site_name\" content=\"Not&iacute;cias em Destaque\" \/>\n<meta property=\"article:published_time\" content=\"2023-01-09T18:37:54+00:00\" \/>\n<meta property=\"og:image\" content=\"https:\/\/noticiasemdestaque.com\/cd\/wp-content\/uploads\/2023\/01\/2464b6fae6b566f186eee4478e3eef6a.jpg\" \/>\n\t<meta property=\"og:image:width\" content=\"876\" \/>\n\t<meta property=\"og:image:height\" content=\"585\" \/>\n\t<meta property=\"og:image:type\" content=\"image\/jpeg\" \/>\n<meta name=\"author\" content=\"Not\u00edcias em Destaque\" \/>\n<meta name=\"twitter:card\" content=\"summary_large_image\" \/>\n<meta name=\"twitter:label1\" content=\"Escrito por\" \/>\n\t<meta name=\"twitter:data1\" content=\"Not\u00edcias em Destaque\" \/>\n\t<meta name=\"twitter:label2\" content=\"Est. tempo de leitura\" \/>\n\t<meta name=\"twitter:data2\" content=\"1 minuto\" \/>\n<script type=\"application\/ld+json\" class=\"yoast-schema-graph\">{\"@context\":\"https:\/\/schema.org\",\"@graph\":[{\"@type\":\"Article\",\"@id\":\"https:\/\/noticiasemdestaque.com\/cd\/?p=45335#article\",\"isPartOf\":{\"@id\":\"https:\/\/noticiasemdestaque.com\/cd\/?p=45335\"},\"author\":{\"name\":\"Not\u00edcias em Destaque\",\"@id\":\"https:\/\/noticiasemdestaque.com\/cd\/#\/schema\/person\/47f7d4f55eec17c6b2ca036c5500f6ce\"},\"headline\":\"Bolsonaro \u00e9 internado nos EUA horas ap\u00f3s Renan acionar STF e pedir extradi\u00e7\u00e3o\",\"datePublished\":\"2023-01-09T18:37:54+00:00\",\"mainEntityOfPage\":{\"@id\":\"https:\/\/noticiasemdestaque.com\/cd\/?p=45335\"},\"wordCount\":166,\"publisher\":{\"@id\":\"https:\/\/noticiasemdestaque.com\/cd\/#organization\"},\"image\":{\"@id\":\"https:\/\/noticiasemdestaque.com\/cd\/?p=45335#primaryimage\"},\"thumbnailUrl\":\"https:\/\/noticiasemdestaque.com\/cd\/wp-content\/uploads\/2023\/01\/2464b6fae6b566f186eee4478e3eef6a.jpg\",\"articleSection\":[\"Geral\"],\"inLanguage\":\"pt-BR\"},{\"@type\":\"WebPage\",\"@id\":\"https:\/\/noticiasemdestaque.com\/cd\/?p=45335\",\"url\":\"https:\/\/noticiasemdestaque.com\/cd\/?p=45335\",\"name\":\"Bolsonaro \u00e9 internado nos EUA horas ap\u00f3s Renan acionar STF e pedir extradi\u00e7\u00e3o - Not&iacute;cias em Destaque\",\"isPartOf\":{\"@id\":\"https:\/\/noticiasemdestaque.com\/cd\/#website\"},\"primaryImageOfPage\":{\"@id\":\"https:\/\/noticiasemdestaque.com\/cd\/?p=45335#primaryimage\"},\"image\":{\"@id\":\"https:\/\/noticiasemdestaque.com\/cd\/?p=45335#primaryimage\"},\"thumbnailUrl\":\"https:\/\/noticiasemdestaque.com\/cd\/wp-content\/uploads\/2023\/01\/2464b6fae6b566f186eee4478e3eef6a.jpg\",\"datePublished\":\"2023-01-09T18:37:54+00:00\",\"breadcrumb\":{\"@id\":\"https:\/\/noticiasemdestaque.com\/cd\/?p=45335#breadcrumb\"},\"inLanguage\":\"pt-BR\",\"potentialAction\":[{\"@type\":\"ReadAction\",\"target\":[\"https:\/\/noticiasemdestaque.com\/cd\/?p=45335\"]}]},{\"@type\":\"ImageObject\",\"inLanguage\":\"pt-BR\",\"@id\":\"https:\/\/noticiasemdestaque.com\/cd\/?p=45335#primaryimage\",\"url\":\"https:\/\/noticiasemdestaque.com\/cd\/wp-content\/uploads\/2023\/01\/2464b6fae6b566f186eee4478e3eef6a.jpg\",\"contentUrl\":\"https:\/\/noticiasemdestaque.com\/cd\/wp-content\/uploads\/2023\/01\/2464b6fae6b566f186eee4478e3eef6a.jpg\",\"width\":876,\"height\":585},{\"@type\":\"BreadcrumbList\",\"@id\":\"https:\/\/noticiasemdestaque.com\/cd\/?p=45335#breadcrumb\",\"itemListElement\":[{\"@type\":\"ListItem\",\"position\":1,\"name\":\"In\u00edcio\",\"item\":\"https:\/\/noticiasemdestaque.com\/cd\/\"},{\"@type\":\"ListItem\",\"position\":2,\"name\":\"Bolsonaro \u00e9 internado nos EUA horas ap\u00f3s Renan acionar STF e pedir extradi\u00e7\u00e3o\"}]},{\"@type\":\"WebSite\",\"@id\":\"https:\/\/noticiasemdestaque.com\/cd\/#website\",\"url\":\"https:\/\/noticiasemdestaque.com\/cd\/\",\"name\":\"Not&iacute;cias em Destaque\",\"description\":\"\",\"publisher\":{\"@id\":\"https:\/\/noticiasemdestaque.com\/cd\/#organization\"},\"potentialAction\":[{\"@type\":\"SearchAction\",\"target\":{\"@type\":\"EntryPoint\",\"urlTemplate\":\"https:\/\/noticiasemdestaque.com\/cd\/?s={search_term_string}\"},\"query-input\":{\"@type\":\"PropertyValueSpecification\",\"valueRequired\":true,\"valueName\":\"search_term_string\"}}],\"inLanguage\":\"pt-BR\"},{\"@type\":\"Organization\",\"@id\":\"https:\/\/noticiasemdestaque.com\/cd\/#organization\",\"name\":\"Not\u00edcias em Destaque\",\"url\":\"https:\/\/noticiasemdestaque.com\/cd\/\",\"logo\":{\"@type\":\"ImageObject\",\"inLanguage\":\"pt-BR\",\"@id\":\"https:\/\/noticiasemdestaque.com\/cd\/#\/schema\/logo\/image\/\",\"url\":\"https:\/\/noticiasemdestaque.com\/cd\/wp-content\/uploads\/2022\/05\/imagem-base-noticiasemdestaque.png\",\"contentUrl\":\"https:\/\/noticiasemdestaque.com\/cd\/wp-content\/uploads\/2022\/05\/imagem-base-noticiasemdestaque.png\",\"width\":1200,\"height\":630,\"caption\":\"Not\u00edcias em Destaque\"},\"image\":{\"@id\":\"https:\/\/noticiasemdestaque.com\/cd\/#\/schema\/logo\/image\/\"}},{\"@type\":\"Person\",\"@id\":\"https:\/\/noticiasemdestaque.com\/cd\/#\/schema\/person\/47f7d4f55eec17c6b2ca036c5500f6ce\",\"name\":\"Not\u00edcias em Destaque\",\"url\":\"https:\/\/noticiasemdestaque.com\/cd\/?author=2\"}]}<\/script>\n<!-- \/ Yoast SEO plugin. -->","yoast_head_json":{"title":"Bolsonaro \u00e9 internado nos EUA horas ap\u00f3s Renan acionar STF e pedir extradi\u00e7\u00e3o - Not&iacute;cias em Destaque","robots":{"index":"index","follow":"follow","max-snippet":"max-snippet:-1","max-image-preview":"max-image-preview:large","max-video-preview":"max-video-preview:-1"},"canonical":"https:\/\/noticiasemdestaque.com\/cd\/?p=45335","og_locale":"pt_BR","og_type":"article","og_title":"Bolsonaro \u00e9 internado nos EUA horas ap\u00f3s Renan acionar STF e pedir extradi\u00e7\u00e3o - Not&iacute;cias em Destaque","og_description":"O ex-presidente Jair Bolsonaro (PL) foi internado na tarde desta segunda-feira (09) no hospital AdventHealth Celebration, em Orlando, nos Estados Unidos. Bolsonaro alegou estar com fortes dores abdominais. Desde a cirurgia a que foi submetido depois da facada de 2018, ex-presidente j\u00e1 foi hospitalizado algumas vezes por causa de dores abdominais. A mais recente ocorreu em novembro, quando deu entrada no Hospital das For\u00e7as Armadas, em Bras\u00edlia. Mais cedo, o senador Renan Calheiros (MDB-AL) ingressou com uma peti\u00e7\u00e3o no Supremo Tribunal Federal (STF) para que Bolsonaro passe a constar como investigado no inqu\u00e9rito sobre atos com pautas antidemocr\u00e1ticas. O parlamentar pede que Bolsonaro seja extraditado dos EUA e investigado no Brasil. Na a\u00e7\u00e3o, Renan afirma ser ineg\u00e1vel a participac\u0327a\u0303o \u201cativa e responsabilidade\u201d de Bolsonaro nos atos de viol\u00eancia e vandalismo registrados na Pra\u00e7a dos Tr\u00eas Poderes. Noticias em Destaque Fonte: Politica JP","og_url":"https:\/\/noticiasemdestaque.com\/cd\/?p=45335","og_site_name":"Not&iacute;cias em Destaque","article_published_time":"2023-01-09T18:37:54+00:00","og_image":[{"width":876,"height":585,"url":"https:\/\/noticiasemdestaque.com\/cd\/wp-content\/uploads\/2023\/01\/2464b6fae6b566f186eee4478e3eef6a.jpg","type":"image\/jpeg"}],"author":"Not\u00edcias em Destaque","twitter_card":"summary_large_image","twitter_misc":{"Escrito por":"Not\u00edcias em Destaque","Est. tempo de leitura":"1 minuto"},"schema":{"@context":"https:\/\/schema.org","@graph":[{"@type":"Article","@id":"https:\/\/noticiasemdestaque.com\/cd\/?p=45335#article","isPartOf":{"@id":"https:\/\/noticiasemdestaque.com\/cd\/?p=45335"},"author":{"name":"Not\u00edcias em Destaque","@id":"https:\/\/noticiasemdestaque.com\/cd\/#\/schema\/person\/47f7d4f55eec17c6b2ca036c5500f6ce"},"headline":"Bolsonaro \u00e9 internado nos EUA horas ap\u00f3s Renan acionar STF e pedir extradi\u00e7\u00e3o","datePublished":"2023-01-09T18:37:54+00:00","mainEntityOfPage":{"@id":"https:\/\/noticiasemdestaque.com\/cd\/?p=45335"},"wordCount":166,"publisher":{"@id":"https:\/\/noticiasemdestaque.com\/cd\/#organization"},"image":{"@id":"https:\/\/noticiasemdestaque.com\/cd\/?p=45335#primaryimage"},"thumbnailUrl":"https:\/\/noticiasemdestaque.com\/cd\/wp-content\/uploads\/2023\/01\/2464b6fae6b566f186eee4478e3eef6a.jpg","articleSection":["Geral"],"inLanguage":"pt-BR"},{"@type":"WebPage","@id":"https:\/\/noticiasemdestaque.com\/cd\/?p=45335","url":"https:\/\/noticiasemdestaque.com\/cd\/?p=45335","name":"Bolsonaro \u00e9 internado nos EUA horas ap\u00f3s Renan acionar STF e pedir extradi\u00e7\u00e3o - Not&iacute;cias em Destaque","isPartOf":{"@id":"https:\/\/noticiasemdestaque.com\/cd\/#website"},"primaryImageOfPage":{"@id":"https:\/\/noticiasemdestaque.com\/cd\/?p=45335#primaryimage"},"image":{"@id":"https:\/\/noticiasemdestaque.com\/cd\/?p=45335#primaryimage"},"thumbnailUrl":"https:\/\/noticiasemdestaque.com\/cd\/wp-content\/uploads\/2023\/01\/2464b6fae6b566f186eee4478e3eef6a.jpg","datePublished":"2023-01-09T18:37:54+00:00","breadcrumb":{"@id":"https:\/\/noticiasemdestaque.com\/cd\/?p=45335#breadcrumb"},"inLanguage":"pt-BR","potentialAction":[{"@type":"ReadAction","target":["https:\/\/noticiasemdestaque.com\/cd\/?p=45335"]}]},{"@type":"ImageObject","inLanguage":"pt-BR","@id":"https:\/\/noticiasemdestaque.com\/cd\/?p=45335#primaryimage","url":"https:\/\/noticiasemdestaque.com\/cd\/wp-content\/uploads\/2023\/01\/2464b6fae6b566f186eee4478e3eef6a.jpg","contentUrl":"https:\/\/noticiasemdestaque.com\/cd\/wp-content\/uploads\/2023\/01\/2464b6fae6b566f186eee4478e3eef6a.jpg","width":876,"height":585},{"@type":"BreadcrumbList","@id":"https:\/\/noticiasemdestaque.com\/cd\/?p=45335#breadcrumb","itemListElement":[{"@type":"ListItem","position":1,"name":"In\u00edcio","item":"https:\/\/noticiasemdestaque.com\/cd\/"},{"@type":"ListItem","position":2,"name":"Bolsonaro \u00e9 internado nos EUA horas ap\u00f3s Renan acionar STF e pedir extradi\u00e7\u00e3o"}]},{"@type":"WebSite","@id":"https:\/\/noticiasemdestaque.com\/cd\/#website","url":"https:\/\/noticiasemdestaque.com\/cd\/","name":"Not&iacute;cias em Destaque","description":"","publisher":{"@id":"https:\/\/noticiasemdestaque.com\/cd\/#organization"},"potentialAction":[{"@type":"SearchAction","target":{"@type":"EntryPoint","urlTemplate":"https:\/\/noticiasemdestaque.com\/cd\/?s={search_term_string}"},"query-input":{"@type":"PropertyValueSpecification","valueRequired":true,"valueName":"search_term_string"}}],"inLanguage":"pt-BR"},{"@type":"Organization","@id":"https:\/\/noticiasemdestaque.com\/cd\/#organization","name":"Not\u00edcias em Destaque","url":"https:\/\/noticiasemdestaque.com\/cd\/","logo":{"@type":"ImageObject","inLanguage":"pt-BR","@id":"https:\/\/noticiasemdestaque.com\/cd\/#\/schema\/logo\/image\/","url":"https:\/\/noticiasemdestaque.com\/cd\/wp-content\/uploads\/2022\/05\/imagem-base-noticiasemdestaque.png","contentUrl":"https:\/\/noticiasemdestaque.com\/cd\/wp-content\/uploads\/2022\/05\/imagem-base-noticiasemdestaque.png","width":1200,"height":630,"caption":"Not\u00edcias em Destaque"},"image":{"@id":"https:\/\/noticiasemdestaque.com\/cd\/#\/schema\/logo\/image\/"}},{"@type":"Person","@id":"https:\/\/noticiasemdestaque.com\/cd\/#\/schema\/person\/47f7d4f55eec17c6b2ca036c5500f6ce","name":"Not\u00edcias em Destaque","url":"https:\/\/noticiasemdestaque.com\/cd\/?author=2"}]}},"jetpack_featured_media_url":"https:\/\/noticiasemdestaque.com\/cd\/wp-content\/uploads\/2023\/01\/2464b6fae6b566f186eee4478e3eef6a.jpg","jetpack_sharing_enabled":true,"_links":{"self":[{"href":"https:\/\/noticiasemdestaque.com\/cd\/index.php?rest_route=\/wp\/v2\/posts\/45335","targetHints":{"allow":["GET"]}}],"collection":[{"href":"https:\/\/noticiasemdestaque.com\/cd\/index.php?rest_route=\/wp\/v2\/posts"}],"about":[{"href":"https:\/\/noticiasemdestaque.com\/cd\/index.php?rest_route=\/wp\/v2\/types\/post"}],"author":[{"embeddable":true,"href":"https:\/\/noticiasemdestaque.com\/cd\/index.php?rest_route=\/wp\/v2\/users\/2"}],"replies":[{"embeddable":true,"href":"https:\/\/noticiasemdestaque.com\/cd\/index.php?rest_route=%2Fwp%2Fv2%2Fcomments&post=45335"}],"version-history":[{"count":1,"href":"https:\/\/noticiasemdestaque.com\/cd\/index.php?rest_route=\/wp\/v2\/posts\/45335\/revisions"}],"predecessor-version":[{"id":45337,"href":"https:\/\/noticiasemdestaque.com\/cd\/index.php?rest_route=\/wp\/v2\/posts\/45335\/revisions\/45337"}],"wp:featuredmedia":[{"embeddable":true,"href":"https:\/\/noticiasemdestaque.com\/cd\/index.php?rest_route=\/wp\/v2\/media\/45336"}],"wp:attachment":[{"href":"https:\/\/noticiasemdestaque.com\/cd\/index.php?rest_route=%2Fwp%2Fv2%2Fmedia&parent=45335"}],"wp:term":[{"taxonomy":"category","embeddable":true,"href":"https:\/\/noticiasemdestaque.com\/cd\/index.php?rest_route=%2Fwp%2Fv2%2Fcategories&post=45335"},{"taxonomy":"post_tag","embeddable":true,"href":"https:\/\/noticiasemdestaque.com\/cd\/index.php?rest_route=%2Fwp%2Fv2%2Ftags&post=45335"}],"curies":[{"name":"wp","href":"https:\/\/api.w.org\/{rel}","templated":true}]}}