{"id":45333,"date":"2023-01-09T15:33:41","date_gmt":"2023-01-09T18:33:41","guid":{"rendered":"https:\/\/noticiasemdestaque.com\/cd\/?p=45333"},"modified":"2023-01-09T15:33:41","modified_gmt":"2023-01-09T18:33:41","slug":"comerciante-monteirense-tem-gado-furtado-de-fazenda-em-monteiro","status":"publish","type":"post","link":"https:\/\/noticiasemdestaque.com\/cd\/?p=45333","title":{"rendered":"Comerciante monteirense tem gado furtado de fazenda em Monteiro"},"content":{"rendered":"<p style=\"font-weight: 400;\">Um comerciante monteirense teve uma supressa nada agrad\u00e1vel nas primeiras horas da manh\u00e3 desta segunda-feira (09) em Monteiro, quando percebeu que criminosos tinham furtado alguns animais de sua fazenda.<\/p>\n<p style=\"font-weight: 400;\">De acordo com informa\u00e7\u00f5es, ao chegar na fazenda localizada na entrada do munic\u00edpio na sa\u00edda para Campina Grande, o empres\u00e1rio percebeu que tinham tentado arrombar a porteira de acesso, logo depois percebeu que os arrames da cerca haviam sido cortados e que alguns amimais do seu rebanho haviam sido furtados, ainda n\u00e3o se sabe ao certo quantos animais foram levados.<\/p>\n<p style=\"font-weight: 400;\"><img decoding=\"async\" class=\"aligncenter\" src=\"https:\/\/blogger.googleusercontent.com\/img\/b\/R29vZ2xl\/AVvXsEhG10Dpl99tVlIYx3aTv02UFcdWxHKdICzSsRHRAT0YZyYTtuIEeBgW34VbaLyuo7-uzmTz4XX-RMzHSSiWceNUFtYQw0HWvNjjR5aeUKaP8C-odbx7htLc2qTcwzaBFSLTirc6BMIrnxTDDKff1c3oHV7UCYUkvvQlWmXu7DUZQqBBodTIhkAlZLdxpw\/s320\/ferro.jpg\" \/><\/p>\n<p>&nbsp;<\/p>\n<p style=\"font-weight: 400;\">O empres\u00e1rio disponibilizou a marca do ferro que seu gado \u00e9 marcado para ajudar na localiza\u00e7\u00e3o do animais.<\/p>\n<p style=\"font-weight: 400;\">O caso deve ser registrado na delegacia\u00a0de Pol\u00edcia Civil de Monteiro, onde ser\u00e1 investigado.<\/p>\n<p style=\"font-weight: 400;\"><strong>Noticias em Destaque<\/strong><\/p>\n<p style=\"font-weight: 400; text-align: right;\"><em>Fonte: OPIPOCO<\/em><\/p>\n","protected":false},"excerpt":{"rendered":"<p>Um comerciante monteirense teve uma supressa nada agrad\u00e1vel nas primeiras horas da manh\u00e3 desta segunda-feira (09) em Monteiro, quando percebeu que criminosos tinham furtado alguns animais de sua fazenda. De acordo com informa\u00e7\u00f5es, ao chegar na fazenda localizada na entrada do munic\u00edpio na sa\u00edda para Campina Grande, o empres\u00e1rio percebeu que tinham tentado arrombar a porteira de acesso, logo depois percebeu que os arrames da cerca haviam sido cortados e que alguns amimais do seu rebanho haviam sido furtados, ainda n\u00e3o se sabe ao certo quantos animais foram levados. &nbsp; O empres\u00e1rio disponibilizou a marca do ferro que seu gado \u00e9 marcado para ajudar na localiza\u00e7\u00e3o do animais. O caso deve ser registrado na delegacia\u00a0de Pol\u00edcia Civil de Monteiro, onde ser\u00e1 investigado. Noticias em Destaque Fonte: OPIPOCO<\/p>\n","protected":false},"author":2,"featured_media":45331,"comment_status":"closed","ping_status":"open","sticky":false,"template":"","format":"standard","meta":{"_eb_attr":"","_jetpack_memberships_contains_paid_content":false,"footnotes":""},"categories":[20],"tags":[],"class_list":["post-45333","post","type-post","status-publish","format-standard","has-post-thumbnail","hentry","category-policia"],"yoast_head":"<!-- This site is optimized with the Yoast SEO plugin v26.5 - https:\/\/yoast.com\/wordpress\/plugins\/seo\/ -->\n<title>Comerciante monteirense tem gado furtado de fazenda em Monteiro - Not&iacute;cias em Destaque<\/title>\n<meta name=\"robots\" content=\"index, follow, max-snippet:-1, max-image-preview:large, max-video-preview:-1\" \/>\n<link rel=\"canonical\" href=\"https:\/\/noticiasemdestaque.com\/cd\/?p=45333\" \/>\n<meta property=\"og:locale\" content=\"pt_BR\" \/>\n<meta property=\"og:type\" content=\"article\" \/>\n<meta property=\"og:title\" content=\"Comerciante monteirense tem gado furtado de fazenda em Monteiro - Not&iacute;cias em Destaque\" \/>\n<meta property=\"og:description\" content=\"Um comerciante monteirense teve uma supressa nada agrad\u00e1vel nas primeiras horas da manh\u00e3 desta segunda-feira (09) em Monteiro, quando percebeu que criminosos tinham furtado alguns animais de sua fazenda. De acordo com informa\u00e7\u00f5es, ao chegar na fazenda localizada na entrada do munic\u00edpio na sa\u00edda para Campina Grande, o empres\u00e1rio percebeu que tinham tentado arrombar a porteira de acesso, logo depois percebeu que os arrames da cerca haviam sido cortados e que alguns amimais do seu rebanho haviam sido furtados, ainda n\u00e3o se sabe ao certo quantos animais foram levados. &nbsp; O empres\u00e1rio disponibilizou a marca do ferro que seu gado \u00e9 marcado para ajudar na localiza\u00e7\u00e3o do animais. O caso deve ser registrado na delegacia\u00a0de Pol\u00edcia Civil de Monteiro, onde ser\u00e1 investigado. Noticias em Destaque Fonte: OPIPOCO\" \/>\n<meta property=\"og:url\" content=\"https:\/\/noticiasemdestaque.com\/cd\/?p=45333\" \/>\n<meta property=\"og:site_name\" content=\"Not&iacute;cias em Destaque\" \/>\n<meta property=\"article:published_time\" content=\"2023-01-09T18:33:41+00:00\" \/>\n<meta property=\"og:image\" content=\"https:\/\/noticiasemdestaque.com\/cd\/wp-content\/uploads\/2023\/01\/sirene-policia-viatura-786x523-786x523-1.jpg\" \/>\n\t<meta property=\"og:image:width\" content=\"786\" \/>\n\t<meta property=\"og:image:height\" content=\"523\" \/>\n\t<meta property=\"og:image:type\" content=\"image\/jpeg\" \/>\n<meta name=\"author\" content=\"Not\u00edcias em Destaque\" \/>\n<meta name=\"twitter:card\" content=\"summary_large_image\" \/>\n<meta name=\"twitter:label1\" content=\"Escrito por\" \/>\n\t<meta name=\"twitter:data1\" content=\"Not\u00edcias em Destaque\" \/>\n\t<meta name=\"twitter:label2\" content=\"Est. tempo de leitura\" \/>\n\t<meta name=\"twitter:data2\" content=\"1 minuto\" \/>\n<script type=\"application\/ld+json\" class=\"yoast-schema-graph\">{\"@context\":\"https:\/\/schema.org\",\"@graph\":[{\"@type\":\"Article\",\"@id\":\"https:\/\/noticiasemdestaque.com\/cd\/?p=45333#article\",\"isPartOf\":{\"@id\":\"https:\/\/noticiasemdestaque.com\/cd\/?p=45333\"},\"author\":{\"name\":\"Not\u00edcias em Destaque\",\"@id\":\"https:\/\/noticiasemdestaque.com\/cd\/#\/schema\/person\/47f7d4f55eec17c6b2ca036c5500f6ce\"},\"headline\":\"Comerciante monteirense tem gado furtado de fazenda em Monteiro\",\"datePublished\":\"2023-01-09T18:33:41+00:00\",\"mainEntityOfPage\":{\"@id\":\"https:\/\/noticiasemdestaque.com\/cd\/?p=45333\"},\"wordCount\":144,\"publisher\":{\"@id\":\"https:\/\/noticiasemdestaque.com\/cd\/#organization\"},\"image\":{\"@id\":\"https:\/\/noticiasemdestaque.com\/cd\/?p=45333#primaryimage\"},\"thumbnailUrl\":\"https:\/\/noticiasemdestaque.com\/cd\/wp-content\/uploads\/2023\/01\/sirene-policia-viatura-786x523-786x523-1.jpg\",\"articleSection\":[\"Pol\u00edcia\"],\"inLanguage\":\"pt-BR\"},{\"@type\":\"WebPage\",\"@id\":\"https:\/\/noticiasemdestaque.com\/cd\/?p=45333\",\"url\":\"https:\/\/noticiasemdestaque.com\/cd\/?p=45333\",\"name\":\"Comerciante monteirense tem gado furtado de fazenda em Monteiro - Not&iacute;cias em Destaque\",\"isPartOf\":{\"@id\":\"https:\/\/noticiasemdestaque.com\/cd\/#website\"},\"primaryImageOfPage\":{\"@id\":\"https:\/\/noticiasemdestaque.com\/cd\/?p=45333#primaryimage\"},\"image\":{\"@id\":\"https:\/\/noticiasemdestaque.com\/cd\/?p=45333#primaryimage\"},\"thumbnailUrl\":\"https:\/\/noticiasemdestaque.com\/cd\/wp-content\/uploads\/2023\/01\/sirene-policia-viatura-786x523-786x523-1.jpg\",\"datePublished\":\"2023-01-09T18:33:41+00:00\",\"breadcrumb\":{\"@id\":\"https:\/\/noticiasemdestaque.com\/cd\/?p=45333#breadcrumb\"},\"inLanguage\":\"pt-BR\",\"potentialAction\":[{\"@type\":\"ReadAction\",\"target\":[\"https:\/\/noticiasemdestaque.com\/cd\/?p=45333\"]}]},{\"@type\":\"ImageObject\",\"inLanguage\":\"pt-BR\",\"@id\":\"https:\/\/noticiasemdestaque.com\/cd\/?p=45333#primaryimage\",\"url\":\"https:\/\/noticiasemdestaque.com\/cd\/wp-content\/uploads\/2023\/01\/sirene-policia-viatura-786x523-786x523-1.jpg\",\"contentUrl\":\"https:\/\/noticiasemdestaque.com\/cd\/wp-content\/uploads\/2023\/01\/sirene-policia-viatura-786x523-786x523-1.jpg\",\"width\":786,\"height\":523},{\"@type\":\"BreadcrumbList\",\"@id\":\"https:\/\/noticiasemdestaque.com\/cd\/?p=45333#breadcrumb\",\"itemListElement\":[{\"@type\":\"ListItem\",\"position\":1,\"name\":\"In\u00edcio\",\"item\":\"https:\/\/noticiasemdestaque.com\/cd\/\"},{\"@type\":\"ListItem\",\"position\":2,\"name\":\"Comerciante monteirense tem gado furtado de fazenda em Monteiro\"}]},{\"@type\":\"WebSite\",\"@id\":\"https:\/\/noticiasemdestaque.com\/cd\/#website\",\"url\":\"https:\/\/noticiasemdestaque.com\/cd\/\",\"name\":\"Not&iacute;cias em Destaque\",\"description\":\"\",\"publisher\":{\"@id\":\"https:\/\/noticiasemdestaque.com\/cd\/#organization\"},\"potentialAction\":[{\"@type\":\"SearchAction\",\"target\":{\"@type\":\"EntryPoint\",\"urlTemplate\":\"https:\/\/noticiasemdestaque.com\/cd\/?s={search_term_string}\"},\"query-input\":{\"@type\":\"PropertyValueSpecification\",\"valueRequired\":true,\"valueName\":\"search_term_string\"}}],\"inLanguage\":\"pt-BR\"},{\"@type\":\"Organization\",\"@id\":\"https:\/\/noticiasemdestaque.com\/cd\/#organization\",\"name\":\"Not\u00edcias em Destaque\",\"url\":\"https:\/\/noticiasemdestaque.com\/cd\/\",\"logo\":{\"@type\":\"ImageObject\",\"inLanguage\":\"pt-BR\",\"@id\":\"https:\/\/noticiasemdestaque.com\/cd\/#\/schema\/logo\/image\/\",\"url\":\"https:\/\/noticiasemdestaque.com\/cd\/wp-content\/uploads\/2022\/05\/imagem-base-noticiasemdestaque.png\",\"contentUrl\":\"https:\/\/noticiasemdestaque.com\/cd\/wp-content\/uploads\/2022\/05\/imagem-base-noticiasemdestaque.png\",\"width\":1200,\"height\":630,\"caption\":\"Not\u00edcias em Destaque\"},\"image\":{\"@id\":\"https:\/\/noticiasemdestaque.com\/cd\/#\/schema\/logo\/image\/\"}},{\"@type\":\"Person\",\"@id\":\"https:\/\/noticiasemdestaque.com\/cd\/#\/schema\/person\/47f7d4f55eec17c6b2ca036c5500f6ce\",\"name\":\"Not\u00edcias em Destaque\",\"url\":\"https:\/\/noticiasemdestaque.com\/cd\/?author=2\"}]}<\/script>\n<!-- \/ Yoast SEO plugin. -->","yoast_head_json":{"title":"Comerciante monteirense tem gado furtado de fazenda em Monteiro - Not&iacute;cias em Destaque","robots":{"index":"index","follow":"follow","max-snippet":"max-snippet:-1","max-image-preview":"max-image-preview:large","max-video-preview":"max-video-preview:-1"},"canonical":"https:\/\/noticiasemdestaque.com\/cd\/?p=45333","og_locale":"pt_BR","og_type":"article","og_title":"Comerciante monteirense tem gado furtado de fazenda em Monteiro - Not&iacute;cias em Destaque","og_description":"Um comerciante monteirense teve uma supressa nada agrad\u00e1vel nas primeiras horas da manh\u00e3 desta segunda-feira (09) em Monteiro, quando percebeu que criminosos tinham furtado alguns animais de sua fazenda. De acordo com informa\u00e7\u00f5es, ao chegar na fazenda localizada na entrada do munic\u00edpio na sa\u00edda para Campina Grande, o empres\u00e1rio percebeu que tinham tentado arrombar a porteira de acesso, logo depois percebeu que os arrames da cerca haviam sido cortados e que alguns amimais do seu rebanho haviam sido furtados, ainda n\u00e3o se sabe ao certo quantos animais foram levados. &nbsp; O empres\u00e1rio disponibilizou a marca do ferro que seu gado \u00e9 marcado para ajudar na localiza\u00e7\u00e3o do animais. O caso deve ser registrado na delegacia\u00a0de Pol\u00edcia Civil de Monteiro, onde ser\u00e1 investigado. Noticias em Destaque Fonte: OPIPOCO","og_url":"https:\/\/noticiasemdestaque.com\/cd\/?p=45333","og_site_name":"Not&iacute;cias em Destaque","article_published_time":"2023-01-09T18:33:41+00:00","og_image":[{"width":786,"height":523,"url":"https:\/\/noticiasemdestaque.com\/cd\/wp-content\/uploads\/2023\/01\/sirene-policia-viatura-786x523-786x523-1.jpg","type":"image\/jpeg"}],"author":"Not\u00edcias em Destaque","twitter_card":"summary_large_image","twitter_misc":{"Escrito por":"Not\u00edcias em Destaque","Est. tempo de leitura":"1 minuto"},"schema":{"@context":"https:\/\/schema.org","@graph":[{"@type":"Article","@id":"https:\/\/noticiasemdestaque.com\/cd\/?p=45333#article","isPartOf":{"@id":"https:\/\/noticiasemdestaque.com\/cd\/?p=45333"},"author":{"name":"Not\u00edcias em Destaque","@id":"https:\/\/noticiasemdestaque.com\/cd\/#\/schema\/person\/47f7d4f55eec17c6b2ca036c5500f6ce"},"headline":"Comerciante monteirense tem gado furtado de fazenda em Monteiro","datePublished":"2023-01-09T18:33:41+00:00","mainEntityOfPage":{"@id":"https:\/\/noticiasemdestaque.com\/cd\/?p=45333"},"wordCount":144,"publisher":{"@id":"https:\/\/noticiasemdestaque.com\/cd\/#organization"},"image":{"@id":"https:\/\/noticiasemdestaque.com\/cd\/?p=45333#primaryimage"},"thumbnailUrl":"https:\/\/noticiasemdestaque.com\/cd\/wp-content\/uploads\/2023\/01\/sirene-policia-viatura-786x523-786x523-1.jpg","articleSection":["Pol\u00edcia"],"inLanguage":"pt-BR"},{"@type":"WebPage","@id":"https:\/\/noticiasemdestaque.com\/cd\/?p=45333","url":"https:\/\/noticiasemdestaque.com\/cd\/?p=45333","name":"Comerciante monteirense tem gado furtado de fazenda em Monteiro - Not&iacute;cias em Destaque","isPartOf":{"@id":"https:\/\/noticiasemdestaque.com\/cd\/#website"},"primaryImageOfPage":{"@id":"https:\/\/noticiasemdestaque.com\/cd\/?p=45333#primaryimage"},"image":{"@id":"https:\/\/noticiasemdestaque.com\/cd\/?p=45333#primaryimage"},"thumbnailUrl":"https:\/\/noticiasemdestaque.com\/cd\/wp-content\/uploads\/2023\/01\/sirene-policia-viatura-786x523-786x523-1.jpg","datePublished":"2023-01-09T18:33:41+00:00","breadcrumb":{"@id":"https:\/\/noticiasemdestaque.com\/cd\/?p=45333#breadcrumb"},"inLanguage":"pt-BR","potentialAction":[{"@type":"ReadAction","target":["https:\/\/noticiasemdestaque.com\/cd\/?p=45333"]}]},{"@type":"ImageObject","inLanguage":"pt-BR","@id":"https:\/\/noticiasemdestaque.com\/cd\/?p=45333#primaryimage","url":"https:\/\/noticiasemdestaque.com\/cd\/wp-content\/uploads\/2023\/01\/sirene-policia-viatura-786x523-786x523-1.jpg","contentUrl":"https:\/\/noticiasemdestaque.com\/cd\/wp-content\/uploads\/2023\/01\/sirene-policia-viatura-786x523-786x523-1.jpg","width":786,"height":523},{"@type":"BreadcrumbList","@id":"https:\/\/noticiasemdestaque.com\/cd\/?p=45333#breadcrumb","itemListElement":[{"@type":"ListItem","position":1,"name":"In\u00edcio","item":"https:\/\/noticiasemdestaque.com\/cd\/"},{"@type":"ListItem","position":2,"name":"Comerciante monteirense tem gado furtado de fazenda em Monteiro"}]},{"@type":"WebSite","@id":"https:\/\/noticiasemdestaque.com\/cd\/#website","url":"https:\/\/noticiasemdestaque.com\/cd\/","name":"Not&iacute;cias em Destaque","description":"","publisher":{"@id":"https:\/\/noticiasemdestaque.com\/cd\/#organization"},"potentialAction":[{"@type":"SearchAction","target":{"@type":"EntryPoint","urlTemplate":"https:\/\/noticiasemdestaque.com\/cd\/?s={search_term_string}"},"query-input":{"@type":"PropertyValueSpecification","valueRequired":true,"valueName":"search_term_string"}}],"inLanguage":"pt-BR"},{"@type":"Organization","@id":"https:\/\/noticiasemdestaque.com\/cd\/#organization","name":"Not\u00edcias em Destaque","url":"https:\/\/noticiasemdestaque.com\/cd\/","logo":{"@type":"ImageObject","inLanguage":"pt-BR","@id":"https:\/\/noticiasemdestaque.com\/cd\/#\/schema\/logo\/image\/","url":"https:\/\/noticiasemdestaque.com\/cd\/wp-content\/uploads\/2022\/05\/imagem-base-noticiasemdestaque.png","contentUrl":"https:\/\/noticiasemdestaque.com\/cd\/wp-content\/uploads\/2022\/05\/imagem-base-noticiasemdestaque.png","width":1200,"height":630,"caption":"Not\u00edcias em Destaque"},"image":{"@id":"https:\/\/noticiasemdestaque.com\/cd\/#\/schema\/logo\/image\/"}},{"@type":"Person","@id":"https:\/\/noticiasemdestaque.com\/cd\/#\/schema\/person\/47f7d4f55eec17c6b2ca036c5500f6ce","name":"Not\u00edcias em Destaque","url":"https:\/\/noticiasemdestaque.com\/cd\/?author=2"}]}},"jetpack_featured_media_url":"https:\/\/noticiasemdestaque.com\/cd\/wp-content\/uploads\/2023\/01\/sirene-policia-viatura-786x523-786x523-1.jpg","jetpack_sharing_enabled":true,"_links":{"self":[{"href":"https:\/\/noticiasemdestaque.com\/cd\/index.php?rest_route=\/wp\/v2\/posts\/45333","targetHints":{"allow":["GET"]}}],"collection":[{"href":"https:\/\/noticiasemdestaque.com\/cd\/index.php?rest_route=\/wp\/v2\/posts"}],"about":[{"href":"https:\/\/noticiasemdestaque.com\/cd\/index.php?rest_route=\/wp\/v2\/types\/post"}],"author":[{"embeddable":true,"href":"https:\/\/noticiasemdestaque.com\/cd\/index.php?rest_route=\/wp\/v2\/users\/2"}],"replies":[{"embeddable":true,"href":"https:\/\/noticiasemdestaque.com\/cd\/index.php?rest_route=%2Fwp%2Fv2%2Fcomments&post=45333"}],"version-history":[{"count":1,"href":"https:\/\/noticiasemdestaque.com\/cd\/index.php?rest_route=\/wp\/v2\/posts\/45333\/revisions"}],"predecessor-version":[{"id":45334,"href":"https:\/\/noticiasemdestaque.com\/cd\/index.php?rest_route=\/wp\/v2\/posts\/45333\/revisions\/45334"}],"wp:featuredmedia":[{"embeddable":true,"href":"https:\/\/noticiasemdestaque.com\/cd\/index.php?rest_route=\/wp\/v2\/media\/45331"}],"wp:attachment":[{"href":"https:\/\/noticiasemdestaque.com\/cd\/index.php?rest_route=%2Fwp%2Fv2%2Fmedia&parent=45333"}],"wp:term":[{"taxonomy":"category","embeddable":true,"href":"https:\/\/noticiasemdestaque.com\/cd\/index.php?rest_route=%2Fwp%2Fv2%2Fcategories&post=45333"},{"taxonomy":"post_tag","embeddable":true,"href":"https:\/\/noticiasemdestaque.com\/cd\/index.php?rest_route=%2Fwp%2Fv2%2Ftags&post=45333"}],"curies":[{"name":"wp","href":"https:\/\/api.w.org\/{rel}","templated":true}]}}