{"id":45329,"date":"2023-01-09T11:15:32","date_gmt":"2023-01-09T14:15:32","guid":{"rendered":"https:\/\/noticiasemdestaque.com\/cd\/?p=45329"},"modified":"2023-01-09T11:15:32","modified_gmt":"2023-01-09T14:15:32","slug":"no-cariri-corpo-de-adolescente-de-17-anos-e-encontrado-morto-com-marca-de-tiro-na-cabeca","status":"publish","type":"post","link":"https:\/\/noticiasemdestaque.com\/cd\/?p=45329","title":{"rendered":"NO CARIRI: Corpo de adolescente de 17 anos \u00e9 encontrado morto com marca de tiro na cabe\u00e7a"},"content":{"rendered":"<p><a href=\"https:\/\/noticiasemdestaque.com\/cd\/wp-content\/uploads\/2023\/01\/sirene-policia-viatura-786x523-786x523-1.jpg\"><img fetchpriority=\"high\" decoding=\"async\" class=\"wp-image-45331 aligncenter\" src=\"https:\/\/noticiasemdestaque.com\/cd\/wp-content\/uploads\/2023\/01\/sirene-policia-viatura-786x523-786x523-1-300x200.jpg\" alt=\"\" width=\"701\" height=\"468\" srcset=\"https:\/\/noticiasemdestaque.com\/cd\/wp-content\/uploads\/2023\/01\/sirene-policia-viatura-786x523-786x523-1-300x200.jpg 300w, https:\/\/noticiasemdestaque.com\/cd\/wp-content\/uploads\/2023\/01\/sirene-policia-viatura-786x523-786x523-1-18x12.jpg 18w\" sizes=\"(max-width: 701px) 100vw, 701px\" \/><\/a><\/p>\n<p>Na manh\u00e3 deste domingo (8), um corpo de um adolescente de 17 anos foi encontrado morto nas proximidades do s\u00edtio Serrinha, zona rural de Assun\u00e7\u00e3o, na regi\u00e3o do Cariri paraibano.<\/p>\n<p>De acordo com informa\u00e7\u00f5es chegadas ao portal De Olho no Cariri, a v\u00edtima foi identificado por Vald\u00e9cio Joaquin da Silva. O adolescente estava desaparecido desde a \u00faltima sexta-feira, e neste domingo seu corpo foi encontrado, com marca de tiro na regi\u00e3o da cabe\u00e7a.<\/p>\n<p>At\u00e9 o fechamento desta mat\u00e9ria, nenhum suspeito pelo crime havia sido preso.<\/p>\n<p><strong>Noticias em Destaque<\/strong><\/p>\n<p style=\"text-align: right;\"><em>Fonte: De Olho no Cariri<\/em><\/p>\n","protected":false},"excerpt":{"rendered":"<p>Na manh\u00e3 deste domingo (8), um corpo de um adolescente de 17 anos foi encontrado morto nas proximidades do s\u00edtio Serrinha, zona rural de Assun\u00e7\u00e3o, na regi\u00e3o do Cariri paraibano. De acordo com informa\u00e7\u00f5es chegadas ao portal De Olho no Cariri, a v\u00edtima foi identificado por Vald\u00e9cio Joaquin da Silva. O adolescente estava desaparecido desde a \u00faltima sexta-feira, e neste domingo seu corpo foi encontrado, com marca de tiro na regi\u00e3o da cabe\u00e7a. At\u00e9 o fechamento desta mat\u00e9ria, nenhum suspeito pelo crime havia sido preso. Noticias em Destaque Fonte: De Olho no Cariri<\/p>\n","protected":false},"author":2,"featured_media":45331,"comment_status":"closed","ping_status":"open","sticky":false,"template":"","format":"standard","meta":{"_eb_attr":"","_jetpack_memberships_contains_paid_content":false,"footnotes":""},"categories":[20],"tags":[],"class_list":["post-45329","post","type-post","status-publish","format-standard","has-post-thumbnail","hentry","category-policia"],"yoast_head":"<!-- This site is optimized with the Yoast SEO plugin v26.5 - https:\/\/yoast.com\/wordpress\/plugins\/seo\/ -->\n<title>NO CARIRI: Corpo de adolescente de 17 anos \u00e9 encontrado morto com marca de tiro na cabe\u00e7a - Not&iacute;cias em Destaque<\/title>\n<meta name=\"robots\" content=\"index, follow, max-snippet:-1, max-image-preview:large, max-video-preview:-1\" \/>\n<link rel=\"canonical\" href=\"https:\/\/noticiasemdestaque.com\/cd\/?p=45329\" \/>\n<meta property=\"og:locale\" content=\"pt_BR\" \/>\n<meta property=\"og:type\" content=\"article\" \/>\n<meta property=\"og:title\" content=\"NO CARIRI: Corpo de adolescente de 17 anos \u00e9 encontrado morto com marca de tiro na cabe\u00e7a - Not&iacute;cias em Destaque\" \/>\n<meta property=\"og:description\" content=\"Na manh\u00e3 deste domingo (8), um corpo de um adolescente de 17 anos foi encontrado morto nas proximidades do s\u00edtio Serrinha, zona rural de Assun\u00e7\u00e3o, na regi\u00e3o do Cariri paraibano. De acordo com informa\u00e7\u00f5es chegadas ao portal De Olho no Cariri, a v\u00edtima foi identificado por Vald\u00e9cio Joaquin da Silva. O adolescente estava desaparecido desde a \u00faltima sexta-feira, e neste domingo seu corpo foi encontrado, com marca de tiro na regi\u00e3o da cabe\u00e7a. At\u00e9 o fechamento desta mat\u00e9ria, nenhum suspeito pelo crime havia sido preso. Noticias em Destaque Fonte: De Olho no Cariri\" \/>\n<meta property=\"og:url\" content=\"https:\/\/noticiasemdestaque.com\/cd\/?p=45329\" \/>\n<meta property=\"og:site_name\" content=\"Not&iacute;cias em Destaque\" \/>\n<meta property=\"article:published_time\" content=\"2023-01-09T14:15:32+00:00\" \/>\n<meta property=\"og:image\" content=\"https:\/\/noticiasemdestaque.com\/cd\/wp-content\/uploads\/2023\/01\/sirene-policia-viatura-786x523-786x523-1.jpg\" \/>\n\t<meta property=\"og:image:width\" content=\"786\" \/>\n\t<meta property=\"og:image:height\" content=\"523\" \/>\n\t<meta property=\"og:image:type\" content=\"image\/jpeg\" \/>\n<meta name=\"author\" content=\"Not\u00edcias em Destaque\" \/>\n<meta name=\"twitter:card\" content=\"summary_large_image\" \/>\n<meta name=\"twitter:label1\" content=\"Escrito por\" \/>\n\t<meta name=\"twitter:data1\" content=\"Not\u00edcias em Destaque\" \/>\n\t<meta name=\"twitter:label2\" content=\"Est. tempo de leitura\" \/>\n\t<meta name=\"twitter:data2\" content=\"1 minuto\" \/>\n<script type=\"application\/ld+json\" class=\"yoast-schema-graph\">{\"@context\":\"https:\/\/schema.org\",\"@graph\":[{\"@type\":\"Article\",\"@id\":\"https:\/\/noticiasemdestaque.com\/cd\/?p=45329#article\",\"isPartOf\":{\"@id\":\"https:\/\/noticiasemdestaque.com\/cd\/?p=45329\"},\"author\":{\"name\":\"Not\u00edcias em Destaque\",\"@id\":\"https:\/\/noticiasemdestaque.com\/cd\/#\/schema\/person\/47f7d4f55eec17c6b2ca036c5500f6ce\"},\"headline\":\"NO CARIRI: Corpo de adolescente de 17 anos \u00e9 encontrado morto com marca de tiro na cabe\u00e7a\",\"datePublished\":\"2023-01-09T14:15:32+00:00\",\"mainEntityOfPage\":{\"@id\":\"https:\/\/noticiasemdestaque.com\/cd\/?p=45329\"},\"wordCount\":116,\"publisher\":{\"@id\":\"https:\/\/noticiasemdestaque.com\/cd\/#organization\"},\"image\":{\"@id\":\"https:\/\/noticiasemdestaque.com\/cd\/?p=45329#primaryimage\"},\"thumbnailUrl\":\"https:\/\/noticiasemdestaque.com\/cd\/wp-content\/uploads\/2023\/01\/sirene-policia-viatura-786x523-786x523-1.jpg\",\"articleSection\":[\"Pol\u00edcia\"],\"inLanguage\":\"pt-BR\"},{\"@type\":\"WebPage\",\"@id\":\"https:\/\/noticiasemdestaque.com\/cd\/?p=45329\",\"url\":\"https:\/\/noticiasemdestaque.com\/cd\/?p=45329\",\"name\":\"NO CARIRI: Corpo de adolescente de 17 anos \u00e9 encontrado morto com marca de tiro na cabe\u00e7a - Not&iacute;cias em Destaque\",\"isPartOf\":{\"@id\":\"https:\/\/noticiasemdestaque.com\/cd\/#website\"},\"primaryImageOfPage\":{\"@id\":\"https:\/\/noticiasemdestaque.com\/cd\/?p=45329#primaryimage\"},\"image\":{\"@id\":\"https:\/\/noticiasemdestaque.com\/cd\/?p=45329#primaryimage\"},\"thumbnailUrl\":\"https:\/\/noticiasemdestaque.com\/cd\/wp-content\/uploads\/2023\/01\/sirene-policia-viatura-786x523-786x523-1.jpg\",\"datePublished\":\"2023-01-09T14:15:32+00:00\",\"breadcrumb\":{\"@id\":\"https:\/\/noticiasemdestaque.com\/cd\/?p=45329#breadcrumb\"},\"inLanguage\":\"pt-BR\",\"potentialAction\":[{\"@type\":\"ReadAction\",\"target\":[\"https:\/\/noticiasemdestaque.com\/cd\/?p=45329\"]}]},{\"@type\":\"ImageObject\",\"inLanguage\":\"pt-BR\",\"@id\":\"https:\/\/noticiasemdestaque.com\/cd\/?p=45329#primaryimage\",\"url\":\"https:\/\/noticiasemdestaque.com\/cd\/wp-content\/uploads\/2023\/01\/sirene-policia-viatura-786x523-786x523-1.jpg\",\"contentUrl\":\"https:\/\/noticiasemdestaque.com\/cd\/wp-content\/uploads\/2023\/01\/sirene-policia-viatura-786x523-786x523-1.jpg\",\"width\":786,\"height\":523},{\"@type\":\"BreadcrumbList\",\"@id\":\"https:\/\/noticiasemdestaque.com\/cd\/?p=45329#breadcrumb\",\"itemListElement\":[{\"@type\":\"ListItem\",\"position\":1,\"name\":\"In\u00edcio\",\"item\":\"https:\/\/noticiasemdestaque.com\/cd\/\"},{\"@type\":\"ListItem\",\"position\":2,\"name\":\"NO CARIRI: Corpo de adolescente de 17 anos \u00e9 encontrado morto com marca de tiro na cabe\u00e7a\"}]},{\"@type\":\"WebSite\",\"@id\":\"https:\/\/noticiasemdestaque.com\/cd\/#website\",\"url\":\"https:\/\/noticiasemdestaque.com\/cd\/\",\"name\":\"Not&iacute;cias em Destaque\",\"description\":\"\",\"publisher\":{\"@id\":\"https:\/\/noticiasemdestaque.com\/cd\/#organization\"},\"potentialAction\":[{\"@type\":\"SearchAction\",\"target\":{\"@type\":\"EntryPoint\",\"urlTemplate\":\"https:\/\/noticiasemdestaque.com\/cd\/?s={search_term_string}\"},\"query-input\":{\"@type\":\"PropertyValueSpecification\",\"valueRequired\":true,\"valueName\":\"search_term_string\"}}],\"inLanguage\":\"pt-BR\"},{\"@type\":\"Organization\",\"@id\":\"https:\/\/noticiasemdestaque.com\/cd\/#organization\",\"name\":\"Not\u00edcias em Destaque\",\"url\":\"https:\/\/noticiasemdestaque.com\/cd\/\",\"logo\":{\"@type\":\"ImageObject\",\"inLanguage\":\"pt-BR\",\"@id\":\"https:\/\/noticiasemdestaque.com\/cd\/#\/schema\/logo\/image\/\",\"url\":\"https:\/\/noticiasemdestaque.com\/cd\/wp-content\/uploads\/2022\/05\/imagem-base-noticiasemdestaque.png\",\"contentUrl\":\"https:\/\/noticiasemdestaque.com\/cd\/wp-content\/uploads\/2022\/05\/imagem-base-noticiasemdestaque.png\",\"width\":1200,\"height\":630,\"caption\":\"Not\u00edcias em Destaque\"},\"image\":{\"@id\":\"https:\/\/noticiasemdestaque.com\/cd\/#\/schema\/logo\/image\/\"}},{\"@type\":\"Person\",\"@id\":\"https:\/\/noticiasemdestaque.com\/cd\/#\/schema\/person\/47f7d4f55eec17c6b2ca036c5500f6ce\",\"name\":\"Not\u00edcias em Destaque\",\"url\":\"https:\/\/noticiasemdestaque.com\/cd\/?author=2\"}]}<\/script>\n<!-- \/ Yoast SEO plugin. -->","yoast_head_json":{"title":"NO CARIRI: Corpo de adolescente de 17 anos \u00e9 encontrado morto com marca de tiro na cabe\u00e7a - Not&iacute;cias em Destaque","robots":{"index":"index","follow":"follow","max-snippet":"max-snippet:-1","max-image-preview":"max-image-preview:large","max-video-preview":"max-video-preview:-1"},"canonical":"https:\/\/noticiasemdestaque.com\/cd\/?p=45329","og_locale":"pt_BR","og_type":"article","og_title":"NO CARIRI: Corpo de adolescente de 17 anos \u00e9 encontrado morto com marca de tiro na cabe\u00e7a - Not&iacute;cias em Destaque","og_description":"Na manh\u00e3 deste domingo (8), um corpo de um adolescente de 17 anos foi encontrado morto nas proximidades do s\u00edtio Serrinha, zona rural de Assun\u00e7\u00e3o, na regi\u00e3o do Cariri paraibano. De acordo com informa\u00e7\u00f5es chegadas ao portal De Olho no Cariri, a v\u00edtima foi identificado por Vald\u00e9cio Joaquin da Silva. O adolescente estava desaparecido desde a \u00faltima sexta-feira, e neste domingo seu corpo foi encontrado, com marca de tiro na regi\u00e3o da cabe\u00e7a. At\u00e9 o fechamento desta mat\u00e9ria, nenhum suspeito pelo crime havia sido preso. Noticias em Destaque Fonte: De Olho no Cariri","og_url":"https:\/\/noticiasemdestaque.com\/cd\/?p=45329","og_site_name":"Not&iacute;cias em Destaque","article_published_time":"2023-01-09T14:15:32+00:00","og_image":[{"width":786,"height":523,"url":"https:\/\/noticiasemdestaque.com\/cd\/wp-content\/uploads\/2023\/01\/sirene-policia-viatura-786x523-786x523-1.jpg","type":"image\/jpeg"}],"author":"Not\u00edcias em Destaque","twitter_card":"summary_large_image","twitter_misc":{"Escrito por":"Not\u00edcias em Destaque","Est. tempo de leitura":"1 minuto"},"schema":{"@context":"https:\/\/schema.org","@graph":[{"@type":"Article","@id":"https:\/\/noticiasemdestaque.com\/cd\/?p=45329#article","isPartOf":{"@id":"https:\/\/noticiasemdestaque.com\/cd\/?p=45329"},"author":{"name":"Not\u00edcias em Destaque","@id":"https:\/\/noticiasemdestaque.com\/cd\/#\/schema\/person\/47f7d4f55eec17c6b2ca036c5500f6ce"},"headline":"NO CARIRI: Corpo de adolescente de 17 anos \u00e9 encontrado morto com marca de tiro na cabe\u00e7a","datePublished":"2023-01-09T14:15:32+00:00","mainEntityOfPage":{"@id":"https:\/\/noticiasemdestaque.com\/cd\/?p=45329"},"wordCount":116,"publisher":{"@id":"https:\/\/noticiasemdestaque.com\/cd\/#organization"},"image":{"@id":"https:\/\/noticiasemdestaque.com\/cd\/?p=45329#primaryimage"},"thumbnailUrl":"https:\/\/noticiasemdestaque.com\/cd\/wp-content\/uploads\/2023\/01\/sirene-policia-viatura-786x523-786x523-1.jpg","articleSection":["Pol\u00edcia"],"inLanguage":"pt-BR"},{"@type":"WebPage","@id":"https:\/\/noticiasemdestaque.com\/cd\/?p=45329","url":"https:\/\/noticiasemdestaque.com\/cd\/?p=45329","name":"NO CARIRI: Corpo de adolescente de 17 anos \u00e9 encontrado morto com marca de tiro na cabe\u00e7a - Not&iacute;cias em Destaque","isPartOf":{"@id":"https:\/\/noticiasemdestaque.com\/cd\/#website"},"primaryImageOfPage":{"@id":"https:\/\/noticiasemdestaque.com\/cd\/?p=45329#primaryimage"},"image":{"@id":"https:\/\/noticiasemdestaque.com\/cd\/?p=45329#primaryimage"},"thumbnailUrl":"https:\/\/noticiasemdestaque.com\/cd\/wp-content\/uploads\/2023\/01\/sirene-policia-viatura-786x523-786x523-1.jpg","datePublished":"2023-01-09T14:15:32+00:00","breadcrumb":{"@id":"https:\/\/noticiasemdestaque.com\/cd\/?p=45329#breadcrumb"},"inLanguage":"pt-BR","potentialAction":[{"@type":"ReadAction","target":["https:\/\/noticiasemdestaque.com\/cd\/?p=45329"]}]},{"@type":"ImageObject","inLanguage":"pt-BR","@id":"https:\/\/noticiasemdestaque.com\/cd\/?p=45329#primaryimage","url":"https:\/\/noticiasemdestaque.com\/cd\/wp-content\/uploads\/2023\/01\/sirene-policia-viatura-786x523-786x523-1.jpg","contentUrl":"https:\/\/noticiasemdestaque.com\/cd\/wp-content\/uploads\/2023\/01\/sirene-policia-viatura-786x523-786x523-1.jpg","width":786,"height":523},{"@type":"BreadcrumbList","@id":"https:\/\/noticiasemdestaque.com\/cd\/?p=45329#breadcrumb","itemListElement":[{"@type":"ListItem","position":1,"name":"In\u00edcio","item":"https:\/\/noticiasemdestaque.com\/cd\/"},{"@type":"ListItem","position":2,"name":"NO CARIRI: Corpo de adolescente de 17 anos \u00e9 encontrado morto com marca de tiro na cabe\u00e7a"}]},{"@type":"WebSite","@id":"https:\/\/noticiasemdestaque.com\/cd\/#website","url":"https:\/\/noticiasemdestaque.com\/cd\/","name":"Not&iacute;cias em Destaque","description":"","publisher":{"@id":"https:\/\/noticiasemdestaque.com\/cd\/#organization"},"potentialAction":[{"@type":"SearchAction","target":{"@type":"EntryPoint","urlTemplate":"https:\/\/noticiasemdestaque.com\/cd\/?s={search_term_string}"},"query-input":{"@type":"PropertyValueSpecification","valueRequired":true,"valueName":"search_term_string"}}],"inLanguage":"pt-BR"},{"@type":"Organization","@id":"https:\/\/noticiasemdestaque.com\/cd\/#organization","name":"Not\u00edcias em Destaque","url":"https:\/\/noticiasemdestaque.com\/cd\/","logo":{"@type":"ImageObject","inLanguage":"pt-BR","@id":"https:\/\/noticiasemdestaque.com\/cd\/#\/schema\/logo\/image\/","url":"https:\/\/noticiasemdestaque.com\/cd\/wp-content\/uploads\/2022\/05\/imagem-base-noticiasemdestaque.png","contentUrl":"https:\/\/noticiasemdestaque.com\/cd\/wp-content\/uploads\/2022\/05\/imagem-base-noticiasemdestaque.png","width":1200,"height":630,"caption":"Not\u00edcias em Destaque"},"image":{"@id":"https:\/\/noticiasemdestaque.com\/cd\/#\/schema\/logo\/image\/"}},{"@type":"Person","@id":"https:\/\/noticiasemdestaque.com\/cd\/#\/schema\/person\/47f7d4f55eec17c6b2ca036c5500f6ce","name":"Not\u00edcias em Destaque","url":"https:\/\/noticiasemdestaque.com\/cd\/?author=2"}]}},"jetpack_featured_media_url":"https:\/\/noticiasemdestaque.com\/cd\/wp-content\/uploads\/2023\/01\/sirene-policia-viatura-786x523-786x523-1.jpg","jetpack_sharing_enabled":true,"_links":{"self":[{"href":"https:\/\/noticiasemdestaque.com\/cd\/index.php?rest_route=\/wp\/v2\/posts\/45329","targetHints":{"allow":["GET"]}}],"collection":[{"href":"https:\/\/noticiasemdestaque.com\/cd\/index.php?rest_route=\/wp\/v2\/posts"}],"about":[{"href":"https:\/\/noticiasemdestaque.com\/cd\/index.php?rest_route=\/wp\/v2\/types\/post"}],"author":[{"embeddable":true,"href":"https:\/\/noticiasemdestaque.com\/cd\/index.php?rest_route=\/wp\/v2\/users\/2"}],"replies":[{"embeddable":true,"href":"https:\/\/noticiasemdestaque.com\/cd\/index.php?rest_route=%2Fwp%2Fv2%2Fcomments&post=45329"}],"version-history":[{"count":1,"href":"https:\/\/noticiasemdestaque.com\/cd\/index.php?rest_route=\/wp\/v2\/posts\/45329\/revisions"}],"predecessor-version":[{"id":45332,"href":"https:\/\/noticiasemdestaque.com\/cd\/index.php?rest_route=\/wp\/v2\/posts\/45329\/revisions\/45332"}],"wp:featuredmedia":[{"embeddable":true,"href":"https:\/\/noticiasemdestaque.com\/cd\/index.php?rest_route=\/wp\/v2\/media\/45331"}],"wp:attachment":[{"href":"https:\/\/noticiasemdestaque.com\/cd\/index.php?rest_route=%2Fwp%2Fv2%2Fmedia&parent=45329"}],"wp:term":[{"taxonomy":"category","embeddable":true,"href":"https:\/\/noticiasemdestaque.com\/cd\/index.php?rest_route=%2Fwp%2Fv2%2Fcategories&post=45329"},{"taxonomy":"post_tag","embeddable":true,"href":"https:\/\/noticiasemdestaque.com\/cd\/index.php?rest_route=%2Fwp%2Fv2%2Ftags&post=45329"}],"curies":[{"name":"wp","href":"https:\/\/api.w.org\/{rel}","templated":true}]}}