{"id":45326,"date":"2023-01-09T10:42:23","date_gmt":"2023-01-09T13:42:23","guid":{"rendered":"https:\/\/noticiasemdestaque.com\/cd\/?p=45326"},"modified":"2023-01-09T10:42:23","modified_gmt":"2023-01-09T13:42:23","slug":"lula-se-reune-com-governadores-nesta-segunda-feira-em-brasilia","status":"publish","type":"post","link":"https:\/\/noticiasemdestaque.com\/cd\/?p=45326","title":{"rendered":"Lula se re\u00fane com governadores nesta segunda-feira em Bras\u00edlia"},"content":{"rendered":"<p><a href=\"https:\/\/noticiasemdestaque.com\/cd\/wp-content\/uploads\/2023\/01\/Design-sem-nome-39.webp\"><img fetchpriority=\"high\" decoding=\"async\" class=\"alignnone  wp-image-45327\" src=\"https:\/\/noticiasemdestaque.com\/cd\/wp-content\/uploads\/2023\/01\/Design-sem-nome-39-300x169.webp\" alt=\"\" width=\"1076\" height=\"606\" srcset=\"https:\/\/noticiasemdestaque.com\/cd\/wp-content\/uploads\/2023\/01\/Design-sem-nome-39-300x169.webp 300w, https:\/\/noticiasemdestaque.com\/cd\/wp-content\/uploads\/2023\/01\/Design-sem-nome-39-768x432.webp 768w, https:\/\/noticiasemdestaque.com\/cd\/wp-content\/uploads\/2023\/01\/Design-sem-nome-39-18x10.webp 18w, https:\/\/noticiasemdestaque.com\/cd\/wp-content\/uploads\/2023\/01\/Design-sem-nome-39.webp 800w\" sizes=\"(max-width: 1076px) 100vw, 1076px\" \/><\/a><\/p>\n<p>O presidente Luiz In\u00e1cio Lula da Silva se re\u00fane na manh\u00e3 desta segunda-feira (9) com a presidente do Supremo Tribunal Federal (STF), Rosa Weber, e deve encontrar os governadores na parte da noite. Os dois compromissos s\u00e3o previstos para o Pal\u00e1cio do Planalto.<\/p>\n<p>Parte dos governadores deve participar de forma remota.<\/p>\n<p>Os encontros ocorrem ap\u00f3s os atos violentos em Bras\u00edlia, no ataque aos Tr\u00eas Poderes,\u00a0promovidos por uma minoria de bolsonaristas radicais nas sedes dos tr\u00eas poderes da Rep\u00fablica \u2013 o Pal\u00e1cio do Planalto, o Congresso e o Supremo Tribunal Federal (STF).<\/p>\n<p>At\u00e9 o in\u00edcio da manh\u00e3, n\u00e3o havia previs\u00e3o de encontro entre Lula e os presidentes da C\u00e2mara, Arthur Lira (PP-AL), ou do Senado, Rodrigo Pacheco (PSD-MG).<\/p>\n<p>A agenda oficial do presidente da Rep\u00fablica prev\u00ea tamb\u00e9m que Lula converse por telefone, \u00e0 tarde, com o primeiro-ministro de Portugal, Ant\u00f3nio Costa; e, em seguida, com o ex-presidente dos Estados Unidos Bill Clinton. A pauta prevista para as conversas n\u00e3o foi detalhada.<\/p>\n<p><strong>Noticias em Destaque<\/strong><\/p>\n<p style=\"text-align: right;\"><em>Fonte: Mais PB<\/em><\/p>\n","protected":false},"excerpt":{"rendered":"<p>O presidente Luiz In\u00e1cio Lula da Silva se re\u00fane na manh\u00e3 desta segunda-feira (9) com a presidente do Supremo Tribunal Federal (STF), Rosa Weber, e deve encontrar os governadores na parte da noite. Os dois compromissos s\u00e3o previstos para o Pal\u00e1cio do Planalto. Parte dos governadores deve participar de forma remota. Os encontros ocorrem ap\u00f3s os atos violentos em Bras\u00edlia, no ataque aos Tr\u00eas Poderes,\u00a0promovidos por uma minoria de bolsonaristas radicais nas sedes dos tr\u00eas poderes da Rep\u00fablica \u2013 o Pal\u00e1cio do Planalto, o Congresso e o Supremo Tribunal Federal (STF). At\u00e9 o in\u00edcio da manh\u00e3, n\u00e3o havia previs\u00e3o de encontro entre Lula e os presidentes da C\u00e2mara, Arthur Lira (PP-AL), ou do Senado, Rodrigo Pacheco (PSD-MG). A agenda oficial do presidente da Rep\u00fablica prev\u00ea tamb\u00e9m que Lula converse por telefone, \u00e0 tarde, com o primeiro-ministro de Portugal, Ant\u00f3nio Costa; e, em seguida, com o ex-presidente dos Estados Unidos Bill Clinton. A pauta prevista para as conversas n\u00e3o foi detalhada. Noticias em Destaque Fonte: Mais PB<\/p>\n","protected":false},"author":2,"featured_media":45327,"comment_status":"closed","ping_status":"open","sticky":false,"template":"","format":"standard","meta":{"_eb_attr":"","_jetpack_memberships_contains_paid_content":false,"footnotes":""},"categories":[12],"tags":[],"class_list":["post-45326","post","type-post","status-publish","format-standard","has-post-thumbnail","hentry","category-geral"],"yoast_head":"<!-- This site is optimized with the Yoast SEO plugin v26.5 - https:\/\/yoast.com\/wordpress\/plugins\/seo\/ -->\n<title>Lula se re\u00fane com governadores nesta segunda-feira em Bras\u00edlia - Not&iacute;cias em Destaque<\/title>\n<meta name=\"robots\" content=\"index, follow, max-snippet:-1, max-image-preview:large, max-video-preview:-1\" \/>\n<link rel=\"canonical\" href=\"https:\/\/noticiasemdestaque.com\/cd\/?p=45326\" \/>\n<meta property=\"og:locale\" content=\"pt_BR\" \/>\n<meta property=\"og:type\" content=\"article\" \/>\n<meta property=\"og:title\" content=\"Lula se re\u00fane com governadores nesta segunda-feira em Bras\u00edlia - Not&iacute;cias em Destaque\" \/>\n<meta property=\"og:description\" content=\"O presidente Luiz In\u00e1cio Lula da Silva se re\u00fane na manh\u00e3 desta segunda-feira (9) com a presidente do Supremo Tribunal Federal (STF), Rosa Weber, e deve encontrar os governadores na parte da noite. Os dois compromissos s\u00e3o previstos para o Pal\u00e1cio do Planalto. Parte dos governadores deve participar de forma remota. Os encontros ocorrem ap\u00f3s os atos violentos em Bras\u00edlia, no ataque aos Tr\u00eas Poderes,\u00a0promovidos por uma minoria de bolsonaristas radicais nas sedes dos tr\u00eas poderes da Rep\u00fablica \u2013 o Pal\u00e1cio do Planalto, o Congresso e o Supremo Tribunal Federal (STF). At\u00e9 o in\u00edcio da manh\u00e3, n\u00e3o havia previs\u00e3o de encontro entre Lula e os presidentes da C\u00e2mara, Arthur Lira (PP-AL), ou do Senado, Rodrigo Pacheco (PSD-MG). A agenda oficial do presidente da Rep\u00fablica prev\u00ea tamb\u00e9m que Lula converse por telefone, \u00e0 tarde, com o primeiro-ministro de Portugal, Ant\u00f3nio Costa; e, em seguida, com o ex-presidente dos Estados Unidos Bill Clinton. A pauta prevista para as conversas n\u00e3o foi detalhada. Noticias em Destaque Fonte: Mais PB\" \/>\n<meta property=\"og:url\" content=\"https:\/\/noticiasemdestaque.com\/cd\/?p=45326\" \/>\n<meta property=\"og:site_name\" content=\"Not&iacute;cias em Destaque\" \/>\n<meta property=\"article:published_time\" content=\"2023-01-09T13:42:23+00:00\" \/>\n<meta property=\"og:image\" content=\"https:\/\/noticiasemdestaque.com\/cd\/wp-content\/uploads\/2023\/01\/Design-sem-nome-39.webp\" \/>\n\t<meta property=\"og:image:width\" content=\"800\" \/>\n\t<meta property=\"og:image:height\" content=\"450\" \/>\n\t<meta property=\"og:image:type\" content=\"image\/webp\" \/>\n<meta name=\"author\" content=\"Not\u00edcias em Destaque\" \/>\n<meta name=\"twitter:card\" content=\"summary_large_image\" \/>\n<meta name=\"twitter:label1\" content=\"Escrito por\" \/>\n\t<meta name=\"twitter:data1\" content=\"Not\u00edcias em Destaque\" \/>\n\t<meta name=\"twitter:label2\" content=\"Est. tempo de leitura\" \/>\n\t<meta name=\"twitter:data2\" content=\"2 minutos\" \/>\n<script type=\"application\/ld+json\" class=\"yoast-schema-graph\">{\"@context\":\"https:\/\/schema.org\",\"@graph\":[{\"@type\":\"Article\",\"@id\":\"https:\/\/noticiasemdestaque.com\/cd\/?p=45326#article\",\"isPartOf\":{\"@id\":\"https:\/\/noticiasemdestaque.com\/cd\/?p=45326\"},\"author\":{\"name\":\"Not\u00edcias em Destaque\",\"@id\":\"https:\/\/noticiasemdestaque.com\/cd\/#\/schema\/person\/47f7d4f55eec17c6b2ca036c5500f6ce\"},\"headline\":\"Lula se re\u00fane com governadores nesta segunda-feira em Bras\u00edlia\",\"datePublished\":\"2023-01-09T13:42:23+00:00\",\"mainEntityOfPage\":{\"@id\":\"https:\/\/noticiasemdestaque.com\/cd\/?p=45326\"},\"wordCount\":193,\"publisher\":{\"@id\":\"https:\/\/noticiasemdestaque.com\/cd\/#organization\"},\"image\":{\"@id\":\"https:\/\/noticiasemdestaque.com\/cd\/?p=45326#primaryimage\"},\"thumbnailUrl\":\"https:\/\/noticiasemdestaque.com\/cd\/wp-content\/uploads\/2023\/01\/Design-sem-nome-39.webp\",\"articleSection\":[\"Geral\"],\"inLanguage\":\"pt-BR\"},{\"@type\":\"WebPage\",\"@id\":\"https:\/\/noticiasemdestaque.com\/cd\/?p=45326\",\"url\":\"https:\/\/noticiasemdestaque.com\/cd\/?p=45326\",\"name\":\"Lula se re\u00fane com governadores nesta segunda-feira em Bras\u00edlia - Not&iacute;cias em Destaque\",\"isPartOf\":{\"@id\":\"https:\/\/noticiasemdestaque.com\/cd\/#website\"},\"primaryImageOfPage\":{\"@id\":\"https:\/\/noticiasemdestaque.com\/cd\/?p=45326#primaryimage\"},\"image\":{\"@id\":\"https:\/\/noticiasemdestaque.com\/cd\/?p=45326#primaryimage\"},\"thumbnailUrl\":\"https:\/\/noticiasemdestaque.com\/cd\/wp-content\/uploads\/2023\/01\/Design-sem-nome-39.webp\",\"datePublished\":\"2023-01-09T13:42:23+00:00\",\"breadcrumb\":{\"@id\":\"https:\/\/noticiasemdestaque.com\/cd\/?p=45326#breadcrumb\"},\"inLanguage\":\"pt-BR\",\"potentialAction\":[{\"@type\":\"ReadAction\",\"target\":[\"https:\/\/noticiasemdestaque.com\/cd\/?p=45326\"]}]},{\"@type\":\"ImageObject\",\"inLanguage\":\"pt-BR\",\"@id\":\"https:\/\/noticiasemdestaque.com\/cd\/?p=45326#primaryimage\",\"url\":\"https:\/\/noticiasemdestaque.com\/cd\/wp-content\/uploads\/2023\/01\/Design-sem-nome-39.webp\",\"contentUrl\":\"https:\/\/noticiasemdestaque.com\/cd\/wp-content\/uploads\/2023\/01\/Design-sem-nome-39.webp\",\"width\":800,\"height\":450},{\"@type\":\"BreadcrumbList\",\"@id\":\"https:\/\/noticiasemdestaque.com\/cd\/?p=45326#breadcrumb\",\"itemListElement\":[{\"@type\":\"ListItem\",\"position\":1,\"name\":\"In\u00edcio\",\"item\":\"https:\/\/noticiasemdestaque.com\/cd\/\"},{\"@type\":\"ListItem\",\"position\":2,\"name\":\"Lula se re\u00fane com governadores nesta segunda-feira em Bras\u00edlia\"}]},{\"@type\":\"WebSite\",\"@id\":\"https:\/\/noticiasemdestaque.com\/cd\/#website\",\"url\":\"https:\/\/noticiasemdestaque.com\/cd\/\",\"name\":\"Not&iacute;cias em Destaque\",\"description\":\"\",\"publisher\":{\"@id\":\"https:\/\/noticiasemdestaque.com\/cd\/#organization\"},\"potentialAction\":[{\"@type\":\"SearchAction\",\"target\":{\"@type\":\"EntryPoint\",\"urlTemplate\":\"https:\/\/noticiasemdestaque.com\/cd\/?s={search_term_string}\"},\"query-input\":{\"@type\":\"PropertyValueSpecification\",\"valueRequired\":true,\"valueName\":\"search_term_string\"}}],\"inLanguage\":\"pt-BR\"},{\"@type\":\"Organization\",\"@id\":\"https:\/\/noticiasemdestaque.com\/cd\/#organization\",\"name\":\"Not\u00edcias em Destaque\",\"url\":\"https:\/\/noticiasemdestaque.com\/cd\/\",\"logo\":{\"@type\":\"ImageObject\",\"inLanguage\":\"pt-BR\",\"@id\":\"https:\/\/noticiasemdestaque.com\/cd\/#\/schema\/logo\/image\/\",\"url\":\"https:\/\/noticiasemdestaque.com\/cd\/wp-content\/uploads\/2022\/05\/imagem-base-noticiasemdestaque.png\",\"contentUrl\":\"https:\/\/noticiasemdestaque.com\/cd\/wp-content\/uploads\/2022\/05\/imagem-base-noticiasemdestaque.png\",\"width\":1200,\"height\":630,\"caption\":\"Not\u00edcias em Destaque\"},\"image\":{\"@id\":\"https:\/\/noticiasemdestaque.com\/cd\/#\/schema\/logo\/image\/\"}},{\"@type\":\"Person\",\"@id\":\"https:\/\/noticiasemdestaque.com\/cd\/#\/schema\/person\/47f7d4f55eec17c6b2ca036c5500f6ce\",\"name\":\"Not\u00edcias em Destaque\",\"url\":\"https:\/\/noticiasemdestaque.com\/cd\/?author=2\"}]}<\/script>\n<!-- \/ Yoast SEO plugin. -->","yoast_head_json":{"title":"Lula se re\u00fane com governadores nesta segunda-feira em Bras\u00edlia - Not&iacute;cias em Destaque","robots":{"index":"index","follow":"follow","max-snippet":"max-snippet:-1","max-image-preview":"max-image-preview:large","max-video-preview":"max-video-preview:-1"},"canonical":"https:\/\/noticiasemdestaque.com\/cd\/?p=45326","og_locale":"pt_BR","og_type":"article","og_title":"Lula se re\u00fane com governadores nesta segunda-feira em Bras\u00edlia - Not&iacute;cias em Destaque","og_description":"O presidente Luiz In\u00e1cio Lula da Silva se re\u00fane na manh\u00e3 desta segunda-feira (9) com a presidente do Supremo Tribunal Federal (STF), Rosa Weber, e deve encontrar os governadores na parte da noite. Os dois compromissos s\u00e3o previstos para o Pal\u00e1cio do Planalto. Parte dos governadores deve participar de forma remota. Os encontros ocorrem ap\u00f3s os atos violentos em Bras\u00edlia, no ataque aos Tr\u00eas Poderes,\u00a0promovidos por uma minoria de bolsonaristas radicais nas sedes dos tr\u00eas poderes da Rep\u00fablica \u2013 o Pal\u00e1cio do Planalto, o Congresso e o Supremo Tribunal Federal (STF). At\u00e9 o in\u00edcio da manh\u00e3, n\u00e3o havia previs\u00e3o de encontro entre Lula e os presidentes da C\u00e2mara, Arthur Lira (PP-AL), ou do Senado, Rodrigo Pacheco (PSD-MG). A agenda oficial do presidente da Rep\u00fablica prev\u00ea tamb\u00e9m que Lula converse por telefone, \u00e0 tarde, com o primeiro-ministro de Portugal, Ant\u00f3nio Costa; e, em seguida, com o ex-presidente dos Estados Unidos Bill Clinton. A pauta prevista para as conversas n\u00e3o foi detalhada. Noticias em Destaque Fonte: Mais PB","og_url":"https:\/\/noticiasemdestaque.com\/cd\/?p=45326","og_site_name":"Not&iacute;cias em Destaque","article_published_time":"2023-01-09T13:42:23+00:00","og_image":[{"width":800,"height":450,"url":"https:\/\/noticiasemdestaque.com\/cd\/wp-content\/uploads\/2023\/01\/Design-sem-nome-39.webp","type":"image\/webp"}],"author":"Not\u00edcias em Destaque","twitter_card":"summary_large_image","twitter_misc":{"Escrito por":"Not\u00edcias em Destaque","Est. tempo de leitura":"2 minutos"},"schema":{"@context":"https:\/\/schema.org","@graph":[{"@type":"Article","@id":"https:\/\/noticiasemdestaque.com\/cd\/?p=45326#article","isPartOf":{"@id":"https:\/\/noticiasemdestaque.com\/cd\/?p=45326"},"author":{"name":"Not\u00edcias em Destaque","@id":"https:\/\/noticiasemdestaque.com\/cd\/#\/schema\/person\/47f7d4f55eec17c6b2ca036c5500f6ce"},"headline":"Lula se re\u00fane com governadores nesta segunda-feira em Bras\u00edlia","datePublished":"2023-01-09T13:42:23+00:00","mainEntityOfPage":{"@id":"https:\/\/noticiasemdestaque.com\/cd\/?p=45326"},"wordCount":193,"publisher":{"@id":"https:\/\/noticiasemdestaque.com\/cd\/#organization"},"image":{"@id":"https:\/\/noticiasemdestaque.com\/cd\/?p=45326#primaryimage"},"thumbnailUrl":"https:\/\/noticiasemdestaque.com\/cd\/wp-content\/uploads\/2023\/01\/Design-sem-nome-39.webp","articleSection":["Geral"],"inLanguage":"pt-BR"},{"@type":"WebPage","@id":"https:\/\/noticiasemdestaque.com\/cd\/?p=45326","url":"https:\/\/noticiasemdestaque.com\/cd\/?p=45326","name":"Lula se re\u00fane com governadores nesta segunda-feira em Bras\u00edlia - Not&iacute;cias em Destaque","isPartOf":{"@id":"https:\/\/noticiasemdestaque.com\/cd\/#website"},"primaryImageOfPage":{"@id":"https:\/\/noticiasemdestaque.com\/cd\/?p=45326#primaryimage"},"image":{"@id":"https:\/\/noticiasemdestaque.com\/cd\/?p=45326#primaryimage"},"thumbnailUrl":"https:\/\/noticiasemdestaque.com\/cd\/wp-content\/uploads\/2023\/01\/Design-sem-nome-39.webp","datePublished":"2023-01-09T13:42:23+00:00","breadcrumb":{"@id":"https:\/\/noticiasemdestaque.com\/cd\/?p=45326#breadcrumb"},"inLanguage":"pt-BR","potentialAction":[{"@type":"ReadAction","target":["https:\/\/noticiasemdestaque.com\/cd\/?p=45326"]}]},{"@type":"ImageObject","inLanguage":"pt-BR","@id":"https:\/\/noticiasemdestaque.com\/cd\/?p=45326#primaryimage","url":"https:\/\/noticiasemdestaque.com\/cd\/wp-content\/uploads\/2023\/01\/Design-sem-nome-39.webp","contentUrl":"https:\/\/noticiasemdestaque.com\/cd\/wp-content\/uploads\/2023\/01\/Design-sem-nome-39.webp","width":800,"height":450},{"@type":"BreadcrumbList","@id":"https:\/\/noticiasemdestaque.com\/cd\/?p=45326#breadcrumb","itemListElement":[{"@type":"ListItem","position":1,"name":"In\u00edcio","item":"https:\/\/noticiasemdestaque.com\/cd\/"},{"@type":"ListItem","position":2,"name":"Lula se re\u00fane com governadores nesta segunda-feira em Bras\u00edlia"}]},{"@type":"WebSite","@id":"https:\/\/noticiasemdestaque.com\/cd\/#website","url":"https:\/\/noticiasemdestaque.com\/cd\/","name":"Not&iacute;cias em Destaque","description":"","publisher":{"@id":"https:\/\/noticiasemdestaque.com\/cd\/#organization"},"potentialAction":[{"@type":"SearchAction","target":{"@type":"EntryPoint","urlTemplate":"https:\/\/noticiasemdestaque.com\/cd\/?s={search_term_string}"},"query-input":{"@type":"PropertyValueSpecification","valueRequired":true,"valueName":"search_term_string"}}],"inLanguage":"pt-BR"},{"@type":"Organization","@id":"https:\/\/noticiasemdestaque.com\/cd\/#organization","name":"Not\u00edcias em Destaque","url":"https:\/\/noticiasemdestaque.com\/cd\/","logo":{"@type":"ImageObject","inLanguage":"pt-BR","@id":"https:\/\/noticiasemdestaque.com\/cd\/#\/schema\/logo\/image\/","url":"https:\/\/noticiasemdestaque.com\/cd\/wp-content\/uploads\/2022\/05\/imagem-base-noticiasemdestaque.png","contentUrl":"https:\/\/noticiasemdestaque.com\/cd\/wp-content\/uploads\/2022\/05\/imagem-base-noticiasemdestaque.png","width":1200,"height":630,"caption":"Not\u00edcias em Destaque"},"image":{"@id":"https:\/\/noticiasemdestaque.com\/cd\/#\/schema\/logo\/image\/"}},{"@type":"Person","@id":"https:\/\/noticiasemdestaque.com\/cd\/#\/schema\/person\/47f7d4f55eec17c6b2ca036c5500f6ce","name":"Not\u00edcias em Destaque","url":"https:\/\/noticiasemdestaque.com\/cd\/?author=2"}]}},"jetpack_featured_media_url":"https:\/\/noticiasemdestaque.com\/cd\/wp-content\/uploads\/2023\/01\/Design-sem-nome-39.webp","jetpack_sharing_enabled":true,"_links":{"self":[{"href":"https:\/\/noticiasemdestaque.com\/cd\/index.php?rest_route=\/wp\/v2\/posts\/45326","targetHints":{"allow":["GET"]}}],"collection":[{"href":"https:\/\/noticiasemdestaque.com\/cd\/index.php?rest_route=\/wp\/v2\/posts"}],"about":[{"href":"https:\/\/noticiasemdestaque.com\/cd\/index.php?rest_route=\/wp\/v2\/types\/post"}],"author":[{"embeddable":true,"href":"https:\/\/noticiasemdestaque.com\/cd\/index.php?rest_route=\/wp\/v2\/users\/2"}],"replies":[{"embeddable":true,"href":"https:\/\/noticiasemdestaque.com\/cd\/index.php?rest_route=%2Fwp%2Fv2%2Fcomments&post=45326"}],"version-history":[{"count":1,"href":"https:\/\/noticiasemdestaque.com\/cd\/index.php?rest_route=\/wp\/v2\/posts\/45326\/revisions"}],"predecessor-version":[{"id":45328,"href":"https:\/\/noticiasemdestaque.com\/cd\/index.php?rest_route=\/wp\/v2\/posts\/45326\/revisions\/45328"}],"wp:featuredmedia":[{"embeddable":true,"href":"https:\/\/noticiasemdestaque.com\/cd\/index.php?rest_route=\/wp\/v2\/media\/45327"}],"wp:attachment":[{"href":"https:\/\/noticiasemdestaque.com\/cd\/index.php?rest_route=%2Fwp%2Fv2%2Fmedia&parent=45326"}],"wp:term":[{"taxonomy":"category","embeddable":true,"href":"https:\/\/noticiasemdestaque.com\/cd\/index.php?rest_route=%2Fwp%2Fv2%2Fcategories&post=45326"},{"taxonomy":"post_tag","embeddable":true,"href":"https:\/\/noticiasemdestaque.com\/cd\/index.php?rest_route=%2Fwp%2Fv2%2Ftags&post=45326"}],"curies":[{"name":"wp","href":"https:\/\/api.w.org\/{rel}","templated":true}]}}