{"id":45320,"date":"2023-01-09T10:12:10","date_gmt":"2023-01-09T13:12:10","guid":{"rendered":"https:\/\/noticiasemdestaque.com\/cd\/?p=45320"},"modified":"2023-01-09T10:12:10","modified_gmt":"2023-01-09T13:12:10","slug":"manifestantes-vao-para-complexo-penitenciario-da-papuda-e-passam-por-audiencia-de-custodia","status":"publish","type":"post","link":"https:\/\/noticiasemdestaque.com\/cd\/?p=45320","title":{"rendered":"Manifestantes v\u00e3o para Complexo Penitenci\u00e1rio da Papuda e passam por audi\u00eancia de cust\u00f3dia"},"content":{"rendered":"<p><a href=\"https:\/\/noticiasemdestaque.com\/cd\/wp-content\/uploads\/2023\/01\/onibus-bolsonaristas.webp\"><img fetchpriority=\"high\" decoding=\"async\" class=\"alignnone  wp-image-45321\" src=\"https:\/\/noticiasemdestaque.com\/cd\/wp-content\/uploads\/2023\/01\/onibus-bolsonaristas-300x167.webp\" alt=\"\" width=\"1044\" height=\"581\" srcset=\"https:\/\/noticiasemdestaque.com\/cd\/wp-content\/uploads\/2023\/01\/onibus-bolsonaristas-300x167.webp 300w, https:\/\/noticiasemdestaque.com\/cd\/wp-content\/uploads\/2023\/01\/onibus-bolsonaristas-18x10.webp 18w, https:\/\/noticiasemdestaque.com\/cd\/wp-content\/uploads\/2023\/01\/onibus-bolsonaristas.webp 666w\" sizes=\"(max-width: 1044px) 100vw, 1044px\" \/><\/a><\/p>\n<p>Os golpistas presos em Bras\u00edlia ap\u00f3s atos neste domingo (8) est\u00e3o sendo enviados pela Pol\u00edcia Civil para o Complexo Penitenci\u00e1rio da Papuda, em Bras\u00edlia, onde aguardar\u00e3o a audi\u00eancia de cust\u00f3dia. Na manh\u00e3 desta segunda-feira (9), \u00f4nibus levaram pessoas que estavam acampadas em frente ao Quartel do Ex\u00e9rcito. O procedimento avalia formalidades do processo de pris\u00e3o.<\/p>\n<p>Alguns ser\u00e3o enquadrados pelo crime previsto no artigo 359-M do C\u00f3digo Penal: o de tentar depor governo legitimamente constitu\u00eddo. A pena \u00e9 de 4 a 12 anos de pris\u00e3o. O artigo foi inclu\u00eddo na legisla\u00e7\u00e3o penal por uma lei aprovada pelo Congresso em 2021. O ent\u00e3o presidente Jair Bolsonaro (PL) vetou trechos da proposta, mas n\u00e3o tocou no dispositivo que agora est\u00e1 sendo usado contra seus apoiadores.<\/p>\n<p>O dado mais atualizado da Pol\u00edcia Civil do Distrito Federal aponta 1.200 presos, sem contar os que foram fichados pela pol\u00edcia legislativa, que foram levados ao Complexo da Pol\u00edcia Civil apenas para exame de corpo delito e tamb\u00e9m ir\u00e3o a pres\u00eddio.<\/p>\n<p>De acordo com investigadores, h\u00e1 extremistas idosos entre os presos em flagrante e alguns deles tiveram oscila\u00e7\u00e3o da press\u00e3o. Advogados dos presos pleiteiam junto aos delegados para que os radicais que foram presos sem serem flagrados em atos de vandalismos sejam liberados.<\/p>\n<p>Delegados, investigadores e escriv\u00e3es foram chamados ao trabalho para dar conta da burocracia das pris\u00f5es, como coleta de depoimentos e exame de corpo delito. Os atos est\u00e3o concentrados no Complexo da Pol\u00edcia Civil, em Bras\u00edlia.<\/p>\n<p><strong>Noticias em Destaque<\/strong><\/p>\n<p style=\"text-align: right;\"><em>Fonte: G1<\/em><\/p>\n","protected":false},"excerpt":{"rendered":"<p>Os golpistas presos em Bras\u00edlia ap\u00f3s atos neste domingo (8) est\u00e3o sendo enviados pela Pol\u00edcia Civil para o Complexo Penitenci\u00e1rio da Papuda, em Bras\u00edlia, onde aguardar\u00e3o a audi\u00eancia de cust\u00f3dia. Na manh\u00e3 desta segunda-feira (9), \u00f4nibus levaram pessoas que estavam acampadas em frente ao Quartel do Ex\u00e9rcito. O procedimento avalia formalidades do processo de pris\u00e3o. Alguns ser\u00e3o enquadrados pelo crime previsto no artigo 359-M do C\u00f3digo Penal: o de tentar depor governo legitimamente constitu\u00eddo. A pena \u00e9 de 4 a 12 anos de pris\u00e3o. O artigo foi inclu\u00eddo na legisla\u00e7\u00e3o penal por uma lei aprovada pelo Congresso em 2021. O ent\u00e3o presidente Jair Bolsonaro (PL) vetou trechos da proposta, mas n\u00e3o tocou no dispositivo que agora est\u00e1 sendo usado contra seus apoiadores. O dado mais atualizado da Pol\u00edcia Civil do Distrito Federal aponta 1.200 presos, sem contar os que foram fichados pela pol\u00edcia legislativa, que foram levados ao Complexo da Pol\u00edcia Civil apenas para exame de corpo delito e tamb\u00e9m ir\u00e3o a pres\u00eddio. De acordo com investigadores, h\u00e1 extremistas idosos entre os presos em flagrante e alguns deles tiveram oscila\u00e7\u00e3o da press\u00e3o. Advogados dos presos pleiteiam junto aos delegados para que os radicais que foram presos sem serem flagrados em atos de vandalismos sejam liberados. Delegados, investigadores e escriv\u00e3es foram chamados ao trabalho para dar conta da burocracia das pris\u00f5es, como coleta de depoimentos e exame de corpo delito. Os atos est\u00e3o concentrados no Complexo da Pol\u00edcia Civil, em Bras\u00edlia. Noticias em Destaque Fonte: G1<\/p>\n","protected":false},"author":2,"featured_media":45321,"comment_status":"closed","ping_status":"open","sticky":false,"template":"","format":"standard","meta":{"_eb_attr":"","_jetpack_memberships_contains_paid_content":false,"footnotes":""},"categories":[20],"tags":[],"class_list":["post-45320","post","type-post","status-publish","format-standard","has-post-thumbnail","hentry","category-policia"],"yoast_head":"<!-- This site is optimized with the Yoast SEO plugin v26.5 - https:\/\/yoast.com\/wordpress\/plugins\/seo\/ -->\n<title>Manifestantes v\u00e3o para Complexo Penitenci\u00e1rio da Papuda e passam por audi\u00eancia de cust\u00f3dia - Not&iacute;cias em Destaque<\/title>\n<meta name=\"robots\" content=\"index, follow, max-snippet:-1, max-image-preview:large, max-video-preview:-1\" \/>\n<link rel=\"canonical\" href=\"https:\/\/noticiasemdestaque.com\/cd\/?p=45320\" \/>\n<meta property=\"og:locale\" content=\"pt_BR\" \/>\n<meta property=\"og:type\" content=\"article\" \/>\n<meta property=\"og:title\" content=\"Manifestantes v\u00e3o para Complexo Penitenci\u00e1rio da Papuda e passam por audi\u00eancia de cust\u00f3dia - Not&iacute;cias em Destaque\" \/>\n<meta property=\"og:description\" content=\"Os golpistas presos em Bras\u00edlia ap\u00f3s atos neste domingo (8) est\u00e3o sendo enviados pela Pol\u00edcia Civil para o Complexo Penitenci\u00e1rio da Papuda, em Bras\u00edlia, onde aguardar\u00e3o a audi\u00eancia de cust\u00f3dia. Na manh\u00e3 desta segunda-feira (9), \u00f4nibus levaram pessoas que estavam acampadas em frente ao Quartel do Ex\u00e9rcito. O procedimento avalia formalidades do processo de pris\u00e3o. Alguns ser\u00e3o enquadrados pelo crime previsto no artigo 359-M do C\u00f3digo Penal: o de tentar depor governo legitimamente constitu\u00eddo. A pena \u00e9 de 4 a 12 anos de pris\u00e3o. O artigo foi inclu\u00eddo na legisla\u00e7\u00e3o penal por uma lei aprovada pelo Congresso em 2021. O ent\u00e3o presidente Jair Bolsonaro (PL) vetou trechos da proposta, mas n\u00e3o tocou no dispositivo que agora est\u00e1 sendo usado contra seus apoiadores. O dado mais atualizado da Pol\u00edcia Civil do Distrito Federal aponta 1.200 presos, sem contar os que foram fichados pela pol\u00edcia legislativa, que foram levados ao Complexo da Pol\u00edcia Civil apenas para exame de corpo delito e tamb\u00e9m ir\u00e3o a pres\u00eddio. De acordo com investigadores, h\u00e1 extremistas idosos entre os presos em flagrante e alguns deles tiveram oscila\u00e7\u00e3o da press\u00e3o. Advogados dos presos pleiteiam junto aos delegados para que os radicais que foram presos sem serem flagrados em atos de vandalismos sejam liberados. Delegados, investigadores e escriv\u00e3es foram chamados ao trabalho para dar conta da burocracia das pris\u00f5es, como coleta de depoimentos e exame de corpo delito. Os atos est\u00e3o concentrados no Complexo da Pol\u00edcia Civil, em Bras\u00edlia. Noticias em Destaque Fonte: G1\" \/>\n<meta property=\"og:url\" content=\"https:\/\/noticiasemdestaque.com\/cd\/?p=45320\" \/>\n<meta property=\"og:site_name\" content=\"Not&iacute;cias em Destaque\" \/>\n<meta property=\"article:published_time\" content=\"2023-01-09T13:12:10+00:00\" \/>\n<meta property=\"og:image\" content=\"https:\/\/noticiasemdestaque.com\/cd\/wp-content\/uploads\/2023\/01\/onibus-bolsonaristas.webp\" \/>\n\t<meta property=\"og:image:width\" content=\"666\" \/>\n\t<meta property=\"og:image:height\" content=\"371\" \/>\n\t<meta property=\"og:image:type\" content=\"image\/webp\" \/>\n<meta name=\"author\" content=\"Not\u00edcias em Destaque\" \/>\n<meta name=\"twitter:card\" content=\"summary_large_image\" \/>\n<meta name=\"twitter:label1\" content=\"Escrito por\" \/>\n\t<meta name=\"twitter:data1\" content=\"Not\u00edcias em Destaque\" \/>\n\t<meta name=\"twitter:label2\" content=\"Est. tempo de leitura\" \/>\n\t<meta name=\"twitter:data2\" content=\"2 minutos\" \/>\n<script type=\"application\/ld+json\" class=\"yoast-schema-graph\">{\"@context\":\"https:\/\/schema.org\",\"@graph\":[{\"@type\":\"Article\",\"@id\":\"https:\/\/noticiasemdestaque.com\/cd\/?p=45320#article\",\"isPartOf\":{\"@id\":\"https:\/\/noticiasemdestaque.com\/cd\/?p=45320\"},\"author\":{\"name\":\"Not\u00edcias em Destaque\",\"@id\":\"https:\/\/noticiasemdestaque.com\/cd\/#\/schema\/person\/47f7d4f55eec17c6b2ca036c5500f6ce\"},\"headline\":\"Manifestantes v\u00e3o para Complexo Penitenci\u00e1rio da Papuda e passam por audi\u00eancia de cust\u00f3dia\",\"datePublished\":\"2023-01-09T13:12:10+00:00\",\"mainEntityOfPage\":{\"@id\":\"https:\/\/noticiasemdestaque.com\/cd\/?p=45320\"},\"wordCount\":287,\"publisher\":{\"@id\":\"https:\/\/noticiasemdestaque.com\/cd\/#organization\"},\"image\":{\"@id\":\"https:\/\/noticiasemdestaque.com\/cd\/?p=45320#primaryimage\"},\"thumbnailUrl\":\"https:\/\/noticiasemdestaque.com\/cd\/wp-content\/uploads\/2023\/01\/onibus-bolsonaristas.webp\",\"articleSection\":[\"Pol\u00edcia\"],\"inLanguage\":\"pt-BR\"},{\"@type\":\"WebPage\",\"@id\":\"https:\/\/noticiasemdestaque.com\/cd\/?p=45320\",\"url\":\"https:\/\/noticiasemdestaque.com\/cd\/?p=45320\",\"name\":\"Manifestantes v\u00e3o para Complexo Penitenci\u00e1rio da Papuda e passam por audi\u00eancia de cust\u00f3dia - Not&iacute;cias em Destaque\",\"isPartOf\":{\"@id\":\"https:\/\/noticiasemdestaque.com\/cd\/#website\"},\"primaryImageOfPage\":{\"@id\":\"https:\/\/noticiasemdestaque.com\/cd\/?p=45320#primaryimage\"},\"image\":{\"@id\":\"https:\/\/noticiasemdestaque.com\/cd\/?p=45320#primaryimage\"},\"thumbnailUrl\":\"https:\/\/noticiasemdestaque.com\/cd\/wp-content\/uploads\/2023\/01\/onibus-bolsonaristas.webp\",\"datePublished\":\"2023-01-09T13:12:10+00:00\",\"breadcrumb\":{\"@id\":\"https:\/\/noticiasemdestaque.com\/cd\/?p=45320#breadcrumb\"},\"inLanguage\":\"pt-BR\",\"potentialAction\":[{\"@type\":\"ReadAction\",\"target\":[\"https:\/\/noticiasemdestaque.com\/cd\/?p=45320\"]}]},{\"@type\":\"ImageObject\",\"inLanguage\":\"pt-BR\",\"@id\":\"https:\/\/noticiasemdestaque.com\/cd\/?p=45320#primaryimage\",\"url\":\"https:\/\/noticiasemdestaque.com\/cd\/wp-content\/uploads\/2023\/01\/onibus-bolsonaristas.webp\",\"contentUrl\":\"https:\/\/noticiasemdestaque.com\/cd\/wp-content\/uploads\/2023\/01\/onibus-bolsonaristas.webp\",\"width\":666,\"height\":371},{\"@type\":\"BreadcrumbList\",\"@id\":\"https:\/\/noticiasemdestaque.com\/cd\/?p=45320#breadcrumb\",\"itemListElement\":[{\"@type\":\"ListItem\",\"position\":1,\"name\":\"In\u00edcio\",\"item\":\"https:\/\/noticiasemdestaque.com\/cd\/\"},{\"@type\":\"ListItem\",\"position\":2,\"name\":\"Manifestantes v\u00e3o para Complexo Penitenci\u00e1rio da Papuda e passam por audi\u00eancia de cust\u00f3dia\"}]},{\"@type\":\"WebSite\",\"@id\":\"https:\/\/noticiasemdestaque.com\/cd\/#website\",\"url\":\"https:\/\/noticiasemdestaque.com\/cd\/\",\"name\":\"Not&iacute;cias em Destaque\",\"description\":\"\",\"publisher\":{\"@id\":\"https:\/\/noticiasemdestaque.com\/cd\/#organization\"},\"potentialAction\":[{\"@type\":\"SearchAction\",\"target\":{\"@type\":\"EntryPoint\",\"urlTemplate\":\"https:\/\/noticiasemdestaque.com\/cd\/?s={search_term_string}\"},\"query-input\":{\"@type\":\"PropertyValueSpecification\",\"valueRequired\":true,\"valueName\":\"search_term_string\"}}],\"inLanguage\":\"pt-BR\"},{\"@type\":\"Organization\",\"@id\":\"https:\/\/noticiasemdestaque.com\/cd\/#organization\",\"name\":\"Not\u00edcias em Destaque\",\"url\":\"https:\/\/noticiasemdestaque.com\/cd\/\",\"logo\":{\"@type\":\"ImageObject\",\"inLanguage\":\"pt-BR\",\"@id\":\"https:\/\/noticiasemdestaque.com\/cd\/#\/schema\/logo\/image\/\",\"url\":\"https:\/\/noticiasemdestaque.com\/cd\/wp-content\/uploads\/2022\/05\/imagem-base-noticiasemdestaque.png\",\"contentUrl\":\"https:\/\/noticiasemdestaque.com\/cd\/wp-content\/uploads\/2022\/05\/imagem-base-noticiasemdestaque.png\",\"width\":1200,\"height\":630,\"caption\":\"Not\u00edcias em Destaque\"},\"image\":{\"@id\":\"https:\/\/noticiasemdestaque.com\/cd\/#\/schema\/logo\/image\/\"}},{\"@type\":\"Person\",\"@id\":\"https:\/\/noticiasemdestaque.com\/cd\/#\/schema\/person\/47f7d4f55eec17c6b2ca036c5500f6ce\",\"name\":\"Not\u00edcias em Destaque\",\"url\":\"https:\/\/noticiasemdestaque.com\/cd\/?author=2\"}]}<\/script>\n<!-- \/ Yoast SEO plugin. -->","yoast_head_json":{"title":"Manifestantes v\u00e3o para Complexo Penitenci\u00e1rio da Papuda e passam por audi\u00eancia de cust\u00f3dia - Not&iacute;cias em Destaque","robots":{"index":"index","follow":"follow","max-snippet":"max-snippet:-1","max-image-preview":"max-image-preview:large","max-video-preview":"max-video-preview:-1"},"canonical":"https:\/\/noticiasemdestaque.com\/cd\/?p=45320","og_locale":"pt_BR","og_type":"article","og_title":"Manifestantes v\u00e3o para Complexo Penitenci\u00e1rio da Papuda e passam por audi\u00eancia de cust\u00f3dia - Not&iacute;cias em Destaque","og_description":"Os golpistas presos em Bras\u00edlia ap\u00f3s atos neste domingo (8) est\u00e3o sendo enviados pela Pol\u00edcia Civil para o Complexo Penitenci\u00e1rio da Papuda, em Bras\u00edlia, onde aguardar\u00e3o a audi\u00eancia de cust\u00f3dia. Na manh\u00e3 desta segunda-feira (9), \u00f4nibus levaram pessoas que estavam acampadas em frente ao Quartel do Ex\u00e9rcito. O procedimento avalia formalidades do processo de pris\u00e3o. Alguns ser\u00e3o enquadrados pelo crime previsto no artigo 359-M do C\u00f3digo Penal: o de tentar depor governo legitimamente constitu\u00eddo. A pena \u00e9 de 4 a 12 anos de pris\u00e3o. O artigo foi inclu\u00eddo na legisla\u00e7\u00e3o penal por uma lei aprovada pelo Congresso em 2021. O ent\u00e3o presidente Jair Bolsonaro (PL) vetou trechos da proposta, mas n\u00e3o tocou no dispositivo que agora est\u00e1 sendo usado contra seus apoiadores. O dado mais atualizado da Pol\u00edcia Civil do Distrito Federal aponta 1.200 presos, sem contar os que foram fichados pela pol\u00edcia legislativa, que foram levados ao Complexo da Pol\u00edcia Civil apenas para exame de corpo delito e tamb\u00e9m ir\u00e3o a pres\u00eddio. De acordo com investigadores, h\u00e1 extremistas idosos entre os presos em flagrante e alguns deles tiveram oscila\u00e7\u00e3o da press\u00e3o. Advogados dos presos pleiteiam junto aos delegados para que os radicais que foram presos sem serem flagrados em atos de vandalismos sejam liberados. Delegados, investigadores e escriv\u00e3es foram chamados ao trabalho para dar conta da burocracia das pris\u00f5es, como coleta de depoimentos e exame de corpo delito. Os atos est\u00e3o concentrados no Complexo da Pol\u00edcia Civil, em Bras\u00edlia. Noticias em Destaque Fonte: G1","og_url":"https:\/\/noticiasemdestaque.com\/cd\/?p=45320","og_site_name":"Not&iacute;cias em Destaque","article_published_time":"2023-01-09T13:12:10+00:00","og_image":[{"width":666,"height":371,"url":"https:\/\/noticiasemdestaque.com\/cd\/wp-content\/uploads\/2023\/01\/onibus-bolsonaristas.webp","type":"image\/webp"}],"author":"Not\u00edcias em Destaque","twitter_card":"summary_large_image","twitter_misc":{"Escrito por":"Not\u00edcias em Destaque","Est. tempo de leitura":"2 minutos"},"schema":{"@context":"https:\/\/schema.org","@graph":[{"@type":"Article","@id":"https:\/\/noticiasemdestaque.com\/cd\/?p=45320#article","isPartOf":{"@id":"https:\/\/noticiasemdestaque.com\/cd\/?p=45320"},"author":{"name":"Not\u00edcias em Destaque","@id":"https:\/\/noticiasemdestaque.com\/cd\/#\/schema\/person\/47f7d4f55eec17c6b2ca036c5500f6ce"},"headline":"Manifestantes v\u00e3o para Complexo Penitenci\u00e1rio da Papuda e passam por audi\u00eancia de cust\u00f3dia","datePublished":"2023-01-09T13:12:10+00:00","mainEntityOfPage":{"@id":"https:\/\/noticiasemdestaque.com\/cd\/?p=45320"},"wordCount":287,"publisher":{"@id":"https:\/\/noticiasemdestaque.com\/cd\/#organization"},"image":{"@id":"https:\/\/noticiasemdestaque.com\/cd\/?p=45320#primaryimage"},"thumbnailUrl":"https:\/\/noticiasemdestaque.com\/cd\/wp-content\/uploads\/2023\/01\/onibus-bolsonaristas.webp","articleSection":["Pol\u00edcia"],"inLanguage":"pt-BR"},{"@type":"WebPage","@id":"https:\/\/noticiasemdestaque.com\/cd\/?p=45320","url":"https:\/\/noticiasemdestaque.com\/cd\/?p=45320","name":"Manifestantes v\u00e3o para Complexo Penitenci\u00e1rio da Papuda e passam por audi\u00eancia de cust\u00f3dia - Not&iacute;cias em Destaque","isPartOf":{"@id":"https:\/\/noticiasemdestaque.com\/cd\/#website"},"primaryImageOfPage":{"@id":"https:\/\/noticiasemdestaque.com\/cd\/?p=45320#primaryimage"},"image":{"@id":"https:\/\/noticiasemdestaque.com\/cd\/?p=45320#primaryimage"},"thumbnailUrl":"https:\/\/noticiasemdestaque.com\/cd\/wp-content\/uploads\/2023\/01\/onibus-bolsonaristas.webp","datePublished":"2023-01-09T13:12:10+00:00","breadcrumb":{"@id":"https:\/\/noticiasemdestaque.com\/cd\/?p=45320#breadcrumb"},"inLanguage":"pt-BR","potentialAction":[{"@type":"ReadAction","target":["https:\/\/noticiasemdestaque.com\/cd\/?p=45320"]}]},{"@type":"ImageObject","inLanguage":"pt-BR","@id":"https:\/\/noticiasemdestaque.com\/cd\/?p=45320#primaryimage","url":"https:\/\/noticiasemdestaque.com\/cd\/wp-content\/uploads\/2023\/01\/onibus-bolsonaristas.webp","contentUrl":"https:\/\/noticiasemdestaque.com\/cd\/wp-content\/uploads\/2023\/01\/onibus-bolsonaristas.webp","width":666,"height":371},{"@type":"BreadcrumbList","@id":"https:\/\/noticiasemdestaque.com\/cd\/?p=45320#breadcrumb","itemListElement":[{"@type":"ListItem","position":1,"name":"In\u00edcio","item":"https:\/\/noticiasemdestaque.com\/cd\/"},{"@type":"ListItem","position":2,"name":"Manifestantes v\u00e3o para Complexo Penitenci\u00e1rio da Papuda e passam por audi\u00eancia de cust\u00f3dia"}]},{"@type":"WebSite","@id":"https:\/\/noticiasemdestaque.com\/cd\/#website","url":"https:\/\/noticiasemdestaque.com\/cd\/","name":"Not&iacute;cias em Destaque","description":"","publisher":{"@id":"https:\/\/noticiasemdestaque.com\/cd\/#organization"},"potentialAction":[{"@type":"SearchAction","target":{"@type":"EntryPoint","urlTemplate":"https:\/\/noticiasemdestaque.com\/cd\/?s={search_term_string}"},"query-input":{"@type":"PropertyValueSpecification","valueRequired":true,"valueName":"search_term_string"}}],"inLanguage":"pt-BR"},{"@type":"Organization","@id":"https:\/\/noticiasemdestaque.com\/cd\/#organization","name":"Not\u00edcias em Destaque","url":"https:\/\/noticiasemdestaque.com\/cd\/","logo":{"@type":"ImageObject","inLanguage":"pt-BR","@id":"https:\/\/noticiasemdestaque.com\/cd\/#\/schema\/logo\/image\/","url":"https:\/\/noticiasemdestaque.com\/cd\/wp-content\/uploads\/2022\/05\/imagem-base-noticiasemdestaque.png","contentUrl":"https:\/\/noticiasemdestaque.com\/cd\/wp-content\/uploads\/2022\/05\/imagem-base-noticiasemdestaque.png","width":1200,"height":630,"caption":"Not\u00edcias em Destaque"},"image":{"@id":"https:\/\/noticiasemdestaque.com\/cd\/#\/schema\/logo\/image\/"}},{"@type":"Person","@id":"https:\/\/noticiasemdestaque.com\/cd\/#\/schema\/person\/47f7d4f55eec17c6b2ca036c5500f6ce","name":"Not\u00edcias em Destaque","url":"https:\/\/noticiasemdestaque.com\/cd\/?author=2"}]}},"jetpack_featured_media_url":"https:\/\/noticiasemdestaque.com\/cd\/wp-content\/uploads\/2023\/01\/onibus-bolsonaristas.webp","jetpack_sharing_enabled":true,"_links":{"self":[{"href":"https:\/\/noticiasemdestaque.com\/cd\/index.php?rest_route=\/wp\/v2\/posts\/45320","targetHints":{"allow":["GET"]}}],"collection":[{"href":"https:\/\/noticiasemdestaque.com\/cd\/index.php?rest_route=\/wp\/v2\/posts"}],"about":[{"href":"https:\/\/noticiasemdestaque.com\/cd\/index.php?rest_route=\/wp\/v2\/types\/post"}],"author":[{"embeddable":true,"href":"https:\/\/noticiasemdestaque.com\/cd\/index.php?rest_route=\/wp\/v2\/users\/2"}],"replies":[{"embeddable":true,"href":"https:\/\/noticiasemdestaque.com\/cd\/index.php?rest_route=%2Fwp%2Fv2%2Fcomments&post=45320"}],"version-history":[{"count":1,"href":"https:\/\/noticiasemdestaque.com\/cd\/index.php?rest_route=\/wp\/v2\/posts\/45320\/revisions"}],"predecessor-version":[{"id":45322,"href":"https:\/\/noticiasemdestaque.com\/cd\/index.php?rest_route=\/wp\/v2\/posts\/45320\/revisions\/45322"}],"wp:featuredmedia":[{"embeddable":true,"href":"https:\/\/noticiasemdestaque.com\/cd\/index.php?rest_route=\/wp\/v2\/media\/45321"}],"wp:attachment":[{"href":"https:\/\/noticiasemdestaque.com\/cd\/index.php?rest_route=%2Fwp%2Fv2%2Fmedia&parent=45320"}],"wp:term":[{"taxonomy":"category","embeddable":true,"href":"https:\/\/noticiasemdestaque.com\/cd\/index.php?rest_route=%2Fwp%2Fv2%2Fcategories&post=45320"},{"taxonomy":"post_tag","embeddable":true,"href":"https:\/\/noticiasemdestaque.com\/cd\/index.php?rest_route=%2Fwp%2Fv2%2Ftags&post=45320"}],"curies":[{"name":"wp","href":"https:\/\/api.w.org\/{rel}","templated":true}]}}