{"id":45309,"date":"2023-01-08T16:57:15","date_gmt":"2023-01-08T19:57:15","guid":{"rendered":"https:\/\/noticiasemdestaque.com\/cd\/?p=45309"},"modified":"2023-01-08T16:57:34","modified_gmt":"2023-01-08T19:57:34","slug":"manifestantes-invadem-congresso-planalto-e-stf","status":"publish","type":"post","link":"https:\/\/noticiasemdestaque.com\/cd\/?p=45309","title":{"rendered":"URGENTE: Manifestantes invadem Congresso, Planalto e STF"},"content":{"rendered":"<p><a href=\"https:\/\/noticiasemdestaque.com\/cd\/wp-content\/uploads\/2023\/01\/2023-01-08t192638z_2125614868_rc2imy99gzow_rtrmadp_3_brazil-politics-violence.jpg\"><img fetchpriority=\"high\" decoding=\"async\" class=\"wp-image-45310 size-large aligncenter\" src=\"https:\/\/noticiasemdestaque.com\/cd\/wp-content\/uploads\/2023\/01\/2023-01-08t192638z_2125614868_rc2imy99gzow_rtrmadp_3_brazil-politics-violence-1024x613.jpg\" alt=\"\" width=\"640\" height=\"383\" srcset=\"https:\/\/noticiasemdestaque.com\/cd\/wp-content\/uploads\/2023\/01\/2023-01-08t192638z_2125614868_rc2imy99gzow_rtrmadp_3_brazil-politics-violence-1024x613.jpg 1024w, https:\/\/noticiasemdestaque.com\/cd\/wp-content\/uploads\/2023\/01\/2023-01-08t192638z_2125614868_rc2imy99gzow_rtrmadp_3_brazil-politics-violence-300x179.jpg 300w, https:\/\/noticiasemdestaque.com\/cd\/wp-content\/uploads\/2023\/01\/2023-01-08t192638z_2125614868_rc2imy99gzow_rtrmadp_3_brazil-politics-violence-768x459.jpg 768w, https:\/\/noticiasemdestaque.com\/cd\/wp-content\/uploads\/2023\/01\/2023-01-08t192638z_2125614868_rc2imy99gzow_rtrmadp_3_brazil-politics-violence-18x12.jpg 18w, https:\/\/noticiasemdestaque.com\/cd\/wp-content\/uploads\/2023\/01\/2023-01-08t192638z_2125614868_rc2imy99gzow_rtrmadp_3_brazil-politics-violence.jpg 1170w\" sizes=\"(max-width: 640px) 100vw, 640px\" \/><\/a><\/p>\n<p>Manifestantes apoiadores do ex-presidente Jair Bolsonaro inconformados com o resultado das elei\u00e7\u00f5es invadiram o Congresso Nacional, o Pal\u00e1cio do Planalto e o Supremo Tribunal Federal (STF). A invas\u00e3o come\u00e7ou ap\u00f3s a barreira formada por policiais militares na Esplanada dos Minist\u00e9rio, que estava fechada, ter sido rompida. O Congresso Nacional foi o primeiro a ser invadido, com os manifestantes ocupando a rampa e soltando foguetes. Depois eles\u00a0quebraram vidro do Sal\u00e3o Negro do Congresso e danificaram o plen\u00e1rio da Casa.\u00a0<img decoding=\"async\" src=\"https:\/\/agenciabrasil.ebc.com.br\/ebc.png?id=1502577&amp;o=node\" \/><img decoding=\"async\" src=\"https:\/\/agenciabrasil.ebc.com.br\/ebc.gif?id=1502577&amp;o=node\" \/><\/p>\n<p>Ap\u00f3s a depreda\u00e7\u00e3o\u00a0no Congresso, eles invadiram o Pal\u00e1cio do Planalto e o Supremo Tribunal Federal (STF). No STF, quebraram vidros e m\u00f3veis.<\/p>\n<p>As imagens mostram que o efetivo de policiais militares que estava nas proximidades do Congresso Nacional usou<em>\u00a0sprays<\/em>\u00a0de pimenta em uma tentativa sem sucesso de conter os manifestantes que entoavam palavras de ordem golpistas.<\/p>\n<p>Via redes sociais, o ministro da Justi\u00e7a, Fl\u00e1vio Dino, disse que &#8220;essa absurda tentativa de impor a vontade pela for\u00e7a n\u00e3o vai prevalecer&#8221;. Ele acrescentou ter ouvido do governo do Distrito Federal que o efetivo seria refor\u00e7ado. &#8220;As for\u00e7as de que dispomos est\u00e3o agindo. Estou na sede do Minist\u00e9rio da Justi\u00e7a&#8221;, escreveu o ministro.<\/p>\n<p>Ex-ministro da Justi\u00e7a do governo Bolsonaro e atual secret\u00e1rio de Seguran\u00e7a P\u00fablica do Governo do Distrito Federal, Anderson Torres, que se encontra nos Estados Unidos, disse, via Twitter, ter determinado ao setor de opera\u00e7\u00f5es &#8220;provid\u00eancias imediatas para o restabelecimento da ordem no centro de Bras\u00edlia&#8221;.<\/p>\n<p>O ministro-chefe da Secretaria de Comunica\u00e7\u00e3o, Paulo Pimenta, disse nas redes sociais, que tem certeza que a maioria dos brasileiros quer uni\u00e3o e paz para que o Brasil siga em frente. \u201cEssa manifesta\u00e7\u00e3o \u00e9 de uma minoria golpista que n\u00e3o aceita o resultado da elei\u00e7\u00e3o e que prega a viol\u00eancia. Uma minoria violenta, que vai \u00a0ser tratada com o rigor da lei\u201d.<\/p>\n<p>Presidente do Senado e do Congresso Nacional, Rodrigo Pacheco disse repudiar &#8220;veementemente esses atos antidemocr\u00e1ticos&#8221;, que, segundo ele, dever\u00e3o &#8220;sofrer o rigor da lei com urg\u00eancia&#8221;. A Pol\u00edcia Legislativa tamb\u00e9m est\u00e1 no local, na tentativa de conter a invas\u00e3o.<\/p>\n<p>&#8220;Conversei h\u00e1 pouco, por telefone, com o governador do Distrito Federal, Ibaneis Rocha, com quem venho mantendo contato permanente. O governador me informou que est\u00e1 concentrando os esfor\u00e7os de todo o aparato policial no sentido de controlar a situa\u00e7\u00e3o&#8221;, disse Pacheco.<\/p>\n<p>Com EBC<\/p>\n","protected":false},"excerpt":{"rendered":"<p>Manifestantes apoiadores do ex-presidente Jair Bolsonaro inconformados com o resultado das elei\u00e7\u00f5es invadiram o Congresso Nacional, o Pal\u00e1cio do Planalto e o Supremo Tribunal Federal (STF). A invas\u00e3o come\u00e7ou ap\u00f3s a barreira formada por policiais militares na Esplanada dos Minist\u00e9rio, que estava fechada, ter sido rompida. O Congresso Nacional foi o primeiro a ser invadido, com os manifestantes ocupando a rampa e soltando foguetes. Depois eles\u00a0quebraram vidro do Sal\u00e3o Negro do Congresso e danificaram o plen\u00e1rio da Casa.\u00a0 Ap\u00f3s a depreda\u00e7\u00e3o\u00a0no Congresso, eles invadiram o Pal\u00e1cio do Planalto e o Supremo Tribunal Federal (STF). No STF, quebraram vidros e m\u00f3veis. As imagens mostram que o efetivo de policiais militares que estava nas proximidades do Congresso Nacional usou\u00a0sprays\u00a0de pimenta em uma tentativa sem sucesso de conter os manifestantes que entoavam palavras de ordem golpistas. Via redes sociais, o ministro da Justi\u00e7a, Fl\u00e1vio Dino, disse que &#8220;essa absurda tentativa de impor a vontade pela for\u00e7a n\u00e3o vai prevalecer&#8221;. Ele acrescentou ter ouvido do governo do Distrito Federal que o efetivo seria refor\u00e7ado. &#8220;As for\u00e7as de que dispomos est\u00e3o agindo. Estou na sede do Minist\u00e9rio da Justi\u00e7a&#8221;, escreveu o ministro. Ex-ministro da Justi\u00e7a do governo Bolsonaro e atual secret\u00e1rio de Seguran\u00e7a P\u00fablica do Governo do Distrito Federal, Anderson Torres, que se encontra nos Estados Unidos, disse, via Twitter, ter determinado ao setor de opera\u00e7\u00f5es &#8220;provid\u00eancias imediatas para o restabelecimento da ordem no centro de Bras\u00edlia&#8221;. O ministro-chefe da Secretaria de Comunica\u00e7\u00e3o, Paulo Pimenta, disse nas redes sociais, que tem certeza que a maioria dos brasileiros quer uni\u00e3o e paz para que o Brasil siga em frente. \u201cEssa manifesta\u00e7\u00e3o \u00e9 de uma minoria golpista que n\u00e3o aceita o resultado da elei\u00e7\u00e3o e que prega a viol\u00eancia. Uma minoria violenta, que vai \u00a0ser tratada com o rigor da lei\u201d. Presidente do Senado e do Congresso Nacional, Rodrigo Pacheco disse repudiar &#8220;veementemente esses atos antidemocr\u00e1ticos&#8221;, que, segundo ele, dever\u00e3o &#8220;sofrer o rigor da lei com urg\u00eancia&#8221;. A Pol\u00edcia Legislativa tamb\u00e9m est\u00e1 no local, na tentativa de conter a invas\u00e3o. &#8220;Conversei h\u00e1 pouco, por telefone, com o governador do Distrito Federal, Ibaneis Rocha, com quem venho mantendo contato permanente. O governador me informou que est\u00e1 concentrando os esfor\u00e7os de todo o aparato policial no sentido de controlar a situa\u00e7\u00e3o&#8221;, disse Pacheco. Com EBC<\/p>\n","protected":false},"author":2,"featured_media":45310,"comment_status":"closed","ping_status":"open","sticky":false,"template":"","format":"standard","meta":{"_eb_attr":"","_jetpack_memberships_contains_paid_content":false,"footnotes":""},"categories":[12],"tags":[],"class_list":["post-45309","post","type-post","status-publish","format-standard","has-post-thumbnail","hentry","category-geral"],"yoast_head":"<!-- This site is optimized with the Yoast SEO plugin v26.5 - https:\/\/yoast.com\/wordpress\/plugins\/seo\/ -->\n<title>URGENTE: Manifestantes invadem Congresso, Planalto e STF - Not&iacute;cias em Destaque<\/title>\n<meta name=\"robots\" content=\"index, follow, max-snippet:-1, max-image-preview:large, max-video-preview:-1\" \/>\n<link rel=\"canonical\" href=\"https:\/\/noticiasemdestaque.com\/cd\/?p=45309\" \/>\n<meta property=\"og:locale\" content=\"pt_BR\" \/>\n<meta property=\"og:type\" content=\"article\" \/>\n<meta property=\"og:title\" content=\"URGENTE: Manifestantes invadem Congresso, Planalto e STF - Not&iacute;cias em Destaque\" \/>\n<meta property=\"og:description\" content=\"Manifestantes apoiadores do ex-presidente Jair Bolsonaro inconformados com o resultado das elei\u00e7\u00f5es invadiram o Congresso Nacional, o Pal\u00e1cio do Planalto e o Supremo Tribunal Federal (STF). A invas\u00e3o come\u00e7ou ap\u00f3s a barreira formada por policiais militares na Esplanada dos Minist\u00e9rio, que estava fechada, ter sido rompida. O Congresso Nacional foi o primeiro a ser invadido, com os manifestantes ocupando a rampa e soltando foguetes. Depois eles\u00a0quebraram vidro do Sal\u00e3o Negro do Congresso e danificaram o plen\u00e1rio da Casa.\u00a0 Ap\u00f3s a depreda\u00e7\u00e3o\u00a0no Congresso, eles invadiram o Pal\u00e1cio do Planalto e o Supremo Tribunal Federal (STF). No STF, quebraram vidros e m\u00f3veis. As imagens mostram que o efetivo de policiais militares que estava nas proximidades do Congresso Nacional usou\u00a0sprays\u00a0de pimenta em uma tentativa sem sucesso de conter os manifestantes que entoavam palavras de ordem golpistas. Via redes sociais, o ministro da Justi\u00e7a, Fl\u00e1vio Dino, disse que &#8220;essa absurda tentativa de impor a vontade pela for\u00e7a n\u00e3o vai prevalecer&#8221;. Ele acrescentou ter ouvido do governo do Distrito Federal que o efetivo seria refor\u00e7ado. &#8220;As for\u00e7as de que dispomos est\u00e3o agindo. Estou na sede do Minist\u00e9rio da Justi\u00e7a&#8221;, escreveu o ministro. Ex-ministro da Justi\u00e7a do governo Bolsonaro e atual secret\u00e1rio de Seguran\u00e7a P\u00fablica do Governo do Distrito Federal, Anderson Torres, que se encontra nos Estados Unidos, disse, via Twitter, ter determinado ao setor de opera\u00e7\u00f5es &#8220;provid\u00eancias imediatas para o restabelecimento da ordem no centro de Bras\u00edlia&#8221;. O ministro-chefe da Secretaria de Comunica\u00e7\u00e3o, Paulo Pimenta, disse nas redes sociais, que tem certeza que a maioria dos brasileiros quer uni\u00e3o e paz para que o Brasil siga em frente. \u201cEssa manifesta\u00e7\u00e3o \u00e9 de uma minoria golpista que n\u00e3o aceita o resultado da elei\u00e7\u00e3o e que prega a viol\u00eancia. Uma minoria violenta, que vai \u00a0ser tratada com o rigor da lei\u201d. Presidente do Senado e do Congresso Nacional, Rodrigo Pacheco disse repudiar &#8220;veementemente esses atos antidemocr\u00e1ticos&#8221;, que, segundo ele, dever\u00e3o &#8220;sofrer o rigor da lei com urg\u00eancia&#8221;. A Pol\u00edcia Legislativa tamb\u00e9m est\u00e1 no local, na tentativa de conter a invas\u00e3o. &#8220;Conversei h\u00e1 pouco, por telefone, com o governador do Distrito Federal, Ibaneis Rocha, com quem venho mantendo contato permanente. O governador me informou que est\u00e1 concentrando os esfor\u00e7os de todo o aparato policial no sentido de controlar a situa\u00e7\u00e3o&#8221;, disse Pacheco. Com EBC\" \/>\n<meta property=\"og:url\" content=\"https:\/\/noticiasemdestaque.com\/cd\/?p=45309\" \/>\n<meta property=\"og:site_name\" content=\"Not&iacute;cias em Destaque\" \/>\n<meta property=\"article:published_time\" content=\"2023-01-08T19:57:15+00:00\" \/>\n<meta property=\"article:modified_time\" content=\"2023-01-08T19:57:34+00:00\" \/>\n<meta property=\"og:image\" content=\"https:\/\/noticiasemdestaque.com\/cd\/wp-content\/uploads\/2023\/01\/2023-01-08t192638z_2125614868_rc2imy99gzow_rtrmadp_3_brazil-politics-violence.jpg\" \/>\n\t<meta property=\"og:image:width\" content=\"1170\" \/>\n\t<meta property=\"og:image:height\" content=\"700\" \/>\n\t<meta property=\"og:image:type\" content=\"image\/jpeg\" \/>\n<meta name=\"author\" content=\"Not\u00edcias em Destaque\" \/>\n<meta name=\"twitter:card\" content=\"summary_large_image\" \/>\n<meta name=\"twitter:label1\" content=\"Escrito por\" \/>\n\t<meta name=\"twitter:data1\" content=\"Not\u00edcias em Destaque\" \/>\n\t<meta name=\"twitter:label2\" content=\"Est. tempo de leitura\" \/>\n\t<meta name=\"twitter:data2\" content=\"3 minutos\" \/>\n<script type=\"application\/ld+json\" class=\"yoast-schema-graph\">{\"@context\":\"https:\/\/schema.org\",\"@graph\":[{\"@type\":\"Article\",\"@id\":\"https:\/\/noticiasemdestaque.com\/cd\/?p=45309#article\",\"isPartOf\":{\"@id\":\"https:\/\/noticiasemdestaque.com\/cd\/?p=45309\"},\"author\":{\"name\":\"Not\u00edcias em Destaque\",\"@id\":\"https:\/\/noticiasemdestaque.com\/cd\/#\/schema\/person\/47f7d4f55eec17c6b2ca036c5500f6ce\"},\"headline\":\"URGENTE: Manifestantes invadem Congresso, Planalto e STF\",\"datePublished\":\"2023-01-08T19:57:15+00:00\",\"dateModified\":\"2023-01-08T19:57:34+00:00\",\"mainEntityOfPage\":{\"@id\":\"https:\/\/noticiasemdestaque.com\/cd\/?p=45309\"},\"wordCount\":428,\"publisher\":{\"@id\":\"https:\/\/noticiasemdestaque.com\/cd\/#organization\"},\"image\":{\"@id\":\"https:\/\/noticiasemdestaque.com\/cd\/?p=45309#primaryimage\"},\"thumbnailUrl\":\"https:\/\/noticiasemdestaque.com\/cd\/wp-content\/uploads\/2023\/01\/2023-01-08t192638z_2125614868_rc2imy99gzow_rtrmadp_3_brazil-politics-violence.jpg\",\"articleSection\":[\"Geral\"],\"inLanguage\":\"pt-BR\"},{\"@type\":\"WebPage\",\"@id\":\"https:\/\/noticiasemdestaque.com\/cd\/?p=45309\",\"url\":\"https:\/\/noticiasemdestaque.com\/cd\/?p=45309\",\"name\":\"URGENTE: Manifestantes invadem Congresso, Planalto e STF - Not&iacute;cias em Destaque\",\"isPartOf\":{\"@id\":\"https:\/\/noticiasemdestaque.com\/cd\/#website\"},\"primaryImageOfPage\":{\"@id\":\"https:\/\/noticiasemdestaque.com\/cd\/?p=45309#primaryimage\"},\"image\":{\"@id\":\"https:\/\/noticiasemdestaque.com\/cd\/?p=45309#primaryimage\"},\"thumbnailUrl\":\"https:\/\/noticiasemdestaque.com\/cd\/wp-content\/uploads\/2023\/01\/2023-01-08t192638z_2125614868_rc2imy99gzow_rtrmadp_3_brazil-politics-violence.jpg\",\"datePublished\":\"2023-01-08T19:57:15+00:00\",\"dateModified\":\"2023-01-08T19:57:34+00:00\",\"breadcrumb\":{\"@id\":\"https:\/\/noticiasemdestaque.com\/cd\/?p=45309#breadcrumb\"},\"inLanguage\":\"pt-BR\",\"potentialAction\":[{\"@type\":\"ReadAction\",\"target\":[\"https:\/\/noticiasemdestaque.com\/cd\/?p=45309\"]}]},{\"@type\":\"ImageObject\",\"inLanguage\":\"pt-BR\",\"@id\":\"https:\/\/noticiasemdestaque.com\/cd\/?p=45309#primaryimage\",\"url\":\"https:\/\/noticiasemdestaque.com\/cd\/wp-content\/uploads\/2023\/01\/2023-01-08t192638z_2125614868_rc2imy99gzow_rtrmadp_3_brazil-politics-violence.jpg\",\"contentUrl\":\"https:\/\/noticiasemdestaque.com\/cd\/wp-content\/uploads\/2023\/01\/2023-01-08t192638z_2125614868_rc2imy99gzow_rtrmadp_3_brazil-politics-violence.jpg\",\"width\":1170,\"height\":700},{\"@type\":\"BreadcrumbList\",\"@id\":\"https:\/\/noticiasemdestaque.com\/cd\/?p=45309#breadcrumb\",\"itemListElement\":[{\"@type\":\"ListItem\",\"position\":1,\"name\":\"In\u00edcio\",\"item\":\"https:\/\/noticiasemdestaque.com\/cd\/\"},{\"@type\":\"ListItem\",\"position\":2,\"name\":\"URGENTE: Manifestantes invadem Congresso, Planalto e STF\"}]},{\"@type\":\"WebSite\",\"@id\":\"https:\/\/noticiasemdestaque.com\/cd\/#website\",\"url\":\"https:\/\/noticiasemdestaque.com\/cd\/\",\"name\":\"Not&iacute;cias em Destaque\",\"description\":\"\",\"publisher\":{\"@id\":\"https:\/\/noticiasemdestaque.com\/cd\/#organization\"},\"potentialAction\":[{\"@type\":\"SearchAction\",\"target\":{\"@type\":\"EntryPoint\",\"urlTemplate\":\"https:\/\/noticiasemdestaque.com\/cd\/?s={search_term_string}\"},\"query-input\":{\"@type\":\"PropertyValueSpecification\",\"valueRequired\":true,\"valueName\":\"search_term_string\"}}],\"inLanguage\":\"pt-BR\"},{\"@type\":\"Organization\",\"@id\":\"https:\/\/noticiasemdestaque.com\/cd\/#organization\",\"name\":\"Not\u00edcias em Destaque\",\"url\":\"https:\/\/noticiasemdestaque.com\/cd\/\",\"logo\":{\"@type\":\"ImageObject\",\"inLanguage\":\"pt-BR\",\"@id\":\"https:\/\/noticiasemdestaque.com\/cd\/#\/schema\/logo\/image\/\",\"url\":\"https:\/\/noticiasemdestaque.com\/cd\/wp-content\/uploads\/2022\/05\/imagem-base-noticiasemdestaque.png\",\"contentUrl\":\"https:\/\/noticiasemdestaque.com\/cd\/wp-content\/uploads\/2022\/05\/imagem-base-noticiasemdestaque.png\",\"width\":1200,\"height\":630,\"caption\":\"Not\u00edcias em Destaque\"},\"image\":{\"@id\":\"https:\/\/noticiasemdestaque.com\/cd\/#\/schema\/logo\/image\/\"}},{\"@type\":\"Person\",\"@id\":\"https:\/\/noticiasemdestaque.com\/cd\/#\/schema\/person\/47f7d4f55eec17c6b2ca036c5500f6ce\",\"name\":\"Not\u00edcias em Destaque\",\"url\":\"https:\/\/noticiasemdestaque.com\/cd\/?author=2\"}]}<\/script>\n<!-- \/ Yoast SEO plugin. -->","yoast_head_json":{"title":"URGENTE: Manifestantes invadem Congresso, Planalto e STF - Not&iacute;cias em Destaque","robots":{"index":"index","follow":"follow","max-snippet":"max-snippet:-1","max-image-preview":"max-image-preview:large","max-video-preview":"max-video-preview:-1"},"canonical":"https:\/\/noticiasemdestaque.com\/cd\/?p=45309","og_locale":"pt_BR","og_type":"article","og_title":"URGENTE: Manifestantes invadem Congresso, Planalto e STF - Not&iacute;cias em Destaque","og_description":"Manifestantes apoiadores do ex-presidente Jair Bolsonaro inconformados com o resultado das elei\u00e7\u00f5es invadiram o Congresso Nacional, o Pal\u00e1cio do Planalto e o Supremo Tribunal Federal (STF). A invas\u00e3o come\u00e7ou ap\u00f3s a barreira formada por policiais militares na Esplanada dos Minist\u00e9rio, que estava fechada, ter sido rompida. O Congresso Nacional foi o primeiro a ser invadido, com os manifestantes ocupando a rampa e soltando foguetes. Depois eles\u00a0quebraram vidro do Sal\u00e3o Negro do Congresso e danificaram o plen\u00e1rio da Casa.\u00a0 Ap\u00f3s a depreda\u00e7\u00e3o\u00a0no Congresso, eles invadiram o Pal\u00e1cio do Planalto e o Supremo Tribunal Federal (STF). No STF, quebraram vidros e m\u00f3veis. As imagens mostram que o efetivo de policiais militares que estava nas proximidades do Congresso Nacional usou\u00a0sprays\u00a0de pimenta em uma tentativa sem sucesso de conter os manifestantes que entoavam palavras de ordem golpistas. Via redes sociais, o ministro da Justi\u00e7a, Fl\u00e1vio Dino, disse que &#8220;essa absurda tentativa de impor a vontade pela for\u00e7a n\u00e3o vai prevalecer&#8221;. Ele acrescentou ter ouvido do governo do Distrito Federal que o efetivo seria refor\u00e7ado. &#8220;As for\u00e7as de que dispomos est\u00e3o agindo. Estou na sede do Minist\u00e9rio da Justi\u00e7a&#8221;, escreveu o ministro. Ex-ministro da Justi\u00e7a do governo Bolsonaro e atual secret\u00e1rio de Seguran\u00e7a P\u00fablica do Governo do Distrito Federal, Anderson Torres, que se encontra nos Estados Unidos, disse, via Twitter, ter determinado ao setor de opera\u00e7\u00f5es &#8220;provid\u00eancias imediatas para o restabelecimento da ordem no centro de Bras\u00edlia&#8221;. O ministro-chefe da Secretaria de Comunica\u00e7\u00e3o, Paulo Pimenta, disse nas redes sociais, que tem certeza que a maioria dos brasileiros quer uni\u00e3o e paz para que o Brasil siga em frente. \u201cEssa manifesta\u00e7\u00e3o \u00e9 de uma minoria golpista que n\u00e3o aceita o resultado da elei\u00e7\u00e3o e que prega a viol\u00eancia. Uma minoria violenta, que vai \u00a0ser tratada com o rigor da lei\u201d. Presidente do Senado e do Congresso Nacional, Rodrigo Pacheco disse repudiar &#8220;veementemente esses atos antidemocr\u00e1ticos&#8221;, que, segundo ele, dever\u00e3o &#8220;sofrer o rigor da lei com urg\u00eancia&#8221;. A Pol\u00edcia Legislativa tamb\u00e9m est\u00e1 no local, na tentativa de conter a invas\u00e3o. &#8220;Conversei h\u00e1 pouco, por telefone, com o governador do Distrito Federal, Ibaneis Rocha, com quem venho mantendo contato permanente. O governador me informou que est\u00e1 concentrando os esfor\u00e7os de todo o aparato policial no sentido de controlar a situa\u00e7\u00e3o&#8221;, disse Pacheco. Com EBC","og_url":"https:\/\/noticiasemdestaque.com\/cd\/?p=45309","og_site_name":"Not&iacute;cias em Destaque","article_published_time":"2023-01-08T19:57:15+00:00","article_modified_time":"2023-01-08T19:57:34+00:00","og_image":[{"width":1170,"height":700,"url":"https:\/\/noticiasemdestaque.com\/cd\/wp-content\/uploads\/2023\/01\/2023-01-08t192638z_2125614868_rc2imy99gzow_rtrmadp_3_brazil-politics-violence.jpg","type":"image\/jpeg"}],"author":"Not\u00edcias em Destaque","twitter_card":"summary_large_image","twitter_misc":{"Escrito por":"Not\u00edcias em Destaque","Est. tempo de leitura":"3 minutos"},"schema":{"@context":"https:\/\/schema.org","@graph":[{"@type":"Article","@id":"https:\/\/noticiasemdestaque.com\/cd\/?p=45309#article","isPartOf":{"@id":"https:\/\/noticiasemdestaque.com\/cd\/?p=45309"},"author":{"name":"Not\u00edcias em Destaque","@id":"https:\/\/noticiasemdestaque.com\/cd\/#\/schema\/person\/47f7d4f55eec17c6b2ca036c5500f6ce"},"headline":"URGENTE: Manifestantes invadem Congresso, Planalto e STF","datePublished":"2023-01-08T19:57:15+00:00","dateModified":"2023-01-08T19:57:34+00:00","mainEntityOfPage":{"@id":"https:\/\/noticiasemdestaque.com\/cd\/?p=45309"},"wordCount":428,"publisher":{"@id":"https:\/\/noticiasemdestaque.com\/cd\/#organization"},"image":{"@id":"https:\/\/noticiasemdestaque.com\/cd\/?p=45309#primaryimage"},"thumbnailUrl":"https:\/\/noticiasemdestaque.com\/cd\/wp-content\/uploads\/2023\/01\/2023-01-08t192638z_2125614868_rc2imy99gzow_rtrmadp_3_brazil-politics-violence.jpg","articleSection":["Geral"],"inLanguage":"pt-BR"},{"@type":"WebPage","@id":"https:\/\/noticiasemdestaque.com\/cd\/?p=45309","url":"https:\/\/noticiasemdestaque.com\/cd\/?p=45309","name":"URGENTE: Manifestantes invadem Congresso, Planalto e STF - Not&iacute;cias em Destaque","isPartOf":{"@id":"https:\/\/noticiasemdestaque.com\/cd\/#website"},"primaryImageOfPage":{"@id":"https:\/\/noticiasemdestaque.com\/cd\/?p=45309#primaryimage"},"image":{"@id":"https:\/\/noticiasemdestaque.com\/cd\/?p=45309#primaryimage"},"thumbnailUrl":"https:\/\/noticiasemdestaque.com\/cd\/wp-content\/uploads\/2023\/01\/2023-01-08t192638z_2125614868_rc2imy99gzow_rtrmadp_3_brazil-politics-violence.jpg","datePublished":"2023-01-08T19:57:15+00:00","dateModified":"2023-01-08T19:57:34+00:00","breadcrumb":{"@id":"https:\/\/noticiasemdestaque.com\/cd\/?p=45309#breadcrumb"},"inLanguage":"pt-BR","potentialAction":[{"@type":"ReadAction","target":["https:\/\/noticiasemdestaque.com\/cd\/?p=45309"]}]},{"@type":"ImageObject","inLanguage":"pt-BR","@id":"https:\/\/noticiasemdestaque.com\/cd\/?p=45309#primaryimage","url":"https:\/\/noticiasemdestaque.com\/cd\/wp-content\/uploads\/2023\/01\/2023-01-08t192638z_2125614868_rc2imy99gzow_rtrmadp_3_brazil-politics-violence.jpg","contentUrl":"https:\/\/noticiasemdestaque.com\/cd\/wp-content\/uploads\/2023\/01\/2023-01-08t192638z_2125614868_rc2imy99gzow_rtrmadp_3_brazil-politics-violence.jpg","width":1170,"height":700},{"@type":"BreadcrumbList","@id":"https:\/\/noticiasemdestaque.com\/cd\/?p=45309#breadcrumb","itemListElement":[{"@type":"ListItem","position":1,"name":"In\u00edcio","item":"https:\/\/noticiasemdestaque.com\/cd\/"},{"@type":"ListItem","position":2,"name":"URGENTE: Manifestantes invadem Congresso, Planalto e STF"}]},{"@type":"WebSite","@id":"https:\/\/noticiasemdestaque.com\/cd\/#website","url":"https:\/\/noticiasemdestaque.com\/cd\/","name":"Not&iacute;cias em Destaque","description":"","publisher":{"@id":"https:\/\/noticiasemdestaque.com\/cd\/#organization"},"potentialAction":[{"@type":"SearchAction","target":{"@type":"EntryPoint","urlTemplate":"https:\/\/noticiasemdestaque.com\/cd\/?s={search_term_string}"},"query-input":{"@type":"PropertyValueSpecification","valueRequired":true,"valueName":"search_term_string"}}],"inLanguage":"pt-BR"},{"@type":"Organization","@id":"https:\/\/noticiasemdestaque.com\/cd\/#organization","name":"Not\u00edcias em Destaque","url":"https:\/\/noticiasemdestaque.com\/cd\/","logo":{"@type":"ImageObject","inLanguage":"pt-BR","@id":"https:\/\/noticiasemdestaque.com\/cd\/#\/schema\/logo\/image\/","url":"https:\/\/noticiasemdestaque.com\/cd\/wp-content\/uploads\/2022\/05\/imagem-base-noticiasemdestaque.png","contentUrl":"https:\/\/noticiasemdestaque.com\/cd\/wp-content\/uploads\/2022\/05\/imagem-base-noticiasemdestaque.png","width":1200,"height":630,"caption":"Not\u00edcias em Destaque"},"image":{"@id":"https:\/\/noticiasemdestaque.com\/cd\/#\/schema\/logo\/image\/"}},{"@type":"Person","@id":"https:\/\/noticiasemdestaque.com\/cd\/#\/schema\/person\/47f7d4f55eec17c6b2ca036c5500f6ce","name":"Not\u00edcias em Destaque","url":"https:\/\/noticiasemdestaque.com\/cd\/?author=2"}]}},"jetpack_featured_media_url":"https:\/\/noticiasemdestaque.com\/cd\/wp-content\/uploads\/2023\/01\/2023-01-08t192638z_2125614868_rc2imy99gzow_rtrmadp_3_brazil-politics-violence.jpg","jetpack_sharing_enabled":true,"_links":{"self":[{"href":"https:\/\/noticiasemdestaque.com\/cd\/index.php?rest_route=\/wp\/v2\/posts\/45309","targetHints":{"allow":["GET"]}}],"collection":[{"href":"https:\/\/noticiasemdestaque.com\/cd\/index.php?rest_route=\/wp\/v2\/posts"}],"about":[{"href":"https:\/\/noticiasemdestaque.com\/cd\/index.php?rest_route=\/wp\/v2\/types\/post"}],"author":[{"embeddable":true,"href":"https:\/\/noticiasemdestaque.com\/cd\/index.php?rest_route=\/wp\/v2\/users\/2"}],"replies":[{"embeddable":true,"href":"https:\/\/noticiasemdestaque.com\/cd\/index.php?rest_route=%2Fwp%2Fv2%2Fcomments&post=45309"}],"version-history":[{"count":2,"href":"https:\/\/noticiasemdestaque.com\/cd\/index.php?rest_route=\/wp\/v2\/posts\/45309\/revisions"}],"predecessor-version":[{"id":45312,"href":"https:\/\/noticiasemdestaque.com\/cd\/index.php?rest_route=\/wp\/v2\/posts\/45309\/revisions\/45312"}],"wp:featuredmedia":[{"embeddable":true,"href":"https:\/\/noticiasemdestaque.com\/cd\/index.php?rest_route=\/wp\/v2\/media\/45310"}],"wp:attachment":[{"href":"https:\/\/noticiasemdestaque.com\/cd\/index.php?rest_route=%2Fwp%2Fv2%2Fmedia&parent=45309"}],"wp:term":[{"taxonomy":"category","embeddable":true,"href":"https:\/\/noticiasemdestaque.com\/cd\/index.php?rest_route=%2Fwp%2Fv2%2Fcategories&post=45309"},{"taxonomy":"post_tag","embeddable":true,"href":"https:\/\/noticiasemdestaque.com\/cd\/index.php?rest_route=%2Fwp%2Fv2%2Ftags&post=45309"}],"curies":[{"name":"wp","href":"https:\/\/api.w.org\/{rel}","templated":true}]}}