{"id":45306,"date":"2023-01-08T14:10:47","date_gmt":"2023-01-08T17:10:47","guid":{"rendered":"https:\/\/noticiasemdestaque.com\/cd\/?p=45306"},"modified":"2023-01-08T14:10:47","modified_gmt":"2023-01-08T17:10:47","slug":"pela-primeira-vez-uma-mulher-assume-o-comando-da-prefeitura-de-sao-jose-dos-cordeiros","status":"publish","type":"post","link":"https:\/\/noticiasemdestaque.com\/cd\/?p=45306","title":{"rendered":"Pela primeira vez uma mulher assume o comando da Prefeitura de S\u00e3o Jos\u00e9 dos Cordeiros"},"content":{"rendered":"<p><a href=\"https:\/\/noticiasemdestaque.com\/cd\/wp-content\/uploads\/2023\/01\/323979611_899800814486861_1761199493231261928_n.jpg\"><img fetchpriority=\"high\" decoding=\"async\" class=\"alignnone  wp-image-45307\" src=\"https:\/\/noticiasemdestaque.com\/cd\/wp-content\/uploads\/2023\/01\/323979611_899800814486861_1761199493231261928_n-300x200.jpg\" alt=\"\" width=\"1112\" height=\"741\" srcset=\"https:\/\/noticiasemdestaque.com\/cd\/wp-content\/uploads\/2023\/01\/323979611_899800814486861_1761199493231261928_n-300x200.jpg 300w, https:\/\/noticiasemdestaque.com\/cd\/wp-content\/uploads\/2023\/01\/323979611_899800814486861_1761199493231261928_n-1024x683.jpg 1024w, https:\/\/noticiasemdestaque.com\/cd\/wp-content\/uploads\/2023\/01\/323979611_899800814486861_1761199493231261928_n-768x512.jpg 768w, https:\/\/noticiasemdestaque.com\/cd\/wp-content\/uploads\/2023\/01\/323979611_899800814486861_1761199493231261928_n-18x12.jpg 18w, https:\/\/noticiasemdestaque.com\/cd\/wp-content\/uploads\/2023\/01\/323979611_899800814486861_1761199493231261928_n.jpg 1065w\" sizes=\"(max-width: 1112px) 100vw, 1112px\" \/><\/a><\/p>\n<p>Neste s\u00e1bado, dia 07, tornou-se um dia hist\u00f3rico para S\u00e3o Jos\u00e9 dos Cordeiros. Nesta data, Lourdes Dantas tornou-se oficialmente a 1\u00aa mulher a assumir o cargo mais importante do munic\u00edpio, ap\u00f3s a licen\u00e7a\u00a0do prefeito Fel\u00edcio Queiroz para alguns dias de f\u00e9rias.<\/p>\n<p>O prefeito Fel\u00edcio Queiroz fez a transmiss\u00e3o do cargo de forma oficial em solenidade na C\u00e2mara Municipal de S\u00e3o Jos\u00e9 dos Cordeiros durante a manh\u00e3 deste s\u00e1bado. A presente sess\u00e3o foi conduzida pelo pelo Presidente da casa Jandilson Maranh\u00e3o e contou com a presen\u00e7a dos vereadores, secret\u00e1rios municipais e familiares.<\/p>\n<figure class=\"wp-block-image aligncenter size-large is-resized\"><img decoding=\"async\" class=\"wp-image-117188 aligncenter\" src=\"https:\/\/deolhonocariri.com.br\/wp-content\/uploads\/2023\/01\/324415989_1975224792684973_8629180136866360064_n-1024x683.jpg\" sizes=\"(max-width: 627px) 100vw, 627px\" srcset=\"https:\/\/deolhonocariri.com.br\/wp-content\/uploads\/2023\/01\/324415989_1975224792684973_8629180136866360064_n-1024x683.jpg 1024w, https:\/\/deolhonocariri.com.br\/wp-content\/uploads\/2023\/01\/324415989_1975224792684973_8629180136866360064_n-600x400.jpg 600w, https:\/\/deolhonocariri.com.br\/wp-content\/uploads\/2023\/01\/324415989_1975224792684973_8629180136866360064_n-400x267.jpg 400w, https:\/\/deolhonocariri.com.br\/wp-content\/uploads\/2023\/01\/324415989_1975224792684973_8629180136866360064_n-768x512.jpg 768w, https:\/\/deolhonocariri.com.br\/wp-content\/uploads\/2023\/01\/324415989_1975224792684973_8629180136866360064_n.jpg 1065w\" alt=\"\" width=\"627\" height=\"417\" \/><\/figure>\n<p>Em sua fala, Lourdes Dantas agradeceu a confian\u00e7a e a parceria do prefeito Fel\u00edcio Queiroz. \u201cEstou muito feliz e honrada em poder assumir a Prefeitura da minha querida cidade. Agrade\u00e7o a confian\u00e7a depositada pelo prefeito Fel\u00edcio Queiroz em t\u00ea-lo convidado para ser sua vice-prefeita. Desde j\u00e1, agrade\u00e7o \u00e0 todos pelo apoio e a parceria dos secret\u00e1rios, dos diretores e de todos os servidores municipais. Prometo exercer a fun\u00e7\u00e3o com muita dedica\u00e7\u00e3o, respeito e responsabilidade para bem representar as mulheres cordeirenses\u201d, destacou Lourdes Dantas.<\/p>\n<p>O prefeito Fel\u00edcio Queiroz, se disse tranquilo e confiante em transmitir o cargo. \u201c\u00c9 uma emo\u00e7\u00e3o grande fazer parte desse momento. Sempre pe\u00e7o a Deus sabedoria e que me cerque de pessoas com os mesmos valores, ideais e prop\u00f3sitos para a nossa amada Cordeiros. Tenho grande honra de passar para a minha vice Lourdes Dantas a caneta como um s\u00edmbolo de passar o bast\u00e3o e a chave da cidade. Tenho certeza que ela est\u00e1 preparada para assumir as decis\u00f5es nos pr\u00f3ximos dias\u201d, concluiu Fel\u00edcio.<\/p>\n<p>Com uma trajet\u00f3ria pol\u00edtica de uma longa experi\u00eancia, Lourdes Dantas j\u00e1 teve v\u00e1rios mandatos como vereadora, tendo j\u00e1 presidindo o Legislativo. Como vice-prefeita, Lourdes Dantas j\u00e1 est\u00e1 em seu segundo mandato consecutivo.<\/p>\n<p><strong>Noticias em Destaque<\/strong><\/p>\n<p style=\"text-align: right;\"><em>Fonte: De Olho no Cariri\/<\/em><em>Fotos: Ascom<\/em><\/p>\n","protected":false},"excerpt":{"rendered":"<p>Neste s\u00e1bado, dia 07, tornou-se um dia hist\u00f3rico para S\u00e3o Jos\u00e9 dos Cordeiros. Nesta data, Lourdes Dantas tornou-se oficialmente a 1\u00aa mulher a assumir o cargo mais importante do munic\u00edpio, ap\u00f3s a licen\u00e7a\u00a0do prefeito Fel\u00edcio Queiroz para alguns dias de f\u00e9rias. O prefeito Fel\u00edcio Queiroz fez a transmiss\u00e3o do cargo de forma oficial em solenidade na C\u00e2mara Municipal de S\u00e3o Jos\u00e9 dos Cordeiros durante a manh\u00e3 deste s\u00e1bado. A presente sess\u00e3o foi conduzida pelo pelo Presidente da casa Jandilson Maranh\u00e3o e contou com a presen\u00e7a dos vereadores, secret\u00e1rios municipais e familiares. Em sua fala, Lourdes Dantas agradeceu a confian\u00e7a e a parceria do prefeito Fel\u00edcio Queiroz. \u201cEstou muito feliz e honrada em poder assumir a Prefeitura da minha querida cidade. Agrade\u00e7o a confian\u00e7a depositada pelo prefeito Fel\u00edcio Queiroz em t\u00ea-lo convidado para ser sua vice-prefeita. Desde j\u00e1, agrade\u00e7o \u00e0 todos pelo apoio e a parceria dos secret\u00e1rios, dos diretores e de todos os servidores municipais. Prometo exercer a fun\u00e7\u00e3o com muita dedica\u00e7\u00e3o, respeito e responsabilidade para bem representar as mulheres cordeirenses\u201d, destacou Lourdes Dantas. O prefeito Fel\u00edcio Queiroz, se disse tranquilo e confiante em transmitir o cargo. \u201c\u00c9 uma emo\u00e7\u00e3o grande fazer parte desse momento. Sempre pe\u00e7o a Deus sabedoria e que me cerque de pessoas com os mesmos valores, ideais e prop\u00f3sitos para a nossa amada Cordeiros. Tenho grande honra de passar para a minha vice Lourdes Dantas a caneta como um s\u00edmbolo de passar o bast\u00e3o e a chave da cidade. Tenho certeza que ela est\u00e1 preparada para assumir as decis\u00f5es nos pr\u00f3ximos dias\u201d, concluiu Fel\u00edcio. Com uma trajet\u00f3ria pol\u00edtica de uma longa experi\u00eancia, Lourdes Dantas j\u00e1 teve v\u00e1rios mandatos como vereadora, tendo j\u00e1 presidindo o Legislativo. Como vice-prefeita, Lourdes Dantas j\u00e1 est\u00e1 em seu segundo mandato consecutivo. Noticias em Destaque Fonte: De Olho no Cariri\/Fotos: Ascom<\/p>\n","protected":false},"author":2,"featured_media":45307,"comment_status":"closed","ping_status":"open","sticky":false,"template":"","format":"standard","meta":{"_eb_attr":"","_jetpack_memberships_contains_paid_content":false,"footnotes":""},"categories":[3],"tags":[],"class_list":["post-45306","post","type-post","status-publish","format-standard","has-post-thumbnail","hentry","category-cidades"],"yoast_head":"<!-- This site is optimized with the Yoast SEO plugin v26.5 - https:\/\/yoast.com\/wordpress\/plugins\/seo\/ -->\n<title>Pela primeira vez uma mulher assume o comando da Prefeitura de S\u00e3o Jos\u00e9 dos Cordeiros - Not&iacute;cias em Destaque<\/title>\n<meta name=\"robots\" content=\"index, follow, max-snippet:-1, max-image-preview:large, max-video-preview:-1\" \/>\n<link rel=\"canonical\" href=\"https:\/\/noticiasemdestaque.com\/cd\/?p=45306\" \/>\n<meta property=\"og:locale\" content=\"pt_BR\" \/>\n<meta property=\"og:type\" content=\"article\" \/>\n<meta property=\"og:title\" content=\"Pela primeira vez uma mulher assume o comando da Prefeitura de S\u00e3o Jos\u00e9 dos Cordeiros - Not&iacute;cias em Destaque\" \/>\n<meta property=\"og:description\" content=\"Neste s\u00e1bado, dia 07, tornou-se um dia hist\u00f3rico para S\u00e3o Jos\u00e9 dos Cordeiros. Nesta data, Lourdes Dantas tornou-se oficialmente a 1\u00aa mulher a assumir o cargo mais importante do munic\u00edpio, ap\u00f3s a licen\u00e7a\u00a0do prefeito Fel\u00edcio Queiroz para alguns dias de f\u00e9rias. O prefeito Fel\u00edcio Queiroz fez a transmiss\u00e3o do cargo de forma oficial em solenidade na C\u00e2mara Municipal de S\u00e3o Jos\u00e9 dos Cordeiros durante a manh\u00e3 deste s\u00e1bado. A presente sess\u00e3o foi conduzida pelo pelo Presidente da casa Jandilson Maranh\u00e3o e contou com a presen\u00e7a dos vereadores, secret\u00e1rios municipais e familiares. Em sua fala, Lourdes Dantas agradeceu a confian\u00e7a e a parceria do prefeito Fel\u00edcio Queiroz. \u201cEstou muito feliz e honrada em poder assumir a Prefeitura da minha querida cidade. Agrade\u00e7o a confian\u00e7a depositada pelo prefeito Fel\u00edcio Queiroz em t\u00ea-lo convidado para ser sua vice-prefeita. Desde j\u00e1, agrade\u00e7o \u00e0 todos pelo apoio e a parceria dos secret\u00e1rios, dos diretores e de todos os servidores municipais. Prometo exercer a fun\u00e7\u00e3o com muita dedica\u00e7\u00e3o, respeito e responsabilidade para bem representar as mulheres cordeirenses\u201d, destacou Lourdes Dantas. O prefeito Fel\u00edcio Queiroz, se disse tranquilo e confiante em transmitir o cargo. \u201c\u00c9 uma emo\u00e7\u00e3o grande fazer parte desse momento. Sempre pe\u00e7o a Deus sabedoria e que me cerque de pessoas com os mesmos valores, ideais e prop\u00f3sitos para a nossa amada Cordeiros. Tenho grande honra de passar para a minha vice Lourdes Dantas a caneta como um s\u00edmbolo de passar o bast\u00e3o e a chave da cidade. Tenho certeza que ela est\u00e1 preparada para assumir as decis\u00f5es nos pr\u00f3ximos dias\u201d, concluiu Fel\u00edcio. Com uma trajet\u00f3ria pol\u00edtica de uma longa experi\u00eancia, Lourdes Dantas j\u00e1 teve v\u00e1rios mandatos como vereadora, tendo j\u00e1 presidindo o Legislativo. Como vice-prefeita, Lourdes Dantas j\u00e1 est\u00e1 em seu segundo mandato consecutivo. Noticias em Destaque Fonte: De Olho no Cariri\/Fotos: Ascom\" \/>\n<meta property=\"og:url\" content=\"https:\/\/noticiasemdestaque.com\/cd\/?p=45306\" \/>\n<meta property=\"og:site_name\" content=\"Not&iacute;cias em Destaque\" \/>\n<meta property=\"article:published_time\" content=\"2023-01-08T17:10:47+00:00\" \/>\n<meta property=\"og:image\" content=\"https:\/\/noticiasemdestaque.com\/cd\/wp-content\/uploads\/2023\/01\/323979611_899800814486861_1761199493231261928_n.jpg\" \/>\n\t<meta property=\"og:image:width\" content=\"1065\" \/>\n\t<meta property=\"og:image:height\" content=\"710\" \/>\n\t<meta property=\"og:image:type\" content=\"image\/jpeg\" \/>\n<meta name=\"author\" content=\"Not\u00edcias em Destaque\" \/>\n<meta name=\"twitter:card\" content=\"summary_large_image\" \/>\n<meta name=\"twitter:label1\" content=\"Escrito por\" \/>\n\t<meta name=\"twitter:data1\" content=\"Not\u00edcias em Destaque\" \/>\n\t<meta name=\"twitter:label2\" content=\"Est. tempo de leitura\" \/>\n\t<meta name=\"twitter:data2\" content=\"3 minutos\" \/>\n<script type=\"application\/ld+json\" class=\"yoast-schema-graph\">{\"@context\":\"https:\/\/schema.org\",\"@graph\":[{\"@type\":\"Article\",\"@id\":\"https:\/\/noticiasemdestaque.com\/cd\/?p=45306#article\",\"isPartOf\":{\"@id\":\"https:\/\/noticiasemdestaque.com\/cd\/?p=45306\"},\"author\":{\"name\":\"Not\u00edcias em Destaque\",\"@id\":\"https:\/\/noticiasemdestaque.com\/cd\/#\/schema\/person\/47f7d4f55eec17c6b2ca036c5500f6ce\"},\"headline\":\"Pela primeira vez uma mulher assume o comando da Prefeitura de S\u00e3o Jos\u00e9 dos Cordeiros\",\"datePublished\":\"2023-01-08T17:10:47+00:00\",\"mainEntityOfPage\":{\"@id\":\"https:\/\/noticiasemdestaque.com\/cd\/?p=45306\"},\"wordCount\":353,\"publisher\":{\"@id\":\"https:\/\/noticiasemdestaque.com\/cd\/#organization\"},\"image\":{\"@id\":\"https:\/\/noticiasemdestaque.com\/cd\/?p=45306#primaryimage\"},\"thumbnailUrl\":\"https:\/\/noticiasemdestaque.com\/cd\/wp-content\/uploads\/2023\/01\/323979611_899800814486861_1761199493231261928_n.jpg\",\"articleSection\":[\"Cidades\"],\"inLanguage\":\"pt-BR\"},{\"@type\":\"WebPage\",\"@id\":\"https:\/\/noticiasemdestaque.com\/cd\/?p=45306\",\"url\":\"https:\/\/noticiasemdestaque.com\/cd\/?p=45306\",\"name\":\"Pela primeira vez uma mulher assume o comando da Prefeitura de S\u00e3o Jos\u00e9 dos Cordeiros - Not&iacute;cias em Destaque\",\"isPartOf\":{\"@id\":\"https:\/\/noticiasemdestaque.com\/cd\/#website\"},\"primaryImageOfPage\":{\"@id\":\"https:\/\/noticiasemdestaque.com\/cd\/?p=45306#primaryimage\"},\"image\":{\"@id\":\"https:\/\/noticiasemdestaque.com\/cd\/?p=45306#primaryimage\"},\"thumbnailUrl\":\"https:\/\/noticiasemdestaque.com\/cd\/wp-content\/uploads\/2023\/01\/323979611_899800814486861_1761199493231261928_n.jpg\",\"datePublished\":\"2023-01-08T17:10:47+00:00\",\"breadcrumb\":{\"@id\":\"https:\/\/noticiasemdestaque.com\/cd\/?p=45306#breadcrumb\"},\"inLanguage\":\"pt-BR\",\"potentialAction\":[{\"@type\":\"ReadAction\",\"target\":[\"https:\/\/noticiasemdestaque.com\/cd\/?p=45306\"]}]},{\"@type\":\"ImageObject\",\"inLanguage\":\"pt-BR\",\"@id\":\"https:\/\/noticiasemdestaque.com\/cd\/?p=45306#primaryimage\",\"url\":\"https:\/\/noticiasemdestaque.com\/cd\/wp-content\/uploads\/2023\/01\/323979611_899800814486861_1761199493231261928_n.jpg\",\"contentUrl\":\"https:\/\/noticiasemdestaque.com\/cd\/wp-content\/uploads\/2023\/01\/323979611_899800814486861_1761199493231261928_n.jpg\",\"width\":1065,\"height\":710},{\"@type\":\"BreadcrumbList\",\"@id\":\"https:\/\/noticiasemdestaque.com\/cd\/?p=45306#breadcrumb\",\"itemListElement\":[{\"@type\":\"ListItem\",\"position\":1,\"name\":\"In\u00edcio\",\"item\":\"https:\/\/noticiasemdestaque.com\/cd\/\"},{\"@type\":\"ListItem\",\"position\":2,\"name\":\"Pela primeira vez uma mulher assume o comando da Prefeitura de S\u00e3o Jos\u00e9 dos Cordeiros\"}]},{\"@type\":\"WebSite\",\"@id\":\"https:\/\/noticiasemdestaque.com\/cd\/#website\",\"url\":\"https:\/\/noticiasemdestaque.com\/cd\/\",\"name\":\"Not&iacute;cias em Destaque\",\"description\":\"\",\"publisher\":{\"@id\":\"https:\/\/noticiasemdestaque.com\/cd\/#organization\"},\"potentialAction\":[{\"@type\":\"SearchAction\",\"target\":{\"@type\":\"EntryPoint\",\"urlTemplate\":\"https:\/\/noticiasemdestaque.com\/cd\/?s={search_term_string}\"},\"query-input\":{\"@type\":\"PropertyValueSpecification\",\"valueRequired\":true,\"valueName\":\"search_term_string\"}}],\"inLanguage\":\"pt-BR\"},{\"@type\":\"Organization\",\"@id\":\"https:\/\/noticiasemdestaque.com\/cd\/#organization\",\"name\":\"Not\u00edcias em Destaque\",\"url\":\"https:\/\/noticiasemdestaque.com\/cd\/\",\"logo\":{\"@type\":\"ImageObject\",\"inLanguage\":\"pt-BR\",\"@id\":\"https:\/\/noticiasemdestaque.com\/cd\/#\/schema\/logo\/image\/\",\"url\":\"https:\/\/noticiasemdestaque.com\/cd\/wp-content\/uploads\/2022\/05\/imagem-base-noticiasemdestaque.png\",\"contentUrl\":\"https:\/\/noticiasemdestaque.com\/cd\/wp-content\/uploads\/2022\/05\/imagem-base-noticiasemdestaque.png\",\"width\":1200,\"height\":630,\"caption\":\"Not\u00edcias em Destaque\"},\"image\":{\"@id\":\"https:\/\/noticiasemdestaque.com\/cd\/#\/schema\/logo\/image\/\"}},{\"@type\":\"Person\",\"@id\":\"https:\/\/noticiasemdestaque.com\/cd\/#\/schema\/person\/47f7d4f55eec17c6b2ca036c5500f6ce\",\"name\":\"Not\u00edcias em Destaque\",\"url\":\"https:\/\/noticiasemdestaque.com\/cd\/?author=2\"}]}<\/script>\n<!-- \/ Yoast SEO plugin. -->","yoast_head_json":{"title":"Pela primeira vez uma mulher assume o comando da Prefeitura de S\u00e3o Jos\u00e9 dos Cordeiros - Not&iacute;cias em Destaque","robots":{"index":"index","follow":"follow","max-snippet":"max-snippet:-1","max-image-preview":"max-image-preview:large","max-video-preview":"max-video-preview:-1"},"canonical":"https:\/\/noticiasemdestaque.com\/cd\/?p=45306","og_locale":"pt_BR","og_type":"article","og_title":"Pela primeira vez uma mulher assume o comando da Prefeitura de S\u00e3o Jos\u00e9 dos Cordeiros - Not&iacute;cias em Destaque","og_description":"Neste s\u00e1bado, dia 07, tornou-se um dia hist\u00f3rico para S\u00e3o Jos\u00e9 dos Cordeiros. Nesta data, Lourdes Dantas tornou-se oficialmente a 1\u00aa mulher a assumir o cargo mais importante do munic\u00edpio, ap\u00f3s a licen\u00e7a\u00a0do prefeito Fel\u00edcio Queiroz para alguns dias de f\u00e9rias. O prefeito Fel\u00edcio Queiroz fez a transmiss\u00e3o do cargo de forma oficial em solenidade na C\u00e2mara Municipal de S\u00e3o Jos\u00e9 dos Cordeiros durante a manh\u00e3 deste s\u00e1bado. A presente sess\u00e3o foi conduzida pelo pelo Presidente da casa Jandilson Maranh\u00e3o e contou com a presen\u00e7a dos vereadores, secret\u00e1rios municipais e familiares. Em sua fala, Lourdes Dantas agradeceu a confian\u00e7a e a parceria do prefeito Fel\u00edcio Queiroz. \u201cEstou muito feliz e honrada em poder assumir a Prefeitura da minha querida cidade. Agrade\u00e7o a confian\u00e7a depositada pelo prefeito Fel\u00edcio Queiroz em t\u00ea-lo convidado para ser sua vice-prefeita. Desde j\u00e1, agrade\u00e7o \u00e0 todos pelo apoio e a parceria dos secret\u00e1rios, dos diretores e de todos os servidores municipais. Prometo exercer a fun\u00e7\u00e3o com muita dedica\u00e7\u00e3o, respeito e responsabilidade para bem representar as mulheres cordeirenses\u201d, destacou Lourdes Dantas. O prefeito Fel\u00edcio Queiroz, se disse tranquilo e confiante em transmitir o cargo. \u201c\u00c9 uma emo\u00e7\u00e3o grande fazer parte desse momento. Sempre pe\u00e7o a Deus sabedoria e que me cerque de pessoas com os mesmos valores, ideais e prop\u00f3sitos para a nossa amada Cordeiros. Tenho grande honra de passar para a minha vice Lourdes Dantas a caneta como um s\u00edmbolo de passar o bast\u00e3o e a chave da cidade. Tenho certeza que ela est\u00e1 preparada para assumir as decis\u00f5es nos pr\u00f3ximos dias\u201d, concluiu Fel\u00edcio. Com uma trajet\u00f3ria pol\u00edtica de uma longa experi\u00eancia, Lourdes Dantas j\u00e1 teve v\u00e1rios mandatos como vereadora, tendo j\u00e1 presidindo o Legislativo. Como vice-prefeita, Lourdes Dantas j\u00e1 est\u00e1 em seu segundo mandato consecutivo. Noticias em Destaque Fonte: De Olho no Cariri\/Fotos: Ascom","og_url":"https:\/\/noticiasemdestaque.com\/cd\/?p=45306","og_site_name":"Not&iacute;cias em Destaque","article_published_time":"2023-01-08T17:10:47+00:00","og_image":[{"width":1065,"height":710,"url":"https:\/\/noticiasemdestaque.com\/cd\/wp-content\/uploads\/2023\/01\/323979611_899800814486861_1761199493231261928_n.jpg","type":"image\/jpeg"}],"author":"Not\u00edcias em Destaque","twitter_card":"summary_large_image","twitter_misc":{"Escrito por":"Not\u00edcias em Destaque","Est. tempo de leitura":"3 minutos"},"schema":{"@context":"https:\/\/schema.org","@graph":[{"@type":"Article","@id":"https:\/\/noticiasemdestaque.com\/cd\/?p=45306#article","isPartOf":{"@id":"https:\/\/noticiasemdestaque.com\/cd\/?p=45306"},"author":{"name":"Not\u00edcias em Destaque","@id":"https:\/\/noticiasemdestaque.com\/cd\/#\/schema\/person\/47f7d4f55eec17c6b2ca036c5500f6ce"},"headline":"Pela primeira vez uma mulher assume o comando da Prefeitura de S\u00e3o Jos\u00e9 dos Cordeiros","datePublished":"2023-01-08T17:10:47+00:00","mainEntityOfPage":{"@id":"https:\/\/noticiasemdestaque.com\/cd\/?p=45306"},"wordCount":353,"publisher":{"@id":"https:\/\/noticiasemdestaque.com\/cd\/#organization"},"image":{"@id":"https:\/\/noticiasemdestaque.com\/cd\/?p=45306#primaryimage"},"thumbnailUrl":"https:\/\/noticiasemdestaque.com\/cd\/wp-content\/uploads\/2023\/01\/323979611_899800814486861_1761199493231261928_n.jpg","articleSection":["Cidades"],"inLanguage":"pt-BR"},{"@type":"WebPage","@id":"https:\/\/noticiasemdestaque.com\/cd\/?p=45306","url":"https:\/\/noticiasemdestaque.com\/cd\/?p=45306","name":"Pela primeira vez uma mulher assume o comando da Prefeitura de S\u00e3o Jos\u00e9 dos Cordeiros - Not&iacute;cias em Destaque","isPartOf":{"@id":"https:\/\/noticiasemdestaque.com\/cd\/#website"},"primaryImageOfPage":{"@id":"https:\/\/noticiasemdestaque.com\/cd\/?p=45306#primaryimage"},"image":{"@id":"https:\/\/noticiasemdestaque.com\/cd\/?p=45306#primaryimage"},"thumbnailUrl":"https:\/\/noticiasemdestaque.com\/cd\/wp-content\/uploads\/2023\/01\/323979611_899800814486861_1761199493231261928_n.jpg","datePublished":"2023-01-08T17:10:47+00:00","breadcrumb":{"@id":"https:\/\/noticiasemdestaque.com\/cd\/?p=45306#breadcrumb"},"inLanguage":"pt-BR","potentialAction":[{"@type":"ReadAction","target":["https:\/\/noticiasemdestaque.com\/cd\/?p=45306"]}]},{"@type":"ImageObject","inLanguage":"pt-BR","@id":"https:\/\/noticiasemdestaque.com\/cd\/?p=45306#primaryimage","url":"https:\/\/noticiasemdestaque.com\/cd\/wp-content\/uploads\/2023\/01\/323979611_899800814486861_1761199493231261928_n.jpg","contentUrl":"https:\/\/noticiasemdestaque.com\/cd\/wp-content\/uploads\/2023\/01\/323979611_899800814486861_1761199493231261928_n.jpg","width":1065,"height":710},{"@type":"BreadcrumbList","@id":"https:\/\/noticiasemdestaque.com\/cd\/?p=45306#breadcrumb","itemListElement":[{"@type":"ListItem","position":1,"name":"In\u00edcio","item":"https:\/\/noticiasemdestaque.com\/cd\/"},{"@type":"ListItem","position":2,"name":"Pela primeira vez uma mulher assume o comando da Prefeitura de S\u00e3o Jos\u00e9 dos Cordeiros"}]},{"@type":"WebSite","@id":"https:\/\/noticiasemdestaque.com\/cd\/#website","url":"https:\/\/noticiasemdestaque.com\/cd\/","name":"Not&iacute;cias em Destaque","description":"","publisher":{"@id":"https:\/\/noticiasemdestaque.com\/cd\/#organization"},"potentialAction":[{"@type":"SearchAction","target":{"@type":"EntryPoint","urlTemplate":"https:\/\/noticiasemdestaque.com\/cd\/?s={search_term_string}"},"query-input":{"@type":"PropertyValueSpecification","valueRequired":true,"valueName":"search_term_string"}}],"inLanguage":"pt-BR"},{"@type":"Organization","@id":"https:\/\/noticiasemdestaque.com\/cd\/#organization","name":"Not\u00edcias em Destaque","url":"https:\/\/noticiasemdestaque.com\/cd\/","logo":{"@type":"ImageObject","inLanguage":"pt-BR","@id":"https:\/\/noticiasemdestaque.com\/cd\/#\/schema\/logo\/image\/","url":"https:\/\/noticiasemdestaque.com\/cd\/wp-content\/uploads\/2022\/05\/imagem-base-noticiasemdestaque.png","contentUrl":"https:\/\/noticiasemdestaque.com\/cd\/wp-content\/uploads\/2022\/05\/imagem-base-noticiasemdestaque.png","width":1200,"height":630,"caption":"Not\u00edcias em Destaque"},"image":{"@id":"https:\/\/noticiasemdestaque.com\/cd\/#\/schema\/logo\/image\/"}},{"@type":"Person","@id":"https:\/\/noticiasemdestaque.com\/cd\/#\/schema\/person\/47f7d4f55eec17c6b2ca036c5500f6ce","name":"Not\u00edcias em Destaque","url":"https:\/\/noticiasemdestaque.com\/cd\/?author=2"}]}},"jetpack_featured_media_url":"https:\/\/noticiasemdestaque.com\/cd\/wp-content\/uploads\/2023\/01\/323979611_899800814486861_1761199493231261928_n.jpg","jetpack_sharing_enabled":true,"_links":{"self":[{"href":"https:\/\/noticiasemdestaque.com\/cd\/index.php?rest_route=\/wp\/v2\/posts\/45306","targetHints":{"allow":["GET"]}}],"collection":[{"href":"https:\/\/noticiasemdestaque.com\/cd\/index.php?rest_route=\/wp\/v2\/posts"}],"about":[{"href":"https:\/\/noticiasemdestaque.com\/cd\/index.php?rest_route=\/wp\/v2\/types\/post"}],"author":[{"embeddable":true,"href":"https:\/\/noticiasemdestaque.com\/cd\/index.php?rest_route=\/wp\/v2\/users\/2"}],"replies":[{"embeddable":true,"href":"https:\/\/noticiasemdestaque.com\/cd\/index.php?rest_route=%2Fwp%2Fv2%2Fcomments&post=45306"}],"version-history":[{"count":1,"href":"https:\/\/noticiasemdestaque.com\/cd\/index.php?rest_route=\/wp\/v2\/posts\/45306\/revisions"}],"predecessor-version":[{"id":45308,"href":"https:\/\/noticiasemdestaque.com\/cd\/index.php?rest_route=\/wp\/v2\/posts\/45306\/revisions\/45308"}],"wp:featuredmedia":[{"embeddable":true,"href":"https:\/\/noticiasemdestaque.com\/cd\/index.php?rest_route=\/wp\/v2\/media\/45307"}],"wp:attachment":[{"href":"https:\/\/noticiasemdestaque.com\/cd\/index.php?rest_route=%2Fwp%2Fv2%2Fmedia&parent=45306"}],"wp:term":[{"taxonomy":"category","embeddable":true,"href":"https:\/\/noticiasemdestaque.com\/cd\/index.php?rest_route=%2Fwp%2Fv2%2Fcategories&post=45306"},{"taxonomy":"post_tag","embeddable":true,"href":"https:\/\/noticiasemdestaque.com\/cd\/index.php?rest_route=%2Fwp%2Fv2%2Ftags&post=45306"}],"curies":[{"name":"wp","href":"https:\/\/api.w.org\/{rel}","templated":true}]}}