{"id":4530,"date":"2017-09-21T20:30:12","date_gmt":"2017-09-21T23:30:12","guid":{"rendered":"http:\/\/caririemdestaque.com\/cd\/?p=4530"},"modified":"2017-09-21T20:30:12","modified_gmt":"2017-09-21T23:30:12","slug":"monteiro-sedia-torneio-interestadual-de-sinuca-no-proximo-domingo","status":"publish","type":"post","link":"https:\/\/noticiasemdestaque.com\/cd\/?p=4530","title":{"rendered":"Monteiro sedia torneio interestadual de Sinuca no pr\u00f3ximo domingo"},"content":{"rendered":"<p><a href=\"http:\/\/caririemdestaque.com\/cd\/wp-content\/uploads\/2017\/09\/21092017162712.jpg\"><img decoding=\"async\" class=\"size-thumbnail wp-image-4531 alignleft\" src=\"http:\/\/caririemdestaque.com\/cd\/wp-content\/uploads\/2017\/09\/21092017162712-150x150.jpg\" alt=\"\" width=\"150\" height=\"150\" srcset=\"https:\/\/noticiasemdestaque.com\/cd\/wp-content\/uploads\/2017\/09\/21092017162712-150x150.jpg 150w, https:\/\/noticiasemdestaque.com\/cd\/wp-content\/uploads\/2017\/09\/21092017162712-266x266.jpg 266w\" sizes=\"(max-width: 150px) 100vw, 150px\" \/><\/a>A cidade de Monteiro vem obtendo grande destaque nas \u00e1reas esportivas, culturais e tur\u00edsticas, movimentando e aquecendo a economia municipal.<\/p>\n<p>Desde o in\u00edcio do ano o munic\u00edpio alavancou os eventos, a exemplo da inova\u00e7\u00e3o na programa\u00e7\u00e3o da Semana Santa, na realiza\u00e7\u00e3o do S\u00e3o Jo\u00e3o \u2013 Uma Festa Cada Vez Melhor, no encontro de ECO BIKE e recentemente no encontro de Aeromodelismo, que foi considerado o maior evento j\u00e1 realizado na Para\u00edba.<\/p>\n<p>Ainda neste m\u00eas de setembro a Prefeitura de Monteiro est\u00e1 apoiando o Campeonato Interestadual de Sinuca, modalidade 4&#215;4, que acontece no pr\u00f3ximo domingo, dia 24, no Centro Cultural Alexandre da Silva Brito, a partir das 08 horas da manh\u00e3.<\/p>\n<p>O evento deste domingo deve reunir dezenas de participantes de diversas cidades da Para\u00edba, Pernambuco e Rio Grande do Norte, que estar\u00e3o disputando 1\u00ba, 2\u00ba e 3\u00ba lugar que homenagear\u00e1, respectivamente, Edmar da Silva Brito (Bague), Luiz Teixeira (Pinincha) e o popular \u201cChap\u00e9u Ve\u00ed\u201d, todos in-memorian. Oferecidos pela Prefeitura Municipal de Monteiro, os trof\u00e9us homenageia personalidades que se destacaram nesta modalidade esportiva no munic\u00edpio.<\/p>\n<p>Por crit\u00e9rio dos organizadores do evento, os participantes pagar\u00e3o uma taxa de inscri\u00e7\u00e3o no valor de R$ 50 (cinquenta reais), e parte dos recursos ser\u00e3o destinados \u00e0 premia\u00e7\u00e3o do 1\u00ba ao 4\u00ba colocado, sendo o campe\u00e3o R$ 800,00; o segundo colocado R$ 500,00 e o terceiro e quarto colocado R$ 150,00 cada um.<\/p>\n<p><strong><em>Cariri em Destaque <\/em><\/strong><\/p>\n<p><em>Com Ascom<\/em><\/p>\n","protected":false},"excerpt":{"rendered":"<p>A cidade de Monteiro vem obtendo grande destaque nas \u00e1reas esportivas, culturais e tur\u00edsticas, movimentando e aquecendo a economia municipal. Desde o in\u00edcio do ano o munic\u00edpio alavancou os eventos, a exemplo da inova\u00e7\u00e3o na programa\u00e7\u00e3o da Semana Santa, na realiza\u00e7\u00e3o do S\u00e3o Jo\u00e3o \u2013 Uma Festa Cada Vez Melhor, no encontro de ECO BIKE e recentemente no encontro de Aeromodelismo, que foi considerado o maior evento j\u00e1 realizado na Para\u00edba. Ainda neste m\u00eas de setembro a Prefeitura de Monteiro est\u00e1 apoiando o Campeonato Interestadual de Sinuca, modalidade 4&#215;4, que acontece no pr\u00f3ximo domingo, dia 24, no Centro Cultural Alexandre da Silva Brito, a partir das 08 horas da manh\u00e3. O evento deste domingo deve reunir dezenas de participantes de diversas cidades da Para\u00edba, Pernambuco e Rio Grande do Norte, que estar\u00e3o disputando 1\u00ba, 2\u00ba e 3\u00ba lugar que homenagear\u00e1, respectivamente, Edmar da Silva Brito (Bague), Luiz Teixeira (Pinincha) e o popular \u201cChap\u00e9u Ve\u00ed\u201d, todos in-memorian. Oferecidos pela Prefeitura Municipal de Monteiro, os trof\u00e9us homenageia personalidades que se destacaram nesta modalidade esportiva no munic\u00edpio. Por crit\u00e9rio dos organizadores do evento, os participantes pagar\u00e3o uma taxa de inscri\u00e7\u00e3o no valor de R$ 50 (cinquenta reais), e parte dos recursos ser\u00e3o destinados \u00e0 premia\u00e7\u00e3o do 1\u00ba ao 4\u00ba colocado, sendo o campe\u00e3o R$ 800,00; o segundo colocado R$ 500,00 e o terceiro e quarto colocado R$ 150,00 cada um. Cariri em Destaque Com Ascom<\/p>\n","protected":false},"author":2,"featured_media":4531,"comment_status":"closed","ping_status":"open","sticky":false,"template":"","format":"standard","meta":{"_eb_attr":"","_jetpack_memberships_contains_paid_content":false,"footnotes":""},"categories":[6],"tags":[],"class_list":["post-4530","post","type-post","status-publish","format-standard","has-post-thumbnail","hentry","category-educacao"],"yoast_head":"<!-- This site is optimized with the Yoast SEO plugin v26.5 - https:\/\/yoast.com\/wordpress\/plugins\/seo\/ -->\n<title>Monteiro sedia torneio interestadual de Sinuca no pr\u00f3ximo domingo - Not&iacute;cias em Destaque<\/title>\n<meta name=\"robots\" content=\"index, follow, max-snippet:-1, max-image-preview:large, max-video-preview:-1\" \/>\n<link rel=\"canonical\" href=\"https:\/\/noticiasemdestaque.com\/cd\/?p=4530\" \/>\n<meta property=\"og:locale\" content=\"pt_BR\" \/>\n<meta property=\"og:type\" content=\"article\" \/>\n<meta property=\"og:title\" content=\"Monteiro sedia torneio interestadual de Sinuca no pr\u00f3ximo domingo - Not&iacute;cias em Destaque\" \/>\n<meta property=\"og:description\" content=\"A cidade de Monteiro vem obtendo grande destaque nas \u00e1reas esportivas, culturais e tur\u00edsticas, movimentando e aquecendo a economia municipal. Desde o in\u00edcio do ano o munic\u00edpio alavancou os eventos, a exemplo da inova\u00e7\u00e3o na programa\u00e7\u00e3o da Semana Santa, na realiza\u00e7\u00e3o do S\u00e3o Jo\u00e3o \u2013 Uma Festa Cada Vez Melhor, no encontro de ECO BIKE e recentemente no encontro de Aeromodelismo, que foi considerado o maior evento j\u00e1 realizado na Para\u00edba. Ainda neste m\u00eas de setembro a Prefeitura de Monteiro est\u00e1 apoiando o Campeonato Interestadual de Sinuca, modalidade 4&#215;4, que acontece no pr\u00f3ximo domingo, dia 24, no Centro Cultural Alexandre da Silva Brito, a partir das 08 horas da manh\u00e3. O evento deste domingo deve reunir dezenas de participantes de diversas cidades da Para\u00edba, Pernambuco e Rio Grande do Norte, que estar\u00e3o disputando 1\u00ba, 2\u00ba e 3\u00ba lugar que homenagear\u00e1, respectivamente, Edmar da Silva Brito (Bague), Luiz Teixeira (Pinincha) e o popular \u201cChap\u00e9u Ve\u00ed\u201d, todos in-memorian. Oferecidos pela Prefeitura Municipal de Monteiro, os trof\u00e9us homenageia personalidades que se destacaram nesta modalidade esportiva no munic\u00edpio. Por crit\u00e9rio dos organizadores do evento, os participantes pagar\u00e3o uma taxa de inscri\u00e7\u00e3o no valor de R$ 50 (cinquenta reais), e parte dos recursos ser\u00e3o destinados \u00e0 premia\u00e7\u00e3o do 1\u00ba ao 4\u00ba colocado, sendo o campe\u00e3o R$ 800,00; o segundo colocado R$ 500,00 e o terceiro e quarto colocado R$ 150,00 cada um. Cariri em Destaque Com Ascom\" \/>\n<meta property=\"og:url\" content=\"https:\/\/noticiasemdestaque.com\/cd\/?p=4530\" \/>\n<meta property=\"og:site_name\" content=\"Not&iacute;cias em Destaque\" \/>\n<meta property=\"article:published_time\" content=\"2017-09-21T23:30:12+00:00\" \/>\n<meta property=\"og:image\" content=\"https:\/\/noticiasemdestaque.com\/cd\/wp-content\/uploads\/2017\/09\/21092017162712.jpg\" \/>\n\t<meta property=\"og:image:width\" content=\"720\" \/>\n\t<meta property=\"og:image:height\" content=\"450\" \/>\n\t<meta property=\"og:image:type\" content=\"image\/jpeg\" \/>\n<meta name=\"author\" content=\"Not\u00edcias em Destaque\" \/>\n<meta name=\"twitter:card\" content=\"summary_large_image\" \/>\n<meta name=\"twitter:label1\" content=\"Escrito por\" \/>\n\t<meta name=\"twitter:data1\" content=\"Not\u00edcias em Destaque\" \/>\n\t<meta name=\"twitter:label2\" content=\"Est. tempo de leitura\" \/>\n\t<meta name=\"twitter:data2\" content=\"1 minuto\" \/>\n<script type=\"application\/ld+json\" class=\"yoast-schema-graph\">{\"@context\":\"https:\/\/schema.org\",\"@graph\":[{\"@type\":\"Article\",\"@id\":\"https:\/\/noticiasemdestaque.com\/cd\/?p=4530#article\",\"isPartOf\":{\"@id\":\"https:\/\/noticiasemdestaque.com\/cd\/?p=4530\"},\"author\":{\"name\":\"Not\u00edcias em Destaque\",\"@id\":\"https:\/\/noticiasemdestaque.com\/cd\/#\/schema\/person\/21320b03a7e8bb90128938dafc9b908a\"},\"headline\":\"Monteiro sedia torneio interestadual de Sinuca no pr\u00f3ximo domingo\",\"datePublished\":\"2017-09-21T23:30:12+00:00\",\"mainEntityOfPage\":{\"@id\":\"https:\/\/noticiasemdestaque.com\/cd\/?p=4530\"},\"wordCount\":251,\"publisher\":{\"@id\":\"https:\/\/noticiasemdestaque.com\/cd\/#organization\"},\"image\":{\"@id\":\"https:\/\/noticiasemdestaque.com\/cd\/?p=4530#primaryimage\"},\"thumbnailUrl\":\"https:\/\/noticiasemdestaque.com\/cd\/wp-content\/uploads\/2017\/09\/21092017162712.jpg\",\"articleSection\":[\"Educa\u00e7\u00e3o\"],\"inLanguage\":\"pt-BR\"},{\"@type\":\"WebPage\",\"@id\":\"https:\/\/noticiasemdestaque.com\/cd\/?p=4530\",\"url\":\"https:\/\/noticiasemdestaque.com\/cd\/?p=4530\",\"name\":\"Monteiro sedia torneio interestadual de Sinuca no pr\u00f3ximo domingo - Not&iacute;cias em Destaque\",\"isPartOf\":{\"@id\":\"https:\/\/noticiasemdestaque.com\/cd\/#website\"},\"primaryImageOfPage\":{\"@id\":\"https:\/\/noticiasemdestaque.com\/cd\/?p=4530#primaryimage\"},\"image\":{\"@id\":\"https:\/\/noticiasemdestaque.com\/cd\/?p=4530#primaryimage\"},\"thumbnailUrl\":\"https:\/\/noticiasemdestaque.com\/cd\/wp-content\/uploads\/2017\/09\/21092017162712.jpg\",\"datePublished\":\"2017-09-21T23:30:12+00:00\",\"breadcrumb\":{\"@id\":\"https:\/\/noticiasemdestaque.com\/cd\/?p=4530#breadcrumb\"},\"inLanguage\":\"pt-BR\",\"potentialAction\":[{\"@type\":\"ReadAction\",\"target\":[\"https:\/\/noticiasemdestaque.com\/cd\/?p=4530\"]}]},{\"@type\":\"ImageObject\",\"inLanguage\":\"pt-BR\",\"@id\":\"https:\/\/noticiasemdestaque.com\/cd\/?p=4530#primaryimage\",\"url\":\"https:\/\/noticiasemdestaque.com\/cd\/wp-content\/uploads\/2017\/09\/21092017162712.jpg\",\"contentUrl\":\"https:\/\/noticiasemdestaque.com\/cd\/wp-content\/uploads\/2017\/09\/21092017162712.jpg\",\"width\":720,\"height\":450},{\"@type\":\"BreadcrumbList\",\"@id\":\"https:\/\/noticiasemdestaque.com\/cd\/?p=4530#breadcrumb\",\"itemListElement\":[{\"@type\":\"ListItem\",\"position\":1,\"name\":\"In\u00edcio\",\"item\":\"https:\/\/noticiasemdestaque.com\/cd\/\"},{\"@type\":\"ListItem\",\"position\":2,\"name\":\"Monteiro sedia torneio interestadual de Sinuca no pr\u00f3ximo domingo\"}]},{\"@type\":\"WebSite\",\"@id\":\"https:\/\/noticiasemdestaque.com\/cd\/#website\",\"url\":\"https:\/\/noticiasemdestaque.com\/cd\/\",\"name\":\"Not&iacute;cias em Destaque\",\"description\":\"\",\"publisher\":{\"@id\":\"https:\/\/noticiasemdestaque.com\/cd\/#organization\"},\"potentialAction\":[{\"@type\":\"SearchAction\",\"target\":{\"@type\":\"EntryPoint\",\"urlTemplate\":\"https:\/\/noticiasemdestaque.com\/cd\/?s={search_term_string}\"},\"query-input\":{\"@type\":\"PropertyValueSpecification\",\"valueRequired\":true,\"valueName\":\"search_term_string\"}}],\"inLanguage\":\"pt-BR\"},{\"@type\":\"Organization\",\"@id\":\"https:\/\/noticiasemdestaque.com\/cd\/#organization\",\"name\":\"Not\u00edcias em Destaque\",\"url\":\"https:\/\/noticiasemdestaque.com\/cd\/\",\"logo\":{\"@type\":\"ImageObject\",\"inLanguage\":\"pt-BR\",\"@id\":\"https:\/\/noticiasemdestaque.com\/cd\/#\/schema\/logo\/image\/\",\"url\":\"https:\/\/noticiasemdestaque.com\/cd\/wp-content\/uploads\/2022\/05\/imagem-base-noticiasemdestaque.png\",\"contentUrl\":\"https:\/\/noticiasemdestaque.com\/cd\/wp-content\/uploads\/2022\/05\/imagem-base-noticiasemdestaque.png\",\"width\":1200,\"height\":630,\"caption\":\"Not\u00edcias em Destaque\"},\"image\":{\"@id\":\"https:\/\/noticiasemdestaque.com\/cd\/#\/schema\/logo\/image\/\"}},{\"@type\":\"Person\",\"@id\":\"https:\/\/noticiasemdestaque.com\/cd\/#\/schema\/person\/21320b03a7e8bb90128938dafc9b908a\",\"name\":\"Not\u00edcias em Destaque\",\"url\":\"https:\/\/noticiasemdestaque.com\/cd\/?author=2\"}]}<\/script>\n<!-- \/ Yoast SEO plugin. -->","yoast_head_json":{"title":"Monteiro sedia torneio interestadual de Sinuca no pr\u00f3ximo domingo - Not&iacute;cias em Destaque","robots":{"index":"index","follow":"follow","max-snippet":"max-snippet:-1","max-image-preview":"max-image-preview:large","max-video-preview":"max-video-preview:-1"},"canonical":"https:\/\/noticiasemdestaque.com\/cd\/?p=4530","og_locale":"pt_BR","og_type":"article","og_title":"Monteiro sedia torneio interestadual de Sinuca no pr\u00f3ximo domingo - Not&iacute;cias em Destaque","og_description":"A cidade de Monteiro vem obtendo grande destaque nas \u00e1reas esportivas, culturais e tur\u00edsticas, movimentando e aquecendo a economia municipal. Desde o in\u00edcio do ano o munic\u00edpio alavancou os eventos, a exemplo da inova\u00e7\u00e3o na programa\u00e7\u00e3o da Semana Santa, na realiza\u00e7\u00e3o do S\u00e3o Jo\u00e3o \u2013 Uma Festa Cada Vez Melhor, no encontro de ECO BIKE e recentemente no encontro de Aeromodelismo, que foi considerado o maior evento j\u00e1 realizado na Para\u00edba. Ainda neste m\u00eas de setembro a Prefeitura de Monteiro est\u00e1 apoiando o Campeonato Interestadual de Sinuca, modalidade 4&#215;4, que acontece no pr\u00f3ximo domingo, dia 24, no Centro Cultural Alexandre da Silva Brito, a partir das 08 horas da manh\u00e3. O evento deste domingo deve reunir dezenas de participantes de diversas cidades da Para\u00edba, Pernambuco e Rio Grande do Norte, que estar\u00e3o disputando 1\u00ba, 2\u00ba e 3\u00ba lugar que homenagear\u00e1, respectivamente, Edmar da Silva Brito (Bague), Luiz Teixeira (Pinincha) e o popular \u201cChap\u00e9u Ve\u00ed\u201d, todos in-memorian. Oferecidos pela Prefeitura Municipal de Monteiro, os trof\u00e9us homenageia personalidades que se destacaram nesta modalidade esportiva no munic\u00edpio. Por crit\u00e9rio dos organizadores do evento, os participantes pagar\u00e3o uma taxa de inscri\u00e7\u00e3o no valor de R$ 50 (cinquenta reais), e parte dos recursos ser\u00e3o destinados \u00e0 premia\u00e7\u00e3o do 1\u00ba ao 4\u00ba colocado, sendo o campe\u00e3o R$ 800,00; o segundo colocado R$ 500,00 e o terceiro e quarto colocado R$ 150,00 cada um. Cariri em Destaque Com Ascom","og_url":"https:\/\/noticiasemdestaque.com\/cd\/?p=4530","og_site_name":"Not&iacute;cias em Destaque","article_published_time":"2017-09-21T23:30:12+00:00","og_image":[{"width":720,"height":450,"url":"https:\/\/noticiasemdestaque.com\/cd\/wp-content\/uploads\/2017\/09\/21092017162712.jpg","type":"image\/jpeg"}],"author":"Not\u00edcias em Destaque","twitter_card":"summary_large_image","twitter_misc":{"Escrito por":"Not\u00edcias em Destaque","Est. tempo de leitura":"1 minuto"},"schema":{"@context":"https:\/\/schema.org","@graph":[{"@type":"Article","@id":"https:\/\/noticiasemdestaque.com\/cd\/?p=4530#article","isPartOf":{"@id":"https:\/\/noticiasemdestaque.com\/cd\/?p=4530"},"author":{"name":"Not\u00edcias em Destaque","@id":"https:\/\/noticiasemdestaque.com\/cd\/#\/schema\/person\/21320b03a7e8bb90128938dafc9b908a"},"headline":"Monteiro sedia torneio interestadual de Sinuca no pr\u00f3ximo domingo","datePublished":"2017-09-21T23:30:12+00:00","mainEntityOfPage":{"@id":"https:\/\/noticiasemdestaque.com\/cd\/?p=4530"},"wordCount":251,"publisher":{"@id":"https:\/\/noticiasemdestaque.com\/cd\/#organization"},"image":{"@id":"https:\/\/noticiasemdestaque.com\/cd\/?p=4530#primaryimage"},"thumbnailUrl":"https:\/\/noticiasemdestaque.com\/cd\/wp-content\/uploads\/2017\/09\/21092017162712.jpg","articleSection":["Educa\u00e7\u00e3o"],"inLanguage":"pt-BR"},{"@type":"WebPage","@id":"https:\/\/noticiasemdestaque.com\/cd\/?p=4530","url":"https:\/\/noticiasemdestaque.com\/cd\/?p=4530","name":"Monteiro sedia torneio interestadual de Sinuca no pr\u00f3ximo domingo - Not&iacute;cias em Destaque","isPartOf":{"@id":"https:\/\/noticiasemdestaque.com\/cd\/#website"},"primaryImageOfPage":{"@id":"https:\/\/noticiasemdestaque.com\/cd\/?p=4530#primaryimage"},"image":{"@id":"https:\/\/noticiasemdestaque.com\/cd\/?p=4530#primaryimage"},"thumbnailUrl":"https:\/\/noticiasemdestaque.com\/cd\/wp-content\/uploads\/2017\/09\/21092017162712.jpg","datePublished":"2017-09-21T23:30:12+00:00","breadcrumb":{"@id":"https:\/\/noticiasemdestaque.com\/cd\/?p=4530#breadcrumb"},"inLanguage":"pt-BR","potentialAction":[{"@type":"ReadAction","target":["https:\/\/noticiasemdestaque.com\/cd\/?p=4530"]}]},{"@type":"ImageObject","inLanguage":"pt-BR","@id":"https:\/\/noticiasemdestaque.com\/cd\/?p=4530#primaryimage","url":"https:\/\/noticiasemdestaque.com\/cd\/wp-content\/uploads\/2017\/09\/21092017162712.jpg","contentUrl":"https:\/\/noticiasemdestaque.com\/cd\/wp-content\/uploads\/2017\/09\/21092017162712.jpg","width":720,"height":450},{"@type":"BreadcrumbList","@id":"https:\/\/noticiasemdestaque.com\/cd\/?p=4530#breadcrumb","itemListElement":[{"@type":"ListItem","position":1,"name":"In\u00edcio","item":"https:\/\/noticiasemdestaque.com\/cd\/"},{"@type":"ListItem","position":2,"name":"Monteiro sedia torneio interestadual de Sinuca no pr\u00f3ximo domingo"}]},{"@type":"WebSite","@id":"https:\/\/noticiasemdestaque.com\/cd\/#website","url":"https:\/\/noticiasemdestaque.com\/cd\/","name":"Not&iacute;cias em Destaque","description":"","publisher":{"@id":"https:\/\/noticiasemdestaque.com\/cd\/#organization"},"potentialAction":[{"@type":"SearchAction","target":{"@type":"EntryPoint","urlTemplate":"https:\/\/noticiasemdestaque.com\/cd\/?s={search_term_string}"},"query-input":{"@type":"PropertyValueSpecification","valueRequired":true,"valueName":"search_term_string"}}],"inLanguage":"pt-BR"},{"@type":"Organization","@id":"https:\/\/noticiasemdestaque.com\/cd\/#organization","name":"Not\u00edcias em Destaque","url":"https:\/\/noticiasemdestaque.com\/cd\/","logo":{"@type":"ImageObject","inLanguage":"pt-BR","@id":"https:\/\/noticiasemdestaque.com\/cd\/#\/schema\/logo\/image\/","url":"https:\/\/noticiasemdestaque.com\/cd\/wp-content\/uploads\/2022\/05\/imagem-base-noticiasemdestaque.png","contentUrl":"https:\/\/noticiasemdestaque.com\/cd\/wp-content\/uploads\/2022\/05\/imagem-base-noticiasemdestaque.png","width":1200,"height":630,"caption":"Not\u00edcias em Destaque"},"image":{"@id":"https:\/\/noticiasemdestaque.com\/cd\/#\/schema\/logo\/image\/"}},{"@type":"Person","@id":"https:\/\/noticiasemdestaque.com\/cd\/#\/schema\/person\/21320b03a7e8bb90128938dafc9b908a","name":"Not\u00edcias em Destaque","url":"https:\/\/noticiasemdestaque.com\/cd\/?author=2"}]}},"jetpack_featured_media_url":"https:\/\/noticiasemdestaque.com\/cd\/wp-content\/uploads\/2017\/09\/21092017162712.jpg","jetpack_sharing_enabled":true,"_links":{"self":[{"href":"https:\/\/noticiasemdestaque.com\/cd\/index.php?rest_route=\/wp\/v2\/posts\/4530","targetHints":{"allow":["GET"]}}],"collection":[{"href":"https:\/\/noticiasemdestaque.com\/cd\/index.php?rest_route=\/wp\/v2\/posts"}],"about":[{"href":"https:\/\/noticiasemdestaque.com\/cd\/index.php?rest_route=\/wp\/v2\/types\/post"}],"author":[{"embeddable":true,"href":"https:\/\/noticiasemdestaque.com\/cd\/index.php?rest_route=\/wp\/v2\/users\/2"}],"replies":[{"embeddable":true,"href":"https:\/\/noticiasemdestaque.com\/cd\/index.php?rest_route=%2Fwp%2Fv2%2Fcomments&post=4530"}],"version-history":[{"count":1,"href":"https:\/\/noticiasemdestaque.com\/cd\/index.php?rest_route=\/wp\/v2\/posts\/4530\/revisions"}],"predecessor-version":[{"id":4532,"href":"https:\/\/noticiasemdestaque.com\/cd\/index.php?rest_route=\/wp\/v2\/posts\/4530\/revisions\/4532"}],"wp:featuredmedia":[{"embeddable":true,"href":"https:\/\/noticiasemdestaque.com\/cd\/index.php?rest_route=\/wp\/v2\/media\/4531"}],"wp:attachment":[{"href":"https:\/\/noticiasemdestaque.com\/cd\/index.php?rest_route=%2Fwp%2Fv2%2Fmedia&parent=4530"}],"wp:term":[{"taxonomy":"category","embeddable":true,"href":"https:\/\/noticiasemdestaque.com\/cd\/index.php?rest_route=%2Fwp%2Fv2%2Fcategories&post=4530"},{"taxonomy":"post_tag","embeddable":true,"href":"https:\/\/noticiasemdestaque.com\/cd\/index.php?rest_route=%2Fwp%2Fv2%2Ftags&post=4530"}],"curies":[{"name":"wp","href":"https:\/\/api.w.org\/{rel}","templated":true}]}}