{"id":45296,"date":"2023-01-07T19:10:51","date_gmt":"2023-01-07T22:10:51","guid":{"rendered":"https:\/\/noticiasemdestaque.com\/cd\/?p=45296"},"modified":"2023-01-07T19:10:51","modified_gmt":"2023-01-07T22:10:51","slug":"municipio-de-prata-completa-64-anos-de-emancipacao-politica-e-prefeito-entrega-diversas-acoes-em-prol-da-populacao","status":"publish","type":"post","link":"https:\/\/noticiasemdestaque.com\/cd\/?p=45296","title":{"rendered":"Munic\u00edpio de Prata completa 64 anos de Emancipa\u00e7\u00e3o Pol\u00edtica e prefeito entrega diversas a\u00e7\u00f5es em prol da popula\u00e7\u00e3o"},"content":{"rendered":"<p><a href=\"https:\/\/noticiasemdestaque.com\/cd\/wp-content\/uploads\/2023\/01\/16-51-02-324184159_1039200624139892_2988523693609074547_n-1280x720-1.jpg\"><img fetchpriority=\"high\" decoding=\"async\" class=\"alignnone  wp-image-45297\" src=\"https:\/\/noticiasemdestaque.com\/cd\/wp-content\/uploads\/2023\/01\/16-51-02-324184159_1039200624139892_2988523693609074547_n-1280x720-1-300x169.jpg\" alt=\"\" width=\"1124\" height=\"633\" srcset=\"https:\/\/noticiasemdestaque.com\/cd\/wp-content\/uploads\/2023\/01\/16-51-02-324184159_1039200624139892_2988523693609074547_n-1280x720-1-300x169.jpg 300w, https:\/\/noticiasemdestaque.com\/cd\/wp-content\/uploads\/2023\/01\/16-51-02-324184159_1039200624139892_2988523693609074547_n-1280x720-1-1024x576.jpg 1024w, https:\/\/noticiasemdestaque.com\/cd\/wp-content\/uploads\/2023\/01\/16-51-02-324184159_1039200624139892_2988523693609074547_n-1280x720-1-768x432.jpg 768w, https:\/\/noticiasemdestaque.com\/cd\/wp-content\/uploads\/2023\/01\/16-51-02-324184159_1039200624139892_2988523693609074547_n-1280x720-1-18x10.jpg 18w, https:\/\/noticiasemdestaque.com\/cd\/wp-content\/uploads\/2023\/01\/16-51-02-324184159_1039200624139892_2988523693609074547_n-1280x720-1.jpg 1280w\" sizes=\"(max-width: 1124px) 100vw, 1124px\" \/><\/a><\/p>\n<p>O munic\u00edpio de Prata, no Cariri paraibano, est\u00e1 completando neste s\u00e1bado (07), 64 anos de Emancipa\u00e7\u00e3o Pol\u00edtica. Na oportunidade, a cidade est\u00e1 realizando diversas atividades alusivas ao anivers\u00e1rio.<\/p>\n<p>O prefeito Genilvaldo Temb\u00f3rio, j\u00e1 realizou a entrega de diversas obras no munic\u00edpio, a exemplo da pavimenta\u00e7\u00e3o de ruas, realizou tamb\u00e9m a entrega de ve\u00edculos, sendo um ve\u00edculo 0km, e um trator que servir\u00e1 para as a\u00e7\u00f5es da Secretaria de Agricultura.<\/p>\n<div class=\"separator\"><a href=\"https:\/\/blogger.googleusercontent.com\/img\/b\/R29vZ2xl\/AVvXsEjLGgOWe_f_3ls1lMM_0mO64W_K_3VQ-xbnQeXIpM7JQjPUuU0Wdw-gIo3mbUVjccZ_oHyBHzm3vwTZvup6n2yv0L8JflbmjaFS-uBatNrGGLLUuuvDZF3aJCWDonVClDxjIidQKsxylaV7Gn_rMQTDYXSsDvOu1-5Etked_n5soFpswwQNeibwa3q3iQ\/s1600\/16-49-16-322149250_738074891089546_2705778791748477217_n.jpg\"><img decoding=\"async\" src=\"https:\/\/blogger.googleusercontent.com\/img\/b\/R29vZ2xl\/AVvXsEjLGgOWe_f_3ls1lMM_0mO64W_K_3VQ-xbnQeXIpM7JQjPUuU0Wdw-gIo3mbUVjccZ_oHyBHzm3vwTZvup6n2yv0L8JflbmjaFS-uBatNrGGLLUuuvDZF3aJCWDonVClDxjIidQKsxylaV7Gn_rMQTDYXSsDvOu1-5Etked_n5soFpswwQNeibwa3q3iQ\/s320\/16-49-16-322149250_738074891089546_2705778791748477217_n.jpg\" width=\"320\" height=\"240\" border=\"0\" data-original-height=\"1200\" data-original-width=\"1600\" \/><\/a><\/div>\n<p>&nbsp;<\/p>\n<p>O prefeito pratense tamb\u00e9m anunciou a constru\u00e7\u00e3o do Parque da Crian\u00e7a, um espa\u00e7o de lazer e entretenimento para as crian\u00e7as do munic\u00edpio.<\/p>\n<div class=\"separator\"><a href=\"https:\/\/blogger.googleusercontent.com\/img\/b\/R29vZ2xl\/AVvXsEhBDOonQjGMSinpdA7AtPfhu7CPa8Ad7to2Q30wzIBcezpdNwnPRPCHVx1I6mchwn4OvOBQNaDb1AfqSnh3xyrc7igDeIZcdpoqbyMyRp58e8kMiLZAFPeFXoL7dP3zUb-mWF-BAjhTSGgcxMLPFrDE-PTwdEXzyWUOPbr6aSORmnqyJfHDiXbY110Tuw\/s720\/16-49-11-324238095_530223705546764_4223093542716891801_n.jpg\"><img decoding=\"async\" src=\"https:\/\/blogger.googleusercontent.com\/img\/b\/R29vZ2xl\/AVvXsEhBDOonQjGMSinpdA7AtPfhu7CPa8Ad7to2Q30wzIBcezpdNwnPRPCHVx1I6mchwn4OvOBQNaDb1AfqSnh3xyrc7igDeIZcdpoqbyMyRp58e8kMiLZAFPeFXoL7dP3zUb-mWF-BAjhTSGgcxMLPFrDE-PTwdEXzyWUOPbr6aSORmnqyJfHDiXbY110Tuw\/s320\/16-49-11-324238095_530223705546764_4223093542716891801_n.jpg\" width=\"320\" height=\"320\" border=\"0\" data-original-height=\"720\" data-original-width=\"720\" \/><\/a><\/div>\n<p>&nbsp;<\/p>\n<p>\u201cRealizamos uma vasta programa\u00e7\u00e3o, n\u00e3o tenho d\u00favidas que a popula\u00e7\u00e3o est\u00e1 contente com tantas a\u00e7\u00f5es que entragamos em prol do desenvolvimento de nossa cidade no dia de hoje,\u201d disse o gestor.<\/p>\n<p>Ao final do dia ser\u00e1 realizado no munic\u00edpio, shows em pra\u00e7a p\u00fablica que ir\u00e1 contar com a apresenta\u00e7\u00e3o de Niedson Lua e participa\u00e7\u00e3o de Marquinhos da Serrinha.<\/p>\n<p><strong>Noticias em Destaque<\/strong><\/p>\n<p style=\"text-align: right;\"><em>Fonte: Portal Cariri PB<\/em><\/p>\n","protected":false},"excerpt":{"rendered":"<p>O munic\u00edpio de Prata, no Cariri paraibano, est\u00e1 completando neste s\u00e1bado (07), 64 anos de Emancipa\u00e7\u00e3o Pol\u00edtica. Na oportunidade, a cidade est\u00e1 realizando diversas atividades alusivas ao anivers\u00e1rio. O prefeito Genilvaldo Temb\u00f3rio, j\u00e1 realizou a entrega de diversas obras no munic\u00edpio, a exemplo da pavimenta\u00e7\u00e3o de ruas, realizou tamb\u00e9m a entrega de ve\u00edculos, sendo um ve\u00edculo 0km, e um trator que servir\u00e1 para as a\u00e7\u00f5es da Secretaria de Agricultura. &nbsp; O prefeito pratense tamb\u00e9m anunciou a constru\u00e7\u00e3o do Parque da Crian\u00e7a, um espa\u00e7o de lazer e entretenimento para as crian\u00e7as do munic\u00edpio. &nbsp; \u201cRealizamos uma vasta programa\u00e7\u00e3o, n\u00e3o tenho d\u00favidas que a popula\u00e7\u00e3o est\u00e1 contente com tantas a\u00e7\u00f5es que entragamos em prol do desenvolvimento de nossa cidade no dia de hoje,\u201d disse o gestor. Ao final do dia ser\u00e1 realizado no munic\u00edpio, shows em pra\u00e7a p\u00fablica que ir\u00e1 contar com a apresenta\u00e7\u00e3o de Niedson Lua e participa\u00e7\u00e3o de Marquinhos da Serrinha. Noticias em Destaque Fonte: Portal Cariri PB<\/p>\n","protected":false},"author":2,"featured_media":45297,"comment_status":"closed","ping_status":"open","sticky":false,"template":"","format":"standard","meta":{"_eb_attr":"","_jetpack_memberships_contains_paid_content":false,"footnotes":""},"categories":[3],"tags":[],"class_list":["post-45296","post","type-post","status-publish","format-standard","has-post-thumbnail","hentry","category-cidades"],"yoast_head":"<!-- This site is optimized with the Yoast SEO plugin v26.5 - https:\/\/yoast.com\/wordpress\/plugins\/seo\/ -->\n<title>Munic\u00edpio de Prata completa 64 anos de Emancipa\u00e7\u00e3o Pol\u00edtica e prefeito entrega diversas a\u00e7\u00f5es em prol da popula\u00e7\u00e3o - Not&iacute;cias em Destaque<\/title>\n<meta name=\"robots\" content=\"index, follow, max-snippet:-1, max-image-preview:large, max-video-preview:-1\" \/>\n<link rel=\"canonical\" href=\"https:\/\/noticiasemdestaque.com\/cd\/?p=45296\" \/>\n<meta property=\"og:locale\" content=\"pt_BR\" \/>\n<meta property=\"og:type\" content=\"article\" \/>\n<meta property=\"og:title\" content=\"Munic\u00edpio de Prata completa 64 anos de Emancipa\u00e7\u00e3o Pol\u00edtica e prefeito entrega diversas a\u00e7\u00f5es em prol da popula\u00e7\u00e3o - Not&iacute;cias em Destaque\" \/>\n<meta property=\"og:description\" content=\"O munic\u00edpio de Prata, no Cariri paraibano, est\u00e1 completando neste s\u00e1bado (07), 64 anos de Emancipa\u00e7\u00e3o Pol\u00edtica. Na oportunidade, a cidade est\u00e1 realizando diversas atividades alusivas ao anivers\u00e1rio. O prefeito Genilvaldo Temb\u00f3rio, j\u00e1 realizou a entrega de diversas obras no munic\u00edpio, a exemplo da pavimenta\u00e7\u00e3o de ruas, realizou tamb\u00e9m a entrega de ve\u00edculos, sendo um ve\u00edculo 0km, e um trator que servir\u00e1 para as a\u00e7\u00f5es da Secretaria de Agricultura. &nbsp; O prefeito pratense tamb\u00e9m anunciou a constru\u00e7\u00e3o do Parque da Crian\u00e7a, um espa\u00e7o de lazer e entretenimento para as crian\u00e7as do munic\u00edpio. &nbsp; \u201cRealizamos uma vasta programa\u00e7\u00e3o, n\u00e3o tenho d\u00favidas que a popula\u00e7\u00e3o est\u00e1 contente com tantas a\u00e7\u00f5es que entragamos em prol do desenvolvimento de nossa cidade no dia de hoje,\u201d disse o gestor. Ao final do dia ser\u00e1 realizado no munic\u00edpio, shows em pra\u00e7a p\u00fablica que ir\u00e1 contar com a apresenta\u00e7\u00e3o de Niedson Lua e participa\u00e7\u00e3o de Marquinhos da Serrinha. Noticias em Destaque Fonte: Portal Cariri PB\" \/>\n<meta property=\"og:url\" content=\"https:\/\/noticiasemdestaque.com\/cd\/?p=45296\" \/>\n<meta property=\"og:site_name\" content=\"Not&iacute;cias em Destaque\" \/>\n<meta property=\"article:published_time\" content=\"2023-01-07T22:10:51+00:00\" \/>\n<meta property=\"og:image\" content=\"https:\/\/noticiasemdestaque.com\/cd\/wp-content\/uploads\/2023\/01\/16-51-02-324184159_1039200624139892_2988523693609074547_n-1280x720-1.jpg\" \/>\n\t<meta property=\"og:image:width\" content=\"1280\" \/>\n\t<meta property=\"og:image:height\" content=\"720\" \/>\n\t<meta property=\"og:image:type\" content=\"image\/jpeg\" \/>\n<meta name=\"author\" content=\"Not\u00edcias em Destaque\" \/>\n<meta name=\"twitter:card\" content=\"summary_large_image\" \/>\n<meta name=\"twitter:label1\" content=\"Escrito por\" \/>\n\t<meta name=\"twitter:data1\" content=\"Not\u00edcias em Destaque\" \/>\n\t<meta name=\"twitter:label2\" content=\"Est. tempo de leitura\" \/>\n\t<meta name=\"twitter:data2\" content=\"2 minutos\" \/>\n<script type=\"application\/ld+json\" class=\"yoast-schema-graph\">{\"@context\":\"https:\/\/schema.org\",\"@graph\":[{\"@type\":\"Article\",\"@id\":\"https:\/\/noticiasemdestaque.com\/cd\/?p=45296#article\",\"isPartOf\":{\"@id\":\"https:\/\/noticiasemdestaque.com\/cd\/?p=45296\"},\"author\":{\"name\":\"Not\u00edcias em Destaque\",\"@id\":\"https:\/\/noticiasemdestaque.com\/cd\/#\/schema\/person\/47f7d4f55eec17c6b2ca036c5500f6ce\"},\"headline\":\"Munic\u00edpio de Prata completa 64 anos de Emancipa\u00e7\u00e3o Pol\u00edtica e prefeito entrega diversas a\u00e7\u00f5es em prol da popula\u00e7\u00e3o\",\"datePublished\":\"2023-01-07T22:10:51+00:00\",\"mainEntityOfPage\":{\"@id\":\"https:\/\/noticiasemdestaque.com\/cd\/?p=45296\"},\"wordCount\":206,\"publisher\":{\"@id\":\"https:\/\/noticiasemdestaque.com\/cd\/#organization\"},\"image\":{\"@id\":\"https:\/\/noticiasemdestaque.com\/cd\/?p=45296#primaryimage\"},\"thumbnailUrl\":\"https:\/\/noticiasemdestaque.com\/cd\/wp-content\/uploads\/2023\/01\/16-51-02-324184159_1039200624139892_2988523693609074547_n-1280x720-1.jpg\",\"articleSection\":[\"Cidades\"],\"inLanguage\":\"pt-BR\"},{\"@type\":\"WebPage\",\"@id\":\"https:\/\/noticiasemdestaque.com\/cd\/?p=45296\",\"url\":\"https:\/\/noticiasemdestaque.com\/cd\/?p=45296\",\"name\":\"Munic\u00edpio de Prata completa 64 anos de Emancipa\u00e7\u00e3o Pol\u00edtica e prefeito entrega diversas a\u00e7\u00f5es em prol da popula\u00e7\u00e3o - Not&iacute;cias em Destaque\",\"isPartOf\":{\"@id\":\"https:\/\/noticiasemdestaque.com\/cd\/#website\"},\"primaryImageOfPage\":{\"@id\":\"https:\/\/noticiasemdestaque.com\/cd\/?p=45296#primaryimage\"},\"image\":{\"@id\":\"https:\/\/noticiasemdestaque.com\/cd\/?p=45296#primaryimage\"},\"thumbnailUrl\":\"https:\/\/noticiasemdestaque.com\/cd\/wp-content\/uploads\/2023\/01\/16-51-02-324184159_1039200624139892_2988523693609074547_n-1280x720-1.jpg\",\"datePublished\":\"2023-01-07T22:10:51+00:00\",\"breadcrumb\":{\"@id\":\"https:\/\/noticiasemdestaque.com\/cd\/?p=45296#breadcrumb\"},\"inLanguage\":\"pt-BR\",\"potentialAction\":[{\"@type\":\"ReadAction\",\"target\":[\"https:\/\/noticiasemdestaque.com\/cd\/?p=45296\"]}]},{\"@type\":\"ImageObject\",\"inLanguage\":\"pt-BR\",\"@id\":\"https:\/\/noticiasemdestaque.com\/cd\/?p=45296#primaryimage\",\"url\":\"https:\/\/noticiasemdestaque.com\/cd\/wp-content\/uploads\/2023\/01\/16-51-02-324184159_1039200624139892_2988523693609074547_n-1280x720-1.jpg\",\"contentUrl\":\"https:\/\/noticiasemdestaque.com\/cd\/wp-content\/uploads\/2023\/01\/16-51-02-324184159_1039200624139892_2988523693609074547_n-1280x720-1.jpg\",\"width\":1280,\"height\":720},{\"@type\":\"BreadcrumbList\",\"@id\":\"https:\/\/noticiasemdestaque.com\/cd\/?p=45296#breadcrumb\",\"itemListElement\":[{\"@type\":\"ListItem\",\"position\":1,\"name\":\"In\u00edcio\",\"item\":\"https:\/\/noticiasemdestaque.com\/cd\/\"},{\"@type\":\"ListItem\",\"position\":2,\"name\":\"Munic\u00edpio de Prata completa 64 anos de Emancipa\u00e7\u00e3o Pol\u00edtica e prefeito entrega diversas a\u00e7\u00f5es em prol da popula\u00e7\u00e3o\"}]},{\"@type\":\"WebSite\",\"@id\":\"https:\/\/noticiasemdestaque.com\/cd\/#website\",\"url\":\"https:\/\/noticiasemdestaque.com\/cd\/\",\"name\":\"Not&iacute;cias em Destaque\",\"description\":\"\",\"publisher\":{\"@id\":\"https:\/\/noticiasemdestaque.com\/cd\/#organization\"},\"potentialAction\":[{\"@type\":\"SearchAction\",\"target\":{\"@type\":\"EntryPoint\",\"urlTemplate\":\"https:\/\/noticiasemdestaque.com\/cd\/?s={search_term_string}\"},\"query-input\":{\"@type\":\"PropertyValueSpecification\",\"valueRequired\":true,\"valueName\":\"search_term_string\"}}],\"inLanguage\":\"pt-BR\"},{\"@type\":\"Organization\",\"@id\":\"https:\/\/noticiasemdestaque.com\/cd\/#organization\",\"name\":\"Not\u00edcias em Destaque\",\"url\":\"https:\/\/noticiasemdestaque.com\/cd\/\",\"logo\":{\"@type\":\"ImageObject\",\"inLanguage\":\"pt-BR\",\"@id\":\"https:\/\/noticiasemdestaque.com\/cd\/#\/schema\/logo\/image\/\",\"url\":\"https:\/\/noticiasemdestaque.com\/cd\/wp-content\/uploads\/2022\/05\/imagem-base-noticiasemdestaque.png\",\"contentUrl\":\"https:\/\/noticiasemdestaque.com\/cd\/wp-content\/uploads\/2022\/05\/imagem-base-noticiasemdestaque.png\",\"width\":1200,\"height\":630,\"caption\":\"Not\u00edcias em Destaque\"},\"image\":{\"@id\":\"https:\/\/noticiasemdestaque.com\/cd\/#\/schema\/logo\/image\/\"}},{\"@type\":\"Person\",\"@id\":\"https:\/\/noticiasemdestaque.com\/cd\/#\/schema\/person\/47f7d4f55eec17c6b2ca036c5500f6ce\",\"name\":\"Not\u00edcias em Destaque\",\"url\":\"https:\/\/noticiasemdestaque.com\/cd\/?author=2\"}]}<\/script>\n<!-- \/ Yoast SEO plugin. -->","yoast_head_json":{"title":"Munic\u00edpio de Prata completa 64 anos de Emancipa\u00e7\u00e3o Pol\u00edtica e prefeito entrega diversas a\u00e7\u00f5es em prol da popula\u00e7\u00e3o - Not&iacute;cias em Destaque","robots":{"index":"index","follow":"follow","max-snippet":"max-snippet:-1","max-image-preview":"max-image-preview:large","max-video-preview":"max-video-preview:-1"},"canonical":"https:\/\/noticiasemdestaque.com\/cd\/?p=45296","og_locale":"pt_BR","og_type":"article","og_title":"Munic\u00edpio de Prata completa 64 anos de Emancipa\u00e7\u00e3o Pol\u00edtica e prefeito entrega diversas a\u00e7\u00f5es em prol da popula\u00e7\u00e3o - Not&iacute;cias em Destaque","og_description":"O munic\u00edpio de Prata, no Cariri paraibano, est\u00e1 completando neste s\u00e1bado (07), 64 anos de Emancipa\u00e7\u00e3o Pol\u00edtica. Na oportunidade, a cidade est\u00e1 realizando diversas atividades alusivas ao anivers\u00e1rio. O prefeito Genilvaldo Temb\u00f3rio, j\u00e1 realizou a entrega de diversas obras no munic\u00edpio, a exemplo da pavimenta\u00e7\u00e3o de ruas, realizou tamb\u00e9m a entrega de ve\u00edculos, sendo um ve\u00edculo 0km, e um trator que servir\u00e1 para as a\u00e7\u00f5es da Secretaria de Agricultura. &nbsp; O prefeito pratense tamb\u00e9m anunciou a constru\u00e7\u00e3o do Parque da Crian\u00e7a, um espa\u00e7o de lazer e entretenimento para as crian\u00e7as do munic\u00edpio. &nbsp; \u201cRealizamos uma vasta programa\u00e7\u00e3o, n\u00e3o tenho d\u00favidas que a popula\u00e7\u00e3o est\u00e1 contente com tantas a\u00e7\u00f5es que entragamos em prol do desenvolvimento de nossa cidade no dia de hoje,\u201d disse o gestor. Ao final do dia ser\u00e1 realizado no munic\u00edpio, shows em pra\u00e7a p\u00fablica que ir\u00e1 contar com a apresenta\u00e7\u00e3o de Niedson Lua e participa\u00e7\u00e3o de Marquinhos da Serrinha. Noticias em Destaque Fonte: Portal Cariri PB","og_url":"https:\/\/noticiasemdestaque.com\/cd\/?p=45296","og_site_name":"Not&iacute;cias em Destaque","article_published_time":"2023-01-07T22:10:51+00:00","og_image":[{"width":1280,"height":720,"url":"https:\/\/noticiasemdestaque.com\/cd\/wp-content\/uploads\/2023\/01\/16-51-02-324184159_1039200624139892_2988523693609074547_n-1280x720-1.jpg","type":"image\/jpeg"}],"author":"Not\u00edcias em Destaque","twitter_card":"summary_large_image","twitter_misc":{"Escrito por":"Not\u00edcias em Destaque","Est. tempo de leitura":"2 minutos"},"schema":{"@context":"https:\/\/schema.org","@graph":[{"@type":"Article","@id":"https:\/\/noticiasemdestaque.com\/cd\/?p=45296#article","isPartOf":{"@id":"https:\/\/noticiasemdestaque.com\/cd\/?p=45296"},"author":{"name":"Not\u00edcias em Destaque","@id":"https:\/\/noticiasemdestaque.com\/cd\/#\/schema\/person\/47f7d4f55eec17c6b2ca036c5500f6ce"},"headline":"Munic\u00edpio de Prata completa 64 anos de Emancipa\u00e7\u00e3o Pol\u00edtica e prefeito entrega diversas a\u00e7\u00f5es em prol da popula\u00e7\u00e3o","datePublished":"2023-01-07T22:10:51+00:00","mainEntityOfPage":{"@id":"https:\/\/noticiasemdestaque.com\/cd\/?p=45296"},"wordCount":206,"publisher":{"@id":"https:\/\/noticiasemdestaque.com\/cd\/#organization"},"image":{"@id":"https:\/\/noticiasemdestaque.com\/cd\/?p=45296#primaryimage"},"thumbnailUrl":"https:\/\/noticiasemdestaque.com\/cd\/wp-content\/uploads\/2023\/01\/16-51-02-324184159_1039200624139892_2988523693609074547_n-1280x720-1.jpg","articleSection":["Cidades"],"inLanguage":"pt-BR"},{"@type":"WebPage","@id":"https:\/\/noticiasemdestaque.com\/cd\/?p=45296","url":"https:\/\/noticiasemdestaque.com\/cd\/?p=45296","name":"Munic\u00edpio de Prata completa 64 anos de Emancipa\u00e7\u00e3o Pol\u00edtica e prefeito entrega diversas a\u00e7\u00f5es em prol da popula\u00e7\u00e3o - Not&iacute;cias em Destaque","isPartOf":{"@id":"https:\/\/noticiasemdestaque.com\/cd\/#website"},"primaryImageOfPage":{"@id":"https:\/\/noticiasemdestaque.com\/cd\/?p=45296#primaryimage"},"image":{"@id":"https:\/\/noticiasemdestaque.com\/cd\/?p=45296#primaryimage"},"thumbnailUrl":"https:\/\/noticiasemdestaque.com\/cd\/wp-content\/uploads\/2023\/01\/16-51-02-324184159_1039200624139892_2988523693609074547_n-1280x720-1.jpg","datePublished":"2023-01-07T22:10:51+00:00","breadcrumb":{"@id":"https:\/\/noticiasemdestaque.com\/cd\/?p=45296#breadcrumb"},"inLanguage":"pt-BR","potentialAction":[{"@type":"ReadAction","target":["https:\/\/noticiasemdestaque.com\/cd\/?p=45296"]}]},{"@type":"ImageObject","inLanguage":"pt-BR","@id":"https:\/\/noticiasemdestaque.com\/cd\/?p=45296#primaryimage","url":"https:\/\/noticiasemdestaque.com\/cd\/wp-content\/uploads\/2023\/01\/16-51-02-324184159_1039200624139892_2988523693609074547_n-1280x720-1.jpg","contentUrl":"https:\/\/noticiasemdestaque.com\/cd\/wp-content\/uploads\/2023\/01\/16-51-02-324184159_1039200624139892_2988523693609074547_n-1280x720-1.jpg","width":1280,"height":720},{"@type":"BreadcrumbList","@id":"https:\/\/noticiasemdestaque.com\/cd\/?p=45296#breadcrumb","itemListElement":[{"@type":"ListItem","position":1,"name":"In\u00edcio","item":"https:\/\/noticiasemdestaque.com\/cd\/"},{"@type":"ListItem","position":2,"name":"Munic\u00edpio de Prata completa 64 anos de Emancipa\u00e7\u00e3o Pol\u00edtica e prefeito entrega diversas a\u00e7\u00f5es em prol da popula\u00e7\u00e3o"}]},{"@type":"WebSite","@id":"https:\/\/noticiasemdestaque.com\/cd\/#website","url":"https:\/\/noticiasemdestaque.com\/cd\/","name":"Not&iacute;cias em Destaque","description":"","publisher":{"@id":"https:\/\/noticiasemdestaque.com\/cd\/#organization"},"potentialAction":[{"@type":"SearchAction","target":{"@type":"EntryPoint","urlTemplate":"https:\/\/noticiasemdestaque.com\/cd\/?s={search_term_string}"},"query-input":{"@type":"PropertyValueSpecification","valueRequired":true,"valueName":"search_term_string"}}],"inLanguage":"pt-BR"},{"@type":"Organization","@id":"https:\/\/noticiasemdestaque.com\/cd\/#organization","name":"Not\u00edcias em Destaque","url":"https:\/\/noticiasemdestaque.com\/cd\/","logo":{"@type":"ImageObject","inLanguage":"pt-BR","@id":"https:\/\/noticiasemdestaque.com\/cd\/#\/schema\/logo\/image\/","url":"https:\/\/noticiasemdestaque.com\/cd\/wp-content\/uploads\/2022\/05\/imagem-base-noticiasemdestaque.png","contentUrl":"https:\/\/noticiasemdestaque.com\/cd\/wp-content\/uploads\/2022\/05\/imagem-base-noticiasemdestaque.png","width":1200,"height":630,"caption":"Not\u00edcias em Destaque"},"image":{"@id":"https:\/\/noticiasemdestaque.com\/cd\/#\/schema\/logo\/image\/"}},{"@type":"Person","@id":"https:\/\/noticiasemdestaque.com\/cd\/#\/schema\/person\/47f7d4f55eec17c6b2ca036c5500f6ce","name":"Not\u00edcias em Destaque","url":"https:\/\/noticiasemdestaque.com\/cd\/?author=2"}]}},"jetpack_featured_media_url":"https:\/\/noticiasemdestaque.com\/cd\/wp-content\/uploads\/2023\/01\/16-51-02-324184159_1039200624139892_2988523693609074547_n-1280x720-1.jpg","jetpack_sharing_enabled":true,"_links":{"self":[{"href":"https:\/\/noticiasemdestaque.com\/cd\/index.php?rest_route=\/wp\/v2\/posts\/45296","targetHints":{"allow":["GET"]}}],"collection":[{"href":"https:\/\/noticiasemdestaque.com\/cd\/index.php?rest_route=\/wp\/v2\/posts"}],"about":[{"href":"https:\/\/noticiasemdestaque.com\/cd\/index.php?rest_route=\/wp\/v2\/types\/post"}],"author":[{"embeddable":true,"href":"https:\/\/noticiasemdestaque.com\/cd\/index.php?rest_route=\/wp\/v2\/users\/2"}],"replies":[{"embeddable":true,"href":"https:\/\/noticiasemdestaque.com\/cd\/index.php?rest_route=%2Fwp%2Fv2%2Fcomments&post=45296"}],"version-history":[{"count":1,"href":"https:\/\/noticiasemdestaque.com\/cd\/index.php?rest_route=\/wp\/v2\/posts\/45296\/revisions"}],"predecessor-version":[{"id":45298,"href":"https:\/\/noticiasemdestaque.com\/cd\/index.php?rest_route=\/wp\/v2\/posts\/45296\/revisions\/45298"}],"wp:featuredmedia":[{"embeddable":true,"href":"https:\/\/noticiasemdestaque.com\/cd\/index.php?rest_route=\/wp\/v2\/media\/45297"}],"wp:attachment":[{"href":"https:\/\/noticiasemdestaque.com\/cd\/index.php?rest_route=%2Fwp%2Fv2%2Fmedia&parent=45296"}],"wp:term":[{"taxonomy":"category","embeddable":true,"href":"https:\/\/noticiasemdestaque.com\/cd\/index.php?rest_route=%2Fwp%2Fv2%2Fcategories&post=45296"},{"taxonomy":"post_tag","embeddable":true,"href":"https:\/\/noticiasemdestaque.com\/cd\/index.php?rest_route=%2Fwp%2Fv2%2Ftags&post=45296"}],"curies":[{"name":"wp","href":"https:\/\/api.w.org\/{rel}","templated":true}]}}