{"id":45293,"date":"2023-01-07T12:20:09","date_gmt":"2023-01-07T15:20:09","guid":{"rendered":"https:\/\/noticiasemdestaque.com\/cd\/?p=45293"},"modified":"2023-01-07T12:20:09","modified_gmt":"2023-01-07T15:20:09","slug":"contribuicao-do-mei-subira-para-r-66-em-fevereiro","status":"publish","type":"post","link":"https:\/\/noticiasemdestaque.com\/cd\/?p=45293","title":{"rendered":"Contribui\u00e7\u00e3o do MEI subir\u00e1 para R$ 66 em fevereiro"},"content":{"rendered":"<p><a href=\"https:\/\/noticiasemdestaque.com\/cd\/wp-content\/uploads\/2022\/12\/real_moeda_dinheiro_mcajr_2904223667.jpg\"><img fetchpriority=\"high\" decoding=\"async\" class=\" wp-image-44639\" src=\"https:\/\/noticiasemdestaque.com\/cd\/wp-content\/uploads\/2022\/12\/real_moeda_dinheiro_mcajr_2904223667-300x179.jpg\" alt=\"\" width=\"1014\" height=\"605\" srcset=\"https:\/\/noticiasemdestaque.com\/cd\/wp-content\/uploads\/2022\/12\/real_moeda_dinheiro_mcajr_2904223667-300x179.jpg 300w, https:\/\/noticiasemdestaque.com\/cd\/wp-content\/uploads\/2022\/12\/real_moeda_dinheiro_mcajr_2904223667-768x459.jpg 768w, https:\/\/noticiasemdestaque.com\/cd\/wp-content\/uploads\/2022\/12\/real_moeda_dinheiro_mcajr_2904223667-18x12.jpg 18w\" sizes=\"(max-width: 1014px) 100vw, 1014px\" \/><\/a><\/p>\n<p>A partir de fevereiro, os cerca de 14 milh\u00f5es de microempreendedores individuais (MEI) registrados no pa\u00eds pagar\u00e3o R$ 66 para contribu\u00edrem com a Previd\u00eancia Social. O aumento, de 8,91%, segue o reajuste do sal\u00e1rio m\u00ednimo, que passou de R$ 1.212 no ano passado para R$ 1.320 este ano, conforme estipulado pelo Or\u00e7amento.<img decoding=\"async\" src=\"https:\/\/agenciabrasil.ebc.com.br\/ebc.png?id=1502418&amp;o=node\" \/><img decoding=\"async\" src=\"https:\/\/agenciabrasil.ebc.com.br\/ebc.gif?id=1502418&amp;o=node\" \/><\/p>\n<p>O reajuste valer\u00e1 apenas para os boletos com vencimento a partir de 20 de fevereiro. A cota deste m\u00eas, que vence em 20 de janeiro, continuar\u00e1 a ser paga pelo valor antigo, de R$ 60,60.<\/p>\n<p>Para os MEI caminhoneiros, que contribuem mais para a Previd\u00eancia Social, a contribui\u00e7\u00e3o passar\u00e1 de R$ 145,44 para R$ 158,40.<\/p>\n<p>Os valores levam em conta a prov\u00e1vel edi\u00e7\u00e3o de uma medida provis\u00f3ria, nos pr\u00f3ximos dias, que eleve o sal\u00e1rio m\u00ednimo para R$ 1.320. At\u00e9 agora, o sal\u00e1rio m\u00ednimo para 2023 est\u00e1 fixado em R$ 1.302, conforme\u00a0<a href=\"https:\/\/agenciabrasil.ebc.com.br\/economia\/noticia\/2022-12\/salario-minimo-sobe-para-r-1302-em-1o-de-janeiro\" target=\"_blank\" rel=\"noopener\">medida provis\u00f3ria editada<\/a>\u00a0pelo governo anterior em meados de dezembro.<\/p>\n<p>Na sexta-feira (6), o ministro da Fazenda, Fernando Haddad, disse que o sal\u00e1rio m\u00ednimo\u00a0<a href=\"https:\/\/agenciabrasil.ebc.com.br\/economia\/noticia\/2023-01\/salario-minimo-vai-ser-pago-normalmente-diz-haddad\" target=\"_blank\" rel=\"noopener\">&#8220;vai ser pago normalmente&#8221;<\/a>\u00a0ao ser perguntado sobre a edi\u00e7\u00e3o da medida provis\u00f3ria que fixar\u00e1 o valor em R$ 1.320.<\/p>\n<h2>Recolhimento<\/h2>\n<p>Profissionais aut\u00f4nomos com regime tribut\u00e1rio e previdenci\u00e1rio simplificado, os microempreendedores individuais recolhem 5% do sal\u00e1rio m\u00ednimo por m\u00eas para o Instituto Nacional do Seguro Social (INSS). Os MEI caminheiros contribuem com 12% do sal\u00e1rio m\u00ednimo.<\/p>\n<p>O restante da contribui\u00e7\u00e3o mensal varia conforme o ramo de atua\u00e7\u00e3o. Os trabalhadores que exercem atividades ligadas ao com\u00e9rcio e \u00e0 ind\u00fastria pagam R$ 1 a mais referente ao Imposto sobre a Circula\u00e7\u00e3o de Mercadorias e Servi\u00e7os (ICMS), administrado pelo estado onde mora. Os profissionais que executam servi\u00e7os recolhem R$ 5 a mais de Imposto sobre Servi\u00e7os (ISS), administrado pelo munic\u00edpio onde habita.<\/p>\n<p>Ao contribu\u00edrem para o INSS, os microempreendedores individuais passam a ter direito \u00e0 aposentadoria por idade, aux\u00edlio-doen\u00e7a, sal\u00e1rio-maternidade, aux\u00edlio-reclus\u00e3o e pens\u00e3o por morte. Al\u00e9m disso, a Receita Federal fornece um Cadastro Nacional da Pessoa Jur\u00eddica (CNPJ) aos MEI, que podem emitir notas fiscais e obter cr\u00e9dito com condi\u00e7\u00f5es especiais.<\/p>\n<p>O boleto mensal do Documento de Arrecada\u00e7\u00e3o Simplificada do MEI (DAS-MEI) pode ser gerado no\u00a0<a href=\"https:\/\/www.gov.br\/empresas-e-negocios\/pt-br\/empreendedor\" target=\"_blank\" rel=\"noopener\">Portal do Empreendedor<\/a>. As parcelas vencem no dia 20 de cada m\u00eas.<\/p>\n<p><strong>Noticias em Destaque<\/strong><\/p>\n<p style=\"text-align: right;\"><em>Fonte: Agencia Brasil<\/em><\/p>\n","protected":false},"excerpt":{"rendered":"<p>A partir de fevereiro, os cerca de 14 milh\u00f5es de microempreendedores individuais (MEI) registrados no pa\u00eds pagar\u00e3o R$ 66 para contribu\u00edrem com a Previd\u00eancia Social. O aumento, de 8,91%, segue o reajuste do sal\u00e1rio m\u00ednimo, que passou de R$ 1.212 no ano passado para R$ 1.320 este ano, conforme estipulado pelo Or\u00e7amento. O reajuste valer\u00e1 apenas para os boletos com vencimento a partir de 20 de fevereiro. A cota deste m\u00eas, que vence em 20 de janeiro, continuar\u00e1 a ser paga pelo valor antigo, de R$ 60,60. Para os MEI caminhoneiros, que contribuem mais para a Previd\u00eancia Social, a contribui\u00e7\u00e3o passar\u00e1 de R$ 145,44 para R$ 158,40. Os valores levam em conta a prov\u00e1vel edi\u00e7\u00e3o de uma medida provis\u00f3ria, nos pr\u00f3ximos dias, que eleve o sal\u00e1rio m\u00ednimo para R$ 1.320. At\u00e9 agora, o sal\u00e1rio m\u00ednimo para 2023 est\u00e1 fixado em R$ 1.302, conforme\u00a0medida provis\u00f3ria editada\u00a0pelo governo anterior em meados de dezembro. Na sexta-feira (6), o ministro da Fazenda, Fernando Haddad, disse que o sal\u00e1rio m\u00ednimo\u00a0&#8220;vai ser pago normalmente&#8221;\u00a0ao ser perguntado sobre a edi\u00e7\u00e3o da medida provis\u00f3ria que fixar\u00e1 o valor em R$ 1.320. Recolhimento Profissionais aut\u00f4nomos com regime tribut\u00e1rio e previdenci\u00e1rio simplificado, os microempreendedores individuais recolhem 5% do sal\u00e1rio m\u00ednimo por m\u00eas para o Instituto Nacional do Seguro Social (INSS). Os MEI caminheiros contribuem com 12% do sal\u00e1rio m\u00ednimo. O restante da contribui\u00e7\u00e3o mensal varia conforme o ramo de atua\u00e7\u00e3o. Os trabalhadores que exercem atividades ligadas ao com\u00e9rcio e \u00e0 ind\u00fastria pagam R$ 1 a mais referente ao Imposto sobre a Circula\u00e7\u00e3o de Mercadorias e Servi\u00e7os (ICMS), administrado pelo estado onde mora. Os profissionais que executam servi\u00e7os recolhem R$ 5 a mais de Imposto sobre Servi\u00e7os (ISS), administrado pelo munic\u00edpio onde habita. Ao contribu\u00edrem para o INSS, os microempreendedores individuais passam a ter direito \u00e0 aposentadoria por idade, aux\u00edlio-doen\u00e7a, sal\u00e1rio-maternidade, aux\u00edlio-reclus\u00e3o e pens\u00e3o por morte. Al\u00e9m disso, a Receita Federal fornece um Cadastro Nacional da Pessoa Jur\u00eddica (CNPJ) aos MEI, que podem emitir notas fiscais e obter cr\u00e9dito com condi\u00e7\u00f5es especiais. O boleto mensal do Documento de Arrecada\u00e7\u00e3o Simplificada do MEI (DAS-MEI) pode ser gerado no\u00a0Portal do Empreendedor. As parcelas vencem no dia 20 de cada m\u00eas. Noticias em Destaque Fonte: Agencia Brasil<\/p>\n","protected":false},"author":2,"featured_media":45294,"comment_status":"closed","ping_status":"open","sticky":false,"template":"","format":"standard","meta":{"_eb_attr":"","_jetpack_memberships_contains_paid_content":false,"footnotes":""},"categories":[11],"tags":[],"class_list":["post-45293","post","type-post","status-publish","format-standard","has-post-thumbnail","hentry","category-economia"],"yoast_head":"<!-- This site is optimized with the Yoast SEO plugin v26.5 - https:\/\/yoast.com\/wordpress\/plugins\/seo\/ -->\n<title>Contribui\u00e7\u00e3o do MEI subir\u00e1 para R$ 66 em fevereiro - Not&iacute;cias em Destaque<\/title>\n<meta name=\"robots\" content=\"index, follow, max-snippet:-1, max-image-preview:large, max-video-preview:-1\" \/>\n<link rel=\"canonical\" href=\"https:\/\/noticiasemdestaque.com\/cd\/?p=45293\" \/>\n<meta property=\"og:locale\" content=\"pt_BR\" \/>\n<meta property=\"og:type\" content=\"article\" \/>\n<meta property=\"og:title\" content=\"Contribui\u00e7\u00e3o do MEI subir\u00e1 para R$ 66 em fevereiro - Not&iacute;cias em Destaque\" \/>\n<meta property=\"og:description\" content=\"A partir de fevereiro, os cerca de 14 milh\u00f5es de microempreendedores individuais (MEI) registrados no pa\u00eds pagar\u00e3o R$ 66 para contribu\u00edrem com a Previd\u00eancia Social. O aumento, de 8,91%, segue o reajuste do sal\u00e1rio m\u00ednimo, que passou de R$ 1.212 no ano passado para R$ 1.320 este ano, conforme estipulado pelo Or\u00e7amento. O reajuste valer\u00e1 apenas para os boletos com vencimento a partir de 20 de fevereiro. A cota deste m\u00eas, que vence em 20 de janeiro, continuar\u00e1 a ser paga pelo valor antigo, de R$ 60,60. Para os MEI caminhoneiros, que contribuem mais para a Previd\u00eancia Social, a contribui\u00e7\u00e3o passar\u00e1 de R$ 145,44 para R$ 158,40. Os valores levam em conta a prov\u00e1vel edi\u00e7\u00e3o de uma medida provis\u00f3ria, nos pr\u00f3ximos dias, que eleve o sal\u00e1rio m\u00ednimo para R$ 1.320. At\u00e9 agora, o sal\u00e1rio m\u00ednimo para 2023 est\u00e1 fixado em R$ 1.302, conforme\u00a0medida provis\u00f3ria editada\u00a0pelo governo anterior em meados de dezembro. Na sexta-feira (6), o ministro da Fazenda, Fernando Haddad, disse que o sal\u00e1rio m\u00ednimo\u00a0&#8220;vai ser pago normalmente&#8221;\u00a0ao ser perguntado sobre a edi\u00e7\u00e3o da medida provis\u00f3ria que fixar\u00e1 o valor em R$ 1.320. Recolhimento Profissionais aut\u00f4nomos com regime tribut\u00e1rio e previdenci\u00e1rio simplificado, os microempreendedores individuais recolhem 5% do sal\u00e1rio m\u00ednimo por m\u00eas para o Instituto Nacional do Seguro Social (INSS). Os MEI caminheiros contribuem com 12% do sal\u00e1rio m\u00ednimo. O restante da contribui\u00e7\u00e3o mensal varia conforme o ramo de atua\u00e7\u00e3o. Os trabalhadores que exercem atividades ligadas ao com\u00e9rcio e \u00e0 ind\u00fastria pagam R$ 1 a mais referente ao Imposto sobre a Circula\u00e7\u00e3o de Mercadorias e Servi\u00e7os (ICMS), administrado pelo estado onde mora. Os profissionais que executam servi\u00e7os recolhem R$ 5 a mais de Imposto sobre Servi\u00e7os (ISS), administrado pelo munic\u00edpio onde habita. Ao contribu\u00edrem para o INSS, os microempreendedores individuais passam a ter direito \u00e0 aposentadoria por idade, aux\u00edlio-doen\u00e7a, sal\u00e1rio-maternidade, aux\u00edlio-reclus\u00e3o e pens\u00e3o por morte. Al\u00e9m disso, a Receita Federal fornece um Cadastro Nacional da Pessoa Jur\u00eddica (CNPJ) aos MEI, que podem emitir notas fiscais e obter cr\u00e9dito com condi\u00e7\u00f5es especiais. O boleto mensal do Documento de Arrecada\u00e7\u00e3o Simplificada do MEI (DAS-MEI) pode ser gerado no\u00a0Portal do Empreendedor. As parcelas vencem no dia 20 de cada m\u00eas. Noticias em Destaque Fonte: Agencia Brasil\" \/>\n<meta property=\"og:url\" content=\"https:\/\/noticiasemdestaque.com\/cd\/?p=45293\" \/>\n<meta property=\"og:site_name\" content=\"Not&iacute;cias em Destaque\" \/>\n<meta property=\"article:published_time\" content=\"2023-01-07T15:20:09+00:00\" \/>\n<meta property=\"og:image\" content=\"https:\/\/noticiasemdestaque.com\/cd\/wp-content\/uploads\/2023\/01\/dinheiro_caixa_mcajr_abr_2907221125.jpg\" \/>\n\t<meta property=\"og:image:width\" content=\"1170\" \/>\n\t<meta property=\"og:image:height\" content=\"700\" \/>\n\t<meta property=\"og:image:type\" content=\"image\/jpeg\" \/>\n<meta name=\"author\" content=\"Not\u00edcias em Destaque\" \/>\n<meta name=\"twitter:card\" content=\"summary_large_image\" \/>\n<meta name=\"twitter:label1\" content=\"Escrito por\" \/>\n\t<meta name=\"twitter:data1\" content=\"Not\u00edcias em Destaque\" \/>\n\t<meta name=\"twitter:label2\" content=\"Est. tempo de leitura\" \/>\n\t<meta name=\"twitter:data2\" content=\"3 minutos\" \/>\n<script type=\"application\/ld+json\" class=\"yoast-schema-graph\">{\"@context\":\"https:\/\/schema.org\",\"@graph\":[{\"@type\":\"Article\",\"@id\":\"https:\/\/noticiasemdestaque.com\/cd\/?p=45293#article\",\"isPartOf\":{\"@id\":\"https:\/\/noticiasemdestaque.com\/cd\/?p=45293\"},\"author\":{\"name\":\"Not\u00edcias em Destaque\",\"@id\":\"https:\/\/noticiasemdestaque.com\/cd\/#\/schema\/person\/47f7d4f55eec17c6b2ca036c5500f6ce\"},\"headline\":\"Contribui\u00e7\u00e3o do MEI subir\u00e1 para R$ 66 em fevereiro\",\"datePublished\":\"2023-01-07T15:20:09+00:00\",\"mainEntityOfPage\":{\"@id\":\"https:\/\/noticiasemdestaque.com\/cd\/?p=45293\"},\"wordCount\":409,\"publisher\":{\"@id\":\"https:\/\/noticiasemdestaque.com\/cd\/#organization\"},\"image\":{\"@id\":\"https:\/\/noticiasemdestaque.com\/cd\/?p=45293#primaryimage\"},\"thumbnailUrl\":\"https:\/\/noticiasemdestaque.com\/cd\/wp-content\/uploads\/2023\/01\/dinheiro_caixa_mcajr_abr_2907221125.jpg\",\"articleSection\":[\"Economia\"],\"inLanguage\":\"pt-BR\"},{\"@type\":\"WebPage\",\"@id\":\"https:\/\/noticiasemdestaque.com\/cd\/?p=45293\",\"url\":\"https:\/\/noticiasemdestaque.com\/cd\/?p=45293\",\"name\":\"Contribui\u00e7\u00e3o do MEI subir\u00e1 para R$ 66 em fevereiro - Not&iacute;cias em Destaque\",\"isPartOf\":{\"@id\":\"https:\/\/noticiasemdestaque.com\/cd\/#website\"},\"primaryImageOfPage\":{\"@id\":\"https:\/\/noticiasemdestaque.com\/cd\/?p=45293#primaryimage\"},\"image\":{\"@id\":\"https:\/\/noticiasemdestaque.com\/cd\/?p=45293#primaryimage\"},\"thumbnailUrl\":\"https:\/\/noticiasemdestaque.com\/cd\/wp-content\/uploads\/2023\/01\/dinheiro_caixa_mcajr_abr_2907221125.jpg\",\"datePublished\":\"2023-01-07T15:20:09+00:00\",\"breadcrumb\":{\"@id\":\"https:\/\/noticiasemdestaque.com\/cd\/?p=45293#breadcrumb\"},\"inLanguage\":\"pt-BR\",\"potentialAction\":[{\"@type\":\"ReadAction\",\"target\":[\"https:\/\/noticiasemdestaque.com\/cd\/?p=45293\"]}]},{\"@type\":\"ImageObject\",\"inLanguage\":\"pt-BR\",\"@id\":\"https:\/\/noticiasemdestaque.com\/cd\/?p=45293#primaryimage\",\"url\":\"https:\/\/noticiasemdestaque.com\/cd\/wp-content\/uploads\/2023\/01\/dinheiro_caixa_mcajr_abr_2907221125.jpg\",\"contentUrl\":\"https:\/\/noticiasemdestaque.com\/cd\/wp-content\/uploads\/2023\/01\/dinheiro_caixa_mcajr_abr_2907221125.jpg\",\"width\":1170,\"height\":700,\"caption\":\"Dinheiro\"},{\"@type\":\"BreadcrumbList\",\"@id\":\"https:\/\/noticiasemdestaque.com\/cd\/?p=45293#breadcrumb\",\"itemListElement\":[{\"@type\":\"ListItem\",\"position\":1,\"name\":\"In\u00edcio\",\"item\":\"https:\/\/noticiasemdestaque.com\/cd\/\"},{\"@type\":\"ListItem\",\"position\":2,\"name\":\"Contribui\u00e7\u00e3o do MEI subir\u00e1 para R$ 66 em fevereiro\"}]},{\"@type\":\"WebSite\",\"@id\":\"https:\/\/noticiasemdestaque.com\/cd\/#website\",\"url\":\"https:\/\/noticiasemdestaque.com\/cd\/\",\"name\":\"Not&iacute;cias em Destaque\",\"description\":\"\",\"publisher\":{\"@id\":\"https:\/\/noticiasemdestaque.com\/cd\/#organization\"},\"potentialAction\":[{\"@type\":\"SearchAction\",\"target\":{\"@type\":\"EntryPoint\",\"urlTemplate\":\"https:\/\/noticiasemdestaque.com\/cd\/?s={search_term_string}\"},\"query-input\":{\"@type\":\"PropertyValueSpecification\",\"valueRequired\":true,\"valueName\":\"search_term_string\"}}],\"inLanguage\":\"pt-BR\"},{\"@type\":\"Organization\",\"@id\":\"https:\/\/noticiasemdestaque.com\/cd\/#organization\",\"name\":\"Not\u00edcias em Destaque\",\"url\":\"https:\/\/noticiasemdestaque.com\/cd\/\",\"logo\":{\"@type\":\"ImageObject\",\"inLanguage\":\"pt-BR\",\"@id\":\"https:\/\/noticiasemdestaque.com\/cd\/#\/schema\/logo\/image\/\",\"url\":\"https:\/\/noticiasemdestaque.com\/cd\/wp-content\/uploads\/2022\/05\/imagem-base-noticiasemdestaque.png\",\"contentUrl\":\"https:\/\/noticiasemdestaque.com\/cd\/wp-content\/uploads\/2022\/05\/imagem-base-noticiasemdestaque.png\",\"width\":1200,\"height\":630,\"caption\":\"Not\u00edcias em Destaque\"},\"image\":{\"@id\":\"https:\/\/noticiasemdestaque.com\/cd\/#\/schema\/logo\/image\/\"}},{\"@type\":\"Person\",\"@id\":\"https:\/\/noticiasemdestaque.com\/cd\/#\/schema\/person\/47f7d4f55eec17c6b2ca036c5500f6ce\",\"name\":\"Not\u00edcias em Destaque\",\"url\":\"https:\/\/noticiasemdestaque.com\/cd\/?author=2\"}]}<\/script>\n<!-- \/ Yoast SEO plugin. -->","yoast_head_json":{"title":"Contribui\u00e7\u00e3o do MEI subir\u00e1 para R$ 66 em fevereiro - Not&iacute;cias em Destaque","robots":{"index":"index","follow":"follow","max-snippet":"max-snippet:-1","max-image-preview":"max-image-preview:large","max-video-preview":"max-video-preview:-1"},"canonical":"https:\/\/noticiasemdestaque.com\/cd\/?p=45293","og_locale":"pt_BR","og_type":"article","og_title":"Contribui\u00e7\u00e3o do MEI subir\u00e1 para R$ 66 em fevereiro - Not&iacute;cias em Destaque","og_description":"A partir de fevereiro, os cerca de 14 milh\u00f5es de microempreendedores individuais (MEI) registrados no pa\u00eds pagar\u00e3o R$ 66 para contribu\u00edrem com a Previd\u00eancia Social. O aumento, de 8,91%, segue o reajuste do sal\u00e1rio m\u00ednimo, que passou de R$ 1.212 no ano passado para R$ 1.320 este ano, conforme estipulado pelo Or\u00e7amento. O reajuste valer\u00e1 apenas para os boletos com vencimento a partir de 20 de fevereiro. A cota deste m\u00eas, que vence em 20 de janeiro, continuar\u00e1 a ser paga pelo valor antigo, de R$ 60,60. Para os MEI caminhoneiros, que contribuem mais para a Previd\u00eancia Social, a contribui\u00e7\u00e3o passar\u00e1 de R$ 145,44 para R$ 158,40. Os valores levam em conta a prov\u00e1vel edi\u00e7\u00e3o de uma medida provis\u00f3ria, nos pr\u00f3ximos dias, que eleve o sal\u00e1rio m\u00ednimo para R$ 1.320. At\u00e9 agora, o sal\u00e1rio m\u00ednimo para 2023 est\u00e1 fixado em R$ 1.302, conforme\u00a0medida provis\u00f3ria editada\u00a0pelo governo anterior em meados de dezembro. Na sexta-feira (6), o ministro da Fazenda, Fernando Haddad, disse que o sal\u00e1rio m\u00ednimo\u00a0&#8220;vai ser pago normalmente&#8221;\u00a0ao ser perguntado sobre a edi\u00e7\u00e3o da medida provis\u00f3ria que fixar\u00e1 o valor em R$ 1.320. Recolhimento Profissionais aut\u00f4nomos com regime tribut\u00e1rio e previdenci\u00e1rio simplificado, os microempreendedores individuais recolhem 5% do sal\u00e1rio m\u00ednimo por m\u00eas para o Instituto Nacional do Seguro Social (INSS). Os MEI caminheiros contribuem com 12% do sal\u00e1rio m\u00ednimo. O restante da contribui\u00e7\u00e3o mensal varia conforme o ramo de atua\u00e7\u00e3o. Os trabalhadores que exercem atividades ligadas ao com\u00e9rcio e \u00e0 ind\u00fastria pagam R$ 1 a mais referente ao Imposto sobre a Circula\u00e7\u00e3o de Mercadorias e Servi\u00e7os (ICMS), administrado pelo estado onde mora. Os profissionais que executam servi\u00e7os recolhem R$ 5 a mais de Imposto sobre Servi\u00e7os (ISS), administrado pelo munic\u00edpio onde habita. Ao contribu\u00edrem para o INSS, os microempreendedores individuais passam a ter direito \u00e0 aposentadoria por idade, aux\u00edlio-doen\u00e7a, sal\u00e1rio-maternidade, aux\u00edlio-reclus\u00e3o e pens\u00e3o por morte. Al\u00e9m disso, a Receita Federal fornece um Cadastro Nacional da Pessoa Jur\u00eddica (CNPJ) aos MEI, que podem emitir notas fiscais e obter cr\u00e9dito com condi\u00e7\u00f5es especiais. O boleto mensal do Documento de Arrecada\u00e7\u00e3o Simplificada do MEI (DAS-MEI) pode ser gerado no\u00a0Portal do Empreendedor. As parcelas vencem no dia 20 de cada m\u00eas. Noticias em Destaque Fonte: Agencia Brasil","og_url":"https:\/\/noticiasemdestaque.com\/cd\/?p=45293","og_site_name":"Not&iacute;cias em Destaque","article_published_time":"2023-01-07T15:20:09+00:00","og_image":[{"width":1170,"height":700,"url":"https:\/\/noticiasemdestaque.com\/cd\/wp-content\/uploads\/2023\/01\/dinheiro_caixa_mcajr_abr_2907221125.jpg","type":"image\/jpeg"}],"author":"Not\u00edcias em Destaque","twitter_card":"summary_large_image","twitter_misc":{"Escrito por":"Not\u00edcias em Destaque","Est. tempo de leitura":"3 minutos"},"schema":{"@context":"https:\/\/schema.org","@graph":[{"@type":"Article","@id":"https:\/\/noticiasemdestaque.com\/cd\/?p=45293#article","isPartOf":{"@id":"https:\/\/noticiasemdestaque.com\/cd\/?p=45293"},"author":{"name":"Not\u00edcias em Destaque","@id":"https:\/\/noticiasemdestaque.com\/cd\/#\/schema\/person\/47f7d4f55eec17c6b2ca036c5500f6ce"},"headline":"Contribui\u00e7\u00e3o do MEI subir\u00e1 para R$ 66 em fevereiro","datePublished":"2023-01-07T15:20:09+00:00","mainEntityOfPage":{"@id":"https:\/\/noticiasemdestaque.com\/cd\/?p=45293"},"wordCount":409,"publisher":{"@id":"https:\/\/noticiasemdestaque.com\/cd\/#organization"},"image":{"@id":"https:\/\/noticiasemdestaque.com\/cd\/?p=45293#primaryimage"},"thumbnailUrl":"https:\/\/noticiasemdestaque.com\/cd\/wp-content\/uploads\/2023\/01\/dinheiro_caixa_mcajr_abr_2907221125.jpg","articleSection":["Economia"],"inLanguage":"pt-BR"},{"@type":"WebPage","@id":"https:\/\/noticiasemdestaque.com\/cd\/?p=45293","url":"https:\/\/noticiasemdestaque.com\/cd\/?p=45293","name":"Contribui\u00e7\u00e3o do MEI subir\u00e1 para R$ 66 em fevereiro - Not&iacute;cias em Destaque","isPartOf":{"@id":"https:\/\/noticiasemdestaque.com\/cd\/#website"},"primaryImageOfPage":{"@id":"https:\/\/noticiasemdestaque.com\/cd\/?p=45293#primaryimage"},"image":{"@id":"https:\/\/noticiasemdestaque.com\/cd\/?p=45293#primaryimage"},"thumbnailUrl":"https:\/\/noticiasemdestaque.com\/cd\/wp-content\/uploads\/2023\/01\/dinheiro_caixa_mcajr_abr_2907221125.jpg","datePublished":"2023-01-07T15:20:09+00:00","breadcrumb":{"@id":"https:\/\/noticiasemdestaque.com\/cd\/?p=45293#breadcrumb"},"inLanguage":"pt-BR","potentialAction":[{"@type":"ReadAction","target":["https:\/\/noticiasemdestaque.com\/cd\/?p=45293"]}]},{"@type":"ImageObject","inLanguage":"pt-BR","@id":"https:\/\/noticiasemdestaque.com\/cd\/?p=45293#primaryimage","url":"https:\/\/noticiasemdestaque.com\/cd\/wp-content\/uploads\/2023\/01\/dinheiro_caixa_mcajr_abr_2907221125.jpg","contentUrl":"https:\/\/noticiasemdestaque.com\/cd\/wp-content\/uploads\/2023\/01\/dinheiro_caixa_mcajr_abr_2907221125.jpg","width":1170,"height":700,"caption":"Dinheiro"},{"@type":"BreadcrumbList","@id":"https:\/\/noticiasemdestaque.com\/cd\/?p=45293#breadcrumb","itemListElement":[{"@type":"ListItem","position":1,"name":"In\u00edcio","item":"https:\/\/noticiasemdestaque.com\/cd\/"},{"@type":"ListItem","position":2,"name":"Contribui\u00e7\u00e3o do MEI subir\u00e1 para R$ 66 em fevereiro"}]},{"@type":"WebSite","@id":"https:\/\/noticiasemdestaque.com\/cd\/#website","url":"https:\/\/noticiasemdestaque.com\/cd\/","name":"Not&iacute;cias em Destaque","description":"","publisher":{"@id":"https:\/\/noticiasemdestaque.com\/cd\/#organization"},"potentialAction":[{"@type":"SearchAction","target":{"@type":"EntryPoint","urlTemplate":"https:\/\/noticiasemdestaque.com\/cd\/?s={search_term_string}"},"query-input":{"@type":"PropertyValueSpecification","valueRequired":true,"valueName":"search_term_string"}}],"inLanguage":"pt-BR"},{"@type":"Organization","@id":"https:\/\/noticiasemdestaque.com\/cd\/#organization","name":"Not\u00edcias em Destaque","url":"https:\/\/noticiasemdestaque.com\/cd\/","logo":{"@type":"ImageObject","inLanguage":"pt-BR","@id":"https:\/\/noticiasemdestaque.com\/cd\/#\/schema\/logo\/image\/","url":"https:\/\/noticiasemdestaque.com\/cd\/wp-content\/uploads\/2022\/05\/imagem-base-noticiasemdestaque.png","contentUrl":"https:\/\/noticiasemdestaque.com\/cd\/wp-content\/uploads\/2022\/05\/imagem-base-noticiasemdestaque.png","width":1200,"height":630,"caption":"Not\u00edcias em Destaque"},"image":{"@id":"https:\/\/noticiasemdestaque.com\/cd\/#\/schema\/logo\/image\/"}},{"@type":"Person","@id":"https:\/\/noticiasemdestaque.com\/cd\/#\/schema\/person\/47f7d4f55eec17c6b2ca036c5500f6ce","name":"Not\u00edcias em Destaque","url":"https:\/\/noticiasemdestaque.com\/cd\/?author=2"}]}},"jetpack_featured_media_url":"https:\/\/noticiasemdestaque.com\/cd\/wp-content\/uploads\/2023\/01\/dinheiro_caixa_mcajr_abr_2907221125.jpg","jetpack_sharing_enabled":true,"_links":{"self":[{"href":"https:\/\/noticiasemdestaque.com\/cd\/index.php?rest_route=\/wp\/v2\/posts\/45293","targetHints":{"allow":["GET"]}}],"collection":[{"href":"https:\/\/noticiasemdestaque.com\/cd\/index.php?rest_route=\/wp\/v2\/posts"}],"about":[{"href":"https:\/\/noticiasemdestaque.com\/cd\/index.php?rest_route=\/wp\/v2\/types\/post"}],"author":[{"embeddable":true,"href":"https:\/\/noticiasemdestaque.com\/cd\/index.php?rest_route=\/wp\/v2\/users\/2"}],"replies":[{"embeddable":true,"href":"https:\/\/noticiasemdestaque.com\/cd\/index.php?rest_route=%2Fwp%2Fv2%2Fcomments&post=45293"}],"version-history":[{"count":1,"href":"https:\/\/noticiasemdestaque.com\/cd\/index.php?rest_route=\/wp\/v2\/posts\/45293\/revisions"}],"predecessor-version":[{"id":45295,"href":"https:\/\/noticiasemdestaque.com\/cd\/index.php?rest_route=\/wp\/v2\/posts\/45293\/revisions\/45295"}],"wp:featuredmedia":[{"embeddable":true,"href":"https:\/\/noticiasemdestaque.com\/cd\/index.php?rest_route=\/wp\/v2\/media\/45294"}],"wp:attachment":[{"href":"https:\/\/noticiasemdestaque.com\/cd\/index.php?rest_route=%2Fwp%2Fv2%2Fmedia&parent=45293"}],"wp:term":[{"taxonomy":"category","embeddable":true,"href":"https:\/\/noticiasemdestaque.com\/cd\/index.php?rest_route=%2Fwp%2Fv2%2Fcategories&post=45293"},{"taxonomy":"post_tag","embeddable":true,"href":"https:\/\/noticiasemdestaque.com\/cd\/index.php?rest_route=%2Fwp%2Fv2%2Ftags&post=45293"}],"curies":[{"name":"wp","href":"https:\/\/api.w.org\/{rel}","templated":true}]}}