{"id":45287,"date":"2023-01-07T11:36:55","date_gmt":"2023-01-07T14:36:55","guid":{"rendered":"https:\/\/noticiasemdestaque.com\/cd\/?p=45287"},"modified":"2023-01-07T11:36:55","modified_gmt":"2023-01-07T14:36:55","slug":"prefeito-de-sao-jose-dos-cordeiros-realiza-entrega-de-instrumentos-para-a-filarmonica-05-de-janeiro","status":"publish","type":"post","link":"https:\/\/noticiasemdestaque.com\/cd\/?p=45287","title":{"rendered":"Prefeito de S\u00e3o Jos\u00e9 dos Cordeiros realiza entrega de instrumentos para a Filarm\u00f4nica 05 de Janeiro"},"content":{"rendered":"<p><a href=\"https:\/\/noticiasemdestaque.com\/cd\/wp-content\/uploads\/2023\/01\/Prefeito-de-Sao-Jose-dos-Cordeiros-realiza-entrega-de-instrumentos-para-a-Filarmonica-05-de-Janeiro.jpg\"><img fetchpriority=\"high\" decoding=\"async\" class=\"alignnone  wp-image-45288\" src=\"https:\/\/noticiasemdestaque.com\/cd\/wp-content\/uploads\/2023\/01\/Prefeito-de-Sao-Jose-dos-Cordeiros-realiza-entrega-de-instrumentos-para-a-Filarmonica-05-de-Janeiro-300x200.jpg\" alt=\"\" width=\"1103\" height=\"735\" srcset=\"https:\/\/noticiasemdestaque.com\/cd\/wp-content\/uploads\/2023\/01\/Prefeito-de-Sao-Jose-dos-Cordeiros-realiza-entrega-de-instrumentos-para-a-Filarmonica-05-de-Janeiro-300x200.jpg 300w, https:\/\/noticiasemdestaque.com\/cd\/wp-content\/uploads\/2023\/01\/Prefeito-de-Sao-Jose-dos-Cordeiros-realiza-entrega-de-instrumentos-para-a-Filarmonica-05-de-Janeiro-1024x683.jpg 1024w, https:\/\/noticiasemdestaque.com\/cd\/wp-content\/uploads\/2023\/01\/Prefeito-de-Sao-Jose-dos-Cordeiros-realiza-entrega-de-instrumentos-para-a-Filarmonica-05-de-Janeiro-768x512.jpg 768w, https:\/\/noticiasemdestaque.com\/cd\/wp-content\/uploads\/2023\/01\/Prefeito-de-Sao-Jose-dos-Cordeiros-realiza-entrega-de-instrumentos-para-a-Filarmonica-05-de-Janeiro-18x12.jpg 18w, https:\/\/noticiasemdestaque.com\/cd\/wp-content\/uploads\/2023\/01\/Prefeito-de-Sao-Jose-dos-Cordeiros-realiza-entrega-de-instrumentos-para-a-Filarmonica-05-de-Janeiro.jpg 1440w\" sizes=\"(max-width: 1103px) 100vw, 1103px\" \/><\/a><\/p>\n<p>\\O prefeito de S\u00e3o Jos\u00e9 dos Cordeiros, Fel\u00edcio Queiroz, realizou na manh\u00e3 desta sexta-feira (06), a entrega de instrumentos para a banda Filarm\u00f4nica 05 de Janeiro. Na oportunidade, o gestor exaltou os m\u00fasicos e afirmou que a banda \u00e9 um dos orgulhos do munic\u00edpio.<\/p>\n<p>A compra dos novos instrumentos foi realizada atrav\u00e9s de recursos destinados pelo deputado federal, Wellington Roberto, que ultrapassa R$ 72 mil reais.<\/p>\n<p>Atrav\u00e9s das redes sociais, o prefeito enfatizou a import\u00e2ncia deste investimento para a banda e reafirmou a import\u00e2ncia cultural para o munic\u00edpio.<\/p>\n<p>\u201cEstamos renovando parte dos equipamentos de nossa banda e at\u00e9 possibilitar que ela se amplie. Valorizar a Filarm\u00f4nica 05 de Janeiro significa mais do que investir em nossa cultura, \u00e9 um reconhecimento a sua hist\u00f3ria e a todos que a faz ao longo dos tempos uma das melhores filarm\u00f4nicas da Para\u00edba,\u201d disse.<\/p>\n<p><strong>Noticias em Destaque<\/strong><\/p>\n<p style=\"text-align: right;\"><em>Fonte: Assessoria<\/em><\/p>\n","protected":false},"excerpt":{"rendered":"<p>\\O prefeito de S\u00e3o Jos\u00e9 dos Cordeiros, Fel\u00edcio Queiroz, realizou na manh\u00e3 desta sexta-feira (06), a entrega de instrumentos para a banda Filarm\u00f4nica 05 de Janeiro. Na oportunidade, o gestor exaltou os m\u00fasicos e afirmou que a banda \u00e9 um dos orgulhos do munic\u00edpio. A compra dos novos instrumentos foi realizada atrav\u00e9s de recursos destinados pelo deputado federal, Wellington Roberto, que ultrapassa R$ 72 mil reais. Atrav\u00e9s das redes sociais, o prefeito enfatizou a import\u00e2ncia deste investimento para a banda e reafirmou a import\u00e2ncia cultural para o munic\u00edpio. \u201cEstamos renovando parte dos equipamentos de nossa banda e at\u00e9 possibilitar que ela se amplie. Valorizar a Filarm\u00f4nica 05 de Janeiro significa mais do que investir em nossa cultura, \u00e9 um reconhecimento a sua hist\u00f3ria e a todos que a faz ao longo dos tempos uma das melhores filarm\u00f4nicas da Para\u00edba,\u201d disse. Noticias em Destaque Fonte: Assessoria<\/p>\n","protected":false},"author":2,"featured_media":45288,"comment_status":"closed","ping_status":"open","sticky":false,"template":"","format":"standard","meta":{"_eb_attr":"","_jetpack_memberships_contains_paid_content":false,"footnotes":""},"categories":[3],"tags":[],"class_list":["post-45287","post","type-post","status-publish","format-standard","has-post-thumbnail","hentry","category-cidades"],"yoast_head":"<!-- This site is optimized with the Yoast SEO plugin v26.5 - https:\/\/yoast.com\/wordpress\/plugins\/seo\/ -->\n<title>Prefeito de S\u00e3o Jos\u00e9 dos Cordeiros realiza entrega de instrumentos para a Filarm\u00f4nica 05 de Janeiro - Not&iacute;cias em Destaque<\/title>\n<meta name=\"robots\" content=\"index, follow, max-snippet:-1, max-image-preview:large, max-video-preview:-1\" \/>\n<link rel=\"canonical\" href=\"https:\/\/noticiasemdestaque.com\/cd\/?p=45287\" \/>\n<meta property=\"og:locale\" content=\"pt_BR\" \/>\n<meta property=\"og:type\" content=\"article\" \/>\n<meta property=\"og:title\" content=\"Prefeito de S\u00e3o Jos\u00e9 dos Cordeiros realiza entrega de instrumentos para a Filarm\u00f4nica 05 de Janeiro - Not&iacute;cias em Destaque\" \/>\n<meta property=\"og:description\" content=\"O prefeito de S\u00e3o Jos\u00e9 dos Cordeiros, Fel\u00edcio Queiroz, realizou na manh\u00e3 desta sexta-feira (06), a entrega de instrumentos para a banda Filarm\u00f4nica 05 de Janeiro. Na oportunidade, o gestor exaltou os m\u00fasicos e afirmou que a banda \u00e9 um dos orgulhos do munic\u00edpio. A compra dos novos instrumentos foi realizada atrav\u00e9s de recursos destinados pelo deputado federal, Wellington Roberto, que ultrapassa R$ 72 mil reais. Atrav\u00e9s das redes sociais, o prefeito enfatizou a import\u00e2ncia deste investimento para a banda e reafirmou a import\u00e2ncia cultural para o munic\u00edpio. \u201cEstamos renovando parte dos equipamentos de nossa banda e at\u00e9 possibilitar que ela se amplie. Valorizar a Filarm\u00f4nica 05 de Janeiro significa mais do que investir em nossa cultura, \u00e9 um reconhecimento a sua hist\u00f3ria e a todos que a faz ao longo dos tempos uma das melhores filarm\u00f4nicas da Para\u00edba,\u201d disse. Noticias em Destaque Fonte: Assessoria\" \/>\n<meta property=\"og:url\" content=\"https:\/\/noticiasemdestaque.com\/cd\/?p=45287\" \/>\n<meta property=\"og:site_name\" content=\"Not&iacute;cias em Destaque\" \/>\n<meta property=\"article:published_time\" content=\"2023-01-07T14:36:55+00:00\" \/>\n<meta property=\"og:image\" content=\"https:\/\/noticiasemdestaque.com\/cd\/wp-content\/uploads\/2023\/01\/Prefeito-de-Sao-Jose-dos-Cordeiros-realiza-entrega-de-instrumentos-para-a-Filarmonica-05-de-Janeiro.jpg\" \/>\n\t<meta property=\"og:image:width\" content=\"1440\" \/>\n\t<meta property=\"og:image:height\" content=\"960\" \/>\n\t<meta property=\"og:image:type\" content=\"image\/jpeg\" \/>\n<meta name=\"author\" content=\"Not\u00edcias em Destaque\" \/>\n<meta name=\"twitter:card\" content=\"summary_large_image\" \/>\n<meta name=\"twitter:label1\" content=\"Escrito por\" \/>\n\t<meta name=\"twitter:data1\" content=\"Not\u00edcias em Destaque\" \/>\n\t<meta name=\"twitter:label2\" content=\"Est. tempo de leitura\" \/>\n\t<meta name=\"twitter:data2\" content=\"1 minuto\" \/>\n<script type=\"application\/ld+json\" class=\"yoast-schema-graph\">{\"@context\":\"https:\/\/schema.org\",\"@graph\":[{\"@type\":\"Article\",\"@id\":\"https:\/\/noticiasemdestaque.com\/cd\/?p=45287#article\",\"isPartOf\":{\"@id\":\"https:\/\/noticiasemdestaque.com\/cd\/?p=45287\"},\"author\":{\"name\":\"Not\u00edcias em Destaque\",\"@id\":\"https:\/\/noticiasemdestaque.com\/cd\/#\/schema\/person\/47f7d4f55eec17c6b2ca036c5500f6ce\"},\"headline\":\"Prefeito de S\u00e3o Jos\u00e9 dos Cordeiros realiza entrega de instrumentos para a Filarm\u00f4nica 05 de Janeiro\",\"datePublished\":\"2023-01-07T14:36:55+00:00\",\"mainEntityOfPage\":{\"@id\":\"https:\/\/noticiasemdestaque.com\/cd\/?p=45287\"},\"wordCount\":170,\"publisher\":{\"@id\":\"https:\/\/noticiasemdestaque.com\/cd\/#organization\"},\"image\":{\"@id\":\"https:\/\/noticiasemdestaque.com\/cd\/?p=45287#primaryimage\"},\"thumbnailUrl\":\"https:\/\/noticiasemdestaque.com\/cd\/wp-content\/uploads\/2023\/01\/Prefeito-de-Sao-Jose-dos-Cordeiros-realiza-entrega-de-instrumentos-para-a-Filarmonica-05-de-Janeiro.jpg\",\"articleSection\":[\"Cidades\"],\"inLanguage\":\"pt-BR\"},{\"@type\":\"WebPage\",\"@id\":\"https:\/\/noticiasemdestaque.com\/cd\/?p=45287\",\"url\":\"https:\/\/noticiasemdestaque.com\/cd\/?p=45287\",\"name\":\"Prefeito de S\u00e3o Jos\u00e9 dos Cordeiros realiza entrega de instrumentos para a Filarm\u00f4nica 05 de Janeiro - Not&iacute;cias em Destaque\",\"isPartOf\":{\"@id\":\"https:\/\/noticiasemdestaque.com\/cd\/#website\"},\"primaryImageOfPage\":{\"@id\":\"https:\/\/noticiasemdestaque.com\/cd\/?p=45287#primaryimage\"},\"image\":{\"@id\":\"https:\/\/noticiasemdestaque.com\/cd\/?p=45287#primaryimage\"},\"thumbnailUrl\":\"https:\/\/noticiasemdestaque.com\/cd\/wp-content\/uploads\/2023\/01\/Prefeito-de-Sao-Jose-dos-Cordeiros-realiza-entrega-de-instrumentos-para-a-Filarmonica-05-de-Janeiro.jpg\",\"datePublished\":\"2023-01-07T14:36:55+00:00\",\"breadcrumb\":{\"@id\":\"https:\/\/noticiasemdestaque.com\/cd\/?p=45287#breadcrumb\"},\"inLanguage\":\"pt-BR\",\"potentialAction\":[{\"@type\":\"ReadAction\",\"target\":[\"https:\/\/noticiasemdestaque.com\/cd\/?p=45287\"]}]},{\"@type\":\"ImageObject\",\"inLanguage\":\"pt-BR\",\"@id\":\"https:\/\/noticiasemdestaque.com\/cd\/?p=45287#primaryimage\",\"url\":\"https:\/\/noticiasemdestaque.com\/cd\/wp-content\/uploads\/2023\/01\/Prefeito-de-Sao-Jose-dos-Cordeiros-realiza-entrega-de-instrumentos-para-a-Filarmonica-05-de-Janeiro.jpg\",\"contentUrl\":\"https:\/\/noticiasemdestaque.com\/cd\/wp-content\/uploads\/2023\/01\/Prefeito-de-Sao-Jose-dos-Cordeiros-realiza-entrega-de-instrumentos-para-a-Filarmonica-05-de-Janeiro.jpg\",\"width\":1440,\"height\":960},{\"@type\":\"BreadcrumbList\",\"@id\":\"https:\/\/noticiasemdestaque.com\/cd\/?p=45287#breadcrumb\",\"itemListElement\":[{\"@type\":\"ListItem\",\"position\":1,\"name\":\"In\u00edcio\",\"item\":\"https:\/\/noticiasemdestaque.com\/cd\/\"},{\"@type\":\"ListItem\",\"position\":2,\"name\":\"Prefeito de S\u00e3o Jos\u00e9 dos Cordeiros realiza entrega de instrumentos para a Filarm\u00f4nica 05 de Janeiro\"}]},{\"@type\":\"WebSite\",\"@id\":\"https:\/\/noticiasemdestaque.com\/cd\/#website\",\"url\":\"https:\/\/noticiasemdestaque.com\/cd\/\",\"name\":\"Not&iacute;cias em Destaque\",\"description\":\"\",\"publisher\":{\"@id\":\"https:\/\/noticiasemdestaque.com\/cd\/#organization\"},\"potentialAction\":[{\"@type\":\"SearchAction\",\"target\":{\"@type\":\"EntryPoint\",\"urlTemplate\":\"https:\/\/noticiasemdestaque.com\/cd\/?s={search_term_string}\"},\"query-input\":{\"@type\":\"PropertyValueSpecification\",\"valueRequired\":true,\"valueName\":\"search_term_string\"}}],\"inLanguage\":\"pt-BR\"},{\"@type\":\"Organization\",\"@id\":\"https:\/\/noticiasemdestaque.com\/cd\/#organization\",\"name\":\"Not\u00edcias em Destaque\",\"url\":\"https:\/\/noticiasemdestaque.com\/cd\/\",\"logo\":{\"@type\":\"ImageObject\",\"inLanguage\":\"pt-BR\",\"@id\":\"https:\/\/noticiasemdestaque.com\/cd\/#\/schema\/logo\/image\/\",\"url\":\"https:\/\/noticiasemdestaque.com\/cd\/wp-content\/uploads\/2022\/05\/imagem-base-noticiasemdestaque.png\",\"contentUrl\":\"https:\/\/noticiasemdestaque.com\/cd\/wp-content\/uploads\/2022\/05\/imagem-base-noticiasemdestaque.png\",\"width\":1200,\"height\":630,\"caption\":\"Not\u00edcias em Destaque\"},\"image\":{\"@id\":\"https:\/\/noticiasemdestaque.com\/cd\/#\/schema\/logo\/image\/\"}},{\"@type\":\"Person\",\"@id\":\"https:\/\/noticiasemdestaque.com\/cd\/#\/schema\/person\/47f7d4f55eec17c6b2ca036c5500f6ce\",\"name\":\"Not\u00edcias em Destaque\",\"url\":\"https:\/\/noticiasemdestaque.com\/cd\/?author=2\"}]}<\/script>\n<!-- \/ Yoast SEO plugin. -->","yoast_head_json":{"title":"Prefeito de S\u00e3o Jos\u00e9 dos Cordeiros realiza entrega de instrumentos para a Filarm\u00f4nica 05 de Janeiro - Not&iacute;cias em Destaque","robots":{"index":"index","follow":"follow","max-snippet":"max-snippet:-1","max-image-preview":"max-image-preview:large","max-video-preview":"max-video-preview:-1"},"canonical":"https:\/\/noticiasemdestaque.com\/cd\/?p=45287","og_locale":"pt_BR","og_type":"article","og_title":"Prefeito de S\u00e3o Jos\u00e9 dos Cordeiros realiza entrega de instrumentos para a Filarm\u00f4nica 05 de Janeiro - Not&iacute;cias em Destaque","og_description":"O prefeito de S\u00e3o Jos\u00e9 dos Cordeiros, Fel\u00edcio Queiroz, realizou na manh\u00e3 desta sexta-feira (06), a entrega de instrumentos para a banda Filarm\u00f4nica 05 de Janeiro. Na oportunidade, o gestor exaltou os m\u00fasicos e afirmou que a banda \u00e9 um dos orgulhos do munic\u00edpio. A compra dos novos instrumentos foi realizada atrav\u00e9s de recursos destinados pelo deputado federal, Wellington Roberto, que ultrapassa R$ 72 mil reais. Atrav\u00e9s das redes sociais, o prefeito enfatizou a import\u00e2ncia deste investimento para a banda e reafirmou a import\u00e2ncia cultural para o munic\u00edpio. \u201cEstamos renovando parte dos equipamentos de nossa banda e at\u00e9 possibilitar que ela se amplie. Valorizar a Filarm\u00f4nica 05 de Janeiro significa mais do que investir em nossa cultura, \u00e9 um reconhecimento a sua hist\u00f3ria e a todos que a faz ao longo dos tempos uma das melhores filarm\u00f4nicas da Para\u00edba,\u201d disse. Noticias em Destaque Fonte: Assessoria","og_url":"https:\/\/noticiasemdestaque.com\/cd\/?p=45287","og_site_name":"Not&iacute;cias em Destaque","article_published_time":"2023-01-07T14:36:55+00:00","og_image":[{"width":1440,"height":960,"url":"https:\/\/noticiasemdestaque.com\/cd\/wp-content\/uploads\/2023\/01\/Prefeito-de-Sao-Jose-dos-Cordeiros-realiza-entrega-de-instrumentos-para-a-Filarmonica-05-de-Janeiro.jpg","type":"image\/jpeg"}],"author":"Not\u00edcias em Destaque","twitter_card":"summary_large_image","twitter_misc":{"Escrito por":"Not\u00edcias em Destaque","Est. tempo de leitura":"1 minuto"},"schema":{"@context":"https:\/\/schema.org","@graph":[{"@type":"Article","@id":"https:\/\/noticiasemdestaque.com\/cd\/?p=45287#article","isPartOf":{"@id":"https:\/\/noticiasemdestaque.com\/cd\/?p=45287"},"author":{"name":"Not\u00edcias em Destaque","@id":"https:\/\/noticiasemdestaque.com\/cd\/#\/schema\/person\/47f7d4f55eec17c6b2ca036c5500f6ce"},"headline":"Prefeito de S\u00e3o Jos\u00e9 dos Cordeiros realiza entrega de instrumentos para a Filarm\u00f4nica 05 de Janeiro","datePublished":"2023-01-07T14:36:55+00:00","mainEntityOfPage":{"@id":"https:\/\/noticiasemdestaque.com\/cd\/?p=45287"},"wordCount":170,"publisher":{"@id":"https:\/\/noticiasemdestaque.com\/cd\/#organization"},"image":{"@id":"https:\/\/noticiasemdestaque.com\/cd\/?p=45287#primaryimage"},"thumbnailUrl":"https:\/\/noticiasemdestaque.com\/cd\/wp-content\/uploads\/2023\/01\/Prefeito-de-Sao-Jose-dos-Cordeiros-realiza-entrega-de-instrumentos-para-a-Filarmonica-05-de-Janeiro.jpg","articleSection":["Cidades"],"inLanguage":"pt-BR"},{"@type":"WebPage","@id":"https:\/\/noticiasemdestaque.com\/cd\/?p=45287","url":"https:\/\/noticiasemdestaque.com\/cd\/?p=45287","name":"Prefeito de S\u00e3o Jos\u00e9 dos Cordeiros realiza entrega de instrumentos para a Filarm\u00f4nica 05 de Janeiro - Not&iacute;cias em Destaque","isPartOf":{"@id":"https:\/\/noticiasemdestaque.com\/cd\/#website"},"primaryImageOfPage":{"@id":"https:\/\/noticiasemdestaque.com\/cd\/?p=45287#primaryimage"},"image":{"@id":"https:\/\/noticiasemdestaque.com\/cd\/?p=45287#primaryimage"},"thumbnailUrl":"https:\/\/noticiasemdestaque.com\/cd\/wp-content\/uploads\/2023\/01\/Prefeito-de-Sao-Jose-dos-Cordeiros-realiza-entrega-de-instrumentos-para-a-Filarmonica-05-de-Janeiro.jpg","datePublished":"2023-01-07T14:36:55+00:00","breadcrumb":{"@id":"https:\/\/noticiasemdestaque.com\/cd\/?p=45287#breadcrumb"},"inLanguage":"pt-BR","potentialAction":[{"@type":"ReadAction","target":["https:\/\/noticiasemdestaque.com\/cd\/?p=45287"]}]},{"@type":"ImageObject","inLanguage":"pt-BR","@id":"https:\/\/noticiasemdestaque.com\/cd\/?p=45287#primaryimage","url":"https:\/\/noticiasemdestaque.com\/cd\/wp-content\/uploads\/2023\/01\/Prefeito-de-Sao-Jose-dos-Cordeiros-realiza-entrega-de-instrumentos-para-a-Filarmonica-05-de-Janeiro.jpg","contentUrl":"https:\/\/noticiasemdestaque.com\/cd\/wp-content\/uploads\/2023\/01\/Prefeito-de-Sao-Jose-dos-Cordeiros-realiza-entrega-de-instrumentos-para-a-Filarmonica-05-de-Janeiro.jpg","width":1440,"height":960},{"@type":"BreadcrumbList","@id":"https:\/\/noticiasemdestaque.com\/cd\/?p=45287#breadcrumb","itemListElement":[{"@type":"ListItem","position":1,"name":"In\u00edcio","item":"https:\/\/noticiasemdestaque.com\/cd\/"},{"@type":"ListItem","position":2,"name":"Prefeito de S\u00e3o Jos\u00e9 dos Cordeiros realiza entrega de instrumentos para a Filarm\u00f4nica 05 de Janeiro"}]},{"@type":"WebSite","@id":"https:\/\/noticiasemdestaque.com\/cd\/#website","url":"https:\/\/noticiasemdestaque.com\/cd\/","name":"Not&iacute;cias em Destaque","description":"","publisher":{"@id":"https:\/\/noticiasemdestaque.com\/cd\/#organization"},"potentialAction":[{"@type":"SearchAction","target":{"@type":"EntryPoint","urlTemplate":"https:\/\/noticiasemdestaque.com\/cd\/?s={search_term_string}"},"query-input":{"@type":"PropertyValueSpecification","valueRequired":true,"valueName":"search_term_string"}}],"inLanguage":"pt-BR"},{"@type":"Organization","@id":"https:\/\/noticiasemdestaque.com\/cd\/#organization","name":"Not\u00edcias em Destaque","url":"https:\/\/noticiasemdestaque.com\/cd\/","logo":{"@type":"ImageObject","inLanguage":"pt-BR","@id":"https:\/\/noticiasemdestaque.com\/cd\/#\/schema\/logo\/image\/","url":"https:\/\/noticiasemdestaque.com\/cd\/wp-content\/uploads\/2022\/05\/imagem-base-noticiasemdestaque.png","contentUrl":"https:\/\/noticiasemdestaque.com\/cd\/wp-content\/uploads\/2022\/05\/imagem-base-noticiasemdestaque.png","width":1200,"height":630,"caption":"Not\u00edcias em Destaque"},"image":{"@id":"https:\/\/noticiasemdestaque.com\/cd\/#\/schema\/logo\/image\/"}},{"@type":"Person","@id":"https:\/\/noticiasemdestaque.com\/cd\/#\/schema\/person\/47f7d4f55eec17c6b2ca036c5500f6ce","name":"Not\u00edcias em Destaque","url":"https:\/\/noticiasemdestaque.com\/cd\/?author=2"}]}},"jetpack_featured_media_url":"https:\/\/noticiasemdestaque.com\/cd\/wp-content\/uploads\/2023\/01\/Prefeito-de-Sao-Jose-dos-Cordeiros-realiza-entrega-de-instrumentos-para-a-Filarmonica-05-de-Janeiro.jpg","jetpack_sharing_enabled":true,"_links":{"self":[{"href":"https:\/\/noticiasemdestaque.com\/cd\/index.php?rest_route=\/wp\/v2\/posts\/45287","targetHints":{"allow":["GET"]}}],"collection":[{"href":"https:\/\/noticiasemdestaque.com\/cd\/index.php?rest_route=\/wp\/v2\/posts"}],"about":[{"href":"https:\/\/noticiasemdestaque.com\/cd\/index.php?rest_route=\/wp\/v2\/types\/post"}],"author":[{"embeddable":true,"href":"https:\/\/noticiasemdestaque.com\/cd\/index.php?rest_route=\/wp\/v2\/users\/2"}],"replies":[{"embeddable":true,"href":"https:\/\/noticiasemdestaque.com\/cd\/index.php?rest_route=%2Fwp%2Fv2%2Fcomments&post=45287"}],"version-history":[{"count":1,"href":"https:\/\/noticiasemdestaque.com\/cd\/index.php?rest_route=\/wp\/v2\/posts\/45287\/revisions"}],"predecessor-version":[{"id":45289,"href":"https:\/\/noticiasemdestaque.com\/cd\/index.php?rest_route=\/wp\/v2\/posts\/45287\/revisions\/45289"}],"wp:featuredmedia":[{"embeddable":true,"href":"https:\/\/noticiasemdestaque.com\/cd\/index.php?rest_route=\/wp\/v2\/media\/45288"}],"wp:attachment":[{"href":"https:\/\/noticiasemdestaque.com\/cd\/index.php?rest_route=%2Fwp%2Fv2%2Fmedia&parent=45287"}],"wp:term":[{"taxonomy":"category","embeddable":true,"href":"https:\/\/noticiasemdestaque.com\/cd\/index.php?rest_route=%2Fwp%2Fv2%2Fcategories&post=45287"},{"taxonomy":"post_tag","embeddable":true,"href":"https:\/\/noticiasemdestaque.com\/cd\/index.php?rest_route=%2Fwp%2Fv2%2Ftags&post=45287"}],"curies":[{"name":"wp","href":"https:\/\/api.w.org\/{rel}","templated":true}]}}