{"id":45271,"date":"2023-01-05T11:30:28","date_gmt":"2023-01-05T14:30:28","guid":{"rendered":"https:\/\/noticiasemdestaque.com\/cd\/?p=45271"},"modified":"2023-01-05T11:30:28","modified_gmt":"2023-01-05T14:30:28","slug":"governo-criara-programa-para-atender-endividados","status":"publish","type":"post","link":"https:\/\/noticiasemdestaque.com\/cd\/?p=45271","title":{"rendered":"Governo criar\u00e1 programa para atender endividados"},"content":{"rendered":"<figure id=\"attachment_45177\" aria-describedby=\"caption-attachment-45177\" style=\"width: 300px\" class=\"wp-caption aligncenter\"><a href=\"https:\/\/noticiasemdestaque.com\/cd\/wp-content\/uploads\/2023\/01\/real_moeda_dinheiro_mcajr_2904223671.jpg\"><img fetchpriority=\"high\" decoding=\"async\" class=\"size-medium wp-image-45177\" src=\"https:\/\/noticiasemdestaque.com\/cd\/wp-content\/uploads\/2023\/01\/real_moeda_dinheiro_mcajr_2904223671-300x179.jpg\" alt=\"\" width=\"300\" height=\"179\" srcset=\"https:\/\/noticiasemdestaque.com\/cd\/wp-content\/uploads\/2023\/01\/real_moeda_dinheiro_mcajr_2904223671-300x179.jpg 300w, https:\/\/noticiasemdestaque.com\/cd\/wp-content\/uploads\/2023\/01\/real_moeda_dinheiro_mcajr_2904223671-1024x613.jpg 1024w, https:\/\/noticiasemdestaque.com\/cd\/wp-content\/uploads\/2023\/01\/real_moeda_dinheiro_mcajr_2904223671-768x459.jpg 768w, https:\/\/noticiasemdestaque.com\/cd\/wp-content\/uploads\/2023\/01\/real_moeda_dinheiro_mcajr_2904223671-18x12.jpg 18w, https:\/\/noticiasemdestaque.com\/cd\/wp-content\/uploads\/2023\/01\/real_moeda_dinheiro_mcajr_2904223671.jpg 1170w\" sizes=\"(max-width: 300px) 100vw, 300px\" \/><\/a><figcaption id=\"caption-attachment-45177\" class=\"wp-caption-text\">Real Moeda brasileira<\/figcaption><\/figure>\n<p>O governo federal vai criar um programa para atender as pessoas endividadas, entre elas as que contra\u00edram\u00a0<a href=\"https:\/\/agenciabrasil.ebc.com.br\/politica\/noticia\/2022-08\/sancionada-lei-que-libera-consignado-para-o-auxilio-brasil\" target=\"_blank\" rel=\"noopener\">empr\u00e9stimo consignado oferecido pelo Aux\u00edlio Brasil<\/a>\u00a0em 2022, modalidade implantada para permitir a inclus\u00e3o de pessoas inadimplentes de volta \u00e0 economia.<img decoding=\"async\" src=\"https:\/\/agenciabrasil.ebc.com.br\/ebc.png?id=1502029&amp;o=node\" \/><img decoding=\"async\" src=\"https:\/\/agenciabrasil.ebc.com.br\/ebc.gif?id=1502029&amp;o=node\" \/><\/p>\n<p>O an\u00fancio foi feito pelo ministro do Desenvolvimento e Assist\u00eancia Social, Fam\u00edlia e Combate \u00e0 Fome, Wellington Dias. A iniciativa, batizada de Desenrola Brasil, ainda est\u00e1 em fase de elabora\u00e7\u00e3o.<\/p>\n<p>De acordo com o minist\u00e9rio, a estimativa \u00e9 de que sejam atendidas 80 milh\u00f5es de pessoas inadimplentes, sendo cerca de 3,5 milh\u00f5es de pessoas endividadas com o consignado e que recebem o Aux\u00edlio Brasil. As d\u00edvidas somam R$ 9,5 bilh\u00f5es.<\/p>\n<p>Segundo o ministro, o novo programa ser\u00e1 desenvolvido em parceria com outros minist\u00e9rios.<\/p>\n<p>\u201c\u00c9 grave o problema dos endividados do Aux\u00edlio Brasil ou do Bolsa Fam\u00edlia, o chamado consignado. Primeiro, j\u00e1 do ponto de vista da pr\u00f3pria legalidade. O programa foi usado, no per\u00edodo de elei\u00e7\u00e3o, com objetivos claramente eleitorais. O presidente Lula j\u00e1 demonstrou sensibilidade com o tema desde a campanha\u201d, disse Wellington Dias.<\/p>\n<p>Com EBC<\/p>\n","protected":false},"excerpt":{"rendered":"<p>O governo federal vai criar um programa para atender as pessoas endividadas, entre elas as que contra\u00edram\u00a0empr\u00e9stimo consignado oferecido pelo Aux\u00edlio Brasil\u00a0em 2022, modalidade implantada para permitir a inclus\u00e3o de pessoas inadimplentes de volta \u00e0 economia. O an\u00fancio foi feito pelo ministro do Desenvolvimento e Assist\u00eancia Social, Fam\u00edlia e Combate \u00e0 Fome, Wellington Dias. A iniciativa, batizada de Desenrola Brasil, ainda est\u00e1 em fase de elabora\u00e7\u00e3o. De acordo com o minist\u00e9rio, a estimativa \u00e9 de que sejam atendidas 80 milh\u00f5es de pessoas inadimplentes, sendo cerca de 3,5 milh\u00f5es de pessoas endividadas com o consignado e que recebem o Aux\u00edlio Brasil. As d\u00edvidas somam R$ 9,5 bilh\u00f5es. Segundo o ministro, o novo programa ser\u00e1 desenvolvido em parceria com outros minist\u00e9rios. \u201c\u00c9 grave o problema dos endividados do Aux\u00edlio Brasil ou do Bolsa Fam\u00edlia, o chamado consignado. Primeiro, j\u00e1 do ponto de vista da pr\u00f3pria legalidade. O programa foi usado, no per\u00edodo de elei\u00e7\u00e3o, com objetivos claramente eleitorais. O presidente Lula j\u00e1 demonstrou sensibilidade com o tema desde a campanha\u201d, disse Wellington Dias. Com EBC<\/p>\n","protected":false},"author":2,"featured_media":44704,"comment_status":"closed","ping_status":"open","sticky":false,"template":"","format":"standard","meta":{"_eb_attr":"","_jetpack_memberships_contains_paid_content":false,"footnotes":""},"categories":[11],"tags":[],"class_list":["post-45271","post","type-post","status-publish","format-standard","has-post-thumbnail","hentry","category-economia"],"yoast_head":"<!-- This site is optimized with the Yoast SEO plugin v26.5 - https:\/\/yoast.com\/wordpress\/plugins\/seo\/ -->\n<title>Governo criar\u00e1 programa para atender endividados - Not&iacute;cias em Destaque<\/title>\n<meta name=\"robots\" content=\"index, follow, max-snippet:-1, max-image-preview:large, max-video-preview:-1\" \/>\n<link rel=\"canonical\" href=\"https:\/\/noticiasemdestaque.com\/cd\/?p=45271\" \/>\n<meta property=\"og:locale\" content=\"pt_BR\" \/>\n<meta property=\"og:type\" content=\"article\" \/>\n<meta property=\"og:title\" content=\"Governo criar\u00e1 programa para atender endividados - Not&iacute;cias em Destaque\" \/>\n<meta property=\"og:description\" content=\"O governo federal vai criar um programa para atender as pessoas endividadas, entre elas as que contra\u00edram\u00a0empr\u00e9stimo consignado oferecido pelo Aux\u00edlio Brasil\u00a0em 2022, modalidade implantada para permitir a inclus\u00e3o de pessoas inadimplentes de volta \u00e0 economia. O an\u00fancio foi feito pelo ministro do Desenvolvimento e Assist\u00eancia Social, Fam\u00edlia e Combate \u00e0 Fome, Wellington Dias. A iniciativa, batizada de Desenrola Brasil, ainda est\u00e1 em fase de elabora\u00e7\u00e3o. De acordo com o minist\u00e9rio, a estimativa \u00e9 de que sejam atendidas 80 milh\u00f5es de pessoas inadimplentes, sendo cerca de 3,5 milh\u00f5es de pessoas endividadas com o consignado e que recebem o Aux\u00edlio Brasil. As d\u00edvidas somam R$ 9,5 bilh\u00f5es. Segundo o ministro, o novo programa ser\u00e1 desenvolvido em parceria com outros minist\u00e9rios. \u201c\u00c9 grave o problema dos endividados do Aux\u00edlio Brasil ou do Bolsa Fam\u00edlia, o chamado consignado. Primeiro, j\u00e1 do ponto de vista da pr\u00f3pria legalidade. O programa foi usado, no per\u00edodo de elei\u00e7\u00e3o, com objetivos claramente eleitorais. O presidente Lula j\u00e1 demonstrou sensibilidade com o tema desde a campanha\u201d, disse Wellington Dias. Com EBC\" \/>\n<meta property=\"og:url\" content=\"https:\/\/noticiasemdestaque.com\/cd\/?p=45271\" \/>\n<meta property=\"og:site_name\" content=\"Not&iacute;cias em Destaque\" \/>\n<meta property=\"article:published_time\" content=\"2023-01-05T14:30:28+00:00\" \/>\n<meta property=\"og:image\" content=\"https:\/\/noticiasemdestaque.com\/cd\/wp-content\/uploads\/2022\/12\/real_moeda_dinheiro_mcajr_2904223669.jpg\" \/>\n\t<meta property=\"og:image:width\" content=\"1170\" \/>\n\t<meta property=\"og:image:height\" content=\"700\" \/>\n\t<meta property=\"og:image:type\" content=\"image\/jpeg\" \/>\n<meta name=\"author\" content=\"Not\u00edcias em Destaque\" \/>\n<meta name=\"twitter:card\" content=\"summary_large_image\" \/>\n<meta name=\"twitter:label1\" content=\"Escrito por\" \/>\n\t<meta name=\"twitter:data1\" content=\"Not\u00edcias em Destaque\" \/>\n\t<meta name=\"twitter:label2\" content=\"Est. tempo de leitura\" \/>\n\t<meta name=\"twitter:data2\" content=\"2 minutos\" \/>\n<script type=\"application\/ld+json\" class=\"yoast-schema-graph\">{\"@context\":\"https:\/\/schema.org\",\"@graph\":[{\"@type\":\"Article\",\"@id\":\"https:\/\/noticiasemdestaque.com\/cd\/?p=45271#article\",\"isPartOf\":{\"@id\":\"https:\/\/noticiasemdestaque.com\/cd\/?p=45271\"},\"author\":{\"name\":\"Not\u00edcias em Destaque\",\"@id\":\"https:\/\/noticiasemdestaque.com\/cd\/#\/schema\/person\/47f7d4f55eec17c6b2ca036c5500f6ce\"},\"headline\":\"Governo criar\u00e1 programa para atender endividados\",\"datePublished\":\"2023-01-05T14:30:28+00:00\",\"mainEntityOfPage\":{\"@id\":\"https:\/\/noticiasemdestaque.com\/cd\/?p=45271\"},\"wordCount\":203,\"publisher\":{\"@id\":\"https:\/\/noticiasemdestaque.com\/cd\/#organization\"},\"image\":{\"@id\":\"https:\/\/noticiasemdestaque.com\/cd\/?p=45271#primaryimage\"},\"thumbnailUrl\":\"https:\/\/noticiasemdestaque.com\/cd\/wp-content\/uploads\/2022\/12\/real_moeda_dinheiro_mcajr_2904223669.jpg\",\"articleSection\":[\"Economia\"],\"inLanguage\":\"pt-BR\"},{\"@type\":\"WebPage\",\"@id\":\"https:\/\/noticiasemdestaque.com\/cd\/?p=45271\",\"url\":\"https:\/\/noticiasemdestaque.com\/cd\/?p=45271\",\"name\":\"Governo criar\u00e1 programa para atender endividados - Not&iacute;cias em Destaque\",\"isPartOf\":{\"@id\":\"https:\/\/noticiasemdestaque.com\/cd\/#website\"},\"primaryImageOfPage\":{\"@id\":\"https:\/\/noticiasemdestaque.com\/cd\/?p=45271#primaryimage\"},\"image\":{\"@id\":\"https:\/\/noticiasemdestaque.com\/cd\/?p=45271#primaryimage\"},\"thumbnailUrl\":\"https:\/\/noticiasemdestaque.com\/cd\/wp-content\/uploads\/2022\/12\/real_moeda_dinheiro_mcajr_2904223669.jpg\",\"datePublished\":\"2023-01-05T14:30:28+00:00\",\"breadcrumb\":{\"@id\":\"https:\/\/noticiasemdestaque.com\/cd\/?p=45271#breadcrumb\"},\"inLanguage\":\"pt-BR\",\"potentialAction\":[{\"@type\":\"ReadAction\",\"target\":[\"https:\/\/noticiasemdestaque.com\/cd\/?p=45271\"]}]},{\"@type\":\"ImageObject\",\"inLanguage\":\"pt-BR\",\"@id\":\"https:\/\/noticiasemdestaque.com\/cd\/?p=45271#primaryimage\",\"url\":\"https:\/\/noticiasemdestaque.com\/cd\/wp-content\/uploads\/2022\/12\/real_moeda_dinheiro_mcajr_2904223669.jpg\",\"contentUrl\":\"https:\/\/noticiasemdestaque.com\/cd\/wp-content\/uploads\/2022\/12\/real_moeda_dinheiro_mcajr_2904223669.jpg\",\"width\":1170,\"height\":700,\"caption\":\"Real Moeda brasileira\"},{\"@type\":\"BreadcrumbList\",\"@id\":\"https:\/\/noticiasemdestaque.com\/cd\/?p=45271#breadcrumb\",\"itemListElement\":[{\"@type\":\"ListItem\",\"position\":1,\"name\":\"In\u00edcio\",\"item\":\"https:\/\/noticiasemdestaque.com\/cd\/\"},{\"@type\":\"ListItem\",\"position\":2,\"name\":\"Governo criar\u00e1 programa para atender endividados\"}]},{\"@type\":\"WebSite\",\"@id\":\"https:\/\/noticiasemdestaque.com\/cd\/#website\",\"url\":\"https:\/\/noticiasemdestaque.com\/cd\/\",\"name\":\"Not&iacute;cias em Destaque\",\"description\":\"\",\"publisher\":{\"@id\":\"https:\/\/noticiasemdestaque.com\/cd\/#organization\"},\"potentialAction\":[{\"@type\":\"SearchAction\",\"target\":{\"@type\":\"EntryPoint\",\"urlTemplate\":\"https:\/\/noticiasemdestaque.com\/cd\/?s={search_term_string}\"},\"query-input\":{\"@type\":\"PropertyValueSpecification\",\"valueRequired\":true,\"valueName\":\"search_term_string\"}}],\"inLanguage\":\"pt-BR\"},{\"@type\":\"Organization\",\"@id\":\"https:\/\/noticiasemdestaque.com\/cd\/#organization\",\"name\":\"Not\u00edcias em Destaque\",\"url\":\"https:\/\/noticiasemdestaque.com\/cd\/\",\"logo\":{\"@type\":\"ImageObject\",\"inLanguage\":\"pt-BR\",\"@id\":\"https:\/\/noticiasemdestaque.com\/cd\/#\/schema\/logo\/image\/\",\"url\":\"https:\/\/noticiasemdestaque.com\/cd\/wp-content\/uploads\/2022\/05\/imagem-base-noticiasemdestaque.png\",\"contentUrl\":\"https:\/\/noticiasemdestaque.com\/cd\/wp-content\/uploads\/2022\/05\/imagem-base-noticiasemdestaque.png\",\"width\":1200,\"height\":630,\"caption\":\"Not\u00edcias em Destaque\"},\"image\":{\"@id\":\"https:\/\/noticiasemdestaque.com\/cd\/#\/schema\/logo\/image\/\"}},{\"@type\":\"Person\",\"@id\":\"https:\/\/noticiasemdestaque.com\/cd\/#\/schema\/person\/47f7d4f55eec17c6b2ca036c5500f6ce\",\"name\":\"Not\u00edcias em Destaque\",\"url\":\"https:\/\/noticiasemdestaque.com\/cd\/?author=2\"}]}<\/script>\n<!-- \/ Yoast SEO plugin. -->","yoast_head_json":{"title":"Governo criar\u00e1 programa para atender endividados - Not&iacute;cias em Destaque","robots":{"index":"index","follow":"follow","max-snippet":"max-snippet:-1","max-image-preview":"max-image-preview:large","max-video-preview":"max-video-preview:-1"},"canonical":"https:\/\/noticiasemdestaque.com\/cd\/?p=45271","og_locale":"pt_BR","og_type":"article","og_title":"Governo criar\u00e1 programa para atender endividados - Not&iacute;cias em Destaque","og_description":"O governo federal vai criar um programa para atender as pessoas endividadas, entre elas as que contra\u00edram\u00a0empr\u00e9stimo consignado oferecido pelo Aux\u00edlio Brasil\u00a0em 2022, modalidade implantada para permitir a inclus\u00e3o de pessoas inadimplentes de volta \u00e0 economia. O an\u00fancio foi feito pelo ministro do Desenvolvimento e Assist\u00eancia Social, Fam\u00edlia e Combate \u00e0 Fome, Wellington Dias. A iniciativa, batizada de Desenrola Brasil, ainda est\u00e1 em fase de elabora\u00e7\u00e3o. De acordo com o minist\u00e9rio, a estimativa \u00e9 de que sejam atendidas 80 milh\u00f5es de pessoas inadimplentes, sendo cerca de 3,5 milh\u00f5es de pessoas endividadas com o consignado e que recebem o Aux\u00edlio Brasil. As d\u00edvidas somam R$ 9,5 bilh\u00f5es. Segundo o ministro, o novo programa ser\u00e1 desenvolvido em parceria com outros minist\u00e9rios. \u201c\u00c9 grave o problema dos endividados do Aux\u00edlio Brasil ou do Bolsa Fam\u00edlia, o chamado consignado. Primeiro, j\u00e1 do ponto de vista da pr\u00f3pria legalidade. O programa foi usado, no per\u00edodo de elei\u00e7\u00e3o, com objetivos claramente eleitorais. O presidente Lula j\u00e1 demonstrou sensibilidade com o tema desde a campanha\u201d, disse Wellington Dias. Com EBC","og_url":"https:\/\/noticiasemdestaque.com\/cd\/?p=45271","og_site_name":"Not&iacute;cias em Destaque","article_published_time":"2023-01-05T14:30:28+00:00","og_image":[{"width":1170,"height":700,"url":"https:\/\/noticiasemdestaque.com\/cd\/wp-content\/uploads\/2022\/12\/real_moeda_dinheiro_mcajr_2904223669.jpg","type":"image\/jpeg"}],"author":"Not\u00edcias em Destaque","twitter_card":"summary_large_image","twitter_misc":{"Escrito por":"Not\u00edcias em Destaque","Est. tempo de leitura":"2 minutos"},"schema":{"@context":"https:\/\/schema.org","@graph":[{"@type":"Article","@id":"https:\/\/noticiasemdestaque.com\/cd\/?p=45271#article","isPartOf":{"@id":"https:\/\/noticiasemdestaque.com\/cd\/?p=45271"},"author":{"name":"Not\u00edcias em Destaque","@id":"https:\/\/noticiasemdestaque.com\/cd\/#\/schema\/person\/47f7d4f55eec17c6b2ca036c5500f6ce"},"headline":"Governo criar\u00e1 programa para atender endividados","datePublished":"2023-01-05T14:30:28+00:00","mainEntityOfPage":{"@id":"https:\/\/noticiasemdestaque.com\/cd\/?p=45271"},"wordCount":203,"publisher":{"@id":"https:\/\/noticiasemdestaque.com\/cd\/#organization"},"image":{"@id":"https:\/\/noticiasemdestaque.com\/cd\/?p=45271#primaryimage"},"thumbnailUrl":"https:\/\/noticiasemdestaque.com\/cd\/wp-content\/uploads\/2022\/12\/real_moeda_dinheiro_mcajr_2904223669.jpg","articleSection":["Economia"],"inLanguage":"pt-BR"},{"@type":"WebPage","@id":"https:\/\/noticiasemdestaque.com\/cd\/?p=45271","url":"https:\/\/noticiasemdestaque.com\/cd\/?p=45271","name":"Governo criar\u00e1 programa para atender endividados - Not&iacute;cias em Destaque","isPartOf":{"@id":"https:\/\/noticiasemdestaque.com\/cd\/#website"},"primaryImageOfPage":{"@id":"https:\/\/noticiasemdestaque.com\/cd\/?p=45271#primaryimage"},"image":{"@id":"https:\/\/noticiasemdestaque.com\/cd\/?p=45271#primaryimage"},"thumbnailUrl":"https:\/\/noticiasemdestaque.com\/cd\/wp-content\/uploads\/2022\/12\/real_moeda_dinheiro_mcajr_2904223669.jpg","datePublished":"2023-01-05T14:30:28+00:00","breadcrumb":{"@id":"https:\/\/noticiasemdestaque.com\/cd\/?p=45271#breadcrumb"},"inLanguage":"pt-BR","potentialAction":[{"@type":"ReadAction","target":["https:\/\/noticiasemdestaque.com\/cd\/?p=45271"]}]},{"@type":"ImageObject","inLanguage":"pt-BR","@id":"https:\/\/noticiasemdestaque.com\/cd\/?p=45271#primaryimage","url":"https:\/\/noticiasemdestaque.com\/cd\/wp-content\/uploads\/2022\/12\/real_moeda_dinheiro_mcajr_2904223669.jpg","contentUrl":"https:\/\/noticiasemdestaque.com\/cd\/wp-content\/uploads\/2022\/12\/real_moeda_dinheiro_mcajr_2904223669.jpg","width":1170,"height":700,"caption":"Real Moeda brasileira"},{"@type":"BreadcrumbList","@id":"https:\/\/noticiasemdestaque.com\/cd\/?p=45271#breadcrumb","itemListElement":[{"@type":"ListItem","position":1,"name":"In\u00edcio","item":"https:\/\/noticiasemdestaque.com\/cd\/"},{"@type":"ListItem","position":2,"name":"Governo criar\u00e1 programa para atender endividados"}]},{"@type":"WebSite","@id":"https:\/\/noticiasemdestaque.com\/cd\/#website","url":"https:\/\/noticiasemdestaque.com\/cd\/","name":"Not&iacute;cias em Destaque","description":"","publisher":{"@id":"https:\/\/noticiasemdestaque.com\/cd\/#organization"},"potentialAction":[{"@type":"SearchAction","target":{"@type":"EntryPoint","urlTemplate":"https:\/\/noticiasemdestaque.com\/cd\/?s={search_term_string}"},"query-input":{"@type":"PropertyValueSpecification","valueRequired":true,"valueName":"search_term_string"}}],"inLanguage":"pt-BR"},{"@type":"Organization","@id":"https:\/\/noticiasemdestaque.com\/cd\/#organization","name":"Not\u00edcias em Destaque","url":"https:\/\/noticiasemdestaque.com\/cd\/","logo":{"@type":"ImageObject","inLanguage":"pt-BR","@id":"https:\/\/noticiasemdestaque.com\/cd\/#\/schema\/logo\/image\/","url":"https:\/\/noticiasemdestaque.com\/cd\/wp-content\/uploads\/2022\/05\/imagem-base-noticiasemdestaque.png","contentUrl":"https:\/\/noticiasemdestaque.com\/cd\/wp-content\/uploads\/2022\/05\/imagem-base-noticiasemdestaque.png","width":1200,"height":630,"caption":"Not\u00edcias em Destaque"},"image":{"@id":"https:\/\/noticiasemdestaque.com\/cd\/#\/schema\/logo\/image\/"}},{"@type":"Person","@id":"https:\/\/noticiasemdestaque.com\/cd\/#\/schema\/person\/47f7d4f55eec17c6b2ca036c5500f6ce","name":"Not\u00edcias em Destaque","url":"https:\/\/noticiasemdestaque.com\/cd\/?author=2"}]}},"jetpack_featured_media_url":"https:\/\/noticiasemdestaque.com\/cd\/wp-content\/uploads\/2022\/12\/real_moeda_dinheiro_mcajr_2904223669.jpg","jetpack_sharing_enabled":true,"_links":{"self":[{"href":"https:\/\/noticiasemdestaque.com\/cd\/index.php?rest_route=\/wp\/v2\/posts\/45271","targetHints":{"allow":["GET"]}}],"collection":[{"href":"https:\/\/noticiasemdestaque.com\/cd\/index.php?rest_route=\/wp\/v2\/posts"}],"about":[{"href":"https:\/\/noticiasemdestaque.com\/cd\/index.php?rest_route=\/wp\/v2\/types\/post"}],"author":[{"embeddable":true,"href":"https:\/\/noticiasemdestaque.com\/cd\/index.php?rest_route=\/wp\/v2\/users\/2"}],"replies":[{"embeddable":true,"href":"https:\/\/noticiasemdestaque.com\/cd\/index.php?rest_route=%2Fwp%2Fv2%2Fcomments&post=45271"}],"version-history":[{"count":1,"href":"https:\/\/noticiasemdestaque.com\/cd\/index.php?rest_route=\/wp\/v2\/posts\/45271\/revisions"}],"predecessor-version":[{"id":45272,"href":"https:\/\/noticiasemdestaque.com\/cd\/index.php?rest_route=\/wp\/v2\/posts\/45271\/revisions\/45272"}],"wp:featuredmedia":[{"embeddable":true,"href":"https:\/\/noticiasemdestaque.com\/cd\/index.php?rest_route=\/wp\/v2\/media\/44704"}],"wp:attachment":[{"href":"https:\/\/noticiasemdestaque.com\/cd\/index.php?rest_route=%2Fwp%2Fv2%2Fmedia&parent=45271"}],"wp:term":[{"taxonomy":"category","embeddable":true,"href":"https:\/\/noticiasemdestaque.com\/cd\/index.php?rest_route=%2Fwp%2Fv2%2Fcategories&post=45271"},{"taxonomy":"post_tag","embeddable":true,"href":"https:\/\/noticiasemdestaque.com\/cd\/index.php?rest_route=%2Fwp%2Fv2%2Ftags&post=45271"}],"curies":[{"name":"wp","href":"https:\/\/api.w.org\/{rel}","templated":true}]}}