{"id":45263,"date":"2023-01-05T09:09:03","date_gmt":"2023-01-05T12:09:03","guid":{"rendered":"https:\/\/noticiasemdestaque.com\/cd\/?p=45263"},"modified":"2023-01-05T10:08:02","modified_gmt":"2023-01-05T13:08:02","slug":"prefeito-de-sao-jose-dos-cordeiros-felicio-queiroz-participa-da-eleicao-da-nova-mesa-diretora-do-cisco","status":"publish","type":"post","link":"https:\/\/noticiasemdestaque.com\/cd\/?p=45263","title":{"rendered":"Prefeito de S\u00e3o Jos\u00e9 dos Cordeiros, Fel\u00edcio Queiroz, participa da elei\u00e7\u00e3o da nova mesa diretora do Cisco"},"content":{"rendered":"<p><a href=\"https:\/\/noticiasemdestaque.com\/cd\/wp-content\/uploads\/2023\/01\/c188e481-3c2b-408e-a566-89f3318c9588.jpeg\"><img fetchpriority=\"high\" decoding=\"async\" class=\"wp-image-45264 size-large aligncenter\" src=\"https:\/\/noticiasemdestaque.com\/cd\/wp-content\/uploads\/2023\/01\/c188e481-3c2b-408e-a566-89f3318c9588-1024x690.jpeg\" alt=\"\" width=\"640\" height=\"431\" srcset=\"https:\/\/noticiasemdestaque.com\/cd\/wp-content\/uploads\/2023\/01\/c188e481-3c2b-408e-a566-89f3318c9588-1024x690.jpeg 1024w, https:\/\/noticiasemdestaque.com\/cd\/wp-content\/uploads\/2023\/01\/c188e481-3c2b-408e-a566-89f3318c9588-300x202.jpeg 300w, https:\/\/noticiasemdestaque.com\/cd\/wp-content\/uploads\/2023\/01\/c188e481-3c2b-408e-a566-89f3318c9588-768x517.jpeg 768w, https:\/\/noticiasemdestaque.com\/cd\/wp-content\/uploads\/2023\/01\/c188e481-3c2b-408e-a566-89f3318c9588-18x12.jpeg 18w, https:\/\/noticiasemdestaque.com\/cd\/wp-content\/uploads\/2023\/01\/c188e481-3c2b-408e-a566-89f3318c9588-414x279.jpeg 414w, https:\/\/noticiasemdestaque.com\/cd\/wp-content\/uploads\/2023\/01\/c188e481-3c2b-408e-a566-89f3318c9588.jpeg 1103w\" sizes=\"(max-width: 640px) 100vw, 640px\" \/><\/a><\/p>\n<p>O prefeito de S\u00e3o Jos\u00e9 dos Cordeiros, Fel\u00edcio Queiroz, esteve participando nesta quarta-feira (04), da reuni\u00e3o que elegeu a mesa diretora do Cons\u00f3rcio P\u00fablico Intermunicipal de Sa\u00fade do Cariri Ocidental (CISCO), para o bi\u00eanio 2023\/2024.<\/p>\n<p><a href=\"https:\/\/noticiasemdestaque.com\/cd\/wp-content\/uploads\/2023\/01\/DSC_0720-scaled.jpg\"><img decoding=\"async\" class=\"wp-image-45254 size-large aligncenter\" src=\"https:\/\/noticiasemdestaque.com\/cd\/wp-content\/uploads\/2023\/01\/DSC_0720-1024x440.jpg\" alt=\"\" width=\"640\" height=\"275\" srcset=\"https:\/\/noticiasemdestaque.com\/cd\/wp-content\/uploads\/2023\/01\/DSC_0720-1024x440.jpg 1024w, https:\/\/noticiasemdestaque.com\/cd\/wp-content\/uploads\/2023\/01\/DSC_0720-300x129.jpg 300w, https:\/\/noticiasemdestaque.com\/cd\/wp-content\/uploads\/2023\/01\/DSC_0720-768x330.jpg 768w, https:\/\/noticiasemdestaque.com\/cd\/wp-content\/uploads\/2023\/01\/DSC_0720-1536x660.jpg 1536w, https:\/\/noticiasemdestaque.com\/cd\/wp-content\/uploads\/2023\/01\/DSC_0720-2048x880.jpg 2048w, https:\/\/noticiasemdestaque.com\/cd\/wp-content\/uploads\/2023\/01\/DSC_0720-18x8.jpg 18w\" sizes=\"(max-width: 640px) 100vw, 640px\" \/><\/a><\/p>\n<p>O atual presidente do cons\u00f3rcio, o prefeito de Sum\u00e9, \u00c9den Duarte, foi reeleito, o prefeito de S\u00e3o Jo\u00e3o do Tigre, M\u00e1rcio Leite, ser\u00e1 o vice-presidente e a prefeita de Monteiro, Anna Lorena, a 1\u00aa Secret\u00e1ria-Tesoureira.<\/p>\n<p>O Conselho Fiscal ficou composto pelos prefeitos Jos\u00e9 Elias (Gurj\u00e3o), Fl\u00e1via Quirino (Congo) e Nananda Barbosa (Livramento). Os suplentes ficaram: Bira Mariano (Camala\u00fa), Silvano Dudu (Cara\u00fabas), e Adriano Wolff (S\u00e3o Sebasti\u00e3o do Umbuzeiro).<\/p>\n<p>Al\u00e9m da elei\u00e7\u00e3o, estive na pauta do encontro a aprova\u00e7\u00e3o do contrato de rateio para o ano de 2023, sendo a proposta do mesmo acatada por todos.<\/p>\n<p><em><strong>Not\u00edcias em Destaque\u00a0<\/strong><\/em><\/p>\n","protected":false},"excerpt":{"rendered":"<p>O prefeito de S\u00e3o Jos\u00e9 dos Cordeiros, Fel\u00edcio Queiroz, esteve participando nesta quarta-feira (04), da reuni\u00e3o que elegeu a mesa diretora do Cons\u00f3rcio P\u00fablico Intermunicipal de Sa\u00fade do Cariri Ocidental (CISCO), para o bi\u00eanio 2023\/2024. O atual presidente do cons\u00f3rcio, o prefeito de Sum\u00e9, \u00c9den Duarte, foi reeleito, o prefeito de S\u00e3o Jo\u00e3o do Tigre, M\u00e1rcio Leite, ser\u00e1 o vice-presidente e a prefeita de Monteiro, Anna Lorena, a 1\u00aa Secret\u00e1ria-Tesoureira. O Conselho Fiscal ficou composto pelos prefeitos Jos\u00e9 Elias (Gurj\u00e3o), Fl\u00e1via Quirino (Congo) e Nananda Barbosa (Livramento). Os suplentes ficaram: Bira Mariano (Camala\u00fa), Silvano Dudu (Cara\u00fabas), e Adriano Wolff (S\u00e3o Sebasti\u00e3o do Umbuzeiro). Al\u00e9m da elei\u00e7\u00e3o, estive na pauta do encontro a aprova\u00e7\u00e3o do contrato de rateio para o ano de 2023, sendo a proposta do mesmo acatada por todos. Not\u00edcias em Destaque\u00a0<\/p>\n","protected":false},"author":2,"featured_media":45264,"comment_status":"closed","ping_status":"open","sticky":false,"template":"","format":"standard","meta":{"_eb_attr":"","_jetpack_memberships_contains_paid_content":false,"footnotes":""},"categories":[3],"tags":[],"class_list":["post-45263","post","type-post","status-publish","format-standard","has-post-thumbnail","hentry","category-cidades"],"yoast_head":"<!-- This site is optimized with the Yoast SEO plugin v26.5 - https:\/\/yoast.com\/wordpress\/plugins\/seo\/ -->\n<title>Prefeito de S\u00e3o Jos\u00e9 dos Cordeiros, Fel\u00edcio Queiroz, participa da elei\u00e7\u00e3o da nova mesa diretora do Cisco - Not&iacute;cias em Destaque<\/title>\n<meta name=\"robots\" content=\"index, follow, max-snippet:-1, max-image-preview:large, max-video-preview:-1\" \/>\n<link rel=\"canonical\" href=\"https:\/\/noticiasemdestaque.com\/cd\/?p=45263\" \/>\n<meta property=\"og:locale\" content=\"pt_BR\" \/>\n<meta property=\"og:type\" content=\"article\" \/>\n<meta property=\"og:title\" content=\"Prefeito de S\u00e3o Jos\u00e9 dos Cordeiros, Fel\u00edcio Queiroz, participa da elei\u00e7\u00e3o da nova mesa diretora do Cisco - Not&iacute;cias em Destaque\" \/>\n<meta property=\"og:description\" content=\"O prefeito de S\u00e3o Jos\u00e9 dos Cordeiros, Fel\u00edcio Queiroz, esteve participando nesta quarta-feira (04), da reuni\u00e3o que elegeu a mesa diretora do Cons\u00f3rcio P\u00fablico Intermunicipal de Sa\u00fade do Cariri Ocidental (CISCO), para o bi\u00eanio 2023\/2024. O atual presidente do cons\u00f3rcio, o prefeito de Sum\u00e9, \u00c9den Duarte, foi reeleito, o prefeito de S\u00e3o Jo\u00e3o do Tigre, M\u00e1rcio Leite, ser\u00e1 o vice-presidente e a prefeita de Monteiro, Anna Lorena, a 1\u00aa Secret\u00e1ria-Tesoureira. O Conselho Fiscal ficou composto pelos prefeitos Jos\u00e9 Elias (Gurj\u00e3o), Fl\u00e1via Quirino (Congo) e Nananda Barbosa (Livramento). Os suplentes ficaram: Bira Mariano (Camala\u00fa), Silvano Dudu (Cara\u00fabas), e Adriano Wolff (S\u00e3o Sebasti\u00e3o do Umbuzeiro). Al\u00e9m da elei\u00e7\u00e3o, estive na pauta do encontro a aprova\u00e7\u00e3o do contrato de rateio para o ano de 2023, sendo a proposta do mesmo acatada por todos. Not\u00edcias em Destaque\u00a0\" \/>\n<meta property=\"og:url\" content=\"https:\/\/noticiasemdestaque.com\/cd\/?p=45263\" \/>\n<meta property=\"og:site_name\" content=\"Not&iacute;cias em Destaque\" \/>\n<meta property=\"article:published_time\" content=\"2023-01-05T12:09:03+00:00\" \/>\n<meta property=\"article:modified_time\" content=\"2023-01-05T13:08:02+00:00\" \/>\n<meta property=\"og:image\" content=\"https:\/\/noticiasemdestaque.com\/cd\/wp-content\/uploads\/2023\/01\/c188e481-3c2b-408e-a566-89f3318c9588.jpeg\" \/>\n\t<meta property=\"og:image:width\" content=\"1103\" \/>\n\t<meta property=\"og:image:height\" content=\"743\" \/>\n\t<meta property=\"og:image:type\" content=\"image\/jpeg\" \/>\n<meta name=\"author\" content=\"Not\u00edcias em Destaque\" \/>\n<meta name=\"twitter:card\" content=\"summary_large_image\" \/>\n<meta name=\"twitter:label1\" content=\"Escrito por\" \/>\n\t<meta name=\"twitter:data1\" content=\"Not\u00edcias em Destaque\" \/>\n\t<meta name=\"twitter:label2\" content=\"Est. tempo de leitura\" \/>\n\t<meta name=\"twitter:data2\" content=\"2 minutos\" \/>\n<script type=\"application\/ld+json\" class=\"yoast-schema-graph\">{\"@context\":\"https:\/\/schema.org\",\"@graph\":[{\"@type\":\"Article\",\"@id\":\"https:\/\/noticiasemdestaque.com\/cd\/?p=45263#article\",\"isPartOf\":{\"@id\":\"https:\/\/noticiasemdestaque.com\/cd\/?p=45263\"},\"author\":{\"name\":\"Not\u00edcias em Destaque\",\"@id\":\"https:\/\/noticiasemdestaque.com\/cd\/#\/schema\/person\/47f7d4f55eec17c6b2ca036c5500f6ce\"},\"headline\":\"Prefeito de S\u00e3o Jos\u00e9 dos Cordeiros, Fel\u00edcio Queiroz, participa da elei\u00e7\u00e3o da nova mesa diretora do Cisco\",\"datePublished\":\"2023-01-05T12:09:03+00:00\",\"dateModified\":\"2023-01-05T13:08:02+00:00\",\"mainEntityOfPage\":{\"@id\":\"https:\/\/noticiasemdestaque.com\/cd\/?p=45263\"},\"wordCount\":170,\"publisher\":{\"@id\":\"https:\/\/noticiasemdestaque.com\/cd\/#organization\"},\"image\":{\"@id\":\"https:\/\/noticiasemdestaque.com\/cd\/?p=45263#primaryimage\"},\"thumbnailUrl\":\"https:\/\/noticiasemdestaque.com\/cd\/wp-content\/uploads\/2023\/01\/c188e481-3c2b-408e-a566-89f3318c9588.jpeg\",\"articleSection\":[\"Cidades\"],\"inLanguage\":\"pt-BR\"},{\"@type\":\"WebPage\",\"@id\":\"https:\/\/noticiasemdestaque.com\/cd\/?p=45263\",\"url\":\"https:\/\/noticiasemdestaque.com\/cd\/?p=45263\",\"name\":\"Prefeito de S\u00e3o Jos\u00e9 dos Cordeiros, Fel\u00edcio Queiroz, participa da elei\u00e7\u00e3o da nova mesa diretora do Cisco - Not&iacute;cias em Destaque\",\"isPartOf\":{\"@id\":\"https:\/\/noticiasemdestaque.com\/cd\/#website\"},\"primaryImageOfPage\":{\"@id\":\"https:\/\/noticiasemdestaque.com\/cd\/?p=45263#primaryimage\"},\"image\":{\"@id\":\"https:\/\/noticiasemdestaque.com\/cd\/?p=45263#primaryimage\"},\"thumbnailUrl\":\"https:\/\/noticiasemdestaque.com\/cd\/wp-content\/uploads\/2023\/01\/c188e481-3c2b-408e-a566-89f3318c9588.jpeg\",\"datePublished\":\"2023-01-05T12:09:03+00:00\",\"dateModified\":\"2023-01-05T13:08:02+00:00\",\"breadcrumb\":{\"@id\":\"https:\/\/noticiasemdestaque.com\/cd\/?p=45263#breadcrumb\"},\"inLanguage\":\"pt-BR\",\"potentialAction\":[{\"@type\":\"ReadAction\",\"target\":[\"https:\/\/noticiasemdestaque.com\/cd\/?p=45263\"]}]},{\"@type\":\"ImageObject\",\"inLanguage\":\"pt-BR\",\"@id\":\"https:\/\/noticiasemdestaque.com\/cd\/?p=45263#primaryimage\",\"url\":\"https:\/\/noticiasemdestaque.com\/cd\/wp-content\/uploads\/2023\/01\/c188e481-3c2b-408e-a566-89f3318c9588.jpeg\",\"contentUrl\":\"https:\/\/noticiasemdestaque.com\/cd\/wp-content\/uploads\/2023\/01\/c188e481-3c2b-408e-a566-89f3318c9588.jpeg\",\"width\":1103,\"height\":743},{\"@type\":\"BreadcrumbList\",\"@id\":\"https:\/\/noticiasemdestaque.com\/cd\/?p=45263#breadcrumb\",\"itemListElement\":[{\"@type\":\"ListItem\",\"position\":1,\"name\":\"In\u00edcio\",\"item\":\"https:\/\/noticiasemdestaque.com\/cd\/\"},{\"@type\":\"ListItem\",\"position\":2,\"name\":\"Prefeito de S\u00e3o Jos\u00e9 dos Cordeiros, Fel\u00edcio Queiroz, participa da elei\u00e7\u00e3o da nova mesa diretora do Cisco\"}]},{\"@type\":\"WebSite\",\"@id\":\"https:\/\/noticiasemdestaque.com\/cd\/#website\",\"url\":\"https:\/\/noticiasemdestaque.com\/cd\/\",\"name\":\"Not&iacute;cias em Destaque\",\"description\":\"\",\"publisher\":{\"@id\":\"https:\/\/noticiasemdestaque.com\/cd\/#organization\"},\"potentialAction\":[{\"@type\":\"SearchAction\",\"target\":{\"@type\":\"EntryPoint\",\"urlTemplate\":\"https:\/\/noticiasemdestaque.com\/cd\/?s={search_term_string}\"},\"query-input\":{\"@type\":\"PropertyValueSpecification\",\"valueRequired\":true,\"valueName\":\"search_term_string\"}}],\"inLanguage\":\"pt-BR\"},{\"@type\":\"Organization\",\"@id\":\"https:\/\/noticiasemdestaque.com\/cd\/#organization\",\"name\":\"Not\u00edcias em Destaque\",\"url\":\"https:\/\/noticiasemdestaque.com\/cd\/\",\"logo\":{\"@type\":\"ImageObject\",\"inLanguage\":\"pt-BR\",\"@id\":\"https:\/\/noticiasemdestaque.com\/cd\/#\/schema\/logo\/image\/\",\"url\":\"https:\/\/noticiasemdestaque.com\/cd\/wp-content\/uploads\/2022\/05\/imagem-base-noticiasemdestaque.png\",\"contentUrl\":\"https:\/\/noticiasemdestaque.com\/cd\/wp-content\/uploads\/2022\/05\/imagem-base-noticiasemdestaque.png\",\"width\":1200,\"height\":630,\"caption\":\"Not\u00edcias em Destaque\"},\"image\":{\"@id\":\"https:\/\/noticiasemdestaque.com\/cd\/#\/schema\/logo\/image\/\"}},{\"@type\":\"Person\",\"@id\":\"https:\/\/noticiasemdestaque.com\/cd\/#\/schema\/person\/47f7d4f55eec17c6b2ca036c5500f6ce\",\"name\":\"Not\u00edcias em Destaque\",\"url\":\"https:\/\/noticiasemdestaque.com\/cd\/?author=2\"}]}<\/script>\n<!-- \/ Yoast SEO plugin. -->","yoast_head_json":{"title":"Prefeito de S\u00e3o Jos\u00e9 dos Cordeiros, Fel\u00edcio Queiroz, participa da elei\u00e7\u00e3o da nova mesa diretora do Cisco - Not&iacute;cias em Destaque","robots":{"index":"index","follow":"follow","max-snippet":"max-snippet:-1","max-image-preview":"max-image-preview:large","max-video-preview":"max-video-preview:-1"},"canonical":"https:\/\/noticiasemdestaque.com\/cd\/?p=45263","og_locale":"pt_BR","og_type":"article","og_title":"Prefeito de S\u00e3o Jos\u00e9 dos Cordeiros, Fel\u00edcio Queiroz, participa da elei\u00e7\u00e3o da nova mesa diretora do Cisco - Not&iacute;cias em Destaque","og_description":"O prefeito de S\u00e3o Jos\u00e9 dos Cordeiros, Fel\u00edcio Queiroz, esteve participando nesta quarta-feira (04), da reuni\u00e3o que elegeu a mesa diretora do Cons\u00f3rcio P\u00fablico Intermunicipal de Sa\u00fade do Cariri Ocidental (CISCO), para o bi\u00eanio 2023\/2024. O atual presidente do cons\u00f3rcio, o prefeito de Sum\u00e9, \u00c9den Duarte, foi reeleito, o prefeito de S\u00e3o Jo\u00e3o do Tigre, M\u00e1rcio Leite, ser\u00e1 o vice-presidente e a prefeita de Monteiro, Anna Lorena, a 1\u00aa Secret\u00e1ria-Tesoureira. O Conselho Fiscal ficou composto pelos prefeitos Jos\u00e9 Elias (Gurj\u00e3o), Fl\u00e1via Quirino (Congo) e Nananda Barbosa (Livramento). Os suplentes ficaram: Bira Mariano (Camala\u00fa), Silvano Dudu (Cara\u00fabas), e Adriano Wolff (S\u00e3o Sebasti\u00e3o do Umbuzeiro). Al\u00e9m da elei\u00e7\u00e3o, estive na pauta do encontro a aprova\u00e7\u00e3o do contrato de rateio para o ano de 2023, sendo a proposta do mesmo acatada por todos. Not\u00edcias em Destaque\u00a0","og_url":"https:\/\/noticiasemdestaque.com\/cd\/?p=45263","og_site_name":"Not&iacute;cias em Destaque","article_published_time":"2023-01-05T12:09:03+00:00","article_modified_time":"2023-01-05T13:08:02+00:00","og_image":[{"width":1103,"height":743,"url":"https:\/\/noticiasemdestaque.com\/cd\/wp-content\/uploads\/2023\/01\/c188e481-3c2b-408e-a566-89f3318c9588.jpeg","type":"image\/jpeg"}],"author":"Not\u00edcias em Destaque","twitter_card":"summary_large_image","twitter_misc":{"Escrito por":"Not\u00edcias em Destaque","Est. tempo de leitura":"2 minutos"},"schema":{"@context":"https:\/\/schema.org","@graph":[{"@type":"Article","@id":"https:\/\/noticiasemdestaque.com\/cd\/?p=45263#article","isPartOf":{"@id":"https:\/\/noticiasemdestaque.com\/cd\/?p=45263"},"author":{"name":"Not\u00edcias em Destaque","@id":"https:\/\/noticiasemdestaque.com\/cd\/#\/schema\/person\/47f7d4f55eec17c6b2ca036c5500f6ce"},"headline":"Prefeito de S\u00e3o Jos\u00e9 dos Cordeiros, Fel\u00edcio Queiroz, participa da elei\u00e7\u00e3o da nova mesa diretora do Cisco","datePublished":"2023-01-05T12:09:03+00:00","dateModified":"2023-01-05T13:08:02+00:00","mainEntityOfPage":{"@id":"https:\/\/noticiasemdestaque.com\/cd\/?p=45263"},"wordCount":170,"publisher":{"@id":"https:\/\/noticiasemdestaque.com\/cd\/#organization"},"image":{"@id":"https:\/\/noticiasemdestaque.com\/cd\/?p=45263#primaryimage"},"thumbnailUrl":"https:\/\/noticiasemdestaque.com\/cd\/wp-content\/uploads\/2023\/01\/c188e481-3c2b-408e-a566-89f3318c9588.jpeg","articleSection":["Cidades"],"inLanguage":"pt-BR"},{"@type":"WebPage","@id":"https:\/\/noticiasemdestaque.com\/cd\/?p=45263","url":"https:\/\/noticiasemdestaque.com\/cd\/?p=45263","name":"Prefeito de S\u00e3o Jos\u00e9 dos Cordeiros, Fel\u00edcio Queiroz, participa da elei\u00e7\u00e3o da nova mesa diretora do Cisco - Not&iacute;cias em Destaque","isPartOf":{"@id":"https:\/\/noticiasemdestaque.com\/cd\/#website"},"primaryImageOfPage":{"@id":"https:\/\/noticiasemdestaque.com\/cd\/?p=45263#primaryimage"},"image":{"@id":"https:\/\/noticiasemdestaque.com\/cd\/?p=45263#primaryimage"},"thumbnailUrl":"https:\/\/noticiasemdestaque.com\/cd\/wp-content\/uploads\/2023\/01\/c188e481-3c2b-408e-a566-89f3318c9588.jpeg","datePublished":"2023-01-05T12:09:03+00:00","dateModified":"2023-01-05T13:08:02+00:00","breadcrumb":{"@id":"https:\/\/noticiasemdestaque.com\/cd\/?p=45263#breadcrumb"},"inLanguage":"pt-BR","potentialAction":[{"@type":"ReadAction","target":["https:\/\/noticiasemdestaque.com\/cd\/?p=45263"]}]},{"@type":"ImageObject","inLanguage":"pt-BR","@id":"https:\/\/noticiasemdestaque.com\/cd\/?p=45263#primaryimage","url":"https:\/\/noticiasemdestaque.com\/cd\/wp-content\/uploads\/2023\/01\/c188e481-3c2b-408e-a566-89f3318c9588.jpeg","contentUrl":"https:\/\/noticiasemdestaque.com\/cd\/wp-content\/uploads\/2023\/01\/c188e481-3c2b-408e-a566-89f3318c9588.jpeg","width":1103,"height":743},{"@type":"BreadcrumbList","@id":"https:\/\/noticiasemdestaque.com\/cd\/?p=45263#breadcrumb","itemListElement":[{"@type":"ListItem","position":1,"name":"In\u00edcio","item":"https:\/\/noticiasemdestaque.com\/cd\/"},{"@type":"ListItem","position":2,"name":"Prefeito de S\u00e3o Jos\u00e9 dos Cordeiros, Fel\u00edcio Queiroz, participa da elei\u00e7\u00e3o da nova mesa diretora do Cisco"}]},{"@type":"WebSite","@id":"https:\/\/noticiasemdestaque.com\/cd\/#website","url":"https:\/\/noticiasemdestaque.com\/cd\/","name":"Not&iacute;cias em Destaque","description":"","publisher":{"@id":"https:\/\/noticiasemdestaque.com\/cd\/#organization"},"potentialAction":[{"@type":"SearchAction","target":{"@type":"EntryPoint","urlTemplate":"https:\/\/noticiasemdestaque.com\/cd\/?s={search_term_string}"},"query-input":{"@type":"PropertyValueSpecification","valueRequired":true,"valueName":"search_term_string"}}],"inLanguage":"pt-BR"},{"@type":"Organization","@id":"https:\/\/noticiasemdestaque.com\/cd\/#organization","name":"Not\u00edcias em Destaque","url":"https:\/\/noticiasemdestaque.com\/cd\/","logo":{"@type":"ImageObject","inLanguage":"pt-BR","@id":"https:\/\/noticiasemdestaque.com\/cd\/#\/schema\/logo\/image\/","url":"https:\/\/noticiasemdestaque.com\/cd\/wp-content\/uploads\/2022\/05\/imagem-base-noticiasemdestaque.png","contentUrl":"https:\/\/noticiasemdestaque.com\/cd\/wp-content\/uploads\/2022\/05\/imagem-base-noticiasemdestaque.png","width":1200,"height":630,"caption":"Not\u00edcias em Destaque"},"image":{"@id":"https:\/\/noticiasemdestaque.com\/cd\/#\/schema\/logo\/image\/"}},{"@type":"Person","@id":"https:\/\/noticiasemdestaque.com\/cd\/#\/schema\/person\/47f7d4f55eec17c6b2ca036c5500f6ce","name":"Not\u00edcias em Destaque","url":"https:\/\/noticiasemdestaque.com\/cd\/?author=2"}]}},"jetpack_featured_media_url":"https:\/\/noticiasemdestaque.com\/cd\/wp-content\/uploads\/2023\/01\/c188e481-3c2b-408e-a566-89f3318c9588.jpeg","jetpack_sharing_enabled":true,"_links":{"self":[{"href":"https:\/\/noticiasemdestaque.com\/cd\/index.php?rest_route=\/wp\/v2\/posts\/45263","targetHints":{"allow":["GET"]}}],"collection":[{"href":"https:\/\/noticiasemdestaque.com\/cd\/index.php?rest_route=\/wp\/v2\/posts"}],"about":[{"href":"https:\/\/noticiasemdestaque.com\/cd\/index.php?rest_route=\/wp\/v2\/types\/post"}],"author":[{"embeddable":true,"href":"https:\/\/noticiasemdestaque.com\/cd\/index.php?rest_route=\/wp\/v2\/users\/2"}],"replies":[{"embeddable":true,"href":"https:\/\/noticiasemdestaque.com\/cd\/index.php?rest_route=%2Fwp%2Fv2%2Fcomments&post=45263"}],"version-history":[{"count":3,"href":"https:\/\/noticiasemdestaque.com\/cd\/index.php?rest_route=\/wp\/v2\/posts\/45263\/revisions"}],"predecessor-version":[{"id":45270,"href":"https:\/\/noticiasemdestaque.com\/cd\/index.php?rest_route=\/wp\/v2\/posts\/45263\/revisions\/45270"}],"wp:featuredmedia":[{"embeddable":true,"href":"https:\/\/noticiasemdestaque.com\/cd\/index.php?rest_route=\/wp\/v2\/media\/45264"}],"wp:attachment":[{"href":"https:\/\/noticiasemdestaque.com\/cd\/index.php?rest_route=%2Fwp%2Fv2%2Fmedia&parent=45263"}],"wp:term":[{"taxonomy":"category","embeddable":true,"href":"https:\/\/noticiasemdestaque.com\/cd\/index.php?rest_route=%2Fwp%2Fv2%2Fcategories&post=45263"},{"taxonomy":"post_tag","embeddable":true,"href":"https:\/\/noticiasemdestaque.com\/cd\/index.php?rest_route=%2Fwp%2Fv2%2Ftags&post=45263"}],"curies":[{"name":"wp","href":"https:\/\/api.w.org\/{rel}","templated":true}]}}