{"id":45260,"date":"2023-01-05T09:00:34","date_gmt":"2023-01-05T12:00:34","guid":{"rendered":"https:\/\/noticiasemdestaque.com\/cd\/?p=45260"},"modified":"2023-01-05T10:07:32","modified_gmt":"2023-01-05T13:07:32","slug":"prefeito-de-camalau-bira-mariano-participa-da-eleicao-da-nova-mesa-diretora-do-cisco","status":"publish","type":"post","link":"https:\/\/noticiasemdestaque.com\/cd\/?p=45260","title":{"rendered":"\u00a0Prefeito de Camalau, Bira Mariano, participa da elei\u00e7\u00e3o da nova mesa diretora do Cisco"},"content":{"rendered":"<p><a href=\"https:\/\/noticiasemdestaque.com\/cd\/wp-content\/uploads\/2023\/01\/DSC_0698-1-scaled.jpg\"><img fetchpriority=\"high\" decoding=\"async\" class=\"size-medium wp-image-45261 aligncenter\" src=\"https:\/\/noticiasemdestaque.com\/cd\/wp-content\/uploads\/2023\/01\/DSC_0698-1-300x200.jpg\" alt=\"\" width=\"300\" height=\"200\" srcset=\"https:\/\/noticiasemdestaque.com\/cd\/wp-content\/uploads\/2023\/01\/DSC_0698-1-300x200.jpg 300w, https:\/\/noticiasemdestaque.com\/cd\/wp-content\/uploads\/2023\/01\/DSC_0698-1-1024x683.jpg 1024w, https:\/\/noticiasemdestaque.com\/cd\/wp-content\/uploads\/2023\/01\/DSC_0698-1-768x512.jpg 768w, https:\/\/noticiasemdestaque.com\/cd\/wp-content\/uploads\/2023\/01\/DSC_0698-1-1536x1024.jpg 1536w, https:\/\/noticiasemdestaque.com\/cd\/wp-content\/uploads\/2023\/01\/DSC_0698-1-2048x1365.jpg 2048w, https:\/\/noticiasemdestaque.com\/cd\/wp-content\/uploads\/2023\/01\/DSC_0698-1-18x12.jpg 18w\" sizes=\"(max-width: 300px) 100vw, 300px\" \/><\/a><\/p>\n<p>O prefeito de Camalau, Bira Mariano, esteve participando nesta quarta-feira (04), da reuni\u00e3o que elegeu a mesa diretora do Cons\u00f3rcio P\u00fablico Intermunicipal de Sa\u00fade do Cariri Ocidental (CISCO), para o bi\u00eanio 2023\/2024.<\/p>\n<p><a href=\"https:\/\/noticiasemdestaque.com\/cd\/wp-content\/uploads\/2023\/01\/DSC_0720-scaled.jpg\"><img decoding=\"async\" class=\"size-medium wp-image-45254 aligncenter\" src=\"https:\/\/noticiasemdestaque.com\/cd\/wp-content\/uploads\/2023\/01\/DSC_0720-300x129.jpg\" alt=\"\" width=\"300\" height=\"129\" srcset=\"https:\/\/noticiasemdestaque.com\/cd\/wp-content\/uploads\/2023\/01\/DSC_0720-300x129.jpg 300w, https:\/\/noticiasemdestaque.com\/cd\/wp-content\/uploads\/2023\/01\/DSC_0720-1024x440.jpg 1024w, https:\/\/noticiasemdestaque.com\/cd\/wp-content\/uploads\/2023\/01\/DSC_0720-768x330.jpg 768w, https:\/\/noticiasemdestaque.com\/cd\/wp-content\/uploads\/2023\/01\/DSC_0720-1536x660.jpg 1536w, https:\/\/noticiasemdestaque.com\/cd\/wp-content\/uploads\/2023\/01\/DSC_0720-2048x880.jpg 2048w, https:\/\/noticiasemdestaque.com\/cd\/wp-content\/uploads\/2023\/01\/DSC_0720-18x8.jpg 18w\" sizes=\"(max-width: 300px) 100vw, 300px\" \/><\/a><\/p>\n<p>O atual presidente do cons\u00f3rcio, o prefeito de Sum\u00e9, \u00c9den Duarte, foi reeleito, o prefeito de S\u00e3o Jo\u00e3o do Tigre, M\u00e1rcio Leite, ser\u00e1 o vice-presidente e a prefeita de Monteiro, Anna Lorena, a 1\u00aa Secret\u00e1ria-Tesoureira.<\/p>\n<p>O Conselho Fiscal ficou composto pelos prefeitos Jos\u00e9 Elias (Gurj\u00e3o), Fl\u00e1via Quirino (Congo) e Nananda Barbosa (Livramento). Os suplentes ficaram: Bira Mariano (Camala\u00fa), Silvano Dudu (Cara\u00fabas), e Adriano Wolff (S\u00e3o Sebasti\u00e3o do Umbuzeiro).<\/p>\n<p>Al\u00e9m da elei\u00e7\u00e3o, estive na pauta do encontro a aprova\u00e7\u00e3o do contrato de rateio para o ano de 2023, sendo a proposta do mesmo acatada por todos.<\/p>\n<p><em><strong>Not\u00edcias em Destaque\u00a0<\/strong><\/em><\/p>\n","protected":false},"excerpt":{"rendered":"<p>O prefeito de Camalau, Bira Mariano, esteve participando nesta quarta-feira (04), da reuni\u00e3o que elegeu a mesa diretora do Cons\u00f3rcio P\u00fablico Intermunicipal de Sa\u00fade do Cariri Ocidental (CISCO), para o bi\u00eanio 2023\/2024. O atual presidente do cons\u00f3rcio, o prefeito de Sum\u00e9, \u00c9den Duarte, foi reeleito, o prefeito de S\u00e3o Jo\u00e3o do Tigre, M\u00e1rcio Leite, ser\u00e1 o vice-presidente e a prefeita de Monteiro, Anna Lorena, a 1\u00aa Secret\u00e1ria-Tesoureira. O Conselho Fiscal ficou composto pelos prefeitos Jos\u00e9 Elias (Gurj\u00e3o), Fl\u00e1via Quirino (Congo) e Nananda Barbosa (Livramento). Os suplentes ficaram: Bira Mariano (Camala\u00fa), Silvano Dudu (Cara\u00fabas), e Adriano Wolff (S\u00e3o Sebasti\u00e3o do Umbuzeiro). Al\u00e9m da elei\u00e7\u00e3o, estive na pauta do encontro a aprova\u00e7\u00e3o do contrato de rateio para o ano de 2023, sendo a proposta do mesmo acatada por todos. Not\u00edcias em Destaque\u00a0<\/p>\n","protected":false},"author":2,"featured_media":45261,"comment_status":"closed","ping_status":"open","sticky":false,"template":"","format":"standard","meta":{"_eb_attr":"","_jetpack_memberships_contains_paid_content":false,"footnotes":""},"categories":[12],"tags":[],"class_list":["post-45260","post","type-post","status-publish","format-standard","has-post-thumbnail","hentry","category-geral"],"yoast_head":"<!-- This site is optimized with the Yoast SEO plugin v26.5 - https:\/\/yoast.com\/wordpress\/plugins\/seo\/ -->\n<title>\u00a0Prefeito de Camalau, Bira Mariano, participa da elei\u00e7\u00e3o da nova mesa diretora do Cisco - Not&iacute;cias em Destaque<\/title>\n<meta name=\"robots\" content=\"index, follow, max-snippet:-1, max-image-preview:large, max-video-preview:-1\" \/>\n<link rel=\"canonical\" href=\"https:\/\/noticiasemdestaque.com\/cd\/?p=45260\" \/>\n<meta property=\"og:locale\" content=\"pt_BR\" \/>\n<meta property=\"og:type\" content=\"article\" \/>\n<meta property=\"og:title\" content=\"\u00a0Prefeito de Camalau, Bira Mariano, participa da elei\u00e7\u00e3o da nova mesa diretora do Cisco - Not&iacute;cias em Destaque\" \/>\n<meta property=\"og:description\" content=\"O prefeito de Camalau, Bira Mariano, esteve participando nesta quarta-feira (04), da reuni\u00e3o que elegeu a mesa diretora do Cons\u00f3rcio P\u00fablico Intermunicipal de Sa\u00fade do Cariri Ocidental (CISCO), para o bi\u00eanio 2023\/2024. O atual presidente do cons\u00f3rcio, o prefeito de Sum\u00e9, \u00c9den Duarte, foi reeleito, o prefeito de S\u00e3o Jo\u00e3o do Tigre, M\u00e1rcio Leite, ser\u00e1 o vice-presidente e a prefeita de Monteiro, Anna Lorena, a 1\u00aa Secret\u00e1ria-Tesoureira. O Conselho Fiscal ficou composto pelos prefeitos Jos\u00e9 Elias (Gurj\u00e3o), Fl\u00e1via Quirino (Congo) e Nananda Barbosa (Livramento). Os suplentes ficaram: Bira Mariano (Camala\u00fa), Silvano Dudu (Cara\u00fabas), e Adriano Wolff (S\u00e3o Sebasti\u00e3o do Umbuzeiro). Al\u00e9m da elei\u00e7\u00e3o, estive na pauta do encontro a aprova\u00e7\u00e3o do contrato de rateio para o ano de 2023, sendo a proposta do mesmo acatada por todos. Not\u00edcias em Destaque\u00a0\" \/>\n<meta property=\"og:url\" content=\"https:\/\/noticiasemdestaque.com\/cd\/?p=45260\" \/>\n<meta property=\"og:site_name\" content=\"Not&iacute;cias em Destaque\" \/>\n<meta property=\"article:published_time\" content=\"2023-01-05T12:00:34+00:00\" \/>\n<meta property=\"article:modified_time\" content=\"2023-01-05T13:07:32+00:00\" \/>\n<meta property=\"og:image\" content=\"https:\/\/noticiasemdestaque.com\/cd\/wp-content\/uploads\/2023\/01\/DSC_0698-1-scaled.jpg\" \/>\n\t<meta property=\"og:image:width\" content=\"2560\" \/>\n\t<meta property=\"og:image:height\" content=\"1707\" \/>\n\t<meta property=\"og:image:type\" content=\"image\/jpeg\" \/>\n<meta name=\"author\" content=\"Not\u00edcias em Destaque\" \/>\n<meta name=\"twitter:card\" content=\"summary_large_image\" \/>\n<meta name=\"twitter:label1\" content=\"Escrito por\" \/>\n\t<meta name=\"twitter:data1\" content=\"Not\u00edcias em Destaque\" \/>\n\t<meta name=\"twitter:label2\" content=\"Est. tempo de leitura\" \/>\n\t<meta name=\"twitter:data2\" content=\"2 minutos\" \/>\n<script type=\"application\/ld+json\" class=\"yoast-schema-graph\">{\"@context\":\"https:\/\/schema.org\",\"@graph\":[{\"@type\":\"Article\",\"@id\":\"https:\/\/noticiasemdestaque.com\/cd\/?p=45260#article\",\"isPartOf\":{\"@id\":\"https:\/\/noticiasemdestaque.com\/cd\/?p=45260\"},\"author\":{\"name\":\"Not\u00edcias em Destaque\",\"@id\":\"https:\/\/noticiasemdestaque.com\/cd\/#\/schema\/person\/47f7d4f55eec17c6b2ca036c5500f6ce\"},\"headline\":\"\u00a0Prefeito de Camalau, Bira Mariano, participa da elei\u00e7\u00e3o da nova mesa diretora do Cisco\",\"datePublished\":\"2023-01-05T12:00:34+00:00\",\"dateModified\":\"2023-01-05T13:07:32+00:00\",\"mainEntityOfPage\":{\"@id\":\"https:\/\/noticiasemdestaque.com\/cd\/?p=45260\"},\"wordCount\":160,\"publisher\":{\"@id\":\"https:\/\/noticiasemdestaque.com\/cd\/#organization\"},\"image\":{\"@id\":\"https:\/\/noticiasemdestaque.com\/cd\/?p=45260#primaryimage\"},\"thumbnailUrl\":\"https:\/\/noticiasemdestaque.com\/cd\/wp-content\/uploads\/2023\/01\/DSC_0698-1-scaled.jpg\",\"articleSection\":[\"Geral\"],\"inLanguage\":\"pt-BR\"},{\"@type\":\"WebPage\",\"@id\":\"https:\/\/noticiasemdestaque.com\/cd\/?p=45260\",\"url\":\"https:\/\/noticiasemdestaque.com\/cd\/?p=45260\",\"name\":\"\u00a0Prefeito de Camalau, Bira Mariano, participa da elei\u00e7\u00e3o da nova mesa diretora do Cisco - Not&iacute;cias em Destaque\",\"isPartOf\":{\"@id\":\"https:\/\/noticiasemdestaque.com\/cd\/#website\"},\"primaryImageOfPage\":{\"@id\":\"https:\/\/noticiasemdestaque.com\/cd\/?p=45260#primaryimage\"},\"image\":{\"@id\":\"https:\/\/noticiasemdestaque.com\/cd\/?p=45260#primaryimage\"},\"thumbnailUrl\":\"https:\/\/noticiasemdestaque.com\/cd\/wp-content\/uploads\/2023\/01\/DSC_0698-1-scaled.jpg\",\"datePublished\":\"2023-01-05T12:00:34+00:00\",\"dateModified\":\"2023-01-05T13:07:32+00:00\",\"breadcrumb\":{\"@id\":\"https:\/\/noticiasemdestaque.com\/cd\/?p=45260#breadcrumb\"},\"inLanguage\":\"pt-BR\",\"potentialAction\":[{\"@type\":\"ReadAction\",\"target\":[\"https:\/\/noticiasemdestaque.com\/cd\/?p=45260\"]}]},{\"@type\":\"ImageObject\",\"inLanguage\":\"pt-BR\",\"@id\":\"https:\/\/noticiasemdestaque.com\/cd\/?p=45260#primaryimage\",\"url\":\"https:\/\/noticiasemdestaque.com\/cd\/wp-content\/uploads\/2023\/01\/DSC_0698-1-scaled.jpg\",\"contentUrl\":\"https:\/\/noticiasemdestaque.com\/cd\/wp-content\/uploads\/2023\/01\/DSC_0698-1-scaled.jpg\",\"width\":2560,\"height\":1707},{\"@type\":\"BreadcrumbList\",\"@id\":\"https:\/\/noticiasemdestaque.com\/cd\/?p=45260#breadcrumb\",\"itemListElement\":[{\"@type\":\"ListItem\",\"position\":1,\"name\":\"In\u00edcio\",\"item\":\"https:\/\/noticiasemdestaque.com\/cd\/\"},{\"@type\":\"ListItem\",\"position\":2,\"name\":\"\u00a0Prefeito de Camalau, Bira Mariano, participa da elei\u00e7\u00e3o da nova mesa diretora do Cisco\"}]},{\"@type\":\"WebSite\",\"@id\":\"https:\/\/noticiasemdestaque.com\/cd\/#website\",\"url\":\"https:\/\/noticiasemdestaque.com\/cd\/\",\"name\":\"Not&iacute;cias em Destaque\",\"description\":\"\",\"publisher\":{\"@id\":\"https:\/\/noticiasemdestaque.com\/cd\/#organization\"},\"potentialAction\":[{\"@type\":\"SearchAction\",\"target\":{\"@type\":\"EntryPoint\",\"urlTemplate\":\"https:\/\/noticiasemdestaque.com\/cd\/?s={search_term_string}\"},\"query-input\":{\"@type\":\"PropertyValueSpecification\",\"valueRequired\":true,\"valueName\":\"search_term_string\"}}],\"inLanguage\":\"pt-BR\"},{\"@type\":\"Organization\",\"@id\":\"https:\/\/noticiasemdestaque.com\/cd\/#organization\",\"name\":\"Not\u00edcias em Destaque\",\"url\":\"https:\/\/noticiasemdestaque.com\/cd\/\",\"logo\":{\"@type\":\"ImageObject\",\"inLanguage\":\"pt-BR\",\"@id\":\"https:\/\/noticiasemdestaque.com\/cd\/#\/schema\/logo\/image\/\",\"url\":\"https:\/\/noticiasemdestaque.com\/cd\/wp-content\/uploads\/2022\/05\/imagem-base-noticiasemdestaque.png\",\"contentUrl\":\"https:\/\/noticiasemdestaque.com\/cd\/wp-content\/uploads\/2022\/05\/imagem-base-noticiasemdestaque.png\",\"width\":1200,\"height\":630,\"caption\":\"Not\u00edcias em Destaque\"},\"image\":{\"@id\":\"https:\/\/noticiasemdestaque.com\/cd\/#\/schema\/logo\/image\/\"}},{\"@type\":\"Person\",\"@id\":\"https:\/\/noticiasemdestaque.com\/cd\/#\/schema\/person\/47f7d4f55eec17c6b2ca036c5500f6ce\",\"name\":\"Not\u00edcias em Destaque\",\"url\":\"https:\/\/noticiasemdestaque.com\/cd\/?author=2\"}]}<\/script>\n<!-- \/ Yoast SEO plugin. -->","yoast_head_json":{"title":"\u00a0Prefeito de Camalau, Bira Mariano, participa da elei\u00e7\u00e3o da nova mesa diretora do Cisco - Not&iacute;cias em Destaque","robots":{"index":"index","follow":"follow","max-snippet":"max-snippet:-1","max-image-preview":"max-image-preview:large","max-video-preview":"max-video-preview:-1"},"canonical":"https:\/\/noticiasemdestaque.com\/cd\/?p=45260","og_locale":"pt_BR","og_type":"article","og_title":"\u00a0Prefeito de Camalau, Bira Mariano, participa da elei\u00e7\u00e3o da nova mesa diretora do Cisco - Not&iacute;cias em Destaque","og_description":"O prefeito de Camalau, Bira Mariano, esteve participando nesta quarta-feira (04), da reuni\u00e3o que elegeu a mesa diretora do Cons\u00f3rcio P\u00fablico Intermunicipal de Sa\u00fade do Cariri Ocidental (CISCO), para o bi\u00eanio 2023\/2024. O atual presidente do cons\u00f3rcio, o prefeito de Sum\u00e9, \u00c9den Duarte, foi reeleito, o prefeito de S\u00e3o Jo\u00e3o do Tigre, M\u00e1rcio Leite, ser\u00e1 o vice-presidente e a prefeita de Monteiro, Anna Lorena, a 1\u00aa Secret\u00e1ria-Tesoureira. O Conselho Fiscal ficou composto pelos prefeitos Jos\u00e9 Elias (Gurj\u00e3o), Fl\u00e1via Quirino (Congo) e Nananda Barbosa (Livramento). Os suplentes ficaram: Bira Mariano (Camala\u00fa), Silvano Dudu (Cara\u00fabas), e Adriano Wolff (S\u00e3o Sebasti\u00e3o do Umbuzeiro). Al\u00e9m da elei\u00e7\u00e3o, estive na pauta do encontro a aprova\u00e7\u00e3o do contrato de rateio para o ano de 2023, sendo a proposta do mesmo acatada por todos. Not\u00edcias em Destaque\u00a0","og_url":"https:\/\/noticiasemdestaque.com\/cd\/?p=45260","og_site_name":"Not&iacute;cias em Destaque","article_published_time":"2023-01-05T12:00:34+00:00","article_modified_time":"2023-01-05T13:07:32+00:00","og_image":[{"width":2560,"height":1707,"url":"https:\/\/noticiasemdestaque.com\/cd\/wp-content\/uploads\/2023\/01\/DSC_0698-1-scaled.jpg","type":"image\/jpeg"}],"author":"Not\u00edcias em Destaque","twitter_card":"summary_large_image","twitter_misc":{"Escrito por":"Not\u00edcias em Destaque","Est. tempo de leitura":"2 minutos"},"schema":{"@context":"https:\/\/schema.org","@graph":[{"@type":"Article","@id":"https:\/\/noticiasemdestaque.com\/cd\/?p=45260#article","isPartOf":{"@id":"https:\/\/noticiasemdestaque.com\/cd\/?p=45260"},"author":{"name":"Not\u00edcias em Destaque","@id":"https:\/\/noticiasemdestaque.com\/cd\/#\/schema\/person\/47f7d4f55eec17c6b2ca036c5500f6ce"},"headline":"\u00a0Prefeito de Camalau, Bira Mariano, participa da elei\u00e7\u00e3o da nova mesa diretora do Cisco","datePublished":"2023-01-05T12:00:34+00:00","dateModified":"2023-01-05T13:07:32+00:00","mainEntityOfPage":{"@id":"https:\/\/noticiasemdestaque.com\/cd\/?p=45260"},"wordCount":160,"publisher":{"@id":"https:\/\/noticiasemdestaque.com\/cd\/#organization"},"image":{"@id":"https:\/\/noticiasemdestaque.com\/cd\/?p=45260#primaryimage"},"thumbnailUrl":"https:\/\/noticiasemdestaque.com\/cd\/wp-content\/uploads\/2023\/01\/DSC_0698-1-scaled.jpg","articleSection":["Geral"],"inLanguage":"pt-BR"},{"@type":"WebPage","@id":"https:\/\/noticiasemdestaque.com\/cd\/?p=45260","url":"https:\/\/noticiasemdestaque.com\/cd\/?p=45260","name":"\u00a0Prefeito de Camalau, Bira Mariano, participa da elei\u00e7\u00e3o da nova mesa diretora do Cisco - Not&iacute;cias em Destaque","isPartOf":{"@id":"https:\/\/noticiasemdestaque.com\/cd\/#website"},"primaryImageOfPage":{"@id":"https:\/\/noticiasemdestaque.com\/cd\/?p=45260#primaryimage"},"image":{"@id":"https:\/\/noticiasemdestaque.com\/cd\/?p=45260#primaryimage"},"thumbnailUrl":"https:\/\/noticiasemdestaque.com\/cd\/wp-content\/uploads\/2023\/01\/DSC_0698-1-scaled.jpg","datePublished":"2023-01-05T12:00:34+00:00","dateModified":"2023-01-05T13:07:32+00:00","breadcrumb":{"@id":"https:\/\/noticiasemdestaque.com\/cd\/?p=45260#breadcrumb"},"inLanguage":"pt-BR","potentialAction":[{"@type":"ReadAction","target":["https:\/\/noticiasemdestaque.com\/cd\/?p=45260"]}]},{"@type":"ImageObject","inLanguage":"pt-BR","@id":"https:\/\/noticiasemdestaque.com\/cd\/?p=45260#primaryimage","url":"https:\/\/noticiasemdestaque.com\/cd\/wp-content\/uploads\/2023\/01\/DSC_0698-1-scaled.jpg","contentUrl":"https:\/\/noticiasemdestaque.com\/cd\/wp-content\/uploads\/2023\/01\/DSC_0698-1-scaled.jpg","width":2560,"height":1707},{"@type":"BreadcrumbList","@id":"https:\/\/noticiasemdestaque.com\/cd\/?p=45260#breadcrumb","itemListElement":[{"@type":"ListItem","position":1,"name":"In\u00edcio","item":"https:\/\/noticiasemdestaque.com\/cd\/"},{"@type":"ListItem","position":2,"name":"\u00a0Prefeito de Camalau, Bira Mariano, participa da elei\u00e7\u00e3o da nova mesa diretora do Cisco"}]},{"@type":"WebSite","@id":"https:\/\/noticiasemdestaque.com\/cd\/#website","url":"https:\/\/noticiasemdestaque.com\/cd\/","name":"Not&iacute;cias em Destaque","description":"","publisher":{"@id":"https:\/\/noticiasemdestaque.com\/cd\/#organization"},"potentialAction":[{"@type":"SearchAction","target":{"@type":"EntryPoint","urlTemplate":"https:\/\/noticiasemdestaque.com\/cd\/?s={search_term_string}"},"query-input":{"@type":"PropertyValueSpecification","valueRequired":true,"valueName":"search_term_string"}}],"inLanguage":"pt-BR"},{"@type":"Organization","@id":"https:\/\/noticiasemdestaque.com\/cd\/#organization","name":"Not\u00edcias em Destaque","url":"https:\/\/noticiasemdestaque.com\/cd\/","logo":{"@type":"ImageObject","inLanguage":"pt-BR","@id":"https:\/\/noticiasemdestaque.com\/cd\/#\/schema\/logo\/image\/","url":"https:\/\/noticiasemdestaque.com\/cd\/wp-content\/uploads\/2022\/05\/imagem-base-noticiasemdestaque.png","contentUrl":"https:\/\/noticiasemdestaque.com\/cd\/wp-content\/uploads\/2022\/05\/imagem-base-noticiasemdestaque.png","width":1200,"height":630,"caption":"Not\u00edcias em Destaque"},"image":{"@id":"https:\/\/noticiasemdestaque.com\/cd\/#\/schema\/logo\/image\/"}},{"@type":"Person","@id":"https:\/\/noticiasemdestaque.com\/cd\/#\/schema\/person\/47f7d4f55eec17c6b2ca036c5500f6ce","name":"Not\u00edcias em Destaque","url":"https:\/\/noticiasemdestaque.com\/cd\/?author=2"}]}},"jetpack_featured_media_url":"https:\/\/noticiasemdestaque.com\/cd\/wp-content\/uploads\/2023\/01\/DSC_0698-1-scaled.jpg","jetpack_sharing_enabled":true,"_links":{"self":[{"href":"https:\/\/noticiasemdestaque.com\/cd\/index.php?rest_route=\/wp\/v2\/posts\/45260","targetHints":{"allow":["GET"]}}],"collection":[{"href":"https:\/\/noticiasemdestaque.com\/cd\/index.php?rest_route=\/wp\/v2\/posts"}],"about":[{"href":"https:\/\/noticiasemdestaque.com\/cd\/index.php?rest_route=\/wp\/v2\/types\/post"}],"author":[{"embeddable":true,"href":"https:\/\/noticiasemdestaque.com\/cd\/index.php?rest_route=\/wp\/v2\/users\/2"}],"replies":[{"embeddable":true,"href":"https:\/\/noticiasemdestaque.com\/cd\/index.php?rest_route=%2Fwp%2Fv2%2Fcomments&post=45260"}],"version-history":[{"count":2,"href":"https:\/\/noticiasemdestaque.com\/cd\/index.php?rest_route=\/wp\/v2\/posts\/45260\/revisions"}],"predecessor-version":[{"id":45269,"href":"https:\/\/noticiasemdestaque.com\/cd\/index.php?rest_route=\/wp\/v2\/posts\/45260\/revisions\/45269"}],"wp:featuredmedia":[{"embeddable":true,"href":"https:\/\/noticiasemdestaque.com\/cd\/index.php?rest_route=\/wp\/v2\/media\/45261"}],"wp:attachment":[{"href":"https:\/\/noticiasemdestaque.com\/cd\/index.php?rest_route=%2Fwp%2Fv2%2Fmedia&parent=45260"}],"wp:term":[{"taxonomy":"category","embeddable":true,"href":"https:\/\/noticiasemdestaque.com\/cd\/index.php?rest_route=%2Fwp%2Fv2%2Fcategories&post=45260"},{"taxonomy":"post_tag","embeddable":true,"href":"https:\/\/noticiasemdestaque.com\/cd\/index.php?rest_route=%2Fwp%2Fv2%2Ftags&post=45260"}],"curies":[{"name":"wp","href":"https:\/\/api.w.org\/{rel}","templated":true}]}}