{"id":45239,"date":"2023-01-04T20:12:15","date_gmt":"2023-01-04T23:12:15","guid":{"rendered":"https:\/\/noticiasemdestaque.com\/cd\/?p=45239"},"modified":"2023-01-04T20:12:43","modified_gmt":"2023-01-04T23:12:43","slug":"sume-prefeito-eden-entrega-pavimentacao-de-quatro-ruas-no-bairro-do-alto-da-caixa-dagua","status":"publish","type":"post","link":"https:\/\/noticiasemdestaque.com\/cd\/?p=45239","title":{"rendered":"SUM\u00c9: Prefeito \u00c9den entrega pavimenta\u00e7\u00e3o de quatro ruas no bairro do Alto da Caixa D\u2019\u00e1gua"},"content":{"rendered":"<p><a href=\"https:\/\/noticiasemdestaque.com\/cd\/wp-content\/uploads\/2023\/01\/DSC_0636-scaled.jpg\"><img fetchpriority=\"high\" decoding=\"async\" class=\"wp-image-45240 size-large aligncenter\" src=\"https:\/\/noticiasemdestaque.com\/cd\/wp-content\/uploads\/2023\/01\/DSC_0636-1024x683.jpg\" alt=\"\" width=\"640\" height=\"427\" srcset=\"https:\/\/noticiasemdestaque.com\/cd\/wp-content\/uploads\/2023\/01\/DSC_0636-1024x683.jpg 1024w, https:\/\/noticiasemdestaque.com\/cd\/wp-content\/uploads\/2023\/01\/DSC_0636-300x200.jpg 300w, https:\/\/noticiasemdestaque.com\/cd\/wp-content\/uploads\/2023\/01\/DSC_0636-768x512.jpg 768w, https:\/\/noticiasemdestaque.com\/cd\/wp-content\/uploads\/2023\/01\/DSC_0636-1536x1024.jpg 1536w, https:\/\/noticiasemdestaque.com\/cd\/wp-content\/uploads\/2023\/01\/DSC_0636-2048x1365.jpg 2048w, https:\/\/noticiasemdestaque.com\/cd\/wp-content\/uploads\/2023\/01\/DSC_0636-18x12.jpg 18w\" sizes=\"(max-width: 640px) 100vw, 640px\" \/><\/a><\/p>\n<p>Em uma cerim\u00f4nia marcada pela emo\u00e7\u00e3o, realizada nessa ter\u00e7a-feira, 03, o prefeito \u00c9den Duarte entregou a obra de pavimenta\u00e7\u00e3o de quatro ruas no bairro do Alto da Caixa D\u2019\u00e1gua. S\u00e3o elas: L\u00facia Duarte de Sousa (m\u00e3e do prefeito \u00c9den), Maria do Socorro Sousa (Socorro do DNOCS), Francisco Travassos (Chico T) e Josias Galdino da Silva. Todas receberam cal\u00e7amento em paralelep\u00edpedo, meio fio, cal\u00e7ada e rampas de acessibilidade.<\/p>\n<p><a href=\"https:\/\/noticiasemdestaque.com\/cd\/wp-content\/uploads\/2023\/01\/DSC_0638-scaled.jpg\"><img decoding=\"async\" class=\"wp-image-45241 size-large aligncenter\" src=\"https:\/\/noticiasemdestaque.com\/cd\/wp-content\/uploads\/2023\/01\/DSC_0638-1024x683.jpg\" alt=\"\" width=\"640\" height=\"427\" srcset=\"https:\/\/noticiasemdestaque.com\/cd\/wp-content\/uploads\/2023\/01\/DSC_0638-1024x683.jpg 1024w, https:\/\/noticiasemdestaque.com\/cd\/wp-content\/uploads\/2023\/01\/DSC_0638-300x200.jpg 300w, https:\/\/noticiasemdestaque.com\/cd\/wp-content\/uploads\/2023\/01\/DSC_0638-768x512.jpg 768w, https:\/\/noticiasemdestaque.com\/cd\/wp-content\/uploads\/2023\/01\/DSC_0638-1536x1024.jpg 1536w, https:\/\/noticiasemdestaque.com\/cd\/wp-content\/uploads\/2023\/01\/DSC_0638-2048x1365.jpg 2048w, https:\/\/noticiasemdestaque.com\/cd\/wp-content\/uploads\/2023\/01\/DSC_0638-18x12.jpg 18w\" sizes=\"(max-width: 640px) 100vw, 640px\" \/><\/a><\/p>\n<p>A rua <strong>L\u00facia Duarte de Sousa<\/strong>\u00a0recebeu 734 m\u00b2 de pavimenta\u00e7\u00e3o, 226 m de meio fio, 271 m\u00b2 em cal\u00e7ada e rampas de acessibilidade. J\u00e1 a rua\u00a0<strong>Maria do Socorro Sousa\u00a0<\/strong>(Socorro do DNOCS) recebeu 768 m\u00b2 de pavimenta\u00e7\u00e3o, 119 m de meio fio, 263 m\u00b2 em cal\u00e7ada e rampas de acessibilidade. Por sua vez, a rua\u00a0<strong>Francisco Travassos<\/strong>\u00a0recebeu 644 m\u00b2 de pavimenta\u00e7\u00e3o, 184 m de meio fio, 220 m\u00b2 em cal\u00e7ada e rampas de acessibilidade. E a rua\u00a0<strong>Josias Galdino da Silva<\/strong>\u00a0recebeu 990 m\u00b2 de pavimenta\u00e7\u00e3o, 330 m de meio fio, 396 m\u00b2 em cal\u00e7ada e rampas de acessibilidade.<\/p>\n<p><a href=\"https:\/\/noticiasemdestaque.com\/cd\/wp-content\/uploads\/2023\/01\/DSC_0642-scaled.jpg\"><img decoding=\"async\" class=\"wp-image-45242 size-large aligncenter\" src=\"https:\/\/noticiasemdestaque.com\/cd\/wp-content\/uploads\/2023\/01\/DSC_0642-1024x683.jpg\" alt=\"\" width=\"640\" height=\"427\" srcset=\"https:\/\/noticiasemdestaque.com\/cd\/wp-content\/uploads\/2023\/01\/DSC_0642-1024x683.jpg 1024w, https:\/\/noticiasemdestaque.com\/cd\/wp-content\/uploads\/2023\/01\/DSC_0642-300x200.jpg 300w, https:\/\/noticiasemdestaque.com\/cd\/wp-content\/uploads\/2023\/01\/DSC_0642-768x512.jpg 768w, https:\/\/noticiasemdestaque.com\/cd\/wp-content\/uploads\/2023\/01\/DSC_0642-1536x1024.jpg 1536w, https:\/\/noticiasemdestaque.com\/cd\/wp-content\/uploads\/2023\/01\/DSC_0642-2048x1365.jpg 2048w, https:\/\/noticiasemdestaque.com\/cd\/wp-content\/uploads\/2023\/01\/DSC_0642-18x12.jpg 18w\" sizes=\"(max-width: 640px) 100vw, 640px\" \/><\/a><\/p>\n<p>Juntas, elas representam um investimento no valor de R$ 309 mil (trezentos e nove mil reais), oriundos via emenda do deputado federal Wellington Roberto e a contrapartida da Prefeitura de Sum\u00e9.<\/p>\n<p><a href=\"https:\/\/noticiasemdestaque.com\/cd\/wp-content\/uploads\/2023\/01\/DSC_0647-scaled.jpg\"><img loading=\"lazy\" decoding=\"async\" class=\"wp-image-45243 size-large aligncenter\" src=\"https:\/\/noticiasemdestaque.com\/cd\/wp-content\/uploads\/2023\/01\/DSC_0647-1024x683.jpg\" alt=\"\" width=\"640\" height=\"427\" srcset=\"https:\/\/noticiasemdestaque.com\/cd\/wp-content\/uploads\/2023\/01\/DSC_0647-1024x683.jpg 1024w, https:\/\/noticiasemdestaque.com\/cd\/wp-content\/uploads\/2023\/01\/DSC_0647-300x200.jpg 300w, https:\/\/noticiasemdestaque.com\/cd\/wp-content\/uploads\/2023\/01\/DSC_0647-768x512.jpg 768w, https:\/\/noticiasemdestaque.com\/cd\/wp-content\/uploads\/2023\/01\/DSC_0647-1536x1024.jpg 1536w, https:\/\/noticiasemdestaque.com\/cd\/wp-content\/uploads\/2023\/01\/DSC_0647-2048x1365.jpg 2048w, https:\/\/noticiasemdestaque.com\/cd\/wp-content\/uploads\/2023\/01\/DSC_0647-18x12.jpg 18w\" sizes=\"(max-width: 640px) 100vw, 640px\" \/><\/a><\/p>\n<p>Al\u00e9m do prefeito \u00c9den, participaram da solenidade, o novo presidente do Poder Legislativo, Daniel L\u00eala, acompanhado pelos vereadores Francisco Fontinelli, Dami\u00e3o Rildo e Crist\u00f3v\u00e3o J\u00fanior, os secret\u00e1rios municipais Tanniery L\u00eala (Sa\u00fade), Rob\u00e9rio Cipriano (Or\u00e7amento e Finan\u00e7as), Gian Braz (Obras e Servi\u00e7os Urbanos) e Bon\u00edlson Tim\u00f3teo (Educa\u00e7\u00e3o), a Conselheira do Or\u00e7amento Democr\u00e1tico da regi\u00e3o beneficiada, Jasmin Ara\u00fajo, Heleno J\u00fanior (Chefe de Gabinete), a Filarm\u00f4nica Municipal Maestro Ant\u00f4nio Josu\u00e9 de Lima, familiares e amigos dos homenageados, auxiliares do governo municipal e moradores do bairro.<\/p>\n<p><a href=\"https:\/\/noticiasemdestaque.com\/cd\/wp-content\/uploads\/2023\/01\/DSC_0664-scaled.jpg\"><img loading=\"lazy\" decoding=\"async\" class=\"wp-image-45244 size-large aligncenter\" src=\"https:\/\/noticiasemdestaque.com\/cd\/wp-content\/uploads\/2023\/01\/DSC_0664-1024x683.jpg\" alt=\"\" width=\"640\" height=\"427\" srcset=\"https:\/\/noticiasemdestaque.com\/cd\/wp-content\/uploads\/2023\/01\/DSC_0664-1024x683.jpg 1024w, https:\/\/noticiasemdestaque.com\/cd\/wp-content\/uploads\/2023\/01\/DSC_0664-300x200.jpg 300w, https:\/\/noticiasemdestaque.com\/cd\/wp-content\/uploads\/2023\/01\/DSC_0664-768x512.jpg 768w, https:\/\/noticiasemdestaque.com\/cd\/wp-content\/uploads\/2023\/01\/DSC_0664-1536x1024.jpg 1536w, https:\/\/noticiasemdestaque.com\/cd\/wp-content\/uploads\/2023\/01\/DSC_0664-2048x1365.jpg 2048w, https:\/\/noticiasemdestaque.com\/cd\/wp-content\/uploads\/2023\/01\/DSC_0664-18x12.jpg 18w\" sizes=\"(max-width: 640px) 100vw, 640px\" \/><\/a><\/p>\n<p>Na ocasi\u00e3o, os moradores agradeceram \u00e0 a\u00e7\u00e3o e destacaram a import\u00e2ncia de uma obra que proporciona qualidade de vida, melhora as condi\u00e7\u00f5es de limpeza da rua e contribui para a sa\u00fade p\u00fablica da popula\u00e7\u00e3o.<\/p>\n<p>\u201cA gente fica muito feliz quando a prefeitura e os \u00f3rg\u00e3os p\u00fablicos veem as nossas necessidades. Tamb\u00e9m ficamos felizes por usufruir de um benef\u00edcio que vai servir toda a popula\u00e7\u00e3o. \u00c9 por isso que estamos aqui para agradecer ao prefeito \u00c9den e aos vereadores que lutaram por essa obra\u201d, disse Felipe, morador h\u00e1 oito anos da rua Francisco Travassos.<\/p>\n<p>\u201cEu, como morador h\u00e1 30 anos dessa rua, estou muito feliz e grato pela gest\u00e3o municipal por realizar o nosso sonho. O prefeito \u00c9den est\u00e1 de parab\u00e9ns. Nota 10 pra ele\u201d, declarou o morador da rua Maria do Socorro Sousa, Josaf\u00e1 Rosa do Nascimento.<\/p>\n<p>As fam\u00edlias foram representadas por: Veryolanda e St\u00e9fano Sousa, filhos de Socorro do DNOCS, Jamilla Travassos (sobrinha) e Socorro Sarmento (prima) de Chico T; Clarice (irm\u00e3) e Josinete Galdino (filha) de Josias Galdino e Socorro Duarte (tia), Alessandra, Andr\u00e9a, Aline e \u00c9den Duarte (filhos) de L\u00facia Duarte.<\/p>\n<p>De forma emocionada, os familiares e amigos destacaram as pessoas humildes e prestativas que eles foram e a maneira peculiar como constru\u00edram as suas hist\u00f3rias. Ainda agradeceram ao prefeito \u00c9den e ao ex-vereador Jurandir \u00a0Ferreira (Danda), pela propositura da denomina\u00e7\u00e3o dos espa\u00e7os, nomeando pessoas t\u00e3o queridas e inesquec\u00edveis para muitos sumeenses.<\/p>\n<p>A entrega das ruas representa um compromisso assumido pela gest\u00e3o do prefeito \u00c9den Duarte e do vice-prefeito, Manezinho Louren\u00e7o, que segue dando vaz\u00e3o a um ciclo hist\u00f3rico do maior programa de pavimenta\u00e7\u00e3o do munic\u00edpio, cuja meta \u00e9 cal\u00e7ar o maior n\u00famero de ruas poss\u00edveis de Sum\u00e9 at\u00e9 o final de seus mandatos.<\/p>\n<p>Todo o evento foi transmitido pelo facebook da prefeitura de Sum\u00e9.<\/p>\n<div id=\"gallery-7\" class=\"gallery galleryid-21263 gallery-columns-4 gallery-size-medium\">\n<div id=\"gallery-8\" class=\"gallery galleryid-21263 gallery-columns-4 gallery-size-medium\"><\/div>\n<\/div>\n<div id=\"gallery-5\" class=\"gallery galleryid-21263 gallery-columns-3 gallery-size-medium\">\n<div id=\"gallery-6\" class=\"gallery galleryid-21263 gallery-columns-4 gallery-size-medium\"><\/div>\n<\/div>\n<div id=\"gallery-3\" class=\"gallery galleryid-21263 gallery-columns-3 gallery-size-medium\">\n<div id=\"gallery-4\" class=\"gallery galleryid-21263 gallery-columns-3 gallery-size-medium\"><\/div>\n<\/div>\n<div id=\"gallery-1\" class=\"gallery galleryid-21263 gallery-columns-3 gallery-size-medium\">\n<div id=\"gallery-2\" class=\"gallery galleryid-21263 gallery-columns-5 gallery-size-medium\"><\/div>\n<\/div>\n","protected":false},"excerpt":{"rendered":"<p>Em uma cerim\u00f4nia marcada pela emo\u00e7\u00e3o, realizada nessa ter\u00e7a-feira, 03, o prefeito \u00c9den Duarte entregou a obra de pavimenta\u00e7\u00e3o de quatro ruas no bairro do Alto da Caixa D\u2019\u00e1gua. S\u00e3o elas: L\u00facia Duarte de Sousa (m\u00e3e do prefeito \u00c9den), Maria do Socorro Sousa (Socorro do DNOCS), Francisco Travassos (Chico T) e Josias Galdino da Silva. Todas receberam cal\u00e7amento em paralelep\u00edpedo, meio fio, cal\u00e7ada e rampas de acessibilidade. A rua L\u00facia Duarte de Sousa\u00a0recebeu 734 m\u00b2 de pavimenta\u00e7\u00e3o, 226 m de meio fio, 271 m\u00b2 em cal\u00e7ada e rampas de acessibilidade. J\u00e1 a rua\u00a0Maria do Socorro Sousa\u00a0(Socorro do DNOCS) recebeu 768 m\u00b2 de pavimenta\u00e7\u00e3o, 119 m de meio fio, 263 m\u00b2 em cal\u00e7ada e rampas de acessibilidade. Por sua vez, a rua\u00a0Francisco Travassos\u00a0recebeu 644 m\u00b2 de pavimenta\u00e7\u00e3o, 184 m de meio fio, 220 m\u00b2 em cal\u00e7ada e rampas de acessibilidade. E a rua\u00a0Josias Galdino da Silva\u00a0recebeu 990 m\u00b2 de pavimenta\u00e7\u00e3o, 330 m de meio fio, 396 m\u00b2 em cal\u00e7ada e rampas de acessibilidade. Juntas, elas representam um investimento no valor de R$ 309 mil (trezentos e nove mil reais), oriundos via emenda do deputado federal Wellington Roberto e a contrapartida da Prefeitura de Sum\u00e9. Al\u00e9m do prefeito \u00c9den, participaram da solenidade, o novo presidente do Poder Legislativo, Daniel L\u00eala, acompanhado pelos vereadores Francisco Fontinelli, Dami\u00e3o Rildo e Crist\u00f3v\u00e3o J\u00fanior, os secret\u00e1rios municipais Tanniery L\u00eala (Sa\u00fade), Rob\u00e9rio Cipriano (Or\u00e7amento e Finan\u00e7as), Gian Braz (Obras e Servi\u00e7os Urbanos) e Bon\u00edlson Tim\u00f3teo (Educa\u00e7\u00e3o), a Conselheira do Or\u00e7amento Democr\u00e1tico da regi\u00e3o beneficiada, Jasmin Ara\u00fajo, Heleno J\u00fanior (Chefe de Gabinete), a Filarm\u00f4nica Municipal Maestro Ant\u00f4nio Josu\u00e9 de Lima, familiares e amigos dos homenageados, auxiliares do governo municipal e moradores do bairro. Na ocasi\u00e3o, os moradores agradeceram \u00e0 a\u00e7\u00e3o e destacaram a import\u00e2ncia de uma obra que proporciona qualidade de vida, melhora as condi\u00e7\u00f5es de limpeza da rua e contribui para a sa\u00fade p\u00fablica da popula\u00e7\u00e3o. \u201cA gente fica muito feliz quando a prefeitura e os \u00f3rg\u00e3os p\u00fablicos veem as nossas necessidades. Tamb\u00e9m ficamos felizes por usufruir de um benef\u00edcio que vai servir toda a popula\u00e7\u00e3o. \u00c9 por isso que estamos aqui para agradecer ao prefeito \u00c9den e aos vereadores que lutaram por essa obra\u201d, disse Felipe, morador h\u00e1 oito anos da rua Francisco Travassos. \u201cEu, como morador h\u00e1 30 anos dessa rua, estou muito feliz e grato pela gest\u00e3o municipal por realizar o nosso sonho. O prefeito \u00c9den est\u00e1 de parab\u00e9ns. Nota 10 pra ele\u201d, declarou o morador da rua Maria do Socorro Sousa, Josaf\u00e1 Rosa do Nascimento. As fam\u00edlias foram representadas por: Veryolanda e St\u00e9fano Sousa, filhos de Socorro do DNOCS, Jamilla Travassos (sobrinha) e Socorro Sarmento (prima) de Chico T; Clarice (irm\u00e3) e Josinete Galdino (filha) de Josias Galdino e Socorro Duarte (tia), Alessandra, Andr\u00e9a, Aline e \u00c9den Duarte (filhos) de L\u00facia Duarte. De forma emocionada, os familiares e amigos destacaram as pessoas humildes e prestativas que eles foram e a maneira peculiar como constru\u00edram as suas hist\u00f3rias. Ainda agradeceram ao prefeito \u00c9den e ao ex-vereador Jurandir \u00a0Ferreira (Danda), pela propositura da denomina\u00e7\u00e3o dos espa\u00e7os, nomeando pessoas t\u00e3o queridas e inesquec\u00edveis para muitos sumeenses. A entrega das ruas representa um compromisso assumido pela gest\u00e3o do prefeito \u00c9den Duarte e do vice-prefeito, Manezinho Louren\u00e7o, que segue dando vaz\u00e3o a um ciclo hist\u00f3rico do maior programa de pavimenta\u00e7\u00e3o do munic\u00edpio, cuja meta \u00e9 cal\u00e7ar o maior n\u00famero de ruas poss\u00edveis de Sum\u00e9 at\u00e9 o final de seus mandatos. Todo o evento foi transmitido pelo facebook da prefeitura de Sum\u00e9.<\/p>\n","protected":false},"author":2,"featured_media":45240,"comment_status":"closed","ping_status":"open","sticky":false,"template":"","format":"standard","meta":{"_eb_attr":"","_jetpack_memberships_contains_paid_content":false,"footnotes":""},"categories":[4],"tags":[],"class_list":["post-45239","post","type-post","status-publish","format-standard","has-post-thumbnail","hentry","category-politica"],"yoast_head":"<!-- This site is optimized with the Yoast SEO plugin v26.5 - https:\/\/yoast.com\/wordpress\/plugins\/seo\/ -->\n<title>SUM\u00c9: Prefeito \u00c9den entrega pavimenta\u00e7\u00e3o de quatro ruas no bairro do Alto da Caixa D\u2019\u00e1gua - Not&iacute;cias em Destaque<\/title>\n<meta name=\"robots\" content=\"index, follow, max-snippet:-1, max-image-preview:large, max-video-preview:-1\" \/>\n<link rel=\"canonical\" href=\"https:\/\/noticiasemdestaque.com\/cd\/?p=45239\" \/>\n<meta property=\"og:locale\" content=\"pt_BR\" \/>\n<meta property=\"og:type\" content=\"article\" \/>\n<meta property=\"og:title\" content=\"SUM\u00c9: Prefeito \u00c9den entrega pavimenta\u00e7\u00e3o de quatro ruas no bairro do Alto da Caixa D\u2019\u00e1gua - Not&iacute;cias em Destaque\" \/>\n<meta property=\"og:description\" content=\"Em uma cerim\u00f4nia marcada pela emo\u00e7\u00e3o, realizada nessa ter\u00e7a-feira, 03, o prefeito \u00c9den Duarte entregou a obra de pavimenta\u00e7\u00e3o de quatro ruas no bairro do Alto da Caixa D\u2019\u00e1gua. S\u00e3o elas: L\u00facia Duarte de Sousa (m\u00e3e do prefeito \u00c9den), Maria do Socorro Sousa (Socorro do DNOCS), Francisco Travassos (Chico T) e Josias Galdino da Silva. Todas receberam cal\u00e7amento em paralelep\u00edpedo, meio fio, cal\u00e7ada e rampas de acessibilidade. A rua L\u00facia Duarte de Sousa\u00a0recebeu 734 m\u00b2 de pavimenta\u00e7\u00e3o, 226 m de meio fio, 271 m\u00b2 em cal\u00e7ada e rampas de acessibilidade. J\u00e1 a rua\u00a0Maria do Socorro Sousa\u00a0(Socorro do DNOCS) recebeu 768 m\u00b2 de pavimenta\u00e7\u00e3o, 119 m de meio fio, 263 m\u00b2 em cal\u00e7ada e rampas de acessibilidade. Por sua vez, a rua\u00a0Francisco Travassos\u00a0recebeu 644 m\u00b2 de pavimenta\u00e7\u00e3o, 184 m de meio fio, 220 m\u00b2 em cal\u00e7ada e rampas de acessibilidade. E a rua\u00a0Josias Galdino da Silva\u00a0recebeu 990 m\u00b2 de pavimenta\u00e7\u00e3o, 330 m de meio fio, 396 m\u00b2 em cal\u00e7ada e rampas de acessibilidade. Juntas, elas representam um investimento no valor de R$ 309 mil (trezentos e nove mil reais), oriundos via emenda do deputado federal Wellington Roberto e a contrapartida da Prefeitura de Sum\u00e9. Al\u00e9m do prefeito \u00c9den, participaram da solenidade, o novo presidente do Poder Legislativo, Daniel L\u00eala, acompanhado pelos vereadores Francisco Fontinelli, Dami\u00e3o Rildo e Crist\u00f3v\u00e3o J\u00fanior, os secret\u00e1rios municipais Tanniery L\u00eala (Sa\u00fade), Rob\u00e9rio Cipriano (Or\u00e7amento e Finan\u00e7as), Gian Braz (Obras e Servi\u00e7os Urbanos) e Bon\u00edlson Tim\u00f3teo (Educa\u00e7\u00e3o), a Conselheira do Or\u00e7amento Democr\u00e1tico da regi\u00e3o beneficiada, Jasmin Ara\u00fajo, Heleno J\u00fanior (Chefe de Gabinete), a Filarm\u00f4nica Municipal Maestro Ant\u00f4nio Josu\u00e9 de Lima, familiares e amigos dos homenageados, auxiliares do governo municipal e moradores do bairro. Na ocasi\u00e3o, os moradores agradeceram \u00e0 a\u00e7\u00e3o e destacaram a import\u00e2ncia de uma obra que proporciona qualidade de vida, melhora as condi\u00e7\u00f5es de limpeza da rua e contribui para a sa\u00fade p\u00fablica da popula\u00e7\u00e3o. \u201cA gente fica muito feliz quando a prefeitura e os \u00f3rg\u00e3os p\u00fablicos veem as nossas necessidades. Tamb\u00e9m ficamos felizes por usufruir de um benef\u00edcio que vai servir toda a popula\u00e7\u00e3o. \u00c9 por isso que estamos aqui para agradecer ao prefeito \u00c9den e aos vereadores que lutaram por essa obra\u201d, disse Felipe, morador h\u00e1 oito anos da rua Francisco Travassos. \u201cEu, como morador h\u00e1 30 anos dessa rua, estou muito feliz e grato pela gest\u00e3o municipal por realizar o nosso sonho. O prefeito \u00c9den est\u00e1 de parab\u00e9ns. Nota 10 pra ele\u201d, declarou o morador da rua Maria do Socorro Sousa, Josaf\u00e1 Rosa do Nascimento. As fam\u00edlias foram representadas por: Veryolanda e St\u00e9fano Sousa, filhos de Socorro do DNOCS, Jamilla Travassos (sobrinha) e Socorro Sarmento (prima) de Chico T; Clarice (irm\u00e3) e Josinete Galdino (filha) de Josias Galdino e Socorro Duarte (tia), Alessandra, Andr\u00e9a, Aline e \u00c9den Duarte (filhos) de L\u00facia Duarte. De forma emocionada, os familiares e amigos destacaram as pessoas humildes e prestativas que eles foram e a maneira peculiar como constru\u00edram as suas hist\u00f3rias. Ainda agradeceram ao prefeito \u00c9den e ao ex-vereador Jurandir \u00a0Ferreira (Danda), pela propositura da denomina\u00e7\u00e3o dos espa\u00e7os, nomeando pessoas t\u00e3o queridas e inesquec\u00edveis para muitos sumeenses. A entrega das ruas representa um compromisso assumido pela gest\u00e3o do prefeito \u00c9den Duarte e do vice-prefeito, Manezinho Louren\u00e7o, que segue dando vaz\u00e3o a um ciclo hist\u00f3rico do maior programa de pavimenta\u00e7\u00e3o do munic\u00edpio, cuja meta \u00e9 cal\u00e7ar o maior n\u00famero de ruas poss\u00edveis de Sum\u00e9 at\u00e9 o final de seus mandatos. Todo o evento foi transmitido pelo facebook da prefeitura de Sum\u00e9.\" \/>\n<meta property=\"og:url\" content=\"https:\/\/noticiasemdestaque.com\/cd\/?p=45239\" \/>\n<meta property=\"og:site_name\" content=\"Not&iacute;cias em Destaque\" \/>\n<meta property=\"article:published_time\" content=\"2023-01-04T23:12:15+00:00\" \/>\n<meta property=\"article:modified_time\" content=\"2023-01-04T23:12:43+00:00\" \/>\n<meta property=\"og:image\" content=\"https:\/\/noticiasemdestaque.com\/cd\/wp-content\/uploads\/2023\/01\/DSC_0636-scaled.jpg\" \/>\n\t<meta property=\"og:image:width\" content=\"2560\" \/>\n\t<meta property=\"og:image:height\" content=\"1707\" \/>\n\t<meta property=\"og:image:type\" content=\"image\/jpeg\" \/>\n<meta name=\"author\" content=\"Not\u00edcias em Destaque\" \/>\n<meta name=\"twitter:card\" content=\"summary_large_image\" \/>\n<meta name=\"twitter:label1\" content=\"Escrito por\" \/>\n\t<meta name=\"twitter:data1\" content=\"Not\u00edcias em Destaque\" \/>\n\t<meta name=\"twitter:label2\" content=\"Est. tempo de leitura\" \/>\n\t<meta name=\"twitter:data2\" content=\"5 minutos\" \/>\n<script type=\"application\/ld+json\" class=\"yoast-schema-graph\">{\"@context\":\"https:\/\/schema.org\",\"@graph\":[{\"@type\":\"Article\",\"@id\":\"https:\/\/noticiasemdestaque.com\/cd\/?p=45239#article\",\"isPartOf\":{\"@id\":\"https:\/\/noticiasemdestaque.com\/cd\/?p=45239\"},\"author\":{\"name\":\"Not\u00edcias em Destaque\",\"@id\":\"https:\/\/noticiasemdestaque.com\/cd\/#\/schema\/person\/47f7d4f55eec17c6b2ca036c5500f6ce\"},\"headline\":\"SUM\u00c9: Prefeito \u00c9den entrega pavimenta\u00e7\u00e3o de quatro ruas no bairro do Alto da Caixa D\u2019\u00e1gua\",\"datePublished\":\"2023-01-04T23:12:15+00:00\",\"dateModified\":\"2023-01-04T23:12:43+00:00\",\"mainEntityOfPage\":{\"@id\":\"https:\/\/noticiasemdestaque.com\/cd\/?p=45239\"},\"wordCount\":654,\"publisher\":{\"@id\":\"https:\/\/noticiasemdestaque.com\/cd\/#organization\"},\"image\":{\"@id\":\"https:\/\/noticiasemdestaque.com\/cd\/?p=45239#primaryimage\"},\"thumbnailUrl\":\"https:\/\/noticiasemdestaque.com\/cd\/wp-content\/uploads\/2023\/01\/DSC_0636-scaled.jpg\",\"articleSection\":[\"Pol\u00edtica\"],\"inLanguage\":\"pt-BR\"},{\"@type\":\"WebPage\",\"@id\":\"https:\/\/noticiasemdestaque.com\/cd\/?p=45239\",\"url\":\"https:\/\/noticiasemdestaque.com\/cd\/?p=45239\",\"name\":\"SUM\u00c9: Prefeito \u00c9den entrega pavimenta\u00e7\u00e3o de quatro ruas no bairro do Alto da Caixa D\u2019\u00e1gua - Not&iacute;cias em Destaque\",\"isPartOf\":{\"@id\":\"https:\/\/noticiasemdestaque.com\/cd\/#website\"},\"primaryImageOfPage\":{\"@id\":\"https:\/\/noticiasemdestaque.com\/cd\/?p=45239#primaryimage\"},\"image\":{\"@id\":\"https:\/\/noticiasemdestaque.com\/cd\/?p=45239#primaryimage\"},\"thumbnailUrl\":\"https:\/\/noticiasemdestaque.com\/cd\/wp-content\/uploads\/2023\/01\/DSC_0636-scaled.jpg\",\"datePublished\":\"2023-01-04T23:12:15+00:00\",\"dateModified\":\"2023-01-04T23:12:43+00:00\",\"breadcrumb\":{\"@id\":\"https:\/\/noticiasemdestaque.com\/cd\/?p=45239#breadcrumb\"},\"inLanguage\":\"pt-BR\",\"potentialAction\":[{\"@type\":\"ReadAction\",\"target\":[\"https:\/\/noticiasemdestaque.com\/cd\/?p=45239\"]}]},{\"@type\":\"ImageObject\",\"inLanguage\":\"pt-BR\",\"@id\":\"https:\/\/noticiasemdestaque.com\/cd\/?p=45239#primaryimage\",\"url\":\"https:\/\/noticiasemdestaque.com\/cd\/wp-content\/uploads\/2023\/01\/DSC_0636-scaled.jpg\",\"contentUrl\":\"https:\/\/noticiasemdestaque.com\/cd\/wp-content\/uploads\/2023\/01\/DSC_0636-scaled.jpg\",\"width\":2560,\"height\":1707},{\"@type\":\"BreadcrumbList\",\"@id\":\"https:\/\/noticiasemdestaque.com\/cd\/?p=45239#breadcrumb\",\"itemListElement\":[{\"@type\":\"ListItem\",\"position\":1,\"name\":\"In\u00edcio\",\"item\":\"https:\/\/noticiasemdestaque.com\/cd\/\"},{\"@type\":\"ListItem\",\"position\":2,\"name\":\"SUM\u00c9: Prefeito \u00c9den entrega pavimenta\u00e7\u00e3o de quatro ruas no bairro do Alto da Caixa D\u2019\u00e1gua\"}]},{\"@type\":\"WebSite\",\"@id\":\"https:\/\/noticiasemdestaque.com\/cd\/#website\",\"url\":\"https:\/\/noticiasemdestaque.com\/cd\/\",\"name\":\"Not&iacute;cias em Destaque\",\"description\":\"\",\"publisher\":{\"@id\":\"https:\/\/noticiasemdestaque.com\/cd\/#organization\"},\"potentialAction\":[{\"@type\":\"SearchAction\",\"target\":{\"@type\":\"EntryPoint\",\"urlTemplate\":\"https:\/\/noticiasemdestaque.com\/cd\/?s={search_term_string}\"},\"query-input\":{\"@type\":\"PropertyValueSpecification\",\"valueRequired\":true,\"valueName\":\"search_term_string\"}}],\"inLanguage\":\"pt-BR\"},{\"@type\":\"Organization\",\"@id\":\"https:\/\/noticiasemdestaque.com\/cd\/#organization\",\"name\":\"Not\u00edcias em Destaque\",\"url\":\"https:\/\/noticiasemdestaque.com\/cd\/\",\"logo\":{\"@type\":\"ImageObject\",\"inLanguage\":\"pt-BR\",\"@id\":\"https:\/\/noticiasemdestaque.com\/cd\/#\/schema\/logo\/image\/\",\"url\":\"https:\/\/noticiasemdestaque.com\/cd\/wp-content\/uploads\/2022\/05\/imagem-base-noticiasemdestaque.png\",\"contentUrl\":\"https:\/\/noticiasemdestaque.com\/cd\/wp-content\/uploads\/2022\/05\/imagem-base-noticiasemdestaque.png\",\"width\":1200,\"height\":630,\"caption\":\"Not\u00edcias em Destaque\"},\"image\":{\"@id\":\"https:\/\/noticiasemdestaque.com\/cd\/#\/schema\/logo\/image\/\"}},{\"@type\":\"Person\",\"@id\":\"https:\/\/noticiasemdestaque.com\/cd\/#\/schema\/person\/47f7d4f55eec17c6b2ca036c5500f6ce\",\"name\":\"Not\u00edcias em Destaque\",\"url\":\"https:\/\/noticiasemdestaque.com\/cd\/?author=2\"}]}<\/script>\n<!-- \/ Yoast SEO plugin. -->","yoast_head_json":{"title":"SUM\u00c9: Prefeito \u00c9den entrega pavimenta\u00e7\u00e3o de quatro ruas no bairro do Alto da Caixa D\u2019\u00e1gua - Not&iacute;cias em Destaque","robots":{"index":"index","follow":"follow","max-snippet":"max-snippet:-1","max-image-preview":"max-image-preview:large","max-video-preview":"max-video-preview:-1"},"canonical":"https:\/\/noticiasemdestaque.com\/cd\/?p=45239","og_locale":"pt_BR","og_type":"article","og_title":"SUM\u00c9: Prefeito \u00c9den entrega pavimenta\u00e7\u00e3o de quatro ruas no bairro do Alto da Caixa D\u2019\u00e1gua - Not&iacute;cias em Destaque","og_description":"Em uma cerim\u00f4nia marcada pela emo\u00e7\u00e3o, realizada nessa ter\u00e7a-feira, 03, o prefeito \u00c9den Duarte entregou a obra de pavimenta\u00e7\u00e3o de quatro ruas no bairro do Alto da Caixa D\u2019\u00e1gua. S\u00e3o elas: L\u00facia Duarte de Sousa (m\u00e3e do prefeito \u00c9den), Maria do Socorro Sousa (Socorro do DNOCS), Francisco Travassos (Chico T) e Josias Galdino da Silva. Todas receberam cal\u00e7amento em paralelep\u00edpedo, meio fio, cal\u00e7ada e rampas de acessibilidade. A rua L\u00facia Duarte de Sousa\u00a0recebeu 734 m\u00b2 de pavimenta\u00e7\u00e3o, 226 m de meio fio, 271 m\u00b2 em cal\u00e7ada e rampas de acessibilidade. J\u00e1 a rua\u00a0Maria do Socorro Sousa\u00a0(Socorro do DNOCS) recebeu 768 m\u00b2 de pavimenta\u00e7\u00e3o, 119 m de meio fio, 263 m\u00b2 em cal\u00e7ada e rampas de acessibilidade. Por sua vez, a rua\u00a0Francisco Travassos\u00a0recebeu 644 m\u00b2 de pavimenta\u00e7\u00e3o, 184 m de meio fio, 220 m\u00b2 em cal\u00e7ada e rampas de acessibilidade. E a rua\u00a0Josias Galdino da Silva\u00a0recebeu 990 m\u00b2 de pavimenta\u00e7\u00e3o, 330 m de meio fio, 396 m\u00b2 em cal\u00e7ada e rampas de acessibilidade. Juntas, elas representam um investimento no valor de R$ 309 mil (trezentos e nove mil reais), oriundos via emenda do deputado federal Wellington Roberto e a contrapartida da Prefeitura de Sum\u00e9. Al\u00e9m do prefeito \u00c9den, participaram da solenidade, o novo presidente do Poder Legislativo, Daniel L\u00eala, acompanhado pelos vereadores Francisco Fontinelli, Dami\u00e3o Rildo e Crist\u00f3v\u00e3o J\u00fanior, os secret\u00e1rios municipais Tanniery L\u00eala (Sa\u00fade), Rob\u00e9rio Cipriano (Or\u00e7amento e Finan\u00e7as), Gian Braz (Obras e Servi\u00e7os Urbanos) e Bon\u00edlson Tim\u00f3teo (Educa\u00e7\u00e3o), a Conselheira do Or\u00e7amento Democr\u00e1tico da regi\u00e3o beneficiada, Jasmin Ara\u00fajo, Heleno J\u00fanior (Chefe de Gabinete), a Filarm\u00f4nica Municipal Maestro Ant\u00f4nio Josu\u00e9 de Lima, familiares e amigos dos homenageados, auxiliares do governo municipal e moradores do bairro. Na ocasi\u00e3o, os moradores agradeceram \u00e0 a\u00e7\u00e3o e destacaram a import\u00e2ncia de uma obra que proporciona qualidade de vida, melhora as condi\u00e7\u00f5es de limpeza da rua e contribui para a sa\u00fade p\u00fablica da popula\u00e7\u00e3o. \u201cA gente fica muito feliz quando a prefeitura e os \u00f3rg\u00e3os p\u00fablicos veem as nossas necessidades. Tamb\u00e9m ficamos felizes por usufruir de um benef\u00edcio que vai servir toda a popula\u00e7\u00e3o. \u00c9 por isso que estamos aqui para agradecer ao prefeito \u00c9den e aos vereadores que lutaram por essa obra\u201d, disse Felipe, morador h\u00e1 oito anos da rua Francisco Travassos. \u201cEu, como morador h\u00e1 30 anos dessa rua, estou muito feliz e grato pela gest\u00e3o municipal por realizar o nosso sonho. O prefeito \u00c9den est\u00e1 de parab\u00e9ns. Nota 10 pra ele\u201d, declarou o morador da rua Maria do Socorro Sousa, Josaf\u00e1 Rosa do Nascimento. As fam\u00edlias foram representadas por: Veryolanda e St\u00e9fano Sousa, filhos de Socorro do DNOCS, Jamilla Travassos (sobrinha) e Socorro Sarmento (prima) de Chico T; Clarice (irm\u00e3) e Josinete Galdino (filha) de Josias Galdino e Socorro Duarte (tia), Alessandra, Andr\u00e9a, Aline e \u00c9den Duarte (filhos) de L\u00facia Duarte. De forma emocionada, os familiares e amigos destacaram as pessoas humildes e prestativas que eles foram e a maneira peculiar como constru\u00edram as suas hist\u00f3rias. Ainda agradeceram ao prefeito \u00c9den e ao ex-vereador Jurandir \u00a0Ferreira (Danda), pela propositura da denomina\u00e7\u00e3o dos espa\u00e7os, nomeando pessoas t\u00e3o queridas e inesquec\u00edveis para muitos sumeenses. A entrega das ruas representa um compromisso assumido pela gest\u00e3o do prefeito \u00c9den Duarte e do vice-prefeito, Manezinho Louren\u00e7o, que segue dando vaz\u00e3o a um ciclo hist\u00f3rico do maior programa de pavimenta\u00e7\u00e3o do munic\u00edpio, cuja meta \u00e9 cal\u00e7ar o maior n\u00famero de ruas poss\u00edveis de Sum\u00e9 at\u00e9 o final de seus mandatos. Todo o evento foi transmitido pelo facebook da prefeitura de Sum\u00e9.","og_url":"https:\/\/noticiasemdestaque.com\/cd\/?p=45239","og_site_name":"Not&iacute;cias em Destaque","article_published_time":"2023-01-04T23:12:15+00:00","article_modified_time":"2023-01-04T23:12:43+00:00","og_image":[{"width":2560,"height":1707,"url":"https:\/\/noticiasemdestaque.com\/cd\/wp-content\/uploads\/2023\/01\/DSC_0636-scaled.jpg","type":"image\/jpeg"}],"author":"Not\u00edcias em Destaque","twitter_card":"summary_large_image","twitter_misc":{"Escrito por":"Not\u00edcias em Destaque","Est. tempo de leitura":"5 minutos"},"schema":{"@context":"https:\/\/schema.org","@graph":[{"@type":"Article","@id":"https:\/\/noticiasemdestaque.com\/cd\/?p=45239#article","isPartOf":{"@id":"https:\/\/noticiasemdestaque.com\/cd\/?p=45239"},"author":{"name":"Not\u00edcias em Destaque","@id":"https:\/\/noticiasemdestaque.com\/cd\/#\/schema\/person\/47f7d4f55eec17c6b2ca036c5500f6ce"},"headline":"SUM\u00c9: Prefeito \u00c9den entrega pavimenta\u00e7\u00e3o de quatro ruas no bairro do Alto da Caixa D\u2019\u00e1gua","datePublished":"2023-01-04T23:12:15+00:00","dateModified":"2023-01-04T23:12:43+00:00","mainEntityOfPage":{"@id":"https:\/\/noticiasemdestaque.com\/cd\/?p=45239"},"wordCount":654,"publisher":{"@id":"https:\/\/noticiasemdestaque.com\/cd\/#organization"},"image":{"@id":"https:\/\/noticiasemdestaque.com\/cd\/?p=45239#primaryimage"},"thumbnailUrl":"https:\/\/noticiasemdestaque.com\/cd\/wp-content\/uploads\/2023\/01\/DSC_0636-scaled.jpg","articleSection":["Pol\u00edtica"],"inLanguage":"pt-BR"},{"@type":"WebPage","@id":"https:\/\/noticiasemdestaque.com\/cd\/?p=45239","url":"https:\/\/noticiasemdestaque.com\/cd\/?p=45239","name":"SUM\u00c9: Prefeito \u00c9den entrega pavimenta\u00e7\u00e3o de quatro ruas no bairro do Alto da Caixa D\u2019\u00e1gua - Not&iacute;cias em Destaque","isPartOf":{"@id":"https:\/\/noticiasemdestaque.com\/cd\/#website"},"primaryImageOfPage":{"@id":"https:\/\/noticiasemdestaque.com\/cd\/?p=45239#primaryimage"},"image":{"@id":"https:\/\/noticiasemdestaque.com\/cd\/?p=45239#primaryimage"},"thumbnailUrl":"https:\/\/noticiasemdestaque.com\/cd\/wp-content\/uploads\/2023\/01\/DSC_0636-scaled.jpg","datePublished":"2023-01-04T23:12:15+00:00","dateModified":"2023-01-04T23:12:43+00:00","breadcrumb":{"@id":"https:\/\/noticiasemdestaque.com\/cd\/?p=45239#breadcrumb"},"inLanguage":"pt-BR","potentialAction":[{"@type":"ReadAction","target":["https:\/\/noticiasemdestaque.com\/cd\/?p=45239"]}]},{"@type":"ImageObject","inLanguage":"pt-BR","@id":"https:\/\/noticiasemdestaque.com\/cd\/?p=45239#primaryimage","url":"https:\/\/noticiasemdestaque.com\/cd\/wp-content\/uploads\/2023\/01\/DSC_0636-scaled.jpg","contentUrl":"https:\/\/noticiasemdestaque.com\/cd\/wp-content\/uploads\/2023\/01\/DSC_0636-scaled.jpg","width":2560,"height":1707},{"@type":"BreadcrumbList","@id":"https:\/\/noticiasemdestaque.com\/cd\/?p=45239#breadcrumb","itemListElement":[{"@type":"ListItem","position":1,"name":"In\u00edcio","item":"https:\/\/noticiasemdestaque.com\/cd\/"},{"@type":"ListItem","position":2,"name":"SUM\u00c9: Prefeito \u00c9den entrega pavimenta\u00e7\u00e3o de quatro ruas no bairro do Alto da Caixa D\u2019\u00e1gua"}]},{"@type":"WebSite","@id":"https:\/\/noticiasemdestaque.com\/cd\/#website","url":"https:\/\/noticiasemdestaque.com\/cd\/","name":"Not&iacute;cias em Destaque","description":"","publisher":{"@id":"https:\/\/noticiasemdestaque.com\/cd\/#organization"},"potentialAction":[{"@type":"SearchAction","target":{"@type":"EntryPoint","urlTemplate":"https:\/\/noticiasemdestaque.com\/cd\/?s={search_term_string}"},"query-input":{"@type":"PropertyValueSpecification","valueRequired":true,"valueName":"search_term_string"}}],"inLanguage":"pt-BR"},{"@type":"Organization","@id":"https:\/\/noticiasemdestaque.com\/cd\/#organization","name":"Not\u00edcias em Destaque","url":"https:\/\/noticiasemdestaque.com\/cd\/","logo":{"@type":"ImageObject","inLanguage":"pt-BR","@id":"https:\/\/noticiasemdestaque.com\/cd\/#\/schema\/logo\/image\/","url":"https:\/\/noticiasemdestaque.com\/cd\/wp-content\/uploads\/2022\/05\/imagem-base-noticiasemdestaque.png","contentUrl":"https:\/\/noticiasemdestaque.com\/cd\/wp-content\/uploads\/2022\/05\/imagem-base-noticiasemdestaque.png","width":1200,"height":630,"caption":"Not\u00edcias em Destaque"},"image":{"@id":"https:\/\/noticiasemdestaque.com\/cd\/#\/schema\/logo\/image\/"}},{"@type":"Person","@id":"https:\/\/noticiasemdestaque.com\/cd\/#\/schema\/person\/47f7d4f55eec17c6b2ca036c5500f6ce","name":"Not\u00edcias em Destaque","url":"https:\/\/noticiasemdestaque.com\/cd\/?author=2"}]}},"jetpack_featured_media_url":"https:\/\/noticiasemdestaque.com\/cd\/wp-content\/uploads\/2023\/01\/DSC_0636-scaled.jpg","jetpack_sharing_enabled":true,"_links":{"self":[{"href":"https:\/\/noticiasemdestaque.com\/cd\/index.php?rest_route=\/wp\/v2\/posts\/45239","targetHints":{"allow":["GET"]}}],"collection":[{"href":"https:\/\/noticiasemdestaque.com\/cd\/index.php?rest_route=\/wp\/v2\/posts"}],"about":[{"href":"https:\/\/noticiasemdestaque.com\/cd\/index.php?rest_route=\/wp\/v2\/types\/post"}],"author":[{"embeddable":true,"href":"https:\/\/noticiasemdestaque.com\/cd\/index.php?rest_route=\/wp\/v2\/users\/2"}],"replies":[{"embeddable":true,"href":"https:\/\/noticiasemdestaque.com\/cd\/index.php?rest_route=%2Fwp%2Fv2%2Fcomments&post=45239"}],"version-history":[{"count":1,"href":"https:\/\/noticiasemdestaque.com\/cd\/index.php?rest_route=\/wp\/v2\/posts\/45239\/revisions"}],"predecessor-version":[{"id":45245,"href":"https:\/\/noticiasemdestaque.com\/cd\/index.php?rest_route=\/wp\/v2\/posts\/45239\/revisions\/45245"}],"wp:featuredmedia":[{"embeddable":true,"href":"https:\/\/noticiasemdestaque.com\/cd\/index.php?rest_route=\/wp\/v2\/media\/45240"}],"wp:attachment":[{"href":"https:\/\/noticiasemdestaque.com\/cd\/index.php?rest_route=%2Fwp%2Fv2%2Fmedia&parent=45239"}],"wp:term":[{"taxonomy":"category","embeddable":true,"href":"https:\/\/noticiasemdestaque.com\/cd\/index.php?rest_route=%2Fwp%2Fv2%2Fcategories&post=45239"},{"taxonomy":"post_tag","embeddable":true,"href":"https:\/\/noticiasemdestaque.com\/cd\/index.php?rest_route=%2Fwp%2Fv2%2Ftags&post=45239"}],"curies":[{"name":"wp","href":"https:\/\/api.w.org\/{rel}","templated":true}]}}