{"id":45236,"date":"2023-01-04T11:17:46","date_gmt":"2023-01-04T14:17:46","guid":{"rendered":"https:\/\/noticiasemdestaque.com\/cd\/?p=45236"},"modified":"2023-01-04T11:18:03","modified_gmt":"2023-01-04T14:18:03","slug":"prefeito-felicio-queiroz-faz-mudancas-de-secretariado-em-sao-jose-dos-cordeiros","status":"publish","type":"post","link":"https:\/\/noticiasemdestaque.com\/cd\/?p=45236","title":{"rendered":"Prefeito Fel\u00edcio Queiroz faz mudan\u00e7as de secretariado, em S\u00e3o Jos\u00e9 dos Cordeiros"},"content":{"rendered":"<p><a href=\"https:\/\/noticiasemdestaque.com\/cd\/wp-content\/uploads\/2023\/01\/sec.jpg\"><img fetchpriority=\"high\" decoding=\"async\" class=\"size-medium wp-image-45237 aligncenter\" src=\"https:\/\/noticiasemdestaque.com\/cd\/wp-content\/uploads\/2023\/01\/sec-300x276.jpg\" alt=\"\" width=\"300\" height=\"276\" srcset=\"https:\/\/noticiasemdestaque.com\/cd\/wp-content\/uploads\/2023\/01\/sec-300x276.jpg 300w, https:\/\/noticiasemdestaque.com\/cd\/wp-content\/uploads\/2023\/01\/sec-768x707.jpg 768w, https:\/\/noticiasemdestaque.com\/cd\/wp-content\/uploads\/2023\/01\/sec-13x12.jpg 13w, https:\/\/noticiasemdestaque.com\/cd\/wp-content\/uploads\/2023\/01\/sec.jpg 1024w\" sizes=\"(max-width: 300px) 100vw, 300px\" \/><\/a><\/p>\n<p>A Prefeitura Municipal de S\u00e3o Jos\u00e9 dos Cordeiros atrav\u00e9s do prefeito Fel\u00edcio Queiroz anunciou nesta ter\u00e7a-feira (03) mudan\u00e7as em algumas pastas do governo.<\/p>\n<p>O ex-prefeito e tamb\u00e9m ex-secret\u00e1rio, Jefferson Roberto, volta \u00e0 Secretaria de Agricultura. O mesmo j\u00e1 esteve na pasta, prestou servi\u00e7os importantes e tamb\u00e9m \u00e9 t\u00e9cnico na \u00e1rea.<\/p>\n<p>J\u00e1 a Secretaria de Transportes ser\u00e1 conduzida pelo jovem Layrton Gomes que \u00e9 reconhecido pela sua dedica\u00e7\u00e3o e pelo seu comprometimento.<\/p>\n<p>A gest\u00e3o municipal agradeceu o servi\u00e7o prestados pelos antecessores e deseja boas-vindas aos novos integrantes.<\/p>\n<p>\u201cMuito obrigado pela contribui\u00e7\u00e3o de todos durante esse per\u00edodo e sejam bem-vindos os novos nomes. Estaremos sempre unidos pelo bem dos cordeirenses\u201d comentou o Prefeito Fel\u00edcio Queiroz.<\/p>\n<p>Fonte: Assessoria<\/p>\n","protected":false},"excerpt":{"rendered":"<p>A Prefeitura Municipal de S\u00e3o Jos\u00e9 dos Cordeiros atrav\u00e9s do prefeito Fel\u00edcio Queiroz anunciou nesta ter\u00e7a-feira (03) mudan\u00e7as em algumas pastas do governo. O ex-prefeito e tamb\u00e9m ex-secret\u00e1rio, Jefferson Roberto, volta \u00e0 Secretaria de Agricultura. O mesmo j\u00e1 esteve na pasta, prestou servi\u00e7os importantes e tamb\u00e9m \u00e9 t\u00e9cnico na \u00e1rea. J\u00e1 a Secretaria de Transportes ser\u00e1 conduzida pelo jovem Layrton Gomes que \u00e9 reconhecido pela sua dedica\u00e7\u00e3o e pelo seu comprometimento. A gest\u00e3o municipal agradeceu o servi\u00e7o prestados pelos antecessores e deseja boas-vindas aos novos integrantes. \u201cMuito obrigado pela contribui\u00e7\u00e3o de todos durante esse per\u00edodo e sejam bem-vindos os novos nomes. Estaremos sempre unidos pelo bem dos cordeirenses\u201d comentou o Prefeito Fel\u00edcio Queiroz. Fonte: Assessoria<\/p>\n","protected":false},"author":2,"featured_media":28783,"comment_status":"closed","ping_status":"open","sticky":false,"template":"","format":"standard","meta":{"_eb_attr":"","_jetpack_memberships_contains_paid_content":false,"footnotes":""},"categories":[12],"tags":[],"class_list":["post-45236","post","type-post","status-publish","format-standard","has-post-thumbnail","hentry","category-geral"],"yoast_head":"<!-- This site is optimized with the Yoast SEO plugin v26.5 - https:\/\/yoast.com\/wordpress\/plugins\/seo\/ -->\n<title>Prefeito Fel\u00edcio Queiroz faz mudan\u00e7as de secretariado, em S\u00e3o Jos\u00e9 dos Cordeiros - Not&iacute;cias em Destaque<\/title>\n<meta name=\"robots\" content=\"index, follow, max-snippet:-1, max-image-preview:large, max-video-preview:-1\" \/>\n<link rel=\"canonical\" href=\"https:\/\/noticiasemdestaque.com\/cd\/?p=45236\" \/>\n<meta property=\"og:locale\" content=\"pt_BR\" \/>\n<meta property=\"og:type\" content=\"article\" \/>\n<meta property=\"og:title\" content=\"Prefeito Fel\u00edcio Queiroz faz mudan\u00e7as de secretariado, em S\u00e3o Jos\u00e9 dos Cordeiros - Not&iacute;cias em Destaque\" \/>\n<meta property=\"og:description\" content=\"A Prefeitura Municipal de S\u00e3o Jos\u00e9 dos Cordeiros atrav\u00e9s do prefeito Fel\u00edcio Queiroz anunciou nesta ter\u00e7a-feira (03) mudan\u00e7as em algumas pastas do governo. O ex-prefeito e tamb\u00e9m ex-secret\u00e1rio, Jefferson Roberto, volta \u00e0 Secretaria de Agricultura. O mesmo j\u00e1 esteve na pasta, prestou servi\u00e7os importantes e tamb\u00e9m \u00e9 t\u00e9cnico na \u00e1rea. J\u00e1 a Secretaria de Transportes ser\u00e1 conduzida pelo jovem Layrton Gomes que \u00e9 reconhecido pela sua dedica\u00e7\u00e3o e pelo seu comprometimento. A gest\u00e3o municipal agradeceu o servi\u00e7o prestados pelos antecessores e deseja boas-vindas aos novos integrantes. \u201cMuito obrigado pela contribui\u00e7\u00e3o de todos durante esse per\u00edodo e sejam bem-vindos os novos nomes. Estaremos sempre unidos pelo bem dos cordeirenses\u201d comentou o Prefeito Fel\u00edcio Queiroz. Fonte: Assessoria\" \/>\n<meta property=\"og:url\" content=\"https:\/\/noticiasemdestaque.com\/cd\/?p=45236\" \/>\n<meta property=\"og:site_name\" content=\"Not&iacute;cias em Destaque\" \/>\n<meta property=\"article:published_time\" content=\"2023-01-04T14:17:46+00:00\" \/>\n<meta property=\"article:modified_time\" content=\"2023-01-04T14:18:03+00:00\" \/>\n<meta property=\"og:image\" content=\"https:\/\/noticiasemdestaque.com\/cd\/wp-content\/uploads\/2021\/01\/felicio_queiroz-600x449-1.jpg\" \/>\n\t<meta property=\"og:image:width\" content=\"600\" \/>\n\t<meta property=\"og:image:height\" content=\"449\" \/>\n\t<meta property=\"og:image:type\" content=\"image\/jpeg\" \/>\n<meta name=\"author\" content=\"Not\u00edcias em Destaque\" \/>\n<meta name=\"twitter:card\" content=\"summary_large_image\" \/>\n<meta name=\"twitter:label1\" content=\"Escrito por\" \/>\n\t<meta name=\"twitter:data1\" content=\"Not\u00edcias em Destaque\" \/>\n\t<meta name=\"twitter:label2\" content=\"Est. tempo de leitura\" \/>\n\t<meta name=\"twitter:data2\" content=\"1 minuto\" \/>\n<script type=\"application\/ld+json\" class=\"yoast-schema-graph\">{\"@context\":\"https:\/\/schema.org\",\"@graph\":[{\"@type\":\"Article\",\"@id\":\"https:\/\/noticiasemdestaque.com\/cd\/?p=45236#article\",\"isPartOf\":{\"@id\":\"https:\/\/noticiasemdestaque.com\/cd\/?p=45236\"},\"author\":{\"name\":\"Not\u00edcias em Destaque\",\"@id\":\"https:\/\/noticiasemdestaque.com\/cd\/#\/schema\/person\/47f7d4f55eec17c6b2ca036c5500f6ce\"},\"headline\":\"Prefeito Fel\u00edcio Queiroz faz mudan\u00e7as de secretariado, em S\u00e3o Jos\u00e9 dos Cordeiros\",\"datePublished\":\"2023-01-04T14:17:46+00:00\",\"dateModified\":\"2023-01-04T14:18:03+00:00\",\"mainEntityOfPage\":{\"@id\":\"https:\/\/noticiasemdestaque.com\/cd\/?p=45236\"},\"wordCount\":142,\"publisher\":{\"@id\":\"https:\/\/noticiasemdestaque.com\/cd\/#organization\"},\"image\":{\"@id\":\"https:\/\/noticiasemdestaque.com\/cd\/?p=45236#primaryimage\"},\"thumbnailUrl\":\"https:\/\/noticiasemdestaque.com\/cd\/wp-content\/uploads\/2021\/01\/felicio_queiroz-600x449-1.jpg\",\"articleSection\":[\"Geral\"],\"inLanguage\":\"pt-BR\"},{\"@type\":\"WebPage\",\"@id\":\"https:\/\/noticiasemdestaque.com\/cd\/?p=45236\",\"url\":\"https:\/\/noticiasemdestaque.com\/cd\/?p=45236\",\"name\":\"Prefeito Fel\u00edcio Queiroz faz mudan\u00e7as de secretariado, em S\u00e3o Jos\u00e9 dos Cordeiros - Not&iacute;cias em Destaque\",\"isPartOf\":{\"@id\":\"https:\/\/noticiasemdestaque.com\/cd\/#website\"},\"primaryImageOfPage\":{\"@id\":\"https:\/\/noticiasemdestaque.com\/cd\/?p=45236#primaryimage\"},\"image\":{\"@id\":\"https:\/\/noticiasemdestaque.com\/cd\/?p=45236#primaryimage\"},\"thumbnailUrl\":\"https:\/\/noticiasemdestaque.com\/cd\/wp-content\/uploads\/2021\/01\/felicio_queiroz-600x449-1.jpg\",\"datePublished\":\"2023-01-04T14:17:46+00:00\",\"dateModified\":\"2023-01-04T14:18:03+00:00\",\"breadcrumb\":{\"@id\":\"https:\/\/noticiasemdestaque.com\/cd\/?p=45236#breadcrumb\"},\"inLanguage\":\"pt-BR\",\"potentialAction\":[{\"@type\":\"ReadAction\",\"target\":[\"https:\/\/noticiasemdestaque.com\/cd\/?p=45236\"]}]},{\"@type\":\"ImageObject\",\"inLanguage\":\"pt-BR\",\"@id\":\"https:\/\/noticiasemdestaque.com\/cd\/?p=45236#primaryimage\",\"url\":\"https:\/\/noticiasemdestaque.com\/cd\/wp-content\/uploads\/2021\/01\/felicio_queiroz-600x449-1.jpg\",\"contentUrl\":\"https:\/\/noticiasemdestaque.com\/cd\/wp-content\/uploads\/2021\/01\/felicio_queiroz-600x449-1.jpg\",\"width\":600,\"height\":449},{\"@type\":\"BreadcrumbList\",\"@id\":\"https:\/\/noticiasemdestaque.com\/cd\/?p=45236#breadcrumb\",\"itemListElement\":[{\"@type\":\"ListItem\",\"position\":1,\"name\":\"In\u00edcio\",\"item\":\"https:\/\/noticiasemdestaque.com\/cd\/\"},{\"@type\":\"ListItem\",\"position\":2,\"name\":\"Prefeito Fel\u00edcio Queiroz faz mudan\u00e7as de secretariado, em S\u00e3o Jos\u00e9 dos Cordeiros\"}]},{\"@type\":\"WebSite\",\"@id\":\"https:\/\/noticiasemdestaque.com\/cd\/#website\",\"url\":\"https:\/\/noticiasemdestaque.com\/cd\/\",\"name\":\"Not&iacute;cias em Destaque\",\"description\":\"\",\"publisher\":{\"@id\":\"https:\/\/noticiasemdestaque.com\/cd\/#organization\"},\"potentialAction\":[{\"@type\":\"SearchAction\",\"target\":{\"@type\":\"EntryPoint\",\"urlTemplate\":\"https:\/\/noticiasemdestaque.com\/cd\/?s={search_term_string}\"},\"query-input\":{\"@type\":\"PropertyValueSpecification\",\"valueRequired\":true,\"valueName\":\"search_term_string\"}}],\"inLanguage\":\"pt-BR\"},{\"@type\":\"Organization\",\"@id\":\"https:\/\/noticiasemdestaque.com\/cd\/#organization\",\"name\":\"Not\u00edcias em Destaque\",\"url\":\"https:\/\/noticiasemdestaque.com\/cd\/\",\"logo\":{\"@type\":\"ImageObject\",\"inLanguage\":\"pt-BR\",\"@id\":\"https:\/\/noticiasemdestaque.com\/cd\/#\/schema\/logo\/image\/\",\"url\":\"https:\/\/noticiasemdestaque.com\/cd\/wp-content\/uploads\/2022\/05\/imagem-base-noticiasemdestaque.png\",\"contentUrl\":\"https:\/\/noticiasemdestaque.com\/cd\/wp-content\/uploads\/2022\/05\/imagem-base-noticiasemdestaque.png\",\"width\":1200,\"height\":630,\"caption\":\"Not\u00edcias em Destaque\"},\"image\":{\"@id\":\"https:\/\/noticiasemdestaque.com\/cd\/#\/schema\/logo\/image\/\"}},{\"@type\":\"Person\",\"@id\":\"https:\/\/noticiasemdestaque.com\/cd\/#\/schema\/person\/47f7d4f55eec17c6b2ca036c5500f6ce\",\"name\":\"Not\u00edcias em Destaque\",\"url\":\"https:\/\/noticiasemdestaque.com\/cd\/?author=2\"}]}<\/script>\n<!-- \/ Yoast SEO plugin. -->","yoast_head_json":{"title":"Prefeito Fel\u00edcio Queiroz faz mudan\u00e7as de secretariado, em S\u00e3o Jos\u00e9 dos Cordeiros - Not&iacute;cias em Destaque","robots":{"index":"index","follow":"follow","max-snippet":"max-snippet:-1","max-image-preview":"max-image-preview:large","max-video-preview":"max-video-preview:-1"},"canonical":"https:\/\/noticiasemdestaque.com\/cd\/?p=45236","og_locale":"pt_BR","og_type":"article","og_title":"Prefeito Fel\u00edcio Queiroz faz mudan\u00e7as de secretariado, em S\u00e3o Jos\u00e9 dos Cordeiros - Not&iacute;cias em Destaque","og_description":"A Prefeitura Municipal de S\u00e3o Jos\u00e9 dos Cordeiros atrav\u00e9s do prefeito Fel\u00edcio Queiroz anunciou nesta ter\u00e7a-feira (03) mudan\u00e7as em algumas pastas do governo. O ex-prefeito e tamb\u00e9m ex-secret\u00e1rio, Jefferson Roberto, volta \u00e0 Secretaria de Agricultura. O mesmo j\u00e1 esteve na pasta, prestou servi\u00e7os importantes e tamb\u00e9m \u00e9 t\u00e9cnico na \u00e1rea. J\u00e1 a Secretaria de Transportes ser\u00e1 conduzida pelo jovem Layrton Gomes que \u00e9 reconhecido pela sua dedica\u00e7\u00e3o e pelo seu comprometimento. A gest\u00e3o municipal agradeceu o servi\u00e7o prestados pelos antecessores e deseja boas-vindas aos novos integrantes. \u201cMuito obrigado pela contribui\u00e7\u00e3o de todos durante esse per\u00edodo e sejam bem-vindos os novos nomes. Estaremos sempre unidos pelo bem dos cordeirenses\u201d comentou o Prefeito Fel\u00edcio Queiroz. Fonte: Assessoria","og_url":"https:\/\/noticiasemdestaque.com\/cd\/?p=45236","og_site_name":"Not&iacute;cias em Destaque","article_published_time":"2023-01-04T14:17:46+00:00","article_modified_time":"2023-01-04T14:18:03+00:00","og_image":[{"width":600,"height":449,"url":"https:\/\/noticiasemdestaque.com\/cd\/wp-content\/uploads\/2021\/01\/felicio_queiroz-600x449-1.jpg","type":"image\/jpeg"}],"author":"Not\u00edcias em Destaque","twitter_card":"summary_large_image","twitter_misc":{"Escrito por":"Not\u00edcias em Destaque","Est. tempo de leitura":"1 minuto"},"schema":{"@context":"https:\/\/schema.org","@graph":[{"@type":"Article","@id":"https:\/\/noticiasemdestaque.com\/cd\/?p=45236#article","isPartOf":{"@id":"https:\/\/noticiasemdestaque.com\/cd\/?p=45236"},"author":{"name":"Not\u00edcias em Destaque","@id":"https:\/\/noticiasemdestaque.com\/cd\/#\/schema\/person\/47f7d4f55eec17c6b2ca036c5500f6ce"},"headline":"Prefeito Fel\u00edcio Queiroz faz mudan\u00e7as de secretariado, em S\u00e3o Jos\u00e9 dos Cordeiros","datePublished":"2023-01-04T14:17:46+00:00","dateModified":"2023-01-04T14:18:03+00:00","mainEntityOfPage":{"@id":"https:\/\/noticiasemdestaque.com\/cd\/?p=45236"},"wordCount":142,"publisher":{"@id":"https:\/\/noticiasemdestaque.com\/cd\/#organization"},"image":{"@id":"https:\/\/noticiasemdestaque.com\/cd\/?p=45236#primaryimage"},"thumbnailUrl":"https:\/\/noticiasemdestaque.com\/cd\/wp-content\/uploads\/2021\/01\/felicio_queiroz-600x449-1.jpg","articleSection":["Geral"],"inLanguage":"pt-BR"},{"@type":"WebPage","@id":"https:\/\/noticiasemdestaque.com\/cd\/?p=45236","url":"https:\/\/noticiasemdestaque.com\/cd\/?p=45236","name":"Prefeito Fel\u00edcio Queiroz faz mudan\u00e7as de secretariado, em S\u00e3o Jos\u00e9 dos Cordeiros - Not&iacute;cias em Destaque","isPartOf":{"@id":"https:\/\/noticiasemdestaque.com\/cd\/#website"},"primaryImageOfPage":{"@id":"https:\/\/noticiasemdestaque.com\/cd\/?p=45236#primaryimage"},"image":{"@id":"https:\/\/noticiasemdestaque.com\/cd\/?p=45236#primaryimage"},"thumbnailUrl":"https:\/\/noticiasemdestaque.com\/cd\/wp-content\/uploads\/2021\/01\/felicio_queiroz-600x449-1.jpg","datePublished":"2023-01-04T14:17:46+00:00","dateModified":"2023-01-04T14:18:03+00:00","breadcrumb":{"@id":"https:\/\/noticiasemdestaque.com\/cd\/?p=45236#breadcrumb"},"inLanguage":"pt-BR","potentialAction":[{"@type":"ReadAction","target":["https:\/\/noticiasemdestaque.com\/cd\/?p=45236"]}]},{"@type":"ImageObject","inLanguage":"pt-BR","@id":"https:\/\/noticiasemdestaque.com\/cd\/?p=45236#primaryimage","url":"https:\/\/noticiasemdestaque.com\/cd\/wp-content\/uploads\/2021\/01\/felicio_queiroz-600x449-1.jpg","contentUrl":"https:\/\/noticiasemdestaque.com\/cd\/wp-content\/uploads\/2021\/01\/felicio_queiroz-600x449-1.jpg","width":600,"height":449},{"@type":"BreadcrumbList","@id":"https:\/\/noticiasemdestaque.com\/cd\/?p=45236#breadcrumb","itemListElement":[{"@type":"ListItem","position":1,"name":"In\u00edcio","item":"https:\/\/noticiasemdestaque.com\/cd\/"},{"@type":"ListItem","position":2,"name":"Prefeito Fel\u00edcio Queiroz faz mudan\u00e7as de secretariado, em S\u00e3o Jos\u00e9 dos Cordeiros"}]},{"@type":"WebSite","@id":"https:\/\/noticiasemdestaque.com\/cd\/#website","url":"https:\/\/noticiasemdestaque.com\/cd\/","name":"Not&iacute;cias em Destaque","description":"","publisher":{"@id":"https:\/\/noticiasemdestaque.com\/cd\/#organization"},"potentialAction":[{"@type":"SearchAction","target":{"@type":"EntryPoint","urlTemplate":"https:\/\/noticiasemdestaque.com\/cd\/?s={search_term_string}"},"query-input":{"@type":"PropertyValueSpecification","valueRequired":true,"valueName":"search_term_string"}}],"inLanguage":"pt-BR"},{"@type":"Organization","@id":"https:\/\/noticiasemdestaque.com\/cd\/#organization","name":"Not\u00edcias em Destaque","url":"https:\/\/noticiasemdestaque.com\/cd\/","logo":{"@type":"ImageObject","inLanguage":"pt-BR","@id":"https:\/\/noticiasemdestaque.com\/cd\/#\/schema\/logo\/image\/","url":"https:\/\/noticiasemdestaque.com\/cd\/wp-content\/uploads\/2022\/05\/imagem-base-noticiasemdestaque.png","contentUrl":"https:\/\/noticiasemdestaque.com\/cd\/wp-content\/uploads\/2022\/05\/imagem-base-noticiasemdestaque.png","width":1200,"height":630,"caption":"Not\u00edcias em Destaque"},"image":{"@id":"https:\/\/noticiasemdestaque.com\/cd\/#\/schema\/logo\/image\/"}},{"@type":"Person","@id":"https:\/\/noticiasemdestaque.com\/cd\/#\/schema\/person\/47f7d4f55eec17c6b2ca036c5500f6ce","name":"Not\u00edcias em Destaque","url":"https:\/\/noticiasemdestaque.com\/cd\/?author=2"}]}},"jetpack_featured_media_url":"https:\/\/noticiasemdestaque.com\/cd\/wp-content\/uploads\/2021\/01\/felicio_queiroz-600x449-1.jpg","jetpack_sharing_enabled":true,"_links":{"self":[{"href":"https:\/\/noticiasemdestaque.com\/cd\/index.php?rest_route=\/wp\/v2\/posts\/45236","targetHints":{"allow":["GET"]}}],"collection":[{"href":"https:\/\/noticiasemdestaque.com\/cd\/index.php?rest_route=\/wp\/v2\/posts"}],"about":[{"href":"https:\/\/noticiasemdestaque.com\/cd\/index.php?rest_route=\/wp\/v2\/types\/post"}],"author":[{"embeddable":true,"href":"https:\/\/noticiasemdestaque.com\/cd\/index.php?rest_route=\/wp\/v2\/users\/2"}],"replies":[{"embeddable":true,"href":"https:\/\/noticiasemdestaque.com\/cd\/index.php?rest_route=%2Fwp%2Fv2%2Fcomments&post=45236"}],"version-history":[{"count":1,"href":"https:\/\/noticiasemdestaque.com\/cd\/index.php?rest_route=\/wp\/v2\/posts\/45236\/revisions"}],"predecessor-version":[{"id":45238,"href":"https:\/\/noticiasemdestaque.com\/cd\/index.php?rest_route=\/wp\/v2\/posts\/45236\/revisions\/45238"}],"wp:featuredmedia":[{"embeddable":true,"href":"https:\/\/noticiasemdestaque.com\/cd\/index.php?rest_route=\/wp\/v2\/media\/28783"}],"wp:attachment":[{"href":"https:\/\/noticiasemdestaque.com\/cd\/index.php?rest_route=%2Fwp%2Fv2%2Fmedia&parent=45236"}],"wp:term":[{"taxonomy":"category","embeddable":true,"href":"https:\/\/noticiasemdestaque.com\/cd\/index.php?rest_route=%2Fwp%2Fv2%2Fcategories&post=45236"},{"taxonomy":"post_tag","embeddable":true,"href":"https:\/\/noticiasemdestaque.com\/cd\/index.php?rest_route=%2Fwp%2Fv2%2Ftags&post=45236"}],"curies":[{"name":"wp","href":"https:\/\/api.w.org\/{rel}","templated":true}]}}