{"id":4522,"date":"2017-09-21T20:08:36","date_gmt":"2017-09-21T23:08:36","guid":{"rendered":"http:\/\/caririemdestaque.com\/cd\/?p=4522"},"modified":"2017-09-21T20:10:08","modified_gmt":"2017-09-21T23:10:08","slug":"apos-apelos-de-vereadores-de-amparo-tem-inicio-recuperacao-da-estrada-que-liga-amparosume","status":"publish","type":"post","link":"https:\/\/noticiasemdestaque.com\/cd\/?p=4522","title":{"rendered":"Ap\u00f3s apelos de vereadores, tem inicio recupera\u00e7\u00e3o da estrada que liga Amparo\/Sum\u00e9."},"content":{"rendered":"<p><a href=\"http:\/\/caririemdestaque.com\/cd\/wp-content\/uploads\/2017\/09\/21761874_329636097447728_1024765236985254489_n.jpg\"><img fetchpriority=\"high\" decoding=\"async\" class=\"alignleft wp-image-4524 size-medium\" src=\"http:\/\/caririemdestaque.com\/cd\/wp-content\/uploads\/2017\/09\/21761874_329636097447728_1024765236985254489_n-300x169.jpg\" alt=\"\" width=\"300\" height=\"169\" srcset=\"https:\/\/noticiasemdestaque.com\/cd\/wp-content\/uploads\/2017\/09\/21761874_329636097447728_1024765236985254489_n-300x169.jpg 300w, https:\/\/noticiasemdestaque.com\/cd\/wp-content\/uploads\/2017\/09\/21761874_329636097447728_1024765236985254489_n-768x432.jpg 768w, https:\/\/noticiasemdestaque.com\/cd\/wp-content\/uploads\/2017\/09\/21761874_329636097447728_1024765236985254489_n.jpg 960w\" sizes=\"(max-width: 300px) 100vw, 300px\" \/><\/a>O DER-Departamento de Estradas e Rodagem come\u00e7ou nesta ter\u00e7a feira (20\/09) os trabalhos de recupera\u00e7\u00e3o da estrada que liga Amparo at\u00e9 o munic\u00edpio de Sum\u00e9.<\/p>\n<p>Os vereadores que fazem oposi\u00e7\u00e3o na C\u00e2mara Municipal de Amparo participaram de uma reuni\u00e3o com o Diretor do DER no Estado Dr Carlos Pereira que se prontificou na realiza\u00e7\u00e3o da obra.<\/p>\n<p>Estiveram na oportunidade os vereadores Maria Pedrosa (Presidente da Casa), Fernando Severo, Edvaldo Cacheado, Nelson Brito, Fernando Fernandes e Dr\u00ba Jo\u00e3o Lu\u00eds.<\/p>\n<p>Tamb\u00e9m estiveram presente ao encontro o ex-prefeito Ivanildo Soares, e o Deputado Estadual Trocoli Junior que <a href=\"http:\/\/caririemdestaque.com\/cd\/wp-content\/uploads\/2017\/09\/21687520_329636164114388_1703892496943614393_n.jpg\"><img decoding=\"async\" class=\"alignright wp-image-4523 size-medium\" src=\"http:\/\/caririemdestaque.com\/cd\/wp-content\/uploads\/2017\/09\/21687520_329636164114388_1703892496943614393_n-300x286.jpg\" alt=\"\" width=\"300\" height=\"286\" srcset=\"https:\/\/noticiasemdestaque.com\/cd\/wp-content\/uploads\/2017\/09\/21687520_329636164114388_1703892496943614393_n-300x286.jpg 300w, https:\/\/noticiasemdestaque.com\/cd\/wp-content\/uploads\/2017\/09\/21687520_329636164114388_1703892496943614393_n.jpg 540w\" sizes=\"(max-width: 300px) 100vw, 300px\" \/><\/a>viabilizou todo encontro e se colocou \u00e0 disposi\u00e7\u00e3o para ajudar o munic\u00edpio de Amparo.<\/p>\n<p>Os vereadores estiveram com o prefeito de Sum\u00e9 \u00c9den Duarte que deu todo apoio, o Diretor do DER Lamartine Vieira, juntamente a Prefeitura de Amparo, e o Secret\u00e1rio de Transportes Osmando.<\/p>\n<p>Segundo a presidente da C\u00e2mara de Amparo, foram diversas reuni\u00f5es, mas que com a sensibilidade do Governador a estrada ser\u00e1 totalmente recuperada, aproveitou para agradecer tamb\u00e9m a todos os parceiros.<\/p>\n<p>O vereador Fernadinho Severo disse que agora a realiza\u00e7\u00e3o da obra passa a ser uma realidade e a popula\u00e7\u00e3o \u00e9 quem ganha.<\/p>\n<p>O vereador Nelson agradeceu ao governador e o empenho do Deputado Trocolli Junior, pela sua luta em favor de Amparo.<\/p>\n<p>Edvaldo Cacheado tamb\u00e9m agradeceu a parceria do Governo do Estado e estava muito feliz com essa grande a\u00e7\u00e3o.<\/p>\n<p>Dr\u00ba Joao Lu\u00eds e Fernando Fernades, tamb\u00e9m agradeceram as parcerias e disseram que a c\u00e2mara de vereadores estar\u00e1 sempre a servi\u00e7o da popula\u00e7\u00e3o.<\/p>\n<p><strong><em>Cariri em Destaque<\/em><\/strong><\/p>\n<p>Com C\u00e9sar Alexandre<\/p>\n","protected":false},"excerpt":{"rendered":"<p>O DER-Departamento de Estradas e Rodagem come\u00e7ou nesta ter\u00e7a feira (20\/09) os trabalhos de recupera\u00e7\u00e3o da estrada que liga Amparo at\u00e9 o munic\u00edpio de Sum\u00e9. Os vereadores que fazem oposi\u00e7\u00e3o na C\u00e2mara Municipal de Amparo participaram de uma reuni\u00e3o com o Diretor do DER no Estado Dr Carlos Pereira que se prontificou na realiza\u00e7\u00e3o da obra. Estiveram na oportunidade os vereadores Maria Pedrosa (Presidente da Casa), Fernando Severo, Edvaldo Cacheado, Nelson Brito, Fernando Fernandes e Dr\u00ba Jo\u00e3o Lu\u00eds. Tamb\u00e9m estiveram presente ao encontro o ex-prefeito Ivanildo Soares, e o Deputado Estadual Trocoli Junior que viabilizou todo encontro e se colocou \u00e0 disposi\u00e7\u00e3o para ajudar o munic\u00edpio de Amparo. Os vereadores estiveram com o prefeito de Sum\u00e9 \u00c9den Duarte que deu todo apoio, o Diretor do DER Lamartine Vieira, juntamente a Prefeitura de Amparo, e o Secret\u00e1rio de Transportes Osmando. Segundo a presidente da C\u00e2mara de Amparo, foram diversas reuni\u00f5es, mas que com a sensibilidade do Governador a estrada ser\u00e1 totalmente recuperada, aproveitou para agradecer tamb\u00e9m a todos os parceiros. O vereador Fernadinho Severo disse que agora a realiza\u00e7\u00e3o da obra passa a ser uma realidade e a popula\u00e7\u00e3o \u00e9 quem ganha. O vereador Nelson agradeceu ao governador e o empenho do Deputado Trocolli Junior, pela sua luta em favor de Amparo. Edvaldo Cacheado tamb\u00e9m agradeceu a parceria do Governo do Estado e estava muito feliz com essa grande a\u00e7\u00e3o. Dr\u00ba Joao Lu\u00eds e Fernando Fernades, tamb\u00e9m agradeceram as parcerias e disseram que a c\u00e2mara de vereadores estar\u00e1 sempre a servi\u00e7o da popula\u00e7\u00e3o. Cariri em Destaque Com C\u00e9sar Alexandre<\/p>\n","protected":false},"author":2,"featured_media":4525,"comment_status":"closed","ping_status":"open","sticky":false,"template":"","format":"standard","meta":{"_eb_attr":"","_jetpack_memberships_contains_paid_content":false,"footnotes":""},"categories":[4],"tags":[],"class_list":["post-4522","post","type-post","status-publish","format-standard","has-post-thumbnail","hentry","category-politica"],"yoast_head":"<!-- This site is optimized with the Yoast SEO plugin v26.5 - https:\/\/yoast.com\/wordpress\/plugins\/seo\/ -->\n<title>Ap\u00f3s apelos de vereadores, tem inicio recupera\u00e7\u00e3o da estrada que liga Amparo\/Sum\u00e9. - Not&iacute;cias em Destaque<\/title>\n<meta name=\"robots\" content=\"index, follow, max-snippet:-1, max-image-preview:large, max-video-preview:-1\" \/>\n<link rel=\"canonical\" href=\"https:\/\/noticiasemdestaque.com\/cd\/?p=4522\" \/>\n<meta property=\"og:locale\" content=\"pt_BR\" \/>\n<meta property=\"og:type\" content=\"article\" \/>\n<meta property=\"og:title\" content=\"Ap\u00f3s apelos de vereadores, tem inicio recupera\u00e7\u00e3o da estrada que liga Amparo\/Sum\u00e9. - Not&iacute;cias em Destaque\" \/>\n<meta property=\"og:description\" content=\"O DER-Departamento de Estradas e Rodagem come\u00e7ou nesta ter\u00e7a feira (20\/09) os trabalhos de recupera\u00e7\u00e3o da estrada que liga Amparo at\u00e9 o munic\u00edpio de Sum\u00e9. Os vereadores que fazem oposi\u00e7\u00e3o na C\u00e2mara Municipal de Amparo participaram de uma reuni\u00e3o com o Diretor do DER no Estado Dr Carlos Pereira que se prontificou na realiza\u00e7\u00e3o da obra. Estiveram na oportunidade os vereadores Maria Pedrosa (Presidente da Casa), Fernando Severo, Edvaldo Cacheado, Nelson Brito, Fernando Fernandes e Dr\u00ba Jo\u00e3o Lu\u00eds. Tamb\u00e9m estiveram presente ao encontro o ex-prefeito Ivanildo Soares, e o Deputado Estadual Trocoli Junior que viabilizou todo encontro e se colocou \u00e0 disposi\u00e7\u00e3o para ajudar o munic\u00edpio de Amparo. Os vereadores estiveram com o prefeito de Sum\u00e9 \u00c9den Duarte que deu todo apoio, o Diretor do DER Lamartine Vieira, juntamente a Prefeitura de Amparo, e o Secret\u00e1rio de Transportes Osmando. Segundo a presidente da C\u00e2mara de Amparo, foram diversas reuni\u00f5es, mas que com a sensibilidade do Governador a estrada ser\u00e1 totalmente recuperada, aproveitou para agradecer tamb\u00e9m a todos os parceiros. O vereador Fernadinho Severo disse que agora a realiza\u00e7\u00e3o da obra passa a ser uma realidade e a popula\u00e7\u00e3o \u00e9 quem ganha. O vereador Nelson agradeceu ao governador e o empenho do Deputado Trocolli Junior, pela sua luta em favor de Amparo. Edvaldo Cacheado tamb\u00e9m agradeceu a parceria do Governo do Estado e estava muito feliz com essa grande a\u00e7\u00e3o. Dr\u00ba Joao Lu\u00eds e Fernando Fernades, tamb\u00e9m agradeceram as parcerias e disseram que a c\u00e2mara de vereadores estar\u00e1 sempre a servi\u00e7o da popula\u00e7\u00e3o. Cariri em Destaque Com C\u00e9sar Alexandre\" \/>\n<meta property=\"og:url\" content=\"https:\/\/noticiasemdestaque.com\/cd\/?p=4522\" \/>\n<meta property=\"og:site_name\" content=\"Not&iacute;cias em Destaque\" \/>\n<meta property=\"article:published_time\" content=\"2017-09-21T23:08:36+00:00\" \/>\n<meta property=\"article:modified_time\" content=\"2017-09-21T23:10:08+00:00\" \/>\n<meta property=\"og:image\" content=\"https:\/\/noticiasemdestaque.com\/cd\/wp-content\/uploads\/2017\/09\/21617942_329636220781049_128794103176801518_n.jpg\" \/>\n\t<meta property=\"og:image:width\" content=\"960\" \/>\n\t<meta property=\"og:image:height\" content=\"540\" \/>\n\t<meta property=\"og:image:type\" content=\"image\/jpeg\" \/>\n<meta name=\"author\" content=\"Not\u00edcias em Destaque\" \/>\n<meta name=\"twitter:card\" content=\"summary_large_image\" \/>\n<meta name=\"twitter:label1\" content=\"Escrito por\" \/>\n\t<meta name=\"twitter:data1\" content=\"Not\u00edcias em Destaque\" \/>\n\t<meta name=\"twitter:label2\" content=\"Est. tempo de leitura\" \/>\n\t<meta name=\"twitter:data2\" content=\"1 minuto\" \/>\n<script type=\"application\/ld+json\" class=\"yoast-schema-graph\">{\"@context\":\"https:\/\/schema.org\",\"@graph\":[{\"@type\":\"Article\",\"@id\":\"https:\/\/noticiasemdestaque.com\/cd\/?p=4522#article\",\"isPartOf\":{\"@id\":\"https:\/\/noticiasemdestaque.com\/cd\/?p=4522\"},\"author\":{\"name\":\"Not\u00edcias em Destaque\",\"@id\":\"https:\/\/noticiasemdestaque.com\/cd\/#\/schema\/person\/21320b03a7e8bb90128938dafc9b908a\"},\"headline\":\"Ap\u00f3s apelos de vereadores, tem inicio recupera\u00e7\u00e3o da estrada que liga Amparo\/Sum\u00e9.\",\"datePublished\":\"2017-09-21T23:08:36+00:00\",\"dateModified\":\"2017-09-21T23:10:08+00:00\",\"mainEntityOfPage\":{\"@id\":\"https:\/\/noticiasemdestaque.com\/cd\/?p=4522\"},\"wordCount\":297,\"publisher\":{\"@id\":\"https:\/\/noticiasemdestaque.com\/cd\/#organization\"},\"image\":{\"@id\":\"https:\/\/noticiasemdestaque.com\/cd\/?p=4522#primaryimage\"},\"thumbnailUrl\":\"https:\/\/noticiasemdestaque.com\/cd\/wp-content\/uploads\/2017\/09\/21617942_329636220781049_128794103176801518_n.jpg\",\"articleSection\":[\"Pol\u00edtica\"],\"inLanguage\":\"pt-BR\"},{\"@type\":\"WebPage\",\"@id\":\"https:\/\/noticiasemdestaque.com\/cd\/?p=4522\",\"url\":\"https:\/\/noticiasemdestaque.com\/cd\/?p=4522\",\"name\":\"Ap\u00f3s apelos de vereadores, tem inicio recupera\u00e7\u00e3o da estrada que liga Amparo\/Sum\u00e9. - Not&iacute;cias em Destaque\",\"isPartOf\":{\"@id\":\"https:\/\/noticiasemdestaque.com\/cd\/#website\"},\"primaryImageOfPage\":{\"@id\":\"https:\/\/noticiasemdestaque.com\/cd\/?p=4522#primaryimage\"},\"image\":{\"@id\":\"https:\/\/noticiasemdestaque.com\/cd\/?p=4522#primaryimage\"},\"thumbnailUrl\":\"https:\/\/noticiasemdestaque.com\/cd\/wp-content\/uploads\/2017\/09\/21617942_329636220781049_128794103176801518_n.jpg\",\"datePublished\":\"2017-09-21T23:08:36+00:00\",\"dateModified\":\"2017-09-21T23:10:08+00:00\",\"breadcrumb\":{\"@id\":\"https:\/\/noticiasemdestaque.com\/cd\/?p=4522#breadcrumb\"},\"inLanguage\":\"pt-BR\",\"potentialAction\":[{\"@type\":\"ReadAction\",\"target\":[\"https:\/\/noticiasemdestaque.com\/cd\/?p=4522\"]}]},{\"@type\":\"ImageObject\",\"inLanguage\":\"pt-BR\",\"@id\":\"https:\/\/noticiasemdestaque.com\/cd\/?p=4522#primaryimage\",\"url\":\"https:\/\/noticiasemdestaque.com\/cd\/wp-content\/uploads\/2017\/09\/21617942_329636220781049_128794103176801518_n.jpg\",\"contentUrl\":\"https:\/\/noticiasemdestaque.com\/cd\/wp-content\/uploads\/2017\/09\/21617942_329636220781049_128794103176801518_n.jpg\",\"width\":960,\"height\":540},{\"@type\":\"BreadcrumbList\",\"@id\":\"https:\/\/noticiasemdestaque.com\/cd\/?p=4522#breadcrumb\",\"itemListElement\":[{\"@type\":\"ListItem\",\"position\":1,\"name\":\"In\u00edcio\",\"item\":\"https:\/\/noticiasemdestaque.com\/cd\/\"},{\"@type\":\"ListItem\",\"position\":2,\"name\":\"Ap\u00f3s apelos de vereadores, tem inicio recupera\u00e7\u00e3o da estrada que liga Amparo\/Sum\u00e9.\"}]},{\"@type\":\"WebSite\",\"@id\":\"https:\/\/noticiasemdestaque.com\/cd\/#website\",\"url\":\"https:\/\/noticiasemdestaque.com\/cd\/\",\"name\":\"Not&iacute;cias em Destaque\",\"description\":\"\",\"publisher\":{\"@id\":\"https:\/\/noticiasemdestaque.com\/cd\/#organization\"},\"potentialAction\":[{\"@type\":\"SearchAction\",\"target\":{\"@type\":\"EntryPoint\",\"urlTemplate\":\"https:\/\/noticiasemdestaque.com\/cd\/?s={search_term_string}\"},\"query-input\":{\"@type\":\"PropertyValueSpecification\",\"valueRequired\":true,\"valueName\":\"search_term_string\"}}],\"inLanguage\":\"pt-BR\"},{\"@type\":\"Organization\",\"@id\":\"https:\/\/noticiasemdestaque.com\/cd\/#organization\",\"name\":\"Not\u00edcias em Destaque\",\"url\":\"https:\/\/noticiasemdestaque.com\/cd\/\",\"logo\":{\"@type\":\"ImageObject\",\"inLanguage\":\"pt-BR\",\"@id\":\"https:\/\/noticiasemdestaque.com\/cd\/#\/schema\/logo\/image\/\",\"url\":\"https:\/\/noticiasemdestaque.com\/cd\/wp-content\/uploads\/2022\/05\/imagem-base-noticiasemdestaque.png\",\"contentUrl\":\"https:\/\/noticiasemdestaque.com\/cd\/wp-content\/uploads\/2022\/05\/imagem-base-noticiasemdestaque.png\",\"width\":1200,\"height\":630,\"caption\":\"Not\u00edcias em Destaque\"},\"image\":{\"@id\":\"https:\/\/noticiasemdestaque.com\/cd\/#\/schema\/logo\/image\/\"}},{\"@type\":\"Person\",\"@id\":\"https:\/\/noticiasemdestaque.com\/cd\/#\/schema\/person\/21320b03a7e8bb90128938dafc9b908a\",\"name\":\"Not\u00edcias em Destaque\",\"url\":\"https:\/\/noticiasemdestaque.com\/cd\/?author=2\"}]}<\/script>\n<!-- \/ Yoast SEO plugin. -->","yoast_head_json":{"title":"Ap\u00f3s apelos de vereadores, tem inicio recupera\u00e7\u00e3o da estrada que liga Amparo\/Sum\u00e9. - Not&iacute;cias em Destaque","robots":{"index":"index","follow":"follow","max-snippet":"max-snippet:-1","max-image-preview":"max-image-preview:large","max-video-preview":"max-video-preview:-1"},"canonical":"https:\/\/noticiasemdestaque.com\/cd\/?p=4522","og_locale":"pt_BR","og_type":"article","og_title":"Ap\u00f3s apelos de vereadores, tem inicio recupera\u00e7\u00e3o da estrada que liga Amparo\/Sum\u00e9. - Not&iacute;cias em Destaque","og_description":"O DER-Departamento de Estradas e Rodagem come\u00e7ou nesta ter\u00e7a feira (20\/09) os trabalhos de recupera\u00e7\u00e3o da estrada que liga Amparo at\u00e9 o munic\u00edpio de Sum\u00e9. Os vereadores que fazem oposi\u00e7\u00e3o na C\u00e2mara Municipal de Amparo participaram de uma reuni\u00e3o com o Diretor do DER no Estado Dr Carlos Pereira que se prontificou na realiza\u00e7\u00e3o da obra. Estiveram na oportunidade os vereadores Maria Pedrosa (Presidente da Casa), Fernando Severo, Edvaldo Cacheado, Nelson Brito, Fernando Fernandes e Dr\u00ba Jo\u00e3o Lu\u00eds. Tamb\u00e9m estiveram presente ao encontro o ex-prefeito Ivanildo Soares, e o Deputado Estadual Trocoli Junior que viabilizou todo encontro e se colocou \u00e0 disposi\u00e7\u00e3o para ajudar o munic\u00edpio de Amparo. Os vereadores estiveram com o prefeito de Sum\u00e9 \u00c9den Duarte que deu todo apoio, o Diretor do DER Lamartine Vieira, juntamente a Prefeitura de Amparo, e o Secret\u00e1rio de Transportes Osmando. Segundo a presidente da C\u00e2mara de Amparo, foram diversas reuni\u00f5es, mas que com a sensibilidade do Governador a estrada ser\u00e1 totalmente recuperada, aproveitou para agradecer tamb\u00e9m a todos os parceiros. O vereador Fernadinho Severo disse que agora a realiza\u00e7\u00e3o da obra passa a ser uma realidade e a popula\u00e7\u00e3o \u00e9 quem ganha. O vereador Nelson agradeceu ao governador e o empenho do Deputado Trocolli Junior, pela sua luta em favor de Amparo. Edvaldo Cacheado tamb\u00e9m agradeceu a parceria do Governo do Estado e estava muito feliz com essa grande a\u00e7\u00e3o. Dr\u00ba Joao Lu\u00eds e Fernando Fernades, tamb\u00e9m agradeceram as parcerias e disseram que a c\u00e2mara de vereadores estar\u00e1 sempre a servi\u00e7o da popula\u00e7\u00e3o. Cariri em Destaque Com C\u00e9sar Alexandre","og_url":"https:\/\/noticiasemdestaque.com\/cd\/?p=4522","og_site_name":"Not&iacute;cias em Destaque","article_published_time":"2017-09-21T23:08:36+00:00","article_modified_time":"2017-09-21T23:10:08+00:00","og_image":[{"width":960,"height":540,"url":"https:\/\/noticiasemdestaque.com\/cd\/wp-content\/uploads\/2017\/09\/21617942_329636220781049_128794103176801518_n.jpg","type":"image\/jpeg"}],"author":"Not\u00edcias em Destaque","twitter_card":"summary_large_image","twitter_misc":{"Escrito por":"Not\u00edcias em Destaque","Est. tempo de leitura":"1 minuto"},"schema":{"@context":"https:\/\/schema.org","@graph":[{"@type":"Article","@id":"https:\/\/noticiasemdestaque.com\/cd\/?p=4522#article","isPartOf":{"@id":"https:\/\/noticiasemdestaque.com\/cd\/?p=4522"},"author":{"name":"Not\u00edcias em Destaque","@id":"https:\/\/noticiasemdestaque.com\/cd\/#\/schema\/person\/21320b03a7e8bb90128938dafc9b908a"},"headline":"Ap\u00f3s apelos de vereadores, tem inicio recupera\u00e7\u00e3o da estrada que liga Amparo\/Sum\u00e9.","datePublished":"2017-09-21T23:08:36+00:00","dateModified":"2017-09-21T23:10:08+00:00","mainEntityOfPage":{"@id":"https:\/\/noticiasemdestaque.com\/cd\/?p=4522"},"wordCount":297,"publisher":{"@id":"https:\/\/noticiasemdestaque.com\/cd\/#organization"},"image":{"@id":"https:\/\/noticiasemdestaque.com\/cd\/?p=4522#primaryimage"},"thumbnailUrl":"https:\/\/noticiasemdestaque.com\/cd\/wp-content\/uploads\/2017\/09\/21617942_329636220781049_128794103176801518_n.jpg","articleSection":["Pol\u00edtica"],"inLanguage":"pt-BR"},{"@type":"WebPage","@id":"https:\/\/noticiasemdestaque.com\/cd\/?p=4522","url":"https:\/\/noticiasemdestaque.com\/cd\/?p=4522","name":"Ap\u00f3s apelos de vereadores, tem inicio recupera\u00e7\u00e3o da estrada que liga Amparo\/Sum\u00e9. - Not&iacute;cias em Destaque","isPartOf":{"@id":"https:\/\/noticiasemdestaque.com\/cd\/#website"},"primaryImageOfPage":{"@id":"https:\/\/noticiasemdestaque.com\/cd\/?p=4522#primaryimage"},"image":{"@id":"https:\/\/noticiasemdestaque.com\/cd\/?p=4522#primaryimage"},"thumbnailUrl":"https:\/\/noticiasemdestaque.com\/cd\/wp-content\/uploads\/2017\/09\/21617942_329636220781049_128794103176801518_n.jpg","datePublished":"2017-09-21T23:08:36+00:00","dateModified":"2017-09-21T23:10:08+00:00","breadcrumb":{"@id":"https:\/\/noticiasemdestaque.com\/cd\/?p=4522#breadcrumb"},"inLanguage":"pt-BR","potentialAction":[{"@type":"ReadAction","target":["https:\/\/noticiasemdestaque.com\/cd\/?p=4522"]}]},{"@type":"ImageObject","inLanguage":"pt-BR","@id":"https:\/\/noticiasemdestaque.com\/cd\/?p=4522#primaryimage","url":"https:\/\/noticiasemdestaque.com\/cd\/wp-content\/uploads\/2017\/09\/21617942_329636220781049_128794103176801518_n.jpg","contentUrl":"https:\/\/noticiasemdestaque.com\/cd\/wp-content\/uploads\/2017\/09\/21617942_329636220781049_128794103176801518_n.jpg","width":960,"height":540},{"@type":"BreadcrumbList","@id":"https:\/\/noticiasemdestaque.com\/cd\/?p=4522#breadcrumb","itemListElement":[{"@type":"ListItem","position":1,"name":"In\u00edcio","item":"https:\/\/noticiasemdestaque.com\/cd\/"},{"@type":"ListItem","position":2,"name":"Ap\u00f3s apelos de vereadores, tem inicio recupera\u00e7\u00e3o da estrada que liga Amparo\/Sum\u00e9."}]},{"@type":"WebSite","@id":"https:\/\/noticiasemdestaque.com\/cd\/#website","url":"https:\/\/noticiasemdestaque.com\/cd\/","name":"Not&iacute;cias em Destaque","description":"","publisher":{"@id":"https:\/\/noticiasemdestaque.com\/cd\/#organization"},"potentialAction":[{"@type":"SearchAction","target":{"@type":"EntryPoint","urlTemplate":"https:\/\/noticiasemdestaque.com\/cd\/?s={search_term_string}"},"query-input":{"@type":"PropertyValueSpecification","valueRequired":true,"valueName":"search_term_string"}}],"inLanguage":"pt-BR"},{"@type":"Organization","@id":"https:\/\/noticiasemdestaque.com\/cd\/#organization","name":"Not\u00edcias em Destaque","url":"https:\/\/noticiasemdestaque.com\/cd\/","logo":{"@type":"ImageObject","inLanguage":"pt-BR","@id":"https:\/\/noticiasemdestaque.com\/cd\/#\/schema\/logo\/image\/","url":"https:\/\/noticiasemdestaque.com\/cd\/wp-content\/uploads\/2022\/05\/imagem-base-noticiasemdestaque.png","contentUrl":"https:\/\/noticiasemdestaque.com\/cd\/wp-content\/uploads\/2022\/05\/imagem-base-noticiasemdestaque.png","width":1200,"height":630,"caption":"Not\u00edcias em Destaque"},"image":{"@id":"https:\/\/noticiasemdestaque.com\/cd\/#\/schema\/logo\/image\/"}},{"@type":"Person","@id":"https:\/\/noticiasemdestaque.com\/cd\/#\/schema\/person\/21320b03a7e8bb90128938dafc9b908a","name":"Not\u00edcias em Destaque","url":"https:\/\/noticiasemdestaque.com\/cd\/?author=2"}]}},"jetpack_featured_media_url":"https:\/\/noticiasemdestaque.com\/cd\/wp-content\/uploads\/2017\/09\/21617942_329636220781049_128794103176801518_n.jpg","jetpack_sharing_enabled":true,"_links":{"self":[{"href":"https:\/\/noticiasemdestaque.com\/cd\/index.php?rest_route=\/wp\/v2\/posts\/4522","targetHints":{"allow":["GET"]}}],"collection":[{"href":"https:\/\/noticiasemdestaque.com\/cd\/index.php?rest_route=\/wp\/v2\/posts"}],"about":[{"href":"https:\/\/noticiasemdestaque.com\/cd\/index.php?rest_route=\/wp\/v2\/types\/post"}],"author":[{"embeddable":true,"href":"https:\/\/noticiasemdestaque.com\/cd\/index.php?rest_route=\/wp\/v2\/users\/2"}],"replies":[{"embeddable":true,"href":"https:\/\/noticiasemdestaque.com\/cd\/index.php?rest_route=%2Fwp%2Fv2%2Fcomments&post=4522"}],"version-history":[{"count":2,"href":"https:\/\/noticiasemdestaque.com\/cd\/index.php?rest_route=\/wp\/v2\/posts\/4522\/revisions"}],"predecessor-version":[{"id":4527,"href":"https:\/\/noticiasemdestaque.com\/cd\/index.php?rest_route=\/wp\/v2\/posts\/4522\/revisions\/4527"}],"wp:featuredmedia":[{"embeddable":true,"href":"https:\/\/noticiasemdestaque.com\/cd\/index.php?rest_route=\/wp\/v2\/media\/4525"}],"wp:attachment":[{"href":"https:\/\/noticiasemdestaque.com\/cd\/index.php?rest_route=%2Fwp%2Fv2%2Fmedia&parent=4522"}],"wp:term":[{"taxonomy":"category","embeddable":true,"href":"https:\/\/noticiasemdestaque.com\/cd\/index.php?rest_route=%2Fwp%2Fv2%2Fcategories&post=4522"},{"taxonomy":"post_tag","embeddable":true,"href":"https:\/\/noticiasemdestaque.com\/cd\/index.php?rest_route=%2Fwp%2Fv2%2Ftags&post=4522"}],"curies":[{"name":"wp","href":"https:\/\/api.w.org\/{rel}","templated":true}]}}