{"id":45204,"date":"2023-01-02T17:34:27","date_gmt":"2023-01-02T20:34:27","guid":{"rendered":"https:\/\/noticiasemdestaque.com\/cd\/?p=45204"},"modified":"2023-01-02T17:34:27","modified_gmt":"2023-01-02T20:34:27","slug":"apos-mudanca-em-datas-de-posse-joao-azevedo-lula-e-outros-gestores-terao-governo-com-mais-de-quatro-anos","status":"publish","type":"post","link":"https:\/\/noticiasemdestaque.com\/cd\/?p=45204","title":{"rendered":"Ap\u00f3s mudan\u00e7a em datas de posse, Jo\u00e3o Azev\u00eado, Lula e outros gestores ter\u00e3o governo com mais de quatro anos"},"content":{"rendered":"<p><a href=\"https:\/\/noticiasemdestaque.com\/cd\/wp-content\/uploads\/2023\/01\/joao_azevedo_lucas_ribeiro_posse_01012023.jpeg\"><img fetchpriority=\"high\" decoding=\"async\" class=\"alignnone  wp-image-45205\" src=\"https:\/\/noticiasemdestaque.com\/cd\/wp-content\/uploads\/2023\/01\/joao_azevedo_lucas_ribeiro_posse_01012023-300x200.jpeg\" alt=\"\" width=\"1055\" height=\"703\" srcset=\"https:\/\/noticiasemdestaque.com\/cd\/wp-content\/uploads\/2023\/01\/joao_azevedo_lucas_ribeiro_posse_01012023-300x200.jpeg 300w, https:\/\/noticiasemdestaque.com\/cd\/wp-content\/uploads\/2023\/01\/joao_azevedo_lucas_ribeiro_posse_01012023-768x513.jpeg 768w, https:\/\/noticiasemdestaque.com\/cd\/wp-content\/uploads\/2023\/01\/joao_azevedo_lucas_ribeiro_posse_01012023-18x12.jpeg 18w, https:\/\/noticiasemdestaque.com\/cd\/wp-content\/uploads\/2023\/01\/joao_azevedo_lucas_ribeiro_posse_01012023.jpeg 876w\" sizes=\"(max-width: 1055px) 100vw, 1055px\" \/><\/a><\/p>\n<p>A cerim\u00f4nia de posse no dia 1\u00ba de janeiro de 2023 do governador Jo\u00e3o Azev\u00eado (PSB), de outros governadores estaduais e do presidente Lula (PT) marca o fim da tradi\u00e7\u00e3o que acontece desde 1995. Os pr\u00f3ximos eleitos para presidente ser\u00e3o empossados no dia 5 de janeiro de 2027, e governadores ser\u00e3o empossados no dia 6 de janeiro de 2027, e nessas mesmas datas em cada ano de posse que vir\u00e1.<\/p>\n<p>A mudan\u00e7a foi aprovada no Congresso, em 2021, atrav\u00e9s de emenda \u00e0 Constitui\u00e7\u00e3o. As cerim\u00f4nias de posse passaram a acontecer no dia 1\u00ba de janeiro, desde a Constitui\u00e7\u00e3o de 1988. Antes disso, houve diferentes datas de posse, como a de Fernando Collor, em 15 de mar\u00e7o de 1991.<\/p>\n<p>O primeiro presidente empossado no primeiro dia do ano foi Fernando Henrique Cardoso, em 1995. Oito presidentes j\u00e1 tomaram posse sempre no dia 1\u00ba de janeiro. Lula, em seu terceiro mandato, \u00e9 o \u00faltimo a ser empossado na data.<\/p>\n<p>A mudan\u00e7a dar\u00e1 mais que quatro anos de mandato ao governador Jo\u00e3o Azev\u00eado, aos demais governadores e ao presidente Lula, os quais governar\u00e3o por at\u00e9 quatro anos e cinco dias, no caso dos gestores estaduais.<\/p>\n<p>A altera\u00e7\u00e3o est\u00e1 relacionada com as rela\u00e7\u00f5es internacionais, j\u00e1 que o dia 1\u00ba de janeiro \u00e9 uma data concorrida e sempre provocou o desafio de se ter a presen\u00e7a de representantes de outros pa\u00edses nas posses presidenciais brasileiras, como explicou o cientista pol\u00edtico M\u00e1rcio Coimbra, \u00e0 R\u00e1dio Ag\u00eancia Nacional, em novembro de 2022.<\/p>\n<p><strong>Noticias em Destaque<\/strong><\/p>\n<p style=\"text-align: right;\"><em>Fonte: Click PB<\/em><\/p>\n","protected":false},"excerpt":{"rendered":"<p>A cerim\u00f4nia de posse no dia 1\u00ba de janeiro de 2023 do governador Jo\u00e3o Azev\u00eado (PSB), de outros governadores estaduais e do presidente Lula (PT) marca o fim da tradi\u00e7\u00e3o que acontece desde 1995. Os pr\u00f3ximos eleitos para presidente ser\u00e3o empossados no dia 5 de janeiro de 2027, e governadores ser\u00e3o empossados no dia 6 de janeiro de 2027, e nessas mesmas datas em cada ano de posse que vir\u00e1. A mudan\u00e7a foi aprovada no Congresso, em 2021, atrav\u00e9s de emenda \u00e0 Constitui\u00e7\u00e3o. As cerim\u00f4nias de posse passaram a acontecer no dia 1\u00ba de janeiro, desde a Constitui\u00e7\u00e3o de 1988. Antes disso, houve diferentes datas de posse, como a de Fernando Collor, em 15 de mar\u00e7o de 1991. O primeiro presidente empossado no primeiro dia do ano foi Fernando Henrique Cardoso, em 1995. Oito presidentes j\u00e1 tomaram posse sempre no dia 1\u00ba de janeiro. Lula, em seu terceiro mandato, \u00e9 o \u00faltimo a ser empossado na data. A mudan\u00e7a dar\u00e1 mais que quatro anos de mandato ao governador Jo\u00e3o Azev\u00eado, aos demais governadores e ao presidente Lula, os quais governar\u00e3o por at\u00e9 quatro anos e cinco dias, no caso dos gestores estaduais. A altera\u00e7\u00e3o est\u00e1 relacionada com as rela\u00e7\u00f5es internacionais, j\u00e1 que o dia 1\u00ba de janeiro \u00e9 uma data concorrida e sempre provocou o desafio de se ter a presen\u00e7a de representantes de outros pa\u00edses nas posses presidenciais brasileiras, como explicou o cientista pol\u00edtico M\u00e1rcio Coimbra, \u00e0 R\u00e1dio Ag\u00eancia Nacional, em novembro de 2022. Noticias em Destaque Fonte: Click PB<\/p>\n","protected":false},"author":2,"featured_media":45205,"comment_status":"closed","ping_status":"open","sticky":false,"template":"","format":"standard","meta":{"_eb_attr":"","_jetpack_memberships_contains_paid_content":false,"footnotes":""},"categories":[12],"tags":[],"class_list":["post-45204","post","type-post","status-publish","format-standard","has-post-thumbnail","hentry","category-geral"],"yoast_head":"<!-- This site is optimized with the Yoast SEO plugin v26.5 - https:\/\/yoast.com\/wordpress\/plugins\/seo\/ -->\n<title>Ap\u00f3s mudan\u00e7a em datas de posse, Jo\u00e3o Azev\u00eado, Lula e outros gestores ter\u00e3o governo com mais de quatro anos - Not&iacute;cias em Destaque<\/title>\n<meta name=\"robots\" content=\"index, follow, max-snippet:-1, max-image-preview:large, max-video-preview:-1\" \/>\n<link rel=\"canonical\" href=\"https:\/\/noticiasemdestaque.com\/cd\/?p=45204\" \/>\n<meta property=\"og:locale\" content=\"pt_BR\" \/>\n<meta property=\"og:type\" content=\"article\" \/>\n<meta property=\"og:title\" content=\"Ap\u00f3s mudan\u00e7a em datas de posse, Jo\u00e3o Azev\u00eado, Lula e outros gestores ter\u00e3o governo com mais de quatro anos - Not&iacute;cias em Destaque\" \/>\n<meta property=\"og:description\" content=\"A cerim\u00f4nia de posse no dia 1\u00ba de janeiro de 2023 do governador Jo\u00e3o Azev\u00eado (PSB), de outros governadores estaduais e do presidente Lula (PT) marca o fim da tradi\u00e7\u00e3o que acontece desde 1995. Os pr\u00f3ximos eleitos para presidente ser\u00e3o empossados no dia 5 de janeiro de 2027, e governadores ser\u00e3o empossados no dia 6 de janeiro de 2027, e nessas mesmas datas em cada ano de posse que vir\u00e1. A mudan\u00e7a foi aprovada no Congresso, em 2021, atrav\u00e9s de emenda \u00e0 Constitui\u00e7\u00e3o. As cerim\u00f4nias de posse passaram a acontecer no dia 1\u00ba de janeiro, desde a Constitui\u00e7\u00e3o de 1988. Antes disso, houve diferentes datas de posse, como a de Fernando Collor, em 15 de mar\u00e7o de 1991. O primeiro presidente empossado no primeiro dia do ano foi Fernando Henrique Cardoso, em 1995. Oito presidentes j\u00e1 tomaram posse sempre no dia 1\u00ba de janeiro. Lula, em seu terceiro mandato, \u00e9 o \u00faltimo a ser empossado na data. A mudan\u00e7a dar\u00e1 mais que quatro anos de mandato ao governador Jo\u00e3o Azev\u00eado, aos demais governadores e ao presidente Lula, os quais governar\u00e3o por at\u00e9 quatro anos e cinco dias, no caso dos gestores estaduais. A altera\u00e7\u00e3o est\u00e1 relacionada com as rela\u00e7\u00f5es internacionais, j\u00e1 que o dia 1\u00ba de janeiro \u00e9 uma data concorrida e sempre provocou o desafio de se ter a presen\u00e7a de representantes de outros pa\u00edses nas posses presidenciais brasileiras, como explicou o cientista pol\u00edtico M\u00e1rcio Coimbra, \u00e0 R\u00e1dio Ag\u00eancia Nacional, em novembro de 2022. Noticias em Destaque Fonte: Click PB\" \/>\n<meta property=\"og:url\" content=\"https:\/\/noticiasemdestaque.com\/cd\/?p=45204\" \/>\n<meta property=\"og:site_name\" content=\"Not&iacute;cias em Destaque\" \/>\n<meta property=\"article:published_time\" content=\"2023-01-02T20:34:27+00:00\" \/>\n<meta property=\"og:image\" content=\"https:\/\/noticiasemdestaque.com\/cd\/wp-content\/uploads\/2023\/01\/joao_azevedo_lucas_ribeiro_posse_01012023.jpeg\" \/>\n\t<meta property=\"og:image:width\" content=\"876\" \/>\n\t<meta property=\"og:image:height\" content=\"585\" \/>\n\t<meta property=\"og:image:type\" content=\"image\/jpeg\" \/>\n<meta name=\"author\" content=\"Not\u00edcias em Destaque\" \/>\n<meta name=\"twitter:card\" content=\"summary_large_image\" \/>\n<meta name=\"twitter:label1\" content=\"Escrito por\" \/>\n\t<meta name=\"twitter:data1\" content=\"Not\u00edcias em Destaque\" \/>\n\t<meta name=\"twitter:label2\" content=\"Est. tempo de leitura\" \/>\n\t<meta name=\"twitter:data2\" content=\"2 minutos\" \/>\n<script type=\"application\/ld+json\" class=\"yoast-schema-graph\">{\"@context\":\"https:\/\/schema.org\",\"@graph\":[{\"@type\":\"Article\",\"@id\":\"https:\/\/noticiasemdestaque.com\/cd\/?p=45204#article\",\"isPartOf\":{\"@id\":\"https:\/\/noticiasemdestaque.com\/cd\/?p=45204\"},\"author\":{\"name\":\"Not\u00edcias em Destaque\",\"@id\":\"https:\/\/noticiasemdestaque.com\/cd\/#\/schema\/person\/47f7d4f55eec17c6b2ca036c5500f6ce\"},\"headline\":\"Ap\u00f3s mudan\u00e7a em datas de posse, Jo\u00e3o Azev\u00eado, Lula e outros gestores ter\u00e3o governo com mais de quatro anos\",\"datePublished\":\"2023-01-02T20:34:27+00:00\",\"mainEntityOfPage\":{\"@id\":\"https:\/\/noticiasemdestaque.com\/cd\/?p=45204\"},\"wordCount\":280,\"publisher\":{\"@id\":\"https:\/\/noticiasemdestaque.com\/cd\/#organization\"},\"image\":{\"@id\":\"https:\/\/noticiasemdestaque.com\/cd\/?p=45204#primaryimage\"},\"thumbnailUrl\":\"https:\/\/noticiasemdestaque.com\/cd\/wp-content\/uploads\/2023\/01\/joao_azevedo_lucas_ribeiro_posse_01012023.jpeg\",\"articleSection\":[\"Geral\"],\"inLanguage\":\"pt-BR\"},{\"@type\":\"WebPage\",\"@id\":\"https:\/\/noticiasemdestaque.com\/cd\/?p=45204\",\"url\":\"https:\/\/noticiasemdestaque.com\/cd\/?p=45204\",\"name\":\"Ap\u00f3s mudan\u00e7a em datas de posse, Jo\u00e3o Azev\u00eado, Lula e outros gestores ter\u00e3o governo com mais de quatro anos - Not&iacute;cias em Destaque\",\"isPartOf\":{\"@id\":\"https:\/\/noticiasemdestaque.com\/cd\/#website\"},\"primaryImageOfPage\":{\"@id\":\"https:\/\/noticiasemdestaque.com\/cd\/?p=45204#primaryimage\"},\"image\":{\"@id\":\"https:\/\/noticiasemdestaque.com\/cd\/?p=45204#primaryimage\"},\"thumbnailUrl\":\"https:\/\/noticiasemdestaque.com\/cd\/wp-content\/uploads\/2023\/01\/joao_azevedo_lucas_ribeiro_posse_01012023.jpeg\",\"datePublished\":\"2023-01-02T20:34:27+00:00\",\"breadcrumb\":{\"@id\":\"https:\/\/noticiasemdestaque.com\/cd\/?p=45204#breadcrumb\"},\"inLanguage\":\"pt-BR\",\"potentialAction\":[{\"@type\":\"ReadAction\",\"target\":[\"https:\/\/noticiasemdestaque.com\/cd\/?p=45204\"]}]},{\"@type\":\"ImageObject\",\"inLanguage\":\"pt-BR\",\"@id\":\"https:\/\/noticiasemdestaque.com\/cd\/?p=45204#primaryimage\",\"url\":\"https:\/\/noticiasemdestaque.com\/cd\/wp-content\/uploads\/2023\/01\/joao_azevedo_lucas_ribeiro_posse_01012023.jpeg\",\"contentUrl\":\"https:\/\/noticiasemdestaque.com\/cd\/wp-content\/uploads\/2023\/01\/joao_azevedo_lucas_ribeiro_posse_01012023.jpeg\",\"width\":876,\"height\":585},{\"@type\":\"BreadcrumbList\",\"@id\":\"https:\/\/noticiasemdestaque.com\/cd\/?p=45204#breadcrumb\",\"itemListElement\":[{\"@type\":\"ListItem\",\"position\":1,\"name\":\"In\u00edcio\",\"item\":\"https:\/\/noticiasemdestaque.com\/cd\/\"},{\"@type\":\"ListItem\",\"position\":2,\"name\":\"Ap\u00f3s mudan\u00e7a em datas de posse, Jo\u00e3o Azev\u00eado, Lula e outros gestores ter\u00e3o governo com mais de quatro anos\"}]},{\"@type\":\"WebSite\",\"@id\":\"https:\/\/noticiasemdestaque.com\/cd\/#website\",\"url\":\"https:\/\/noticiasemdestaque.com\/cd\/\",\"name\":\"Not&iacute;cias em Destaque\",\"description\":\"\",\"publisher\":{\"@id\":\"https:\/\/noticiasemdestaque.com\/cd\/#organization\"},\"potentialAction\":[{\"@type\":\"SearchAction\",\"target\":{\"@type\":\"EntryPoint\",\"urlTemplate\":\"https:\/\/noticiasemdestaque.com\/cd\/?s={search_term_string}\"},\"query-input\":{\"@type\":\"PropertyValueSpecification\",\"valueRequired\":true,\"valueName\":\"search_term_string\"}}],\"inLanguage\":\"pt-BR\"},{\"@type\":\"Organization\",\"@id\":\"https:\/\/noticiasemdestaque.com\/cd\/#organization\",\"name\":\"Not\u00edcias em Destaque\",\"url\":\"https:\/\/noticiasemdestaque.com\/cd\/\",\"logo\":{\"@type\":\"ImageObject\",\"inLanguage\":\"pt-BR\",\"@id\":\"https:\/\/noticiasemdestaque.com\/cd\/#\/schema\/logo\/image\/\",\"url\":\"https:\/\/noticiasemdestaque.com\/cd\/wp-content\/uploads\/2022\/05\/imagem-base-noticiasemdestaque.png\",\"contentUrl\":\"https:\/\/noticiasemdestaque.com\/cd\/wp-content\/uploads\/2022\/05\/imagem-base-noticiasemdestaque.png\",\"width\":1200,\"height\":630,\"caption\":\"Not\u00edcias em Destaque\"},\"image\":{\"@id\":\"https:\/\/noticiasemdestaque.com\/cd\/#\/schema\/logo\/image\/\"}},{\"@type\":\"Person\",\"@id\":\"https:\/\/noticiasemdestaque.com\/cd\/#\/schema\/person\/47f7d4f55eec17c6b2ca036c5500f6ce\",\"name\":\"Not\u00edcias em Destaque\",\"url\":\"https:\/\/noticiasemdestaque.com\/cd\/?author=2\"}]}<\/script>\n<!-- \/ Yoast SEO plugin. -->","yoast_head_json":{"title":"Ap\u00f3s mudan\u00e7a em datas de posse, Jo\u00e3o Azev\u00eado, Lula e outros gestores ter\u00e3o governo com mais de quatro anos - Not&iacute;cias em Destaque","robots":{"index":"index","follow":"follow","max-snippet":"max-snippet:-1","max-image-preview":"max-image-preview:large","max-video-preview":"max-video-preview:-1"},"canonical":"https:\/\/noticiasemdestaque.com\/cd\/?p=45204","og_locale":"pt_BR","og_type":"article","og_title":"Ap\u00f3s mudan\u00e7a em datas de posse, Jo\u00e3o Azev\u00eado, Lula e outros gestores ter\u00e3o governo com mais de quatro anos - Not&iacute;cias em Destaque","og_description":"A cerim\u00f4nia de posse no dia 1\u00ba de janeiro de 2023 do governador Jo\u00e3o Azev\u00eado (PSB), de outros governadores estaduais e do presidente Lula (PT) marca o fim da tradi\u00e7\u00e3o que acontece desde 1995. Os pr\u00f3ximos eleitos para presidente ser\u00e3o empossados no dia 5 de janeiro de 2027, e governadores ser\u00e3o empossados no dia 6 de janeiro de 2027, e nessas mesmas datas em cada ano de posse que vir\u00e1. A mudan\u00e7a foi aprovada no Congresso, em 2021, atrav\u00e9s de emenda \u00e0 Constitui\u00e7\u00e3o. As cerim\u00f4nias de posse passaram a acontecer no dia 1\u00ba de janeiro, desde a Constitui\u00e7\u00e3o de 1988. Antes disso, houve diferentes datas de posse, como a de Fernando Collor, em 15 de mar\u00e7o de 1991. O primeiro presidente empossado no primeiro dia do ano foi Fernando Henrique Cardoso, em 1995. Oito presidentes j\u00e1 tomaram posse sempre no dia 1\u00ba de janeiro. Lula, em seu terceiro mandato, \u00e9 o \u00faltimo a ser empossado na data. A mudan\u00e7a dar\u00e1 mais que quatro anos de mandato ao governador Jo\u00e3o Azev\u00eado, aos demais governadores e ao presidente Lula, os quais governar\u00e3o por at\u00e9 quatro anos e cinco dias, no caso dos gestores estaduais. A altera\u00e7\u00e3o est\u00e1 relacionada com as rela\u00e7\u00f5es internacionais, j\u00e1 que o dia 1\u00ba de janeiro \u00e9 uma data concorrida e sempre provocou o desafio de se ter a presen\u00e7a de representantes de outros pa\u00edses nas posses presidenciais brasileiras, como explicou o cientista pol\u00edtico M\u00e1rcio Coimbra, \u00e0 R\u00e1dio Ag\u00eancia Nacional, em novembro de 2022. Noticias em Destaque Fonte: Click PB","og_url":"https:\/\/noticiasemdestaque.com\/cd\/?p=45204","og_site_name":"Not&iacute;cias em Destaque","article_published_time":"2023-01-02T20:34:27+00:00","og_image":[{"width":876,"height":585,"url":"https:\/\/noticiasemdestaque.com\/cd\/wp-content\/uploads\/2023\/01\/joao_azevedo_lucas_ribeiro_posse_01012023.jpeg","type":"image\/jpeg"}],"author":"Not\u00edcias em Destaque","twitter_card":"summary_large_image","twitter_misc":{"Escrito por":"Not\u00edcias em Destaque","Est. tempo de leitura":"2 minutos"},"schema":{"@context":"https:\/\/schema.org","@graph":[{"@type":"Article","@id":"https:\/\/noticiasemdestaque.com\/cd\/?p=45204#article","isPartOf":{"@id":"https:\/\/noticiasemdestaque.com\/cd\/?p=45204"},"author":{"name":"Not\u00edcias em Destaque","@id":"https:\/\/noticiasemdestaque.com\/cd\/#\/schema\/person\/47f7d4f55eec17c6b2ca036c5500f6ce"},"headline":"Ap\u00f3s mudan\u00e7a em datas de posse, Jo\u00e3o Azev\u00eado, Lula e outros gestores ter\u00e3o governo com mais de quatro anos","datePublished":"2023-01-02T20:34:27+00:00","mainEntityOfPage":{"@id":"https:\/\/noticiasemdestaque.com\/cd\/?p=45204"},"wordCount":280,"publisher":{"@id":"https:\/\/noticiasemdestaque.com\/cd\/#organization"},"image":{"@id":"https:\/\/noticiasemdestaque.com\/cd\/?p=45204#primaryimage"},"thumbnailUrl":"https:\/\/noticiasemdestaque.com\/cd\/wp-content\/uploads\/2023\/01\/joao_azevedo_lucas_ribeiro_posse_01012023.jpeg","articleSection":["Geral"],"inLanguage":"pt-BR"},{"@type":"WebPage","@id":"https:\/\/noticiasemdestaque.com\/cd\/?p=45204","url":"https:\/\/noticiasemdestaque.com\/cd\/?p=45204","name":"Ap\u00f3s mudan\u00e7a em datas de posse, Jo\u00e3o Azev\u00eado, Lula e outros gestores ter\u00e3o governo com mais de quatro anos - Not&iacute;cias em Destaque","isPartOf":{"@id":"https:\/\/noticiasemdestaque.com\/cd\/#website"},"primaryImageOfPage":{"@id":"https:\/\/noticiasemdestaque.com\/cd\/?p=45204#primaryimage"},"image":{"@id":"https:\/\/noticiasemdestaque.com\/cd\/?p=45204#primaryimage"},"thumbnailUrl":"https:\/\/noticiasemdestaque.com\/cd\/wp-content\/uploads\/2023\/01\/joao_azevedo_lucas_ribeiro_posse_01012023.jpeg","datePublished":"2023-01-02T20:34:27+00:00","breadcrumb":{"@id":"https:\/\/noticiasemdestaque.com\/cd\/?p=45204#breadcrumb"},"inLanguage":"pt-BR","potentialAction":[{"@type":"ReadAction","target":["https:\/\/noticiasemdestaque.com\/cd\/?p=45204"]}]},{"@type":"ImageObject","inLanguage":"pt-BR","@id":"https:\/\/noticiasemdestaque.com\/cd\/?p=45204#primaryimage","url":"https:\/\/noticiasemdestaque.com\/cd\/wp-content\/uploads\/2023\/01\/joao_azevedo_lucas_ribeiro_posse_01012023.jpeg","contentUrl":"https:\/\/noticiasemdestaque.com\/cd\/wp-content\/uploads\/2023\/01\/joao_azevedo_lucas_ribeiro_posse_01012023.jpeg","width":876,"height":585},{"@type":"BreadcrumbList","@id":"https:\/\/noticiasemdestaque.com\/cd\/?p=45204#breadcrumb","itemListElement":[{"@type":"ListItem","position":1,"name":"In\u00edcio","item":"https:\/\/noticiasemdestaque.com\/cd\/"},{"@type":"ListItem","position":2,"name":"Ap\u00f3s mudan\u00e7a em datas de posse, Jo\u00e3o Azev\u00eado, Lula e outros gestores ter\u00e3o governo com mais de quatro anos"}]},{"@type":"WebSite","@id":"https:\/\/noticiasemdestaque.com\/cd\/#website","url":"https:\/\/noticiasemdestaque.com\/cd\/","name":"Not&iacute;cias em Destaque","description":"","publisher":{"@id":"https:\/\/noticiasemdestaque.com\/cd\/#organization"},"potentialAction":[{"@type":"SearchAction","target":{"@type":"EntryPoint","urlTemplate":"https:\/\/noticiasemdestaque.com\/cd\/?s={search_term_string}"},"query-input":{"@type":"PropertyValueSpecification","valueRequired":true,"valueName":"search_term_string"}}],"inLanguage":"pt-BR"},{"@type":"Organization","@id":"https:\/\/noticiasemdestaque.com\/cd\/#organization","name":"Not\u00edcias em Destaque","url":"https:\/\/noticiasemdestaque.com\/cd\/","logo":{"@type":"ImageObject","inLanguage":"pt-BR","@id":"https:\/\/noticiasemdestaque.com\/cd\/#\/schema\/logo\/image\/","url":"https:\/\/noticiasemdestaque.com\/cd\/wp-content\/uploads\/2022\/05\/imagem-base-noticiasemdestaque.png","contentUrl":"https:\/\/noticiasemdestaque.com\/cd\/wp-content\/uploads\/2022\/05\/imagem-base-noticiasemdestaque.png","width":1200,"height":630,"caption":"Not\u00edcias em Destaque"},"image":{"@id":"https:\/\/noticiasemdestaque.com\/cd\/#\/schema\/logo\/image\/"}},{"@type":"Person","@id":"https:\/\/noticiasemdestaque.com\/cd\/#\/schema\/person\/47f7d4f55eec17c6b2ca036c5500f6ce","name":"Not\u00edcias em Destaque","url":"https:\/\/noticiasemdestaque.com\/cd\/?author=2"}]}},"jetpack_featured_media_url":"https:\/\/noticiasemdestaque.com\/cd\/wp-content\/uploads\/2023\/01\/joao_azevedo_lucas_ribeiro_posse_01012023.jpeg","jetpack_sharing_enabled":true,"_links":{"self":[{"href":"https:\/\/noticiasemdestaque.com\/cd\/index.php?rest_route=\/wp\/v2\/posts\/45204","targetHints":{"allow":["GET"]}}],"collection":[{"href":"https:\/\/noticiasemdestaque.com\/cd\/index.php?rest_route=\/wp\/v2\/posts"}],"about":[{"href":"https:\/\/noticiasemdestaque.com\/cd\/index.php?rest_route=\/wp\/v2\/types\/post"}],"author":[{"embeddable":true,"href":"https:\/\/noticiasemdestaque.com\/cd\/index.php?rest_route=\/wp\/v2\/users\/2"}],"replies":[{"embeddable":true,"href":"https:\/\/noticiasemdestaque.com\/cd\/index.php?rest_route=%2Fwp%2Fv2%2Fcomments&post=45204"}],"version-history":[{"count":1,"href":"https:\/\/noticiasemdestaque.com\/cd\/index.php?rest_route=\/wp\/v2\/posts\/45204\/revisions"}],"predecessor-version":[{"id":45206,"href":"https:\/\/noticiasemdestaque.com\/cd\/index.php?rest_route=\/wp\/v2\/posts\/45204\/revisions\/45206"}],"wp:featuredmedia":[{"embeddable":true,"href":"https:\/\/noticiasemdestaque.com\/cd\/index.php?rest_route=\/wp\/v2\/media\/45205"}],"wp:attachment":[{"href":"https:\/\/noticiasemdestaque.com\/cd\/index.php?rest_route=%2Fwp%2Fv2%2Fmedia&parent=45204"}],"wp:term":[{"taxonomy":"category","embeddable":true,"href":"https:\/\/noticiasemdestaque.com\/cd\/index.php?rest_route=%2Fwp%2Fv2%2Fcategories&post=45204"},{"taxonomy":"post_tag","embeddable":true,"href":"https:\/\/noticiasemdestaque.com\/cd\/index.php?rest_route=%2Fwp%2Fv2%2Ftags&post=45204"}],"curies":[{"name":"wp","href":"https:\/\/api.w.org\/{rel}","templated":true}]}}