{"id":45197,"date":"2023-01-02T12:28:41","date_gmt":"2023-01-02T15:28:41","guid":{"rendered":"https:\/\/noticiasemdestaque.com\/cd\/?p=45197"},"modified":"2023-01-02T12:28:41","modified_gmt":"2023-01-02T15:28:41","slug":"corpo-do-rei-pele-comeca-a-ser-velado-na-vila-belmiro","status":"publish","type":"post","link":"https:\/\/noticiasemdestaque.com\/cd\/?p=45197","title":{"rendered":"Corpo do Rei Pel\u00e9 come\u00e7a a ser velado na Vila Belmiro"},"content":{"rendered":"<p><a href=\"https:\/\/noticiasemdestaque.com\/cd\/wp-content\/uploads\/2023\/01\/2023-01-02t124050z_1701635364_up1ej120z7y12_rtrmadp_3_soccer-pele-wake.jpg\"><img fetchpriority=\"high\" decoding=\"async\" class=\"alignnone  wp-image-45198\" src=\"https:\/\/noticiasemdestaque.com\/cd\/wp-content\/uploads\/2023\/01\/2023-01-02t124050z_1701635364_up1ej120z7y12_rtrmadp_3_soccer-pele-wake-300x179.jpg\" alt=\"\" width=\"1066\" height=\"636\" srcset=\"https:\/\/noticiasemdestaque.com\/cd\/wp-content\/uploads\/2023\/01\/2023-01-02t124050z_1701635364_up1ej120z7y12_rtrmadp_3_soccer-pele-wake-300x179.jpg 300w, https:\/\/noticiasemdestaque.com\/cd\/wp-content\/uploads\/2023\/01\/2023-01-02t124050z_1701635364_up1ej120z7y12_rtrmadp_3_soccer-pele-wake-768x459.jpg 768w, https:\/\/noticiasemdestaque.com\/cd\/wp-content\/uploads\/2023\/01\/2023-01-02t124050z_1701635364_up1ej120z7y12_rtrmadp_3_soccer-pele-wake-18x12.jpg 18w\" sizes=\"(max-width: 1066px) 100vw, 1066px\" \/><\/a><\/p>\n<p>O vel\u00f3rio de Edson Arantes do Nascimento, o Pel\u00e9, come\u00e7ou \u00e0s 10h (hor\u00e1rio de Bras\u00edlia) desta segunda-feira (2), em Santos (SP), no Est\u00e1dio Urbano Caldeira, a Vila Belmiro, do Santos Futebol Clube, onde o Rei do Futebol brilhou como jogador, entre 1956 a 1974. A cerim\u00f4nia segue at\u00e9 10h de ter\u00e7a-feira (3) e \u00e9 aberta ao p\u00fablico.<img decoding=\"async\" src=\"https:\/\/agenciabrasil.ebc.com.br\/ebc.png?id=1501233&amp;o=node\" \/><img decoding=\"async\" src=\"https:\/\/agenciabrasil.ebc.com.br\/ebc.gif?id=1501233&amp;o=node\" \/><\/p>\n<p>Antes mesmo do in\u00edcio do funeral, centenas de pessoas j\u00e1 aguardavam a abertura dos port\u00f5es nas imedia\u00e7\u00f5es da Vila Belmiro. Em varais nos arredores do est\u00e1dio, ambulantes vendiam camisas do Santos e da sele\u00e7\u00e3o brasileira, com o nome &#8220;Pel\u00e9&#8221; e o n\u00famero 10 \u00e0s costas. A ocasi\u00e3o reuniu f\u00e3s de diferentes lugares do pa\u00eds. O servidor p\u00fablico federal \u00canio Rochembach J\u00fanior, de Porto Alegre, trouxe o filho Daniel, ambos torcedores do Internacional, para prestarem uma \u00faltima homenagem ao Rei do Futebol.<\/p>\n<p>&#8220;\u00c9 um momento que ele [Daniel] ter\u00e1 como eterno, que para sempre se lembrar\u00e1 que esteve aqui com o pai. O Pel\u00e9 nos deu tantos anos de alegria, que passar um dia na estrada e mais quatro, cinco horas na fila, n\u00e3o \u00e9 nada. Hoje n\u00e3o se fala em clube. A homenagem \u00e9 ao maior de todos&#8221;, afirmou \u00canio, \u00e0\u00a0<strong>Ag\u00eancia Brasil<\/strong>.<\/p>\n<p>&#8220;Meu pai fala que o Pel\u00e9 \u00e9 o maior de todos e que sempre ser\u00e1 assim. Vi alguns lances gravados, filme, document\u00e1rio sobre ele. O Pel\u00e9 foi genial, um Deus, que est\u00e1 acima de n\u00f3s&#8221;, completou Daniel, que \u00e9 estudante.<\/p>\n<p>O corpo de Pel\u00e9, falecido na \u00faltima quinta-feira (29), foi transportado do Hospital Israelita Albert Einstein, em S\u00e3o Paulo, \u00e0 Vila Belmiro durante a madrugada, escoltado pela Pol\u00edcia Militar e pelo Corpo de Bombeiros, chegando por volta das 3h40. O caix\u00e3o est\u00e1 no centro do gramado do est\u00e1dio onde o Atleta do S\u00e9culo atuou em 210 jogos e anotou 288 dos 1.091 gols que fez com a camisa do Peixe. O acesso do p\u00fablico ocorre pelos port\u00f5es 2 e 3 (Rua Dom Pedro), enquanto o de autoridades se d\u00e1 pelo port\u00e3o 10 (Rua Princesa Isabel).<\/p>\n<p>A urna do caix\u00e3o est\u00e1 aberta. Para que isso fosse poss\u00edvel, o corpo foi submetido, na pr\u00f3pria quinta (29), a um procedimento chamado tanatopraxia, para conserv\u00e1-lo com a melhor apar\u00eancia poss\u00edvel para o funeral. A t\u00e9cnica de embalsamento adotada pelo Cerimonial Mandu foi a mesma utilizada para viabilizar o vel\u00f3rio de Augusto Liberato, o Gugu, realizado seis dias ap\u00f3s o falecimento do apresentador, em novembro de 2019.<\/p>\n<p>Foram erguidas duas tendas no gramado. Uma delas, onde est\u00e1 o caix\u00e3o de Pel\u00e9, \u00e9 destinada a familiares e \u00eddolos\u00a0hist\u00f3ricos do\u00a0Santos. A outra \u00e9 voltada a autoridades e convidados. A estrutura come\u00e7ou a ser montada pouco antes do Natal, ap\u00f3s o boletim m\u00e9dico de 21 de dezembro informar\u00a0a piora no estado de sa\u00fade do Rei do Futebol, que teve um\u00a0c\u00e2ncer de c\u00f3lon diagnosticado em setembro do ano passado.<\/p>\n<p>Ap\u00f3s o vel\u00f3rio, ser\u00e1 realizado um cortejo pelas ruas de Santos, que passar\u00e1 pela Avenida Coronel Joaquim Montenegro (conhecida como Canal 6), onde vive a m\u00e3e de Pel\u00e9, Celeste Arantes, que completou 100 anos no \u00faltimo dia 20 de novembro. De l\u00e1, o corpo do camisa 10 ser\u00e1 levado \u00e0 Memorial Necr\u00f3pole Ecum\u00eanica, para sepultamento \u00e0s 12h, em cerim\u00f4nia restrita aos familiares.<\/p>\n<p><strong>Noticias em Destaque<\/strong><\/p>\n<p style=\"text-align: right;\"><em>Fonte: Agencia Brasil<\/em><\/p>\n","protected":false},"excerpt":{"rendered":"<p>O vel\u00f3rio de Edson Arantes do Nascimento, o Pel\u00e9, come\u00e7ou \u00e0s 10h (hor\u00e1rio de Bras\u00edlia) desta segunda-feira (2), em Santos (SP), no Est\u00e1dio Urbano Caldeira, a Vila Belmiro, do Santos Futebol Clube, onde o Rei do Futebol brilhou como jogador, entre 1956 a 1974. A cerim\u00f4nia segue at\u00e9 10h de ter\u00e7a-feira (3) e \u00e9 aberta ao p\u00fablico. Antes mesmo do in\u00edcio do funeral, centenas de pessoas j\u00e1 aguardavam a abertura dos port\u00f5es nas imedia\u00e7\u00f5es da Vila Belmiro. Em varais nos arredores do est\u00e1dio, ambulantes vendiam camisas do Santos e da sele\u00e7\u00e3o brasileira, com o nome &#8220;Pel\u00e9&#8221; e o n\u00famero 10 \u00e0s costas. A ocasi\u00e3o reuniu f\u00e3s de diferentes lugares do pa\u00eds. O servidor p\u00fablico federal \u00canio Rochembach J\u00fanior, de Porto Alegre, trouxe o filho Daniel, ambos torcedores do Internacional, para prestarem uma \u00faltima homenagem ao Rei do Futebol. &#8220;\u00c9 um momento que ele [Daniel] ter\u00e1 como eterno, que para sempre se lembrar\u00e1 que esteve aqui com o pai. O Pel\u00e9 nos deu tantos anos de alegria, que passar um dia na estrada e mais quatro, cinco horas na fila, n\u00e3o \u00e9 nada. Hoje n\u00e3o se fala em clube. A homenagem \u00e9 ao maior de todos&#8221;, afirmou \u00canio, \u00e0\u00a0Ag\u00eancia Brasil. &#8220;Meu pai fala que o Pel\u00e9 \u00e9 o maior de todos e que sempre ser\u00e1 assim. Vi alguns lances gravados, filme, document\u00e1rio sobre ele. O Pel\u00e9 foi genial, um Deus, que est\u00e1 acima de n\u00f3s&#8221;, completou Daniel, que \u00e9 estudante. O corpo de Pel\u00e9, falecido na \u00faltima quinta-feira (29), foi transportado do Hospital Israelita Albert Einstein, em S\u00e3o Paulo, \u00e0 Vila Belmiro durante a madrugada, escoltado pela Pol\u00edcia Militar e pelo Corpo de Bombeiros, chegando por volta das 3h40. O caix\u00e3o est\u00e1 no centro do gramado do est\u00e1dio onde o Atleta do S\u00e9culo atuou em 210 jogos e anotou 288 dos 1.091 gols que fez com a camisa do Peixe. O acesso do p\u00fablico ocorre pelos port\u00f5es 2 e 3 (Rua Dom Pedro), enquanto o de autoridades se d\u00e1 pelo port\u00e3o 10 (Rua Princesa Isabel). A urna do caix\u00e3o est\u00e1 aberta. Para que isso fosse poss\u00edvel, o corpo foi submetido, na pr\u00f3pria quinta (29), a um procedimento chamado tanatopraxia, para conserv\u00e1-lo com a melhor apar\u00eancia poss\u00edvel para o funeral. A t\u00e9cnica de embalsamento adotada pelo Cerimonial Mandu foi a mesma utilizada para viabilizar o vel\u00f3rio de Augusto Liberato, o Gugu, realizado seis dias ap\u00f3s o falecimento do apresentador, em novembro de 2019. Foram erguidas duas tendas no gramado. Uma delas, onde est\u00e1 o caix\u00e3o de Pel\u00e9, \u00e9 destinada a familiares e \u00eddolos\u00a0hist\u00f3ricos do\u00a0Santos. A outra \u00e9 voltada a autoridades e convidados. A estrutura come\u00e7ou a ser montada pouco antes do Natal, ap\u00f3s o boletim m\u00e9dico de 21 de dezembro informar\u00a0a piora no estado de sa\u00fade do Rei do Futebol, que teve um\u00a0c\u00e2ncer de c\u00f3lon diagnosticado em setembro do ano passado. Ap\u00f3s o vel\u00f3rio, ser\u00e1 realizado um cortejo pelas ruas de Santos, que passar\u00e1 pela Avenida Coronel Joaquim Montenegro (conhecida como Canal 6), onde vive a m\u00e3e de Pel\u00e9, Celeste Arantes, que completou 100 anos no \u00faltimo dia 20 de novembro. De l\u00e1, o corpo do camisa 10 ser\u00e1 levado \u00e0 Memorial Necr\u00f3pole Ecum\u00eanica, para sepultamento \u00e0s 12h, em cerim\u00f4nia restrita aos familiares. Noticias em Destaque Fonte: Agencia Brasil<\/p>\n","protected":false},"author":2,"featured_media":45198,"comment_status":"closed","ping_status":"open","sticky":false,"template":"","format":"standard","meta":{"_eb_attr":"","_jetpack_memberships_contains_paid_content":false,"footnotes":""},"categories":[12],"tags":[],"class_list":["post-45197","post","type-post","status-publish","format-standard","has-post-thumbnail","hentry","category-geral"],"yoast_head":"<!-- This site is optimized with the Yoast SEO plugin v26.5 - https:\/\/yoast.com\/wordpress\/plugins\/seo\/ -->\n<title>Corpo do Rei Pel\u00e9 come\u00e7a a ser velado na Vila Belmiro - Not&iacute;cias em Destaque<\/title>\n<meta name=\"robots\" content=\"index, follow, max-snippet:-1, max-image-preview:large, max-video-preview:-1\" \/>\n<link rel=\"canonical\" href=\"https:\/\/noticiasemdestaque.com\/cd\/?p=45197\" \/>\n<meta property=\"og:locale\" content=\"pt_BR\" \/>\n<meta property=\"og:type\" content=\"article\" \/>\n<meta property=\"og:title\" content=\"Corpo do Rei Pel\u00e9 come\u00e7a a ser velado na Vila Belmiro - Not&iacute;cias em Destaque\" \/>\n<meta property=\"og:description\" content=\"O vel\u00f3rio de Edson Arantes do Nascimento, o Pel\u00e9, come\u00e7ou \u00e0s 10h (hor\u00e1rio de Bras\u00edlia) desta segunda-feira (2), em Santos (SP), no Est\u00e1dio Urbano Caldeira, a Vila Belmiro, do Santos Futebol Clube, onde o Rei do Futebol brilhou como jogador, entre 1956 a 1974. A cerim\u00f4nia segue at\u00e9 10h de ter\u00e7a-feira (3) e \u00e9 aberta ao p\u00fablico. Antes mesmo do in\u00edcio do funeral, centenas de pessoas j\u00e1 aguardavam a abertura dos port\u00f5es nas imedia\u00e7\u00f5es da Vila Belmiro. Em varais nos arredores do est\u00e1dio, ambulantes vendiam camisas do Santos e da sele\u00e7\u00e3o brasileira, com o nome &#8220;Pel\u00e9&#8221; e o n\u00famero 10 \u00e0s costas. A ocasi\u00e3o reuniu f\u00e3s de diferentes lugares do pa\u00eds. O servidor p\u00fablico federal \u00canio Rochembach J\u00fanior, de Porto Alegre, trouxe o filho Daniel, ambos torcedores do Internacional, para prestarem uma \u00faltima homenagem ao Rei do Futebol. &#8220;\u00c9 um momento que ele [Daniel] ter\u00e1 como eterno, que para sempre se lembrar\u00e1 que esteve aqui com o pai. O Pel\u00e9 nos deu tantos anos de alegria, que passar um dia na estrada e mais quatro, cinco horas na fila, n\u00e3o \u00e9 nada. Hoje n\u00e3o se fala em clube. A homenagem \u00e9 ao maior de todos&#8221;, afirmou \u00canio, \u00e0\u00a0Ag\u00eancia Brasil. &#8220;Meu pai fala que o Pel\u00e9 \u00e9 o maior de todos e que sempre ser\u00e1 assim. Vi alguns lances gravados, filme, document\u00e1rio sobre ele. O Pel\u00e9 foi genial, um Deus, que est\u00e1 acima de n\u00f3s&#8221;, completou Daniel, que \u00e9 estudante. O corpo de Pel\u00e9, falecido na \u00faltima quinta-feira (29), foi transportado do Hospital Israelita Albert Einstein, em S\u00e3o Paulo, \u00e0 Vila Belmiro durante a madrugada, escoltado pela Pol\u00edcia Militar e pelo Corpo de Bombeiros, chegando por volta das 3h40. O caix\u00e3o est\u00e1 no centro do gramado do est\u00e1dio onde o Atleta do S\u00e9culo atuou em 210 jogos e anotou 288 dos 1.091 gols que fez com a camisa do Peixe. O acesso do p\u00fablico ocorre pelos port\u00f5es 2 e 3 (Rua Dom Pedro), enquanto o de autoridades se d\u00e1 pelo port\u00e3o 10 (Rua Princesa Isabel). A urna do caix\u00e3o est\u00e1 aberta. Para que isso fosse poss\u00edvel, o corpo foi submetido, na pr\u00f3pria quinta (29), a um procedimento chamado tanatopraxia, para conserv\u00e1-lo com a melhor apar\u00eancia poss\u00edvel para o funeral. A t\u00e9cnica de embalsamento adotada pelo Cerimonial Mandu foi a mesma utilizada para viabilizar o vel\u00f3rio de Augusto Liberato, o Gugu, realizado seis dias ap\u00f3s o falecimento do apresentador, em novembro de 2019. Foram erguidas duas tendas no gramado. Uma delas, onde est\u00e1 o caix\u00e3o de Pel\u00e9, \u00e9 destinada a familiares e \u00eddolos\u00a0hist\u00f3ricos do\u00a0Santos. A outra \u00e9 voltada a autoridades e convidados. A estrutura come\u00e7ou a ser montada pouco antes do Natal, ap\u00f3s o boletim m\u00e9dico de 21 de dezembro informar\u00a0a piora no estado de sa\u00fade do Rei do Futebol, que teve um\u00a0c\u00e2ncer de c\u00f3lon diagnosticado em setembro do ano passado. Ap\u00f3s o vel\u00f3rio, ser\u00e1 realizado um cortejo pelas ruas de Santos, que passar\u00e1 pela Avenida Coronel Joaquim Montenegro (conhecida como Canal 6), onde vive a m\u00e3e de Pel\u00e9, Celeste Arantes, que completou 100 anos no \u00faltimo dia 20 de novembro. De l\u00e1, o corpo do camisa 10 ser\u00e1 levado \u00e0 Memorial Necr\u00f3pole Ecum\u00eanica, para sepultamento \u00e0s 12h, em cerim\u00f4nia restrita aos familiares. Noticias em Destaque Fonte: Agencia Brasil\" \/>\n<meta property=\"og:url\" content=\"https:\/\/noticiasemdestaque.com\/cd\/?p=45197\" \/>\n<meta property=\"og:site_name\" content=\"Not&iacute;cias em Destaque\" \/>\n<meta property=\"article:published_time\" content=\"2023-01-02T15:28:41+00:00\" \/>\n<meta property=\"og:image\" content=\"https:\/\/noticiasemdestaque.com\/cd\/wp-content\/uploads\/2023\/01\/2023-01-02t124050z_1701635364_up1ej120z7y12_rtrmadp_3_soccer-pele-wake.jpg\" \/>\n\t<meta property=\"og:image:width\" content=\"1170\" \/>\n\t<meta property=\"og:image:height\" content=\"700\" \/>\n\t<meta property=\"og:image:type\" content=\"image\/jpeg\" \/>\n<meta name=\"author\" content=\"Not\u00edcias em Destaque\" \/>\n<meta name=\"twitter:card\" content=\"summary_large_image\" \/>\n<meta name=\"twitter:label1\" content=\"Escrito por\" \/>\n\t<meta name=\"twitter:data1\" content=\"Not\u00edcias em Destaque\" \/>\n\t<meta name=\"twitter:label2\" content=\"Est. tempo de leitura\" \/>\n\t<meta name=\"twitter:data2\" content=\"4 minutos\" \/>\n<script type=\"application\/ld+json\" class=\"yoast-schema-graph\">{\"@context\":\"https:\/\/schema.org\",\"@graph\":[{\"@type\":\"Article\",\"@id\":\"https:\/\/noticiasemdestaque.com\/cd\/?p=45197#article\",\"isPartOf\":{\"@id\":\"https:\/\/noticiasemdestaque.com\/cd\/?p=45197\"},\"author\":{\"name\":\"Not\u00edcias em Destaque\",\"@id\":\"https:\/\/noticiasemdestaque.com\/cd\/#\/schema\/person\/47f7d4f55eec17c6b2ca036c5500f6ce\"},\"headline\":\"Corpo do Rei Pel\u00e9 come\u00e7a a ser velado na Vila Belmiro\",\"datePublished\":\"2023-01-02T15:28:41+00:00\",\"mainEntityOfPage\":{\"@id\":\"https:\/\/noticiasemdestaque.com\/cd\/?p=45197\"},\"wordCount\":579,\"publisher\":{\"@id\":\"https:\/\/noticiasemdestaque.com\/cd\/#organization\"},\"image\":{\"@id\":\"https:\/\/noticiasemdestaque.com\/cd\/?p=45197#primaryimage\"},\"thumbnailUrl\":\"https:\/\/noticiasemdestaque.com\/cd\/wp-content\/uploads\/2023\/01\/2023-01-02t124050z_1701635364_up1ej120z7y12_rtrmadp_3_soccer-pele-wake.jpg\",\"articleSection\":[\"Geral\"],\"inLanguage\":\"pt-BR\"},{\"@type\":\"WebPage\",\"@id\":\"https:\/\/noticiasemdestaque.com\/cd\/?p=45197\",\"url\":\"https:\/\/noticiasemdestaque.com\/cd\/?p=45197\",\"name\":\"Corpo do Rei Pel\u00e9 come\u00e7a a ser velado na Vila Belmiro - Not&iacute;cias em Destaque\",\"isPartOf\":{\"@id\":\"https:\/\/noticiasemdestaque.com\/cd\/#website\"},\"primaryImageOfPage\":{\"@id\":\"https:\/\/noticiasemdestaque.com\/cd\/?p=45197#primaryimage\"},\"image\":{\"@id\":\"https:\/\/noticiasemdestaque.com\/cd\/?p=45197#primaryimage\"},\"thumbnailUrl\":\"https:\/\/noticiasemdestaque.com\/cd\/wp-content\/uploads\/2023\/01\/2023-01-02t124050z_1701635364_up1ej120z7y12_rtrmadp_3_soccer-pele-wake.jpg\",\"datePublished\":\"2023-01-02T15:28:41+00:00\",\"breadcrumb\":{\"@id\":\"https:\/\/noticiasemdestaque.com\/cd\/?p=45197#breadcrumb\"},\"inLanguage\":\"pt-BR\",\"potentialAction\":[{\"@type\":\"ReadAction\",\"target\":[\"https:\/\/noticiasemdestaque.com\/cd\/?p=45197\"]}]},{\"@type\":\"ImageObject\",\"inLanguage\":\"pt-BR\",\"@id\":\"https:\/\/noticiasemdestaque.com\/cd\/?p=45197#primaryimage\",\"url\":\"https:\/\/noticiasemdestaque.com\/cd\/wp-content\/uploads\/2023\/01\/2023-01-02t124050z_1701635364_up1ej120z7y12_rtrmadp_3_soccer-pele-wake.jpg\",\"contentUrl\":\"https:\/\/noticiasemdestaque.com\/cd\/wp-content\/uploads\/2023\/01\/2023-01-02t124050z_1701635364_up1ej120z7y12_rtrmadp_3_soccer-pele-wake.jpg\",\"width\":1170,\"height\":700},{\"@type\":\"BreadcrumbList\",\"@id\":\"https:\/\/noticiasemdestaque.com\/cd\/?p=45197#breadcrumb\",\"itemListElement\":[{\"@type\":\"ListItem\",\"position\":1,\"name\":\"In\u00edcio\",\"item\":\"https:\/\/noticiasemdestaque.com\/cd\/\"},{\"@type\":\"ListItem\",\"position\":2,\"name\":\"Corpo do Rei Pel\u00e9 come\u00e7a a ser velado na Vila Belmiro\"}]},{\"@type\":\"WebSite\",\"@id\":\"https:\/\/noticiasemdestaque.com\/cd\/#website\",\"url\":\"https:\/\/noticiasemdestaque.com\/cd\/\",\"name\":\"Not&iacute;cias em Destaque\",\"description\":\"\",\"publisher\":{\"@id\":\"https:\/\/noticiasemdestaque.com\/cd\/#organization\"},\"potentialAction\":[{\"@type\":\"SearchAction\",\"target\":{\"@type\":\"EntryPoint\",\"urlTemplate\":\"https:\/\/noticiasemdestaque.com\/cd\/?s={search_term_string}\"},\"query-input\":{\"@type\":\"PropertyValueSpecification\",\"valueRequired\":true,\"valueName\":\"search_term_string\"}}],\"inLanguage\":\"pt-BR\"},{\"@type\":\"Organization\",\"@id\":\"https:\/\/noticiasemdestaque.com\/cd\/#organization\",\"name\":\"Not\u00edcias em Destaque\",\"url\":\"https:\/\/noticiasemdestaque.com\/cd\/\",\"logo\":{\"@type\":\"ImageObject\",\"inLanguage\":\"pt-BR\",\"@id\":\"https:\/\/noticiasemdestaque.com\/cd\/#\/schema\/logo\/image\/\",\"url\":\"https:\/\/noticiasemdestaque.com\/cd\/wp-content\/uploads\/2022\/05\/imagem-base-noticiasemdestaque.png\",\"contentUrl\":\"https:\/\/noticiasemdestaque.com\/cd\/wp-content\/uploads\/2022\/05\/imagem-base-noticiasemdestaque.png\",\"width\":1200,\"height\":630,\"caption\":\"Not\u00edcias em Destaque\"},\"image\":{\"@id\":\"https:\/\/noticiasemdestaque.com\/cd\/#\/schema\/logo\/image\/\"}},{\"@type\":\"Person\",\"@id\":\"https:\/\/noticiasemdestaque.com\/cd\/#\/schema\/person\/47f7d4f55eec17c6b2ca036c5500f6ce\",\"name\":\"Not\u00edcias em Destaque\",\"url\":\"https:\/\/noticiasemdestaque.com\/cd\/?author=2\"}]}<\/script>\n<!-- \/ Yoast SEO plugin. -->","yoast_head_json":{"title":"Corpo do Rei Pel\u00e9 come\u00e7a a ser velado na Vila Belmiro - Not&iacute;cias em Destaque","robots":{"index":"index","follow":"follow","max-snippet":"max-snippet:-1","max-image-preview":"max-image-preview:large","max-video-preview":"max-video-preview:-1"},"canonical":"https:\/\/noticiasemdestaque.com\/cd\/?p=45197","og_locale":"pt_BR","og_type":"article","og_title":"Corpo do Rei Pel\u00e9 come\u00e7a a ser velado na Vila Belmiro - Not&iacute;cias em Destaque","og_description":"O vel\u00f3rio de Edson Arantes do Nascimento, o Pel\u00e9, come\u00e7ou \u00e0s 10h (hor\u00e1rio de Bras\u00edlia) desta segunda-feira (2), em Santos (SP), no Est\u00e1dio Urbano Caldeira, a Vila Belmiro, do Santos Futebol Clube, onde o Rei do Futebol brilhou como jogador, entre 1956 a 1974. A cerim\u00f4nia segue at\u00e9 10h de ter\u00e7a-feira (3) e \u00e9 aberta ao p\u00fablico. Antes mesmo do in\u00edcio do funeral, centenas de pessoas j\u00e1 aguardavam a abertura dos port\u00f5es nas imedia\u00e7\u00f5es da Vila Belmiro. Em varais nos arredores do est\u00e1dio, ambulantes vendiam camisas do Santos e da sele\u00e7\u00e3o brasileira, com o nome &#8220;Pel\u00e9&#8221; e o n\u00famero 10 \u00e0s costas. A ocasi\u00e3o reuniu f\u00e3s de diferentes lugares do pa\u00eds. O servidor p\u00fablico federal \u00canio Rochembach J\u00fanior, de Porto Alegre, trouxe o filho Daniel, ambos torcedores do Internacional, para prestarem uma \u00faltima homenagem ao Rei do Futebol. &#8220;\u00c9 um momento que ele [Daniel] ter\u00e1 como eterno, que para sempre se lembrar\u00e1 que esteve aqui com o pai. O Pel\u00e9 nos deu tantos anos de alegria, que passar um dia na estrada e mais quatro, cinco horas na fila, n\u00e3o \u00e9 nada. Hoje n\u00e3o se fala em clube. A homenagem \u00e9 ao maior de todos&#8221;, afirmou \u00canio, \u00e0\u00a0Ag\u00eancia Brasil. &#8220;Meu pai fala que o Pel\u00e9 \u00e9 o maior de todos e que sempre ser\u00e1 assim. Vi alguns lances gravados, filme, document\u00e1rio sobre ele. O Pel\u00e9 foi genial, um Deus, que est\u00e1 acima de n\u00f3s&#8221;, completou Daniel, que \u00e9 estudante. O corpo de Pel\u00e9, falecido na \u00faltima quinta-feira (29), foi transportado do Hospital Israelita Albert Einstein, em S\u00e3o Paulo, \u00e0 Vila Belmiro durante a madrugada, escoltado pela Pol\u00edcia Militar e pelo Corpo de Bombeiros, chegando por volta das 3h40. O caix\u00e3o est\u00e1 no centro do gramado do est\u00e1dio onde o Atleta do S\u00e9culo atuou em 210 jogos e anotou 288 dos 1.091 gols que fez com a camisa do Peixe. O acesso do p\u00fablico ocorre pelos port\u00f5es 2 e 3 (Rua Dom Pedro), enquanto o de autoridades se d\u00e1 pelo port\u00e3o 10 (Rua Princesa Isabel). A urna do caix\u00e3o est\u00e1 aberta. Para que isso fosse poss\u00edvel, o corpo foi submetido, na pr\u00f3pria quinta (29), a um procedimento chamado tanatopraxia, para conserv\u00e1-lo com a melhor apar\u00eancia poss\u00edvel para o funeral. A t\u00e9cnica de embalsamento adotada pelo Cerimonial Mandu foi a mesma utilizada para viabilizar o vel\u00f3rio de Augusto Liberato, o Gugu, realizado seis dias ap\u00f3s o falecimento do apresentador, em novembro de 2019. Foram erguidas duas tendas no gramado. Uma delas, onde est\u00e1 o caix\u00e3o de Pel\u00e9, \u00e9 destinada a familiares e \u00eddolos\u00a0hist\u00f3ricos do\u00a0Santos. A outra \u00e9 voltada a autoridades e convidados. A estrutura come\u00e7ou a ser montada pouco antes do Natal, ap\u00f3s o boletim m\u00e9dico de 21 de dezembro informar\u00a0a piora no estado de sa\u00fade do Rei do Futebol, que teve um\u00a0c\u00e2ncer de c\u00f3lon diagnosticado em setembro do ano passado. Ap\u00f3s o vel\u00f3rio, ser\u00e1 realizado um cortejo pelas ruas de Santos, que passar\u00e1 pela Avenida Coronel Joaquim Montenegro (conhecida como Canal 6), onde vive a m\u00e3e de Pel\u00e9, Celeste Arantes, que completou 100 anos no \u00faltimo dia 20 de novembro. De l\u00e1, o corpo do camisa 10 ser\u00e1 levado \u00e0 Memorial Necr\u00f3pole Ecum\u00eanica, para sepultamento \u00e0s 12h, em cerim\u00f4nia restrita aos familiares. Noticias em Destaque Fonte: Agencia Brasil","og_url":"https:\/\/noticiasemdestaque.com\/cd\/?p=45197","og_site_name":"Not&iacute;cias em Destaque","article_published_time":"2023-01-02T15:28:41+00:00","og_image":[{"width":1170,"height":700,"url":"https:\/\/noticiasemdestaque.com\/cd\/wp-content\/uploads\/2023\/01\/2023-01-02t124050z_1701635364_up1ej120z7y12_rtrmadp_3_soccer-pele-wake.jpg","type":"image\/jpeg"}],"author":"Not\u00edcias em Destaque","twitter_card":"summary_large_image","twitter_misc":{"Escrito por":"Not\u00edcias em Destaque","Est. tempo de leitura":"4 minutos"},"schema":{"@context":"https:\/\/schema.org","@graph":[{"@type":"Article","@id":"https:\/\/noticiasemdestaque.com\/cd\/?p=45197#article","isPartOf":{"@id":"https:\/\/noticiasemdestaque.com\/cd\/?p=45197"},"author":{"name":"Not\u00edcias em Destaque","@id":"https:\/\/noticiasemdestaque.com\/cd\/#\/schema\/person\/47f7d4f55eec17c6b2ca036c5500f6ce"},"headline":"Corpo do Rei Pel\u00e9 come\u00e7a a ser velado na Vila Belmiro","datePublished":"2023-01-02T15:28:41+00:00","mainEntityOfPage":{"@id":"https:\/\/noticiasemdestaque.com\/cd\/?p=45197"},"wordCount":579,"publisher":{"@id":"https:\/\/noticiasemdestaque.com\/cd\/#organization"},"image":{"@id":"https:\/\/noticiasemdestaque.com\/cd\/?p=45197#primaryimage"},"thumbnailUrl":"https:\/\/noticiasemdestaque.com\/cd\/wp-content\/uploads\/2023\/01\/2023-01-02t124050z_1701635364_up1ej120z7y12_rtrmadp_3_soccer-pele-wake.jpg","articleSection":["Geral"],"inLanguage":"pt-BR"},{"@type":"WebPage","@id":"https:\/\/noticiasemdestaque.com\/cd\/?p=45197","url":"https:\/\/noticiasemdestaque.com\/cd\/?p=45197","name":"Corpo do Rei Pel\u00e9 come\u00e7a a ser velado na Vila Belmiro - Not&iacute;cias em Destaque","isPartOf":{"@id":"https:\/\/noticiasemdestaque.com\/cd\/#website"},"primaryImageOfPage":{"@id":"https:\/\/noticiasemdestaque.com\/cd\/?p=45197#primaryimage"},"image":{"@id":"https:\/\/noticiasemdestaque.com\/cd\/?p=45197#primaryimage"},"thumbnailUrl":"https:\/\/noticiasemdestaque.com\/cd\/wp-content\/uploads\/2023\/01\/2023-01-02t124050z_1701635364_up1ej120z7y12_rtrmadp_3_soccer-pele-wake.jpg","datePublished":"2023-01-02T15:28:41+00:00","breadcrumb":{"@id":"https:\/\/noticiasemdestaque.com\/cd\/?p=45197#breadcrumb"},"inLanguage":"pt-BR","potentialAction":[{"@type":"ReadAction","target":["https:\/\/noticiasemdestaque.com\/cd\/?p=45197"]}]},{"@type":"ImageObject","inLanguage":"pt-BR","@id":"https:\/\/noticiasemdestaque.com\/cd\/?p=45197#primaryimage","url":"https:\/\/noticiasemdestaque.com\/cd\/wp-content\/uploads\/2023\/01\/2023-01-02t124050z_1701635364_up1ej120z7y12_rtrmadp_3_soccer-pele-wake.jpg","contentUrl":"https:\/\/noticiasemdestaque.com\/cd\/wp-content\/uploads\/2023\/01\/2023-01-02t124050z_1701635364_up1ej120z7y12_rtrmadp_3_soccer-pele-wake.jpg","width":1170,"height":700},{"@type":"BreadcrumbList","@id":"https:\/\/noticiasemdestaque.com\/cd\/?p=45197#breadcrumb","itemListElement":[{"@type":"ListItem","position":1,"name":"In\u00edcio","item":"https:\/\/noticiasemdestaque.com\/cd\/"},{"@type":"ListItem","position":2,"name":"Corpo do Rei Pel\u00e9 come\u00e7a a ser velado na Vila Belmiro"}]},{"@type":"WebSite","@id":"https:\/\/noticiasemdestaque.com\/cd\/#website","url":"https:\/\/noticiasemdestaque.com\/cd\/","name":"Not&iacute;cias em Destaque","description":"","publisher":{"@id":"https:\/\/noticiasemdestaque.com\/cd\/#organization"},"potentialAction":[{"@type":"SearchAction","target":{"@type":"EntryPoint","urlTemplate":"https:\/\/noticiasemdestaque.com\/cd\/?s={search_term_string}"},"query-input":{"@type":"PropertyValueSpecification","valueRequired":true,"valueName":"search_term_string"}}],"inLanguage":"pt-BR"},{"@type":"Organization","@id":"https:\/\/noticiasemdestaque.com\/cd\/#organization","name":"Not\u00edcias em Destaque","url":"https:\/\/noticiasemdestaque.com\/cd\/","logo":{"@type":"ImageObject","inLanguage":"pt-BR","@id":"https:\/\/noticiasemdestaque.com\/cd\/#\/schema\/logo\/image\/","url":"https:\/\/noticiasemdestaque.com\/cd\/wp-content\/uploads\/2022\/05\/imagem-base-noticiasemdestaque.png","contentUrl":"https:\/\/noticiasemdestaque.com\/cd\/wp-content\/uploads\/2022\/05\/imagem-base-noticiasemdestaque.png","width":1200,"height":630,"caption":"Not\u00edcias em Destaque"},"image":{"@id":"https:\/\/noticiasemdestaque.com\/cd\/#\/schema\/logo\/image\/"}},{"@type":"Person","@id":"https:\/\/noticiasemdestaque.com\/cd\/#\/schema\/person\/47f7d4f55eec17c6b2ca036c5500f6ce","name":"Not\u00edcias em Destaque","url":"https:\/\/noticiasemdestaque.com\/cd\/?author=2"}]}},"jetpack_featured_media_url":"https:\/\/noticiasemdestaque.com\/cd\/wp-content\/uploads\/2023\/01\/2023-01-02t124050z_1701635364_up1ej120z7y12_rtrmadp_3_soccer-pele-wake.jpg","jetpack_sharing_enabled":true,"_links":{"self":[{"href":"https:\/\/noticiasemdestaque.com\/cd\/index.php?rest_route=\/wp\/v2\/posts\/45197","targetHints":{"allow":["GET"]}}],"collection":[{"href":"https:\/\/noticiasemdestaque.com\/cd\/index.php?rest_route=\/wp\/v2\/posts"}],"about":[{"href":"https:\/\/noticiasemdestaque.com\/cd\/index.php?rest_route=\/wp\/v2\/types\/post"}],"author":[{"embeddable":true,"href":"https:\/\/noticiasemdestaque.com\/cd\/index.php?rest_route=\/wp\/v2\/users\/2"}],"replies":[{"embeddable":true,"href":"https:\/\/noticiasemdestaque.com\/cd\/index.php?rest_route=%2Fwp%2Fv2%2Fcomments&post=45197"}],"version-history":[{"count":1,"href":"https:\/\/noticiasemdestaque.com\/cd\/index.php?rest_route=\/wp\/v2\/posts\/45197\/revisions"}],"predecessor-version":[{"id":45199,"href":"https:\/\/noticiasemdestaque.com\/cd\/index.php?rest_route=\/wp\/v2\/posts\/45197\/revisions\/45199"}],"wp:featuredmedia":[{"embeddable":true,"href":"https:\/\/noticiasemdestaque.com\/cd\/index.php?rest_route=\/wp\/v2\/media\/45198"}],"wp:attachment":[{"href":"https:\/\/noticiasemdestaque.com\/cd\/index.php?rest_route=%2Fwp%2Fv2%2Fmedia&parent=45197"}],"wp:term":[{"taxonomy":"category","embeddable":true,"href":"https:\/\/noticiasemdestaque.com\/cd\/index.php?rest_route=%2Fwp%2Fv2%2Fcategories&post=45197"},{"taxonomy":"post_tag","embeddable":true,"href":"https:\/\/noticiasemdestaque.com\/cd\/index.php?rest_route=%2Fwp%2Fv2%2Ftags&post=45197"}],"curies":[{"name":"wp","href":"https:\/\/api.w.org\/{rel}","templated":true}]}}