{"id":45194,"date":"2023-01-02T11:59:50","date_gmt":"2023-01-02T14:59:50","guid":{"rendered":"https:\/\/noticiasemdestaque.com\/cd\/?p=45194"},"modified":"2023-01-02T11:59:50","modified_gmt":"2023-01-02T14:59:50","slug":"vereador-flavio-messias-sera-empossado-como-novo-presidente-do-legislativo-de-amparo-nesta-segunda-feira","status":"publish","type":"post","link":"https:\/\/noticiasemdestaque.com\/cd\/?p=45194","title":{"rendered":"Vereador Fl\u00e1vio Messias ser\u00e1 empossado como novo presidente do Legislativo de Amparo nesta segunda-feira"},"content":{"rendered":"<p><a href=\"https:\/\/noticiasemdestaque.com\/cd\/wp-content\/uploads\/2023\/01\/WhatsApp-Image-2023-01-02-at-11.07.59.jpeg\"><img fetchpriority=\"high\" decoding=\"async\" class=\"alignnone  wp-image-45195\" src=\"https:\/\/noticiasemdestaque.com\/cd\/wp-content\/uploads\/2023\/01\/WhatsApp-Image-2023-01-02-at-11.07.59-300x195.jpeg\" alt=\"\" width=\"1075\" height=\"699\" srcset=\"https:\/\/noticiasemdestaque.com\/cd\/wp-content\/uploads\/2023\/01\/WhatsApp-Image-2023-01-02-at-11.07.59-300x195.jpeg 300w, https:\/\/noticiasemdestaque.com\/cd\/wp-content\/uploads\/2023\/01\/WhatsApp-Image-2023-01-02-at-11.07.59-768x499.jpeg 768w, https:\/\/noticiasemdestaque.com\/cd\/wp-content\/uploads\/2023\/01\/WhatsApp-Image-2023-01-02-at-11.07.59-18x12.jpeg 18w, https:\/\/noticiasemdestaque.com\/cd\/wp-content\/uploads\/2023\/01\/WhatsApp-Image-2023-01-02-at-11.07.59-230x150.jpeg 230w, https:\/\/noticiasemdestaque.com\/cd\/wp-content\/uploads\/2023\/01\/WhatsApp-Image-2023-01-02-at-11.07.59.jpeg 901w\" sizes=\"(max-width: 1075px) 100vw, 1075px\" \/><\/a><\/p>\n<p>O vereador Fl\u00e1vio Messias estar\u00e1 assumindo o Poder Legislativo de Amparo para o bi\u00eanio 2023\/2024.<\/p>\n<p>A solenidade acontece nesta segunda-feira (02), a partir das 19h na C\u00e2mara de Vereadores do munic\u00edpio.<\/p>\n<p>A nova mesa diretora ainda ser\u00e1 composta por Eduardo Cabral (vice-presidente), Duda Barnab\u00e9 (1\u00ba Secret\u00e1rio) e Edvaldo Divino (2\u00ba Secret\u00e1rio).<\/p>\n<p><strong>Not\u00edcias em Destaque<\/strong><\/p>\n","protected":false},"excerpt":{"rendered":"<p>O vereador Fl\u00e1vio Messias estar\u00e1 assumindo o Poder Legislativo de Amparo para o bi\u00eanio 2023\/2024. A solenidade acontece nesta segunda-feira (02), a partir das 19h na C\u00e2mara de Vereadores do munic\u00edpio. A nova mesa diretora ainda ser\u00e1 composta por Eduardo Cabral (vice-presidente), Duda Barnab\u00e9 (1\u00ba Secret\u00e1rio) e Edvaldo Divino (2\u00ba Secret\u00e1rio). Not\u00edcias em Destaque<\/p>\n","protected":false},"author":2,"featured_media":45195,"comment_status":"closed","ping_status":"open","sticky":false,"template":"","format":"standard","meta":{"_eb_attr":"","_jetpack_memberships_contains_paid_content":false,"footnotes":""},"categories":[4],"tags":[],"class_list":["post-45194","post","type-post","status-publish","format-standard","has-post-thumbnail","hentry","category-politica"],"yoast_head":"<!-- This site is optimized with the Yoast SEO plugin v26.5 - https:\/\/yoast.com\/wordpress\/plugins\/seo\/ -->\n<title>Vereador Fl\u00e1vio Messias ser\u00e1 empossado como novo presidente do Legislativo de Amparo nesta segunda-feira - Not&iacute;cias em Destaque<\/title>\n<meta name=\"robots\" content=\"index, follow, max-snippet:-1, max-image-preview:large, max-video-preview:-1\" \/>\n<link rel=\"canonical\" href=\"https:\/\/noticiasemdestaque.com\/cd\/?p=45194\" \/>\n<meta property=\"og:locale\" content=\"pt_BR\" \/>\n<meta property=\"og:type\" content=\"article\" \/>\n<meta property=\"og:title\" content=\"Vereador Fl\u00e1vio Messias ser\u00e1 empossado como novo presidente do Legislativo de Amparo nesta segunda-feira - Not&iacute;cias em Destaque\" \/>\n<meta property=\"og:description\" content=\"O vereador Fl\u00e1vio Messias estar\u00e1 assumindo o Poder Legislativo de Amparo para o bi\u00eanio 2023\/2024. A solenidade acontece nesta segunda-feira (02), a partir das 19h na C\u00e2mara de Vereadores do munic\u00edpio. A nova mesa diretora ainda ser\u00e1 composta por Eduardo Cabral (vice-presidente), Duda Barnab\u00e9 (1\u00ba Secret\u00e1rio) e Edvaldo Divino (2\u00ba Secret\u00e1rio). Not\u00edcias em Destaque\" \/>\n<meta property=\"og:url\" content=\"https:\/\/noticiasemdestaque.com\/cd\/?p=45194\" \/>\n<meta property=\"og:site_name\" content=\"Not&iacute;cias em Destaque\" \/>\n<meta property=\"article:published_time\" content=\"2023-01-02T14:59:50+00:00\" \/>\n<meta property=\"og:image\" content=\"https:\/\/noticiasemdestaque.com\/cd\/wp-content\/uploads\/2023\/01\/WhatsApp-Image-2023-01-02-at-11.07.59.jpeg\" \/>\n\t<meta property=\"og:image:width\" content=\"901\" \/>\n\t<meta property=\"og:image:height\" content=\"585\" \/>\n\t<meta property=\"og:image:type\" content=\"image\/jpeg\" \/>\n<meta name=\"author\" content=\"Not\u00edcias em Destaque\" \/>\n<meta name=\"twitter:card\" content=\"summary_large_image\" \/>\n<meta name=\"twitter:label1\" content=\"Escrito por\" \/>\n\t<meta name=\"twitter:data1\" content=\"Not\u00edcias em Destaque\" \/>\n\t<meta name=\"twitter:label2\" content=\"Est. tempo de leitura\" \/>\n\t<meta name=\"twitter:data2\" content=\"1 minuto\" \/>\n<script type=\"application\/ld+json\" class=\"yoast-schema-graph\">{\"@context\":\"https:\/\/schema.org\",\"@graph\":[{\"@type\":\"Article\",\"@id\":\"https:\/\/noticiasemdestaque.com\/cd\/?p=45194#article\",\"isPartOf\":{\"@id\":\"https:\/\/noticiasemdestaque.com\/cd\/?p=45194\"},\"author\":{\"name\":\"Not\u00edcias em Destaque\",\"@id\":\"https:\/\/noticiasemdestaque.com\/cd\/#\/schema\/person\/47f7d4f55eec17c6b2ca036c5500f6ce\"},\"headline\":\"Vereador Fl\u00e1vio Messias ser\u00e1 empossado como novo presidente do Legislativo de Amparo nesta segunda-feira\",\"datePublished\":\"2023-01-02T14:59:50+00:00\",\"mainEntityOfPage\":{\"@id\":\"https:\/\/noticiasemdestaque.com\/cd\/?p=45194\"},\"wordCount\":72,\"publisher\":{\"@id\":\"https:\/\/noticiasemdestaque.com\/cd\/#organization\"},\"image\":{\"@id\":\"https:\/\/noticiasemdestaque.com\/cd\/?p=45194#primaryimage\"},\"thumbnailUrl\":\"https:\/\/noticiasemdestaque.com\/cd\/wp-content\/uploads\/2023\/01\/WhatsApp-Image-2023-01-02-at-11.07.59.jpeg\",\"articleSection\":[\"Pol\u00edtica\"],\"inLanguage\":\"pt-BR\"},{\"@type\":\"WebPage\",\"@id\":\"https:\/\/noticiasemdestaque.com\/cd\/?p=45194\",\"url\":\"https:\/\/noticiasemdestaque.com\/cd\/?p=45194\",\"name\":\"Vereador Fl\u00e1vio Messias ser\u00e1 empossado como novo presidente do Legislativo de Amparo nesta segunda-feira - Not&iacute;cias em Destaque\",\"isPartOf\":{\"@id\":\"https:\/\/noticiasemdestaque.com\/cd\/#website\"},\"primaryImageOfPage\":{\"@id\":\"https:\/\/noticiasemdestaque.com\/cd\/?p=45194#primaryimage\"},\"image\":{\"@id\":\"https:\/\/noticiasemdestaque.com\/cd\/?p=45194#primaryimage\"},\"thumbnailUrl\":\"https:\/\/noticiasemdestaque.com\/cd\/wp-content\/uploads\/2023\/01\/WhatsApp-Image-2023-01-02-at-11.07.59.jpeg\",\"datePublished\":\"2023-01-02T14:59:50+00:00\",\"breadcrumb\":{\"@id\":\"https:\/\/noticiasemdestaque.com\/cd\/?p=45194#breadcrumb\"},\"inLanguage\":\"pt-BR\",\"potentialAction\":[{\"@type\":\"ReadAction\",\"target\":[\"https:\/\/noticiasemdestaque.com\/cd\/?p=45194\"]}]},{\"@type\":\"ImageObject\",\"inLanguage\":\"pt-BR\",\"@id\":\"https:\/\/noticiasemdestaque.com\/cd\/?p=45194#primaryimage\",\"url\":\"https:\/\/noticiasemdestaque.com\/cd\/wp-content\/uploads\/2023\/01\/WhatsApp-Image-2023-01-02-at-11.07.59.jpeg\",\"contentUrl\":\"https:\/\/noticiasemdestaque.com\/cd\/wp-content\/uploads\/2023\/01\/WhatsApp-Image-2023-01-02-at-11.07.59.jpeg\",\"width\":901,\"height\":585},{\"@type\":\"BreadcrumbList\",\"@id\":\"https:\/\/noticiasemdestaque.com\/cd\/?p=45194#breadcrumb\",\"itemListElement\":[{\"@type\":\"ListItem\",\"position\":1,\"name\":\"In\u00edcio\",\"item\":\"https:\/\/noticiasemdestaque.com\/cd\/\"},{\"@type\":\"ListItem\",\"position\":2,\"name\":\"Vereador Fl\u00e1vio Messias ser\u00e1 empossado como novo presidente do Legislativo de Amparo nesta segunda-feira\"}]},{\"@type\":\"WebSite\",\"@id\":\"https:\/\/noticiasemdestaque.com\/cd\/#website\",\"url\":\"https:\/\/noticiasemdestaque.com\/cd\/\",\"name\":\"Not&iacute;cias em Destaque\",\"description\":\"\",\"publisher\":{\"@id\":\"https:\/\/noticiasemdestaque.com\/cd\/#organization\"},\"potentialAction\":[{\"@type\":\"SearchAction\",\"target\":{\"@type\":\"EntryPoint\",\"urlTemplate\":\"https:\/\/noticiasemdestaque.com\/cd\/?s={search_term_string}\"},\"query-input\":{\"@type\":\"PropertyValueSpecification\",\"valueRequired\":true,\"valueName\":\"search_term_string\"}}],\"inLanguage\":\"pt-BR\"},{\"@type\":\"Organization\",\"@id\":\"https:\/\/noticiasemdestaque.com\/cd\/#organization\",\"name\":\"Not\u00edcias em Destaque\",\"url\":\"https:\/\/noticiasemdestaque.com\/cd\/\",\"logo\":{\"@type\":\"ImageObject\",\"inLanguage\":\"pt-BR\",\"@id\":\"https:\/\/noticiasemdestaque.com\/cd\/#\/schema\/logo\/image\/\",\"url\":\"https:\/\/noticiasemdestaque.com\/cd\/wp-content\/uploads\/2022\/05\/imagem-base-noticiasemdestaque.png\",\"contentUrl\":\"https:\/\/noticiasemdestaque.com\/cd\/wp-content\/uploads\/2022\/05\/imagem-base-noticiasemdestaque.png\",\"width\":1200,\"height\":630,\"caption\":\"Not\u00edcias em Destaque\"},\"image\":{\"@id\":\"https:\/\/noticiasemdestaque.com\/cd\/#\/schema\/logo\/image\/\"}},{\"@type\":\"Person\",\"@id\":\"https:\/\/noticiasemdestaque.com\/cd\/#\/schema\/person\/47f7d4f55eec17c6b2ca036c5500f6ce\",\"name\":\"Not\u00edcias em Destaque\",\"url\":\"https:\/\/noticiasemdestaque.com\/cd\/?author=2\"}]}<\/script>\n<!-- \/ Yoast SEO plugin. -->","yoast_head_json":{"title":"Vereador Fl\u00e1vio Messias ser\u00e1 empossado como novo presidente do Legislativo de Amparo nesta segunda-feira - Not&iacute;cias em Destaque","robots":{"index":"index","follow":"follow","max-snippet":"max-snippet:-1","max-image-preview":"max-image-preview:large","max-video-preview":"max-video-preview:-1"},"canonical":"https:\/\/noticiasemdestaque.com\/cd\/?p=45194","og_locale":"pt_BR","og_type":"article","og_title":"Vereador Fl\u00e1vio Messias ser\u00e1 empossado como novo presidente do Legislativo de Amparo nesta segunda-feira - Not&iacute;cias em Destaque","og_description":"O vereador Fl\u00e1vio Messias estar\u00e1 assumindo o Poder Legislativo de Amparo para o bi\u00eanio 2023\/2024. A solenidade acontece nesta segunda-feira (02), a partir das 19h na C\u00e2mara de Vereadores do munic\u00edpio. A nova mesa diretora ainda ser\u00e1 composta por Eduardo Cabral (vice-presidente), Duda Barnab\u00e9 (1\u00ba Secret\u00e1rio) e Edvaldo Divino (2\u00ba Secret\u00e1rio). Not\u00edcias em Destaque","og_url":"https:\/\/noticiasemdestaque.com\/cd\/?p=45194","og_site_name":"Not&iacute;cias em Destaque","article_published_time":"2023-01-02T14:59:50+00:00","og_image":[{"width":901,"height":585,"url":"https:\/\/noticiasemdestaque.com\/cd\/wp-content\/uploads\/2023\/01\/WhatsApp-Image-2023-01-02-at-11.07.59.jpeg","type":"image\/jpeg"}],"author":"Not\u00edcias em Destaque","twitter_card":"summary_large_image","twitter_misc":{"Escrito por":"Not\u00edcias em Destaque","Est. tempo de leitura":"1 minuto"},"schema":{"@context":"https:\/\/schema.org","@graph":[{"@type":"Article","@id":"https:\/\/noticiasemdestaque.com\/cd\/?p=45194#article","isPartOf":{"@id":"https:\/\/noticiasemdestaque.com\/cd\/?p=45194"},"author":{"name":"Not\u00edcias em Destaque","@id":"https:\/\/noticiasemdestaque.com\/cd\/#\/schema\/person\/47f7d4f55eec17c6b2ca036c5500f6ce"},"headline":"Vereador Fl\u00e1vio Messias ser\u00e1 empossado como novo presidente do Legislativo de Amparo nesta segunda-feira","datePublished":"2023-01-02T14:59:50+00:00","mainEntityOfPage":{"@id":"https:\/\/noticiasemdestaque.com\/cd\/?p=45194"},"wordCount":72,"publisher":{"@id":"https:\/\/noticiasemdestaque.com\/cd\/#organization"},"image":{"@id":"https:\/\/noticiasemdestaque.com\/cd\/?p=45194#primaryimage"},"thumbnailUrl":"https:\/\/noticiasemdestaque.com\/cd\/wp-content\/uploads\/2023\/01\/WhatsApp-Image-2023-01-02-at-11.07.59.jpeg","articleSection":["Pol\u00edtica"],"inLanguage":"pt-BR"},{"@type":"WebPage","@id":"https:\/\/noticiasemdestaque.com\/cd\/?p=45194","url":"https:\/\/noticiasemdestaque.com\/cd\/?p=45194","name":"Vereador Fl\u00e1vio Messias ser\u00e1 empossado como novo presidente do Legislativo de Amparo nesta segunda-feira - Not&iacute;cias em Destaque","isPartOf":{"@id":"https:\/\/noticiasemdestaque.com\/cd\/#website"},"primaryImageOfPage":{"@id":"https:\/\/noticiasemdestaque.com\/cd\/?p=45194#primaryimage"},"image":{"@id":"https:\/\/noticiasemdestaque.com\/cd\/?p=45194#primaryimage"},"thumbnailUrl":"https:\/\/noticiasemdestaque.com\/cd\/wp-content\/uploads\/2023\/01\/WhatsApp-Image-2023-01-02-at-11.07.59.jpeg","datePublished":"2023-01-02T14:59:50+00:00","breadcrumb":{"@id":"https:\/\/noticiasemdestaque.com\/cd\/?p=45194#breadcrumb"},"inLanguage":"pt-BR","potentialAction":[{"@type":"ReadAction","target":["https:\/\/noticiasemdestaque.com\/cd\/?p=45194"]}]},{"@type":"ImageObject","inLanguage":"pt-BR","@id":"https:\/\/noticiasemdestaque.com\/cd\/?p=45194#primaryimage","url":"https:\/\/noticiasemdestaque.com\/cd\/wp-content\/uploads\/2023\/01\/WhatsApp-Image-2023-01-02-at-11.07.59.jpeg","contentUrl":"https:\/\/noticiasemdestaque.com\/cd\/wp-content\/uploads\/2023\/01\/WhatsApp-Image-2023-01-02-at-11.07.59.jpeg","width":901,"height":585},{"@type":"BreadcrumbList","@id":"https:\/\/noticiasemdestaque.com\/cd\/?p=45194#breadcrumb","itemListElement":[{"@type":"ListItem","position":1,"name":"In\u00edcio","item":"https:\/\/noticiasemdestaque.com\/cd\/"},{"@type":"ListItem","position":2,"name":"Vereador Fl\u00e1vio Messias ser\u00e1 empossado como novo presidente do Legislativo de Amparo nesta segunda-feira"}]},{"@type":"WebSite","@id":"https:\/\/noticiasemdestaque.com\/cd\/#website","url":"https:\/\/noticiasemdestaque.com\/cd\/","name":"Not&iacute;cias em Destaque","description":"","publisher":{"@id":"https:\/\/noticiasemdestaque.com\/cd\/#organization"},"potentialAction":[{"@type":"SearchAction","target":{"@type":"EntryPoint","urlTemplate":"https:\/\/noticiasemdestaque.com\/cd\/?s={search_term_string}"},"query-input":{"@type":"PropertyValueSpecification","valueRequired":true,"valueName":"search_term_string"}}],"inLanguage":"pt-BR"},{"@type":"Organization","@id":"https:\/\/noticiasemdestaque.com\/cd\/#organization","name":"Not\u00edcias em Destaque","url":"https:\/\/noticiasemdestaque.com\/cd\/","logo":{"@type":"ImageObject","inLanguage":"pt-BR","@id":"https:\/\/noticiasemdestaque.com\/cd\/#\/schema\/logo\/image\/","url":"https:\/\/noticiasemdestaque.com\/cd\/wp-content\/uploads\/2022\/05\/imagem-base-noticiasemdestaque.png","contentUrl":"https:\/\/noticiasemdestaque.com\/cd\/wp-content\/uploads\/2022\/05\/imagem-base-noticiasemdestaque.png","width":1200,"height":630,"caption":"Not\u00edcias em Destaque"},"image":{"@id":"https:\/\/noticiasemdestaque.com\/cd\/#\/schema\/logo\/image\/"}},{"@type":"Person","@id":"https:\/\/noticiasemdestaque.com\/cd\/#\/schema\/person\/47f7d4f55eec17c6b2ca036c5500f6ce","name":"Not\u00edcias em Destaque","url":"https:\/\/noticiasemdestaque.com\/cd\/?author=2"}]}},"jetpack_featured_media_url":"https:\/\/noticiasemdestaque.com\/cd\/wp-content\/uploads\/2023\/01\/WhatsApp-Image-2023-01-02-at-11.07.59.jpeg","jetpack_sharing_enabled":true,"_links":{"self":[{"href":"https:\/\/noticiasemdestaque.com\/cd\/index.php?rest_route=\/wp\/v2\/posts\/45194","targetHints":{"allow":["GET"]}}],"collection":[{"href":"https:\/\/noticiasemdestaque.com\/cd\/index.php?rest_route=\/wp\/v2\/posts"}],"about":[{"href":"https:\/\/noticiasemdestaque.com\/cd\/index.php?rest_route=\/wp\/v2\/types\/post"}],"author":[{"embeddable":true,"href":"https:\/\/noticiasemdestaque.com\/cd\/index.php?rest_route=\/wp\/v2\/users\/2"}],"replies":[{"embeddable":true,"href":"https:\/\/noticiasemdestaque.com\/cd\/index.php?rest_route=%2Fwp%2Fv2%2Fcomments&post=45194"}],"version-history":[{"count":1,"href":"https:\/\/noticiasemdestaque.com\/cd\/index.php?rest_route=\/wp\/v2\/posts\/45194\/revisions"}],"predecessor-version":[{"id":45196,"href":"https:\/\/noticiasemdestaque.com\/cd\/index.php?rest_route=\/wp\/v2\/posts\/45194\/revisions\/45196"}],"wp:featuredmedia":[{"embeddable":true,"href":"https:\/\/noticiasemdestaque.com\/cd\/index.php?rest_route=\/wp\/v2\/media\/45195"}],"wp:attachment":[{"href":"https:\/\/noticiasemdestaque.com\/cd\/index.php?rest_route=%2Fwp%2Fv2%2Fmedia&parent=45194"}],"wp:term":[{"taxonomy":"category","embeddable":true,"href":"https:\/\/noticiasemdestaque.com\/cd\/index.php?rest_route=%2Fwp%2Fv2%2Fcategories&post=45194"},{"taxonomy":"post_tag","embeddable":true,"href":"https:\/\/noticiasemdestaque.com\/cd\/index.php?rest_route=%2Fwp%2Fv2%2Ftags&post=45194"}],"curies":[{"name":"wp","href":"https:\/\/api.w.org\/{rel}","templated":true}]}}