{"id":45188,"date":"2023-01-02T10:15:04","date_gmt":"2023-01-02T13:15:04","guid":{"rendered":"https:\/\/noticiasemdestaque.com\/cd\/?p=45188"},"modified":"2023-01-02T10:15:04","modified_gmt":"2023-01-02T13:15:04","slug":"deputados-estaduais-da-paraiba-tomam-posse-em-1o-de-fevereiro-e-apenas-cinco-parlamentares-nao-conseguiram-se-reeleger","status":"publish","type":"post","link":"https:\/\/noticiasemdestaque.com\/cd\/?p=45188","title":{"rendered":"Deputados estaduais da Para\u00edba tomam posse em 1\u00ba de fevereiro e apenas cinco parlamentares n\u00e3o conseguiram se reeleger"},"content":{"rendered":"<div class=\"style_text\">\n<div>\n<p><a href=\"https:\/\/noticiasemdestaque.com\/cd\/wp-content\/uploads\/2023\/01\/apos-recesso-assembleia-legislativa-retoma-atividades-nesta-terca.jpg\"><img fetchpriority=\"high\" decoding=\"async\" class=\"alignnone  wp-image-45189\" src=\"https:\/\/noticiasemdestaque.com\/cd\/wp-content\/uploads\/2023\/01\/apos-recesso-assembleia-legislativa-retoma-atividades-nesta-terca-300x200.jpg\" alt=\"\" width=\"1139\" height=\"759\" \/><\/a><\/p>\n<p>A cerim\u00f4nia de posse do presidente da Rep\u00fablica e dos governadores eleitos movimentou o primeiro dia de janeiro de 2023.\u00a0 Agora, a expectativa \u00e9 em rela\u00e7\u00e3o aos cargos legislativos, como os de senadores, deputados federais\u00a0e deputados estaduais que\u00a0tomam posse em 1\u00ba de fevereiro de 2023.<\/p>\n<p>Dos 36 deputados que dever\u00e3o ocupar as cadeiras da Assembleia da Para\u00edba pelos pr\u00f3ximos quatro anos, 22 foram reeleitos. Apenas An\u00edsio Maia, Bosco Carneiro, Buba Germano, Manoel Ludg\u00e9rio e Moacir Rodrigues n\u00e3o conseguiram se reeleger.<\/p>\n<p>O deputado Adriano Galdino que (Republicanos), presidente da Assembleia Legislativa da Para\u00edba, foi reeleito com 59.329 votos, sendo o mais votado da nova legislatura. Entre os novatos, est\u00e1 o ex-prefeito de Jo\u00e3o Pessoa, Luciano Cartaxo.<\/p>\n<p>Alguns do que novatos j\u00e1 ocuparam as cadeiras da Casa em outras ocasi\u00f5es.<\/p>\n<p>Confira quem s\u00e3o os novatos:<\/p>\n<ul>\n<li>Chico Mendes (PSB)<\/li>\n<li>Danielle do Vale (Republicanos)<\/li>\n<li>Dr Romualdo (MDB)<\/li>\n<li>Dr Eduardo Brito (SD)<\/li>\n<li>Francisca Motta (Republicanos)<\/li>\n<li>Fabio Ramalho (PSD B)<\/li>\n<li>George Morais (Uni\u00e3o)<\/li>\n<li>Gilbertinho (Uni\u00e3o)<\/li>\n<li>Jo\u00e3o Paulo (PP)<\/li>\n<li>Luciano Cartaxo (PT)<\/li>\n<li>Marcio Roberto (Republicanos)<\/li>\n<li>Michel Henrique (Republicanos)<\/li>\n<li>Sargento Neto (PL)<\/li>\n<li>Tanilson Soares (PSB)<\/li>\n<\/ul>\n<p>Confira quem s\u00e3o os\u00a0reeleitos:<\/p>\n<ul>\n<li>Adriano Galdino (Republicanos)<\/li>\n<li>Anderson Monteiro (MDB)<\/li>\n<li>Branco Mendes (Republicanos)<\/li>\n<li>Caio Roberto (PL)<\/li>\n<li>Camila Toscano (PSDB)<\/li>\n<li>Chi\u00f3 (Rede)<\/li>\n<li>Cida Ramos (PT)<\/li>\n<li>Dr\u00aa Jane Panta (PP)<\/li>\n<li>Dr\u00aa Paula (PP)<\/li>\n<li>Eduardo Carneiro (SD)<\/li>\n<li>Felipe Leit\u00e3o (PSD)<\/li>\n<li>Galego de Souza (PP)<\/li>\n<li>Hervazio Bezerra (PSB)<\/li>\n<li>In\u00e1cio Falc\u00e3o (PCdoB)<\/li>\n<li>Jo\u00e3o Gon\u00e7alves (PSB)<\/li>\n<li>Junior Araujo (PSB)<\/li>\n<li>Jutay Meneses (Republicanos)<\/li>\n<li>Taciano Diniz (Uni\u00e3o)<\/li>\n<li>Ti\u00e3o Gomes (PSB)<\/li>\n<li>Tovar Correia Lima (PSDB)<\/li>\n<li>Wallber Virgolino (PL)<\/li>\n<li>Wilson Filho (Republicanos)<\/li>\n<\/ul>\n<p>A nova Legislatura terminar\u00e1 em 31 de janeiro de 2027.<\/p>\n<\/div>\n<\/div>\n<div id=\"M835943ScriptRootC1369727_05370\">\n<div id=\"MarketGidComposite1369727_05370\">\n<div>\n<div class=\"mgbox\">\n<div class=\"mgheader\"><strong>Noticias em Destaque<\/strong><\/div>\n<div style=\"text-align: right;\"><em>Fonte: Click PB<\/em><\/div>\n<\/div>\n<\/div>\n<\/div>\n<\/div>\n","protected":false},"excerpt":{"rendered":"<p>A cerim\u00f4nia de posse do presidente da Rep\u00fablica e dos governadores eleitos movimentou o primeiro dia de janeiro de 2023.\u00a0 Agora, a expectativa \u00e9 em rela\u00e7\u00e3o aos cargos legislativos, como os de senadores, deputados federais\u00a0e deputados estaduais que\u00a0tomam posse em 1\u00ba de fevereiro de 2023. Dos 36 deputados que dever\u00e3o ocupar as cadeiras da Assembleia da Para\u00edba pelos pr\u00f3ximos quatro anos, 22 foram reeleitos. Apenas An\u00edsio Maia, Bosco Carneiro, Buba Germano, Manoel Ludg\u00e9rio e Moacir Rodrigues n\u00e3o conseguiram se reeleger. O deputado Adriano Galdino que (Republicanos), presidente da Assembleia Legislativa da Para\u00edba, foi reeleito com 59.329 votos, sendo o mais votado da nova legislatura. Entre os novatos, est\u00e1 o ex-prefeito de Jo\u00e3o Pessoa, Luciano Cartaxo. Alguns do que novatos j\u00e1 ocuparam as cadeiras da Casa em outras ocasi\u00f5es. Confira quem s\u00e3o os novatos: Chico Mendes (PSB) Danielle do Vale (Republicanos) Dr Romualdo (MDB) Dr Eduardo Brito (SD) Francisca Motta (Republicanos) Fabio Ramalho (PSD B) George Morais (Uni\u00e3o) Gilbertinho (Uni\u00e3o) Jo\u00e3o Paulo (PP) Luciano Cartaxo (PT) Marcio Roberto (Republicanos) Michel Henrique (Republicanos) Sargento Neto (PL) Tanilson Soares (PSB) Confira quem s\u00e3o os\u00a0reeleitos: Adriano Galdino (Republicanos) Anderson Monteiro (MDB) Branco Mendes (Republicanos) Caio Roberto (PL) Camila Toscano (PSDB) Chi\u00f3 (Rede) Cida Ramos (PT) Dr\u00aa Jane Panta (PP) Dr\u00aa Paula (PP) Eduardo Carneiro (SD) Felipe Leit\u00e3o (PSD) Galego de Souza (PP) Hervazio Bezerra (PSB) In\u00e1cio Falc\u00e3o (PCdoB) Jo\u00e3o Gon\u00e7alves (PSB) Junior Araujo (PSB) Jutay Meneses (Republicanos) Taciano Diniz (Uni\u00e3o) Ti\u00e3o Gomes (PSB) Tovar Correia Lima (PSDB) Wallber Virgolino (PL) Wilson Filho (Republicanos) A nova Legislatura terminar\u00e1 em 31 de janeiro de 2027. Noticias em Destaque Fonte: Click PB<\/p>\n","protected":false},"author":2,"featured_media":0,"comment_status":"closed","ping_status":"open","sticky":false,"template":"","format":"standard","meta":{"_eb_attr":"","_jetpack_memberships_contains_paid_content":false,"footnotes":""},"categories":[4],"tags":[],"class_list":["post-45188","post","type-post","status-publish","format-standard","hentry","category-politica"],"yoast_head":"<!-- This site is optimized with the Yoast SEO plugin v26.5 - https:\/\/yoast.com\/wordpress\/plugins\/seo\/ -->\n<title>Deputados estaduais da Para\u00edba tomam posse em 1\u00ba de fevereiro e apenas cinco parlamentares n\u00e3o conseguiram se reeleger - Not&iacute;cias em Destaque<\/title>\n<meta name=\"robots\" content=\"index, follow, max-snippet:-1, max-image-preview:large, max-video-preview:-1\" \/>\n<link rel=\"canonical\" href=\"https:\/\/noticiasemdestaque.com\/cd\/?p=45188\" \/>\n<meta property=\"og:locale\" content=\"pt_BR\" \/>\n<meta property=\"og:type\" content=\"article\" \/>\n<meta property=\"og:title\" content=\"Deputados estaduais da Para\u00edba tomam posse em 1\u00ba de fevereiro e apenas cinco parlamentares n\u00e3o conseguiram se reeleger - Not&iacute;cias em Destaque\" \/>\n<meta property=\"og:description\" content=\"A cerim\u00f4nia de posse do presidente da Rep\u00fablica e dos governadores eleitos movimentou o primeiro dia de janeiro de 2023.\u00a0 Agora, a expectativa \u00e9 em rela\u00e7\u00e3o aos cargos legislativos, como os de senadores, deputados federais\u00a0e deputados estaduais que\u00a0tomam posse em 1\u00ba de fevereiro de 2023. Dos 36 deputados que dever\u00e3o ocupar as cadeiras da Assembleia da Para\u00edba pelos pr\u00f3ximos quatro anos, 22 foram reeleitos. Apenas An\u00edsio Maia, Bosco Carneiro, Buba Germano, Manoel Ludg\u00e9rio e Moacir Rodrigues n\u00e3o conseguiram se reeleger. O deputado Adriano Galdino que (Republicanos), presidente da Assembleia Legislativa da Para\u00edba, foi reeleito com 59.329 votos, sendo o mais votado da nova legislatura. Entre os novatos, est\u00e1 o ex-prefeito de Jo\u00e3o Pessoa, Luciano Cartaxo. Alguns do que novatos j\u00e1 ocuparam as cadeiras da Casa em outras ocasi\u00f5es. Confira quem s\u00e3o os novatos: Chico Mendes (PSB) Danielle do Vale (Republicanos) Dr Romualdo (MDB) Dr Eduardo Brito (SD) Francisca Motta (Republicanos) Fabio Ramalho (PSD B) George Morais (Uni\u00e3o) Gilbertinho (Uni\u00e3o) Jo\u00e3o Paulo (PP) Luciano Cartaxo (PT) Marcio Roberto (Republicanos) Michel Henrique (Republicanos) Sargento Neto (PL) Tanilson Soares (PSB) Confira quem s\u00e3o os\u00a0reeleitos: Adriano Galdino (Republicanos) Anderson Monteiro (MDB) Branco Mendes (Republicanos) Caio Roberto (PL) Camila Toscano (PSDB) Chi\u00f3 (Rede) Cida Ramos (PT) Dr\u00aa Jane Panta (PP) Dr\u00aa Paula (PP) Eduardo Carneiro (SD) Felipe Leit\u00e3o (PSD) Galego de Souza (PP) Hervazio Bezerra (PSB) In\u00e1cio Falc\u00e3o (PCdoB) Jo\u00e3o Gon\u00e7alves (PSB) Junior Araujo (PSB) Jutay Meneses (Republicanos) Taciano Diniz (Uni\u00e3o) Ti\u00e3o Gomes (PSB) Tovar Correia Lima (PSDB) Wallber Virgolino (PL) Wilson Filho (Republicanos) A nova Legislatura terminar\u00e1 em 31 de janeiro de 2027. Noticias em Destaque Fonte: Click PB\" \/>\n<meta property=\"og:url\" content=\"https:\/\/noticiasemdestaque.com\/cd\/?p=45188\" \/>\n<meta property=\"og:site_name\" content=\"Not&iacute;cias em Destaque\" \/>\n<meta property=\"article:published_time\" content=\"2023-01-02T13:15:04+00:00\" \/>\n<meta property=\"og:image\" content=\"http:\/\/noticiasemdestaque.com\/cd\/wp-content\/uploads\/2023\/01\/apos-recesso-assembleia-legislativa-retoma-atividades-nesta-terca-300x200.jpg\" \/>\n<meta name=\"author\" content=\"Not\u00edcias em Destaque\" \/>\n<meta name=\"twitter:card\" content=\"summary_large_image\" \/>\n<meta name=\"twitter:label1\" content=\"Escrito por\" \/>\n\t<meta name=\"twitter:data1\" content=\"Not\u00edcias em Destaque\" \/>\n\t<meta name=\"twitter:label2\" content=\"Est. tempo de leitura\" \/>\n\t<meta name=\"twitter:data2\" content=\"2 minutos\" \/>\n<script type=\"application\/ld+json\" class=\"yoast-schema-graph\">{\"@context\":\"https:\/\/schema.org\",\"@graph\":[{\"@type\":\"Article\",\"@id\":\"https:\/\/noticiasemdestaque.com\/cd\/?p=45188#article\",\"isPartOf\":{\"@id\":\"https:\/\/noticiasemdestaque.com\/cd\/?p=45188\"},\"author\":{\"name\":\"Not\u00edcias em Destaque\",\"@id\":\"https:\/\/noticiasemdestaque.com\/cd\/#\/schema\/person\/47f7d4f55eec17c6b2ca036c5500f6ce\"},\"headline\":\"Deputados estaduais da Para\u00edba tomam posse em 1\u00ba de fevereiro e apenas cinco parlamentares n\u00e3o conseguiram se reeleger\",\"datePublished\":\"2023-01-02T13:15:04+00:00\",\"mainEntityOfPage\":{\"@id\":\"https:\/\/noticiasemdestaque.com\/cd\/?p=45188\"},\"wordCount\":302,\"publisher\":{\"@id\":\"https:\/\/noticiasemdestaque.com\/cd\/#organization\"},\"image\":{\"@id\":\"https:\/\/noticiasemdestaque.com\/cd\/?p=45188#primaryimage\"},\"thumbnailUrl\":\"http:\/\/noticiasemdestaque.com\/cd\/wp-content\/uploads\/2023\/01\/apos-recesso-assembleia-legislativa-retoma-atividades-nesta-terca-300x200.jpg\",\"articleSection\":[\"Pol\u00edtica\"],\"inLanguage\":\"pt-BR\"},{\"@type\":\"WebPage\",\"@id\":\"https:\/\/noticiasemdestaque.com\/cd\/?p=45188\",\"url\":\"https:\/\/noticiasemdestaque.com\/cd\/?p=45188\",\"name\":\"Deputados estaduais da Para\u00edba tomam posse em 1\u00ba de fevereiro e apenas cinco parlamentares n\u00e3o conseguiram se reeleger - Not&iacute;cias em Destaque\",\"isPartOf\":{\"@id\":\"https:\/\/noticiasemdestaque.com\/cd\/#website\"},\"primaryImageOfPage\":{\"@id\":\"https:\/\/noticiasemdestaque.com\/cd\/?p=45188#primaryimage\"},\"image\":{\"@id\":\"https:\/\/noticiasemdestaque.com\/cd\/?p=45188#primaryimage\"},\"thumbnailUrl\":\"http:\/\/noticiasemdestaque.com\/cd\/wp-content\/uploads\/2023\/01\/apos-recesso-assembleia-legislativa-retoma-atividades-nesta-terca-300x200.jpg\",\"datePublished\":\"2023-01-02T13:15:04+00:00\",\"breadcrumb\":{\"@id\":\"https:\/\/noticiasemdestaque.com\/cd\/?p=45188#breadcrumb\"},\"inLanguage\":\"pt-BR\",\"potentialAction\":[{\"@type\":\"ReadAction\",\"target\":[\"https:\/\/noticiasemdestaque.com\/cd\/?p=45188\"]}]},{\"@type\":\"ImageObject\",\"inLanguage\":\"pt-BR\",\"@id\":\"https:\/\/noticiasemdestaque.com\/cd\/?p=45188#primaryimage\",\"url\":\"http:\/\/noticiasemdestaque.com\/cd\/wp-content\/uploads\/2023\/01\/apos-recesso-assembleia-legislativa-retoma-atividades-nesta-terca-300x200.jpg\",\"contentUrl\":\"http:\/\/noticiasemdestaque.com\/cd\/wp-content\/uploads\/2023\/01\/apos-recesso-assembleia-legislativa-retoma-atividades-nesta-terca-300x200.jpg\"},{\"@type\":\"BreadcrumbList\",\"@id\":\"https:\/\/noticiasemdestaque.com\/cd\/?p=45188#breadcrumb\",\"itemListElement\":[{\"@type\":\"ListItem\",\"position\":1,\"name\":\"In\u00edcio\",\"item\":\"https:\/\/noticiasemdestaque.com\/cd\/\"},{\"@type\":\"ListItem\",\"position\":2,\"name\":\"Deputados estaduais da Para\u00edba tomam posse em 1\u00ba de fevereiro e apenas cinco parlamentares n\u00e3o conseguiram se reeleger\"}]},{\"@type\":\"WebSite\",\"@id\":\"https:\/\/noticiasemdestaque.com\/cd\/#website\",\"url\":\"https:\/\/noticiasemdestaque.com\/cd\/\",\"name\":\"Not&iacute;cias em Destaque\",\"description\":\"\",\"publisher\":{\"@id\":\"https:\/\/noticiasemdestaque.com\/cd\/#organization\"},\"potentialAction\":[{\"@type\":\"SearchAction\",\"target\":{\"@type\":\"EntryPoint\",\"urlTemplate\":\"https:\/\/noticiasemdestaque.com\/cd\/?s={search_term_string}\"},\"query-input\":{\"@type\":\"PropertyValueSpecification\",\"valueRequired\":true,\"valueName\":\"search_term_string\"}}],\"inLanguage\":\"pt-BR\"},{\"@type\":\"Organization\",\"@id\":\"https:\/\/noticiasemdestaque.com\/cd\/#organization\",\"name\":\"Not\u00edcias em Destaque\",\"url\":\"https:\/\/noticiasemdestaque.com\/cd\/\",\"logo\":{\"@type\":\"ImageObject\",\"inLanguage\":\"pt-BR\",\"@id\":\"https:\/\/noticiasemdestaque.com\/cd\/#\/schema\/logo\/image\/\",\"url\":\"https:\/\/noticiasemdestaque.com\/cd\/wp-content\/uploads\/2022\/05\/imagem-base-noticiasemdestaque.png\",\"contentUrl\":\"https:\/\/noticiasemdestaque.com\/cd\/wp-content\/uploads\/2022\/05\/imagem-base-noticiasemdestaque.png\",\"width\":1200,\"height\":630,\"caption\":\"Not\u00edcias em Destaque\"},\"image\":{\"@id\":\"https:\/\/noticiasemdestaque.com\/cd\/#\/schema\/logo\/image\/\"}},{\"@type\":\"Person\",\"@id\":\"https:\/\/noticiasemdestaque.com\/cd\/#\/schema\/person\/47f7d4f55eec17c6b2ca036c5500f6ce\",\"name\":\"Not\u00edcias em Destaque\",\"url\":\"https:\/\/noticiasemdestaque.com\/cd\/?author=2\"}]}<\/script>\n<!-- \/ Yoast SEO plugin. -->","yoast_head_json":{"title":"Deputados estaduais da Para\u00edba tomam posse em 1\u00ba de fevereiro e apenas cinco parlamentares n\u00e3o conseguiram se reeleger - Not&iacute;cias em Destaque","robots":{"index":"index","follow":"follow","max-snippet":"max-snippet:-1","max-image-preview":"max-image-preview:large","max-video-preview":"max-video-preview:-1"},"canonical":"https:\/\/noticiasemdestaque.com\/cd\/?p=45188","og_locale":"pt_BR","og_type":"article","og_title":"Deputados estaduais da Para\u00edba tomam posse em 1\u00ba de fevereiro e apenas cinco parlamentares n\u00e3o conseguiram se reeleger - Not&iacute;cias em Destaque","og_description":"A cerim\u00f4nia de posse do presidente da Rep\u00fablica e dos governadores eleitos movimentou o primeiro dia de janeiro de 2023.\u00a0 Agora, a expectativa \u00e9 em rela\u00e7\u00e3o aos cargos legislativos, como os de senadores, deputados federais\u00a0e deputados estaduais que\u00a0tomam posse em 1\u00ba de fevereiro de 2023. Dos 36 deputados que dever\u00e3o ocupar as cadeiras da Assembleia da Para\u00edba pelos pr\u00f3ximos quatro anos, 22 foram reeleitos. Apenas An\u00edsio Maia, Bosco Carneiro, Buba Germano, Manoel Ludg\u00e9rio e Moacir Rodrigues n\u00e3o conseguiram se reeleger. O deputado Adriano Galdino que (Republicanos), presidente da Assembleia Legislativa da Para\u00edba, foi reeleito com 59.329 votos, sendo o mais votado da nova legislatura. Entre os novatos, est\u00e1 o ex-prefeito de Jo\u00e3o Pessoa, Luciano Cartaxo. Alguns do que novatos j\u00e1 ocuparam as cadeiras da Casa em outras ocasi\u00f5es. Confira quem s\u00e3o os novatos: Chico Mendes (PSB) Danielle do Vale (Republicanos) Dr Romualdo (MDB) Dr Eduardo Brito (SD) Francisca Motta (Republicanos) Fabio Ramalho (PSD B) George Morais (Uni\u00e3o) Gilbertinho (Uni\u00e3o) Jo\u00e3o Paulo (PP) Luciano Cartaxo (PT) Marcio Roberto (Republicanos) Michel Henrique (Republicanos) Sargento Neto (PL) Tanilson Soares (PSB) Confira quem s\u00e3o os\u00a0reeleitos: Adriano Galdino (Republicanos) Anderson Monteiro (MDB) Branco Mendes (Republicanos) Caio Roberto (PL) Camila Toscano (PSDB) Chi\u00f3 (Rede) Cida Ramos (PT) Dr\u00aa Jane Panta (PP) Dr\u00aa Paula (PP) Eduardo Carneiro (SD) Felipe Leit\u00e3o (PSD) Galego de Souza (PP) Hervazio Bezerra (PSB) In\u00e1cio Falc\u00e3o (PCdoB) Jo\u00e3o Gon\u00e7alves (PSB) Junior Araujo (PSB) Jutay Meneses (Republicanos) Taciano Diniz (Uni\u00e3o) Ti\u00e3o Gomes (PSB) Tovar Correia Lima (PSDB) Wallber Virgolino (PL) Wilson Filho (Republicanos) A nova Legislatura terminar\u00e1 em 31 de janeiro de 2027. Noticias em Destaque Fonte: Click PB","og_url":"https:\/\/noticiasemdestaque.com\/cd\/?p=45188","og_site_name":"Not&iacute;cias em Destaque","article_published_time":"2023-01-02T13:15:04+00:00","og_image":[{"url":"http:\/\/noticiasemdestaque.com\/cd\/wp-content\/uploads\/2023\/01\/apos-recesso-assembleia-legislativa-retoma-atividades-nesta-terca-300x200.jpg","type":"","width":"","height":""}],"author":"Not\u00edcias em Destaque","twitter_card":"summary_large_image","twitter_misc":{"Escrito por":"Not\u00edcias em Destaque","Est. tempo de leitura":"2 minutos"},"schema":{"@context":"https:\/\/schema.org","@graph":[{"@type":"Article","@id":"https:\/\/noticiasemdestaque.com\/cd\/?p=45188#article","isPartOf":{"@id":"https:\/\/noticiasemdestaque.com\/cd\/?p=45188"},"author":{"name":"Not\u00edcias em Destaque","@id":"https:\/\/noticiasemdestaque.com\/cd\/#\/schema\/person\/47f7d4f55eec17c6b2ca036c5500f6ce"},"headline":"Deputados estaduais da Para\u00edba tomam posse em 1\u00ba de fevereiro e apenas cinco parlamentares n\u00e3o conseguiram se reeleger","datePublished":"2023-01-02T13:15:04+00:00","mainEntityOfPage":{"@id":"https:\/\/noticiasemdestaque.com\/cd\/?p=45188"},"wordCount":302,"publisher":{"@id":"https:\/\/noticiasemdestaque.com\/cd\/#organization"},"image":{"@id":"https:\/\/noticiasemdestaque.com\/cd\/?p=45188#primaryimage"},"thumbnailUrl":"http:\/\/noticiasemdestaque.com\/cd\/wp-content\/uploads\/2023\/01\/apos-recesso-assembleia-legislativa-retoma-atividades-nesta-terca-300x200.jpg","articleSection":["Pol\u00edtica"],"inLanguage":"pt-BR"},{"@type":"WebPage","@id":"https:\/\/noticiasemdestaque.com\/cd\/?p=45188","url":"https:\/\/noticiasemdestaque.com\/cd\/?p=45188","name":"Deputados estaduais da Para\u00edba tomam posse em 1\u00ba de fevereiro e apenas cinco parlamentares n\u00e3o conseguiram se reeleger - Not&iacute;cias em Destaque","isPartOf":{"@id":"https:\/\/noticiasemdestaque.com\/cd\/#website"},"primaryImageOfPage":{"@id":"https:\/\/noticiasemdestaque.com\/cd\/?p=45188#primaryimage"},"image":{"@id":"https:\/\/noticiasemdestaque.com\/cd\/?p=45188#primaryimage"},"thumbnailUrl":"http:\/\/noticiasemdestaque.com\/cd\/wp-content\/uploads\/2023\/01\/apos-recesso-assembleia-legislativa-retoma-atividades-nesta-terca-300x200.jpg","datePublished":"2023-01-02T13:15:04+00:00","breadcrumb":{"@id":"https:\/\/noticiasemdestaque.com\/cd\/?p=45188#breadcrumb"},"inLanguage":"pt-BR","potentialAction":[{"@type":"ReadAction","target":["https:\/\/noticiasemdestaque.com\/cd\/?p=45188"]}]},{"@type":"ImageObject","inLanguage":"pt-BR","@id":"https:\/\/noticiasemdestaque.com\/cd\/?p=45188#primaryimage","url":"http:\/\/noticiasemdestaque.com\/cd\/wp-content\/uploads\/2023\/01\/apos-recesso-assembleia-legislativa-retoma-atividades-nesta-terca-300x200.jpg","contentUrl":"http:\/\/noticiasemdestaque.com\/cd\/wp-content\/uploads\/2023\/01\/apos-recesso-assembleia-legislativa-retoma-atividades-nesta-terca-300x200.jpg"},{"@type":"BreadcrumbList","@id":"https:\/\/noticiasemdestaque.com\/cd\/?p=45188#breadcrumb","itemListElement":[{"@type":"ListItem","position":1,"name":"In\u00edcio","item":"https:\/\/noticiasemdestaque.com\/cd\/"},{"@type":"ListItem","position":2,"name":"Deputados estaduais da Para\u00edba tomam posse em 1\u00ba de fevereiro e apenas cinco parlamentares n\u00e3o conseguiram se reeleger"}]},{"@type":"WebSite","@id":"https:\/\/noticiasemdestaque.com\/cd\/#website","url":"https:\/\/noticiasemdestaque.com\/cd\/","name":"Not&iacute;cias em Destaque","description":"","publisher":{"@id":"https:\/\/noticiasemdestaque.com\/cd\/#organization"},"potentialAction":[{"@type":"SearchAction","target":{"@type":"EntryPoint","urlTemplate":"https:\/\/noticiasemdestaque.com\/cd\/?s={search_term_string}"},"query-input":{"@type":"PropertyValueSpecification","valueRequired":true,"valueName":"search_term_string"}}],"inLanguage":"pt-BR"},{"@type":"Organization","@id":"https:\/\/noticiasemdestaque.com\/cd\/#organization","name":"Not\u00edcias em Destaque","url":"https:\/\/noticiasemdestaque.com\/cd\/","logo":{"@type":"ImageObject","inLanguage":"pt-BR","@id":"https:\/\/noticiasemdestaque.com\/cd\/#\/schema\/logo\/image\/","url":"https:\/\/noticiasemdestaque.com\/cd\/wp-content\/uploads\/2022\/05\/imagem-base-noticiasemdestaque.png","contentUrl":"https:\/\/noticiasemdestaque.com\/cd\/wp-content\/uploads\/2022\/05\/imagem-base-noticiasemdestaque.png","width":1200,"height":630,"caption":"Not\u00edcias em Destaque"},"image":{"@id":"https:\/\/noticiasemdestaque.com\/cd\/#\/schema\/logo\/image\/"}},{"@type":"Person","@id":"https:\/\/noticiasemdestaque.com\/cd\/#\/schema\/person\/47f7d4f55eec17c6b2ca036c5500f6ce","name":"Not\u00edcias em Destaque","url":"https:\/\/noticiasemdestaque.com\/cd\/?author=2"}]}},"jetpack_featured_media_url":"","jetpack_sharing_enabled":true,"_links":{"self":[{"href":"https:\/\/noticiasemdestaque.com\/cd\/index.php?rest_route=\/wp\/v2\/posts\/45188","targetHints":{"allow":["GET"]}}],"collection":[{"href":"https:\/\/noticiasemdestaque.com\/cd\/index.php?rest_route=\/wp\/v2\/posts"}],"about":[{"href":"https:\/\/noticiasemdestaque.com\/cd\/index.php?rest_route=\/wp\/v2\/types\/post"}],"author":[{"embeddable":true,"href":"https:\/\/noticiasemdestaque.com\/cd\/index.php?rest_route=\/wp\/v2\/users\/2"}],"replies":[{"embeddable":true,"href":"https:\/\/noticiasemdestaque.com\/cd\/index.php?rest_route=%2Fwp%2Fv2%2Fcomments&post=45188"}],"version-history":[{"count":1,"href":"https:\/\/noticiasemdestaque.com\/cd\/index.php?rest_route=\/wp\/v2\/posts\/45188\/revisions"}],"predecessor-version":[{"id":45190,"href":"https:\/\/noticiasemdestaque.com\/cd\/index.php?rest_route=\/wp\/v2\/posts\/45188\/revisions\/45190"}],"wp:attachment":[{"href":"https:\/\/noticiasemdestaque.com\/cd\/index.php?rest_route=%2Fwp%2Fv2%2Fmedia&parent=45188"}],"wp:term":[{"taxonomy":"category","embeddable":true,"href":"https:\/\/noticiasemdestaque.com\/cd\/index.php?rest_route=%2Fwp%2Fv2%2Fcategories&post=45188"},{"taxonomy":"post_tag","embeddable":true,"href":"https:\/\/noticiasemdestaque.com\/cd\/index.php?rest_route=%2Fwp%2Fv2%2Ftags&post=45188"}],"curies":[{"name":"wp","href":"https:\/\/api.w.org\/{rel}","templated":true}]}}