{"id":45182,"date":"2023-01-01T13:27:34","date_gmt":"2023-01-01T16:27:34","guid":{"rendered":"https:\/\/noticiasemdestaque.com\/cd\/?p=45182"},"modified":"2023-01-01T13:27:34","modified_gmt":"2023-01-01T16:27:34","slug":"tres-municipios-do-cariri-estao-entre-as-cidades-da-paraiba-que-registraram-os-menores-volumes-de-chuvas-em-2022","status":"publish","type":"post","link":"https:\/\/noticiasemdestaque.com\/cd\/?p=45182","title":{"rendered":"Tr\u00eas munic\u00edpios do Cariri est\u00e3o entre as cidades da Para\u00edba que registraram os menores volumes de chuvas em 2022"},"content":{"rendered":"<p><a href=\"https:\/\/noticiasemdestaque.com\/cd\/wp-content\/uploads\/2023\/01\/Tres-municipios-do-Cariri-estao-entre-as-cidades-da-Paraiba-que-registraram-os-menores-volumes-de-chuvas-em-2022.jpg\"><img fetchpriority=\"high\" decoding=\"async\" class=\"alignnone  wp-image-45183\" src=\"https:\/\/noticiasemdestaque.com\/cd\/wp-content\/uploads\/2023\/01\/Tres-municipios-do-Cariri-estao-entre-as-cidades-da-Paraiba-que-registraram-os-menores-volumes-de-chuvas-em-2022-300x225.jpg\" alt=\"\" width=\"1111\" height=\"833\" srcset=\"https:\/\/noticiasemdestaque.com\/cd\/wp-content\/uploads\/2023\/01\/Tres-municipios-do-Cariri-estao-entre-as-cidades-da-Paraiba-que-registraram-os-menores-volumes-de-chuvas-em-2022-300x225.jpg 300w, https:\/\/noticiasemdestaque.com\/cd\/wp-content\/uploads\/2023\/01\/Tres-municipios-do-Cariri-estao-entre-as-cidades-da-Paraiba-que-registraram-os-menores-volumes-de-chuvas-em-2022-768x575.jpg 768w, https:\/\/noticiasemdestaque.com\/cd\/wp-content\/uploads\/2023\/01\/Tres-municipios-do-Cariri-estao-entre-as-cidades-da-Paraiba-que-registraram-os-menores-volumes-de-chuvas-em-2022-16x12.jpg 16w, https:\/\/noticiasemdestaque.com\/cd\/wp-content\/uploads\/2023\/01\/Tres-municipios-do-Cariri-estao-entre-as-cidades-da-Paraiba-que-registraram-os-menores-volumes-de-chuvas-em-2022.jpg 900w\" sizes=\"(max-width: 1111px) 100vw, 1111px\" \/><\/a><\/p>\n<p>A regi\u00e3o metropolitana de Jo\u00e3o Pessoa, al\u00e9m de Lucena, Caapor\u00e3 e Marca\u00e7\u00e3o foram os locais que registraram os maiores volumes de chuvas em 2022. Os dados s\u00e3o da Ag\u00eancia Executiva de Gest\u00e3o das \u00c1guas da Para\u00edba (Aesa).<\/p>\n<p>Jo\u00e3o Pessoa chegou a registrar at\u00e9 2.633,1 mil\u00edmetros de chuvas (posto de medi\u00e7\u00e3o DRAARA) e 2.328,9mm (posto CEDRES). Alhandra registrou 2.324,6mm, seguido de Lucena (2.302,3mm), Conde (2.299,5mm), Cabedelo (2.241,3mm), Caapor\u00e3 (2.170,5mm), Cabedelo \u2013 posto da Emater (2.136,5mm), Jo\u00e3o Pessoa \u2013 Mares (2.133,8mm) e Marca\u00e7\u00e3o, com 2.129,7mm.<\/p>\n<p>Os menores volumes de chuvas foram registrados em Casserengue\/S\u00edtio Salgado, com 380,7mm, al\u00e9m de Algod\u00e3o de Janda\u00edra (412,1mm), Frei Martinho (414,0mm),\u00a0<strong>Cara\u00fabas (425,9mm), Boa Vista (442,2mm),<\/strong>\u00a0Barra de Santa Rosa (465,5mm),\u00a0<strong>Gurj\u00e3o (452,3mm)<\/strong>\u00a0e Picu\u00ed (452,5mm). Os tr\u00eas munic\u00edpios em negrito, s\u00e3o na regi\u00e3o do Cariri.<\/p>\n<p><strong>Noticias em Destaque<\/strong><\/p>\n<p style=\"text-align: right;\"><em>Fonte: De Olho no Cariri<\/em><\/p>\n","protected":false},"excerpt":{"rendered":"<p>A regi\u00e3o metropolitana de Jo\u00e3o Pessoa, al\u00e9m de Lucena, Caapor\u00e3 e Marca\u00e7\u00e3o foram os locais que registraram os maiores volumes de chuvas em 2022. Os dados s\u00e3o da Ag\u00eancia Executiva de Gest\u00e3o das \u00c1guas da Para\u00edba (Aesa). Jo\u00e3o Pessoa chegou a registrar at\u00e9 2.633,1 mil\u00edmetros de chuvas (posto de medi\u00e7\u00e3o DRAARA) e 2.328,9mm (posto CEDRES). Alhandra registrou 2.324,6mm, seguido de Lucena (2.302,3mm), Conde (2.299,5mm), Cabedelo (2.241,3mm), Caapor\u00e3 (2.170,5mm), Cabedelo \u2013 posto da Emater (2.136,5mm), Jo\u00e3o Pessoa \u2013 Mares (2.133,8mm) e Marca\u00e7\u00e3o, com 2.129,7mm. Os menores volumes de chuvas foram registrados em Casserengue\/S\u00edtio Salgado, com 380,7mm, al\u00e9m de Algod\u00e3o de Janda\u00edra (412,1mm), Frei Martinho (414,0mm),\u00a0Cara\u00fabas (425,9mm), Boa Vista (442,2mm),\u00a0Barra de Santa Rosa (465,5mm),\u00a0Gurj\u00e3o (452,3mm)\u00a0e Picu\u00ed (452,5mm). Os tr\u00eas munic\u00edpios em negrito, s\u00e3o na regi\u00e3o do Cariri. Noticias em Destaque Fonte: De Olho no Cariri<\/p>\n","protected":false},"author":2,"featured_media":45183,"comment_status":"closed","ping_status":"open","sticky":false,"template":"","format":"standard","meta":{"_eb_attr":"","_jetpack_memberships_contains_paid_content":false,"footnotes":""},"categories":[3],"tags":[],"class_list":["post-45182","post","type-post","status-publish","format-standard","has-post-thumbnail","hentry","category-cidades"],"yoast_head":"<!-- This site is optimized with the Yoast SEO plugin v26.5 - https:\/\/yoast.com\/wordpress\/plugins\/seo\/ -->\n<title>Tr\u00eas munic\u00edpios do Cariri est\u00e3o entre as cidades da Para\u00edba que registraram os menores volumes de chuvas em 2022 - Not&iacute;cias em Destaque<\/title>\n<meta name=\"robots\" content=\"index, follow, max-snippet:-1, max-image-preview:large, max-video-preview:-1\" \/>\n<link rel=\"canonical\" href=\"https:\/\/noticiasemdestaque.com\/cd\/?p=45182\" \/>\n<meta property=\"og:locale\" content=\"pt_BR\" \/>\n<meta property=\"og:type\" content=\"article\" \/>\n<meta property=\"og:title\" content=\"Tr\u00eas munic\u00edpios do Cariri est\u00e3o entre as cidades da Para\u00edba que registraram os menores volumes de chuvas em 2022 - Not&iacute;cias em Destaque\" \/>\n<meta property=\"og:description\" content=\"A regi\u00e3o metropolitana de Jo\u00e3o Pessoa, al\u00e9m de Lucena, Caapor\u00e3 e Marca\u00e7\u00e3o foram os locais que registraram os maiores volumes de chuvas em 2022. Os dados s\u00e3o da Ag\u00eancia Executiva de Gest\u00e3o das \u00c1guas da Para\u00edba (Aesa). Jo\u00e3o Pessoa chegou a registrar at\u00e9 2.633,1 mil\u00edmetros de chuvas (posto de medi\u00e7\u00e3o DRAARA) e 2.328,9mm (posto CEDRES). Alhandra registrou 2.324,6mm, seguido de Lucena (2.302,3mm), Conde (2.299,5mm), Cabedelo (2.241,3mm), Caapor\u00e3 (2.170,5mm), Cabedelo \u2013 posto da Emater (2.136,5mm), Jo\u00e3o Pessoa \u2013 Mares (2.133,8mm) e Marca\u00e7\u00e3o, com 2.129,7mm. Os menores volumes de chuvas foram registrados em Casserengue\/S\u00edtio Salgado, com 380,7mm, al\u00e9m de Algod\u00e3o de Janda\u00edra (412,1mm), Frei Martinho (414,0mm),\u00a0Cara\u00fabas (425,9mm), Boa Vista (442,2mm),\u00a0Barra de Santa Rosa (465,5mm),\u00a0Gurj\u00e3o (452,3mm)\u00a0e Picu\u00ed (452,5mm). Os tr\u00eas munic\u00edpios em negrito, s\u00e3o na regi\u00e3o do Cariri. Noticias em Destaque Fonte: De Olho no Cariri\" \/>\n<meta property=\"og:url\" content=\"https:\/\/noticiasemdestaque.com\/cd\/?p=45182\" \/>\n<meta property=\"og:site_name\" content=\"Not&iacute;cias em Destaque\" \/>\n<meta property=\"article:published_time\" content=\"2023-01-01T16:27:34+00:00\" \/>\n<meta property=\"og:image\" content=\"https:\/\/noticiasemdestaque.com\/cd\/wp-content\/uploads\/2023\/01\/Tres-municipios-do-Cariri-estao-entre-as-cidades-da-Paraiba-que-registraram-os-menores-volumes-de-chuvas-em-2022.jpg\" \/>\n\t<meta property=\"og:image:width\" content=\"900\" \/>\n\t<meta property=\"og:image:height\" content=\"674\" \/>\n\t<meta property=\"og:image:type\" content=\"image\/jpeg\" \/>\n<meta name=\"author\" content=\"Not\u00edcias em Destaque\" \/>\n<meta name=\"twitter:card\" content=\"summary_large_image\" \/>\n<meta name=\"twitter:label1\" content=\"Escrito por\" \/>\n\t<meta name=\"twitter:data1\" content=\"Not\u00edcias em Destaque\" \/>\n\t<meta name=\"twitter:label2\" content=\"Est. tempo de leitura\" \/>\n\t<meta name=\"twitter:data2\" content=\"1 minuto\" \/>\n<script type=\"application\/ld+json\" class=\"yoast-schema-graph\">{\"@context\":\"https:\/\/schema.org\",\"@graph\":[{\"@type\":\"Article\",\"@id\":\"https:\/\/noticiasemdestaque.com\/cd\/?p=45182#article\",\"isPartOf\":{\"@id\":\"https:\/\/noticiasemdestaque.com\/cd\/?p=45182\"},\"author\":{\"name\":\"Not\u00edcias em Destaque\",\"@id\":\"https:\/\/noticiasemdestaque.com\/cd\/#\/schema\/person\/47f7d4f55eec17c6b2ca036c5500f6ce\"},\"headline\":\"Tr\u00eas munic\u00edpios do Cariri est\u00e3o entre as cidades da Para\u00edba que registraram os menores volumes de chuvas em 2022\",\"datePublished\":\"2023-01-01T16:27:34+00:00\",\"mainEntityOfPage\":{\"@id\":\"https:\/\/noticiasemdestaque.com\/cd\/?p=45182\"},\"wordCount\":179,\"publisher\":{\"@id\":\"https:\/\/noticiasemdestaque.com\/cd\/#organization\"},\"image\":{\"@id\":\"https:\/\/noticiasemdestaque.com\/cd\/?p=45182#primaryimage\"},\"thumbnailUrl\":\"https:\/\/noticiasemdestaque.com\/cd\/wp-content\/uploads\/2023\/01\/Tres-municipios-do-Cariri-estao-entre-as-cidades-da-Paraiba-que-registraram-os-menores-volumes-de-chuvas-em-2022.jpg\",\"articleSection\":[\"Cidades\"],\"inLanguage\":\"pt-BR\"},{\"@type\":\"WebPage\",\"@id\":\"https:\/\/noticiasemdestaque.com\/cd\/?p=45182\",\"url\":\"https:\/\/noticiasemdestaque.com\/cd\/?p=45182\",\"name\":\"Tr\u00eas munic\u00edpios do Cariri est\u00e3o entre as cidades da Para\u00edba que registraram os menores volumes de chuvas em 2022 - Not&iacute;cias em Destaque\",\"isPartOf\":{\"@id\":\"https:\/\/noticiasemdestaque.com\/cd\/#website\"},\"primaryImageOfPage\":{\"@id\":\"https:\/\/noticiasemdestaque.com\/cd\/?p=45182#primaryimage\"},\"image\":{\"@id\":\"https:\/\/noticiasemdestaque.com\/cd\/?p=45182#primaryimage\"},\"thumbnailUrl\":\"https:\/\/noticiasemdestaque.com\/cd\/wp-content\/uploads\/2023\/01\/Tres-municipios-do-Cariri-estao-entre-as-cidades-da-Paraiba-que-registraram-os-menores-volumes-de-chuvas-em-2022.jpg\",\"datePublished\":\"2023-01-01T16:27:34+00:00\",\"breadcrumb\":{\"@id\":\"https:\/\/noticiasemdestaque.com\/cd\/?p=45182#breadcrumb\"},\"inLanguage\":\"pt-BR\",\"potentialAction\":[{\"@type\":\"ReadAction\",\"target\":[\"https:\/\/noticiasemdestaque.com\/cd\/?p=45182\"]}]},{\"@type\":\"ImageObject\",\"inLanguage\":\"pt-BR\",\"@id\":\"https:\/\/noticiasemdestaque.com\/cd\/?p=45182#primaryimage\",\"url\":\"https:\/\/noticiasemdestaque.com\/cd\/wp-content\/uploads\/2023\/01\/Tres-municipios-do-Cariri-estao-entre-as-cidades-da-Paraiba-que-registraram-os-menores-volumes-de-chuvas-em-2022.jpg\",\"contentUrl\":\"https:\/\/noticiasemdestaque.com\/cd\/wp-content\/uploads\/2023\/01\/Tres-municipios-do-Cariri-estao-entre-as-cidades-da-Paraiba-que-registraram-os-menores-volumes-de-chuvas-em-2022.jpg\",\"width\":900,\"height\":674},{\"@type\":\"BreadcrumbList\",\"@id\":\"https:\/\/noticiasemdestaque.com\/cd\/?p=45182#breadcrumb\",\"itemListElement\":[{\"@type\":\"ListItem\",\"position\":1,\"name\":\"In\u00edcio\",\"item\":\"https:\/\/noticiasemdestaque.com\/cd\/\"},{\"@type\":\"ListItem\",\"position\":2,\"name\":\"Tr\u00eas munic\u00edpios do Cariri est\u00e3o entre as cidades da Para\u00edba que registraram os menores volumes de chuvas em 2022\"}]},{\"@type\":\"WebSite\",\"@id\":\"https:\/\/noticiasemdestaque.com\/cd\/#website\",\"url\":\"https:\/\/noticiasemdestaque.com\/cd\/\",\"name\":\"Not&iacute;cias em Destaque\",\"description\":\"\",\"publisher\":{\"@id\":\"https:\/\/noticiasemdestaque.com\/cd\/#organization\"},\"potentialAction\":[{\"@type\":\"SearchAction\",\"target\":{\"@type\":\"EntryPoint\",\"urlTemplate\":\"https:\/\/noticiasemdestaque.com\/cd\/?s={search_term_string}\"},\"query-input\":{\"@type\":\"PropertyValueSpecification\",\"valueRequired\":true,\"valueName\":\"search_term_string\"}}],\"inLanguage\":\"pt-BR\"},{\"@type\":\"Organization\",\"@id\":\"https:\/\/noticiasemdestaque.com\/cd\/#organization\",\"name\":\"Not\u00edcias em Destaque\",\"url\":\"https:\/\/noticiasemdestaque.com\/cd\/\",\"logo\":{\"@type\":\"ImageObject\",\"inLanguage\":\"pt-BR\",\"@id\":\"https:\/\/noticiasemdestaque.com\/cd\/#\/schema\/logo\/image\/\",\"url\":\"https:\/\/noticiasemdestaque.com\/cd\/wp-content\/uploads\/2022\/05\/imagem-base-noticiasemdestaque.png\",\"contentUrl\":\"https:\/\/noticiasemdestaque.com\/cd\/wp-content\/uploads\/2022\/05\/imagem-base-noticiasemdestaque.png\",\"width\":1200,\"height\":630,\"caption\":\"Not\u00edcias em Destaque\"},\"image\":{\"@id\":\"https:\/\/noticiasemdestaque.com\/cd\/#\/schema\/logo\/image\/\"}},{\"@type\":\"Person\",\"@id\":\"https:\/\/noticiasemdestaque.com\/cd\/#\/schema\/person\/47f7d4f55eec17c6b2ca036c5500f6ce\",\"name\":\"Not\u00edcias em Destaque\",\"url\":\"https:\/\/noticiasemdestaque.com\/cd\/?author=2\"}]}<\/script>\n<!-- \/ Yoast SEO plugin. -->","yoast_head_json":{"title":"Tr\u00eas munic\u00edpios do Cariri est\u00e3o entre as cidades da Para\u00edba que registraram os menores volumes de chuvas em 2022 - Not&iacute;cias em Destaque","robots":{"index":"index","follow":"follow","max-snippet":"max-snippet:-1","max-image-preview":"max-image-preview:large","max-video-preview":"max-video-preview:-1"},"canonical":"https:\/\/noticiasemdestaque.com\/cd\/?p=45182","og_locale":"pt_BR","og_type":"article","og_title":"Tr\u00eas munic\u00edpios do Cariri est\u00e3o entre as cidades da Para\u00edba que registraram os menores volumes de chuvas em 2022 - Not&iacute;cias em Destaque","og_description":"A regi\u00e3o metropolitana de Jo\u00e3o Pessoa, al\u00e9m de Lucena, Caapor\u00e3 e Marca\u00e7\u00e3o foram os locais que registraram os maiores volumes de chuvas em 2022. Os dados s\u00e3o da Ag\u00eancia Executiva de Gest\u00e3o das \u00c1guas da Para\u00edba (Aesa). Jo\u00e3o Pessoa chegou a registrar at\u00e9 2.633,1 mil\u00edmetros de chuvas (posto de medi\u00e7\u00e3o DRAARA) e 2.328,9mm (posto CEDRES). Alhandra registrou 2.324,6mm, seguido de Lucena (2.302,3mm), Conde (2.299,5mm), Cabedelo (2.241,3mm), Caapor\u00e3 (2.170,5mm), Cabedelo \u2013 posto da Emater (2.136,5mm), Jo\u00e3o Pessoa \u2013 Mares (2.133,8mm) e Marca\u00e7\u00e3o, com 2.129,7mm. Os menores volumes de chuvas foram registrados em Casserengue\/S\u00edtio Salgado, com 380,7mm, al\u00e9m de Algod\u00e3o de Janda\u00edra (412,1mm), Frei Martinho (414,0mm),\u00a0Cara\u00fabas (425,9mm), Boa Vista (442,2mm),\u00a0Barra de Santa Rosa (465,5mm),\u00a0Gurj\u00e3o (452,3mm)\u00a0e Picu\u00ed (452,5mm). Os tr\u00eas munic\u00edpios em negrito, s\u00e3o na regi\u00e3o do Cariri. Noticias em Destaque Fonte: De Olho no Cariri","og_url":"https:\/\/noticiasemdestaque.com\/cd\/?p=45182","og_site_name":"Not&iacute;cias em Destaque","article_published_time":"2023-01-01T16:27:34+00:00","og_image":[{"width":900,"height":674,"url":"https:\/\/noticiasemdestaque.com\/cd\/wp-content\/uploads\/2023\/01\/Tres-municipios-do-Cariri-estao-entre-as-cidades-da-Paraiba-que-registraram-os-menores-volumes-de-chuvas-em-2022.jpg","type":"image\/jpeg"}],"author":"Not\u00edcias em Destaque","twitter_card":"summary_large_image","twitter_misc":{"Escrito por":"Not\u00edcias em Destaque","Est. tempo de leitura":"1 minuto"},"schema":{"@context":"https:\/\/schema.org","@graph":[{"@type":"Article","@id":"https:\/\/noticiasemdestaque.com\/cd\/?p=45182#article","isPartOf":{"@id":"https:\/\/noticiasemdestaque.com\/cd\/?p=45182"},"author":{"name":"Not\u00edcias em Destaque","@id":"https:\/\/noticiasemdestaque.com\/cd\/#\/schema\/person\/47f7d4f55eec17c6b2ca036c5500f6ce"},"headline":"Tr\u00eas munic\u00edpios do Cariri est\u00e3o entre as cidades da Para\u00edba que registraram os menores volumes de chuvas em 2022","datePublished":"2023-01-01T16:27:34+00:00","mainEntityOfPage":{"@id":"https:\/\/noticiasemdestaque.com\/cd\/?p=45182"},"wordCount":179,"publisher":{"@id":"https:\/\/noticiasemdestaque.com\/cd\/#organization"},"image":{"@id":"https:\/\/noticiasemdestaque.com\/cd\/?p=45182#primaryimage"},"thumbnailUrl":"https:\/\/noticiasemdestaque.com\/cd\/wp-content\/uploads\/2023\/01\/Tres-municipios-do-Cariri-estao-entre-as-cidades-da-Paraiba-que-registraram-os-menores-volumes-de-chuvas-em-2022.jpg","articleSection":["Cidades"],"inLanguage":"pt-BR"},{"@type":"WebPage","@id":"https:\/\/noticiasemdestaque.com\/cd\/?p=45182","url":"https:\/\/noticiasemdestaque.com\/cd\/?p=45182","name":"Tr\u00eas munic\u00edpios do Cariri est\u00e3o entre as cidades da Para\u00edba que registraram os menores volumes de chuvas em 2022 - Not&iacute;cias em Destaque","isPartOf":{"@id":"https:\/\/noticiasemdestaque.com\/cd\/#website"},"primaryImageOfPage":{"@id":"https:\/\/noticiasemdestaque.com\/cd\/?p=45182#primaryimage"},"image":{"@id":"https:\/\/noticiasemdestaque.com\/cd\/?p=45182#primaryimage"},"thumbnailUrl":"https:\/\/noticiasemdestaque.com\/cd\/wp-content\/uploads\/2023\/01\/Tres-municipios-do-Cariri-estao-entre-as-cidades-da-Paraiba-que-registraram-os-menores-volumes-de-chuvas-em-2022.jpg","datePublished":"2023-01-01T16:27:34+00:00","breadcrumb":{"@id":"https:\/\/noticiasemdestaque.com\/cd\/?p=45182#breadcrumb"},"inLanguage":"pt-BR","potentialAction":[{"@type":"ReadAction","target":["https:\/\/noticiasemdestaque.com\/cd\/?p=45182"]}]},{"@type":"ImageObject","inLanguage":"pt-BR","@id":"https:\/\/noticiasemdestaque.com\/cd\/?p=45182#primaryimage","url":"https:\/\/noticiasemdestaque.com\/cd\/wp-content\/uploads\/2023\/01\/Tres-municipios-do-Cariri-estao-entre-as-cidades-da-Paraiba-que-registraram-os-menores-volumes-de-chuvas-em-2022.jpg","contentUrl":"https:\/\/noticiasemdestaque.com\/cd\/wp-content\/uploads\/2023\/01\/Tres-municipios-do-Cariri-estao-entre-as-cidades-da-Paraiba-que-registraram-os-menores-volumes-de-chuvas-em-2022.jpg","width":900,"height":674},{"@type":"BreadcrumbList","@id":"https:\/\/noticiasemdestaque.com\/cd\/?p=45182#breadcrumb","itemListElement":[{"@type":"ListItem","position":1,"name":"In\u00edcio","item":"https:\/\/noticiasemdestaque.com\/cd\/"},{"@type":"ListItem","position":2,"name":"Tr\u00eas munic\u00edpios do Cariri est\u00e3o entre as cidades da Para\u00edba que registraram os menores volumes de chuvas em 2022"}]},{"@type":"WebSite","@id":"https:\/\/noticiasemdestaque.com\/cd\/#website","url":"https:\/\/noticiasemdestaque.com\/cd\/","name":"Not&iacute;cias em Destaque","description":"","publisher":{"@id":"https:\/\/noticiasemdestaque.com\/cd\/#organization"},"potentialAction":[{"@type":"SearchAction","target":{"@type":"EntryPoint","urlTemplate":"https:\/\/noticiasemdestaque.com\/cd\/?s={search_term_string}"},"query-input":{"@type":"PropertyValueSpecification","valueRequired":true,"valueName":"search_term_string"}}],"inLanguage":"pt-BR"},{"@type":"Organization","@id":"https:\/\/noticiasemdestaque.com\/cd\/#organization","name":"Not\u00edcias em Destaque","url":"https:\/\/noticiasemdestaque.com\/cd\/","logo":{"@type":"ImageObject","inLanguage":"pt-BR","@id":"https:\/\/noticiasemdestaque.com\/cd\/#\/schema\/logo\/image\/","url":"https:\/\/noticiasemdestaque.com\/cd\/wp-content\/uploads\/2022\/05\/imagem-base-noticiasemdestaque.png","contentUrl":"https:\/\/noticiasemdestaque.com\/cd\/wp-content\/uploads\/2022\/05\/imagem-base-noticiasemdestaque.png","width":1200,"height":630,"caption":"Not\u00edcias em Destaque"},"image":{"@id":"https:\/\/noticiasemdestaque.com\/cd\/#\/schema\/logo\/image\/"}},{"@type":"Person","@id":"https:\/\/noticiasemdestaque.com\/cd\/#\/schema\/person\/47f7d4f55eec17c6b2ca036c5500f6ce","name":"Not\u00edcias em Destaque","url":"https:\/\/noticiasemdestaque.com\/cd\/?author=2"}]}},"jetpack_featured_media_url":"https:\/\/noticiasemdestaque.com\/cd\/wp-content\/uploads\/2023\/01\/Tres-municipios-do-Cariri-estao-entre-as-cidades-da-Paraiba-que-registraram-os-menores-volumes-de-chuvas-em-2022.jpg","jetpack_sharing_enabled":true,"_links":{"self":[{"href":"https:\/\/noticiasemdestaque.com\/cd\/index.php?rest_route=\/wp\/v2\/posts\/45182","targetHints":{"allow":["GET"]}}],"collection":[{"href":"https:\/\/noticiasemdestaque.com\/cd\/index.php?rest_route=\/wp\/v2\/posts"}],"about":[{"href":"https:\/\/noticiasemdestaque.com\/cd\/index.php?rest_route=\/wp\/v2\/types\/post"}],"author":[{"embeddable":true,"href":"https:\/\/noticiasemdestaque.com\/cd\/index.php?rest_route=\/wp\/v2\/users\/2"}],"replies":[{"embeddable":true,"href":"https:\/\/noticiasemdestaque.com\/cd\/index.php?rest_route=%2Fwp%2Fv2%2Fcomments&post=45182"}],"version-history":[{"count":1,"href":"https:\/\/noticiasemdestaque.com\/cd\/index.php?rest_route=\/wp\/v2\/posts\/45182\/revisions"}],"predecessor-version":[{"id":45184,"href":"https:\/\/noticiasemdestaque.com\/cd\/index.php?rest_route=\/wp\/v2\/posts\/45182\/revisions\/45184"}],"wp:featuredmedia":[{"embeddable":true,"href":"https:\/\/noticiasemdestaque.com\/cd\/index.php?rest_route=\/wp\/v2\/media\/45183"}],"wp:attachment":[{"href":"https:\/\/noticiasemdestaque.com\/cd\/index.php?rest_route=%2Fwp%2Fv2%2Fmedia&parent=45182"}],"wp:term":[{"taxonomy":"category","embeddable":true,"href":"https:\/\/noticiasemdestaque.com\/cd\/index.php?rest_route=%2Fwp%2Fv2%2Fcategories&post=45182"},{"taxonomy":"post_tag","embeddable":true,"href":"https:\/\/noticiasemdestaque.com\/cd\/index.php?rest_route=%2Fwp%2Fv2%2Ftags&post=45182"}],"curies":[{"name":"wp","href":"https:\/\/api.w.org\/{rel}","templated":true}]}}