{"id":45176,"date":"2023-01-01T12:46:18","date_gmt":"2023-01-01T15:46:18","guid":{"rendered":"https:\/\/noticiasemdestaque.com\/cd\/?p=45176"},"modified":"2023-01-01T12:46:18","modified_gmt":"2023-01-01T15:46:18","slug":"salario-minimo-de-r-1-320-comeca-a-valer-hoje","status":"publish","type":"post","link":"https:\/\/noticiasemdestaque.com\/cd\/?p=45176","title":{"rendered":"Sal\u00e1rio m\u00ednimo de R$ 1.320 come\u00e7a a valer hoje"},"content":{"rendered":"<p><a href=\"https:\/\/noticiasemdestaque.com\/cd\/wp-content\/uploads\/2019\/01\/dinheiro-salario-salario-minimo-pis-abono-remuneracao-imposto-de-renda-03092018170026591.jpeg\"><img fetchpriority=\"high\" decoding=\"async\" class=\"alignnone  wp-image-14675\" src=\"https:\/\/noticiasemdestaque.com\/cd\/wp-content\/uploads\/2019\/01\/dinheiro-salario-salario-minimo-pis-abono-remuneracao-imposto-de-renda-03092018170026591-300x199.jpeg\" alt=\"\" width=\"1051\" height=\"697\" srcset=\"https:\/\/noticiasemdestaque.com\/cd\/wp-content\/uploads\/2019\/01\/dinheiro-salario-salario-minimo-pis-abono-remuneracao-imposto-de-renda-03092018170026591-300x199.jpeg 300w, https:\/\/noticiasemdestaque.com\/cd\/wp-content\/uploads\/2019\/01\/dinheiro-salario-salario-minimo-pis-abono-remuneracao-imposto-de-renda-03092018170026591.jpeg 460w\" sizes=\"(max-width: 1051px) 100vw, 1051px\" \/><\/a><\/p>\n<p>O novo valor do sal\u00e1rio m\u00ednimo &#8211; de R$ 1.320,00 &#8211;\u00a0<a href=\"http:\/\/agenciabrasil.ebc.com.br\/politica\/noticia\/2022-12\/congresso-aprova-orcamento-com-salario-minimo-de-r1320-para-2023\" target=\"_blank\" rel=\"noopener\">entra em vigor hoje<\/a>\u00a0(1\u00ba). O Congresso Nacional aprovou o reajuste em dezembro do ano passado, como forma de compensar a desvaloriza\u00e7\u00e3o do Real diante da infla\u00e7\u00e3o do \u00faltimo ano. Em 2022, o valor era R$ 1.212,00.<img decoding=\"async\" src=\"https:\/\/agenciabrasil.ebc.com.br\/ebc.png?id=1500399&amp;o=node\" \/><img decoding=\"async\" src=\"https:\/\/agenciabrasil.ebc.com.br\/ebc.gif?id=1500399&amp;o=node\" \/><\/p>\n<p>O governo\u00a0Bolsonaro chegou a propor\u00a0<a href=\"http:\/\/www.planalto.gov.br\/ccivil_03\/_Ato2019-2022\/2022\/Mpv\/mpv1143.htm\" target=\"_blank\" rel=\"noopener\">R$ 1.302,00<\/a>, mas durante os debates no Congresso Nacional,\u00a0a\u00a0Consultoria de Or\u00e7amento do Senado\u00a0apontou que o valor proposto seria suficiente apenas para\u00a0repor as perdas inflacion\u00e1rias do per\u00edodo, n\u00e3o representando nenhum ganho real para quem tem sua fonte de renda atrelada ao m\u00ednimo. Depois disso,\u00a0senadores e deputados federais\u00a0aprovaram o Or\u00e7amento Geral da Uni\u00e3o para este ano\u00a0com o\u00a0m\u00ednimo de\u00a0R$ 1.320,00.<\/p>\n<p>O reajuste com 2,7% de ganho real, ou seja, superior \u00e0 infla\u00e7\u00e3o do \u00faltimo ano, ampliar\u00e1 as despesas federais em cerca de R$ 6,8 bilh\u00f5es. Isto porque as aposentadorias administradas pelo Instituto Nacional do Seguro Social (INSS) e v\u00e1rios benef\u00edcios sociais e trabalhistas, como o seguro-desemprego, abono do PIS\/Pasep, o Benef\u00edcio de Presta\u00e7\u00e3o Continuada (BPC) e outros, s\u00e3o atrelados ao piso nacional, tendo que ser corrigidos.<\/p>\n<h2>Valoriza\u00e7\u00e3o<\/h2>\n<p>J\u00e1 as centrais sindicais reivindicavam que o governo federal voltasse a aplicar a Pol\u00edtica de Valoriza\u00e7\u00e3o do Sal\u00e1rio M\u00ednimo, conforme os termos pactuados em 2007 e abandonados em 2019. Com isso, o piso deveria ser de R$ 1.342,00, contemplando a infla\u00e7\u00e3o medida pelo \u00cdndice Nacional de Pre\u00e7os ao Consumidor (INPC) \u2013 que, em 2022, atingiu 5,8% -, mais o crescimento do Produto Interno Bruto (PIB) de dois anos antes \u2013 4,6% em 2020.<\/p>\n<p>Segundo o Departamento Intersindical de Estat\u00edsticas e Estudos Socioecon\u00f4micos (Dieese), em novembro \u00faltimo, o sal\u00e1rio m\u00ednimo necess\u00e1rio para satisfazer as necessidades b\u00e1sicas (alimenta\u00e7\u00e3o, moradia, vestu\u00e1rio, educa\u00e7\u00e3o, higiene, transporte, lazer e previd\u00eancia) de uma fam\u00edlia com quatro pessoas deveria estar em torno de R$ 6.575,30.<\/p>\n<p><strong>Noticias em Destaque<\/strong><\/p>\n<p style=\"text-align: right;\"><em>Fonte: Agencia Brasil<\/em><\/p>\n","protected":false},"excerpt":{"rendered":"<p>O novo valor do sal\u00e1rio m\u00ednimo &#8211; de R$ 1.320,00 &#8211;\u00a0entra em vigor hoje\u00a0(1\u00ba). O Congresso Nacional aprovou o reajuste em dezembro do ano passado, como forma de compensar a desvaloriza\u00e7\u00e3o do Real diante da infla\u00e7\u00e3o do \u00faltimo ano. Em 2022, o valor era R$ 1.212,00. O governo\u00a0Bolsonaro chegou a propor\u00a0R$ 1.302,00, mas durante os debates no Congresso Nacional,\u00a0a\u00a0Consultoria de Or\u00e7amento do Senado\u00a0apontou que o valor proposto seria suficiente apenas para\u00a0repor as perdas inflacion\u00e1rias do per\u00edodo, n\u00e3o representando nenhum ganho real para quem tem sua fonte de renda atrelada ao m\u00ednimo. Depois disso,\u00a0senadores e deputados federais\u00a0aprovaram o Or\u00e7amento Geral da Uni\u00e3o para este ano\u00a0com o\u00a0m\u00ednimo de\u00a0R$ 1.320,00. O reajuste com 2,7% de ganho real, ou seja, superior \u00e0 infla\u00e7\u00e3o do \u00faltimo ano, ampliar\u00e1 as despesas federais em cerca de R$ 6,8 bilh\u00f5es. Isto porque as aposentadorias administradas pelo Instituto Nacional do Seguro Social (INSS) e v\u00e1rios benef\u00edcios sociais e trabalhistas, como o seguro-desemprego, abono do PIS\/Pasep, o Benef\u00edcio de Presta\u00e7\u00e3o Continuada (BPC) e outros, s\u00e3o atrelados ao piso nacional, tendo que ser corrigidos. Valoriza\u00e7\u00e3o J\u00e1 as centrais sindicais reivindicavam que o governo federal voltasse a aplicar a Pol\u00edtica de Valoriza\u00e7\u00e3o do Sal\u00e1rio M\u00ednimo, conforme os termos pactuados em 2007 e abandonados em 2019. Com isso, o piso deveria ser de R$ 1.342,00, contemplando a infla\u00e7\u00e3o medida pelo \u00cdndice Nacional de Pre\u00e7os ao Consumidor (INPC) \u2013 que, em 2022, atingiu 5,8% -, mais o crescimento do Produto Interno Bruto (PIB) de dois anos antes \u2013 4,6% em 2020. Segundo o Departamento Intersindical de Estat\u00edsticas e Estudos Socioecon\u00f4micos (Dieese), em novembro \u00faltimo, o sal\u00e1rio m\u00ednimo necess\u00e1rio para satisfazer as necessidades b\u00e1sicas (alimenta\u00e7\u00e3o, moradia, vestu\u00e1rio, educa\u00e7\u00e3o, higiene, transporte, lazer e previd\u00eancia) de uma fam\u00edlia com quatro pessoas deveria estar em torno de R$ 6.575,30. Noticias em Destaque Fonte: Agencia Brasil<\/p>\n","protected":false},"author":2,"featured_media":45177,"comment_status":"closed","ping_status":"open","sticky":false,"template":"","format":"standard","meta":{"_eb_attr":"","_jetpack_memberships_contains_paid_content":false,"footnotes":""},"categories":[11],"tags":[],"class_list":["post-45176","post","type-post","status-publish","format-standard","has-post-thumbnail","hentry","category-economia"],"yoast_head":"<!-- This site is optimized with the Yoast SEO plugin v26.5 - https:\/\/yoast.com\/wordpress\/plugins\/seo\/ -->\n<title>Sal\u00e1rio m\u00ednimo de R$ 1.320 come\u00e7a a valer hoje - Not&iacute;cias em Destaque<\/title>\n<meta name=\"robots\" content=\"index, follow, max-snippet:-1, max-image-preview:large, max-video-preview:-1\" \/>\n<link rel=\"canonical\" href=\"https:\/\/noticiasemdestaque.com\/cd\/?p=45176\" \/>\n<meta property=\"og:locale\" content=\"pt_BR\" \/>\n<meta property=\"og:type\" content=\"article\" \/>\n<meta property=\"og:title\" content=\"Sal\u00e1rio m\u00ednimo de R$ 1.320 come\u00e7a a valer hoje - Not&iacute;cias em Destaque\" \/>\n<meta property=\"og:description\" content=\"O novo valor do sal\u00e1rio m\u00ednimo &#8211; de R$ 1.320,00 &#8211;\u00a0entra em vigor hoje\u00a0(1\u00ba). O Congresso Nacional aprovou o reajuste em dezembro do ano passado, como forma de compensar a desvaloriza\u00e7\u00e3o do Real diante da infla\u00e7\u00e3o do \u00faltimo ano. Em 2022, o valor era R$ 1.212,00. O governo\u00a0Bolsonaro chegou a propor\u00a0R$ 1.302,00, mas durante os debates no Congresso Nacional,\u00a0a\u00a0Consultoria de Or\u00e7amento do Senado\u00a0apontou que o valor proposto seria suficiente apenas para\u00a0repor as perdas inflacion\u00e1rias do per\u00edodo, n\u00e3o representando nenhum ganho real para quem tem sua fonte de renda atrelada ao m\u00ednimo. Depois disso,\u00a0senadores e deputados federais\u00a0aprovaram o Or\u00e7amento Geral da Uni\u00e3o para este ano\u00a0com o\u00a0m\u00ednimo de\u00a0R$ 1.320,00. O reajuste com 2,7% de ganho real, ou seja, superior \u00e0 infla\u00e7\u00e3o do \u00faltimo ano, ampliar\u00e1 as despesas federais em cerca de R$ 6,8 bilh\u00f5es. Isto porque as aposentadorias administradas pelo Instituto Nacional do Seguro Social (INSS) e v\u00e1rios benef\u00edcios sociais e trabalhistas, como o seguro-desemprego, abono do PIS\/Pasep, o Benef\u00edcio de Presta\u00e7\u00e3o Continuada (BPC) e outros, s\u00e3o atrelados ao piso nacional, tendo que ser corrigidos. Valoriza\u00e7\u00e3o J\u00e1 as centrais sindicais reivindicavam que o governo federal voltasse a aplicar a Pol\u00edtica de Valoriza\u00e7\u00e3o do Sal\u00e1rio M\u00ednimo, conforme os termos pactuados em 2007 e abandonados em 2019. Com isso, o piso deveria ser de R$ 1.342,00, contemplando a infla\u00e7\u00e3o medida pelo \u00cdndice Nacional de Pre\u00e7os ao Consumidor (INPC) \u2013 que, em 2022, atingiu 5,8% -, mais o crescimento do Produto Interno Bruto (PIB) de dois anos antes \u2013 4,6% em 2020. Segundo o Departamento Intersindical de Estat\u00edsticas e Estudos Socioecon\u00f4micos (Dieese), em novembro \u00faltimo, o sal\u00e1rio m\u00ednimo necess\u00e1rio para satisfazer as necessidades b\u00e1sicas (alimenta\u00e7\u00e3o, moradia, vestu\u00e1rio, educa\u00e7\u00e3o, higiene, transporte, lazer e previd\u00eancia) de uma fam\u00edlia com quatro pessoas deveria estar em torno de R$ 6.575,30. Noticias em Destaque Fonte: Agencia Brasil\" \/>\n<meta property=\"og:url\" content=\"https:\/\/noticiasemdestaque.com\/cd\/?p=45176\" \/>\n<meta property=\"og:site_name\" content=\"Not&iacute;cias em Destaque\" \/>\n<meta property=\"article:published_time\" content=\"2023-01-01T15:46:18+00:00\" \/>\n<meta property=\"og:image\" content=\"https:\/\/noticiasemdestaque.com\/cd\/wp-content\/uploads\/2023\/01\/real_moeda_dinheiro_mcajr_2904223671.jpg\" \/>\n\t<meta property=\"og:image:width\" content=\"1170\" \/>\n\t<meta property=\"og:image:height\" content=\"700\" \/>\n\t<meta property=\"og:image:type\" content=\"image\/jpeg\" \/>\n<meta name=\"author\" content=\"Not\u00edcias em Destaque\" \/>\n<meta name=\"twitter:card\" content=\"summary_large_image\" \/>\n<meta name=\"twitter:label1\" content=\"Escrito por\" \/>\n\t<meta name=\"twitter:data1\" content=\"Not\u00edcias em Destaque\" \/>\n\t<meta name=\"twitter:label2\" content=\"Est. tempo de leitura\" \/>\n\t<meta name=\"twitter:data2\" content=\"3 minutos\" \/>\n<script type=\"application\/ld+json\" class=\"yoast-schema-graph\">{\"@context\":\"https:\/\/schema.org\",\"@graph\":[{\"@type\":\"Article\",\"@id\":\"https:\/\/noticiasemdestaque.com\/cd\/?p=45176#article\",\"isPartOf\":{\"@id\":\"https:\/\/noticiasemdestaque.com\/cd\/?p=45176\"},\"author\":{\"name\":\"Not\u00edcias em Destaque\",\"@id\":\"https:\/\/noticiasemdestaque.com\/cd\/#\/schema\/person\/47f7d4f55eec17c6b2ca036c5500f6ce\"},\"headline\":\"Sal\u00e1rio m\u00ednimo de R$ 1.320 come\u00e7a a valer hoje\",\"datePublished\":\"2023-01-01T15:46:18+00:00\",\"mainEntityOfPage\":{\"@id\":\"https:\/\/noticiasemdestaque.com\/cd\/?p=45176\"},\"wordCount\":340,\"publisher\":{\"@id\":\"https:\/\/noticiasemdestaque.com\/cd\/#organization\"},\"image\":{\"@id\":\"https:\/\/noticiasemdestaque.com\/cd\/?p=45176#primaryimage\"},\"thumbnailUrl\":\"https:\/\/noticiasemdestaque.com\/cd\/wp-content\/uploads\/2023\/01\/real_moeda_dinheiro_mcajr_2904223671.jpg\",\"articleSection\":[\"Economia\"],\"inLanguage\":\"pt-BR\"},{\"@type\":\"WebPage\",\"@id\":\"https:\/\/noticiasemdestaque.com\/cd\/?p=45176\",\"url\":\"https:\/\/noticiasemdestaque.com\/cd\/?p=45176\",\"name\":\"Sal\u00e1rio m\u00ednimo de R$ 1.320 come\u00e7a a valer hoje - Not&iacute;cias em Destaque\",\"isPartOf\":{\"@id\":\"https:\/\/noticiasemdestaque.com\/cd\/#website\"},\"primaryImageOfPage\":{\"@id\":\"https:\/\/noticiasemdestaque.com\/cd\/?p=45176#primaryimage\"},\"image\":{\"@id\":\"https:\/\/noticiasemdestaque.com\/cd\/?p=45176#primaryimage\"},\"thumbnailUrl\":\"https:\/\/noticiasemdestaque.com\/cd\/wp-content\/uploads\/2023\/01\/real_moeda_dinheiro_mcajr_2904223671.jpg\",\"datePublished\":\"2023-01-01T15:46:18+00:00\",\"breadcrumb\":{\"@id\":\"https:\/\/noticiasemdestaque.com\/cd\/?p=45176#breadcrumb\"},\"inLanguage\":\"pt-BR\",\"potentialAction\":[{\"@type\":\"ReadAction\",\"target\":[\"https:\/\/noticiasemdestaque.com\/cd\/?p=45176\"]}]},{\"@type\":\"ImageObject\",\"inLanguage\":\"pt-BR\",\"@id\":\"https:\/\/noticiasemdestaque.com\/cd\/?p=45176#primaryimage\",\"url\":\"https:\/\/noticiasemdestaque.com\/cd\/wp-content\/uploads\/2023\/01\/real_moeda_dinheiro_mcajr_2904223671.jpg\",\"contentUrl\":\"https:\/\/noticiasemdestaque.com\/cd\/wp-content\/uploads\/2023\/01\/real_moeda_dinheiro_mcajr_2904223671.jpg\",\"width\":1170,\"height\":700,\"caption\":\"Real Moeda brasileira\"},{\"@type\":\"BreadcrumbList\",\"@id\":\"https:\/\/noticiasemdestaque.com\/cd\/?p=45176#breadcrumb\",\"itemListElement\":[{\"@type\":\"ListItem\",\"position\":1,\"name\":\"In\u00edcio\",\"item\":\"https:\/\/noticiasemdestaque.com\/cd\/\"},{\"@type\":\"ListItem\",\"position\":2,\"name\":\"Sal\u00e1rio m\u00ednimo de R$ 1.320 come\u00e7a a valer hoje\"}]},{\"@type\":\"WebSite\",\"@id\":\"https:\/\/noticiasemdestaque.com\/cd\/#website\",\"url\":\"https:\/\/noticiasemdestaque.com\/cd\/\",\"name\":\"Not&iacute;cias em Destaque\",\"description\":\"\",\"publisher\":{\"@id\":\"https:\/\/noticiasemdestaque.com\/cd\/#organization\"},\"potentialAction\":[{\"@type\":\"SearchAction\",\"target\":{\"@type\":\"EntryPoint\",\"urlTemplate\":\"https:\/\/noticiasemdestaque.com\/cd\/?s={search_term_string}\"},\"query-input\":{\"@type\":\"PropertyValueSpecification\",\"valueRequired\":true,\"valueName\":\"search_term_string\"}}],\"inLanguage\":\"pt-BR\"},{\"@type\":\"Organization\",\"@id\":\"https:\/\/noticiasemdestaque.com\/cd\/#organization\",\"name\":\"Not\u00edcias em Destaque\",\"url\":\"https:\/\/noticiasemdestaque.com\/cd\/\",\"logo\":{\"@type\":\"ImageObject\",\"inLanguage\":\"pt-BR\",\"@id\":\"https:\/\/noticiasemdestaque.com\/cd\/#\/schema\/logo\/image\/\",\"url\":\"https:\/\/noticiasemdestaque.com\/cd\/wp-content\/uploads\/2022\/05\/imagem-base-noticiasemdestaque.png\",\"contentUrl\":\"https:\/\/noticiasemdestaque.com\/cd\/wp-content\/uploads\/2022\/05\/imagem-base-noticiasemdestaque.png\",\"width\":1200,\"height\":630,\"caption\":\"Not\u00edcias em Destaque\"},\"image\":{\"@id\":\"https:\/\/noticiasemdestaque.com\/cd\/#\/schema\/logo\/image\/\"}},{\"@type\":\"Person\",\"@id\":\"https:\/\/noticiasemdestaque.com\/cd\/#\/schema\/person\/47f7d4f55eec17c6b2ca036c5500f6ce\",\"name\":\"Not\u00edcias em Destaque\",\"url\":\"https:\/\/noticiasemdestaque.com\/cd\/?author=2\"}]}<\/script>\n<!-- \/ Yoast SEO plugin. -->","yoast_head_json":{"title":"Sal\u00e1rio m\u00ednimo de R$ 1.320 come\u00e7a a valer hoje - Not&iacute;cias em Destaque","robots":{"index":"index","follow":"follow","max-snippet":"max-snippet:-1","max-image-preview":"max-image-preview:large","max-video-preview":"max-video-preview:-1"},"canonical":"https:\/\/noticiasemdestaque.com\/cd\/?p=45176","og_locale":"pt_BR","og_type":"article","og_title":"Sal\u00e1rio m\u00ednimo de R$ 1.320 come\u00e7a a valer hoje - Not&iacute;cias em Destaque","og_description":"O novo valor do sal\u00e1rio m\u00ednimo &#8211; de R$ 1.320,00 &#8211;\u00a0entra em vigor hoje\u00a0(1\u00ba). O Congresso Nacional aprovou o reajuste em dezembro do ano passado, como forma de compensar a desvaloriza\u00e7\u00e3o do Real diante da infla\u00e7\u00e3o do \u00faltimo ano. Em 2022, o valor era R$ 1.212,00. O governo\u00a0Bolsonaro chegou a propor\u00a0R$ 1.302,00, mas durante os debates no Congresso Nacional,\u00a0a\u00a0Consultoria de Or\u00e7amento do Senado\u00a0apontou que o valor proposto seria suficiente apenas para\u00a0repor as perdas inflacion\u00e1rias do per\u00edodo, n\u00e3o representando nenhum ganho real para quem tem sua fonte de renda atrelada ao m\u00ednimo. Depois disso,\u00a0senadores e deputados federais\u00a0aprovaram o Or\u00e7amento Geral da Uni\u00e3o para este ano\u00a0com o\u00a0m\u00ednimo de\u00a0R$ 1.320,00. O reajuste com 2,7% de ganho real, ou seja, superior \u00e0 infla\u00e7\u00e3o do \u00faltimo ano, ampliar\u00e1 as despesas federais em cerca de R$ 6,8 bilh\u00f5es. Isto porque as aposentadorias administradas pelo Instituto Nacional do Seguro Social (INSS) e v\u00e1rios benef\u00edcios sociais e trabalhistas, como o seguro-desemprego, abono do PIS\/Pasep, o Benef\u00edcio de Presta\u00e7\u00e3o Continuada (BPC) e outros, s\u00e3o atrelados ao piso nacional, tendo que ser corrigidos. Valoriza\u00e7\u00e3o J\u00e1 as centrais sindicais reivindicavam que o governo federal voltasse a aplicar a Pol\u00edtica de Valoriza\u00e7\u00e3o do Sal\u00e1rio M\u00ednimo, conforme os termos pactuados em 2007 e abandonados em 2019. Com isso, o piso deveria ser de R$ 1.342,00, contemplando a infla\u00e7\u00e3o medida pelo \u00cdndice Nacional de Pre\u00e7os ao Consumidor (INPC) \u2013 que, em 2022, atingiu 5,8% -, mais o crescimento do Produto Interno Bruto (PIB) de dois anos antes \u2013 4,6% em 2020. Segundo o Departamento Intersindical de Estat\u00edsticas e Estudos Socioecon\u00f4micos (Dieese), em novembro \u00faltimo, o sal\u00e1rio m\u00ednimo necess\u00e1rio para satisfazer as necessidades b\u00e1sicas (alimenta\u00e7\u00e3o, moradia, vestu\u00e1rio, educa\u00e7\u00e3o, higiene, transporte, lazer e previd\u00eancia) de uma fam\u00edlia com quatro pessoas deveria estar em torno de R$ 6.575,30. Noticias em Destaque Fonte: Agencia Brasil","og_url":"https:\/\/noticiasemdestaque.com\/cd\/?p=45176","og_site_name":"Not&iacute;cias em Destaque","article_published_time":"2023-01-01T15:46:18+00:00","og_image":[{"width":1170,"height":700,"url":"https:\/\/noticiasemdestaque.com\/cd\/wp-content\/uploads\/2023\/01\/real_moeda_dinheiro_mcajr_2904223671.jpg","type":"image\/jpeg"}],"author":"Not\u00edcias em Destaque","twitter_card":"summary_large_image","twitter_misc":{"Escrito por":"Not\u00edcias em Destaque","Est. tempo de leitura":"3 minutos"},"schema":{"@context":"https:\/\/schema.org","@graph":[{"@type":"Article","@id":"https:\/\/noticiasemdestaque.com\/cd\/?p=45176#article","isPartOf":{"@id":"https:\/\/noticiasemdestaque.com\/cd\/?p=45176"},"author":{"name":"Not\u00edcias em Destaque","@id":"https:\/\/noticiasemdestaque.com\/cd\/#\/schema\/person\/47f7d4f55eec17c6b2ca036c5500f6ce"},"headline":"Sal\u00e1rio m\u00ednimo de R$ 1.320 come\u00e7a a valer hoje","datePublished":"2023-01-01T15:46:18+00:00","mainEntityOfPage":{"@id":"https:\/\/noticiasemdestaque.com\/cd\/?p=45176"},"wordCount":340,"publisher":{"@id":"https:\/\/noticiasemdestaque.com\/cd\/#organization"},"image":{"@id":"https:\/\/noticiasemdestaque.com\/cd\/?p=45176#primaryimage"},"thumbnailUrl":"https:\/\/noticiasemdestaque.com\/cd\/wp-content\/uploads\/2023\/01\/real_moeda_dinheiro_mcajr_2904223671.jpg","articleSection":["Economia"],"inLanguage":"pt-BR"},{"@type":"WebPage","@id":"https:\/\/noticiasemdestaque.com\/cd\/?p=45176","url":"https:\/\/noticiasemdestaque.com\/cd\/?p=45176","name":"Sal\u00e1rio m\u00ednimo de R$ 1.320 come\u00e7a a valer hoje - Not&iacute;cias em Destaque","isPartOf":{"@id":"https:\/\/noticiasemdestaque.com\/cd\/#website"},"primaryImageOfPage":{"@id":"https:\/\/noticiasemdestaque.com\/cd\/?p=45176#primaryimage"},"image":{"@id":"https:\/\/noticiasemdestaque.com\/cd\/?p=45176#primaryimage"},"thumbnailUrl":"https:\/\/noticiasemdestaque.com\/cd\/wp-content\/uploads\/2023\/01\/real_moeda_dinheiro_mcajr_2904223671.jpg","datePublished":"2023-01-01T15:46:18+00:00","breadcrumb":{"@id":"https:\/\/noticiasemdestaque.com\/cd\/?p=45176#breadcrumb"},"inLanguage":"pt-BR","potentialAction":[{"@type":"ReadAction","target":["https:\/\/noticiasemdestaque.com\/cd\/?p=45176"]}]},{"@type":"ImageObject","inLanguage":"pt-BR","@id":"https:\/\/noticiasemdestaque.com\/cd\/?p=45176#primaryimage","url":"https:\/\/noticiasemdestaque.com\/cd\/wp-content\/uploads\/2023\/01\/real_moeda_dinheiro_mcajr_2904223671.jpg","contentUrl":"https:\/\/noticiasemdestaque.com\/cd\/wp-content\/uploads\/2023\/01\/real_moeda_dinheiro_mcajr_2904223671.jpg","width":1170,"height":700,"caption":"Real Moeda brasileira"},{"@type":"BreadcrumbList","@id":"https:\/\/noticiasemdestaque.com\/cd\/?p=45176#breadcrumb","itemListElement":[{"@type":"ListItem","position":1,"name":"In\u00edcio","item":"https:\/\/noticiasemdestaque.com\/cd\/"},{"@type":"ListItem","position":2,"name":"Sal\u00e1rio m\u00ednimo de R$ 1.320 come\u00e7a a valer hoje"}]},{"@type":"WebSite","@id":"https:\/\/noticiasemdestaque.com\/cd\/#website","url":"https:\/\/noticiasemdestaque.com\/cd\/","name":"Not&iacute;cias em Destaque","description":"","publisher":{"@id":"https:\/\/noticiasemdestaque.com\/cd\/#organization"},"potentialAction":[{"@type":"SearchAction","target":{"@type":"EntryPoint","urlTemplate":"https:\/\/noticiasemdestaque.com\/cd\/?s={search_term_string}"},"query-input":{"@type":"PropertyValueSpecification","valueRequired":true,"valueName":"search_term_string"}}],"inLanguage":"pt-BR"},{"@type":"Organization","@id":"https:\/\/noticiasemdestaque.com\/cd\/#organization","name":"Not\u00edcias em Destaque","url":"https:\/\/noticiasemdestaque.com\/cd\/","logo":{"@type":"ImageObject","inLanguage":"pt-BR","@id":"https:\/\/noticiasemdestaque.com\/cd\/#\/schema\/logo\/image\/","url":"https:\/\/noticiasemdestaque.com\/cd\/wp-content\/uploads\/2022\/05\/imagem-base-noticiasemdestaque.png","contentUrl":"https:\/\/noticiasemdestaque.com\/cd\/wp-content\/uploads\/2022\/05\/imagem-base-noticiasemdestaque.png","width":1200,"height":630,"caption":"Not\u00edcias em Destaque"},"image":{"@id":"https:\/\/noticiasemdestaque.com\/cd\/#\/schema\/logo\/image\/"}},{"@type":"Person","@id":"https:\/\/noticiasemdestaque.com\/cd\/#\/schema\/person\/47f7d4f55eec17c6b2ca036c5500f6ce","name":"Not\u00edcias em Destaque","url":"https:\/\/noticiasemdestaque.com\/cd\/?author=2"}]}},"jetpack_featured_media_url":"https:\/\/noticiasemdestaque.com\/cd\/wp-content\/uploads\/2023\/01\/real_moeda_dinheiro_mcajr_2904223671.jpg","jetpack_sharing_enabled":true,"_links":{"self":[{"href":"https:\/\/noticiasemdestaque.com\/cd\/index.php?rest_route=\/wp\/v2\/posts\/45176","targetHints":{"allow":["GET"]}}],"collection":[{"href":"https:\/\/noticiasemdestaque.com\/cd\/index.php?rest_route=\/wp\/v2\/posts"}],"about":[{"href":"https:\/\/noticiasemdestaque.com\/cd\/index.php?rest_route=\/wp\/v2\/types\/post"}],"author":[{"embeddable":true,"href":"https:\/\/noticiasemdestaque.com\/cd\/index.php?rest_route=\/wp\/v2\/users\/2"}],"replies":[{"embeddable":true,"href":"https:\/\/noticiasemdestaque.com\/cd\/index.php?rest_route=%2Fwp%2Fv2%2Fcomments&post=45176"}],"version-history":[{"count":1,"href":"https:\/\/noticiasemdestaque.com\/cd\/index.php?rest_route=\/wp\/v2\/posts\/45176\/revisions"}],"predecessor-version":[{"id":45178,"href":"https:\/\/noticiasemdestaque.com\/cd\/index.php?rest_route=\/wp\/v2\/posts\/45176\/revisions\/45178"}],"wp:featuredmedia":[{"embeddable":true,"href":"https:\/\/noticiasemdestaque.com\/cd\/index.php?rest_route=\/wp\/v2\/media\/45177"}],"wp:attachment":[{"href":"https:\/\/noticiasemdestaque.com\/cd\/index.php?rest_route=%2Fwp%2Fv2%2Fmedia&parent=45176"}],"wp:term":[{"taxonomy":"category","embeddable":true,"href":"https:\/\/noticiasemdestaque.com\/cd\/index.php?rest_route=%2Fwp%2Fv2%2Fcategories&post=45176"},{"taxonomy":"post_tag","embeddable":true,"href":"https:\/\/noticiasemdestaque.com\/cd\/index.php?rest_route=%2Fwp%2Fv2%2Ftags&post=45176"}],"curies":[{"name":"wp","href":"https:\/\/api.w.org\/{rel}","templated":true}]}}