{"id":45173,"date":"2023-01-01T12:40:43","date_gmt":"2023-01-01T15:40:43","guid":{"rendered":"https:\/\/noticiasemdestaque.com\/cd\/?p=45173"},"modified":"2023-01-01T12:40:43","modified_gmt":"2023-01-01T15:40:43","slug":"confira-como-vai-funcionar-esquema-de-seguranca-para-a-posse","status":"publish","type":"post","link":"https:\/\/noticiasemdestaque.com\/cd\/?p=45173","title":{"rendered":"Confira como vai funcionar esquema de seguran\u00e7a para a posse"},"content":{"rendered":"<p>O governo do Distrito Federal\u00a0<a href=\"https:\/\/agenciabrasil.ebc.com.br\/politica\/noticia\/2022-12\/gdf-limita-em-30-mil-publico-que-acompanhara-posse-de-lula-no-planalto\" target=\"_blank\" rel=\"noopener\">limitou em 30 mil<\/a>\u00a0o p\u00fablico que vai poder acompanhar, da Pra\u00e7a dos Tr\u00eas Poderes, o rito de passagem da faixa presidencial no Pal\u00e1cio do Planalto, neste\u00a0domingo\u00a0(1\u00ba). De acordo com a Secretario de Seguran\u00e7a P\u00fablica, as pessoas que quiserem entrar na\u00a0pra\u00e7a devem faz\u00ea-lo at\u00e9 as 12h30. Caso a lota\u00e7\u00e3o m\u00e1xima seja atingida antes disso, o acesso ser\u00e1 fechado mais cedo.<img decoding=\"async\" src=\"https:\/\/agenciabrasil.ebc.com.br\/ebc.png?id=1500710&amp;o=node\" \/><img decoding=\"async\" src=\"https:\/\/agenciabrasil.ebc.com.br\/ebc.gif?id=1500710&amp;o=node\" \/><\/p>\n<p>Por quest\u00f5es de seguran\u00e7a, o acesso de pedestres \u00e0 Esplanada dos Minist\u00e9rios ser\u00e1 feito somente pela Via N1, onde ser\u00e3o montadas linhas de revista. A orienta\u00e7\u00e3o \u00e9 evitar levar\u00a0materiais como hastes de bandeira, garrafas de vidro e \u00e1lcool l\u00edquido. A Pol\u00edcia Civil, a Pol\u00edcia Militar e o Corpo de Bombeiros estar\u00e3o com 100% do efetivo de prontid\u00e3o.<\/p>\n<p>Ao todo, mais de 50 reuni\u00f5es envolvendo for\u00e7as do DF e federais foram realizadas ao longo das \u00faltimas semanas para garantir a seguran\u00e7a n\u00e3o somente de autoridades presentes na cerim\u00f4nia, mas tamb\u00e9m de delega\u00e7\u00f5es estrangeiras e do p\u00fablico em geral.<\/p>\n<p>Confira, a seguir, o esquema completo de seguran\u00e7a para a posse presidencial.<\/p>\n<h2>Centro Integrado de Opera\u00e7\u00f5es<\/h2>\n<div class=\"dnd-widget-wrapper context-cheio_8colunas type-image\">\n<div class=\"dnd-atom-rendered\">\n<div class=\"shadow overflow-hidden rounded-lg d-block zoom-on-hover-sm shadow-hover w-100\"><img decoding=\"async\" class=\"flex-fill img-cover\" title=\"Marcello Casal JrAg\u00eancia Brasil\" src=\"https:\/\/imagens.ebc.com.br\/esc_G8F9w19-V0VNq71oklPWd1s=\/754x0\/smart\/https:\/\/agenciabrasil.ebc.com.br\/sites\/default\/files\/thumbnails\/image\/esplanada_dos_ministerios_posse_presidencial_mcajr_abr_3012223179.jpg?itok=adGz7E8h\" alt=\"Bras\u00edlia se prepara para a grande festa da posse presidencial\" \/><\/div>\n<\/div>\n<div class=\"dnd-caption-wrapper\">\n<div class=\"meta\">Bras\u00edlia se prepara para a grande festa da posse presidencial &#8211;\u00a0<strong>Marcello Casal JrAg\u00eancia Brasil<\/strong><\/div>\n<\/div>\n<\/div>\n<p>Al\u00e9m do refor\u00e7o do policiamento, com previs\u00e3o de empenho de tropas especializadas e interven\u00e7\u00f5es no tr\u00e2nsito em toda a regi\u00e3o central de Bras\u00edlia, o Protocolo de Opera\u00e7\u00f5es Integradas prev\u00ea o fechamento da Esplanada e o apoio \u00e0 seguran\u00e7a presidencial, que est\u00e1 sob a responsabilidade da Pol\u00edcia Federal, a atua\u00e7\u00e3o de equipes de atendimentos de emerg\u00eancia e o refor\u00e7o nos efetivos de delegacias pr\u00f3ximas.<\/p>\n<p>Toda a regi\u00e3o central da capital federal ser\u00e1 monitorada por for\u00e7as de seguran\u00e7a locais, por meio de imagens de c\u00e2meras de videomonitoramento e drones, com informa\u00e7\u00f5es enviadas ao Centro Integrado de Opera\u00e7\u00f5es, que vai sediar o Gabinete de Gest\u00e3o Estrat\u00e9gica. O local vai reunir todo o alto-comando da seguran\u00e7a p\u00fablica do DF e representantes de \u00f3rg\u00e3os de seguran\u00e7a federais.<\/p>\n<h2>Cidade da Seguran\u00e7a<\/h2>\n<div class=\"dnd-widget-wrapper context-cheio_8colunas type-image\">\n<div class=\"dnd-atom-rendered\">\n<div class=\"shadow overflow-hidden rounded-lg d-block zoom-on-hover-sm shadow-hover w-100\"><img decoding=\"async\" class=\"flex-fill img-cover\" title=\"Marcello Casal JrAg\u00eancia Brasil\" src=\"https:\/\/imagens.ebc.com.br\/FUjLeOFTww17SXeSO_RzwodJbtc=\/754x0\/smart\/https:\/\/agenciabrasil.ebc.com.br\/sites\/default\/files\/thumbnails\/image\/esplanada_dos_ministerios_posse_presidencial_mcajr_abr_3012223169.jpg?itok=s_lqQEie\" alt=\"Bras\u00edlia se prepara para a grande festa da posse presidencial\" \/><\/div>\n<\/div>\n<div class=\"dnd-caption-wrapper\">\n<div class=\"meta\">Bras\u00edlia se prepara para a grande festa da posse presidencial &#8211;\u00a0<strong>Marcello Casal JrAg\u00eancia Brasil<\/strong><\/div>\n<\/div>\n<\/div>\n<p>Para dar mais\u00a0celeridade aos atendimentos de ocorr\u00eancias e \u00e0\u00a0presta\u00e7\u00e3o de servi\u00e7os durante a posse presidencial, ser\u00e1 montada a chamada Cidade da Seguran\u00e7a, localizada na \u00e1rea do Museu Nacional. A estrutura dar\u00e1 apoio a agentes e funcionar\u00e1 como base das for\u00e7as de seguran\u00e7a. Haver\u00e1 ainda um posto de atendimento m\u00e9dico\u00a0que vai funcionar de forma conjunta entre Servi\u00e7o de Atendimento M\u00f3vel de Urg\u00eancia (Samu) e o Corpo de Bombeiros.<\/p>\n<p>Os bombeiros v\u00e3o utilizar a Plataforma de Observa\u00e7\u00e3o Elevada, com c\u00e2meras de alta resolu\u00e7\u00e3o e alcance acoplados, para melhor observa\u00e7\u00e3o da \u00e1rea dos eventos. A corpora\u00e7\u00e3o atuar\u00e1 ainda com viaturas para atender ocorr\u00eancias envolvendo produtos perigosos e atendimento de m\u00faltiplas v\u00edtimas. Outros tr\u00eas pontos m\u00e9dicos e ambul\u00e2ncias de atendimento pr\u00e9-hospitalar ser\u00e3o posicionadas ao longo da Esplanada.<\/p>\n<h2>Policiamento<\/h2>\n<div class=\"dnd-widget-wrapper context-cheio_8colunas type-image\">\n<div class=\"dnd-atom-rendered\">\n<div class=\"shadow overflow-hidden rounded-lg d-block zoom-on-hover-sm shadow-hover w-100\"><img decoding=\"async\" class=\"flex-fill img-cover\" title=\"Marcello Casal JrAg\u00eancia Brasil\" src=\"https:\/\/imagens.ebc.com.br\/YTVk0O7qpA-xPdBecW9Y_j6Yxjg=\/754x0\/smart\/https:\/\/agenciabrasil.ebc.com.br\/sites\/default\/files\/thumbnails\/image\/esplanada_dos_ministerios_posse_presidencial_mcajr_abr_3012223184.jpg?itok=y074ftVB\" alt=\"Bras\u00edlia se prepara para a grande festa da posse presidencial\" \/><\/div>\n<\/div>\n<div class=\"dnd-caption-wrapper\">\n<div class=\"meta\">Bras\u00edlia se prepara para a grande festa da posse presidencial &#8211;\u00a0<strong>Marcello Casal JrAg\u00eancia Brasil<\/strong><\/div>\n<\/div>\n<\/div>\n<p>O policiamento ser\u00e1 refor\u00e7ado em toda regi\u00e3o central de Bras\u00edlia pela Pol\u00edcia Militar. Unidades especializadas da corpora\u00e7\u00e3o e da Pol\u00edcia Civil, como as tropas de choque, cavalaria, opera\u00e7\u00f5es a\u00e9reas, policiamento com c\u00e3es e opera\u00e7\u00f5es especiais, estar\u00e3o em condi\u00e7\u00f5es para apoio, caso seja necess\u00e1rio. Os pr\u00e9dios p\u00fablicos contar\u00e3o tamb\u00e9m com seguran\u00e7a pr\u00f3pria.<\/p>\n<p>Policiais militares far\u00e3o revistas pessoais e bloqueios nas principais vias da Esplanada dos Minist\u00e9rios e, eventualmente, em meio ao p\u00fablico.<\/p>\n<h2>Itens proibidos<\/h2>\n<div class=\"dnd-widget-wrapper context-cheio_8colunas type-image\">\n<div class=\"dnd-atom-rendered\">\n<div class=\"shadow overflow-hidden rounded-lg d-block zoom-on-hover-sm shadow-hover w-100\"><img decoding=\"async\" class=\"flex-fill img-cover\" title=\"Marcello Casal JrAg\u00eancia Brasil\" src=\"https:\/\/imagens.ebc.com.br\/hM5-4pcagVYh0r5sfSuHFuMUBGc=\/754x0\/smart\/https:\/\/agenciabrasil.ebc.com.br\/sites\/default\/files\/thumbnails\/image\/esplanada_dos_ministerios_posse_presidencial_mcajr_abr_3012223177.jpg?itok=eRRFRCQ2\" alt=\"Bras\u00edlia se prepara para a grande festa da posse presidencial\" \/><\/div>\n<\/div>\n<div class=\"dnd-caption-wrapper\">\n<div class=\"meta\">Bras\u00edlia se prepara para a grande festa da posse presidencial &#8211;\u00a0<strong>Marcello Casal JrAg\u00eancia Brasil<\/strong><\/div>\n<\/div>\n<\/div>\n<p>Ser\u00e1 proibido acessar a \u00e1rea da cerim\u00f4nia da\u00a0posse presidencial portando armas brancas ou objetos pontiagudos, garrafas de vidro e latas, hastes de bandeiras, espetos de churrasquinhos, apontador a laser e similares, armas de brinquedo, r\u00e9plicas ou simulacros, barracas, tendas, fog\u00f5es e similares, fogos de artif\u00edcio e artefatos explosivos, dispositivos de choque el\u00e9trico ou sonoros (como megafone), subst\u00e2ncias inflam\u00e1veis, drogas il\u00edcitas ou quaisquer outros materiais que coloquem em risco a seguran\u00e7a das pessoas e do patrim\u00f4nio p\u00fablico.<\/p>\n<p>N\u00e3o ser\u00e1 permitido acessar a \u00e1rea com animais, exceto c\u00e3es-guia.\u00a0Aos que pretendem levar lanche e \u00e1gua, a recomenda\u00e7\u00e3o \u00e9 que utilizem embalagens de pl\u00e1stico transparentes.\u00a0Tamb\u00e9m foi proibida a utiliza\u00e7\u00e3o de drones na regi\u00e3o da Esplanada, exceto os das for\u00e7as de seguran\u00e7a e autorizados pela equipe de transi\u00e7\u00e3o.<\/p>\n<h2>Tr\u00e2nsito e estacionamentos<\/h2>\n<div class=\"dnd-widget-wrapper context-cheio_8colunas type-image\">\n<div class=\"dnd-atom-rendered\">\n<div class=\"shadow overflow-hidden rounded-lg d-block zoom-on-hover-sm shadow-hover w-100\"><img decoding=\"async\" class=\"flex-fill img-cover\" title=\"Marcello Casal JrAg\u00eancia Brasil\" src=\"https:\/\/imagens.ebc.com.br\/tUq6uHJ8EfQ7XbAlDU7UxXPZZGU=\/754x0\/smart\/https:\/\/agenciabrasil.ebc.com.br\/sites\/default\/files\/thumbnails\/image\/esplanada_dos_ministerios_posse_presidencial_mcajr_abr_3012223176.jpg?itok=YiUzUtyt\" alt=\"Bras\u00edlia se prepara para a grande festa da posse presidencial\" \/><\/div>\n<\/div>\n<div class=\"dnd-caption-wrapper\">\n<div class=\"meta\">Bras\u00edlia se prepara para a grande festa da posse presidencial &#8211;\u00a0<strong>Marcello Casal JrAg\u00eancia Brasil<\/strong><\/div>\n<\/div>\n<\/div>\n<p>A Esplanada dos Minist\u00e9rios est\u00e1 fechada. O Batalh\u00e3o de Policiamento de Tr\u00e2nsito e o Batalh\u00e3o de Tr\u00e2nsito Rodovi\u00e1rio, em a\u00e7\u00e3o conjunta com o Departamento de Tr\u00e2nsito, ficar\u00e3o respons\u00e1veis pela organiza\u00e7\u00e3o, bloqueios e fluxo do tr\u00e1fego de ve\u00edculos, incluindo os estacionamentos.<\/p>\n<p>Somente ve\u00edculos credenciados poder\u00e3o circular na Esplanada. O bloqueio da Via S1 ser\u00e1 a partir da al\u00e7a leste da Rodovi\u00e1ria do Plano Piloto. Os motoristas que estiverem na L2 Norte n\u00e3o poder\u00e3o acessar a Esplanada.<\/p>\n<p>A libera\u00e7\u00e3o das vias para o tr\u00e2nsito de ve\u00edculos s\u00f3 ocorrer\u00e1 mediante avalia\u00e7\u00e3o t\u00e9cnica, ap\u00f3s a finaliza\u00e7\u00e3o do festival e a dispers\u00e3o do p\u00fablico.<\/p>\n<p>Quem for de carro ao evento poder\u00e1 estacionar no Setor Banc\u00e1rio Norte, Setor de Autarquias e Setor de Divers\u00f5es. A recomenda\u00e7\u00e3o \u00e9 que o p\u00fablico d\u00ea prefer\u00eancia ao transporte coletivo, a t\u00e1xis e carros por aplicativos.<\/p>\n<h2>\u00d4nibus e metr\u00f4<\/h2>\n<p>A Secretaria de Mobilidade do DF garantir\u00e1 \u00f4nibus \u00e0 popula\u00e7\u00e3o at\u00e9 as 4h do dia\u00a02 de janeiro. J\u00e1 o metr\u00f4\u00a0funciona,\u00a0neste\u00a0domingo,\u00a0das\u00a09h \u00e0s 22h, com embarque em todas as esta\u00e7\u00f5es. A partir desse hor\u00e1rio at\u00e9 as 2h do dia 2, somente a Esta\u00e7\u00e3o Central estar\u00e1 aberta para embarque.<\/p>\n<h2>Acesso de pedestres<\/h2>\n<p>No dia 1\u00ba, o acesso de pedestres ser\u00e1 feito somente pela Via N1. N\u00e3o ser\u00e1 autorizado o acesso pela Via S1 ou pelas escadarias dos minist\u00e9rios.<\/p>\n<h2>Manifesta\u00e7\u00f5es contr\u00e1rias<\/h2>\n<p>N\u00e3o ser\u00e3o permitidas manifesta\u00e7\u00f5es contr\u00e1rias ao presidente eleito na Esplanada dos Minist\u00e9rios. Caso haja esse tipo de movimento\u00a0durante o per\u00edodo que compreende o planejamento de seguran\u00e7a, esse p\u00fablico ser\u00e1 direcionado ao Eixo Monumental, na altura da Catedral Rainha da Paz. N\u00e3o ser\u00e1 autorizado carro de som ou trio el\u00e9trico na regi\u00e3o da Esplanada.<\/p>\n<h2>Delegacias<\/h2>\n<p>As delegacias da regi\u00e3o central\u00a0ter\u00e3o os efetivos refor\u00e7ados. Na Cidade da Seguran\u00e7a, haver\u00e1 um \u00f4nibus para registro de ocorr\u00eancias. As que n\u00e3o puderem ser feitas no local ser\u00e3o direcionadas ao Departamento de Pol\u00edcia Especializada, localizado no Parque da Cidade e que concentrar\u00e1 os flagrantes envolvendo situa\u00e7\u00f5es relativas \u00e0 posse presidencial at\u00e9 as 19h de\u00a0domingo. Ap\u00f3s esse hor\u00e1rio, a 5\u00aa Delegacia de Pol\u00edcia voltar\u00e1 a assumir eventuais flagrantes.<\/p>\n<h2>Escoltas<\/h2>\n<div class=\"dnd-widget-wrapper context-cheio_8colunas type-image\">\n<div class=\"dnd-atom-rendered\">\n<div class=\"shadow overflow-hidden rounded-lg d-block zoom-on-hover-sm shadow-hover w-100\"><img decoding=\"async\" class=\"flex-fill img-cover\" title=\"Marcello Casal JrAg\u00eancia Brasil\" src=\"https:\/\/imagens.ebc.com.br\/Szqml0Q19IOMKxe4ayn4aDUgwXo=\/754x0\/smart\/https:\/\/agenciabrasil.ebc.com.br\/sites\/default\/files\/thumbnails\/image\/esplanada_dos_ministerios_posse_presidencial_mcajr_abr_3012223180.jpg?itok=GxD0Awr7\" alt=\"Bras\u00edlia se prepara para a grande festa da posse presidencial\" \/><\/div>\n<\/div>\n<div class=\"dnd-caption-wrapper\">\n<div class=\"meta\">Bras\u00edlia se prepara para a grande festa da posse presidencial &#8211;\u00a0<strong>Marcello Casal JrAg\u00eancia Brasil<\/strong><\/div>\n<\/div>\n<\/div>\n<p>O acompanhamento, as escoltas e a seguran\u00e7a m\u00f3vel e fixa de autoridades ser\u00e3o feitos pela Pol\u00edcia Federal, que tamb\u00e9m ser\u00e1 respons\u00e1vel por realizar vistorias e contramedidas antibombas. O efetivo de opera\u00e7\u00f5es especiais da corpora\u00e7\u00e3o atuar\u00e1 em conjunto com a Pol\u00edcia Militar, caso seja necess\u00e1rio. J\u00e1 a Pol\u00edcia Rodovi\u00e1ria Federal vai coordenar, juntamente com o Minist\u00e9rio das Rela\u00e7\u00f5es Exteriores, a escolta de chefes de Estado que participar\u00e3o do evento.<\/p>\n<p><strong>Noticias em Destaque<\/strong><\/p>\n<p style=\"text-align: right;\"><em>Fonte: Agencia Brasil<\/em><\/p>\n","protected":false},"excerpt":{"rendered":"<p>O governo do Distrito Federal\u00a0limitou em 30 mil\u00a0o p\u00fablico que vai poder acompanhar, da Pra\u00e7a dos Tr\u00eas Poderes, o rito de passagem da faixa presidencial no Pal\u00e1cio do Planalto, neste\u00a0domingo\u00a0(1\u00ba). De acordo com a Secretario de Seguran\u00e7a P\u00fablica, as pessoas que quiserem entrar na\u00a0pra\u00e7a devem faz\u00ea-lo at\u00e9 as 12h30. Caso a lota\u00e7\u00e3o m\u00e1xima seja atingida antes disso, o acesso ser\u00e1 fechado mais cedo. Por quest\u00f5es de seguran\u00e7a, o acesso de pedestres \u00e0 Esplanada dos Minist\u00e9rios ser\u00e1 feito somente pela Via N1, onde ser\u00e3o montadas linhas de revista. A orienta\u00e7\u00e3o \u00e9 evitar levar\u00a0materiais como hastes de bandeira, garrafas de vidro e \u00e1lcool l\u00edquido. A Pol\u00edcia Civil, a Pol\u00edcia Militar e o Corpo de Bombeiros estar\u00e3o com 100% do efetivo de prontid\u00e3o. Ao todo, mais de 50 reuni\u00f5es envolvendo for\u00e7as do DF e federais foram realizadas ao longo das \u00faltimas semanas para garantir a seguran\u00e7a n\u00e3o somente de autoridades presentes na cerim\u00f4nia, mas tamb\u00e9m de delega\u00e7\u00f5es estrangeiras e do p\u00fablico em geral. Confira, a seguir, o esquema completo de seguran\u00e7a para a posse presidencial. Centro Integrado de Opera\u00e7\u00f5es Bras\u00edlia se prepara para a grande festa da posse presidencial &#8211;\u00a0Marcello Casal JrAg\u00eancia Brasil Al\u00e9m do refor\u00e7o do policiamento, com previs\u00e3o de empenho de tropas especializadas e interven\u00e7\u00f5es no tr\u00e2nsito em toda a regi\u00e3o central de Bras\u00edlia, o Protocolo de Opera\u00e7\u00f5es Integradas prev\u00ea o fechamento da Esplanada e o apoio \u00e0 seguran\u00e7a presidencial, que est\u00e1 sob a responsabilidade da Pol\u00edcia Federal, a atua\u00e7\u00e3o de equipes de atendimentos de emerg\u00eancia e o refor\u00e7o nos efetivos de delegacias pr\u00f3ximas. Toda a regi\u00e3o central da capital federal ser\u00e1 monitorada por for\u00e7as de seguran\u00e7a locais, por meio de imagens de c\u00e2meras de videomonitoramento e drones, com informa\u00e7\u00f5es enviadas ao Centro Integrado de Opera\u00e7\u00f5es, que vai sediar o Gabinete de Gest\u00e3o Estrat\u00e9gica. O local vai reunir todo o alto-comando da seguran\u00e7a p\u00fablica do DF e representantes de \u00f3rg\u00e3os de seguran\u00e7a federais. Cidade da Seguran\u00e7a Bras\u00edlia se prepara para a grande festa da posse presidencial &#8211;\u00a0Marcello Casal JrAg\u00eancia Brasil Para dar mais\u00a0celeridade aos atendimentos de ocorr\u00eancias e \u00e0\u00a0presta\u00e7\u00e3o de servi\u00e7os durante a posse presidencial, ser\u00e1 montada a chamada Cidade da Seguran\u00e7a, localizada na \u00e1rea do Museu Nacional. A estrutura dar\u00e1 apoio a agentes e funcionar\u00e1 como base das for\u00e7as de seguran\u00e7a. Haver\u00e1 ainda um posto de atendimento m\u00e9dico\u00a0que vai funcionar de forma conjunta entre Servi\u00e7o de Atendimento M\u00f3vel de Urg\u00eancia (Samu) e o Corpo de Bombeiros. Os bombeiros v\u00e3o utilizar a Plataforma de Observa\u00e7\u00e3o Elevada, com c\u00e2meras de alta resolu\u00e7\u00e3o e alcance acoplados, para melhor observa\u00e7\u00e3o da \u00e1rea dos eventos. A corpora\u00e7\u00e3o atuar\u00e1 ainda com viaturas para atender ocorr\u00eancias envolvendo produtos perigosos e atendimento de m\u00faltiplas v\u00edtimas. Outros tr\u00eas pontos m\u00e9dicos e ambul\u00e2ncias de atendimento pr\u00e9-hospitalar ser\u00e3o posicionadas ao longo da Esplanada. Policiamento Bras\u00edlia se prepara para a grande festa da posse presidencial &#8211;\u00a0Marcello Casal JrAg\u00eancia Brasil O policiamento ser\u00e1 refor\u00e7ado em toda regi\u00e3o central de Bras\u00edlia pela Pol\u00edcia Militar. Unidades especializadas da corpora\u00e7\u00e3o e da Pol\u00edcia Civil, como as tropas de choque, cavalaria, opera\u00e7\u00f5es a\u00e9reas, policiamento com c\u00e3es e opera\u00e7\u00f5es especiais, estar\u00e3o em condi\u00e7\u00f5es para apoio, caso seja necess\u00e1rio. Os pr\u00e9dios p\u00fablicos contar\u00e3o tamb\u00e9m com seguran\u00e7a pr\u00f3pria. Policiais militares far\u00e3o revistas pessoais e bloqueios nas principais vias da Esplanada dos Minist\u00e9rios e, eventualmente, em meio ao p\u00fablico. Itens proibidos Bras\u00edlia se prepara para a grande festa da posse presidencial &#8211;\u00a0Marcello Casal JrAg\u00eancia Brasil Ser\u00e1 proibido acessar a \u00e1rea da cerim\u00f4nia da\u00a0posse presidencial portando armas brancas ou objetos pontiagudos, garrafas de vidro e latas, hastes de bandeiras, espetos de churrasquinhos, apontador a laser e similares, armas de brinquedo, r\u00e9plicas ou simulacros, barracas, tendas, fog\u00f5es e similares, fogos de artif\u00edcio e artefatos explosivos, dispositivos de choque el\u00e9trico ou sonoros (como megafone), subst\u00e2ncias inflam\u00e1veis, drogas il\u00edcitas ou quaisquer outros materiais que coloquem em risco a seguran\u00e7a das pessoas e do patrim\u00f4nio p\u00fablico. N\u00e3o ser\u00e1 permitido acessar a \u00e1rea com animais, exceto c\u00e3es-guia.\u00a0Aos que pretendem levar lanche e \u00e1gua, a recomenda\u00e7\u00e3o \u00e9 que utilizem embalagens de pl\u00e1stico transparentes.\u00a0Tamb\u00e9m foi proibida a utiliza\u00e7\u00e3o de drones na regi\u00e3o da Esplanada, exceto os das for\u00e7as de seguran\u00e7a e autorizados pela equipe de transi\u00e7\u00e3o. Tr\u00e2nsito e estacionamentos Bras\u00edlia se prepara para a grande festa da posse presidencial &#8211;\u00a0Marcello Casal JrAg\u00eancia Brasil A Esplanada dos Minist\u00e9rios est\u00e1 fechada. O Batalh\u00e3o de Policiamento de Tr\u00e2nsito e o Batalh\u00e3o de Tr\u00e2nsito Rodovi\u00e1rio, em a\u00e7\u00e3o conjunta com o Departamento de Tr\u00e2nsito, ficar\u00e3o respons\u00e1veis pela organiza\u00e7\u00e3o, bloqueios e fluxo do tr\u00e1fego de ve\u00edculos, incluindo os estacionamentos. Somente ve\u00edculos credenciados poder\u00e3o circular na Esplanada. O bloqueio da Via S1 ser\u00e1 a partir da al\u00e7a leste da Rodovi\u00e1ria do Plano Piloto. Os motoristas que estiverem na L2 Norte n\u00e3o poder\u00e3o acessar a Esplanada. A libera\u00e7\u00e3o das vias para o tr\u00e2nsito de ve\u00edculos s\u00f3 ocorrer\u00e1 mediante avalia\u00e7\u00e3o t\u00e9cnica, ap\u00f3s a finaliza\u00e7\u00e3o do festival e a dispers\u00e3o do p\u00fablico. Quem for de carro ao evento poder\u00e1 estacionar no Setor Banc\u00e1rio Norte, Setor de Autarquias e Setor de Divers\u00f5es. A recomenda\u00e7\u00e3o \u00e9 que o p\u00fablico d\u00ea prefer\u00eancia ao transporte coletivo, a t\u00e1xis e carros por aplicativos. \u00d4nibus e metr\u00f4 A Secretaria de Mobilidade do DF garantir\u00e1 \u00f4nibus \u00e0 popula\u00e7\u00e3o at\u00e9 as 4h do dia\u00a02 de janeiro. J\u00e1 o metr\u00f4\u00a0funciona,\u00a0neste\u00a0domingo,\u00a0das\u00a09h \u00e0s 22h, com embarque em todas as esta\u00e7\u00f5es. A partir desse hor\u00e1rio at\u00e9 as 2h do dia 2, somente a Esta\u00e7\u00e3o Central estar\u00e1 aberta para embarque. Acesso de pedestres No dia 1\u00ba, o acesso de pedestres ser\u00e1 feito somente pela Via N1. N\u00e3o ser\u00e1 autorizado o acesso pela Via S1 ou pelas escadarias dos minist\u00e9rios. Manifesta\u00e7\u00f5es contr\u00e1rias N\u00e3o ser\u00e3o permitidas manifesta\u00e7\u00f5es contr\u00e1rias ao presidente eleito na Esplanada dos Minist\u00e9rios. Caso haja esse tipo de movimento\u00a0durante o per\u00edodo que compreende o planejamento de seguran\u00e7a, esse p\u00fablico ser\u00e1 direcionado ao Eixo Monumental, na altura da Catedral Rainha da Paz. N\u00e3o ser\u00e1 autorizado carro de som ou trio el\u00e9trico na regi\u00e3o da Esplanada. Delegacias As delegacias da regi\u00e3o central\u00a0ter\u00e3o os efetivos refor\u00e7ados. Na Cidade da Seguran\u00e7a, haver\u00e1 um \u00f4nibus para registro de ocorr\u00eancias. As que n\u00e3o puderem ser feitas no local ser\u00e3o direcionadas ao Departamento de Pol\u00edcia Especializada, localizado no<\/p>\n","protected":false},"author":2,"featured_media":45174,"comment_status":"closed","ping_status":"open","sticky":false,"template":"","format":"standard","meta":{"_eb_attr":"","_jetpack_memberships_contains_paid_content":false,"footnotes":""},"categories":[4],"tags":[],"class_list":["post-45173","post","type-post","status-publish","format-standard","has-post-thumbnail","hentry","category-politica"],"yoast_head":"<!-- This site is optimized with the Yoast SEO plugin v26.5 - https:\/\/yoast.com\/wordpress\/plugins\/seo\/ -->\n<title>Confira como vai funcionar esquema de seguran\u00e7a para a posse - Not&iacute;cias em Destaque<\/title>\n<meta name=\"robots\" content=\"index, follow, max-snippet:-1, max-image-preview:large, max-video-preview:-1\" \/>\n<link rel=\"canonical\" href=\"https:\/\/noticiasemdestaque.com\/cd\/?p=45173\" \/>\n<meta property=\"og:locale\" content=\"pt_BR\" \/>\n<meta property=\"og:type\" content=\"article\" \/>\n<meta property=\"og:title\" content=\"Confira como vai funcionar esquema de seguran\u00e7a para a posse - Not&iacute;cias em Destaque\" \/>\n<meta property=\"og:description\" content=\"O governo do Distrito Federal\u00a0limitou em 30 mil\u00a0o p\u00fablico que vai poder acompanhar, da Pra\u00e7a dos Tr\u00eas Poderes, o rito de passagem da faixa presidencial no Pal\u00e1cio do Planalto, neste\u00a0domingo\u00a0(1\u00ba). De acordo com a Secretario de Seguran\u00e7a P\u00fablica, as pessoas que quiserem entrar na\u00a0pra\u00e7a devem faz\u00ea-lo at\u00e9 as 12h30. Caso a lota\u00e7\u00e3o m\u00e1xima seja atingida antes disso, o acesso ser\u00e1 fechado mais cedo. Por quest\u00f5es de seguran\u00e7a, o acesso de pedestres \u00e0 Esplanada dos Minist\u00e9rios ser\u00e1 feito somente pela Via N1, onde ser\u00e3o montadas linhas de revista. A orienta\u00e7\u00e3o \u00e9 evitar levar\u00a0materiais como hastes de bandeira, garrafas de vidro e \u00e1lcool l\u00edquido. A Pol\u00edcia Civil, a Pol\u00edcia Militar e o Corpo de Bombeiros estar\u00e3o com 100% do efetivo de prontid\u00e3o. Ao todo, mais de 50 reuni\u00f5es envolvendo for\u00e7as do DF e federais foram realizadas ao longo das \u00faltimas semanas para garantir a seguran\u00e7a n\u00e3o somente de autoridades presentes na cerim\u00f4nia, mas tamb\u00e9m de delega\u00e7\u00f5es estrangeiras e do p\u00fablico em geral. Confira, a seguir, o esquema completo de seguran\u00e7a para a posse presidencial. Centro Integrado de Opera\u00e7\u00f5es Bras\u00edlia se prepara para a grande festa da posse presidencial &#8211;\u00a0Marcello Casal JrAg\u00eancia Brasil Al\u00e9m do refor\u00e7o do policiamento, com previs\u00e3o de empenho de tropas especializadas e interven\u00e7\u00f5es no tr\u00e2nsito em toda a regi\u00e3o central de Bras\u00edlia, o Protocolo de Opera\u00e7\u00f5es Integradas prev\u00ea o fechamento da Esplanada e o apoio \u00e0 seguran\u00e7a presidencial, que est\u00e1 sob a responsabilidade da Pol\u00edcia Federal, a atua\u00e7\u00e3o de equipes de atendimentos de emerg\u00eancia e o refor\u00e7o nos efetivos de delegacias pr\u00f3ximas. Toda a regi\u00e3o central da capital federal ser\u00e1 monitorada por for\u00e7as de seguran\u00e7a locais, por meio de imagens de c\u00e2meras de videomonitoramento e drones, com informa\u00e7\u00f5es enviadas ao Centro Integrado de Opera\u00e7\u00f5es, que vai sediar o Gabinete de Gest\u00e3o Estrat\u00e9gica. O local vai reunir todo o alto-comando da seguran\u00e7a p\u00fablica do DF e representantes de \u00f3rg\u00e3os de seguran\u00e7a federais. Cidade da Seguran\u00e7a Bras\u00edlia se prepara para a grande festa da posse presidencial &#8211;\u00a0Marcello Casal JrAg\u00eancia Brasil Para dar mais\u00a0celeridade aos atendimentos de ocorr\u00eancias e \u00e0\u00a0presta\u00e7\u00e3o de servi\u00e7os durante a posse presidencial, ser\u00e1 montada a chamada Cidade da Seguran\u00e7a, localizada na \u00e1rea do Museu Nacional. A estrutura dar\u00e1 apoio a agentes e funcionar\u00e1 como base das for\u00e7as de seguran\u00e7a. Haver\u00e1 ainda um posto de atendimento m\u00e9dico\u00a0que vai funcionar de forma conjunta entre Servi\u00e7o de Atendimento M\u00f3vel de Urg\u00eancia (Samu) e o Corpo de Bombeiros. Os bombeiros v\u00e3o utilizar a Plataforma de Observa\u00e7\u00e3o Elevada, com c\u00e2meras de alta resolu\u00e7\u00e3o e alcance acoplados, para melhor observa\u00e7\u00e3o da \u00e1rea dos eventos. A corpora\u00e7\u00e3o atuar\u00e1 ainda com viaturas para atender ocorr\u00eancias envolvendo produtos perigosos e atendimento de m\u00faltiplas v\u00edtimas. Outros tr\u00eas pontos m\u00e9dicos e ambul\u00e2ncias de atendimento pr\u00e9-hospitalar ser\u00e3o posicionadas ao longo da Esplanada. Policiamento Bras\u00edlia se prepara para a grande festa da posse presidencial &#8211;\u00a0Marcello Casal JrAg\u00eancia Brasil O policiamento ser\u00e1 refor\u00e7ado em toda regi\u00e3o central de Bras\u00edlia pela Pol\u00edcia Militar. Unidades especializadas da corpora\u00e7\u00e3o e da Pol\u00edcia Civil, como as tropas de choque, cavalaria, opera\u00e7\u00f5es a\u00e9reas, policiamento com c\u00e3es e opera\u00e7\u00f5es especiais, estar\u00e3o em condi\u00e7\u00f5es para apoio, caso seja necess\u00e1rio. Os pr\u00e9dios p\u00fablicos contar\u00e3o tamb\u00e9m com seguran\u00e7a pr\u00f3pria. Policiais militares far\u00e3o revistas pessoais e bloqueios nas principais vias da Esplanada dos Minist\u00e9rios e, eventualmente, em meio ao p\u00fablico. Itens proibidos Bras\u00edlia se prepara para a grande festa da posse presidencial &#8211;\u00a0Marcello Casal JrAg\u00eancia Brasil Ser\u00e1 proibido acessar a \u00e1rea da cerim\u00f4nia da\u00a0posse presidencial portando armas brancas ou objetos pontiagudos, garrafas de vidro e latas, hastes de bandeiras, espetos de churrasquinhos, apontador a laser e similares, armas de brinquedo, r\u00e9plicas ou simulacros, barracas, tendas, fog\u00f5es e similares, fogos de artif\u00edcio e artefatos explosivos, dispositivos de choque el\u00e9trico ou sonoros (como megafone), subst\u00e2ncias inflam\u00e1veis, drogas il\u00edcitas ou quaisquer outros materiais que coloquem em risco a seguran\u00e7a das pessoas e do patrim\u00f4nio p\u00fablico. N\u00e3o ser\u00e1 permitido acessar a \u00e1rea com animais, exceto c\u00e3es-guia.\u00a0Aos que pretendem levar lanche e \u00e1gua, a recomenda\u00e7\u00e3o \u00e9 que utilizem embalagens de pl\u00e1stico transparentes.\u00a0Tamb\u00e9m foi proibida a utiliza\u00e7\u00e3o de drones na regi\u00e3o da Esplanada, exceto os das for\u00e7as de seguran\u00e7a e autorizados pela equipe de transi\u00e7\u00e3o. Tr\u00e2nsito e estacionamentos Bras\u00edlia se prepara para a grande festa da posse presidencial &#8211;\u00a0Marcello Casal JrAg\u00eancia Brasil A Esplanada dos Minist\u00e9rios est\u00e1 fechada. O Batalh\u00e3o de Policiamento de Tr\u00e2nsito e o Batalh\u00e3o de Tr\u00e2nsito Rodovi\u00e1rio, em a\u00e7\u00e3o conjunta com o Departamento de Tr\u00e2nsito, ficar\u00e3o respons\u00e1veis pela organiza\u00e7\u00e3o, bloqueios e fluxo do tr\u00e1fego de ve\u00edculos, incluindo os estacionamentos. Somente ve\u00edculos credenciados poder\u00e3o circular na Esplanada. O bloqueio da Via S1 ser\u00e1 a partir da al\u00e7a leste da Rodovi\u00e1ria do Plano Piloto. Os motoristas que estiverem na L2 Norte n\u00e3o poder\u00e3o acessar a Esplanada. A libera\u00e7\u00e3o das vias para o tr\u00e2nsito de ve\u00edculos s\u00f3 ocorrer\u00e1 mediante avalia\u00e7\u00e3o t\u00e9cnica, ap\u00f3s a finaliza\u00e7\u00e3o do festival e a dispers\u00e3o do p\u00fablico. Quem for de carro ao evento poder\u00e1 estacionar no Setor Banc\u00e1rio Norte, Setor de Autarquias e Setor de Divers\u00f5es. A recomenda\u00e7\u00e3o \u00e9 que o p\u00fablico d\u00ea prefer\u00eancia ao transporte coletivo, a t\u00e1xis e carros por aplicativos. \u00d4nibus e metr\u00f4 A Secretaria de Mobilidade do DF garantir\u00e1 \u00f4nibus \u00e0 popula\u00e7\u00e3o at\u00e9 as 4h do dia\u00a02 de janeiro. J\u00e1 o metr\u00f4\u00a0funciona,\u00a0neste\u00a0domingo,\u00a0das\u00a09h \u00e0s 22h, com embarque em todas as esta\u00e7\u00f5es. A partir desse hor\u00e1rio at\u00e9 as 2h do dia 2, somente a Esta\u00e7\u00e3o Central estar\u00e1 aberta para embarque. Acesso de pedestres No dia 1\u00ba, o acesso de pedestres ser\u00e1 feito somente pela Via N1. N\u00e3o ser\u00e1 autorizado o acesso pela Via S1 ou pelas escadarias dos minist\u00e9rios. Manifesta\u00e7\u00f5es contr\u00e1rias N\u00e3o ser\u00e3o permitidas manifesta\u00e7\u00f5es contr\u00e1rias ao presidente eleito na Esplanada dos Minist\u00e9rios. Caso haja esse tipo de movimento\u00a0durante o per\u00edodo que compreende o planejamento de seguran\u00e7a, esse p\u00fablico ser\u00e1 direcionado ao Eixo Monumental, na altura da Catedral Rainha da Paz. N\u00e3o ser\u00e1 autorizado carro de som ou trio el\u00e9trico na regi\u00e3o da Esplanada. Delegacias As delegacias da regi\u00e3o central\u00a0ter\u00e3o os efetivos refor\u00e7ados. Na Cidade da Seguran\u00e7a, haver\u00e1 um \u00f4nibus para registro de ocorr\u00eancias. As que n\u00e3o puderem ser feitas no local ser\u00e3o direcionadas ao Departamento de Pol\u00edcia Especializada, localizado no\" \/>\n<meta property=\"og:url\" content=\"https:\/\/noticiasemdestaque.com\/cd\/?p=45173\" \/>\n<meta property=\"og:site_name\" content=\"Not&iacute;cias em Destaque\" \/>\n<meta property=\"article:published_time\" content=\"2023-01-01T15:40:43+00:00\" \/>\n<meta property=\"og:image\" content=\"https:\/\/noticiasemdestaque.com\/cd\/wp-content\/uploads\/2023\/01\/esplanada_dos_ministerios_posse_presidencial_mcajr_abr_3012223172.jpg\" \/>\n\t<meta property=\"og:image:width\" content=\"1170\" \/>\n\t<meta property=\"og:image:height\" content=\"700\" \/>\n\t<meta property=\"og:image:type\" content=\"image\/jpeg\" \/>\n<meta name=\"author\" content=\"Not\u00edcias em Destaque\" \/>\n<meta name=\"twitter:card\" content=\"summary_large_image\" \/>\n<meta name=\"twitter:label1\" content=\"Escrito por\" \/>\n\t<meta name=\"twitter:data1\" content=\"Not\u00edcias em Destaque\" \/>\n\t<meta name=\"twitter:label2\" content=\"Est. tempo de leitura\" \/>\n\t<meta name=\"twitter:data2\" content=\"8 minutos\" \/>\n<script type=\"application\/ld+json\" class=\"yoast-schema-graph\">{\"@context\":\"https:\/\/schema.org\",\"@graph\":[{\"@type\":\"Article\",\"@id\":\"https:\/\/noticiasemdestaque.com\/cd\/?p=45173#article\",\"isPartOf\":{\"@id\":\"https:\/\/noticiasemdestaque.com\/cd\/?p=45173\"},\"author\":{\"name\":\"Not\u00edcias em Destaque\",\"@id\":\"https:\/\/noticiasemdestaque.com\/cd\/#\/schema\/person\/47f7d4f55eec17c6b2ca036c5500f6ce\"},\"headline\":\"Confira como vai funcionar esquema de seguran\u00e7a para a posse\",\"datePublished\":\"2023-01-01T15:40:43+00:00\",\"mainEntityOfPage\":{\"@id\":\"https:\/\/noticiasemdestaque.com\/cd\/?p=45173\"},\"wordCount\":1358,\"publisher\":{\"@id\":\"https:\/\/noticiasemdestaque.com\/cd\/#organization\"},\"image\":{\"@id\":\"https:\/\/noticiasemdestaque.com\/cd\/?p=45173#primaryimage\"},\"thumbnailUrl\":\"https:\/\/noticiasemdestaque.com\/cd\/wp-content\/uploads\/2023\/01\/esplanada_dos_ministerios_posse_presidencial_mcajr_abr_3012223172.jpg\",\"articleSection\":[\"Pol\u00edtica\"],\"inLanguage\":\"pt-BR\"},{\"@type\":\"WebPage\",\"@id\":\"https:\/\/noticiasemdestaque.com\/cd\/?p=45173\",\"url\":\"https:\/\/noticiasemdestaque.com\/cd\/?p=45173\",\"name\":\"Confira como vai funcionar esquema de seguran\u00e7a para a posse - Not&iacute;cias em Destaque\",\"isPartOf\":{\"@id\":\"https:\/\/noticiasemdestaque.com\/cd\/#website\"},\"primaryImageOfPage\":{\"@id\":\"https:\/\/noticiasemdestaque.com\/cd\/?p=45173#primaryimage\"},\"image\":{\"@id\":\"https:\/\/noticiasemdestaque.com\/cd\/?p=45173#primaryimage\"},\"thumbnailUrl\":\"https:\/\/noticiasemdestaque.com\/cd\/wp-content\/uploads\/2023\/01\/esplanada_dos_ministerios_posse_presidencial_mcajr_abr_3012223172.jpg\",\"datePublished\":\"2023-01-01T15:40:43+00:00\",\"breadcrumb\":{\"@id\":\"https:\/\/noticiasemdestaque.com\/cd\/?p=45173#breadcrumb\"},\"inLanguage\":\"pt-BR\",\"potentialAction\":[{\"@type\":\"ReadAction\",\"target\":[\"https:\/\/noticiasemdestaque.com\/cd\/?p=45173\"]}]},{\"@type\":\"ImageObject\",\"inLanguage\":\"pt-BR\",\"@id\":\"https:\/\/noticiasemdestaque.com\/cd\/?p=45173#primaryimage\",\"url\":\"https:\/\/noticiasemdestaque.com\/cd\/wp-content\/uploads\/2023\/01\/esplanada_dos_ministerios_posse_presidencial_mcajr_abr_3012223172.jpg\",\"contentUrl\":\"https:\/\/noticiasemdestaque.com\/cd\/wp-content\/uploads\/2023\/01\/esplanada_dos_ministerios_posse_presidencial_mcajr_abr_3012223172.jpg\",\"width\":1170,\"height\":700,\"caption\":\"Bras\u00edlia se prepara para a grande festa da posse presidencial\"},{\"@type\":\"BreadcrumbList\",\"@id\":\"https:\/\/noticiasemdestaque.com\/cd\/?p=45173#breadcrumb\",\"itemListElement\":[{\"@type\":\"ListItem\",\"position\":1,\"name\":\"In\u00edcio\",\"item\":\"https:\/\/noticiasemdestaque.com\/cd\/\"},{\"@type\":\"ListItem\",\"position\":2,\"name\":\"Confira como vai funcionar esquema de seguran\u00e7a para a posse\"}]},{\"@type\":\"WebSite\",\"@id\":\"https:\/\/noticiasemdestaque.com\/cd\/#website\",\"url\":\"https:\/\/noticiasemdestaque.com\/cd\/\",\"name\":\"Not&iacute;cias em Destaque\",\"description\":\"\",\"publisher\":{\"@id\":\"https:\/\/noticiasemdestaque.com\/cd\/#organization\"},\"potentialAction\":[{\"@type\":\"SearchAction\",\"target\":{\"@type\":\"EntryPoint\",\"urlTemplate\":\"https:\/\/noticiasemdestaque.com\/cd\/?s={search_term_string}\"},\"query-input\":{\"@type\":\"PropertyValueSpecification\",\"valueRequired\":true,\"valueName\":\"search_term_string\"}}],\"inLanguage\":\"pt-BR\"},{\"@type\":\"Organization\",\"@id\":\"https:\/\/noticiasemdestaque.com\/cd\/#organization\",\"name\":\"Not\u00edcias em Destaque\",\"url\":\"https:\/\/noticiasemdestaque.com\/cd\/\",\"logo\":{\"@type\":\"ImageObject\",\"inLanguage\":\"pt-BR\",\"@id\":\"https:\/\/noticiasemdestaque.com\/cd\/#\/schema\/logo\/image\/\",\"url\":\"https:\/\/noticiasemdestaque.com\/cd\/wp-content\/uploads\/2022\/05\/imagem-base-noticiasemdestaque.png\",\"contentUrl\":\"https:\/\/noticiasemdestaque.com\/cd\/wp-content\/uploads\/2022\/05\/imagem-base-noticiasemdestaque.png\",\"width\":1200,\"height\":630,\"caption\":\"Not\u00edcias em Destaque\"},\"image\":{\"@id\":\"https:\/\/noticiasemdestaque.com\/cd\/#\/schema\/logo\/image\/\"}},{\"@type\":\"Person\",\"@id\":\"https:\/\/noticiasemdestaque.com\/cd\/#\/schema\/person\/47f7d4f55eec17c6b2ca036c5500f6ce\",\"name\":\"Not\u00edcias em Destaque\",\"url\":\"https:\/\/noticiasemdestaque.com\/cd\/?author=2\"}]}<\/script>\n<!-- \/ Yoast SEO plugin. -->","yoast_head_json":{"title":"Confira como vai funcionar esquema de seguran\u00e7a para a posse - Not&iacute;cias em Destaque","robots":{"index":"index","follow":"follow","max-snippet":"max-snippet:-1","max-image-preview":"max-image-preview:large","max-video-preview":"max-video-preview:-1"},"canonical":"https:\/\/noticiasemdestaque.com\/cd\/?p=45173","og_locale":"pt_BR","og_type":"article","og_title":"Confira como vai funcionar esquema de seguran\u00e7a para a posse - Not&iacute;cias em Destaque","og_description":"O governo do Distrito Federal\u00a0limitou em 30 mil\u00a0o p\u00fablico que vai poder acompanhar, da Pra\u00e7a dos Tr\u00eas Poderes, o rito de passagem da faixa presidencial no Pal\u00e1cio do Planalto, neste\u00a0domingo\u00a0(1\u00ba). De acordo com a Secretario de Seguran\u00e7a P\u00fablica, as pessoas que quiserem entrar na\u00a0pra\u00e7a devem faz\u00ea-lo at\u00e9 as 12h30. Caso a lota\u00e7\u00e3o m\u00e1xima seja atingida antes disso, o acesso ser\u00e1 fechado mais cedo. Por quest\u00f5es de seguran\u00e7a, o acesso de pedestres \u00e0 Esplanada dos Minist\u00e9rios ser\u00e1 feito somente pela Via N1, onde ser\u00e3o montadas linhas de revista. A orienta\u00e7\u00e3o \u00e9 evitar levar\u00a0materiais como hastes de bandeira, garrafas de vidro e \u00e1lcool l\u00edquido. A Pol\u00edcia Civil, a Pol\u00edcia Militar e o Corpo de Bombeiros estar\u00e3o com 100% do efetivo de prontid\u00e3o. Ao todo, mais de 50 reuni\u00f5es envolvendo for\u00e7as do DF e federais foram realizadas ao longo das \u00faltimas semanas para garantir a seguran\u00e7a n\u00e3o somente de autoridades presentes na cerim\u00f4nia, mas tamb\u00e9m de delega\u00e7\u00f5es estrangeiras e do p\u00fablico em geral. Confira, a seguir, o esquema completo de seguran\u00e7a para a posse presidencial. Centro Integrado de Opera\u00e7\u00f5es Bras\u00edlia se prepara para a grande festa da posse presidencial &#8211;\u00a0Marcello Casal JrAg\u00eancia Brasil Al\u00e9m do refor\u00e7o do policiamento, com previs\u00e3o de empenho de tropas especializadas e interven\u00e7\u00f5es no tr\u00e2nsito em toda a regi\u00e3o central de Bras\u00edlia, o Protocolo de Opera\u00e7\u00f5es Integradas prev\u00ea o fechamento da Esplanada e o apoio \u00e0 seguran\u00e7a presidencial, que est\u00e1 sob a responsabilidade da Pol\u00edcia Federal, a atua\u00e7\u00e3o de equipes de atendimentos de emerg\u00eancia e o refor\u00e7o nos efetivos de delegacias pr\u00f3ximas. Toda a regi\u00e3o central da capital federal ser\u00e1 monitorada por for\u00e7as de seguran\u00e7a locais, por meio de imagens de c\u00e2meras de videomonitoramento e drones, com informa\u00e7\u00f5es enviadas ao Centro Integrado de Opera\u00e7\u00f5es, que vai sediar o Gabinete de Gest\u00e3o Estrat\u00e9gica. O local vai reunir todo o alto-comando da seguran\u00e7a p\u00fablica do DF e representantes de \u00f3rg\u00e3os de seguran\u00e7a federais. Cidade da Seguran\u00e7a Bras\u00edlia se prepara para a grande festa da posse presidencial &#8211;\u00a0Marcello Casal JrAg\u00eancia Brasil Para dar mais\u00a0celeridade aos atendimentos de ocorr\u00eancias e \u00e0\u00a0presta\u00e7\u00e3o de servi\u00e7os durante a posse presidencial, ser\u00e1 montada a chamada Cidade da Seguran\u00e7a, localizada na \u00e1rea do Museu Nacional. A estrutura dar\u00e1 apoio a agentes e funcionar\u00e1 como base das for\u00e7as de seguran\u00e7a. Haver\u00e1 ainda um posto de atendimento m\u00e9dico\u00a0que vai funcionar de forma conjunta entre Servi\u00e7o de Atendimento M\u00f3vel de Urg\u00eancia (Samu) e o Corpo de Bombeiros. Os bombeiros v\u00e3o utilizar a Plataforma de Observa\u00e7\u00e3o Elevada, com c\u00e2meras de alta resolu\u00e7\u00e3o e alcance acoplados, para melhor observa\u00e7\u00e3o da \u00e1rea dos eventos. A corpora\u00e7\u00e3o atuar\u00e1 ainda com viaturas para atender ocorr\u00eancias envolvendo produtos perigosos e atendimento de m\u00faltiplas v\u00edtimas. Outros tr\u00eas pontos m\u00e9dicos e ambul\u00e2ncias de atendimento pr\u00e9-hospitalar ser\u00e3o posicionadas ao longo da Esplanada. Policiamento Bras\u00edlia se prepara para a grande festa da posse presidencial &#8211;\u00a0Marcello Casal JrAg\u00eancia Brasil O policiamento ser\u00e1 refor\u00e7ado em toda regi\u00e3o central de Bras\u00edlia pela Pol\u00edcia Militar. Unidades especializadas da corpora\u00e7\u00e3o e da Pol\u00edcia Civil, como as tropas de choque, cavalaria, opera\u00e7\u00f5es a\u00e9reas, policiamento com c\u00e3es e opera\u00e7\u00f5es especiais, estar\u00e3o em condi\u00e7\u00f5es para apoio, caso seja necess\u00e1rio. Os pr\u00e9dios p\u00fablicos contar\u00e3o tamb\u00e9m com seguran\u00e7a pr\u00f3pria. Policiais militares far\u00e3o revistas pessoais e bloqueios nas principais vias da Esplanada dos Minist\u00e9rios e, eventualmente, em meio ao p\u00fablico. Itens proibidos Bras\u00edlia se prepara para a grande festa da posse presidencial &#8211;\u00a0Marcello Casal JrAg\u00eancia Brasil Ser\u00e1 proibido acessar a \u00e1rea da cerim\u00f4nia da\u00a0posse presidencial portando armas brancas ou objetos pontiagudos, garrafas de vidro e latas, hastes de bandeiras, espetos de churrasquinhos, apontador a laser e similares, armas de brinquedo, r\u00e9plicas ou simulacros, barracas, tendas, fog\u00f5es e similares, fogos de artif\u00edcio e artefatos explosivos, dispositivos de choque el\u00e9trico ou sonoros (como megafone), subst\u00e2ncias inflam\u00e1veis, drogas il\u00edcitas ou quaisquer outros materiais que coloquem em risco a seguran\u00e7a das pessoas e do patrim\u00f4nio p\u00fablico. N\u00e3o ser\u00e1 permitido acessar a \u00e1rea com animais, exceto c\u00e3es-guia.\u00a0Aos que pretendem levar lanche e \u00e1gua, a recomenda\u00e7\u00e3o \u00e9 que utilizem embalagens de pl\u00e1stico transparentes.\u00a0Tamb\u00e9m foi proibida a utiliza\u00e7\u00e3o de drones na regi\u00e3o da Esplanada, exceto os das for\u00e7as de seguran\u00e7a e autorizados pela equipe de transi\u00e7\u00e3o. Tr\u00e2nsito e estacionamentos Bras\u00edlia se prepara para a grande festa da posse presidencial &#8211;\u00a0Marcello Casal JrAg\u00eancia Brasil A Esplanada dos Minist\u00e9rios est\u00e1 fechada. O Batalh\u00e3o de Policiamento de Tr\u00e2nsito e o Batalh\u00e3o de Tr\u00e2nsito Rodovi\u00e1rio, em a\u00e7\u00e3o conjunta com o Departamento de Tr\u00e2nsito, ficar\u00e3o respons\u00e1veis pela organiza\u00e7\u00e3o, bloqueios e fluxo do tr\u00e1fego de ve\u00edculos, incluindo os estacionamentos. Somente ve\u00edculos credenciados poder\u00e3o circular na Esplanada. O bloqueio da Via S1 ser\u00e1 a partir da al\u00e7a leste da Rodovi\u00e1ria do Plano Piloto. Os motoristas que estiverem na L2 Norte n\u00e3o poder\u00e3o acessar a Esplanada. A libera\u00e7\u00e3o das vias para o tr\u00e2nsito de ve\u00edculos s\u00f3 ocorrer\u00e1 mediante avalia\u00e7\u00e3o t\u00e9cnica, ap\u00f3s a finaliza\u00e7\u00e3o do festival e a dispers\u00e3o do p\u00fablico. Quem for de carro ao evento poder\u00e1 estacionar no Setor Banc\u00e1rio Norte, Setor de Autarquias e Setor de Divers\u00f5es. A recomenda\u00e7\u00e3o \u00e9 que o p\u00fablico d\u00ea prefer\u00eancia ao transporte coletivo, a t\u00e1xis e carros por aplicativos. \u00d4nibus e metr\u00f4 A Secretaria de Mobilidade do DF garantir\u00e1 \u00f4nibus \u00e0 popula\u00e7\u00e3o at\u00e9 as 4h do dia\u00a02 de janeiro. J\u00e1 o metr\u00f4\u00a0funciona,\u00a0neste\u00a0domingo,\u00a0das\u00a09h \u00e0s 22h, com embarque em todas as esta\u00e7\u00f5es. A partir desse hor\u00e1rio at\u00e9 as 2h do dia 2, somente a Esta\u00e7\u00e3o Central estar\u00e1 aberta para embarque. Acesso de pedestres No dia 1\u00ba, o acesso de pedestres ser\u00e1 feito somente pela Via N1. N\u00e3o ser\u00e1 autorizado o acesso pela Via S1 ou pelas escadarias dos minist\u00e9rios. Manifesta\u00e7\u00f5es contr\u00e1rias N\u00e3o ser\u00e3o permitidas manifesta\u00e7\u00f5es contr\u00e1rias ao presidente eleito na Esplanada dos Minist\u00e9rios. Caso haja esse tipo de movimento\u00a0durante o per\u00edodo que compreende o planejamento de seguran\u00e7a, esse p\u00fablico ser\u00e1 direcionado ao Eixo Monumental, na altura da Catedral Rainha da Paz. N\u00e3o ser\u00e1 autorizado carro de som ou trio el\u00e9trico na regi\u00e3o da Esplanada. Delegacias As delegacias da regi\u00e3o central\u00a0ter\u00e3o os efetivos refor\u00e7ados. Na Cidade da Seguran\u00e7a, haver\u00e1 um \u00f4nibus para registro de ocorr\u00eancias. As que n\u00e3o puderem ser feitas no local ser\u00e3o direcionadas ao Departamento de Pol\u00edcia Especializada, localizado no","og_url":"https:\/\/noticiasemdestaque.com\/cd\/?p=45173","og_site_name":"Not&iacute;cias em Destaque","article_published_time":"2023-01-01T15:40:43+00:00","og_image":[{"width":1170,"height":700,"url":"https:\/\/noticiasemdestaque.com\/cd\/wp-content\/uploads\/2023\/01\/esplanada_dos_ministerios_posse_presidencial_mcajr_abr_3012223172.jpg","type":"image\/jpeg"}],"author":"Not\u00edcias em Destaque","twitter_card":"summary_large_image","twitter_misc":{"Escrito por":"Not\u00edcias em Destaque","Est. tempo de leitura":"8 minutos"},"schema":{"@context":"https:\/\/schema.org","@graph":[{"@type":"Article","@id":"https:\/\/noticiasemdestaque.com\/cd\/?p=45173#article","isPartOf":{"@id":"https:\/\/noticiasemdestaque.com\/cd\/?p=45173"},"author":{"name":"Not\u00edcias em Destaque","@id":"https:\/\/noticiasemdestaque.com\/cd\/#\/schema\/person\/47f7d4f55eec17c6b2ca036c5500f6ce"},"headline":"Confira como vai funcionar esquema de seguran\u00e7a para a posse","datePublished":"2023-01-01T15:40:43+00:00","mainEntityOfPage":{"@id":"https:\/\/noticiasemdestaque.com\/cd\/?p=45173"},"wordCount":1358,"publisher":{"@id":"https:\/\/noticiasemdestaque.com\/cd\/#organization"},"image":{"@id":"https:\/\/noticiasemdestaque.com\/cd\/?p=45173#primaryimage"},"thumbnailUrl":"https:\/\/noticiasemdestaque.com\/cd\/wp-content\/uploads\/2023\/01\/esplanada_dos_ministerios_posse_presidencial_mcajr_abr_3012223172.jpg","articleSection":["Pol\u00edtica"],"inLanguage":"pt-BR"},{"@type":"WebPage","@id":"https:\/\/noticiasemdestaque.com\/cd\/?p=45173","url":"https:\/\/noticiasemdestaque.com\/cd\/?p=45173","name":"Confira como vai funcionar esquema de seguran\u00e7a para a posse - Not&iacute;cias em Destaque","isPartOf":{"@id":"https:\/\/noticiasemdestaque.com\/cd\/#website"},"primaryImageOfPage":{"@id":"https:\/\/noticiasemdestaque.com\/cd\/?p=45173#primaryimage"},"image":{"@id":"https:\/\/noticiasemdestaque.com\/cd\/?p=45173#primaryimage"},"thumbnailUrl":"https:\/\/noticiasemdestaque.com\/cd\/wp-content\/uploads\/2023\/01\/esplanada_dos_ministerios_posse_presidencial_mcajr_abr_3012223172.jpg","datePublished":"2023-01-01T15:40:43+00:00","breadcrumb":{"@id":"https:\/\/noticiasemdestaque.com\/cd\/?p=45173#breadcrumb"},"inLanguage":"pt-BR","potentialAction":[{"@type":"ReadAction","target":["https:\/\/noticiasemdestaque.com\/cd\/?p=45173"]}]},{"@type":"ImageObject","inLanguage":"pt-BR","@id":"https:\/\/noticiasemdestaque.com\/cd\/?p=45173#primaryimage","url":"https:\/\/noticiasemdestaque.com\/cd\/wp-content\/uploads\/2023\/01\/esplanada_dos_ministerios_posse_presidencial_mcajr_abr_3012223172.jpg","contentUrl":"https:\/\/noticiasemdestaque.com\/cd\/wp-content\/uploads\/2023\/01\/esplanada_dos_ministerios_posse_presidencial_mcajr_abr_3012223172.jpg","width":1170,"height":700,"caption":"Bras\u00edlia se prepara para a grande festa da posse presidencial"},{"@type":"BreadcrumbList","@id":"https:\/\/noticiasemdestaque.com\/cd\/?p=45173#breadcrumb","itemListElement":[{"@type":"ListItem","position":1,"name":"In\u00edcio","item":"https:\/\/noticiasemdestaque.com\/cd\/"},{"@type":"ListItem","position":2,"name":"Confira como vai funcionar esquema de seguran\u00e7a para a posse"}]},{"@type":"WebSite","@id":"https:\/\/noticiasemdestaque.com\/cd\/#website","url":"https:\/\/noticiasemdestaque.com\/cd\/","name":"Not&iacute;cias em Destaque","description":"","publisher":{"@id":"https:\/\/noticiasemdestaque.com\/cd\/#organization"},"potentialAction":[{"@type":"SearchAction","target":{"@type":"EntryPoint","urlTemplate":"https:\/\/noticiasemdestaque.com\/cd\/?s={search_term_string}"},"query-input":{"@type":"PropertyValueSpecification","valueRequired":true,"valueName":"search_term_string"}}],"inLanguage":"pt-BR"},{"@type":"Organization","@id":"https:\/\/noticiasemdestaque.com\/cd\/#organization","name":"Not\u00edcias em Destaque","url":"https:\/\/noticiasemdestaque.com\/cd\/","logo":{"@type":"ImageObject","inLanguage":"pt-BR","@id":"https:\/\/noticiasemdestaque.com\/cd\/#\/schema\/logo\/image\/","url":"https:\/\/noticiasemdestaque.com\/cd\/wp-content\/uploads\/2022\/05\/imagem-base-noticiasemdestaque.png","contentUrl":"https:\/\/noticiasemdestaque.com\/cd\/wp-content\/uploads\/2022\/05\/imagem-base-noticiasemdestaque.png","width":1200,"height":630,"caption":"Not\u00edcias em Destaque"},"image":{"@id":"https:\/\/noticiasemdestaque.com\/cd\/#\/schema\/logo\/image\/"}},{"@type":"Person","@id":"https:\/\/noticiasemdestaque.com\/cd\/#\/schema\/person\/47f7d4f55eec17c6b2ca036c5500f6ce","name":"Not\u00edcias em Destaque","url":"https:\/\/noticiasemdestaque.com\/cd\/?author=2"}]}},"jetpack_featured_media_url":"https:\/\/noticiasemdestaque.com\/cd\/wp-content\/uploads\/2023\/01\/esplanada_dos_ministerios_posse_presidencial_mcajr_abr_3012223172.jpg","jetpack_sharing_enabled":true,"_links":{"self":[{"href":"https:\/\/noticiasemdestaque.com\/cd\/index.php?rest_route=\/wp\/v2\/posts\/45173","targetHints":{"allow":["GET"]}}],"collection":[{"href":"https:\/\/noticiasemdestaque.com\/cd\/index.php?rest_route=\/wp\/v2\/posts"}],"about":[{"href":"https:\/\/noticiasemdestaque.com\/cd\/index.php?rest_route=\/wp\/v2\/types\/post"}],"author":[{"embeddable":true,"href":"https:\/\/noticiasemdestaque.com\/cd\/index.php?rest_route=\/wp\/v2\/users\/2"}],"replies":[{"embeddable":true,"href":"https:\/\/noticiasemdestaque.com\/cd\/index.php?rest_route=%2Fwp%2Fv2%2Fcomments&post=45173"}],"version-history":[{"count":1,"href":"https:\/\/noticiasemdestaque.com\/cd\/index.php?rest_route=\/wp\/v2\/posts\/45173\/revisions"}],"predecessor-version":[{"id":45175,"href":"https:\/\/noticiasemdestaque.com\/cd\/index.php?rest_route=\/wp\/v2\/posts\/45173\/revisions\/45175"}],"wp:featuredmedia":[{"embeddable":true,"href":"https:\/\/noticiasemdestaque.com\/cd\/index.php?rest_route=\/wp\/v2\/media\/45174"}],"wp:attachment":[{"href":"https:\/\/noticiasemdestaque.com\/cd\/index.php?rest_route=%2Fwp%2Fv2%2Fmedia&parent=45173"}],"wp:term":[{"taxonomy":"category","embeddable":true,"href":"https:\/\/noticiasemdestaque.com\/cd\/index.php?rest_route=%2Fwp%2Fv2%2Fcategories&post=45173"},{"taxonomy":"post_tag","embeddable":true,"href":"https:\/\/noticiasemdestaque.com\/cd\/index.php?rest_route=%2Fwp%2Fv2%2Ftags&post=45173"}],"curies":[{"name":"wp","href":"https:\/\/api.w.org\/{rel}","templated":true}]}}