{"id":45170,"date":"2023-01-01T12:37:49","date_gmt":"2023-01-01T15:37:49","guid":{"rendered":"https:\/\/noticiasemdestaque.com\/cd\/?p=45170"},"modified":"2023-01-01T12:37:49","modified_gmt":"2023-01-01T15:37:49","slug":"lula-e-alckmin-tomam-posse-hoje-entenda-o-rito","status":"publish","type":"post","link":"https:\/\/noticiasemdestaque.com\/cd\/?p=45170","title":{"rendered":"Lula e Alckmin tomam posse hoje; entenda o rito"},"content":{"rendered":"<p><a href=\"https:\/\/noticiasemdestaque.com\/cd\/wp-content\/uploads\/2023\/01\/lula-ministros2_mcamgo_abr_221220221818-15.jpg\"><img fetchpriority=\"high\" decoding=\"async\" class=\" wp-image-45171\" src=\"https:\/\/noticiasemdestaque.com\/cd\/wp-content\/uploads\/2023\/01\/lula-ministros2_mcamgo_abr_221220221818-15-300x179.jpg\" alt=\"\" width=\"1098\" height=\"655\" srcset=\"https:\/\/noticiasemdestaque.com\/cd\/wp-content\/uploads\/2023\/01\/lula-ministros2_mcamgo_abr_221220221818-15-300x179.jpg 300w, https:\/\/noticiasemdestaque.com\/cd\/wp-content\/uploads\/2023\/01\/lula-ministros2_mcamgo_abr_221220221818-15-768x459.jpg 768w, https:\/\/noticiasemdestaque.com\/cd\/wp-content\/uploads\/2023\/01\/lula-ministros2_mcamgo_abr_221220221818-15-18x12.jpg 18w\" sizes=\"(max-width: 1098px) 100vw, 1098px\" \/><\/a><\/p>\n<p>O Artigo 78 da Constitui\u00e7\u00e3o Federal determina\u00a0que o presidente e o vice-presidente da Rep\u00fablica eleitos tomem posse em cerim\u00f4nia no Congresso Nacional. A sess\u00e3o solene destinada a empossar Luiz In\u00e1cio Lula da Silva e Geraldo Alckmin deve ocorrer no plen\u00e1rio da C\u00e2mara dos Deputados no dia 1\u00ba de janeiro de 2023, a partir das 15h. Antes, ambos participam de cortejo que come\u00e7a na Esplanada dos Minist\u00e9rios, pr\u00f3ximo \u00e0 Catedral Metropolitana de Bras\u00edlia, e segue at\u00e9 o Congresso Nacional.<img decoding=\"async\" src=\"https:\/\/agenciabrasil.ebc.com.br\/ebc.png?id=1500448&amp;o=node\" \/><img decoding=\"async\" src=\"https:\/\/agenciabrasil.ebc.com.br\/ebc.gif?id=1500448&amp;o=node\" \/><\/p>\n<p>Parte da cerim\u00f4nia de posse deve acontecer na \u00e1rea externa do Congresso Nacional. No gramado, ficar\u00e3o posicionadas as baterias respons\u00e1veis pelas tradicionais salvas de tiro. Na parte da frente do edif\u00edcio principal, antes da rampa, ser\u00e1 hasteada a bandeira nacional e o presidente eleito passar\u00e1 em revista as tropas mobilizadas para o evento. Na entrada da rampa, Lula e Alckmin ser\u00e3o recebidos pelos presidentes do Senado, Rodrigo Pacheco, e da C\u00e2mara dos Deputados, Arthur Lira, e, de l\u00e1, seguem ao interior do pr\u00e9dio pela entrada principal.<\/p>\n<p>Antes de seguirem ao plen\u00e1rio, os eleitos ainda ser\u00e3o saudados por autoridades em um dos mais emblem\u00e1ticos sal\u00f5es do Congresso Nacional, o Sal\u00e3o Negro. Nas laterais est\u00e3o localizados os sal\u00f5es nobres da C\u00e2mara e do Senado, onde as autoridades estar\u00e3o aguardando o presidente e o vice-presidente eleitos. Para chegar ao plen\u00e1rio, Lula e Alckmin, j\u00e1 seguidos por autoridades,\u00a0ter\u00e3o que passar pelo Sal\u00e3o Verde e pelo Sal\u00e3o Azul, onde os empossados ser\u00e3o recepcionados logo ap\u00f3s a sess\u00e3o solene.<\/p>\n<p>Em caso de chuva, a entrada do presidente e do vice-presidente acontecer\u00e1 pelo Sal\u00e3o Branco, conhecido como chapelaria. O roteiro completo da cerim\u00f4nia pode ser acessado\u00a0<a href=\"https:\/\/www12.senado.leg.br\/noticias\/arquivos\/2022\/12\/15\/roteiro-da-posse-presidencial-2023-congresso-nacional.pdf\" target=\"_blank\" rel=\"noopener\">aqui<\/a>.<\/p>\n<h2>Tecnologia<\/h2>\n<p>Uma das novidades da cerim\u00f4nia de posse em 2023 \u00e9 o uso de QR Code nos convites, garantindo que sejam pessoais e intransfer\u00edveis. Por meio de aparelhos celulares disponibilizados no local da cerim\u00f4nia, a leitura do c\u00f3digo abrir\u00e1 um aplicativo com informa\u00e7\u00f5es sobre o convidado.<\/p>\n<h2>Sess\u00e3o solene<\/h2>\n<p>A sess\u00e3o de posse \u00e9 presidida pelo presidente do Congresso Nacional, cargo ocupado pelo presidente do Senado, Rodrigo Pacheco. A Mesa tamb\u00e9m deve ser composta pelo presidente da Rep\u00fablica e vice eleitos, pelo presidente da C\u00e2mara, do Supremo Tribunal Federal (STF), pelo primeiro secret\u00e1rio e por outras autoridades. Ap\u00f3s prestar o compromisso constitucional previsto no artigo 78, Lula ser\u00e1 declarado empossado por Pacheco.<\/p>\n<p>Empossados, presidente e vice assinam o termo de posse. Em seguida, somente Lula e Pacheco discursam e a sess\u00e3o \u00e9 encerrada. Ap\u00f3s a posse, j\u00e1 no Pal\u00e1cio do Planalto, na Pra\u00e7a dos Tr\u00eas Poderes, o presidente eleito recebe a faixa presidencial e faz um pronunciamento. Por fim, haver\u00e1 recep\u00e7\u00e3o de chefes de Estado e representantes de pa\u00edses no Pal\u00e1cio do Itamaraty.<\/p>\n<p><strong>Noticias em Destaque<\/strong><\/p>\n<p style=\"text-align: right;\"><em>*Com informa\u00e7\u00f5es da Ag\u00eancia Senado.<\/em><\/p>\n","protected":false},"excerpt":{"rendered":"<p>O Artigo 78 da Constitui\u00e7\u00e3o Federal determina\u00a0que o presidente e o vice-presidente da Rep\u00fablica eleitos tomem posse em cerim\u00f4nia no Congresso Nacional. A sess\u00e3o solene destinada a empossar Luiz In\u00e1cio Lula da Silva e Geraldo Alckmin deve ocorrer no plen\u00e1rio da C\u00e2mara dos Deputados no dia 1\u00ba de janeiro de 2023, a partir das 15h. Antes, ambos participam de cortejo que come\u00e7a na Esplanada dos Minist\u00e9rios, pr\u00f3ximo \u00e0 Catedral Metropolitana de Bras\u00edlia, e segue at\u00e9 o Congresso Nacional. Parte da cerim\u00f4nia de posse deve acontecer na \u00e1rea externa do Congresso Nacional. No gramado, ficar\u00e3o posicionadas as baterias respons\u00e1veis pelas tradicionais salvas de tiro. Na parte da frente do edif\u00edcio principal, antes da rampa, ser\u00e1 hasteada a bandeira nacional e o presidente eleito passar\u00e1 em revista as tropas mobilizadas para o evento. Na entrada da rampa, Lula e Alckmin ser\u00e3o recebidos pelos presidentes do Senado, Rodrigo Pacheco, e da C\u00e2mara dos Deputados, Arthur Lira, e, de l\u00e1, seguem ao interior do pr\u00e9dio pela entrada principal. Antes de seguirem ao plen\u00e1rio, os eleitos ainda ser\u00e3o saudados por autoridades em um dos mais emblem\u00e1ticos sal\u00f5es do Congresso Nacional, o Sal\u00e3o Negro. Nas laterais est\u00e3o localizados os sal\u00f5es nobres da C\u00e2mara e do Senado, onde as autoridades estar\u00e3o aguardando o presidente e o vice-presidente eleitos. Para chegar ao plen\u00e1rio, Lula e Alckmin, j\u00e1 seguidos por autoridades,\u00a0ter\u00e3o que passar pelo Sal\u00e3o Verde e pelo Sal\u00e3o Azul, onde os empossados ser\u00e3o recepcionados logo ap\u00f3s a sess\u00e3o solene. Em caso de chuva, a entrada do presidente e do vice-presidente acontecer\u00e1 pelo Sal\u00e3o Branco, conhecido como chapelaria. O roteiro completo da cerim\u00f4nia pode ser acessado\u00a0aqui. Tecnologia Uma das novidades da cerim\u00f4nia de posse em 2023 \u00e9 o uso de QR Code nos convites, garantindo que sejam pessoais e intransfer\u00edveis. Por meio de aparelhos celulares disponibilizados no local da cerim\u00f4nia, a leitura do c\u00f3digo abrir\u00e1 um aplicativo com informa\u00e7\u00f5es sobre o convidado. Sess\u00e3o solene A sess\u00e3o de posse \u00e9 presidida pelo presidente do Congresso Nacional, cargo ocupado pelo presidente do Senado, Rodrigo Pacheco. A Mesa tamb\u00e9m deve ser composta pelo presidente da Rep\u00fablica e vice eleitos, pelo presidente da C\u00e2mara, do Supremo Tribunal Federal (STF), pelo primeiro secret\u00e1rio e por outras autoridades. Ap\u00f3s prestar o compromisso constitucional previsto no artigo 78, Lula ser\u00e1 declarado empossado por Pacheco. Empossados, presidente e vice assinam o termo de posse. Em seguida, somente Lula e Pacheco discursam e a sess\u00e3o \u00e9 encerrada. Ap\u00f3s a posse, j\u00e1 no Pal\u00e1cio do Planalto, na Pra\u00e7a dos Tr\u00eas Poderes, o presidente eleito recebe a faixa presidencial e faz um pronunciamento. Por fim, haver\u00e1 recep\u00e7\u00e3o de chefes de Estado e representantes de pa\u00edses no Pal\u00e1cio do Itamaraty. Noticias em Destaque *Com informa\u00e7\u00f5es da Ag\u00eancia Senado.<\/p>\n","protected":false},"author":2,"featured_media":45171,"comment_status":"closed","ping_status":"open","sticky":false,"template":"","format":"standard","meta":{"_eb_attr":"","_jetpack_memberships_contains_paid_content":false,"footnotes":""},"categories":[4],"tags":[],"class_list":["post-45170","post","type-post","status-publish","format-standard","has-post-thumbnail","hentry","category-politica"],"yoast_head":"<!-- This site is optimized with the Yoast SEO plugin v26.5 - https:\/\/yoast.com\/wordpress\/plugins\/seo\/ -->\n<title>Lula e Alckmin tomam posse hoje; entenda o rito - Not&iacute;cias em Destaque<\/title>\n<meta name=\"robots\" content=\"index, follow, max-snippet:-1, max-image-preview:large, max-video-preview:-1\" \/>\n<link rel=\"canonical\" href=\"https:\/\/noticiasemdestaque.com\/cd\/?p=45170\" \/>\n<meta property=\"og:locale\" content=\"pt_BR\" \/>\n<meta property=\"og:type\" content=\"article\" \/>\n<meta property=\"og:title\" content=\"Lula e Alckmin tomam posse hoje; entenda o rito - Not&iacute;cias em Destaque\" \/>\n<meta property=\"og:description\" content=\"O Artigo 78 da Constitui\u00e7\u00e3o Federal determina\u00a0que o presidente e o vice-presidente da Rep\u00fablica eleitos tomem posse em cerim\u00f4nia no Congresso Nacional. A sess\u00e3o solene destinada a empossar Luiz In\u00e1cio Lula da Silva e Geraldo Alckmin deve ocorrer no plen\u00e1rio da C\u00e2mara dos Deputados no dia 1\u00ba de janeiro de 2023, a partir das 15h. Antes, ambos participam de cortejo que come\u00e7a na Esplanada dos Minist\u00e9rios, pr\u00f3ximo \u00e0 Catedral Metropolitana de Bras\u00edlia, e segue at\u00e9 o Congresso Nacional. Parte da cerim\u00f4nia de posse deve acontecer na \u00e1rea externa do Congresso Nacional. No gramado, ficar\u00e3o posicionadas as baterias respons\u00e1veis pelas tradicionais salvas de tiro. Na parte da frente do edif\u00edcio principal, antes da rampa, ser\u00e1 hasteada a bandeira nacional e o presidente eleito passar\u00e1 em revista as tropas mobilizadas para o evento. Na entrada da rampa, Lula e Alckmin ser\u00e3o recebidos pelos presidentes do Senado, Rodrigo Pacheco, e da C\u00e2mara dos Deputados, Arthur Lira, e, de l\u00e1, seguem ao interior do pr\u00e9dio pela entrada principal. Antes de seguirem ao plen\u00e1rio, os eleitos ainda ser\u00e3o saudados por autoridades em um dos mais emblem\u00e1ticos sal\u00f5es do Congresso Nacional, o Sal\u00e3o Negro. Nas laterais est\u00e3o localizados os sal\u00f5es nobres da C\u00e2mara e do Senado, onde as autoridades estar\u00e3o aguardando o presidente e o vice-presidente eleitos. Para chegar ao plen\u00e1rio, Lula e Alckmin, j\u00e1 seguidos por autoridades,\u00a0ter\u00e3o que passar pelo Sal\u00e3o Verde e pelo Sal\u00e3o Azul, onde os empossados ser\u00e3o recepcionados logo ap\u00f3s a sess\u00e3o solene. Em caso de chuva, a entrada do presidente e do vice-presidente acontecer\u00e1 pelo Sal\u00e3o Branco, conhecido como chapelaria. O roteiro completo da cerim\u00f4nia pode ser acessado\u00a0aqui. Tecnologia Uma das novidades da cerim\u00f4nia de posse em 2023 \u00e9 o uso de QR Code nos convites, garantindo que sejam pessoais e intransfer\u00edveis. Por meio de aparelhos celulares disponibilizados no local da cerim\u00f4nia, a leitura do c\u00f3digo abrir\u00e1 um aplicativo com informa\u00e7\u00f5es sobre o convidado. Sess\u00e3o solene A sess\u00e3o de posse \u00e9 presidida pelo presidente do Congresso Nacional, cargo ocupado pelo presidente do Senado, Rodrigo Pacheco. A Mesa tamb\u00e9m deve ser composta pelo presidente da Rep\u00fablica e vice eleitos, pelo presidente da C\u00e2mara, do Supremo Tribunal Federal (STF), pelo primeiro secret\u00e1rio e por outras autoridades. Ap\u00f3s prestar o compromisso constitucional previsto no artigo 78, Lula ser\u00e1 declarado empossado por Pacheco. Empossados, presidente e vice assinam o termo de posse. Em seguida, somente Lula e Pacheco discursam e a sess\u00e3o \u00e9 encerrada. Ap\u00f3s a posse, j\u00e1 no Pal\u00e1cio do Planalto, na Pra\u00e7a dos Tr\u00eas Poderes, o presidente eleito recebe a faixa presidencial e faz um pronunciamento. Por fim, haver\u00e1 recep\u00e7\u00e3o de chefes de Estado e representantes de pa\u00edses no Pal\u00e1cio do Itamaraty. Noticias em Destaque *Com informa\u00e7\u00f5es da Ag\u00eancia Senado.\" \/>\n<meta property=\"og:url\" content=\"https:\/\/noticiasemdestaque.com\/cd\/?p=45170\" \/>\n<meta property=\"og:site_name\" content=\"Not&iacute;cias em Destaque\" \/>\n<meta property=\"article:published_time\" content=\"2023-01-01T15:37:49+00:00\" \/>\n<meta property=\"og:image\" content=\"https:\/\/noticiasemdestaque.com\/cd\/wp-content\/uploads\/2023\/01\/lula-ministros2_mcamgo_abr_221220221818-15.jpg\" \/>\n\t<meta property=\"og:image:width\" content=\"1170\" \/>\n\t<meta property=\"og:image:height\" content=\"700\" \/>\n\t<meta property=\"og:image:type\" content=\"image\/jpeg\" \/>\n<meta name=\"author\" content=\"Not\u00edcias em Destaque\" \/>\n<meta name=\"twitter:card\" content=\"summary_large_image\" \/>\n<meta name=\"twitter:label1\" content=\"Escrito por\" \/>\n\t<meta name=\"twitter:data1\" content=\"Not\u00edcias em Destaque\" \/>\n\t<meta name=\"twitter:label2\" content=\"Est. tempo de leitura\" \/>\n\t<meta name=\"twitter:data2\" content=\"4 minutos\" \/>\n<script type=\"application\/ld+json\" class=\"yoast-schema-graph\">{\"@context\":\"https:\/\/schema.org\",\"@graph\":[{\"@type\":\"Article\",\"@id\":\"https:\/\/noticiasemdestaque.com\/cd\/?p=45170#article\",\"isPartOf\":{\"@id\":\"https:\/\/noticiasemdestaque.com\/cd\/?p=45170\"},\"author\":{\"name\":\"Not\u00edcias em Destaque\",\"@id\":\"https:\/\/noticiasemdestaque.com\/cd\/#\/schema\/person\/47f7d4f55eec17c6b2ca036c5500f6ce\"},\"headline\":\"Lula e Alckmin tomam posse hoje; entenda o rito\",\"datePublished\":\"2023-01-01T15:37:49+00:00\",\"mainEntityOfPage\":{\"@id\":\"https:\/\/noticiasemdestaque.com\/cd\/?p=45170\"},\"wordCount\":508,\"publisher\":{\"@id\":\"https:\/\/noticiasemdestaque.com\/cd\/#organization\"},\"image\":{\"@id\":\"https:\/\/noticiasemdestaque.com\/cd\/?p=45170#primaryimage\"},\"thumbnailUrl\":\"https:\/\/noticiasemdestaque.com\/cd\/wp-content\/uploads\/2023\/01\/lula-ministros2_mcamgo_abr_221220221818-15.jpg\",\"articleSection\":[\"Pol\u00edtica\"],\"inLanguage\":\"pt-BR\"},{\"@type\":\"WebPage\",\"@id\":\"https:\/\/noticiasemdestaque.com\/cd\/?p=45170\",\"url\":\"https:\/\/noticiasemdestaque.com\/cd\/?p=45170\",\"name\":\"Lula e Alckmin tomam posse hoje; entenda o rito - Not&iacute;cias em Destaque\",\"isPartOf\":{\"@id\":\"https:\/\/noticiasemdestaque.com\/cd\/#website\"},\"primaryImageOfPage\":{\"@id\":\"https:\/\/noticiasemdestaque.com\/cd\/?p=45170#primaryimage\"},\"image\":{\"@id\":\"https:\/\/noticiasemdestaque.com\/cd\/?p=45170#primaryimage\"},\"thumbnailUrl\":\"https:\/\/noticiasemdestaque.com\/cd\/wp-content\/uploads\/2023\/01\/lula-ministros2_mcamgo_abr_221220221818-15.jpg\",\"datePublished\":\"2023-01-01T15:37:49+00:00\",\"breadcrumb\":{\"@id\":\"https:\/\/noticiasemdestaque.com\/cd\/?p=45170#breadcrumb\"},\"inLanguage\":\"pt-BR\",\"potentialAction\":[{\"@type\":\"ReadAction\",\"target\":[\"https:\/\/noticiasemdestaque.com\/cd\/?p=45170\"]}]},{\"@type\":\"ImageObject\",\"inLanguage\":\"pt-BR\",\"@id\":\"https:\/\/noticiasemdestaque.com\/cd\/?p=45170#primaryimage\",\"url\":\"https:\/\/noticiasemdestaque.com\/cd\/wp-content\/uploads\/2023\/01\/lula-ministros2_mcamgo_abr_221220221818-15.jpg\",\"contentUrl\":\"https:\/\/noticiasemdestaque.com\/cd\/wp-content\/uploads\/2023\/01\/lula-ministros2_mcamgo_abr_221220221818-15.jpg\",\"width\":1170,\"height\":700,\"caption\":\"O presidente eleito, Luiz In\u00e1cio Lula da Silva, e o futuro ministro do Desenvolvimento, Ind\u00fastria e Com\u00e9rcio, Geraldo Alckmin, durante an\u00fancio de novos ministros que compor\u00e3o o governo.\"},{\"@type\":\"BreadcrumbList\",\"@id\":\"https:\/\/noticiasemdestaque.com\/cd\/?p=45170#breadcrumb\",\"itemListElement\":[{\"@type\":\"ListItem\",\"position\":1,\"name\":\"In\u00edcio\",\"item\":\"https:\/\/noticiasemdestaque.com\/cd\/\"},{\"@type\":\"ListItem\",\"position\":2,\"name\":\"Lula e Alckmin tomam posse hoje; entenda o rito\"}]},{\"@type\":\"WebSite\",\"@id\":\"https:\/\/noticiasemdestaque.com\/cd\/#website\",\"url\":\"https:\/\/noticiasemdestaque.com\/cd\/\",\"name\":\"Not&iacute;cias em Destaque\",\"description\":\"\",\"publisher\":{\"@id\":\"https:\/\/noticiasemdestaque.com\/cd\/#organization\"},\"potentialAction\":[{\"@type\":\"SearchAction\",\"target\":{\"@type\":\"EntryPoint\",\"urlTemplate\":\"https:\/\/noticiasemdestaque.com\/cd\/?s={search_term_string}\"},\"query-input\":{\"@type\":\"PropertyValueSpecification\",\"valueRequired\":true,\"valueName\":\"search_term_string\"}}],\"inLanguage\":\"pt-BR\"},{\"@type\":\"Organization\",\"@id\":\"https:\/\/noticiasemdestaque.com\/cd\/#organization\",\"name\":\"Not\u00edcias em Destaque\",\"url\":\"https:\/\/noticiasemdestaque.com\/cd\/\",\"logo\":{\"@type\":\"ImageObject\",\"inLanguage\":\"pt-BR\",\"@id\":\"https:\/\/noticiasemdestaque.com\/cd\/#\/schema\/logo\/image\/\",\"url\":\"https:\/\/noticiasemdestaque.com\/cd\/wp-content\/uploads\/2022\/05\/imagem-base-noticiasemdestaque.png\",\"contentUrl\":\"https:\/\/noticiasemdestaque.com\/cd\/wp-content\/uploads\/2022\/05\/imagem-base-noticiasemdestaque.png\",\"width\":1200,\"height\":630,\"caption\":\"Not\u00edcias em Destaque\"},\"image\":{\"@id\":\"https:\/\/noticiasemdestaque.com\/cd\/#\/schema\/logo\/image\/\"}},{\"@type\":\"Person\",\"@id\":\"https:\/\/noticiasemdestaque.com\/cd\/#\/schema\/person\/47f7d4f55eec17c6b2ca036c5500f6ce\",\"name\":\"Not\u00edcias em Destaque\",\"url\":\"https:\/\/noticiasemdestaque.com\/cd\/?author=2\"}]}<\/script>\n<!-- \/ Yoast SEO plugin. -->","yoast_head_json":{"title":"Lula e Alckmin tomam posse hoje; entenda o rito - Not&iacute;cias em Destaque","robots":{"index":"index","follow":"follow","max-snippet":"max-snippet:-1","max-image-preview":"max-image-preview:large","max-video-preview":"max-video-preview:-1"},"canonical":"https:\/\/noticiasemdestaque.com\/cd\/?p=45170","og_locale":"pt_BR","og_type":"article","og_title":"Lula e Alckmin tomam posse hoje; entenda o rito - Not&iacute;cias em Destaque","og_description":"O Artigo 78 da Constitui\u00e7\u00e3o Federal determina\u00a0que o presidente e o vice-presidente da Rep\u00fablica eleitos tomem posse em cerim\u00f4nia no Congresso Nacional. A sess\u00e3o solene destinada a empossar Luiz In\u00e1cio Lula da Silva e Geraldo Alckmin deve ocorrer no plen\u00e1rio da C\u00e2mara dos Deputados no dia 1\u00ba de janeiro de 2023, a partir das 15h. Antes, ambos participam de cortejo que come\u00e7a na Esplanada dos Minist\u00e9rios, pr\u00f3ximo \u00e0 Catedral Metropolitana de Bras\u00edlia, e segue at\u00e9 o Congresso Nacional. Parte da cerim\u00f4nia de posse deve acontecer na \u00e1rea externa do Congresso Nacional. No gramado, ficar\u00e3o posicionadas as baterias respons\u00e1veis pelas tradicionais salvas de tiro. Na parte da frente do edif\u00edcio principal, antes da rampa, ser\u00e1 hasteada a bandeira nacional e o presidente eleito passar\u00e1 em revista as tropas mobilizadas para o evento. Na entrada da rampa, Lula e Alckmin ser\u00e3o recebidos pelos presidentes do Senado, Rodrigo Pacheco, e da C\u00e2mara dos Deputados, Arthur Lira, e, de l\u00e1, seguem ao interior do pr\u00e9dio pela entrada principal. Antes de seguirem ao plen\u00e1rio, os eleitos ainda ser\u00e3o saudados por autoridades em um dos mais emblem\u00e1ticos sal\u00f5es do Congresso Nacional, o Sal\u00e3o Negro. Nas laterais est\u00e3o localizados os sal\u00f5es nobres da C\u00e2mara e do Senado, onde as autoridades estar\u00e3o aguardando o presidente e o vice-presidente eleitos. Para chegar ao plen\u00e1rio, Lula e Alckmin, j\u00e1 seguidos por autoridades,\u00a0ter\u00e3o que passar pelo Sal\u00e3o Verde e pelo Sal\u00e3o Azul, onde os empossados ser\u00e3o recepcionados logo ap\u00f3s a sess\u00e3o solene. Em caso de chuva, a entrada do presidente e do vice-presidente acontecer\u00e1 pelo Sal\u00e3o Branco, conhecido como chapelaria. O roteiro completo da cerim\u00f4nia pode ser acessado\u00a0aqui. Tecnologia Uma das novidades da cerim\u00f4nia de posse em 2023 \u00e9 o uso de QR Code nos convites, garantindo que sejam pessoais e intransfer\u00edveis. Por meio de aparelhos celulares disponibilizados no local da cerim\u00f4nia, a leitura do c\u00f3digo abrir\u00e1 um aplicativo com informa\u00e7\u00f5es sobre o convidado. Sess\u00e3o solene A sess\u00e3o de posse \u00e9 presidida pelo presidente do Congresso Nacional, cargo ocupado pelo presidente do Senado, Rodrigo Pacheco. A Mesa tamb\u00e9m deve ser composta pelo presidente da Rep\u00fablica e vice eleitos, pelo presidente da C\u00e2mara, do Supremo Tribunal Federal (STF), pelo primeiro secret\u00e1rio e por outras autoridades. Ap\u00f3s prestar o compromisso constitucional previsto no artigo 78, Lula ser\u00e1 declarado empossado por Pacheco. Empossados, presidente e vice assinam o termo de posse. Em seguida, somente Lula e Pacheco discursam e a sess\u00e3o \u00e9 encerrada. Ap\u00f3s a posse, j\u00e1 no Pal\u00e1cio do Planalto, na Pra\u00e7a dos Tr\u00eas Poderes, o presidente eleito recebe a faixa presidencial e faz um pronunciamento. Por fim, haver\u00e1 recep\u00e7\u00e3o de chefes de Estado e representantes de pa\u00edses no Pal\u00e1cio do Itamaraty. Noticias em Destaque *Com informa\u00e7\u00f5es da Ag\u00eancia Senado.","og_url":"https:\/\/noticiasemdestaque.com\/cd\/?p=45170","og_site_name":"Not&iacute;cias em Destaque","article_published_time":"2023-01-01T15:37:49+00:00","og_image":[{"width":1170,"height":700,"url":"https:\/\/noticiasemdestaque.com\/cd\/wp-content\/uploads\/2023\/01\/lula-ministros2_mcamgo_abr_221220221818-15.jpg","type":"image\/jpeg"}],"author":"Not\u00edcias em Destaque","twitter_card":"summary_large_image","twitter_misc":{"Escrito por":"Not\u00edcias em Destaque","Est. tempo de leitura":"4 minutos"},"schema":{"@context":"https:\/\/schema.org","@graph":[{"@type":"Article","@id":"https:\/\/noticiasemdestaque.com\/cd\/?p=45170#article","isPartOf":{"@id":"https:\/\/noticiasemdestaque.com\/cd\/?p=45170"},"author":{"name":"Not\u00edcias em Destaque","@id":"https:\/\/noticiasemdestaque.com\/cd\/#\/schema\/person\/47f7d4f55eec17c6b2ca036c5500f6ce"},"headline":"Lula e Alckmin tomam posse hoje; entenda o rito","datePublished":"2023-01-01T15:37:49+00:00","mainEntityOfPage":{"@id":"https:\/\/noticiasemdestaque.com\/cd\/?p=45170"},"wordCount":508,"publisher":{"@id":"https:\/\/noticiasemdestaque.com\/cd\/#organization"},"image":{"@id":"https:\/\/noticiasemdestaque.com\/cd\/?p=45170#primaryimage"},"thumbnailUrl":"https:\/\/noticiasemdestaque.com\/cd\/wp-content\/uploads\/2023\/01\/lula-ministros2_mcamgo_abr_221220221818-15.jpg","articleSection":["Pol\u00edtica"],"inLanguage":"pt-BR"},{"@type":"WebPage","@id":"https:\/\/noticiasemdestaque.com\/cd\/?p=45170","url":"https:\/\/noticiasemdestaque.com\/cd\/?p=45170","name":"Lula e Alckmin tomam posse hoje; entenda o rito - Not&iacute;cias em Destaque","isPartOf":{"@id":"https:\/\/noticiasemdestaque.com\/cd\/#website"},"primaryImageOfPage":{"@id":"https:\/\/noticiasemdestaque.com\/cd\/?p=45170#primaryimage"},"image":{"@id":"https:\/\/noticiasemdestaque.com\/cd\/?p=45170#primaryimage"},"thumbnailUrl":"https:\/\/noticiasemdestaque.com\/cd\/wp-content\/uploads\/2023\/01\/lula-ministros2_mcamgo_abr_221220221818-15.jpg","datePublished":"2023-01-01T15:37:49+00:00","breadcrumb":{"@id":"https:\/\/noticiasemdestaque.com\/cd\/?p=45170#breadcrumb"},"inLanguage":"pt-BR","potentialAction":[{"@type":"ReadAction","target":["https:\/\/noticiasemdestaque.com\/cd\/?p=45170"]}]},{"@type":"ImageObject","inLanguage":"pt-BR","@id":"https:\/\/noticiasemdestaque.com\/cd\/?p=45170#primaryimage","url":"https:\/\/noticiasemdestaque.com\/cd\/wp-content\/uploads\/2023\/01\/lula-ministros2_mcamgo_abr_221220221818-15.jpg","contentUrl":"https:\/\/noticiasemdestaque.com\/cd\/wp-content\/uploads\/2023\/01\/lula-ministros2_mcamgo_abr_221220221818-15.jpg","width":1170,"height":700,"caption":"O presidente eleito, Luiz In\u00e1cio Lula da Silva, e o futuro ministro do Desenvolvimento, Ind\u00fastria e Com\u00e9rcio, Geraldo Alckmin, durante an\u00fancio de novos ministros que compor\u00e3o o governo."},{"@type":"BreadcrumbList","@id":"https:\/\/noticiasemdestaque.com\/cd\/?p=45170#breadcrumb","itemListElement":[{"@type":"ListItem","position":1,"name":"In\u00edcio","item":"https:\/\/noticiasemdestaque.com\/cd\/"},{"@type":"ListItem","position":2,"name":"Lula e Alckmin tomam posse hoje; entenda o rito"}]},{"@type":"WebSite","@id":"https:\/\/noticiasemdestaque.com\/cd\/#website","url":"https:\/\/noticiasemdestaque.com\/cd\/","name":"Not&iacute;cias em Destaque","description":"","publisher":{"@id":"https:\/\/noticiasemdestaque.com\/cd\/#organization"},"potentialAction":[{"@type":"SearchAction","target":{"@type":"EntryPoint","urlTemplate":"https:\/\/noticiasemdestaque.com\/cd\/?s={search_term_string}"},"query-input":{"@type":"PropertyValueSpecification","valueRequired":true,"valueName":"search_term_string"}}],"inLanguage":"pt-BR"},{"@type":"Organization","@id":"https:\/\/noticiasemdestaque.com\/cd\/#organization","name":"Not\u00edcias em Destaque","url":"https:\/\/noticiasemdestaque.com\/cd\/","logo":{"@type":"ImageObject","inLanguage":"pt-BR","@id":"https:\/\/noticiasemdestaque.com\/cd\/#\/schema\/logo\/image\/","url":"https:\/\/noticiasemdestaque.com\/cd\/wp-content\/uploads\/2022\/05\/imagem-base-noticiasemdestaque.png","contentUrl":"https:\/\/noticiasemdestaque.com\/cd\/wp-content\/uploads\/2022\/05\/imagem-base-noticiasemdestaque.png","width":1200,"height":630,"caption":"Not\u00edcias em Destaque"},"image":{"@id":"https:\/\/noticiasemdestaque.com\/cd\/#\/schema\/logo\/image\/"}},{"@type":"Person","@id":"https:\/\/noticiasemdestaque.com\/cd\/#\/schema\/person\/47f7d4f55eec17c6b2ca036c5500f6ce","name":"Not\u00edcias em Destaque","url":"https:\/\/noticiasemdestaque.com\/cd\/?author=2"}]}},"jetpack_featured_media_url":"https:\/\/noticiasemdestaque.com\/cd\/wp-content\/uploads\/2023\/01\/lula-ministros2_mcamgo_abr_221220221818-15.jpg","jetpack_sharing_enabled":true,"_links":{"self":[{"href":"https:\/\/noticiasemdestaque.com\/cd\/index.php?rest_route=\/wp\/v2\/posts\/45170","targetHints":{"allow":["GET"]}}],"collection":[{"href":"https:\/\/noticiasemdestaque.com\/cd\/index.php?rest_route=\/wp\/v2\/posts"}],"about":[{"href":"https:\/\/noticiasemdestaque.com\/cd\/index.php?rest_route=\/wp\/v2\/types\/post"}],"author":[{"embeddable":true,"href":"https:\/\/noticiasemdestaque.com\/cd\/index.php?rest_route=\/wp\/v2\/users\/2"}],"replies":[{"embeddable":true,"href":"https:\/\/noticiasemdestaque.com\/cd\/index.php?rest_route=%2Fwp%2Fv2%2Fcomments&post=45170"}],"version-history":[{"count":1,"href":"https:\/\/noticiasemdestaque.com\/cd\/index.php?rest_route=\/wp\/v2\/posts\/45170\/revisions"}],"predecessor-version":[{"id":45172,"href":"https:\/\/noticiasemdestaque.com\/cd\/index.php?rest_route=\/wp\/v2\/posts\/45170\/revisions\/45172"}],"wp:featuredmedia":[{"embeddable":true,"href":"https:\/\/noticiasemdestaque.com\/cd\/index.php?rest_route=\/wp\/v2\/media\/45171"}],"wp:attachment":[{"href":"https:\/\/noticiasemdestaque.com\/cd\/index.php?rest_route=%2Fwp%2Fv2%2Fmedia&parent=45170"}],"wp:term":[{"taxonomy":"category","embeddable":true,"href":"https:\/\/noticiasemdestaque.com\/cd\/index.php?rest_route=%2Fwp%2Fv2%2Fcategories&post=45170"},{"taxonomy":"post_tag","embeddable":true,"href":"https:\/\/noticiasemdestaque.com\/cd\/index.php?rest_route=%2Fwp%2Fv2%2Ftags&post=45170"}],"curies":[{"name":"wp","href":"https:\/\/api.w.org\/{rel}","templated":true}]}}