{"id":45166,"date":"2022-12-31T13:34:17","date_gmt":"2022-12-31T16:34:17","guid":{"rendered":"https:\/\/noticiasemdestaque.com\/cd\/?p=45166"},"modified":"2022-12-31T13:34:17","modified_gmt":"2022-12-31T16:34:17","slug":"presidente-da-camara-de-amparo-duda-barnabe-devolve-mais-de-r-67-mil-a-prefeitura-e-indica-construcao-de-uma-praca-infantil","status":"publish","type":"post","link":"https:\/\/noticiasemdestaque.com\/cd\/?p=45166","title":{"rendered":"Presidente da C\u00e2mara de Amparo, Duda Barnab\u00e9, devolve mais de R$ 67 mil \u00e0 Prefeitura e indica constru\u00e7\u00e3o de uma Pra\u00e7a Infantil"},"content":{"rendered":"<p><a href=\"https:\/\/noticiasemdestaque.com\/cd\/wp-content\/uploads\/2022\/12\/WhatsApp-Image-2022-12-31-at-13.19.35.jpeg\"><img fetchpriority=\"high\" decoding=\"async\" class=\"alignnone  wp-image-45167\" src=\"https:\/\/noticiasemdestaque.com\/cd\/wp-content\/uploads\/2022\/12\/WhatsApp-Image-2022-12-31-at-13.19.35-300x199.jpeg\" alt=\"\" width=\"1006\" height=\"667\" srcset=\"https:\/\/noticiasemdestaque.com\/cd\/wp-content\/uploads\/2022\/12\/WhatsApp-Image-2022-12-31-at-13.19.35-300x199.jpeg 300w, https:\/\/noticiasemdestaque.com\/cd\/wp-content\/uploads\/2022\/12\/WhatsApp-Image-2022-12-31-at-13.19.35-768x508.jpeg 768w, https:\/\/noticiasemdestaque.com\/cd\/wp-content\/uploads\/2022\/12\/WhatsApp-Image-2022-12-31-at-13.19.35-18x12.jpeg 18w, https:\/\/noticiasemdestaque.com\/cd\/wp-content\/uploads\/2022\/12\/WhatsApp-Image-2022-12-31-at-13.19.35.jpeg 1000w\" sizes=\"(max-width: 1006px) 100vw, 1006px\" \/><\/a><\/p>\n<p>Com o fechamento das contas de 2022, a C\u00e2mara Municipal de Amparo, atrav\u00e9s do seu presidente Duda Barnab\u00e9 devolveu o valor de mais de R$ 67 mil reais aos cofres da Prefeitura, montante economizado do duod\u00e9cimo que o Legislativo Amparense teve direito no exerc\u00edcio.<\/p>\n<p>Com a devolu\u00e7\u00e3o, o vereador Duda Barnab\u00e9 apresentou uma indica\u00e7\u00e3o ao prefeito In\u00e1cio N\u00f3brega, objetivando a constru\u00e7\u00e3o de uma Pra\u00e7a Infantil no Conjunto 8 de mar\u00e7o.<\/p>\n<p>No primeiro ano como presidente da C\u00e2mara de Amparo, Duda tamb\u00e9m realizou um repasse \u00e0 Prefeitura. Na oportunidade foram devolvidos 19 mil, para a aquisi\u00e7\u00e3o de uma M\u00e1quina Ensiladeira para o munic\u00edpio.<\/p>\n<p>Duda ressaltou que a economia se deu atrav\u00e9s de um trabalho s\u00e9rio, desenvolvido no comando do Poder Legislativo. \u201cInvestimos o que foi necess\u00e1rio para o bom andamento dos trabalhos, sempre com responsabilidade com os recursos p\u00fablicos, sempre com a finalidade de beneficiar a popula\u00e7\u00e3o de Amparo\u201d, disse.<\/p>\n<p>O mandato de Duda \u00e0 frente do Legislativo de Amparo acaba neste s\u00e1bado e ele aproveitou para avaliar sua gest\u00e3o. \u201cEstou entregando o comando do Poder Legislativo com a sensa\u00e7\u00e3o de dever cumprido, continuarei trabalhando na constru\u00e7\u00e3o de um munic\u00edpio cada vez melhor\u201d, afirmou.<\/p>\n<p><strong>Not\u00edcias em Destaque<\/strong><\/p>\n","protected":false},"excerpt":{"rendered":"<p>Com o fechamento das contas de 2022, a C\u00e2mara Municipal de Amparo, atrav\u00e9s do seu presidente Duda Barnab\u00e9 devolveu o valor de mais de R$ 67 mil reais aos cofres da Prefeitura, montante economizado do duod\u00e9cimo que o Legislativo Amparense teve direito no exerc\u00edcio. Com a devolu\u00e7\u00e3o, o vereador Duda Barnab\u00e9 apresentou uma indica\u00e7\u00e3o ao prefeito In\u00e1cio N\u00f3brega, objetivando a constru\u00e7\u00e3o de uma Pra\u00e7a Infantil no Conjunto 8 de mar\u00e7o. No primeiro ano como presidente da C\u00e2mara de Amparo, Duda tamb\u00e9m realizou um repasse \u00e0 Prefeitura. Na oportunidade foram devolvidos 19 mil, para a aquisi\u00e7\u00e3o de uma M\u00e1quina Ensiladeira para o munic\u00edpio. Duda ressaltou que a economia se deu atrav\u00e9s de um trabalho s\u00e9rio, desenvolvido no comando do Poder Legislativo. \u201cInvestimos o que foi necess\u00e1rio para o bom andamento dos trabalhos, sempre com responsabilidade com os recursos p\u00fablicos, sempre com a finalidade de beneficiar a popula\u00e7\u00e3o de Amparo\u201d, disse. O mandato de Duda \u00e0 frente do Legislativo de Amparo acaba neste s\u00e1bado e ele aproveitou para avaliar sua gest\u00e3o. \u201cEstou entregando o comando do Poder Legislativo com a sensa\u00e7\u00e3o de dever cumprido, continuarei trabalhando na constru\u00e7\u00e3o de um munic\u00edpio cada vez melhor\u201d, afirmou. Not\u00edcias em Destaque<\/p>\n","protected":false},"author":2,"featured_media":45167,"comment_status":"closed","ping_status":"open","sticky":false,"template":"","format":"standard","meta":{"_eb_attr":"","_jetpack_memberships_contains_paid_content":false,"footnotes":""},"categories":[4],"tags":[],"class_list":["post-45166","post","type-post","status-publish","format-standard","has-post-thumbnail","hentry","category-politica"],"yoast_head":"<!-- This site is optimized with the Yoast SEO plugin v26.5 - https:\/\/yoast.com\/wordpress\/plugins\/seo\/ -->\n<title>Presidente da C\u00e2mara de Amparo, Duda Barnab\u00e9, devolve mais de R$ 67 mil \u00e0 Prefeitura e indica constru\u00e7\u00e3o de uma Pra\u00e7a Infantil - Not&iacute;cias em Destaque<\/title>\n<meta name=\"robots\" content=\"index, follow, max-snippet:-1, max-image-preview:large, max-video-preview:-1\" \/>\n<link rel=\"canonical\" href=\"https:\/\/noticiasemdestaque.com\/cd\/?p=45166\" \/>\n<meta property=\"og:locale\" content=\"pt_BR\" \/>\n<meta property=\"og:type\" content=\"article\" \/>\n<meta property=\"og:title\" content=\"Presidente da C\u00e2mara de Amparo, Duda Barnab\u00e9, devolve mais de R$ 67 mil \u00e0 Prefeitura e indica constru\u00e7\u00e3o de uma Pra\u00e7a Infantil - Not&iacute;cias em Destaque\" \/>\n<meta property=\"og:description\" content=\"Com o fechamento das contas de 2022, a C\u00e2mara Municipal de Amparo, atrav\u00e9s do seu presidente Duda Barnab\u00e9 devolveu o valor de mais de R$ 67 mil reais aos cofres da Prefeitura, montante economizado do duod\u00e9cimo que o Legislativo Amparense teve direito no exerc\u00edcio. Com a devolu\u00e7\u00e3o, o vereador Duda Barnab\u00e9 apresentou uma indica\u00e7\u00e3o ao prefeito In\u00e1cio N\u00f3brega, objetivando a constru\u00e7\u00e3o de uma Pra\u00e7a Infantil no Conjunto 8 de mar\u00e7o. No primeiro ano como presidente da C\u00e2mara de Amparo, Duda tamb\u00e9m realizou um repasse \u00e0 Prefeitura. Na oportunidade foram devolvidos 19 mil, para a aquisi\u00e7\u00e3o de uma M\u00e1quina Ensiladeira para o munic\u00edpio. Duda ressaltou que a economia se deu atrav\u00e9s de um trabalho s\u00e9rio, desenvolvido no comando do Poder Legislativo. \u201cInvestimos o que foi necess\u00e1rio para o bom andamento dos trabalhos, sempre com responsabilidade com os recursos p\u00fablicos, sempre com a finalidade de beneficiar a popula\u00e7\u00e3o de Amparo\u201d, disse. O mandato de Duda \u00e0 frente do Legislativo de Amparo acaba neste s\u00e1bado e ele aproveitou para avaliar sua gest\u00e3o. \u201cEstou entregando o comando do Poder Legislativo com a sensa\u00e7\u00e3o de dever cumprido, continuarei trabalhando na constru\u00e7\u00e3o de um munic\u00edpio cada vez melhor\u201d, afirmou. Not\u00edcias em Destaque\" \/>\n<meta property=\"og:url\" content=\"https:\/\/noticiasemdestaque.com\/cd\/?p=45166\" \/>\n<meta property=\"og:site_name\" content=\"Not&iacute;cias em Destaque\" \/>\n<meta property=\"article:published_time\" content=\"2022-12-31T16:34:17+00:00\" \/>\n<meta property=\"og:image\" content=\"https:\/\/noticiasemdestaque.com\/cd\/wp-content\/uploads\/2022\/12\/WhatsApp-Image-2022-12-31-at-13.19.35.jpeg\" \/>\n\t<meta property=\"og:image:width\" content=\"1000\" \/>\n\t<meta property=\"og:image:height\" content=\"662\" \/>\n\t<meta property=\"og:image:type\" content=\"image\/jpeg\" \/>\n<meta name=\"author\" content=\"Not\u00edcias em Destaque\" \/>\n<meta name=\"twitter:card\" content=\"summary_large_image\" \/>\n<meta name=\"twitter:label1\" content=\"Escrito por\" \/>\n\t<meta name=\"twitter:data1\" content=\"Not\u00edcias em Destaque\" \/>\n\t<meta name=\"twitter:label2\" content=\"Est. tempo de leitura\" \/>\n\t<meta name=\"twitter:data2\" content=\"2 minutos\" \/>\n<script type=\"application\/ld+json\" class=\"yoast-schema-graph\">{\"@context\":\"https:\/\/schema.org\",\"@graph\":[{\"@type\":\"Article\",\"@id\":\"https:\/\/noticiasemdestaque.com\/cd\/?p=45166#article\",\"isPartOf\":{\"@id\":\"https:\/\/noticiasemdestaque.com\/cd\/?p=45166\"},\"author\":{\"name\":\"Not\u00edcias em Destaque\",\"@id\":\"https:\/\/noticiasemdestaque.com\/cd\/#\/schema\/person\/47f7d4f55eec17c6b2ca036c5500f6ce\"},\"headline\":\"Presidente da C\u00e2mara de Amparo, Duda Barnab\u00e9, devolve mais de R$ 67 mil \u00e0 Prefeitura e indica constru\u00e7\u00e3o de uma Pra\u00e7a Infantil\",\"datePublished\":\"2022-12-31T16:34:17+00:00\",\"mainEntityOfPage\":{\"@id\":\"https:\/\/noticiasemdestaque.com\/cd\/?p=45166\"},\"wordCount\":240,\"publisher\":{\"@id\":\"https:\/\/noticiasemdestaque.com\/cd\/#organization\"},\"image\":{\"@id\":\"https:\/\/noticiasemdestaque.com\/cd\/?p=45166#primaryimage\"},\"thumbnailUrl\":\"https:\/\/noticiasemdestaque.com\/cd\/wp-content\/uploads\/2022\/12\/WhatsApp-Image-2022-12-31-at-13.19.35.jpeg\",\"articleSection\":[\"Pol\u00edtica\"],\"inLanguage\":\"pt-BR\"},{\"@type\":\"WebPage\",\"@id\":\"https:\/\/noticiasemdestaque.com\/cd\/?p=45166\",\"url\":\"https:\/\/noticiasemdestaque.com\/cd\/?p=45166\",\"name\":\"Presidente da C\u00e2mara de Amparo, Duda Barnab\u00e9, devolve mais de R$ 67 mil \u00e0 Prefeitura e indica constru\u00e7\u00e3o de uma Pra\u00e7a Infantil - Not&iacute;cias em Destaque\",\"isPartOf\":{\"@id\":\"https:\/\/noticiasemdestaque.com\/cd\/#website\"},\"primaryImageOfPage\":{\"@id\":\"https:\/\/noticiasemdestaque.com\/cd\/?p=45166#primaryimage\"},\"image\":{\"@id\":\"https:\/\/noticiasemdestaque.com\/cd\/?p=45166#primaryimage\"},\"thumbnailUrl\":\"https:\/\/noticiasemdestaque.com\/cd\/wp-content\/uploads\/2022\/12\/WhatsApp-Image-2022-12-31-at-13.19.35.jpeg\",\"datePublished\":\"2022-12-31T16:34:17+00:00\",\"breadcrumb\":{\"@id\":\"https:\/\/noticiasemdestaque.com\/cd\/?p=45166#breadcrumb\"},\"inLanguage\":\"pt-BR\",\"potentialAction\":[{\"@type\":\"ReadAction\",\"target\":[\"https:\/\/noticiasemdestaque.com\/cd\/?p=45166\"]}]},{\"@type\":\"ImageObject\",\"inLanguage\":\"pt-BR\",\"@id\":\"https:\/\/noticiasemdestaque.com\/cd\/?p=45166#primaryimage\",\"url\":\"https:\/\/noticiasemdestaque.com\/cd\/wp-content\/uploads\/2022\/12\/WhatsApp-Image-2022-12-31-at-13.19.35.jpeg\",\"contentUrl\":\"https:\/\/noticiasemdestaque.com\/cd\/wp-content\/uploads\/2022\/12\/WhatsApp-Image-2022-12-31-at-13.19.35.jpeg\",\"width\":1000,\"height\":662},{\"@type\":\"BreadcrumbList\",\"@id\":\"https:\/\/noticiasemdestaque.com\/cd\/?p=45166#breadcrumb\",\"itemListElement\":[{\"@type\":\"ListItem\",\"position\":1,\"name\":\"In\u00edcio\",\"item\":\"https:\/\/noticiasemdestaque.com\/cd\/\"},{\"@type\":\"ListItem\",\"position\":2,\"name\":\"Presidente da C\u00e2mara de Amparo, Duda Barnab\u00e9, devolve mais de R$ 67 mil \u00e0 Prefeitura e indica constru\u00e7\u00e3o de uma Pra\u00e7a Infantil\"}]},{\"@type\":\"WebSite\",\"@id\":\"https:\/\/noticiasemdestaque.com\/cd\/#website\",\"url\":\"https:\/\/noticiasemdestaque.com\/cd\/\",\"name\":\"Not&iacute;cias em Destaque\",\"description\":\"\",\"publisher\":{\"@id\":\"https:\/\/noticiasemdestaque.com\/cd\/#organization\"},\"potentialAction\":[{\"@type\":\"SearchAction\",\"target\":{\"@type\":\"EntryPoint\",\"urlTemplate\":\"https:\/\/noticiasemdestaque.com\/cd\/?s={search_term_string}\"},\"query-input\":{\"@type\":\"PropertyValueSpecification\",\"valueRequired\":true,\"valueName\":\"search_term_string\"}}],\"inLanguage\":\"pt-BR\"},{\"@type\":\"Organization\",\"@id\":\"https:\/\/noticiasemdestaque.com\/cd\/#organization\",\"name\":\"Not\u00edcias em Destaque\",\"url\":\"https:\/\/noticiasemdestaque.com\/cd\/\",\"logo\":{\"@type\":\"ImageObject\",\"inLanguage\":\"pt-BR\",\"@id\":\"https:\/\/noticiasemdestaque.com\/cd\/#\/schema\/logo\/image\/\",\"url\":\"https:\/\/noticiasemdestaque.com\/cd\/wp-content\/uploads\/2022\/05\/imagem-base-noticiasemdestaque.png\",\"contentUrl\":\"https:\/\/noticiasemdestaque.com\/cd\/wp-content\/uploads\/2022\/05\/imagem-base-noticiasemdestaque.png\",\"width\":1200,\"height\":630,\"caption\":\"Not\u00edcias em Destaque\"},\"image\":{\"@id\":\"https:\/\/noticiasemdestaque.com\/cd\/#\/schema\/logo\/image\/\"}},{\"@type\":\"Person\",\"@id\":\"https:\/\/noticiasemdestaque.com\/cd\/#\/schema\/person\/47f7d4f55eec17c6b2ca036c5500f6ce\",\"name\":\"Not\u00edcias em Destaque\",\"url\":\"https:\/\/noticiasemdestaque.com\/cd\/?author=2\"}]}<\/script>\n<!-- \/ Yoast SEO plugin. -->","yoast_head_json":{"title":"Presidente da C\u00e2mara de Amparo, Duda Barnab\u00e9, devolve mais de R$ 67 mil \u00e0 Prefeitura e indica constru\u00e7\u00e3o de uma Pra\u00e7a Infantil - Not&iacute;cias em Destaque","robots":{"index":"index","follow":"follow","max-snippet":"max-snippet:-1","max-image-preview":"max-image-preview:large","max-video-preview":"max-video-preview:-1"},"canonical":"https:\/\/noticiasemdestaque.com\/cd\/?p=45166","og_locale":"pt_BR","og_type":"article","og_title":"Presidente da C\u00e2mara de Amparo, Duda Barnab\u00e9, devolve mais de R$ 67 mil \u00e0 Prefeitura e indica constru\u00e7\u00e3o de uma Pra\u00e7a Infantil - Not&iacute;cias em Destaque","og_description":"Com o fechamento das contas de 2022, a C\u00e2mara Municipal de Amparo, atrav\u00e9s do seu presidente Duda Barnab\u00e9 devolveu o valor de mais de R$ 67 mil reais aos cofres da Prefeitura, montante economizado do duod\u00e9cimo que o Legislativo Amparense teve direito no exerc\u00edcio. Com a devolu\u00e7\u00e3o, o vereador Duda Barnab\u00e9 apresentou uma indica\u00e7\u00e3o ao prefeito In\u00e1cio N\u00f3brega, objetivando a constru\u00e7\u00e3o de uma Pra\u00e7a Infantil no Conjunto 8 de mar\u00e7o. No primeiro ano como presidente da C\u00e2mara de Amparo, Duda tamb\u00e9m realizou um repasse \u00e0 Prefeitura. Na oportunidade foram devolvidos 19 mil, para a aquisi\u00e7\u00e3o de uma M\u00e1quina Ensiladeira para o munic\u00edpio. Duda ressaltou que a economia se deu atrav\u00e9s de um trabalho s\u00e9rio, desenvolvido no comando do Poder Legislativo. \u201cInvestimos o que foi necess\u00e1rio para o bom andamento dos trabalhos, sempre com responsabilidade com os recursos p\u00fablicos, sempre com a finalidade de beneficiar a popula\u00e7\u00e3o de Amparo\u201d, disse. O mandato de Duda \u00e0 frente do Legislativo de Amparo acaba neste s\u00e1bado e ele aproveitou para avaliar sua gest\u00e3o. \u201cEstou entregando o comando do Poder Legislativo com a sensa\u00e7\u00e3o de dever cumprido, continuarei trabalhando na constru\u00e7\u00e3o de um munic\u00edpio cada vez melhor\u201d, afirmou. Not\u00edcias em Destaque","og_url":"https:\/\/noticiasemdestaque.com\/cd\/?p=45166","og_site_name":"Not&iacute;cias em Destaque","article_published_time":"2022-12-31T16:34:17+00:00","og_image":[{"width":1000,"height":662,"url":"https:\/\/noticiasemdestaque.com\/cd\/wp-content\/uploads\/2022\/12\/WhatsApp-Image-2022-12-31-at-13.19.35.jpeg","type":"image\/jpeg"}],"author":"Not\u00edcias em Destaque","twitter_card":"summary_large_image","twitter_misc":{"Escrito por":"Not\u00edcias em Destaque","Est. tempo de leitura":"2 minutos"},"schema":{"@context":"https:\/\/schema.org","@graph":[{"@type":"Article","@id":"https:\/\/noticiasemdestaque.com\/cd\/?p=45166#article","isPartOf":{"@id":"https:\/\/noticiasemdestaque.com\/cd\/?p=45166"},"author":{"name":"Not\u00edcias em Destaque","@id":"https:\/\/noticiasemdestaque.com\/cd\/#\/schema\/person\/47f7d4f55eec17c6b2ca036c5500f6ce"},"headline":"Presidente da C\u00e2mara de Amparo, Duda Barnab\u00e9, devolve mais de R$ 67 mil \u00e0 Prefeitura e indica constru\u00e7\u00e3o de uma Pra\u00e7a Infantil","datePublished":"2022-12-31T16:34:17+00:00","mainEntityOfPage":{"@id":"https:\/\/noticiasemdestaque.com\/cd\/?p=45166"},"wordCount":240,"publisher":{"@id":"https:\/\/noticiasemdestaque.com\/cd\/#organization"},"image":{"@id":"https:\/\/noticiasemdestaque.com\/cd\/?p=45166#primaryimage"},"thumbnailUrl":"https:\/\/noticiasemdestaque.com\/cd\/wp-content\/uploads\/2022\/12\/WhatsApp-Image-2022-12-31-at-13.19.35.jpeg","articleSection":["Pol\u00edtica"],"inLanguage":"pt-BR"},{"@type":"WebPage","@id":"https:\/\/noticiasemdestaque.com\/cd\/?p=45166","url":"https:\/\/noticiasemdestaque.com\/cd\/?p=45166","name":"Presidente da C\u00e2mara de Amparo, Duda Barnab\u00e9, devolve mais de R$ 67 mil \u00e0 Prefeitura e indica constru\u00e7\u00e3o de uma Pra\u00e7a Infantil - Not&iacute;cias em Destaque","isPartOf":{"@id":"https:\/\/noticiasemdestaque.com\/cd\/#website"},"primaryImageOfPage":{"@id":"https:\/\/noticiasemdestaque.com\/cd\/?p=45166#primaryimage"},"image":{"@id":"https:\/\/noticiasemdestaque.com\/cd\/?p=45166#primaryimage"},"thumbnailUrl":"https:\/\/noticiasemdestaque.com\/cd\/wp-content\/uploads\/2022\/12\/WhatsApp-Image-2022-12-31-at-13.19.35.jpeg","datePublished":"2022-12-31T16:34:17+00:00","breadcrumb":{"@id":"https:\/\/noticiasemdestaque.com\/cd\/?p=45166#breadcrumb"},"inLanguage":"pt-BR","potentialAction":[{"@type":"ReadAction","target":["https:\/\/noticiasemdestaque.com\/cd\/?p=45166"]}]},{"@type":"ImageObject","inLanguage":"pt-BR","@id":"https:\/\/noticiasemdestaque.com\/cd\/?p=45166#primaryimage","url":"https:\/\/noticiasemdestaque.com\/cd\/wp-content\/uploads\/2022\/12\/WhatsApp-Image-2022-12-31-at-13.19.35.jpeg","contentUrl":"https:\/\/noticiasemdestaque.com\/cd\/wp-content\/uploads\/2022\/12\/WhatsApp-Image-2022-12-31-at-13.19.35.jpeg","width":1000,"height":662},{"@type":"BreadcrumbList","@id":"https:\/\/noticiasemdestaque.com\/cd\/?p=45166#breadcrumb","itemListElement":[{"@type":"ListItem","position":1,"name":"In\u00edcio","item":"https:\/\/noticiasemdestaque.com\/cd\/"},{"@type":"ListItem","position":2,"name":"Presidente da C\u00e2mara de Amparo, Duda Barnab\u00e9, devolve mais de R$ 67 mil \u00e0 Prefeitura e indica constru\u00e7\u00e3o de uma Pra\u00e7a Infantil"}]},{"@type":"WebSite","@id":"https:\/\/noticiasemdestaque.com\/cd\/#website","url":"https:\/\/noticiasemdestaque.com\/cd\/","name":"Not&iacute;cias em Destaque","description":"","publisher":{"@id":"https:\/\/noticiasemdestaque.com\/cd\/#organization"},"potentialAction":[{"@type":"SearchAction","target":{"@type":"EntryPoint","urlTemplate":"https:\/\/noticiasemdestaque.com\/cd\/?s={search_term_string}"},"query-input":{"@type":"PropertyValueSpecification","valueRequired":true,"valueName":"search_term_string"}}],"inLanguage":"pt-BR"},{"@type":"Organization","@id":"https:\/\/noticiasemdestaque.com\/cd\/#organization","name":"Not\u00edcias em Destaque","url":"https:\/\/noticiasemdestaque.com\/cd\/","logo":{"@type":"ImageObject","inLanguage":"pt-BR","@id":"https:\/\/noticiasemdestaque.com\/cd\/#\/schema\/logo\/image\/","url":"https:\/\/noticiasemdestaque.com\/cd\/wp-content\/uploads\/2022\/05\/imagem-base-noticiasemdestaque.png","contentUrl":"https:\/\/noticiasemdestaque.com\/cd\/wp-content\/uploads\/2022\/05\/imagem-base-noticiasemdestaque.png","width":1200,"height":630,"caption":"Not\u00edcias em Destaque"},"image":{"@id":"https:\/\/noticiasemdestaque.com\/cd\/#\/schema\/logo\/image\/"}},{"@type":"Person","@id":"https:\/\/noticiasemdestaque.com\/cd\/#\/schema\/person\/47f7d4f55eec17c6b2ca036c5500f6ce","name":"Not\u00edcias em Destaque","url":"https:\/\/noticiasemdestaque.com\/cd\/?author=2"}]}},"jetpack_featured_media_url":"https:\/\/noticiasemdestaque.com\/cd\/wp-content\/uploads\/2022\/12\/WhatsApp-Image-2022-12-31-at-13.19.35.jpeg","jetpack_sharing_enabled":true,"_links":{"self":[{"href":"https:\/\/noticiasemdestaque.com\/cd\/index.php?rest_route=\/wp\/v2\/posts\/45166","targetHints":{"allow":["GET"]}}],"collection":[{"href":"https:\/\/noticiasemdestaque.com\/cd\/index.php?rest_route=\/wp\/v2\/posts"}],"about":[{"href":"https:\/\/noticiasemdestaque.com\/cd\/index.php?rest_route=\/wp\/v2\/types\/post"}],"author":[{"embeddable":true,"href":"https:\/\/noticiasemdestaque.com\/cd\/index.php?rest_route=\/wp\/v2\/users\/2"}],"replies":[{"embeddable":true,"href":"https:\/\/noticiasemdestaque.com\/cd\/index.php?rest_route=%2Fwp%2Fv2%2Fcomments&post=45166"}],"version-history":[{"count":1,"href":"https:\/\/noticiasemdestaque.com\/cd\/index.php?rest_route=\/wp\/v2\/posts\/45166\/revisions"}],"predecessor-version":[{"id":45168,"href":"https:\/\/noticiasemdestaque.com\/cd\/index.php?rest_route=\/wp\/v2\/posts\/45166\/revisions\/45168"}],"wp:featuredmedia":[{"embeddable":true,"href":"https:\/\/noticiasemdestaque.com\/cd\/index.php?rest_route=\/wp\/v2\/media\/45167"}],"wp:attachment":[{"href":"https:\/\/noticiasemdestaque.com\/cd\/index.php?rest_route=%2Fwp%2Fv2%2Fmedia&parent=45166"}],"wp:term":[{"taxonomy":"category","embeddable":true,"href":"https:\/\/noticiasemdestaque.com\/cd\/index.php?rest_route=%2Fwp%2Fv2%2Fcategories&post=45166"},{"taxonomy":"post_tag","embeddable":true,"href":"https:\/\/noticiasemdestaque.com\/cd\/index.php?rest_route=%2Fwp%2Fv2%2Ftags&post=45166"}],"curies":[{"name":"wp","href":"https:\/\/api.w.org\/{rel}","templated":true}]}}