{"id":45160,"date":"2022-12-31T09:51:29","date_gmt":"2022-12-31T12:51:29","guid":{"rendered":"https:\/\/noticiasemdestaque.com\/cd\/?p=45160"},"modified":"2022-12-31T09:51:29","modified_gmt":"2022-12-31T12:51:29","slug":"paraiba-tem-possibilidade-de-chuvas-durante-reveillon-veja-por-regiao","status":"publish","type":"post","link":"https:\/\/noticiasemdestaque.com\/cd\/?p=45160","title":{"rendered":"Para\u00edba tem possibilidade de chuvas durante R\u00e9veillon; veja por regi\u00e3o"},"content":{"rendered":"<p><a href=\"https:\/\/noticiasemdestaque.com\/cd\/wp-content\/uploads\/2022\/12\/chuva.webp\"><img fetchpriority=\"high\" decoding=\"async\" class=\"alignnone  wp-image-45161\" src=\"https:\/\/noticiasemdestaque.com\/cd\/wp-content\/uploads\/2022\/12\/chuva-300x225.webp\" alt=\"\" width=\"1108\" height=\"831\" srcset=\"https:\/\/noticiasemdestaque.com\/cd\/wp-content\/uploads\/2022\/12\/chuva-300x225.webp 300w, https:\/\/noticiasemdestaque.com\/cd\/wp-content\/uploads\/2022\/12\/chuva-768x576.webp 768w, https:\/\/noticiasemdestaque.com\/cd\/wp-content\/uploads\/2022\/12\/chuva-16x12.webp 16w, https:\/\/noticiasemdestaque.com\/cd\/wp-content\/uploads\/2022\/12\/chuva.webp 800w\" sizes=\"(max-width: 1108px) 100vw, 1108px\" \/><\/a><\/p>\n<p>O estado da Para\u00edba tem previs\u00e3o de tempo firme para quase todo o dia 31 de dezembro. Mas tamb\u00e9m \u00e9 esperado que algumas regi\u00f5es paraibanas sejam atingidas por chuvas neste pr\u00f3ximo s\u00e1bado (31). De acordo com a Ag\u00eancia Executiva de Gest\u00e3o das \u00c1guas da Para\u00edba (Aesa), as regi\u00f5es do Sert\u00e3o, Alto Sert\u00e3o, Cariri e Curimata\u00fa podem virar o ano sob chuva.<\/p>\n<p>Para essas tr\u00eas regi\u00f5es, a Aesa aponta um dia quente e ensolarado, mas tamb\u00e9m com a presen\u00e7a de muitas nuvens. Pela parte da noite, a expectativa \u00e9 de chuvas r\u00e1pidas e pontuais. Enquanto isso, as regi\u00f5es do Litoral e do Brejo tamb\u00e9m poder\u00e3o ser atingidas por precipita\u00e7\u00f5es passageiras. O \u00fanico lugar sem previs\u00e3o exata para chover \u00e9 o Agreste, que ter\u00e1 uma nebulosidade vari\u00e1vel.<\/p>\n<p><strong>Confira as temperaturas de cada regi\u00e3o<\/strong><\/p>\n<p>\u2013 Litoral: 32\u00baC | 24\u00baC<\/p>\n<p>\u2013 Brejo: 29\u00baC | 21\u00baC<\/p>\n<p>\u2013 Agreste: 32\u00baC | 21\u00baC<\/p>\n<p>\u2013 Cariri\/Curimata\u00fa: 33\u00baC | 21\u00baC<\/p>\n<p>\u2013 Sert\u00e3o: 36\u00baC | 23\u00baC<\/p>\n<p>\u2013 Alto Sert\u00e3o: 35\u00baC | 22\u00baC<\/p>\n<p><strong>Noticias em Destaque<\/strong><\/p>\n<p style=\"text-align: right;\"><em>Fonte: Leonardo Abrantes \u2013 MaisPB<\/em><\/p>\n","protected":false},"excerpt":{"rendered":"<p>O estado da Para\u00edba tem previs\u00e3o de tempo firme para quase todo o dia 31 de dezembro. Mas tamb\u00e9m \u00e9 esperado que algumas regi\u00f5es paraibanas sejam atingidas por chuvas neste pr\u00f3ximo s\u00e1bado (31). De acordo com a Ag\u00eancia Executiva de Gest\u00e3o das \u00c1guas da Para\u00edba (Aesa), as regi\u00f5es do Sert\u00e3o, Alto Sert\u00e3o, Cariri e Curimata\u00fa podem virar o ano sob chuva. Para essas tr\u00eas regi\u00f5es, a Aesa aponta um dia quente e ensolarado, mas tamb\u00e9m com a presen\u00e7a de muitas nuvens. Pela parte da noite, a expectativa \u00e9 de chuvas r\u00e1pidas e pontuais. Enquanto isso, as regi\u00f5es do Litoral e do Brejo tamb\u00e9m poder\u00e3o ser atingidas por precipita\u00e7\u00f5es passageiras. O \u00fanico lugar sem previs\u00e3o exata para chover \u00e9 o Agreste, que ter\u00e1 uma nebulosidade vari\u00e1vel. Confira as temperaturas de cada regi\u00e3o \u2013 Litoral: 32\u00baC | 24\u00baC \u2013 Brejo: 29\u00baC | 21\u00baC \u2013 Agreste: 32\u00baC | 21\u00baC \u2013 Cariri\/Curimata\u00fa: 33\u00baC | 21\u00baC \u2013 Sert\u00e3o: 36\u00baC | 23\u00baC \u2013 Alto Sert\u00e3o: 35\u00baC | 22\u00baC Noticias em Destaque Fonte: Leonardo Abrantes \u2013 MaisPB<\/p>\n","protected":false},"author":2,"featured_media":45161,"comment_status":"closed","ping_status":"open","sticky":false,"template":"","format":"standard","meta":{"_eb_attr":"","_jetpack_memberships_contains_paid_content":false,"footnotes":""},"categories":[3],"tags":[],"class_list":["post-45160","post","type-post","status-publish","format-standard","has-post-thumbnail","hentry","category-cidades"],"yoast_head":"<!-- This site is optimized with the Yoast SEO plugin v26.5 - https:\/\/yoast.com\/wordpress\/plugins\/seo\/ -->\n<title>Para\u00edba tem possibilidade de chuvas durante R\u00e9veillon; veja por regi\u00e3o - Not&iacute;cias em Destaque<\/title>\n<meta name=\"robots\" content=\"index, follow, max-snippet:-1, max-image-preview:large, max-video-preview:-1\" \/>\n<link rel=\"canonical\" href=\"https:\/\/noticiasemdestaque.com\/cd\/?p=45160\" \/>\n<meta property=\"og:locale\" content=\"pt_BR\" \/>\n<meta property=\"og:type\" content=\"article\" \/>\n<meta property=\"og:title\" content=\"Para\u00edba tem possibilidade de chuvas durante R\u00e9veillon; veja por regi\u00e3o - Not&iacute;cias em Destaque\" \/>\n<meta property=\"og:description\" content=\"O estado da Para\u00edba tem previs\u00e3o de tempo firme para quase todo o dia 31 de dezembro. Mas tamb\u00e9m \u00e9 esperado que algumas regi\u00f5es paraibanas sejam atingidas por chuvas neste pr\u00f3ximo s\u00e1bado (31). De acordo com a Ag\u00eancia Executiva de Gest\u00e3o das \u00c1guas da Para\u00edba (Aesa), as regi\u00f5es do Sert\u00e3o, Alto Sert\u00e3o, Cariri e Curimata\u00fa podem virar o ano sob chuva. Para essas tr\u00eas regi\u00f5es, a Aesa aponta um dia quente e ensolarado, mas tamb\u00e9m com a presen\u00e7a de muitas nuvens. Pela parte da noite, a expectativa \u00e9 de chuvas r\u00e1pidas e pontuais. Enquanto isso, as regi\u00f5es do Litoral e do Brejo tamb\u00e9m poder\u00e3o ser atingidas por precipita\u00e7\u00f5es passageiras. O \u00fanico lugar sem previs\u00e3o exata para chover \u00e9 o Agreste, que ter\u00e1 uma nebulosidade vari\u00e1vel. Confira as temperaturas de cada regi\u00e3o \u2013 Litoral: 32\u00baC | 24\u00baC \u2013 Brejo: 29\u00baC | 21\u00baC \u2013 Agreste: 32\u00baC | 21\u00baC \u2013 Cariri\/Curimata\u00fa: 33\u00baC | 21\u00baC \u2013 Sert\u00e3o: 36\u00baC | 23\u00baC \u2013 Alto Sert\u00e3o: 35\u00baC | 22\u00baC Noticias em Destaque Fonte: Leonardo Abrantes \u2013 MaisPB\" \/>\n<meta property=\"og:url\" content=\"https:\/\/noticiasemdestaque.com\/cd\/?p=45160\" \/>\n<meta property=\"og:site_name\" content=\"Not&iacute;cias em Destaque\" \/>\n<meta property=\"article:published_time\" content=\"2022-12-31T12:51:29+00:00\" \/>\n<meta property=\"og:image\" content=\"https:\/\/noticiasemdestaque.com\/cd\/wp-content\/uploads\/2022\/12\/chuva.webp\" \/>\n\t<meta property=\"og:image:width\" content=\"800\" \/>\n\t<meta property=\"og:image:height\" content=\"600\" \/>\n\t<meta property=\"og:image:type\" content=\"image\/webp\" \/>\n<meta name=\"author\" content=\"Not\u00edcias em Destaque\" \/>\n<meta name=\"twitter:card\" content=\"summary_large_image\" \/>\n<meta name=\"twitter:label1\" content=\"Escrito por\" \/>\n\t<meta name=\"twitter:data1\" content=\"Not\u00edcias em Destaque\" \/>\n\t<meta name=\"twitter:label2\" content=\"Est. tempo de leitura\" \/>\n\t<meta name=\"twitter:data2\" content=\"2 minutos\" \/>\n<script type=\"application\/ld+json\" class=\"yoast-schema-graph\">{\"@context\":\"https:\/\/schema.org\",\"@graph\":[{\"@type\":\"Article\",\"@id\":\"https:\/\/noticiasemdestaque.com\/cd\/?p=45160#article\",\"isPartOf\":{\"@id\":\"https:\/\/noticiasemdestaque.com\/cd\/?p=45160\"},\"author\":{\"name\":\"Not\u00edcias em Destaque\",\"@id\":\"https:\/\/noticiasemdestaque.com\/cd\/#\/schema\/person\/47f7d4f55eec17c6b2ca036c5500f6ce\"},\"headline\":\"Para\u00edba tem possibilidade de chuvas durante R\u00e9veillon; veja por regi\u00e3o\",\"datePublished\":\"2022-12-31T12:51:29+00:00\",\"mainEntityOfPage\":{\"@id\":\"https:\/\/noticiasemdestaque.com\/cd\/?p=45160\"},\"wordCount\":192,\"publisher\":{\"@id\":\"https:\/\/noticiasemdestaque.com\/cd\/#organization\"},\"image\":{\"@id\":\"https:\/\/noticiasemdestaque.com\/cd\/?p=45160#primaryimage\"},\"thumbnailUrl\":\"https:\/\/noticiasemdestaque.com\/cd\/wp-content\/uploads\/2022\/12\/chuva.webp\",\"articleSection\":[\"Cidades\"],\"inLanguage\":\"pt-BR\"},{\"@type\":\"WebPage\",\"@id\":\"https:\/\/noticiasemdestaque.com\/cd\/?p=45160\",\"url\":\"https:\/\/noticiasemdestaque.com\/cd\/?p=45160\",\"name\":\"Para\u00edba tem possibilidade de chuvas durante R\u00e9veillon; veja por regi\u00e3o - Not&iacute;cias em Destaque\",\"isPartOf\":{\"@id\":\"https:\/\/noticiasemdestaque.com\/cd\/#website\"},\"primaryImageOfPage\":{\"@id\":\"https:\/\/noticiasemdestaque.com\/cd\/?p=45160#primaryimage\"},\"image\":{\"@id\":\"https:\/\/noticiasemdestaque.com\/cd\/?p=45160#primaryimage\"},\"thumbnailUrl\":\"https:\/\/noticiasemdestaque.com\/cd\/wp-content\/uploads\/2022\/12\/chuva.webp\",\"datePublished\":\"2022-12-31T12:51:29+00:00\",\"breadcrumb\":{\"@id\":\"https:\/\/noticiasemdestaque.com\/cd\/?p=45160#breadcrumb\"},\"inLanguage\":\"pt-BR\",\"potentialAction\":[{\"@type\":\"ReadAction\",\"target\":[\"https:\/\/noticiasemdestaque.com\/cd\/?p=45160\"]}]},{\"@type\":\"ImageObject\",\"inLanguage\":\"pt-BR\",\"@id\":\"https:\/\/noticiasemdestaque.com\/cd\/?p=45160#primaryimage\",\"url\":\"https:\/\/noticiasemdestaque.com\/cd\/wp-content\/uploads\/2022\/12\/chuva.webp\",\"contentUrl\":\"https:\/\/noticiasemdestaque.com\/cd\/wp-content\/uploads\/2022\/12\/chuva.webp\",\"width\":800,\"height\":600},{\"@type\":\"BreadcrumbList\",\"@id\":\"https:\/\/noticiasemdestaque.com\/cd\/?p=45160#breadcrumb\",\"itemListElement\":[{\"@type\":\"ListItem\",\"position\":1,\"name\":\"In\u00edcio\",\"item\":\"https:\/\/noticiasemdestaque.com\/cd\/\"},{\"@type\":\"ListItem\",\"position\":2,\"name\":\"Para\u00edba tem possibilidade de chuvas durante R\u00e9veillon; veja por regi\u00e3o\"}]},{\"@type\":\"WebSite\",\"@id\":\"https:\/\/noticiasemdestaque.com\/cd\/#website\",\"url\":\"https:\/\/noticiasemdestaque.com\/cd\/\",\"name\":\"Not&iacute;cias em Destaque\",\"description\":\"\",\"publisher\":{\"@id\":\"https:\/\/noticiasemdestaque.com\/cd\/#organization\"},\"potentialAction\":[{\"@type\":\"SearchAction\",\"target\":{\"@type\":\"EntryPoint\",\"urlTemplate\":\"https:\/\/noticiasemdestaque.com\/cd\/?s={search_term_string}\"},\"query-input\":{\"@type\":\"PropertyValueSpecification\",\"valueRequired\":true,\"valueName\":\"search_term_string\"}}],\"inLanguage\":\"pt-BR\"},{\"@type\":\"Organization\",\"@id\":\"https:\/\/noticiasemdestaque.com\/cd\/#organization\",\"name\":\"Not\u00edcias em Destaque\",\"url\":\"https:\/\/noticiasemdestaque.com\/cd\/\",\"logo\":{\"@type\":\"ImageObject\",\"inLanguage\":\"pt-BR\",\"@id\":\"https:\/\/noticiasemdestaque.com\/cd\/#\/schema\/logo\/image\/\",\"url\":\"https:\/\/noticiasemdestaque.com\/cd\/wp-content\/uploads\/2022\/05\/imagem-base-noticiasemdestaque.png\",\"contentUrl\":\"https:\/\/noticiasemdestaque.com\/cd\/wp-content\/uploads\/2022\/05\/imagem-base-noticiasemdestaque.png\",\"width\":1200,\"height\":630,\"caption\":\"Not\u00edcias em Destaque\"},\"image\":{\"@id\":\"https:\/\/noticiasemdestaque.com\/cd\/#\/schema\/logo\/image\/\"}},{\"@type\":\"Person\",\"@id\":\"https:\/\/noticiasemdestaque.com\/cd\/#\/schema\/person\/47f7d4f55eec17c6b2ca036c5500f6ce\",\"name\":\"Not\u00edcias em Destaque\",\"url\":\"https:\/\/noticiasemdestaque.com\/cd\/?author=2\"}]}<\/script>\n<!-- \/ Yoast SEO plugin. -->","yoast_head_json":{"title":"Para\u00edba tem possibilidade de chuvas durante R\u00e9veillon; veja por regi\u00e3o - Not&iacute;cias em Destaque","robots":{"index":"index","follow":"follow","max-snippet":"max-snippet:-1","max-image-preview":"max-image-preview:large","max-video-preview":"max-video-preview:-1"},"canonical":"https:\/\/noticiasemdestaque.com\/cd\/?p=45160","og_locale":"pt_BR","og_type":"article","og_title":"Para\u00edba tem possibilidade de chuvas durante R\u00e9veillon; veja por regi\u00e3o - Not&iacute;cias em Destaque","og_description":"O estado da Para\u00edba tem previs\u00e3o de tempo firme para quase todo o dia 31 de dezembro. Mas tamb\u00e9m \u00e9 esperado que algumas regi\u00f5es paraibanas sejam atingidas por chuvas neste pr\u00f3ximo s\u00e1bado (31). De acordo com a Ag\u00eancia Executiva de Gest\u00e3o das \u00c1guas da Para\u00edba (Aesa), as regi\u00f5es do Sert\u00e3o, Alto Sert\u00e3o, Cariri e Curimata\u00fa podem virar o ano sob chuva. Para essas tr\u00eas regi\u00f5es, a Aesa aponta um dia quente e ensolarado, mas tamb\u00e9m com a presen\u00e7a de muitas nuvens. Pela parte da noite, a expectativa \u00e9 de chuvas r\u00e1pidas e pontuais. Enquanto isso, as regi\u00f5es do Litoral e do Brejo tamb\u00e9m poder\u00e3o ser atingidas por precipita\u00e7\u00f5es passageiras. O \u00fanico lugar sem previs\u00e3o exata para chover \u00e9 o Agreste, que ter\u00e1 uma nebulosidade vari\u00e1vel. Confira as temperaturas de cada regi\u00e3o \u2013 Litoral: 32\u00baC | 24\u00baC \u2013 Brejo: 29\u00baC | 21\u00baC \u2013 Agreste: 32\u00baC | 21\u00baC \u2013 Cariri\/Curimata\u00fa: 33\u00baC | 21\u00baC \u2013 Sert\u00e3o: 36\u00baC | 23\u00baC \u2013 Alto Sert\u00e3o: 35\u00baC | 22\u00baC Noticias em Destaque Fonte: Leonardo Abrantes \u2013 MaisPB","og_url":"https:\/\/noticiasemdestaque.com\/cd\/?p=45160","og_site_name":"Not&iacute;cias em Destaque","article_published_time":"2022-12-31T12:51:29+00:00","og_image":[{"width":800,"height":600,"url":"https:\/\/noticiasemdestaque.com\/cd\/wp-content\/uploads\/2022\/12\/chuva.webp","type":"image\/webp"}],"author":"Not\u00edcias em Destaque","twitter_card":"summary_large_image","twitter_misc":{"Escrito por":"Not\u00edcias em Destaque","Est. tempo de leitura":"2 minutos"},"schema":{"@context":"https:\/\/schema.org","@graph":[{"@type":"Article","@id":"https:\/\/noticiasemdestaque.com\/cd\/?p=45160#article","isPartOf":{"@id":"https:\/\/noticiasemdestaque.com\/cd\/?p=45160"},"author":{"name":"Not\u00edcias em Destaque","@id":"https:\/\/noticiasemdestaque.com\/cd\/#\/schema\/person\/47f7d4f55eec17c6b2ca036c5500f6ce"},"headline":"Para\u00edba tem possibilidade de chuvas durante R\u00e9veillon; veja por regi\u00e3o","datePublished":"2022-12-31T12:51:29+00:00","mainEntityOfPage":{"@id":"https:\/\/noticiasemdestaque.com\/cd\/?p=45160"},"wordCount":192,"publisher":{"@id":"https:\/\/noticiasemdestaque.com\/cd\/#organization"},"image":{"@id":"https:\/\/noticiasemdestaque.com\/cd\/?p=45160#primaryimage"},"thumbnailUrl":"https:\/\/noticiasemdestaque.com\/cd\/wp-content\/uploads\/2022\/12\/chuva.webp","articleSection":["Cidades"],"inLanguage":"pt-BR"},{"@type":"WebPage","@id":"https:\/\/noticiasemdestaque.com\/cd\/?p=45160","url":"https:\/\/noticiasemdestaque.com\/cd\/?p=45160","name":"Para\u00edba tem possibilidade de chuvas durante R\u00e9veillon; veja por regi\u00e3o - Not&iacute;cias em Destaque","isPartOf":{"@id":"https:\/\/noticiasemdestaque.com\/cd\/#website"},"primaryImageOfPage":{"@id":"https:\/\/noticiasemdestaque.com\/cd\/?p=45160#primaryimage"},"image":{"@id":"https:\/\/noticiasemdestaque.com\/cd\/?p=45160#primaryimage"},"thumbnailUrl":"https:\/\/noticiasemdestaque.com\/cd\/wp-content\/uploads\/2022\/12\/chuva.webp","datePublished":"2022-12-31T12:51:29+00:00","breadcrumb":{"@id":"https:\/\/noticiasemdestaque.com\/cd\/?p=45160#breadcrumb"},"inLanguage":"pt-BR","potentialAction":[{"@type":"ReadAction","target":["https:\/\/noticiasemdestaque.com\/cd\/?p=45160"]}]},{"@type":"ImageObject","inLanguage":"pt-BR","@id":"https:\/\/noticiasemdestaque.com\/cd\/?p=45160#primaryimage","url":"https:\/\/noticiasemdestaque.com\/cd\/wp-content\/uploads\/2022\/12\/chuva.webp","contentUrl":"https:\/\/noticiasemdestaque.com\/cd\/wp-content\/uploads\/2022\/12\/chuva.webp","width":800,"height":600},{"@type":"BreadcrumbList","@id":"https:\/\/noticiasemdestaque.com\/cd\/?p=45160#breadcrumb","itemListElement":[{"@type":"ListItem","position":1,"name":"In\u00edcio","item":"https:\/\/noticiasemdestaque.com\/cd\/"},{"@type":"ListItem","position":2,"name":"Para\u00edba tem possibilidade de chuvas durante R\u00e9veillon; veja por regi\u00e3o"}]},{"@type":"WebSite","@id":"https:\/\/noticiasemdestaque.com\/cd\/#website","url":"https:\/\/noticiasemdestaque.com\/cd\/","name":"Not&iacute;cias em Destaque","description":"","publisher":{"@id":"https:\/\/noticiasemdestaque.com\/cd\/#organization"},"potentialAction":[{"@type":"SearchAction","target":{"@type":"EntryPoint","urlTemplate":"https:\/\/noticiasemdestaque.com\/cd\/?s={search_term_string}"},"query-input":{"@type":"PropertyValueSpecification","valueRequired":true,"valueName":"search_term_string"}}],"inLanguage":"pt-BR"},{"@type":"Organization","@id":"https:\/\/noticiasemdestaque.com\/cd\/#organization","name":"Not\u00edcias em Destaque","url":"https:\/\/noticiasemdestaque.com\/cd\/","logo":{"@type":"ImageObject","inLanguage":"pt-BR","@id":"https:\/\/noticiasemdestaque.com\/cd\/#\/schema\/logo\/image\/","url":"https:\/\/noticiasemdestaque.com\/cd\/wp-content\/uploads\/2022\/05\/imagem-base-noticiasemdestaque.png","contentUrl":"https:\/\/noticiasemdestaque.com\/cd\/wp-content\/uploads\/2022\/05\/imagem-base-noticiasemdestaque.png","width":1200,"height":630,"caption":"Not\u00edcias em Destaque"},"image":{"@id":"https:\/\/noticiasemdestaque.com\/cd\/#\/schema\/logo\/image\/"}},{"@type":"Person","@id":"https:\/\/noticiasemdestaque.com\/cd\/#\/schema\/person\/47f7d4f55eec17c6b2ca036c5500f6ce","name":"Not\u00edcias em Destaque","url":"https:\/\/noticiasemdestaque.com\/cd\/?author=2"}]}},"jetpack_featured_media_url":"https:\/\/noticiasemdestaque.com\/cd\/wp-content\/uploads\/2022\/12\/chuva.webp","jetpack_sharing_enabled":true,"_links":{"self":[{"href":"https:\/\/noticiasemdestaque.com\/cd\/index.php?rest_route=\/wp\/v2\/posts\/45160","targetHints":{"allow":["GET"]}}],"collection":[{"href":"https:\/\/noticiasemdestaque.com\/cd\/index.php?rest_route=\/wp\/v2\/posts"}],"about":[{"href":"https:\/\/noticiasemdestaque.com\/cd\/index.php?rest_route=\/wp\/v2\/types\/post"}],"author":[{"embeddable":true,"href":"https:\/\/noticiasemdestaque.com\/cd\/index.php?rest_route=\/wp\/v2\/users\/2"}],"replies":[{"embeddable":true,"href":"https:\/\/noticiasemdestaque.com\/cd\/index.php?rest_route=%2Fwp%2Fv2%2Fcomments&post=45160"}],"version-history":[{"count":1,"href":"https:\/\/noticiasemdestaque.com\/cd\/index.php?rest_route=\/wp\/v2\/posts\/45160\/revisions"}],"predecessor-version":[{"id":45162,"href":"https:\/\/noticiasemdestaque.com\/cd\/index.php?rest_route=\/wp\/v2\/posts\/45160\/revisions\/45162"}],"wp:featuredmedia":[{"embeddable":true,"href":"https:\/\/noticiasemdestaque.com\/cd\/index.php?rest_route=\/wp\/v2\/media\/45161"}],"wp:attachment":[{"href":"https:\/\/noticiasemdestaque.com\/cd\/index.php?rest_route=%2Fwp%2Fv2%2Fmedia&parent=45160"}],"wp:term":[{"taxonomy":"category","embeddable":true,"href":"https:\/\/noticiasemdestaque.com\/cd\/index.php?rest_route=%2Fwp%2Fv2%2Fcategories&post=45160"},{"taxonomy":"post_tag","embeddable":true,"href":"https:\/\/noticiasemdestaque.com\/cd\/index.php?rest_route=%2Fwp%2Fv2%2Ftags&post=45160"}],"curies":[{"name":"wp","href":"https:\/\/api.w.org\/{rel}","templated":true}]}}