{"id":4516,"date":"2017-09-21T08:39:54","date_gmt":"2017-09-21T11:39:54","guid":{"rendered":"http:\/\/caririemdestaque.com\/cd\/?p=4516"},"modified":"2017-09-21T08:39:54","modified_gmt":"2017-09-21T11:39:54","slug":"estado-vai-beneficiar-18-municipios-do-cariri-com-projetos-voltados-a-agricultura-familiar","status":"publish","type":"post","link":"https:\/\/noticiasemdestaque.com\/cd\/?p=4516","title":{"rendered":"Estado vai beneficiar 18 munic\u00edpios do Cariri com projetos voltados \u00e0 agricultura familiar"},"content":{"rendered":"<p><a href=\"http:\/\/caririemdestaque.com\/cd\/wp-content\/uploads\/2017\/09\/Procase_Cariri.jpg\"><img fetchpriority=\"high\" decoding=\"async\" class=\"wp-image-4517 size-medium alignleft\" src=\"http:\/\/caririemdestaque.com\/cd\/wp-content\/uploads\/2017\/09\/Procase_Cariri-300x213.jpg\" alt=\"\" width=\"300\" height=\"213\" srcset=\"https:\/\/noticiasemdestaque.com\/cd\/wp-content\/uploads\/2017\/09\/Procase_Cariri-300x213.jpg 300w, https:\/\/noticiasemdestaque.com\/cd\/wp-content\/uploads\/2017\/09\/Procase_Cariri.jpg 480w\" sizes=\"(max-width: 300px) 100vw, 300px\" \/><\/a>Um contrato firmado entre o Governo da Para\u00edba e o Projeto de Desenvolvimento Sustent\u00e1vel do Cariri, Sert\u00e3o e Curimata\u00fa (Procase), por meio da Empresa de Assist\u00eancia T\u00e9cnica e Extens\u00e3o Rural da Para\u00edba (Emater-PB), vai permitir a orienta\u00e7\u00e3o t\u00e9cnica continuada de um ano a 665 fam\u00edlias agricultoras em 18 munic\u00edpios do Cariri Ocidental do Estado.<\/p>\n<p>De acordo com o coordenador de Opera\u00e7\u00f5es da Emater, Alexandre Alfredo, s\u00e3o 26 projetos associativos das cadeias produtivas de caprinovinocultura, de apicultura e de artesanato e envolvem recursos da ordem de R$ 3,7 milh\u00f5es.\u00a0 O in\u00edcio dos trabalhos est\u00e1 previsto para a primeira quinzena de outubro.\u00a0 Segundo ele, os recursos investidos pelo Governo do Estado ir\u00e3o \u201cfomentar o fortalecimento da agricultura familiar na comercializa\u00e7\u00e3o de produtos industrializados e, com isso, gerar postos de trabalho, renda e qualidade de vida no meio rural\u201d, destacou.<\/p>\n<p>Entre outras a\u00e7\u00f5es a serem executadas est\u00e3o implanta\u00e7\u00e3o de po\u00e7os tubulares e artesianos, constru\u00e7\u00f5es de barragens subterr\u00e2neas com kit de irriga\u00e7\u00e3o, constru\u00e7\u00f5es de apriscos, aquisi\u00e7\u00e3o de m\u00e1quinas e implementos agr\u00edcolas, al\u00e9m da aquisi\u00e7\u00e3o de matrizes caprinas\u00a0 e ovinas, e ainda cursos de capacita\u00e7\u00e3o para artes\u00e3os .<\/p>\n<p>Os munic\u00edpios contemplados s\u00e3o Camala\u00fa, Livramento, Amparo, Serra Branca, Parari, Assun\u00e7\u00e3o, Coxixola, Monteiro, Ouro Velho, S\u00e3o Sebasti\u00e3o do Umbuzeiro, Zabel\u00ea, S\u00e3o Jo\u00e3o do Tigre, Prata, S\u00e3o Jos\u00e9 dos Cordeiros, Congo, Sum\u00e9 e Tapero\u00e1.<\/p>\n<p>Capacita\u00e7\u00e3o \u2013 Os 32 extensionistas que devem prestar assist\u00eancia t\u00e9cnica \u00e0s fam\u00edlias est\u00e3o participando de cursos de capacita\u00e7\u00e3o sobre toda a operacionaliza\u00e7\u00e3o dos projetos associativos. O primeiro encontro aconteceu nessa segunda-feira (18), na sede do Instituto de Terras e Planejamento (Interpa), e o pr\u00f3ximo ocorrer\u00e1 no per\u00edodo de 25 a 29 deste m\u00eas, em Sum\u00e9, no Cariri paraibano.<\/p>\n","protected":false},"excerpt":{"rendered":"<p>Um contrato firmado entre o Governo da Para\u00edba e o Projeto de Desenvolvimento Sustent\u00e1vel do Cariri, Sert\u00e3o e Curimata\u00fa (Procase), por meio da Empresa de Assist\u00eancia T\u00e9cnica e Extens\u00e3o Rural da Para\u00edba (Emater-PB), vai permitir a orienta\u00e7\u00e3o t\u00e9cnica continuada de um ano a 665 fam\u00edlias agricultoras em 18 munic\u00edpios do Cariri Ocidental do Estado. De acordo com o coordenador de Opera\u00e7\u00f5es da Emater, Alexandre Alfredo, s\u00e3o 26 projetos associativos das cadeias produtivas de caprinovinocultura, de apicultura e de artesanato e envolvem recursos da ordem de R$ 3,7 milh\u00f5es.\u00a0 O in\u00edcio dos trabalhos est\u00e1 previsto para a primeira quinzena de outubro.\u00a0 Segundo ele, os recursos investidos pelo Governo do Estado ir\u00e3o \u201cfomentar o fortalecimento da agricultura familiar na comercializa\u00e7\u00e3o de produtos industrializados e, com isso, gerar postos de trabalho, renda e qualidade de vida no meio rural\u201d, destacou. Entre outras a\u00e7\u00f5es a serem executadas est\u00e3o implanta\u00e7\u00e3o de po\u00e7os tubulares e artesianos, constru\u00e7\u00f5es de barragens subterr\u00e2neas com kit de irriga\u00e7\u00e3o, constru\u00e7\u00f5es de apriscos, aquisi\u00e7\u00e3o de m\u00e1quinas e implementos agr\u00edcolas, al\u00e9m da aquisi\u00e7\u00e3o de matrizes caprinas\u00a0 e ovinas, e ainda cursos de capacita\u00e7\u00e3o para artes\u00e3os . Os munic\u00edpios contemplados s\u00e3o Camala\u00fa, Livramento, Amparo, Serra Branca, Parari, Assun\u00e7\u00e3o, Coxixola, Monteiro, Ouro Velho, S\u00e3o Sebasti\u00e3o do Umbuzeiro, Zabel\u00ea, S\u00e3o Jo\u00e3o do Tigre, Prata, S\u00e3o Jos\u00e9 dos Cordeiros, Congo, Sum\u00e9 e Tapero\u00e1. Capacita\u00e7\u00e3o \u2013 Os 32 extensionistas que devem prestar assist\u00eancia t\u00e9cnica \u00e0s fam\u00edlias est\u00e3o participando de cursos de capacita\u00e7\u00e3o sobre toda a operacionaliza\u00e7\u00e3o dos projetos associativos. O primeiro encontro aconteceu nessa segunda-feira (18), na sede do Instituto de Terras e Planejamento (Interpa), e o pr\u00f3ximo ocorrer\u00e1 no per\u00edodo de 25 a 29 deste m\u00eas, em Sum\u00e9, no Cariri paraibano.<\/p>\n","protected":false},"author":2,"featured_media":4517,"comment_status":"closed","ping_status":"open","sticky":false,"template":"","format":"standard","meta":{"_eb_attr":"","_jetpack_memberships_contains_paid_content":false,"footnotes":""},"categories":[3],"tags":[],"class_list":["post-4516","post","type-post","status-publish","format-standard","has-post-thumbnail","hentry","category-cidades"],"yoast_head":"<!-- This site is optimized with the Yoast SEO plugin v26.5 - https:\/\/yoast.com\/wordpress\/plugins\/seo\/ -->\n<title>Estado vai beneficiar 18 munic\u00edpios do Cariri com projetos voltados \u00e0 agricultura familiar - Not&iacute;cias em Destaque<\/title>\n<meta name=\"robots\" content=\"index, follow, max-snippet:-1, max-image-preview:large, max-video-preview:-1\" \/>\n<link rel=\"canonical\" href=\"https:\/\/noticiasemdestaque.com\/cd\/?p=4516\" \/>\n<meta property=\"og:locale\" content=\"pt_BR\" \/>\n<meta property=\"og:type\" content=\"article\" \/>\n<meta property=\"og:title\" content=\"Estado vai beneficiar 18 munic\u00edpios do Cariri com projetos voltados \u00e0 agricultura familiar - Not&iacute;cias em Destaque\" \/>\n<meta property=\"og:description\" content=\"Um contrato firmado entre o Governo da Para\u00edba e o Projeto de Desenvolvimento Sustent\u00e1vel do Cariri, Sert\u00e3o e Curimata\u00fa (Procase), por meio da Empresa de Assist\u00eancia T\u00e9cnica e Extens\u00e3o Rural da Para\u00edba (Emater-PB), vai permitir a orienta\u00e7\u00e3o t\u00e9cnica continuada de um ano a 665 fam\u00edlias agricultoras em 18 munic\u00edpios do Cariri Ocidental do Estado. De acordo com o coordenador de Opera\u00e7\u00f5es da Emater, Alexandre Alfredo, s\u00e3o 26 projetos associativos das cadeias produtivas de caprinovinocultura, de apicultura e de artesanato e envolvem recursos da ordem de R$ 3,7 milh\u00f5es.\u00a0 O in\u00edcio dos trabalhos est\u00e1 previsto para a primeira quinzena de outubro.\u00a0 Segundo ele, os recursos investidos pelo Governo do Estado ir\u00e3o \u201cfomentar o fortalecimento da agricultura familiar na comercializa\u00e7\u00e3o de produtos industrializados e, com isso, gerar postos de trabalho, renda e qualidade de vida no meio rural\u201d, destacou. Entre outras a\u00e7\u00f5es a serem executadas est\u00e3o implanta\u00e7\u00e3o de po\u00e7os tubulares e artesianos, constru\u00e7\u00f5es de barragens subterr\u00e2neas com kit de irriga\u00e7\u00e3o, constru\u00e7\u00f5es de apriscos, aquisi\u00e7\u00e3o de m\u00e1quinas e implementos agr\u00edcolas, al\u00e9m da aquisi\u00e7\u00e3o de matrizes caprinas\u00a0 e ovinas, e ainda cursos de capacita\u00e7\u00e3o para artes\u00e3os . Os munic\u00edpios contemplados s\u00e3o Camala\u00fa, Livramento, Amparo, Serra Branca, Parari, Assun\u00e7\u00e3o, Coxixola, Monteiro, Ouro Velho, S\u00e3o Sebasti\u00e3o do Umbuzeiro, Zabel\u00ea, S\u00e3o Jo\u00e3o do Tigre, Prata, S\u00e3o Jos\u00e9 dos Cordeiros, Congo, Sum\u00e9 e Tapero\u00e1. Capacita\u00e7\u00e3o \u2013 Os 32 extensionistas que devem prestar assist\u00eancia t\u00e9cnica \u00e0s fam\u00edlias est\u00e3o participando de cursos de capacita\u00e7\u00e3o sobre toda a operacionaliza\u00e7\u00e3o dos projetos associativos. O primeiro encontro aconteceu nessa segunda-feira (18), na sede do Instituto de Terras e Planejamento (Interpa), e o pr\u00f3ximo ocorrer\u00e1 no per\u00edodo de 25 a 29 deste m\u00eas, em Sum\u00e9, no Cariri paraibano.\" \/>\n<meta property=\"og:url\" content=\"https:\/\/noticiasemdestaque.com\/cd\/?p=4516\" \/>\n<meta property=\"og:site_name\" content=\"Not&iacute;cias em Destaque\" \/>\n<meta property=\"article:published_time\" content=\"2017-09-21T11:39:54+00:00\" \/>\n<meta property=\"og:image\" content=\"https:\/\/noticiasemdestaque.com\/cd\/wp-content\/uploads\/2017\/09\/Procase_Cariri.jpg\" \/>\n\t<meta property=\"og:image:width\" content=\"480\" \/>\n\t<meta property=\"og:image:height\" content=\"340\" \/>\n\t<meta property=\"og:image:type\" content=\"image\/jpeg\" \/>\n<meta name=\"author\" content=\"Not\u00edcias em Destaque\" \/>\n<meta name=\"twitter:card\" content=\"summary_large_image\" \/>\n<meta name=\"twitter:label1\" content=\"Escrito por\" \/>\n\t<meta name=\"twitter:data1\" content=\"Not\u00edcias em Destaque\" \/>\n\t<meta name=\"twitter:label2\" content=\"Est. tempo de leitura\" \/>\n\t<meta name=\"twitter:data2\" content=\"2 minutos\" \/>\n<script type=\"application\/ld+json\" class=\"yoast-schema-graph\">{\"@context\":\"https:\/\/schema.org\",\"@graph\":[{\"@type\":\"Article\",\"@id\":\"https:\/\/noticiasemdestaque.com\/cd\/?p=4516#article\",\"isPartOf\":{\"@id\":\"https:\/\/noticiasemdestaque.com\/cd\/?p=4516\"},\"author\":{\"name\":\"Not\u00edcias em Destaque\",\"@id\":\"https:\/\/noticiasemdestaque.com\/cd\/#\/schema\/person\/21320b03a7e8bb90128938dafc9b908a\"},\"headline\":\"Estado vai beneficiar 18 munic\u00edpios do Cariri com projetos voltados \u00e0 agricultura familiar\",\"datePublished\":\"2017-09-21T11:39:54+00:00\",\"mainEntityOfPage\":{\"@id\":\"https:\/\/noticiasemdestaque.com\/cd\/?p=4516\"},\"wordCount\":326,\"publisher\":{\"@id\":\"https:\/\/noticiasemdestaque.com\/cd\/#organization\"},\"image\":{\"@id\":\"https:\/\/noticiasemdestaque.com\/cd\/?p=4516#primaryimage\"},\"thumbnailUrl\":\"https:\/\/noticiasemdestaque.com\/cd\/wp-content\/uploads\/2017\/09\/Procase_Cariri.jpg\",\"articleSection\":[\"Cidades\"],\"inLanguage\":\"pt-BR\"},{\"@type\":\"WebPage\",\"@id\":\"https:\/\/noticiasemdestaque.com\/cd\/?p=4516\",\"url\":\"https:\/\/noticiasemdestaque.com\/cd\/?p=4516\",\"name\":\"Estado vai beneficiar 18 munic\u00edpios do Cariri com projetos voltados \u00e0 agricultura familiar - Not&iacute;cias em Destaque\",\"isPartOf\":{\"@id\":\"https:\/\/noticiasemdestaque.com\/cd\/#website\"},\"primaryImageOfPage\":{\"@id\":\"https:\/\/noticiasemdestaque.com\/cd\/?p=4516#primaryimage\"},\"image\":{\"@id\":\"https:\/\/noticiasemdestaque.com\/cd\/?p=4516#primaryimage\"},\"thumbnailUrl\":\"https:\/\/noticiasemdestaque.com\/cd\/wp-content\/uploads\/2017\/09\/Procase_Cariri.jpg\",\"datePublished\":\"2017-09-21T11:39:54+00:00\",\"breadcrumb\":{\"@id\":\"https:\/\/noticiasemdestaque.com\/cd\/?p=4516#breadcrumb\"},\"inLanguage\":\"pt-BR\",\"potentialAction\":[{\"@type\":\"ReadAction\",\"target\":[\"https:\/\/noticiasemdestaque.com\/cd\/?p=4516\"]}]},{\"@type\":\"ImageObject\",\"inLanguage\":\"pt-BR\",\"@id\":\"https:\/\/noticiasemdestaque.com\/cd\/?p=4516#primaryimage\",\"url\":\"https:\/\/noticiasemdestaque.com\/cd\/wp-content\/uploads\/2017\/09\/Procase_Cariri.jpg\",\"contentUrl\":\"https:\/\/noticiasemdestaque.com\/cd\/wp-content\/uploads\/2017\/09\/Procase_Cariri.jpg\",\"width\":480,\"height\":340},{\"@type\":\"BreadcrumbList\",\"@id\":\"https:\/\/noticiasemdestaque.com\/cd\/?p=4516#breadcrumb\",\"itemListElement\":[{\"@type\":\"ListItem\",\"position\":1,\"name\":\"In\u00edcio\",\"item\":\"https:\/\/noticiasemdestaque.com\/cd\/\"},{\"@type\":\"ListItem\",\"position\":2,\"name\":\"Estado vai beneficiar 18 munic\u00edpios do Cariri com projetos voltados \u00e0 agricultura familiar\"}]},{\"@type\":\"WebSite\",\"@id\":\"https:\/\/noticiasemdestaque.com\/cd\/#website\",\"url\":\"https:\/\/noticiasemdestaque.com\/cd\/\",\"name\":\"Not&iacute;cias em Destaque\",\"description\":\"\",\"publisher\":{\"@id\":\"https:\/\/noticiasemdestaque.com\/cd\/#organization\"},\"potentialAction\":[{\"@type\":\"SearchAction\",\"target\":{\"@type\":\"EntryPoint\",\"urlTemplate\":\"https:\/\/noticiasemdestaque.com\/cd\/?s={search_term_string}\"},\"query-input\":{\"@type\":\"PropertyValueSpecification\",\"valueRequired\":true,\"valueName\":\"search_term_string\"}}],\"inLanguage\":\"pt-BR\"},{\"@type\":\"Organization\",\"@id\":\"https:\/\/noticiasemdestaque.com\/cd\/#organization\",\"name\":\"Not\u00edcias em Destaque\",\"url\":\"https:\/\/noticiasemdestaque.com\/cd\/\",\"logo\":{\"@type\":\"ImageObject\",\"inLanguage\":\"pt-BR\",\"@id\":\"https:\/\/noticiasemdestaque.com\/cd\/#\/schema\/logo\/image\/\",\"url\":\"https:\/\/noticiasemdestaque.com\/cd\/wp-content\/uploads\/2022\/05\/imagem-base-noticiasemdestaque.png\",\"contentUrl\":\"https:\/\/noticiasemdestaque.com\/cd\/wp-content\/uploads\/2022\/05\/imagem-base-noticiasemdestaque.png\",\"width\":1200,\"height\":630,\"caption\":\"Not\u00edcias em Destaque\"},\"image\":{\"@id\":\"https:\/\/noticiasemdestaque.com\/cd\/#\/schema\/logo\/image\/\"}},{\"@type\":\"Person\",\"@id\":\"https:\/\/noticiasemdestaque.com\/cd\/#\/schema\/person\/21320b03a7e8bb90128938dafc9b908a\",\"name\":\"Not\u00edcias em Destaque\",\"url\":\"https:\/\/noticiasemdestaque.com\/cd\/?author=2\"}]}<\/script>\n<!-- \/ Yoast SEO plugin. -->","yoast_head_json":{"title":"Estado vai beneficiar 18 munic\u00edpios do Cariri com projetos voltados \u00e0 agricultura familiar - Not&iacute;cias em Destaque","robots":{"index":"index","follow":"follow","max-snippet":"max-snippet:-1","max-image-preview":"max-image-preview:large","max-video-preview":"max-video-preview:-1"},"canonical":"https:\/\/noticiasemdestaque.com\/cd\/?p=4516","og_locale":"pt_BR","og_type":"article","og_title":"Estado vai beneficiar 18 munic\u00edpios do Cariri com projetos voltados \u00e0 agricultura familiar - Not&iacute;cias em Destaque","og_description":"Um contrato firmado entre o Governo da Para\u00edba e o Projeto de Desenvolvimento Sustent\u00e1vel do Cariri, Sert\u00e3o e Curimata\u00fa (Procase), por meio da Empresa de Assist\u00eancia T\u00e9cnica e Extens\u00e3o Rural da Para\u00edba (Emater-PB), vai permitir a orienta\u00e7\u00e3o t\u00e9cnica continuada de um ano a 665 fam\u00edlias agricultoras em 18 munic\u00edpios do Cariri Ocidental do Estado. De acordo com o coordenador de Opera\u00e7\u00f5es da Emater, Alexandre Alfredo, s\u00e3o 26 projetos associativos das cadeias produtivas de caprinovinocultura, de apicultura e de artesanato e envolvem recursos da ordem de R$ 3,7 milh\u00f5es.\u00a0 O in\u00edcio dos trabalhos est\u00e1 previsto para a primeira quinzena de outubro.\u00a0 Segundo ele, os recursos investidos pelo Governo do Estado ir\u00e3o \u201cfomentar o fortalecimento da agricultura familiar na comercializa\u00e7\u00e3o de produtos industrializados e, com isso, gerar postos de trabalho, renda e qualidade de vida no meio rural\u201d, destacou. Entre outras a\u00e7\u00f5es a serem executadas est\u00e3o implanta\u00e7\u00e3o de po\u00e7os tubulares e artesianos, constru\u00e7\u00f5es de barragens subterr\u00e2neas com kit de irriga\u00e7\u00e3o, constru\u00e7\u00f5es de apriscos, aquisi\u00e7\u00e3o de m\u00e1quinas e implementos agr\u00edcolas, al\u00e9m da aquisi\u00e7\u00e3o de matrizes caprinas\u00a0 e ovinas, e ainda cursos de capacita\u00e7\u00e3o para artes\u00e3os . Os munic\u00edpios contemplados s\u00e3o Camala\u00fa, Livramento, Amparo, Serra Branca, Parari, Assun\u00e7\u00e3o, Coxixola, Monteiro, Ouro Velho, S\u00e3o Sebasti\u00e3o do Umbuzeiro, Zabel\u00ea, S\u00e3o Jo\u00e3o do Tigre, Prata, S\u00e3o Jos\u00e9 dos Cordeiros, Congo, Sum\u00e9 e Tapero\u00e1. Capacita\u00e7\u00e3o \u2013 Os 32 extensionistas que devem prestar assist\u00eancia t\u00e9cnica \u00e0s fam\u00edlias est\u00e3o participando de cursos de capacita\u00e7\u00e3o sobre toda a operacionaliza\u00e7\u00e3o dos projetos associativos. O primeiro encontro aconteceu nessa segunda-feira (18), na sede do Instituto de Terras e Planejamento (Interpa), e o pr\u00f3ximo ocorrer\u00e1 no per\u00edodo de 25 a 29 deste m\u00eas, em Sum\u00e9, no Cariri paraibano.","og_url":"https:\/\/noticiasemdestaque.com\/cd\/?p=4516","og_site_name":"Not&iacute;cias em Destaque","article_published_time":"2017-09-21T11:39:54+00:00","og_image":[{"width":480,"height":340,"url":"https:\/\/noticiasemdestaque.com\/cd\/wp-content\/uploads\/2017\/09\/Procase_Cariri.jpg","type":"image\/jpeg"}],"author":"Not\u00edcias em Destaque","twitter_card":"summary_large_image","twitter_misc":{"Escrito por":"Not\u00edcias em Destaque","Est. tempo de leitura":"2 minutos"},"schema":{"@context":"https:\/\/schema.org","@graph":[{"@type":"Article","@id":"https:\/\/noticiasemdestaque.com\/cd\/?p=4516#article","isPartOf":{"@id":"https:\/\/noticiasemdestaque.com\/cd\/?p=4516"},"author":{"name":"Not\u00edcias em Destaque","@id":"https:\/\/noticiasemdestaque.com\/cd\/#\/schema\/person\/21320b03a7e8bb90128938dafc9b908a"},"headline":"Estado vai beneficiar 18 munic\u00edpios do Cariri com projetos voltados \u00e0 agricultura familiar","datePublished":"2017-09-21T11:39:54+00:00","mainEntityOfPage":{"@id":"https:\/\/noticiasemdestaque.com\/cd\/?p=4516"},"wordCount":326,"publisher":{"@id":"https:\/\/noticiasemdestaque.com\/cd\/#organization"},"image":{"@id":"https:\/\/noticiasemdestaque.com\/cd\/?p=4516#primaryimage"},"thumbnailUrl":"https:\/\/noticiasemdestaque.com\/cd\/wp-content\/uploads\/2017\/09\/Procase_Cariri.jpg","articleSection":["Cidades"],"inLanguage":"pt-BR"},{"@type":"WebPage","@id":"https:\/\/noticiasemdestaque.com\/cd\/?p=4516","url":"https:\/\/noticiasemdestaque.com\/cd\/?p=4516","name":"Estado vai beneficiar 18 munic\u00edpios do Cariri com projetos voltados \u00e0 agricultura familiar - Not&iacute;cias em Destaque","isPartOf":{"@id":"https:\/\/noticiasemdestaque.com\/cd\/#website"},"primaryImageOfPage":{"@id":"https:\/\/noticiasemdestaque.com\/cd\/?p=4516#primaryimage"},"image":{"@id":"https:\/\/noticiasemdestaque.com\/cd\/?p=4516#primaryimage"},"thumbnailUrl":"https:\/\/noticiasemdestaque.com\/cd\/wp-content\/uploads\/2017\/09\/Procase_Cariri.jpg","datePublished":"2017-09-21T11:39:54+00:00","breadcrumb":{"@id":"https:\/\/noticiasemdestaque.com\/cd\/?p=4516#breadcrumb"},"inLanguage":"pt-BR","potentialAction":[{"@type":"ReadAction","target":["https:\/\/noticiasemdestaque.com\/cd\/?p=4516"]}]},{"@type":"ImageObject","inLanguage":"pt-BR","@id":"https:\/\/noticiasemdestaque.com\/cd\/?p=4516#primaryimage","url":"https:\/\/noticiasemdestaque.com\/cd\/wp-content\/uploads\/2017\/09\/Procase_Cariri.jpg","contentUrl":"https:\/\/noticiasemdestaque.com\/cd\/wp-content\/uploads\/2017\/09\/Procase_Cariri.jpg","width":480,"height":340},{"@type":"BreadcrumbList","@id":"https:\/\/noticiasemdestaque.com\/cd\/?p=4516#breadcrumb","itemListElement":[{"@type":"ListItem","position":1,"name":"In\u00edcio","item":"https:\/\/noticiasemdestaque.com\/cd\/"},{"@type":"ListItem","position":2,"name":"Estado vai beneficiar 18 munic\u00edpios do Cariri com projetos voltados \u00e0 agricultura familiar"}]},{"@type":"WebSite","@id":"https:\/\/noticiasemdestaque.com\/cd\/#website","url":"https:\/\/noticiasemdestaque.com\/cd\/","name":"Not&iacute;cias em Destaque","description":"","publisher":{"@id":"https:\/\/noticiasemdestaque.com\/cd\/#organization"},"potentialAction":[{"@type":"SearchAction","target":{"@type":"EntryPoint","urlTemplate":"https:\/\/noticiasemdestaque.com\/cd\/?s={search_term_string}"},"query-input":{"@type":"PropertyValueSpecification","valueRequired":true,"valueName":"search_term_string"}}],"inLanguage":"pt-BR"},{"@type":"Organization","@id":"https:\/\/noticiasemdestaque.com\/cd\/#organization","name":"Not\u00edcias em Destaque","url":"https:\/\/noticiasemdestaque.com\/cd\/","logo":{"@type":"ImageObject","inLanguage":"pt-BR","@id":"https:\/\/noticiasemdestaque.com\/cd\/#\/schema\/logo\/image\/","url":"https:\/\/noticiasemdestaque.com\/cd\/wp-content\/uploads\/2022\/05\/imagem-base-noticiasemdestaque.png","contentUrl":"https:\/\/noticiasemdestaque.com\/cd\/wp-content\/uploads\/2022\/05\/imagem-base-noticiasemdestaque.png","width":1200,"height":630,"caption":"Not\u00edcias em Destaque"},"image":{"@id":"https:\/\/noticiasemdestaque.com\/cd\/#\/schema\/logo\/image\/"}},{"@type":"Person","@id":"https:\/\/noticiasemdestaque.com\/cd\/#\/schema\/person\/21320b03a7e8bb90128938dafc9b908a","name":"Not\u00edcias em Destaque","url":"https:\/\/noticiasemdestaque.com\/cd\/?author=2"}]}},"jetpack_featured_media_url":"https:\/\/noticiasemdestaque.com\/cd\/wp-content\/uploads\/2017\/09\/Procase_Cariri.jpg","jetpack_sharing_enabled":true,"_links":{"self":[{"href":"https:\/\/noticiasemdestaque.com\/cd\/index.php?rest_route=\/wp\/v2\/posts\/4516","targetHints":{"allow":["GET"]}}],"collection":[{"href":"https:\/\/noticiasemdestaque.com\/cd\/index.php?rest_route=\/wp\/v2\/posts"}],"about":[{"href":"https:\/\/noticiasemdestaque.com\/cd\/index.php?rest_route=\/wp\/v2\/types\/post"}],"author":[{"embeddable":true,"href":"https:\/\/noticiasemdestaque.com\/cd\/index.php?rest_route=\/wp\/v2\/users\/2"}],"replies":[{"embeddable":true,"href":"https:\/\/noticiasemdestaque.com\/cd\/index.php?rest_route=%2Fwp%2Fv2%2Fcomments&post=4516"}],"version-history":[{"count":1,"href":"https:\/\/noticiasemdestaque.com\/cd\/index.php?rest_route=\/wp\/v2\/posts\/4516\/revisions"}],"predecessor-version":[{"id":4518,"href":"https:\/\/noticiasemdestaque.com\/cd\/index.php?rest_route=\/wp\/v2\/posts\/4516\/revisions\/4518"}],"wp:featuredmedia":[{"embeddable":true,"href":"https:\/\/noticiasemdestaque.com\/cd\/index.php?rest_route=\/wp\/v2\/media\/4517"}],"wp:attachment":[{"href":"https:\/\/noticiasemdestaque.com\/cd\/index.php?rest_route=%2Fwp%2Fv2%2Fmedia&parent=4516"}],"wp:term":[{"taxonomy":"category","embeddable":true,"href":"https:\/\/noticiasemdestaque.com\/cd\/index.php?rest_route=%2Fwp%2Fv2%2Fcategories&post=4516"},{"taxonomy":"post_tag","embeddable":true,"href":"https:\/\/noticiasemdestaque.com\/cd\/index.php?rest_route=%2Fwp%2Fv2%2Ftags&post=4516"}],"curies":[{"name":"wp","href":"https:\/\/api.w.org\/{rel}","templated":true}]}}