{"id":45154,"date":"2022-12-31T09:42:35","date_gmt":"2022-12-31T12:42:35","guid":{"rendered":"https:\/\/noticiasemdestaque.com\/cd\/?p=45154"},"modified":"2022-12-31T09:42:35","modified_gmt":"2022-12-31T12:42:35","slug":"morre-bento-xvi-primeiro-papa-a-reiniciar-pontificado-em-600-anos","status":"publish","type":"post","link":"https:\/\/noticiasemdestaque.com\/cd\/?p=45154","title":{"rendered":"Morre Bento XVI, primeiro papa a reiniciar pontificado em 600 anos"},"content":{"rendered":"<p><a href=\"https:\/\/noticiasemdestaque.com\/cd\/wp-content\/uploads\/2022\/12\/cq5dam.thumbnail.cropped.750.422.webp\"><img fetchpriority=\"high\" decoding=\"async\" class=\"alignnone  wp-image-45155\" src=\"https:\/\/noticiasemdestaque.com\/cd\/wp-content\/uploads\/2022\/12\/cq5dam.thumbnail.cropped.750.422-300x169.webp\" alt=\"\" width=\"1079\" height=\"608\" srcset=\"https:\/\/noticiasemdestaque.com\/cd\/wp-content\/uploads\/2022\/12\/cq5dam.thumbnail.cropped.750.422-300x169.webp 300w, https:\/\/noticiasemdestaque.com\/cd\/wp-content\/uploads\/2022\/12\/cq5dam.thumbnail.cropped.750.422-18x10.webp 18w, https:\/\/noticiasemdestaque.com\/cd\/wp-content\/uploads\/2022\/12\/cq5dam.thumbnail.cropped.750.422.webp 750w\" sizes=\"(max-width: 1079px) 100vw, 1079px\" \/><\/a><\/p>\n<p>Morreu na manh\u00e3 deste s\u00e1bado (31) o Papa Em\u00e9rito Bento XVI, aos 95 anos. O religioso tinha se submetido a um procedimento cir\u00fargico nos \u00faltimos dias devido a uma piora repentina de sa\u00fade.<\/p>\n<p>\u201c\u00c9 com pesar que informo que o Papa Em\u00e9rito Bento XVI faleceu hoje \u00e0s 9h34 no Mosteiro Mater Ecclesiae no Vaticano. Mais informa\u00e7\u00f5es ser\u00e3o fornecidas o mais breve poss\u00edvel\u201d, escreveu o perfil de not\u00edcias do Vaticano no Twitter.<\/p>\n<p>A sa\u00fade de Joseph Ratzinger vinha se debilitando nos \u00faltimos anos. O Vaticano havia dito nesta sexta-feira (30) em um comunicado sua condi\u00e7\u00e3o era grave, mas est\u00e1vel, com aten\u00e7\u00e3o m\u00e9dica constante. Desde a ren\u00fancia, em 10 de fevereiro de 2013, o te\u00f3logo alem\u00e3o vivia em um pequeno mosteiro no Vaticano.<\/p>\n<p>Embora o gesto mais marcante de seu pontificado tenha sido a pr\u00f3pria ren\u00fancia, os quase oito anos no comando da Igreja Cat\u00f3lica tamb\u00e9m foram marcados por textos teol\u00f3gicos de f\u00f4lego, uma linha conservadora nas quest\u00f5es morais, e esc\u00e2ndalos de disputas pol\u00edticas e vazamentos de documentos do Vaticano \u2013 os chamados Vatileaks.<\/p>\n<p>\u201cHouve tempos dif\u00edceis, mas sempre Deus me guiou e me ajudou a sair, de modo que eu pudesse continuar o meu caminho\u201d, disse Ratzinger no seu anivers\u00e1rio de 90 anos, j\u00e1 aposentado.<\/p>\n<p><strong>Noticias em Destaque<\/strong><\/p>\n<p style=\"text-align: right;\"><em>Fonte: MaisPB com G1<\/em><\/p>\n","protected":false},"excerpt":{"rendered":"<p>Morreu na manh\u00e3 deste s\u00e1bado (31) o Papa Em\u00e9rito Bento XVI, aos 95 anos. O religioso tinha se submetido a um procedimento cir\u00fargico nos \u00faltimos dias devido a uma piora repentina de sa\u00fade. \u201c\u00c9 com pesar que informo que o Papa Em\u00e9rito Bento XVI faleceu hoje \u00e0s 9h34 no Mosteiro Mater Ecclesiae no Vaticano. Mais informa\u00e7\u00f5es ser\u00e3o fornecidas o mais breve poss\u00edvel\u201d, escreveu o perfil de not\u00edcias do Vaticano no Twitter. A sa\u00fade de Joseph Ratzinger vinha se debilitando nos \u00faltimos anos. O Vaticano havia dito nesta sexta-feira (30) em um comunicado sua condi\u00e7\u00e3o era grave, mas est\u00e1vel, com aten\u00e7\u00e3o m\u00e9dica constante. Desde a ren\u00fancia, em 10 de fevereiro de 2013, o te\u00f3logo alem\u00e3o vivia em um pequeno mosteiro no Vaticano. Embora o gesto mais marcante de seu pontificado tenha sido a pr\u00f3pria ren\u00fancia, os quase oito anos no comando da Igreja Cat\u00f3lica tamb\u00e9m foram marcados por textos teol\u00f3gicos de f\u00f4lego, uma linha conservadora nas quest\u00f5es morais, e esc\u00e2ndalos de disputas pol\u00edticas e vazamentos de documentos do Vaticano \u2013 os chamados Vatileaks. \u201cHouve tempos dif\u00edceis, mas sempre Deus me guiou e me ajudou a sair, de modo que eu pudesse continuar o meu caminho\u201d, disse Ratzinger no seu anivers\u00e1rio de 90 anos, j\u00e1 aposentado. Noticias em Destaque Fonte: MaisPB com G1<\/p>\n","protected":false},"author":2,"featured_media":45155,"comment_status":"closed","ping_status":"open","sticky":false,"template":"","format":"standard","meta":{"_eb_attr":"","_jetpack_memberships_contains_paid_content":false,"footnotes":""},"categories":[12],"tags":[],"class_list":["post-45154","post","type-post","status-publish","format-standard","has-post-thumbnail","hentry","category-geral"],"yoast_head":"<!-- This site is optimized with the Yoast SEO plugin v26.5 - https:\/\/yoast.com\/wordpress\/plugins\/seo\/ -->\n<title>Morre Bento XVI, primeiro papa a reiniciar pontificado em 600 anos - Not&iacute;cias em Destaque<\/title>\n<meta name=\"robots\" content=\"index, follow, max-snippet:-1, max-image-preview:large, max-video-preview:-1\" \/>\n<link rel=\"canonical\" href=\"https:\/\/noticiasemdestaque.com\/cd\/?p=45154\" \/>\n<meta property=\"og:locale\" content=\"pt_BR\" \/>\n<meta property=\"og:type\" content=\"article\" \/>\n<meta property=\"og:title\" content=\"Morre Bento XVI, primeiro papa a reiniciar pontificado em 600 anos - Not&iacute;cias em Destaque\" \/>\n<meta property=\"og:description\" content=\"Morreu na manh\u00e3 deste s\u00e1bado (31) o Papa Em\u00e9rito Bento XVI, aos 95 anos. O religioso tinha se submetido a um procedimento cir\u00fargico nos \u00faltimos dias devido a uma piora repentina de sa\u00fade. \u201c\u00c9 com pesar que informo que o Papa Em\u00e9rito Bento XVI faleceu hoje \u00e0s 9h34 no Mosteiro Mater Ecclesiae no Vaticano. Mais informa\u00e7\u00f5es ser\u00e3o fornecidas o mais breve poss\u00edvel\u201d, escreveu o perfil de not\u00edcias do Vaticano no Twitter. A sa\u00fade de Joseph Ratzinger vinha se debilitando nos \u00faltimos anos. O Vaticano havia dito nesta sexta-feira (30) em um comunicado sua condi\u00e7\u00e3o era grave, mas est\u00e1vel, com aten\u00e7\u00e3o m\u00e9dica constante. Desde a ren\u00fancia, em 10 de fevereiro de 2013, o te\u00f3logo alem\u00e3o vivia em um pequeno mosteiro no Vaticano. Embora o gesto mais marcante de seu pontificado tenha sido a pr\u00f3pria ren\u00fancia, os quase oito anos no comando da Igreja Cat\u00f3lica tamb\u00e9m foram marcados por textos teol\u00f3gicos de f\u00f4lego, uma linha conservadora nas quest\u00f5es morais, e esc\u00e2ndalos de disputas pol\u00edticas e vazamentos de documentos do Vaticano \u2013 os chamados Vatileaks. \u201cHouve tempos dif\u00edceis, mas sempre Deus me guiou e me ajudou a sair, de modo que eu pudesse continuar o meu caminho\u201d, disse Ratzinger no seu anivers\u00e1rio de 90 anos, j\u00e1 aposentado. Noticias em Destaque Fonte: MaisPB com G1\" \/>\n<meta property=\"og:url\" content=\"https:\/\/noticiasemdestaque.com\/cd\/?p=45154\" \/>\n<meta property=\"og:site_name\" content=\"Not&iacute;cias em Destaque\" \/>\n<meta property=\"article:published_time\" content=\"2022-12-31T12:42:35+00:00\" \/>\n<meta property=\"og:image\" content=\"https:\/\/noticiasemdestaque.com\/cd\/wp-content\/uploads\/2022\/12\/cq5dam.thumbnail.cropped.750.422.webp\" \/>\n\t<meta property=\"og:image:width\" content=\"750\" \/>\n\t<meta property=\"og:image:height\" content=\"422\" \/>\n\t<meta property=\"og:image:type\" content=\"image\/webp\" \/>\n<meta name=\"author\" content=\"Not\u00edcias em Destaque\" \/>\n<meta name=\"twitter:card\" content=\"summary_large_image\" \/>\n<meta name=\"twitter:label1\" content=\"Escrito por\" \/>\n\t<meta name=\"twitter:data1\" content=\"Not\u00edcias em Destaque\" \/>\n\t<meta name=\"twitter:label2\" content=\"Est. tempo de leitura\" \/>\n\t<meta name=\"twitter:data2\" content=\"2 minutos\" \/>\n<script type=\"application\/ld+json\" class=\"yoast-schema-graph\">{\"@context\":\"https:\/\/schema.org\",\"@graph\":[{\"@type\":\"Article\",\"@id\":\"https:\/\/noticiasemdestaque.com\/cd\/?p=45154#article\",\"isPartOf\":{\"@id\":\"https:\/\/noticiasemdestaque.com\/cd\/?p=45154\"},\"author\":{\"name\":\"Not\u00edcias em Destaque\",\"@id\":\"https:\/\/noticiasemdestaque.com\/cd\/#\/schema\/person\/47f7d4f55eec17c6b2ca036c5500f6ce\"},\"headline\":\"Morre Bento XVI, primeiro papa a reiniciar pontificado em 600 anos\",\"datePublished\":\"2022-12-31T12:42:35+00:00\",\"mainEntityOfPage\":{\"@id\":\"https:\/\/noticiasemdestaque.com\/cd\/?p=45154\"},\"wordCount\":241,\"publisher\":{\"@id\":\"https:\/\/noticiasemdestaque.com\/cd\/#organization\"},\"image\":{\"@id\":\"https:\/\/noticiasemdestaque.com\/cd\/?p=45154#primaryimage\"},\"thumbnailUrl\":\"https:\/\/noticiasemdestaque.com\/cd\/wp-content\/uploads\/2022\/12\/cq5dam.thumbnail.cropped.750.422.webp\",\"articleSection\":[\"Geral\"],\"inLanguage\":\"pt-BR\"},{\"@type\":\"WebPage\",\"@id\":\"https:\/\/noticiasemdestaque.com\/cd\/?p=45154\",\"url\":\"https:\/\/noticiasemdestaque.com\/cd\/?p=45154\",\"name\":\"Morre Bento XVI, primeiro papa a reiniciar pontificado em 600 anos - Not&iacute;cias em Destaque\",\"isPartOf\":{\"@id\":\"https:\/\/noticiasemdestaque.com\/cd\/#website\"},\"primaryImageOfPage\":{\"@id\":\"https:\/\/noticiasemdestaque.com\/cd\/?p=45154#primaryimage\"},\"image\":{\"@id\":\"https:\/\/noticiasemdestaque.com\/cd\/?p=45154#primaryimage\"},\"thumbnailUrl\":\"https:\/\/noticiasemdestaque.com\/cd\/wp-content\/uploads\/2022\/12\/cq5dam.thumbnail.cropped.750.422.webp\",\"datePublished\":\"2022-12-31T12:42:35+00:00\",\"breadcrumb\":{\"@id\":\"https:\/\/noticiasemdestaque.com\/cd\/?p=45154#breadcrumb\"},\"inLanguage\":\"pt-BR\",\"potentialAction\":[{\"@type\":\"ReadAction\",\"target\":[\"https:\/\/noticiasemdestaque.com\/cd\/?p=45154\"]}]},{\"@type\":\"ImageObject\",\"inLanguage\":\"pt-BR\",\"@id\":\"https:\/\/noticiasemdestaque.com\/cd\/?p=45154#primaryimage\",\"url\":\"https:\/\/noticiasemdestaque.com\/cd\/wp-content\/uploads\/2022\/12\/cq5dam.thumbnail.cropped.750.422.webp\",\"contentUrl\":\"https:\/\/noticiasemdestaque.com\/cd\/wp-content\/uploads\/2022\/12\/cq5dam.thumbnail.cropped.750.422.webp\",\"width\":750,\"height\":422},{\"@type\":\"BreadcrumbList\",\"@id\":\"https:\/\/noticiasemdestaque.com\/cd\/?p=45154#breadcrumb\",\"itemListElement\":[{\"@type\":\"ListItem\",\"position\":1,\"name\":\"In\u00edcio\",\"item\":\"https:\/\/noticiasemdestaque.com\/cd\/\"},{\"@type\":\"ListItem\",\"position\":2,\"name\":\"Morre Bento XVI, primeiro papa a reiniciar pontificado em 600 anos\"}]},{\"@type\":\"WebSite\",\"@id\":\"https:\/\/noticiasemdestaque.com\/cd\/#website\",\"url\":\"https:\/\/noticiasemdestaque.com\/cd\/\",\"name\":\"Not&iacute;cias em Destaque\",\"description\":\"\",\"publisher\":{\"@id\":\"https:\/\/noticiasemdestaque.com\/cd\/#organization\"},\"potentialAction\":[{\"@type\":\"SearchAction\",\"target\":{\"@type\":\"EntryPoint\",\"urlTemplate\":\"https:\/\/noticiasemdestaque.com\/cd\/?s={search_term_string}\"},\"query-input\":{\"@type\":\"PropertyValueSpecification\",\"valueRequired\":true,\"valueName\":\"search_term_string\"}}],\"inLanguage\":\"pt-BR\"},{\"@type\":\"Organization\",\"@id\":\"https:\/\/noticiasemdestaque.com\/cd\/#organization\",\"name\":\"Not\u00edcias em Destaque\",\"url\":\"https:\/\/noticiasemdestaque.com\/cd\/\",\"logo\":{\"@type\":\"ImageObject\",\"inLanguage\":\"pt-BR\",\"@id\":\"https:\/\/noticiasemdestaque.com\/cd\/#\/schema\/logo\/image\/\",\"url\":\"https:\/\/noticiasemdestaque.com\/cd\/wp-content\/uploads\/2022\/05\/imagem-base-noticiasemdestaque.png\",\"contentUrl\":\"https:\/\/noticiasemdestaque.com\/cd\/wp-content\/uploads\/2022\/05\/imagem-base-noticiasemdestaque.png\",\"width\":1200,\"height\":630,\"caption\":\"Not\u00edcias em Destaque\"},\"image\":{\"@id\":\"https:\/\/noticiasemdestaque.com\/cd\/#\/schema\/logo\/image\/\"}},{\"@type\":\"Person\",\"@id\":\"https:\/\/noticiasemdestaque.com\/cd\/#\/schema\/person\/47f7d4f55eec17c6b2ca036c5500f6ce\",\"name\":\"Not\u00edcias em Destaque\",\"url\":\"https:\/\/noticiasemdestaque.com\/cd\/?author=2\"}]}<\/script>\n<!-- \/ Yoast SEO plugin. -->","yoast_head_json":{"title":"Morre Bento XVI, primeiro papa a reiniciar pontificado em 600 anos - Not&iacute;cias em Destaque","robots":{"index":"index","follow":"follow","max-snippet":"max-snippet:-1","max-image-preview":"max-image-preview:large","max-video-preview":"max-video-preview:-1"},"canonical":"https:\/\/noticiasemdestaque.com\/cd\/?p=45154","og_locale":"pt_BR","og_type":"article","og_title":"Morre Bento XVI, primeiro papa a reiniciar pontificado em 600 anos - Not&iacute;cias em Destaque","og_description":"Morreu na manh\u00e3 deste s\u00e1bado (31) o Papa Em\u00e9rito Bento XVI, aos 95 anos. O religioso tinha se submetido a um procedimento cir\u00fargico nos \u00faltimos dias devido a uma piora repentina de sa\u00fade. \u201c\u00c9 com pesar que informo que o Papa Em\u00e9rito Bento XVI faleceu hoje \u00e0s 9h34 no Mosteiro Mater Ecclesiae no Vaticano. Mais informa\u00e7\u00f5es ser\u00e3o fornecidas o mais breve poss\u00edvel\u201d, escreveu o perfil de not\u00edcias do Vaticano no Twitter. A sa\u00fade de Joseph Ratzinger vinha se debilitando nos \u00faltimos anos. O Vaticano havia dito nesta sexta-feira (30) em um comunicado sua condi\u00e7\u00e3o era grave, mas est\u00e1vel, com aten\u00e7\u00e3o m\u00e9dica constante. Desde a ren\u00fancia, em 10 de fevereiro de 2013, o te\u00f3logo alem\u00e3o vivia em um pequeno mosteiro no Vaticano. Embora o gesto mais marcante de seu pontificado tenha sido a pr\u00f3pria ren\u00fancia, os quase oito anos no comando da Igreja Cat\u00f3lica tamb\u00e9m foram marcados por textos teol\u00f3gicos de f\u00f4lego, uma linha conservadora nas quest\u00f5es morais, e esc\u00e2ndalos de disputas pol\u00edticas e vazamentos de documentos do Vaticano \u2013 os chamados Vatileaks. \u201cHouve tempos dif\u00edceis, mas sempre Deus me guiou e me ajudou a sair, de modo que eu pudesse continuar o meu caminho\u201d, disse Ratzinger no seu anivers\u00e1rio de 90 anos, j\u00e1 aposentado. Noticias em Destaque Fonte: MaisPB com G1","og_url":"https:\/\/noticiasemdestaque.com\/cd\/?p=45154","og_site_name":"Not&iacute;cias em Destaque","article_published_time":"2022-12-31T12:42:35+00:00","og_image":[{"width":750,"height":422,"url":"https:\/\/noticiasemdestaque.com\/cd\/wp-content\/uploads\/2022\/12\/cq5dam.thumbnail.cropped.750.422.webp","type":"image\/webp"}],"author":"Not\u00edcias em Destaque","twitter_card":"summary_large_image","twitter_misc":{"Escrito por":"Not\u00edcias em Destaque","Est. tempo de leitura":"2 minutos"},"schema":{"@context":"https:\/\/schema.org","@graph":[{"@type":"Article","@id":"https:\/\/noticiasemdestaque.com\/cd\/?p=45154#article","isPartOf":{"@id":"https:\/\/noticiasemdestaque.com\/cd\/?p=45154"},"author":{"name":"Not\u00edcias em Destaque","@id":"https:\/\/noticiasemdestaque.com\/cd\/#\/schema\/person\/47f7d4f55eec17c6b2ca036c5500f6ce"},"headline":"Morre Bento XVI, primeiro papa a reiniciar pontificado em 600 anos","datePublished":"2022-12-31T12:42:35+00:00","mainEntityOfPage":{"@id":"https:\/\/noticiasemdestaque.com\/cd\/?p=45154"},"wordCount":241,"publisher":{"@id":"https:\/\/noticiasemdestaque.com\/cd\/#organization"},"image":{"@id":"https:\/\/noticiasemdestaque.com\/cd\/?p=45154#primaryimage"},"thumbnailUrl":"https:\/\/noticiasemdestaque.com\/cd\/wp-content\/uploads\/2022\/12\/cq5dam.thumbnail.cropped.750.422.webp","articleSection":["Geral"],"inLanguage":"pt-BR"},{"@type":"WebPage","@id":"https:\/\/noticiasemdestaque.com\/cd\/?p=45154","url":"https:\/\/noticiasemdestaque.com\/cd\/?p=45154","name":"Morre Bento XVI, primeiro papa a reiniciar pontificado em 600 anos - Not&iacute;cias em Destaque","isPartOf":{"@id":"https:\/\/noticiasemdestaque.com\/cd\/#website"},"primaryImageOfPage":{"@id":"https:\/\/noticiasemdestaque.com\/cd\/?p=45154#primaryimage"},"image":{"@id":"https:\/\/noticiasemdestaque.com\/cd\/?p=45154#primaryimage"},"thumbnailUrl":"https:\/\/noticiasemdestaque.com\/cd\/wp-content\/uploads\/2022\/12\/cq5dam.thumbnail.cropped.750.422.webp","datePublished":"2022-12-31T12:42:35+00:00","breadcrumb":{"@id":"https:\/\/noticiasemdestaque.com\/cd\/?p=45154#breadcrumb"},"inLanguage":"pt-BR","potentialAction":[{"@type":"ReadAction","target":["https:\/\/noticiasemdestaque.com\/cd\/?p=45154"]}]},{"@type":"ImageObject","inLanguage":"pt-BR","@id":"https:\/\/noticiasemdestaque.com\/cd\/?p=45154#primaryimage","url":"https:\/\/noticiasemdestaque.com\/cd\/wp-content\/uploads\/2022\/12\/cq5dam.thumbnail.cropped.750.422.webp","contentUrl":"https:\/\/noticiasemdestaque.com\/cd\/wp-content\/uploads\/2022\/12\/cq5dam.thumbnail.cropped.750.422.webp","width":750,"height":422},{"@type":"BreadcrumbList","@id":"https:\/\/noticiasemdestaque.com\/cd\/?p=45154#breadcrumb","itemListElement":[{"@type":"ListItem","position":1,"name":"In\u00edcio","item":"https:\/\/noticiasemdestaque.com\/cd\/"},{"@type":"ListItem","position":2,"name":"Morre Bento XVI, primeiro papa a reiniciar pontificado em 600 anos"}]},{"@type":"WebSite","@id":"https:\/\/noticiasemdestaque.com\/cd\/#website","url":"https:\/\/noticiasemdestaque.com\/cd\/","name":"Not&iacute;cias em Destaque","description":"","publisher":{"@id":"https:\/\/noticiasemdestaque.com\/cd\/#organization"},"potentialAction":[{"@type":"SearchAction","target":{"@type":"EntryPoint","urlTemplate":"https:\/\/noticiasemdestaque.com\/cd\/?s={search_term_string}"},"query-input":{"@type":"PropertyValueSpecification","valueRequired":true,"valueName":"search_term_string"}}],"inLanguage":"pt-BR"},{"@type":"Organization","@id":"https:\/\/noticiasemdestaque.com\/cd\/#organization","name":"Not\u00edcias em Destaque","url":"https:\/\/noticiasemdestaque.com\/cd\/","logo":{"@type":"ImageObject","inLanguage":"pt-BR","@id":"https:\/\/noticiasemdestaque.com\/cd\/#\/schema\/logo\/image\/","url":"https:\/\/noticiasemdestaque.com\/cd\/wp-content\/uploads\/2022\/05\/imagem-base-noticiasemdestaque.png","contentUrl":"https:\/\/noticiasemdestaque.com\/cd\/wp-content\/uploads\/2022\/05\/imagem-base-noticiasemdestaque.png","width":1200,"height":630,"caption":"Not\u00edcias em Destaque"},"image":{"@id":"https:\/\/noticiasemdestaque.com\/cd\/#\/schema\/logo\/image\/"}},{"@type":"Person","@id":"https:\/\/noticiasemdestaque.com\/cd\/#\/schema\/person\/47f7d4f55eec17c6b2ca036c5500f6ce","name":"Not\u00edcias em Destaque","url":"https:\/\/noticiasemdestaque.com\/cd\/?author=2"}]}},"jetpack_featured_media_url":"https:\/\/noticiasemdestaque.com\/cd\/wp-content\/uploads\/2022\/12\/cq5dam.thumbnail.cropped.750.422.webp","jetpack_sharing_enabled":true,"_links":{"self":[{"href":"https:\/\/noticiasemdestaque.com\/cd\/index.php?rest_route=\/wp\/v2\/posts\/45154","targetHints":{"allow":["GET"]}}],"collection":[{"href":"https:\/\/noticiasemdestaque.com\/cd\/index.php?rest_route=\/wp\/v2\/posts"}],"about":[{"href":"https:\/\/noticiasemdestaque.com\/cd\/index.php?rest_route=\/wp\/v2\/types\/post"}],"author":[{"embeddable":true,"href":"https:\/\/noticiasemdestaque.com\/cd\/index.php?rest_route=\/wp\/v2\/users\/2"}],"replies":[{"embeddable":true,"href":"https:\/\/noticiasemdestaque.com\/cd\/index.php?rest_route=%2Fwp%2Fv2%2Fcomments&post=45154"}],"version-history":[{"count":1,"href":"https:\/\/noticiasemdestaque.com\/cd\/index.php?rest_route=\/wp\/v2\/posts\/45154\/revisions"}],"predecessor-version":[{"id":45156,"href":"https:\/\/noticiasemdestaque.com\/cd\/index.php?rest_route=\/wp\/v2\/posts\/45154\/revisions\/45156"}],"wp:featuredmedia":[{"embeddable":true,"href":"https:\/\/noticiasemdestaque.com\/cd\/index.php?rest_route=\/wp\/v2\/media\/45155"}],"wp:attachment":[{"href":"https:\/\/noticiasemdestaque.com\/cd\/index.php?rest_route=%2Fwp%2Fv2%2Fmedia&parent=45154"}],"wp:term":[{"taxonomy":"category","embeddable":true,"href":"https:\/\/noticiasemdestaque.com\/cd\/index.php?rest_route=%2Fwp%2Fv2%2Fcategories&post=45154"},{"taxonomy":"post_tag","embeddable":true,"href":"https:\/\/noticiasemdestaque.com\/cd\/index.php?rest_route=%2Fwp%2Fv2%2Ftags&post=45154"}],"curies":[{"name":"wp","href":"https:\/\/api.w.org\/{rel}","templated":true}]}}