{"id":45151,"date":"2022-12-30T19:40:59","date_gmt":"2022-12-30T22:40:59","guid":{"rendered":"https:\/\/noticiasemdestaque.com\/cd\/?p=45151"},"modified":"2022-12-30T19:41:27","modified_gmt":"2022-12-30T22:41:27","slug":"vereador-daniel-lela-sera-empossado-como-novo-presidente-do-legislativo-sumeense","status":"publish","type":"post","link":"https:\/\/noticiasemdestaque.com\/cd\/?p=45151","title":{"rendered":"Vereador Daniel L\u00eala ser\u00e1 empossado como novo presidente do Legislativo sumeense"},"content":{"rendered":"<p><a href=\"https:\/\/noticiasemdestaque.com\/cd\/wp-content\/uploads\/2022\/12\/323281099_878093966771947_40767811676040835_n.jpg\"><img fetchpriority=\"high\" decoding=\"async\" class=\"size-medium wp-image-45152 aligncenter\" src=\"https:\/\/noticiasemdestaque.com\/cd\/wp-content\/uploads\/2022\/12\/323281099_878093966771947_40767811676040835_n-240x300.jpg\" alt=\"\" width=\"240\" height=\"300\" srcset=\"https:\/\/noticiasemdestaque.com\/cd\/wp-content\/uploads\/2022\/12\/323281099_878093966771947_40767811676040835_n-240x300.jpg 240w, https:\/\/noticiasemdestaque.com\/cd\/wp-content\/uploads\/2022\/12\/323281099_878093966771947_40767811676040835_n-819x1024.jpg 819w, https:\/\/noticiasemdestaque.com\/cd\/wp-content\/uploads\/2022\/12\/323281099_878093966771947_40767811676040835_n-768x960.jpg 768w, https:\/\/noticiasemdestaque.com\/cd\/wp-content\/uploads\/2022\/12\/323281099_878093966771947_40767811676040835_n-10x12.jpg 10w, https:\/\/noticiasemdestaque.com\/cd\/wp-content\/uploads\/2022\/12\/323281099_878093966771947_40767811676040835_n.jpg 1024w\" sizes=\"(max-width: 240px) 100vw, 240px\" \/><\/a><\/p>\n<p>Neste domingo dia 1\u00ba de janeiro de 2023, o vereador Daniel L\u00eala, estar\u00e1 assumindo o Poder Legislativo de Sum\u00e9 para o bi\u00eanio 2023\/2024.<\/p>\n<p>A cerim\u00f4nia de posse acontecer\u00e1 no plen\u00e1rio da C\u00e2mara Municipal com in\u00edcio previsto para \u00e0s 16h.<\/p>\n<p>Composi\u00e7\u00e3o da Mesa Diretora para o bi\u00eanio 2023\/2024:<\/p>\n<p>Daniel L\u00eala-Presidente<\/p>\n<p>Francisco Fontenele-Vice-presidente<\/p>\n<p>Le\u00f4nidas Albino-Primeiro secret\u00e1rio.<\/p>\n<p>Al\u00e9m dos vereadores, a sess\u00e3o contar\u00e1 com a presen\u00e7a do prefeito \u00c9den Duarte, vice-prefeito Manezinho Louren\u00e7o, secret\u00e1rios municipais, convidados e funcion\u00e1rios.<\/p>\n<p>Daniel L\u00eala falou da expectativa de assumir os destinos do Poder Legislativo. \u201cPretendemos fazer uma gest\u00e3o com transpar\u00eancia e acima de tudo participativa, na esperan\u00e7a de poder atender os anseios da comunidade e manter uma parceria de uni\u00e3o, cordialidade e entendimentos com os demais pares\u201d, afirmou o vereador.<\/p>\n<p>A solenidade ser\u00e1 aberta \u00e0 popula\u00e7\u00e3o, com transmiss\u00e3o ao vivo pelas redes sociais da Casa.<\/p>\n<p>Ascom\/C\u00e2mara<\/p>\n","protected":false},"excerpt":{"rendered":"<p>Neste domingo dia 1\u00ba de janeiro de 2023, o vereador Daniel L\u00eala, estar\u00e1 assumindo o Poder Legislativo de Sum\u00e9 para o bi\u00eanio 2023\/2024. A cerim\u00f4nia de posse acontecer\u00e1 no plen\u00e1rio da C\u00e2mara Municipal com in\u00edcio previsto para \u00e0s 16h. Composi\u00e7\u00e3o da Mesa Diretora para o bi\u00eanio 2023\/2024: Daniel L\u00eala-Presidente Francisco Fontenele-Vice-presidente Le\u00f4nidas Albino-Primeiro secret\u00e1rio. Al\u00e9m dos vereadores, a sess\u00e3o contar\u00e1 com a presen\u00e7a do prefeito \u00c9den Duarte, vice-prefeito Manezinho Louren\u00e7o, secret\u00e1rios municipais, convidados e funcion\u00e1rios. Daniel L\u00eala falou da expectativa de assumir os destinos do Poder Legislativo. \u201cPretendemos fazer uma gest\u00e3o com transpar\u00eancia e acima de tudo participativa, na esperan\u00e7a de poder atender os anseios da comunidade e manter uma parceria de uni\u00e3o, cordialidade e entendimentos com os demais pares\u201d, afirmou o vereador. A solenidade ser\u00e1 aberta \u00e0 popula\u00e7\u00e3o, com transmiss\u00e3o ao vivo pelas redes sociais da Casa. Ascom\/C\u00e2mara<\/p>\n","protected":false},"author":2,"featured_media":45152,"comment_status":"closed","ping_status":"open","sticky":false,"template":"","format":"standard","meta":{"_eb_attr":"","_jetpack_memberships_contains_paid_content":false,"footnotes":""},"categories":[4],"tags":[],"class_list":["post-45151","post","type-post","status-publish","format-standard","has-post-thumbnail","hentry","category-politica"],"yoast_head":"<!-- This site is optimized with the Yoast SEO plugin v26.5 - https:\/\/yoast.com\/wordpress\/plugins\/seo\/ -->\n<title>Vereador Daniel L\u00eala ser\u00e1 empossado como novo presidente do Legislativo sumeense - Not&iacute;cias em Destaque<\/title>\n<meta name=\"robots\" content=\"index, follow, max-snippet:-1, max-image-preview:large, max-video-preview:-1\" \/>\n<link rel=\"canonical\" href=\"https:\/\/noticiasemdestaque.com\/cd\/?p=45151\" \/>\n<meta property=\"og:locale\" content=\"pt_BR\" \/>\n<meta property=\"og:type\" content=\"article\" \/>\n<meta property=\"og:title\" content=\"Vereador Daniel L\u00eala ser\u00e1 empossado como novo presidente do Legislativo sumeense - Not&iacute;cias em Destaque\" \/>\n<meta property=\"og:description\" content=\"Neste domingo dia 1\u00ba de janeiro de 2023, o vereador Daniel L\u00eala, estar\u00e1 assumindo o Poder Legislativo de Sum\u00e9 para o bi\u00eanio 2023\/2024. A cerim\u00f4nia de posse acontecer\u00e1 no plen\u00e1rio da C\u00e2mara Municipal com in\u00edcio previsto para \u00e0s 16h. Composi\u00e7\u00e3o da Mesa Diretora para o bi\u00eanio 2023\/2024: Daniel L\u00eala-Presidente Francisco Fontenele-Vice-presidente Le\u00f4nidas Albino-Primeiro secret\u00e1rio. Al\u00e9m dos vereadores, a sess\u00e3o contar\u00e1 com a presen\u00e7a do prefeito \u00c9den Duarte, vice-prefeito Manezinho Louren\u00e7o, secret\u00e1rios municipais, convidados e funcion\u00e1rios. Daniel L\u00eala falou da expectativa de assumir os destinos do Poder Legislativo. \u201cPretendemos fazer uma gest\u00e3o com transpar\u00eancia e acima de tudo participativa, na esperan\u00e7a de poder atender os anseios da comunidade e manter uma parceria de uni\u00e3o, cordialidade e entendimentos com os demais pares\u201d, afirmou o vereador. A solenidade ser\u00e1 aberta \u00e0 popula\u00e7\u00e3o, com transmiss\u00e3o ao vivo pelas redes sociais da Casa. Ascom\/C\u00e2mara\" \/>\n<meta property=\"og:url\" content=\"https:\/\/noticiasemdestaque.com\/cd\/?p=45151\" \/>\n<meta property=\"og:site_name\" content=\"Not&iacute;cias em Destaque\" \/>\n<meta property=\"article:published_time\" content=\"2022-12-30T22:40:59+00:00\" \/>\n<meta property=\"article:modified_time\" content=\"2022-12-30T22:41:27+00:00\" \/>\n<meta property=\"og:image\" content=\"https:\/\/noticiasemdestaque.com\/cd\/wp-content\/uploads\/2022\/12\/323281099_878093966771947_40767811676040835_n.jpg\" \/>\n\t<meta property=\"og:image:width\" content=\"1024\" \/>\n\t<meta property=\"og:image:height\" content=\"1280\" \/>\n\t<meta property=\"og:image:type\" content=\"image\/jpeg\" \/>\n<meta name=\"author\" content=\"Not\u00edcias em Destaque\" \/>\n<meta name=\"twitter:card\" content=\"summary_large_image\" \/>\n<meta name=\"twitter:label1\" content=\"Escrito por\" \/>\n\t<meta name=\"twitter:data1\" content=\"Not\u00edcias em Destaque\" \/>\n\t<meta name=\"twitter:label2\" content=\"Est. tempo de leitura\" \/>\n\t<meta name=\"twitter:data2\" content=\"1 minuto\" \/>\n<script type=\"application\/ld+json\" class=\"yoast-schema-graph\">{\"@context\":\"https:\/\/schema.org\",\"@graph\":[{\"@type\":\"Article\",\"@id\":\"https:\/\/noticiasemdestaque.com\/cd\/?p=45151#article\",\"isPartOf\":{\"@id\":\"https:\/\/noticiasemdestaque.com\/cd\/?p=45151\"},\"author\":{\"name\":\"Not\u00edcias em Destaque\",\"@id\":\"https:\/\/noticiasemdestaque.com\/cd\/#\/schema\/person\/47f7d4f55eec17c6b2ca036c5500f6ce\"},\"headline\":\"Vereador Daniel L\u00eala ser\u00e1 empossado como novo presidente do Legislativo sumeense\",\"datePublished\":\"2022-12-30T22:40:59+00:00\",\"dateModified\":\"2022-12-30T22:41:27+00:00\",\"mainEntityOfPage\":{\"@id\":\"https:\/\/noticiasemdestaque.com\/cd\/?p=45151\"},\"wordCount\":172,\"publisher\":{\"@id\":\"https:\/\/noticiasemdestaque.com\/cd\/#organization\"},\"image\":{\"@id\":\"https:\/\/noticiasemdestaque.com\/cd\/?p=45151#primaryimage\"},\"thumbnailUrl\":\"https:\/\/noticiasemdestaque.com\/cd\/wp-content\/uploads\/2022\/12\/323281099_878093966771947_40767811676040835_n.jpg\",\"articleSection\":[\"Pol\u00edtica\"],\"inLanguage\":\"pt-BR\"},{\"@type\":\"WebPage\",\"@id\":\"https:\/\/noticiasemdestaque.com\/cd\/?p=45151\",\"url\":\"https:\/\/noticiasemdestaque.com\/cd\/?p=45151\",\"name\":\"Vereador Daniel L\u00eala ser\u00e1 empossado como novo presidente do Legislativo sumeense - Not&iacute;cias em Destaque\",\"isPartOf\":{\"@id\":\"https:\/\/noticiasemdestaque.com\/cd\/#website\"},\"primaryImageOfPage\":{\"@id\":\"https:\/\/noticiasemdestaque.com\/cd\/?p=45151#primaryimage\"},\"image\":{\"@id\":\"https:\/\/noticiasemdestaque.com\/cd\/?p=45151#primaryimage\"},\"thumbnailUrl\":\"https:\/\/noticiasemdestaque.com\/cd\/wp-content\/uploads\/2022\/12\/323281099_878093966771947_40767811676040835_n.jpg\",\"datePublished\":\"2022-12-30T22:40:59+00:00\",\"dateModified\":\"2022-12-30T22:41:27+00:00\",\"breadcrumb\":{\"@id\":\"https:\/\/noticiasemdestaque.com\/cd\/?p=45151#breadcrumb\"},\"inLanguage\":\"pt-BR\",\"potentialAction\":[{\"@type\":\"ReadAction\",\"target\":[\"https:\/\/noticiasemdestaque.com\/cd\/?p=45151\"]}]},{\"@type\":\"ImageObject\",\"inLanguage\":\"pt-BR\",\"@id\":\"https:\/\/noticiasemdestaque.com\/cd\/?p=45151#primaryimage\",\"url\":\"https:\/\/noticiasemdestaque.com\/cd\/wp-content\/uploads\/2022\/12\/323281099_878093966771947_40767811676040835_n.jpg\",\"contentUrl\":\"https:\/\/noticiasemdestaque.com\/cd\/wp-content\/uploads\/2022\/12\/323281099_878093966771947_40767811676040835_n.jpg\",\"width\":1024,\"height\":1280},{\"@type\":\"BreadcrumbList\",\"@id\":\"https:\/\/noticiasemdestaque.com\/cd\/?p=45151#breadcrumb\",\"itemListElement\":[{\"@type\":\"ListItem\",\"position\":1,\"name\":\"In\u00edcio\",\"item\":\"https:\/\/noticiasemdestaque.com\/cd\/\"},{\"@type\":\"ListItem\",\"position\":2,\"name\":\"Vereador Daniel L\u00eala ser\u00e1 empossado como novo presidente do Legislativo sumeense\"}]},{\"@type\":\"WebSite\",\"@id\":\"https:\/\/noticiasemdestaque.com\/cd\/#website\",\"url\":\"https:\/\/noticiasemdestaque.com\/cd\/\",\"name\":\"Not&iacute;cias em Destaque\",\"description\":\"\",\"publisher\":{\"@id\":\"https:\/\/noticiasemdestaque.com\/cd\/#organization\"},\"potentialAction\":[{\"@type\":\"SearchAction\",\"target\":{\"@type\":\"EntryPoint\",\"urlTemplate\":\"https:\/\/noticiasemdestaque.com\/cd\/?s={search_term_string}\"},\"query-input\":{\"@type\":\"PropertyValueSpecification\",\"valueRequired\":true,\"valueName\":\"search_term_string\"}}],\"inLanguage\":\"pt-BR\"},{\"@type\":\"Organization\",\"@id\":\"https:\/\/noticiasemdestaque.com\/cd\/#organization\",\"name\":\"Not\u00edcias em Destaque\",\"url\":\"https:\/\/noticiasemdestaque.com\/cd\/\",\"logo\":{\"@type\":\"ImageObject\",\"inLanguage\":\"pt-BR\",\"@id\":\"https:\/\/noticiasemdestaque.com\/cd\/#\/schema\/logo\/image\/\",\"url\":\"https:\/\/noticiasemdestaque.com\/cd\/wp-content\/uploads\/2022\/05\/imagem-base-noticiasemdestaque.png\",\"contentUrl\":\"https:\/\/noticiasemdestaque.com\/cd\/wp-content\/uploads\/2022\/05\/imagem-base-noticiasemdestaque.png\",\"width\":1200,\"height\":630,\"caption\":\"Not\u00edcias em Destaque\"},\"image\":{\"@id\":\"https:\/\/noticiasemdestaque.com\/cd\/#\/schema\/logo\/image\/\"}},{\"@type\":\"Person\",\"@id\":\"https:\/\/noticiasemdestaque.com\/cd\/#\/schema\/person\/47f7d4f55eec17c6b2ca036c5500f6ce\",\"name\":\"Not\u00edcias em Destaque\",\"url\":\"https:\/\/noticiasemdestaque.com\/cd\/?author=2\"}]}<\/script>\n<!-- \/ Yoast SEO plugin. -->","yoast_head_json":{"title":"Vereador Daniel L\u00eala ser\u00e1 empossado como novo presidente do Legislativo sumeense - Not&iacute;cias em Destaque","robots":{"index":"index","follow":"follow","max-snippet":"max-snippet:-1","max-image-preview":"max-image-preview:large","max-video-preview":"max-video-preview:-1"},"canonical":"https:\/\/noticiasemdestaque.com\/cd\/?p=45151","og_locale":"pt_BR","og_type":"article","og_title":"Vereador Daniel L\u00eala ser\u00e1 empossado como novo presidente do Legislativo sumeense - Not&iacute;cias em Destaque","og_description":"Neste domingo dia 1\u00ba de janeiro de 2023, o vereador Daniel L\u00eala, estar\u00e1 assumindo o Poder Legislativo de Sum\u00e9 para o bi\u00eanio 2023\/2024. A cerim\u00f4nia de posse acontecer\u00e1 no plen\u00e1rio da C\u00e2mara Municipal com in\u00edcio previsto para \u00e0s 16h. Composi\u00e7\u00e3o da Mesa Diretora para o bi\u00eanio 2023\/2024: Daniel L\u00eala-Presidente Francisco Fontenele-Vice-presidente Le\u00f4nidas Albino-Primeiro secret\u00e1rio. Al\u00e9m dos vereadores, a sess\u00e3o contar\u00e1 com a presen\u00e7a do prefeito \u00c9den Duarte, vice-prefeito Manezinho Louren\u00e7o, secret\u00e1rios municipais, convidados e funcion\u00e1rios. Daniel L\u00eala falou da expectativa de assumir os destinos do Poder Legislativo. \u201cPretendemos fazer uma gest\u00e3o com transpar\u00eancia e acima de tudo participativa, na esperan\u00e7a de poder atender os anseios da comunidade e manter uma parceria de uni\u00e3o, cordialidade e entendimentos com os demais pares\u201d, afirmou o vereador. A solenidade ser\u00e1 aberta \u00e0 popula\u00e7\u00e3o, com transmiss\u00e3o ao vivo pelas redes sociais da Casa. Ascom\/C\u00e2mara","og_url":"https:\/\/noticiasemdestaque.com\/cd\/?p=45151","og_site_name":"Not&iacute;cias em Destaque","article_published_time":"2022-12-30T22:40:59+00:00","article_modified_time":"2022-12-30T22:41:27+00:00","og_image":[{"width":1024,"height":1280,"url":"https:\/\/noticiasemdestaque.com\/cd\/wp-content\/uploads\/2022\/12\/323281099_878093966771947_40767811676040835_n.jpg","type":"image\/jpeg"}],"author":"Not\u00edcias em Destaque","twitter_card":"summary_large_image","twitter_misc":{"Escrito por":"Not\u00edcias em Destaque","Est. tempo de leitura":"1 minuto"},"schema":{"@context":"https:\/\/schema.org","@graph":[{"@type":"Article","@id":"https:\/\/noticiasemdestaque.com\/cd\/?p=45151#article","isPartOf":{"@id":"https:\/\/noticiasemdestaque.com\/cd\/?p=45151"},"author":{"name":"Not\u00edcias em Destaque","@id":"https:\/\/noticiasemdestaque.com\/cd\/#\/schema\/person\/47f7d4f55eec17c6b2ca036c5500f6ce"},"headline":"Vereador Daniel L\u00eala ser\u00e1 empossado como novo presidente do Legislativo sumeense","datePublished":"2022-12-30T22:40:59+00:00","dateModified":"2022-12-30T22:41:27+00:00","mainEntityOfPage":{"@id":"https:\/\/noticiasemdestaque.com\/cd\/?p=45151"},"wordCount":172,"publisher":{"@id":"https:\/\/noticiasemdestaque.com\/cd\/#organization"},"image":{"@id":"https:\/\/noticiasemdestaque.com\/cd\/?p=45151#primaryimage"},"thumbnailUrl":"https:\/\/noticiasemdestaque.com\/cd\/wp-content\/uploads\/2022\/12\/323281099_878093966771947_40767811676040835_n.jpg","articleSection":["Pol\u00edtica"],"inLanguage":"pt-BR"},{"@type":"WebPage","@id":"https:\/\/noticiasemdestaque.com\/cd\/?p=45151","url":"https:\/\/noticiasemdestaque.com\/cd\/?p=45151","name":"Vereador Daniel L\u00eala ser\u00e1 empossado como novo presidente do Legislativo sumeense - Not&iacute;cias em Destaque","isPartOf":{"@id":"https:\/\/noticiasemdestaque.com\/cd\/#website"},"primaryImageOfPage":{"@id":"https:\/\/noticiasemdestaque.com\/cd\/?p=45151#primaryimage"},"image":{"@id":"https:\/\/noticiasemdestaque.com\/cd\/?p=45151#primaryimage"},"thumbnailUrl":"https:\/\/noticiasemdestaque.com\/cd\/wp-content\/uploads\/2022\/12\/323281099_878093966771947_40767811676040835_n.jpg","datePublished":"2022-12-30T22:40:59+00:00","dateModified":"2022-12-30T22:41:27+00:00","breadcrumb":{"@id":"https:\/\/noticiasemdestaque.com\/cd\/?p=45151#breadcrumb"},"inLanguage":"pt-BR","potentialAction":[{"@type":"ReadAction","target":["https:\/\/noticiasemdestaque.com\/cd\/?p=45151"]}]},{"@type":"ImageObject","inLanguage":"pt-BR","@id":"https:\/\/noticiasemdestaque.com\/cd\/?p=45151#primaryimage","url":"https:\/\/noticiasemdestaque.com\/cd\/wp-content\/uploads\/2022\/12\/323281099_878093966771947_40767811676040835_n.jpg","contentUrl":"https:\/\/noticiasemdestaque.com\/cd\/wp-content\/uploads\/2022\/12\/323281099_878093966771947_40767811676040835_n.jpg","width":1024,"height":1280},{"@type":"BreadcrumbList","@id":"https:\/\/noticiasemdestaque.com\/cd\/?p=45151#breadcrumb","itemListElement":[{"@type":"ListItem","position":1,"name":"In\u00edcio","item":"https:\/\/noticiasemdestaque.com\/cd\/"},{"@type":"ListItem","position":2,"name":"Vereador Daniel L\u00eala ser\u00e1 empossado como novo presidente do Legislativo sumeense"}]},{"@type":"WebSite","@id":"https:\/\/noticiasemdestaque.com\/cd\/#website","url":"https:\/\/noticiasemdestaque.com\/cd\/","name":"Not&iacute;cias em Destaque","description":"","publisher":{"@id":"https:\/\/noticiasemdestaque.com\/cd\/#organization"},"potentialAction":[{"@type":"SearchAction","target":{"@type":"EntryPoint","urlTemplate":"https:\/\/noticiasemdestaque.com\/cd\/?s={search_term_string}"},"query-input":{"@type":"PropertyValueSpecification","valueRequired":true,"valueName":"search_term_string"}}],"inLanguage":"pt-BR"},{"@type":"Organization","@id":"https:\/\/noticiasemdestaque.com\/cd\/#organization","name":"Not\u00edcias em Destaque","url":"https:\/\/noticiasemdestaque.com\/cd\/","logo":{"@type":"ImageObject","inLanguage":"pt-BR","@id":"https:\/\/noticiasemdestaque.com\/cd\/#\/schema\/logo\/image\/","url":"https:\/\/noticiasemdestaque.com\/cd\/wp-content\/uploads\/2022\/05\/imagem-base-noticiasemdestaque.png","contentUrl":"https:\/\/noticiasemdestaque.com\/cd\/wp-content\/uploads\/2022\/05\/imagem-base-noticiasemdestaque.png","width":1200,"height":630,"caption":"Not\u00edcias em Destaque"},"image":{"@id":"https:\/\/noticiasemdestaque.com\/cd\/#\/schema\/logo\/image\/"}},{"@type":"Person","@id":"https:\/\/noticiasemdestaque.com\/cd\/#\/schema\/person\/47f7d4f55eec17c6b2ca036c5500f6ce","name":"Not\u00edcias em Destaque","url":"https:\/\/noticiasemdestaque.com\/cd\/?author=2"}]}},"jetpack_featured_media_url":"https:\/\/noticiasemdestaque.com\/cd\/wp-content\/uploads\/2022\/12\/323281099_878093966771947_40767811676040835_n.jpg","jetpack_sharing_enabled":true,"_links":{"self":[{"href":"https:\/\/noticiasemdestaque.com\/cd\/index.php?rest_route=\/wp\/v2\/posts\/45151","targetHints":{"allow":["GET"]}}],"collection":[{"href":"https:\/\/noticiasemdestaque.com\/cd\/index.php?rest_route=\/wp\/v2\/posts"}],"about":[{"href":"https:\/\/noticiasemdestaque.com\/cd\/index.php?rest_route=\/wp\/v2\/types\/post"}],"author":[{"embeddable":true,"href":"https:\/\/noticiasemdestaque.com\/cd\/index.php?rest_route=\/wp\/v2\/users\/2"}],"replies":[{"embeddable":true,"href":"https:\/\/noticiasemdestaque.com\/cd\/index.php?rest_route=%2Fwp%2Fv2%2Fcomments&post=45151"}],"version-history":[{"count":1,"href":"https:\/\/noticiasemdestaque.com\/cd\/index.php?rest_route=\/wp\/v2\/posts\/45151\/revisions"}],"predecessor-version":[{"id":45153,"href":"https:\/\/noticiasemdestaque.com\/cd\/index.php?rest_route=\/wp\/v2\/posts\/45151\/revisions\/45153"}],"wp:featuredmedia":[{"embeddable":true,"href":"https:\/\/noticiasemdestaque.com\/cd\/index.php?rest_route=\/wp\/v2\/media\/45152"}],"wp:attachment":[{"href":"https:\/\/noticiasemdestaque.com\/cd\/index.php?rest_route=%2Fwp%2Fv2%2Fmedia&parent=45151"}],"wp:term":[{"taxonomy":"category","embeddable":true,"href":"https:\/\/noticiasemdestaque.com\/cd\/index.php?rest_route=%2Fwp%2Fv2%2Fcategories&post=45151"},{"taxonomy":"post_tag","embeddable":true,"href":"https:\/\/noticiasemdestaque.com\/cd\/index.php?rest_route=%2Fwp%2Fv2%2Ftags&post=45151"}],"curies":[{"name":"wp","href":"https:\/\/api.w.org\/{rel}","templated":true}]}}