{"id":45142,"date":"2022-12-30T12:09:12","date_gmt":"2022-12-30T15:09:12","guid":{"rendered":"https:\/\/noticiasemdestaque.com\/cd\/?p=45142"},"modified":"2022-12-30T12:09:12","modified_gmt":"2022-12-30T15:09:12","slug":"deputado-felipe-leitao-destaca-alegria-em-ser-homenageado-com-titulo-de-cidadao-alhandrense-vamos-trabalhar-ainda-mais-por-esta-cidade","status":"publish","type":"post","link":"https:\/\/noticiasemdestaque.com\/cd\/?p=45142","title":{"rendered":"Deputado Felipe Leit\u00e3o destaca alegria em ser homenageado com t\u00edtulo de cidad\u00e3o Alhandrense: \u201cVamos trabalhar ainda mais por esta cidade\u201d"},"content":{"rendered":"<p><a href=\"https:\/\/noticiasemdestaque.com\/cd\/wp-content\/uploads\/2022\/12\/capa.jpg\"><img fetchpriority=\"high\" decoding=\"async\" class=\" wp-image-45143 aligncenter\" src=\"https:\/\/noticiasemdestaque.com\/cd\/wp-content\/uploads\/2022\/12\/capa-291x300.jpg\" alt=\"\" width=\"396\" height=\"408\" srcset=\"https:\/\/noticiasemdestaque.com\/cd\/wp-content\/uploads\/2022\/12\/capa-291x300.jpg 291w, https:\/\/noticiasemdestaque.com\/cd\/wp-content\/uploads\/2022\/12\/capa-12x12.jpg 12w, https:\/\/noticiasemdestaque.com\/cd\/wp-content\/uploads\/2022\/12\/capa.jpg 310w\" sizes=\"(max-width: 396px) 100vw, 396px\" \/><\/a><\/p>\n<p style=\"font-weight: 400;\">O deputado estadual Felipe Leit\u00e3o, do PSD, agora tamb\u00e9m \u00e9 cidad\u00e3o Alhandrense. Nesta quinta-feira (29) o parlamentar foi condecorado com a homenagem da C\u00e2mara Municipal da cidade e destacou sua alegria em receber t\u00e3o importante comenda. Leit\u00e3o disse que o gesto s\u00f3 aumenta sua responsabilidade e o compromisso de trabalhar ainda mais pela cidade.<\/p>\n<p style=\"font-weight: 400;\"><img decoding=\"async\" class=\"aligncenter\" src=\"https:\/\/blogger.googleusercontent.com\/img\/b\/R29vZ2xl\/AVvXsEjk8Ubb21fZFG6wsSH-rxmQvW5rBt8tknYH83-0Jt7af_WeKJe_Hu-06QtYZTL49SjSBg9yMtdM2wgcxqsBj9IfKVXakZIbAQiJ1PMzO5mxjg3gbMITVljvyTlBC0KBblDPv3M4IShveMu0x8wESSS3ToM72UX-VpfWpwppXhNAXwlSFGnB88pDL7cplw\/s320\/felipeleitaopb-PHOTO-2.jpg\" width=\"377\" height=\"377\" \/><\/p>\n<p style=\"font-weight: 400;\">\u201cCom enorme felicidade recebi hoje, da C\u00e2mara Municipal de Alhandra o T\u00edtulo de Cidad\u00e3o Alhandrense. Nos \u00faltimos anos percorremos pelas ruas desta cidade e fomos recebidos de bra\u00e7os abertos por sua gente. Alhandra mora em meu cora\u00e7\u00e3o. Quero agradecer ao vereador @vereadorsargentoval, aos demais vereadores que comp\u00f5e a base de sustenta\u00e7\u00e3o do prefeito, ao prefeito @marcelorodriguespb e a vice-prefeita @zildadovarejao que estiveram conosco neste momento t\u00e3o importante. De forma especial, quero agradecer a todos os cidad\u00e3os e cidad\u00e3s de Alhandra por esse t\u00edtulo que muito me orgulha. Tenham a certeza que vamos trabalhar ainda mais por esta cidade que sempre nos recebeu com tanto carinho\u201d, destacou.<\/p>\n<p style=\"font-weight: 400;\">A homenagem acontece em meio ao impasse com o deputado estadual Branco Mendes (Republicanos) no tocante \u00e0 disputa pela Mesa Diretora da Assembleia Legislativa da Para\u00edba (ALPB). Leit\u00e3o rebateu Branco sobre a suposta trai\u00e7\u00e3o nas articula\u00e7\u00f5es e deixou claro que o parlamentar de Alhandra sempre teve conhecimento dos acordos internos sobre a disputa.<\/p>\n<p style=\"font-weight: 400;\">\u201cFui recebido efusivamente pela popula\u00e7\u00e3o, sobretudo pelos \u00faltimos acontecimentos com Branco, por conta da rivalidade local\u201d, emendou.<\/p>\n<p><strong>Noticias em Destaque<\/strong><\/p>\n<p style=\"font-weight: 400; text-align: right;\"><em>Fonte: Conex\u00e3oPB<\/em><\/p>\n","protected":false},"excerpt":{"rendered":"<p>O deputado estadual Felipe Leit\u00e3o, do PSD, agora tamb\u00e9m \u00e9 cidad\u00e3o Alhandrense. Nesta quinta-feira (29) o parlamentar foi condecorado com a homenagem da C\u00e2mara Municipal da cidade e destacou sua alegria em receber t\u00e3o importante comenda. Leit\u00e3o disse que o gesto s\u00f3 aumenta sua responsabilidade e o compromisso de trabalhar ainda mais pela cidade. \u201cCom enorme felicidade recebi hoje, da C\u00e2mara Municipal de Alhandra o T\u00edtulo de Cidad\u00e3o Alhandrense. Nos \u00faltimos anos percorremos pelas ruas desta cidade e fomos recebidos de bra\u00e7os abertos por sua gente. Alhandra mora em meu cora\u00e7\u00e3o. Quero agradecer ao vereador @vereadorsargentoval, aos demais vereadores que comp\u00f5e a base de sustenta\u00e7\u00e3o do prefeito, ao prefeito @marcelorodriguespb e a vice-prefeita @zildadovarejao que estiveram conosco neste momento t\u00e3o importante. De forma especial, quero agradecer a todos os cidad\u00e3os e cidad\u00e3s de Alhandra por esse t\u00edtulo que muito me orgulha. Tenham a certeza que vamos trabalhar ainda mais por esta cidade que sempre nos recebeu com tanto carinho\u201d, destacou. A homenagem acontece em meio ao impasse com o deputado estadual Branco Mendes (Republicanos) no tocante \u00e0 disputa pela Mesa Diretora da Assembleia Legislativa da Para\u00edba (ALPB). Leit\u00e3o rebateu Branco sobre a suposta trai\u00e7\u00e3o nas articula\u00e7\u00f5es e deixou claro que o parlamentar de Alhandra sempre teve conhecimento dos acordos internos sobre a disputa. \u201cFui recebido efusivamente pela popula\u00e7\u00e3o, sobretudo pelos \u00faltimos acontecimentos com Branco, por conta da rivalidade local\u201d, emendou. Noticias em Destaque Fonte: Conex\u00e3oPB<\/p>\n","protected":false},"author":2,"featured_media":45143,"comment_status":"closed","ping_status":"open","sticky":false,"template":"","format":"standard","meta":{"_eb_attr":"","_jetpack_memberships_contains_paid_content":false,"footnotes":""},"categories":[4],"tags":[],"class_list":["post-45142","post","type-post","status-publish","format-standard","has-post-thumbnail","hentry","category-politica"],"yoast_head":"<!-- This site is optimized with the Yoast SEO plugin v26.5 - https:\/\/yoast.com\/wordpress\/plugins\/seo\/ -->\n<title>Deputado Felipe Leit\u00e3o destaca alegria em ser homenageado com t\u00edtulo de cidad\u00e3o Alhandrense: \u201cVamos trabalhar ainda mais por esta cidade\u201d - Not&iacute;cias em Destaque<\/title>\n<meta name=\"robots\" content=\"index, follow, max-snippet:-1, max-image-preview:large, max-video-preview:-1\" \/>\n<link rel=\"canonical\" href=\"https:\/\/noticiasemdestaque.com\/cd\/?p=45142\" \/>\n<meta property=\"og:locale\" content=\"pt_BR\" \/>\n<meta property=\"og:type\" content=\"article\" \/>\n<meta property=\"og:title\" content=\"Deputado Felipe Leit\u00e3o destaca alegria em ser homenageado com t\u00edtulo de cidad\u00e3o Alhandrense: \u201cVamos trabalhar ainda mais por esta cidade\u201d - Not&iacute;cias em Destaque\" \/>\n<meta property=\"og:description\" content=\"O deputado estadual Felipe Leit\u00e3o, do PSD, agora tamb\u00e9m \u00e9 cidad\u00e3o Alhandrense. Nesta quinta-feira (29) o parlamentar foi condecorado com a homenagem da C\u00e2mara Municipal da cidade e destacou sua alegria em receber t\u00e3o importante comenda. Leit\u00e3o disse que o gesto s\u00f3 aumenta sua responsabilidade e o compromisso de trabalhar ainda mais pela cidade. \u201cCom enorme felicidade recebi hoje, da C\u00e2mara Municipal de Alhandra o T\u00edtulo de Cidad\u00e3o Alhandrense. Nos \u00faltimos anos percorremos pelas ruas desta cidade e fomos recebidos de bra\u00e7os abertos por sua gente. Alhandra mora em meu cora\u00e7\u00e3o. Quero agradecer ao vereador @vereadorsargentoval, aos demais vereadores que comp\u00f5e a base de sustenta\u00e7\u00e3o do prefeito, ao prefeito @marcelorodriguespb e a vice-prefeita @zildadovarejao que estiveram conosco neste momento t\u00e3o importante. De forma especial, quero agradecer a todos os cidad\u00e3os e cidad\u00e3s de Alhandra por esse t\u00edtulo que muito me orgulha. Tenham a certeza que vamos trabalhar ainda mais por esta cidade que sempre nos recebeu com tanto carinho\u201d, destacou. A homenagem acontece em meio ao impasse com o deputado estadual Branco Mendes (Republicanos) no tocante \u00e0 disputa pela Mesa Diretora da Assembleia Legislativa da Para\u00edba (ALPB). Leit\u00e3o rebateu Branco sobre a suposta trai\u00e7\u00e3o nas articula\u00e7\u00f5es e deixou claro que o parlamentar de Alhandra sempre teve conhecimento dos acordos internos sobre a disputa. \u201cFui recebido efusivamente pela popula\u00e7\u00e3o, sobretudo pelos \u00faltimos acontecimentos com Branco, por conta da rivalidade local\u201d, emendou. Noticias em Destaque Fonte: Conex\u00e3oPB\" \/>\n<meta property=\"og:url\" content=\"https:\/\/noticiasemdestaque.com\/cd\/?p=45142\" \/>\n<meta property=\"og:site_name\" content=\"Not&iacute;cias em Destaque\" \/>\n<meta property=\"article:published_time\" content=\"2022-12-30T15:09:12+00:00\" \/>\n<meta property=\"og:image\" content=\"https:\/\/noticiasemdestaque.com\/cd\/wp-content\/uploads\/2022\/12\/capa.jpg\" \/>\n\t<meta property=\"og:image:width\" content=\"310\" \/>\n\t<meta property=\"og:image:height\" content=\"320\" \/>\n\t<meta property=\"og:image:type\" content=\"image\/jpeg\" \/>\n<meta name=\"author\" content=\"Not\u00edcias em Destaque\" \/>\n<meta name=\"twitter:card\" content=\"summary_large_image\" \/>\n<meta name=\"twitter:label1\" content=\"Escrito por\" \/>\n\t<meta name=\"twitter:data1\" content=\"Not\u00edcias em Destaque\" \/>\n\t<meta name=\"twitter:label2\" content=\"Est. tempo de leitura\" \/>\n\t<meta name=\"twitter:data2\" content=\"2 minutos\" \/>\n<script type=\"application\/ld+json\" class=\"yoast-schema-graph\">{\"@context\":\"https:\/\/schema.org\",\"@graph\":[{\"@type\":\"Article\",\"@id\":\"https:\/\/noticiasemdestaque.com\/cd\/?p=45142#article\",\"isPartOf\":{\"@id\":\"https:\/\/noticiasemdestaque.com\/cd\/?p=45142\"},\"author\":{\"name\":\"Not\u00edcias em Destaque\",\"@id\":\"https:\/\/noticiasemdestaque.com\/cd\/#\/schema\/person\/47f7d4f55eec17c6b2ca036c5500f6ce\"},\"headline\":\"Deputado Felipe Leit\u00e3o destaca alegria em ser homenageado com t\u00edtulo de cidad\u00e3o Alhandrense: \u201cVamos trabalhar ainda mais por esta cidade\u201d\",\"datePublished\":\"2022-12-30T15:09:12+00:00\",\"mainEntityOfPage\":{\"@id\":\"https:\/\/noticiasemdestaque.com\/cd\/?p=45142\"},\"wordCount\":278,\"publisher\":{\"@id\":\"https:\/\/noticiasemdestaque.com\/cd\/#organization\"},\"image\":{\"@id\":\"https:\/\/noticiasemdestaque.com\/cd\/?p=45142#primaryimage\"},\"thumbnailUrl\":\"https:\/\/noticiasemdestaque.com\/cd\/wp-content\/uploads\/2022\/12\/capa.jpg\",\"articleSection\":[\"Pol\u00edtica\"],\"inLanguage\":\"pt-BR\"},{\"@type\":\"WebPage\",\"@id\":\"https:\/\/noticiasemdestaque.com\/cd\/?p=45142\",\"url\":\"https:\/\/noticiasemdestaque.com\/cd\/?p=45142\",\"name\":\"Deputado Felipe Leit\u00e3o destaca alegria em ser homenageado com t\u00edtulo de cidad\u00e3o Alhandrense: \u201cVamos trabalhar ainda mais por esta cidade\u201d - Not&iacute;cias em Destaque\",\"isPartOf\":{\"@id\":\"https:\/\/noticiasemdestaque.com\/cd\/#website\"},\"primaryImageOfPage\":{\"@id\":\"https:\/\/noticiasemdestaque.com\/cd\/?p=45142#primaryimage\"},\"image\":{\"@id\":\"https:\/\/noticiasemdestaque.com\/cd\/?p=45142#primaryimage\"},\"thumbnailUrl\":\"https:\/\/noticiasemdestaque.com\/cd\/wp-content\/uploads\/2022\/12\/capa.jpg\",\"datePublished\":\"2022-12-30T15:09:12+00:00\",\"breadcrumb\":{\"@id\":\"https:\/\/noticiasemdestaque.com\/cd\/?p=45142#breadcrumb\"},\"inLanguage\":\"pt-BR\",\"potentialAction\":[{\"@type\":\"ReadAction\",\"target\":[\"https:\/\/noticiasemdestaque.com\/cd\/?p=45142\"]}]},{\"@type\":\"ImageObject\",\"inLanguage\":\"pt-BR\",\"@id\":\"https:\/\/noticiasemdestaque.com\/cd\/?p=45142#primaryimage\",\"url\":\"https:\/\/noticiasemdestaque.com\/cd\/wp-content\/uploads\/2022\/12\/capa.jpg\",\"contentUrl\":\"https:\/\/noticiasemdestaque.com\/cd\/wp-content\/uploads\/2022\/12\/capa.jpg\",\"width\":310,\"height\":320},{\"@type\":\"BreadcrumbList\",\"@id\":\"https:\/\/noticiasemdestaque.com\/cd\/?p=45142#breadcrumb\",\"itemListElement\":[{\"@type\":\"ListItem\",\"position\":1,\"name\":\"In\u00edcio\",\"item\":\"https:\/\/noticiasemdestaque.com\/cd\/\"},{\"@type\":\"ListItem\",\"position\":2,\"name\":\"Deputado Felipe Leit\u00e3o destaca alegria em ser homenageado com t\u00edtulo de cidad\u00e3o Alhandrense: \u201cVamos trabalhar ainda mais por esta cidade\u201d\"}]},{\"@type\":\"WebSite\",\"@id\":\"https:\/\/noticiasemdestaque.com\/cd\/#website\",\"url\":\"https:\/\/noticiasemdestaque.com\/cd\/\",\"name\":\"Not&iacute;cias em Destaque\",\"description\":\"\",\"publisher\":{\"@id\":\"https:\/\/noticiasemdestaque.com\/cd\/#organization\"},\"potentialAction\":[{\"@type\":\"SearchAction\",\"target\":{\"@type\":\"EntryPoint\",\"urlTemplate\":\"https:\/\/noticiasemdestaque.com\/cd\/?s={search_term_string}\"},\"query-input\":{\"@type\":\"PropertyValueSpecification\",\"valueRequired\":true,\"valueName\":\"search_term_string\"}}],\"inLanguage\":\"pt-BR\"},{\"@type\":\"Organization\",\"@id\":\"https:\/\/noticiasemdestaque.com\/cd\/#organization\",\"name\":\"Not\u00edcias em Destaque\",\"url\":\"https:\/\/noticiasemdestaque.com\/cd\/\",\"logo\":{\"@type\":\"ImageObject\",\"inLanguage\":\"pt-BR\",\"@id\":\"https:\/\/noticiasemdestaque.com\/cd\/#\/schema\/logo\/image\/\",\"url\":\"https:\/\/noticiasemdestaque.com\/cd\/wp-content\/uploads\/2022\/05\/imagem-base-noticiasemdestaque.png\",\"contentUrl\":\"https:\/\/noticiasemdestaque.com\/cd\/wp-content\/uploads\/2022\/05\/imagem-base-noticiasemdestaque.png\",\"width\":1200,\"height\":630,\"caption\":\"Not\u00edcias em Destaque\"},\"image\":{\"@id\":\"https:\/\/noticiasemdestaque.com\/cd\/#\/schema\/logo\/image\/\"}},{\"@type\":\"Person\",\"@id\":\"https:\/\/noticiasemdestaque.com\/cd\/#\/schema\/person\/47f7d4f55eec17c6b2ca036c5500f6ce\",\"name\":\"Not\u00edcias em Destaque\",\"url\":\"https:\/\/noticiasemdestaque.com\/cd\/?author=2\"}]}<\/script>\n<!-- \/ Yoast SEO plugin. -->","yoast_head_json":{"title":"Deputado Felipe Leit\u00e3o destaca alegria em ser homenageado com t\u00edtulo de cidad\u00e3o Alhandrense: \u201cVamos trabalhar ainda mais por esta cidade\u201d - Not&iacute;cias em Destaque","robots":{"index":"index","follow":"follow","max-snippet":"max-snippet:-1","max-image-preview":"max-image-preview:large","max-video-preview":"max-video-preview:-1"},"canonical":"https:\/\/noticiasemdestaque.com\/cd\/?p=45142","og_locale":"pt_BR","og_type":"article","og_title":"Deputado Felipe Leit\u00e3o destaca alegria em ser homenageado com t\u00edtulo de cidad\u00e3o Alhandrense: \u201cVamos trabalhar ainda mais por esta cidade\u201d - Not&iacute;cias em Destaque","og_description":"O deputado estadual Felipe Leit\u00e3o, do PSD, agora tamb\u00e9m \u00e9 cidad\u00e3o Alhandrense. Nesta quinta-feira (29) o parlamentar foi condecorado com a homenagem da C\u00e2mara Municipal da cidade e destacou sua alegria em receber t\u00e3o importante comenda. Leit\u00e3o disse que o gesto s\u00f3 aumenta sua responsabilidade e o compromisso de trabalhar ainda mais pela cidade. \u201cCom enorme felicidade recebi hoje, da C\u00e2mara Municipal de Alhandra o T\u00edtulo de Cidad\u00e3o Alhandrense. Nos \u00faltimos anos percorremos pelas ruas desta cidade e fomos recebidos de bra\u00e7os abertos por sua gente. Alhandra mora em meu cora\u00e7\u00e3o. Quero agradecer ao vereador @vereadorsargentoval, aos demais vereadores que comp\u00f5e a base de sustenta\u00e7\u00e3o do prefeito, ao prefeito @marcelorodriguespb e a vice-prefeita @zildadovarejao que estiveram conosco neste momento t\u00e3o importante. De forma especial, quero agradecer a todos os cidad\u00e3os e cidad\u00e3s de Alhandra por esse t\u00edtulo que muito me orgulha. Tenham a certeza que vamos trabalhar ainda mais por esta cidade que sempre nos recebeu com tanto carinho\u201d, destacou. A homenagem acontece em meio ao impasse com o deputado estadual Branco Mendes (Republicanos) no tocante \u00e0 disputa pela Mesa Diretora da Assembleia Legislativa da Para\u00edba (ALPB). Leit\u00e3o rebateu Branco sobre a suposta trai\u00e7\u00e3o nas articula\u00e7\u00f5es e deixou claro que o parlamentar de Alhandra sempre teve conhecimento dos acordos internos sobre a disputa. \u201cFui recebido efusivamente pela popula\u00e7\u00e3o, sobretudo pelos \u00faltimos acontecimentos com Branco, por conta da rivalidade local\u201d, emendou. Noticias em Destaque Fonte: Conex\u00e3oPB","og_url":"https:\/\/noticiasemdestaque.com\/cd\/?p=45142","og_site_name":"Not&iacute;cias em Destaque","article_published_time":"2022-12-30T15:09:12+00:00","og_image":[{"width":310,"height":320,"url":"https:\/\/noticiasemdestaque.com\/cd\/wp-content\/uploads\/2022\/12\/capa.jpg","type":"image\/jpeg"}],"author":"Not\u00edcias em Destaque","twitter_card":"summary_large_image","twitter_misc":{"Escrito por":"Not\u00edcias em Destaque","Est. tempo de leitura":"2 minutos"},"schema":{"@context":"https:\/\/schema.org","@graph":[{"@type":"Article","@id":"https:\/\/noticiasemdestaque.com\/cd\/?p=45142#article","isPartOf":{"@id":"https:\/\/noticiasemdestaque.com\/cd\/?p=45142"},"author":{"name":"Not\u00edcias em Destaque","@id":"https:\/\/noticiasemdestaque.com\/cd\/#\/schema\/person\/47f7d4f55eec17c6b2ca036c5500f6ce"},"headline":"Deputado Felipe Leit\u00e3o destaca alegria em ser homenageado com t\u00edtulo de cidad\u00e3o Alhandrense: \u201cVamos trabalhar ainda mais por esta cidade\u201d","datePublished":"2022-12-30T15:09:12+00:00","mainEntityOfPage":{"@id":"https:\/\/noticiasemdestaque.com\/cd\/?p=45142"},"wordCount":278,"publisher":{"@id":"https:\/\/noticiasemdestaque.com\/cd\/#organization"},"image":{"@id":"https:\/\/noticiasemdestaque.com\/cd\/?p=45142#primaryimage"},"thumbnailUrl":"https:\/\/noticiasemdestaque.com\/cd\/wp-content\/uploads\/2022\/12\/capa.jpg","articleSection":["Pol\u00edtica"],"inLanguage":"pt-BR"},{"@type":"WebPage","@id":"https:\/\/noticiasemdestaque.com\/cd\/?p=45142","url":"https:\/\/noticiasemdestaque.com\/cd\/?p=45142","name":"Deputado Felipe Leit\u00e3o destaca alegria em ser homenageado com t\u00edtulo de cidad\u00e3o Alhandrense: \u201cVamos trabalhar ainda mais por esta cidade\u201d - Not&iacute;cias em Destaque","isPartOf":{"@id":"https:\/\/noticiasemdestaque.com\/cd\/#website"},"primaryImageOfPage":{"@id":"https:\/\/noticiasemdestaque.com\/cd\/?p=45142#primaryimage"},"image":{"@id":"https:\/\/noticiasemdestaque.com\/cd\/?p=45142#primaryimage"},"thumbnailUrl":"https:\/\/noticiasemdestaque.com\/cd\/wp-content\/uploads\/2022\/12\/capa.jpg","datePublished":"2022-12-30T15:09:12+00:00","breadcrumb":{"@id":"https:\/\/noticiasemdestaque.com\/cd\/?p=45142#breadcrumb"},"inLanguage":"pt-BR","potentialAction":[{"@type":"ReadAction","target":["https:\/\/noticiasemdestaque.com\/cd\/?p=45142"]}]},{"@type":"ImageObject","inLanguage":"pt-BR","@id":"https:\/\/noticiasemdestaque.com\/cd\/?p=45142#primaryimage","url":"https:\/\/noticiasemdestaque.com\/cd\/wp-content\/uploads\/2022\/12\/capa.jpg","contentUrl":"https:\/\/noticiasemdestaque.com\/cd\/wp-content\/uploads\/2022\/12\/capa.jpg","width":310,"height":320},{"@type":"BreadcrumbList","@id":"https:\/\/noticiasemdestaque.com\/cd\/?p=45142#breadcrumb","itemListElement":[{"@type":"ListItem","position":1,"name":"In\u00edcio","item":"https:\/\/noticiasemdestaque.com\/cd\/"},{"@type":"ListItem","position":2,"name":"Deputado Felipe Leit\u00e3o destaca alegria em ser homenageado com t\u00edtulo de cidad\u00e3o Alhandrense: \u201cVamos trabalhar ainda mais por esta cidade\u201d"}]},{"@type":"WebSite","@id":"https:\/\/noticiasemdestaque.com\/cd\/#website","url":"https:\/\/noticiasemdestaque.com\/cd\/","name":"Not&iacute;cias em Destaque","description":"","publisher":{"@id":"https:\/\/noticiasemdestaque.com\/cd\/#organization"},"potentialAction":[{"@type":"SearchAction","target":{"@type":"EntryPoint","urlTemplate":"https:\/\/noticiasemdestaque.com\/cd\/?s={search_term_string}"},"query-input":{"@type":"PropertyValueSpecification","valueRequired":true,"valueName":"search_term_string"}}],"inLanguage":"pt-BR"},{"@type":"Organization","@id":"https:\/\/noticiasemdestaque.com\/cd\/#organization","name":"Not\u00edcias em Destaque","url":"https:\/\/noticiasemdestaque.com\/cd\/","logo":{"@type":"ImageObject","inLanguage":"pt-BR","@id":"https:\/\/noticiasemdestaque.com\/cd\/#\/schema\/logo\/image\/","url":"https:\/\/noticiasemdestaque.com\/cd\/wp-content\/uploads\/2022\/05\/imagem-base-noticiasemdestaque.png","contentUrl":"https:\/\/noticiasemdestaque.com\/cd\/wp-content\/uploads\/2022\/05\/imagem-base-noticiasemdestaque.png","width":1200,"height":630,"caption":"Not\u00edcias em Destaque"},"image":{"@id":"https:\/\/noticiasemdestaque.com\/cd\/#\/schema\/logo\/image\/"}},{"@type":"Person","@id":"https:\/\/noticiasemdestaque.com\/cd\/#\/schema\/person\/47f7d4f55eec17c6b2ca036c5500f6ce","name":"Not\u00edcias em Destaque","url":"https:\/\/noticiasemdestaque.com\/cd\/?author=2"}]}},"jetpack_featured_media_url":"https:\/\/noticiasemdestaque.com\/cd\/wp-content\/uploads\/2022\/12\/capa.jpg","jetpack_sharing_enabled":true,"_links":{"self":[{"href":"https:\/\/noticiasemdestaque.com\/cd\/index.php?rest_route=\/wp\/v2\/posts\/45142","targetHints":{"allow":["GET"]}}],"collection":[{"href":"https:\/\/noticiasemdestaque.com\/cd\/index.php?rest_route=\/wp\/v2\/posts"}],"about":[{"href":"https:\/\/noticiasemdestaque.com\/cd\/index.php?rest_route=\/wp\/v2\/types\/post"}],"author":[{"embeddable":true,"href":"https:\/\/noticiasemdestaque.com\/cd\/index.php?rest_route=\/wp\/v2\/users\/2"}],"replies":[{"embeddable":true,"href":"https:\/\/noticiasemdestaque.com\/cd\/index.php?rest_route=%2Fwp%2Fv2%2Fcomments&post=45142"}],"version-history":[{"count":1,"href":"https:\/\/noticiasemdestaque.com\/cd\/index.php?rest_route=\/wp\/v2\/posts\/45142\/revisions"}],"predecessor-version":[{"id":45144,"href":"https:\/\/noticiasemdestaque.com\/cd\/index.php?rest_route=\/wp\/v2\/posts\/45142\/revisions\/45144"}],"wp:featuredmedia":[{"embeddable":true,"href":"https:\/\/noticiasemdestaque.com\/cd\/index.php?rest_route=\/wp\/v2\/media\/45143"}],"wp:attachment":[{"href":"https:\/\/noticiasemdestaque.com\/cd\/index.php?rest_route=%2Fwp%2Fv2%2Fmedia&parent=45142"}],"wp:term":[{"taxonomy":"category","embeddable":true,"href":"https:\/\/noticiasemdestaque.com\/cd\/index.php?rest_route=%2Fwp%2Fv2%2Fcategories&post=45142"},{"taxonomy":"post_tag","embeddable":true,"href":"https:\/\/noticiasemdestaque.com\/cd\/index.php?rest_route=%2Fwp%2Fv2%2Ftags&post=45142"}],"curies":[{"name":"wp","href":"https:\/\/api.w.org\/{rel}","templated":true}]}}