{"id":45136,"date":"2022-12-30T10:14:03","date_gmt":"2022-12-30T13:14:03","guid":{"rendered":"https:\/\/noticiasemdestaque.com\/cd\/?p=45136"},"modified":"2022-12-30T10:14:03","modified_gmt":"2022-12-30T13:14:03","slug":"presidente-da-camara-de-sume-faz-balanco-positivo-de-sua-gestao-a-frente-do-legislativo-do-municipio","status":"publish","type":"post","link":"https:\/\/noticiasemdestaque.com\/cd\/?p=45136","title":{"rendered":"Presidente da C\u00e2mara de Sum\u00e9 faz balan\u00e7o positivo de sua gest\u00e3o \u00e0 frente do Legislativo do munic\u00edpio"},"content":{"rendered":"<p><a href=\"https:\/\/noticiasemdestaque.com\/cd\/wp-content\/uploads\/2022\/12\/WhatsApp-Image-2022-12-30-at-10.03.47.jpeg\"><img fetchpriority=\"high\" decoding=\"async\" class=\" wp-image-45137 aligncenter\" src=\"https:\/\/noticiasemdestaque.com\/cd\/wp-content\/uploads\/2022\/12\/WhatsApp-Image-2022-12-30-at-10.03.47-300x300.jpeg\" alt=\"\" width=\"483\" height=\"483\" srcset=\"https:\/\/noticiasemdestaque.com\/cd\/wp-content\/uploads\/2022\/12\/WhatsApp-Image-2022-12-30-at-10.03.47-300x300.jpeg 300w, https:\/\/noticiasemdestaque.com\/cd\/wp-content\/uploads\/2022\/12\/WhatsApp-Image-2022-12-30-at-10.03.47-1024x1024.jpeg 1024w, https:\/\/noticiasemdestaque.com\/cd\/wp-content\/uploads\/2022\/12\/WhatsApp-Image-2022-12-30-at-10.03.47-150x150.jpeg 150w, https:\/\/noticiasemdestaque.com\/cd\/wp-content\/uploads\/2022\/12\/WhatsApp-Image-2022-12-30-at-10.03.47-768x768.jpeg 768w, https:\/\/noticiasemdestaque.com\/cd\/wp-content\/uploads\/2022\/12\/WhatsApp-Image-2022-12-30-at-10.03.47-12x12.jpeg 12w, https:\/\/noticiasemdestaque.com\/cd\/wp-content\/uploads\/2022\/12\/WhatsApp-Image-2022-12-30-at-10.03.47.jpeg 1080w\" sizes=\"(max-width: 483px) 100vw, 483px\" \/><\/a><\/p>\n<p>O presidente da C\u00e2mara de Vereadores de Sum\u00e9, Ant\u00f4nio Carlos Sarmento, participou nesta quinta-feira (29), do jornalismo da R\u00e1dio 95fm. Na ocasi\u00e3o ele fez um balan\u00e7o positivo da sua gest\u00e3o \u00e0 frente da C\u00e2mara Municipal no bi\u00eanio 2021\/2022.<\/p>\n<p>Ant\u00f4nio Carlos ressaltou a grande produtividade dos vereadores na apresenta\u00e7\u00e3o de projetos e requerimentos, objetivando melhorar as condi\u00e7\u00f5es de vida dos sumeenses.<\/p>\n<p>O vereador falou sobre a valoriza\u00e7\u00e3o dos servidores municipais. \u201cQuando eu assumi tive a oportunidade de reajustar em mais de 40% os vencimentos dos servidores que h\u00e1 anos aguardavam esse reconhecimento\u201d, afirmou.<\/p>\n<p>Ant\u00f4nio Carlos pontuou as melhorias na sede do Poder Legislativo. \u201cEm nossa gest\u00e3o realizamos a troca dos ares condicionados, a reforma do pr\u00e9dio, melhoramento nas salas, padroniza\u00e7\u00e3o visual, ilumina\u00e7\u00e3o de led no plen\u00e1rio e na fachada, entre outras a\u00e7\u00f5es\u201d, disse.<\/p>\n<p>O vereador lembrou que em sua gest\u00e3o foi inaugurado a galeria de ex-prefeitos denominada de Genival Paulino de Souza (Vav\u00e1) e a galeria de ex-presidentes que homenageou o ex-vereador Jos\u00e9 Batista Gon\u00e7alves (Z\u00e9 Rodrigues).<\/p>\n<p>Durante a entrevista, o parlamentar ressaltou a realiza\u00e7\u00e3o da primeira sess\u00e3o itinerante da hist\u00f3ria do Poder Legislativo. O encontro foi realizado no Distrito de Pio X e contou com uma grande participa\u00e7\u00e3o da popula\u00e7\u00e3o, que teve a oportunidade de usar a palavra para fazer questionamentos aos vereadores.<\/p>\n<p>Outra marca da administra\u00e7\u00e3o do vereador Ant\u00f4nio Carlos foi a entrega de t\u00edtulos de cidad\u00e3o sumeense. \u201cT\u00ednhamos homenagens aprovadas h\u00e1 mais de quinze anos, tivemos a oportunidade de realizar algumas sess\u00f5es solenes para zerar a fila de t\u00edtulos a serem entregues\u201d, disse.<\/p>\n<p>Ant\u00f4nio Carlos agradeceu aos demais vereadores, ao prefeito \u00c9den Duarte, vice-prefeito Manezinho Louren\u00e7o e aos familiares pelo apoio e reafirmou seu compromisso com o munic\u00edpio. \u201cEstou entregando o comando do Poder Legislativo com a sensa\u00e7\u00e3o de dever cumprido, continuarei trabalhando na constru\u00e7\u00e3o de um munic\u00edpio cada vez melhor\u201d, pontuou.<\/p>\n<p><strong>Noticias em Destaque<\/strong><\/p>\n<p style=\"text-align: right;\"><em>Fonte: Ascom\/C\u00e2mara<\/em><\/p>\n","protected":false},"excerpt":{"rendered":"<p>O presidente da C\u00e2mara de Vereadores de Sum\u00e9, Ant\u00f4nio Carlos Sarmento, participou nesta quinta-feira (29), do jornalismo da R\u00e1dio 95fm. Na ocasi\u00e3o ele fez um balan\u00e7o positivo da sua gest\u00e3o \u00e0 frente da C\u00e2mara Municipal no bi\u00eanio 2021\/2022. Ant\u00f4nio Carlos ressaltou a grande produtividade dos vereadores na apresenta\u00e7\u00e3o de projetos e requerimentos, objetivando melhorar as condi\u00e7\u00f5es de vida dos sumeenses. O vereador falou sobre a valoriza\u00e7\u00e3o dos servidores municipais. \u201cQuando eu assumi tive a oportunidade de reajustar em mais de 40% os vencimentos dos servidores que h\u00e1 anos aguardavam esse reconhecimento\u201d, afirmou. Ant\u00f4nio Carlos pontuou as melhorias na sede do Poder Legislativo. \u201cEm nossa gest\u00e3o realizamos a troca dos ares condicionados, a reforma do pr\u00e9dio, melhoramento nas salas, padroniza\u00e7\u00e3o visual, ilumina\u00e7\u00e3o de led no plen\u00e1rio e na fachada, entre outras a\u00e7\u00f5es\u201d, disse. O vereador lembrou que em sua gest\u00e3o foi inaugurado a galeria de ex-prefeitos denominada de Genival Paulino de Souza (Vav\u00e1) e a galeria de ex-presidentes que homenageou o ex-vereador Jos\u00e9 Batista Gon\u00e7alves (Z\u00e9 Rodrigues). Durante a entrevista, o parlamentar ressaltou a realiza\u00e7\u00e3o da primeira sess\u00e3o itinerante da hist\u00f3ria do Poder Legislativo. O encontro foi realizado no Distrito de Pio X e contou com uma grande participa\u00e7\u00e3o da popula\u00e7\u00e3o, que teve a oportunidade de usar a palavra para fazer questionamentos aos vereadores. Outra marca da administra\u00e7\u00e3o do vereador Ant\u00f4nio Carlos foi a entrega de t\u00edtulos de cidad\u00e3o sumeense. \u201cT\u00ednhamos homenagens aprovadas h\u00e1 mais de quinze anos, tivemos a oportunidade de realizar algumas sess\u00f5es solenes para zerar a fila de t\u00edtulos a serem entregues\u201d, disse. Ant\u00f4nio Carlos agradeceu aos demais vereadores, ao prefeito \u00c9den Duarte, vice-prefeito Manezinho Louren\u00e7o e aos familiares pelo apoio e reafirmou seu compromisso com o munic\u00edpio. \u201cEstou entregando o comando do Poder Legislativo com a sensa\u00e7\u00e3o de dever cumprido, continuarei trabalhando na constru\u00e7\u00e3o de um munic\u00edpio cada vez melhor\u201d, pontuou. Noticias em Destaque Fonte: Ascom\/C\u00e2mara<\/p>\n","protected":false},"author":2,"featured_media":45137,"comment_status":"closed","ping_status":"open","sticky":false,"template":"","format":"standard","meta":{"_eb_attr":"","_jetpack_memberships_contains_paid_content":false,"footnotes":""},"categories":[3],"tags":[],"class_list":["post-45136","post","type-post","status-publish","format-standard","has-post-thumbnail","hentry","category-cidades"],"yoast_head":"<!-- This site is optimized with the Yoast SEO plugin v26.5 - https:\/\/yoast.com\/wordpress\/plugins\/seo\/ -->\n<title>Presidente da C\u00e2mara de Sum\u00e9 faz balan\u00e7o positivo de sua gest\u00e3o \u00e0 frente do Legislativo do munic\u00edpio - Not&iacute;cias em Destaque<\/title>\n<meta name=\"robots\" content=\"index, follow, max-snippet:-1, max-image-preview:large, max-video-preview:-1\" \/>\n<link rel=\"canonical\" href=\"https:\/\/noticiasemdestaque.com\/cd\/?p=45136\" \/>\n<meta property=\"og:locale\" content=\"pt_BR\" \/>\n<meta property=\"og:type\" content=\"article\" \/>\n<meta property=\"og:title\" content=\"Presidente da C\u00e2mara de Sum\u00e9 faz balan\u00e7o positivo de sua gest\u00e3o \u00e0 frente do Legislativo do munic\u00edpio - Not&iacute;cias em Destaque\" \/>\n<meta property=\"og:description\" content=\"O presidente da C\u00e2mara de Vereadores de Sum\u00e9, Ant\u00f4nio Carlos Sarmento, participou nesta quinta-feira (29), do jornalismo da R\u00e1dio 95fm. Na ocasi\u00e3o ele fez um balan\u00e7o positivo da sua gest\u00e3o \u00e0 frente da C\u00e2mara Municipal no bi\u00eanio 2021\/2022. Ant\u00f4nio Carlos ressaltou a grande produtividade dos vereadores na apresenta\u00e7\u00e3o de projetos e requerimentos, objetivando melhorar as condi\u00e7\u00f5es de vida dos sumeenses. O vereador falou sobre a valoriza\u00e7\u00e3o dos servidores municipais. \u201cQuando eu assumi tive a oportunidade de reajustar em mais de 40% os vencimentos dos servidores que h\u00e1 anos aguardavam esse reconhecimento\u201d, afirmou. Ant\u00f4nio Carlos pontuou as melhorias na sede do Poder Legislativo. \u201cEm nossa gest\u00e3o realizamos a troca dos ares condicionados, a reforma do pr\u00e9dio, melhoramento nas salas, padroniza\u00e7\u00e3o visual, ilumina\u00e7\u00e3o de led no plen\u00e1rio e na fachada, entre outras a\u00e7\u00f5es\u201d, disse. O vereador lembrou que em sua gest\u00e3o foi inaugurado a galeria de ex-prefeitos denominada de Genival Paulino de Souza (Vav\u00e1) e a galeria de ex-presidentes que homenageou o ex-vereador Jos\u00e9 Batista Gon\u00e7alves (Z\u00e9 Rodrigues). Durante a entrevista, o parlamentar ressaltou a realiza\u00e7\u00e3o da primeira sess\u00e3o itinerante da hist\u00f3ria do Poder Legislativo. O encontro foi realizado no Distrito de Pio X e contou com uma grande participa\u00e7\u00e3o da popula\u00e7\u00e3o, que teve a oportunidade de usar a palavra para fazer questionamentos aos vereadores. Outra marca da administra\u00e7\u00e3o do vereador Ant\u00f4nio Carlos foi a entrega de t\u00edtulos de cidad\u00e3o sumeense. \u201cT\u00ednhamos homenagens aprovadas h\u00e1 mais de quinze anos, tivemos a oportunidade de realizar algumas sess\u00f5es solenes para zerar a fila de t\u00edtulos a serem entregues\u201d, disse. Ant\u00f4nio Carlos agradeceu aos demais vereadores, ao prefeito \u00c9den Duarte, vice-prefeito Manezinho Louren\u00e7o e aos familiares pelo apoio e reafirmou seu compromisso com o munic\u00edpio. \u201cEstou entregando o comando do Poder Legislativo com a sensa\u00e7\u00e3o de dever cumprido, continuarei trabalhando na constru\u00e7\u00e3o de um munic\u00edpio cada vez melhor\u201d, pontuou. Noticias em Destaque Fonte: Ascom\/C\u00e2mara\" \/>\n<meta property=\"og:url\" content=\"https:\/\/noticiasemdestaque.com\/cd\/?p=45136\" \/>\n<meta property=\"og:site_name\" content=\"Not&iacute;cias em Destaque\" \/>\n<meta property=\"article:published_time\" content=\"2022-12-30T13:14:03+00:00\" \/>\n<meta property=\"og:image\" content=\"https:\/\/noticiasemdestaque.com\/cd\/wp-content\/uploads\/2022\/12\/WhatsApp-Image-2022-12-30-at-10.03.47.jpeg\" \/>\n\t<meta property=\"og:image:width\" content=\"1080\" \/>\n\t<meta property=\"og:image:height\" content=\"1080\" \/>\n\t<meta property=\"og:image:type\" content=\"image\/jpeg\" \/>\n<meta name=\"author\" content=\"Not\u00edcias em Destaque\" \/>\n<meta name=\"twitter:card\" content=\"summary_large_image\" \/>\n<meta name=\"twitter:label1\" content=\"Escrito por\" \/>\n\t<meta name=\"twitter:data1\" content=\"Not\u00edcias em Destaque\" \/>\n\t<meta name=\"twitter:label2\" content=\"Est. tempo de leitura\" \/>\n\t<meta name=\"twitter:data2\" content=\"2 minutos\" \/>\n<script type=\"application\/ld+json\" class=\"yoast-schema-graph\">{\"@context\":\"https:\/\/schema.org\",\"@graph\":[{\"@type\":\"Article\",\"@id\":\"https:\/\/noticiasemdestaque.com\/cd\/?p=45136#article\",\"isPartOf\":{\"@id\":\"https:\/\/noticiasemdestaque.com\/cd\/?p=45136\"},\"author\":{\"name\":\"Not\u00edcias em Destaque\",\"@id\":\"https:\/\/noticiasemdestaque.com\/cd\/#\/schema\/person\/47f7d4f55eec17c6b2ca036c5500f6ce\"},\"headline\":\"Presidente da C\u00e2mara de Sum\u00e9 faz balan\u00e7o positivo de sua gest\u00e3o \u00e0 frente do Legislativo do munic\u00edpio\",\"datePublished\":\"2022-12-30T13:14:03+00:00\",\"mainEntityOfPage\":{\"@id\":\"https:\/\/noticiasemdestaque.com\/cd\/?p=45136\"},\"wordCount\":366,\"publisher\":{\"@id\":\"https:\/\/noticiasemdestaque.com\/cd\/#organization\"},\"image\":{\"@id\":\"https:\/\/noticiasemdestaque.com\/cd\/?p=45136#primaryimage\"},\"thumbnailUrl\":\"https:\/\/noticiasemdestaque.com\/cd\/wp-content\/uploads\/2022\/12\/WhatsApp-Image-2022-12-30-at-10.03.47.jpeg\",\"articleSection\":[\"Cidades\"],\"inLanguage\":\"pt-BR\"},{\"@type\":\"WebPage\",\"@id\":\"https:\/\/noticiasemdestaque.com\/cd\/?p=45136\",\"url\":\"https:\/\/noticiasemdestaque.com\/cd\/?p=45136\",\"name\":\"Presidente da C\u00e2mara de Sum\u00e9 faz balan\u00e7o positivo de sua gest\u00e3o \u00e0 frente do Legislativo do munic\u00edpio - Not&iacute;cias em Destaque\",\"isPartOf\":{\"@id\":\"https:\/\/noticiasemdestaque.com\/cd\/#website\"},\"primaryImageOfPage\":{\"@id\":\"https:\/\/noticiasemdestaque.com\/cd\/?p=45136#primaryimage\"},\"image\":{\"@id\":\"https:\/\/noticiasemdestaque.com\/cd\/?p=45136#primaryimage\"},\"thumbnailUrl\":\"https:\/\/noticiasemdestaque.com\/cd\/wp-content\/uploads\/2022\/12\/WhatsApp-Image-2022-12-30-at-10.03.47.jpeg\",\"datePublished\":\"2022-12-30T13:14:03+00:00\",\"breadcrumb\":{\"@id\":\"https:\/\/noticiasemdestaque.com\/cd\/?p=45136#breadcrumb\"},\"inLanguage\":\"pt-BR\",\"potentialAction\":[{\"@type\":\"ReadAction\",\"target\":[\"https:\/\/noticiasemdestaque.com\/cd\/?p=45136\"]}]},{\"@type\":\"ImageObject\",\"inLanguage\":\"pt-BR\",\"@id\":\"https:\/\/noticiasemdestaque.com\/cd\/?p=45136#primaryimage\",\"url\":\"https:\/\/noticiasemdestaque.com\/cd\/wp-content\/uploads\/2022\/12\/WhatsApp-Image-2022-12-30-at-10.03.47.jpeg\",\"contentUrl\":\"https:\/\/noticiasemdestaque.com\/cd\/wp-content\/uploads\/2022\/12\/WhatsApp-Image-2022-12-30-at-10.03.47.jpeg\",\"width\":1080,\"height\":1080},{\"@type\":\"BreadcrumbList\",\"@id\":\"https:\/\/noticiasemdestaque.com\/cd\/?p=45136#breadcrumb\",\"itemListElement\":[{\"@type\":\"ListItem\",\"position\":1,\"name\":\"In\u00edcio\",\"item\":\"https:\/\/noticiasemdestaque.com\/cd\/\"},{\"@type\":\"ListItem\",\"position\":2,\"name\":\"Presidente da C\u00e2mara de Sum\u00e9 faz balan\u00e7o positivo de sua gest\u00e3o \u00e0 frente do Legislativo do munic\u00edpio\"}]},{\"@type\":\"WebSite\",\"@id\":\"https:\/\/noticiasemdestaque.com\/cd\/#website\",\"url\":\"https:\/\/noticiasemdestaque.com\/cd\/\",\"name\":\"Not&iacute;cias em Destaque\",\"description\":\"\",\"publisher\":{\"@id\":\"https:\/\/noticiasemdestaque.com\/cd\/#organization\"},\"potentialAction\":[{\"@type\":\"SearchAction\",\"target\":{\"@type\":\"EntryPoint\",\"urlTemplate\":\"https:\/\/noticiasemdestaque.com\/cd\/?s={search_term_string}\"},\"query-input\":{\"@type\":\"PropertyValueSpecification\",\"valueRequired\":true,\"valueName\":\"search_term_string\"}}],\"inLanguage\":\"pt-BR\"},{\"@type\":\"Organization\",\"@id\":\"https:\/\/noticiasemdestaque.com\/cd\/#organization\",\"name\":\"Not\u00edcias em Destaque\",\"url\":\"https:\/\/noticiasemdestaque.com\/cd\/\",\"logo\":{\"@type\":\"ImageObject\",\"inLanguage\":\"pt-BR\",\"@id\":\"https:\/\/noticiasemdestaque.com\/cd\/#\/schema\/logo\/image\/\",\"url\":\"https:\/\/noticiasemdestaque.com\/cd\/wp-content\/uploads\/2022\/05\/imagem-base-noticiasemdestaque.png\",\"contentUrl\":\"https:\/\/noticiasemdestaque.com\/cd\/wp-content\/uploads\/2022\/05\/imagem-base-noticiasemdestaque.png\",\"width\":1200,\"height\":630,\"caption\":\"Not\u00edcias em Destaque\"},\"image\":{\"@id\":\"https:\/\/noticiasemdestaque.com\/cd\/#\/schema\/logo\/image\/\"}},{\"@type\":\"Person\",\"@id\":\"https:\/\/noticiasemdestaque.com\/cd\/#\/schema\/person\/47f7d4f55eec17c6b2ca036c5500f6ce\",\"name\":\"Not\u00edcias em Destaque\",\"url\":\"https:\/\/noticiasemdestaque.com\/cd\/?author=2\"}]}<\/script>\n<!-- \/ Yoast SEO plugin. -->","yoast_head_json":{"title":"Presidente da C\u00e2mara de Sum\u00e9 faz balan\u00e7o positivo de sua gest\u00e3o \u00e0 frente do Legislativo do munic\u00edpio - Not&iacute;cias em Destaque","robots":{"index":"index","follow":"follow","max-snippet":"max-snippet:-1","max-image-preview":"max-image-preview:large","max-video-preview":"max-video-preview:-1"},"canonical":"https:\/\/noticiasemdestaque.com\/cd\/?p=45136","og_locale":"pt_BR","og_type":"article","og_title":"Presidente da C\u00e2mara de Sum\u00e9 faz balan\u00e7o positivo de sua gest\u00e3o \u00e0 frente do Legislativo do munic\u00edpio - Not&iacute;cias em Destaque","og_description":"O presidente da C\u00e2mara de Vereadores de Sum\u00e9, Ant\u00f4nio Carlos Sarmento, participou nesta quinta-feira (29), do jornalismo da R\u00e1dio 95fm. Na ocasi\u00e3o ele fez um balan\u00e7o positivo da sua gest\u00e3o \u00e0 frente da C\u00e2mara Municipal no bi\u00eanio 2021\/2022. Ant\u00f4nio Carlos ressaltou a grande produtividade dos vereadores na apresenta\u00e7\u00e3o de projetos e requerimentos, objetivando melhorar as condi\u00e7\u00f5es de vida dos sumeenses. O vereador falou sobre a valoriza\u00e7\u00e3o dos servidores municipais. \u201cQuando eu assumi tive a oportunidade de reajustar em mais de 40% os vencimentos dos servidores que h\u00e1 anos aguardavam esse reconhecimento\u201d, afirmou. Ant\u00f4nio Carlos pontuou as melhorias na sede do Poder Legislativo. \u201cEm nossa gest\u00e3o realizamos a troca dos ares condicionados, a reforma do pr\u00e9dio, melhoramento nas salas, padroniza\u00e7\u00e3o visual, ilumina\u00e7\u00e3o de led no plen\u00e1rio e na fachada, entre outras a\u00e7\u00f5es\u201d, disse. O vereador lembrou que em sua gest\u00e3o foi inaugurado a galeria de ex-prefeitos denominada de Genival Paulino de Souza (Vav\u00e1) e a galeria de ex-presidentes que homenageou o ex-vereador Jos\u00e9 Batista Gon\u00e7alves (Z\u00e9 Rodrigues). Durante a entrevista, o parlamentar ressaltou a realiza\u00e7\u00e3o da primeira sess\u00e3o itinerante da hist\u00f3ria do Poder Legislativo. O encontro foi realizado no Distrito de Pio X e contou com uma grande participa\u00e7\u00e3o da popula\u00e7\u00e3o, que teve a oportunidade de usar a palavra para fazer questionamentos aos vereadores. Outra marca da administra\u00e7\u00e3o do vereador Ant\u00f4nio Carlos foi a entrega de t\u00edtulos de cidad\u00e3o sumeense. \u201cT\u00ednhamos homenagens aprovadas h\u00e1 mais de quinze anos, tivemos a oportunidade de realizar algumas sess\u00f5es solenes para zerar a fila de t\u00edtulos a serem entregues\u201d, disse. Ant\u00f4nio Carlos agradeceu aos demais vereadores, ao prefeito \u00c9den Duarte, vice-prefeito Manezinho Louren\u00e7o e aos familiares pelo apoio e reafirmou seu compromisso com o munic\u00edpio. \u201cEstou entregando o comando do Poder Legislativo com a sensa\u00e7\u00e3o de dever cumprido, continuarei trabalhando na constru\u00e7\u00e3o de um munic\u00edpio cada vez melhor\u201d, pontuou. Noticias em Destaque Fonte: Ascom\/C\u00e2mara","og_url":"https:\/\/noticiasemdestaque.com\/cd\/?p=45136","og_site_name":"Not&iacute;cias em Destaque","article_published_time":"2022-12-30T13:14:03+00:00","og_image":[{"width":1080,"height":1080,"url":"https:\/\/noticiasemdestaque.com\/cd\/wp-content\/uploads\/2022\/12\/WhatsApp-Image-2022-12-30-at-10.03.47.jpeg","type":"image\/jpeg"}],"author":"Not\u00edcias em Destaque","twitter_card":"summary_large_image","twitter_misc":{"Escrito por":"Not\u00edcias em Destaque","Est. tempo de leitura":"2 minutos"},"schema":{"@context":"https:\/\/schema.org","@graph":[{"@type":"Article","@id":"https:\/\/noticiasemdestaque.com\/cd\/?p=45136#article","isPartOf":{"@id":"https:\/\/noticiasemdestaque.com\/cd\/?p=45136"},"author":{"name":"Not\u00edcias em Destaque","@id":"https:\/\/noticiasemdestaque.com\/cd\/#\/schema\/person\/47f7d4f55eec17c6b2ca036c5500f6ce"},"headline":"Presidente da C\u00e2mara de Sum\u00e9 faz balan\u00e7o positivo de sua gest\u00e3o \u00e0 frente do Legislativo do munic\u00edpio","datePublished":"2022-12-30T13:14:03+00:00","mainEntityOfPage":{"@id":"https:\/\/noticiasemdestaque.com\/cd\/?p=45136"},"wordCount":366,"publisher":{"@id":"https:\/\/noticiasemdestaque.com\/cd\/#organization"},"image":{"@id":"https:\/\/noticiasemdestaque.com\/cd\/?p=45136#primaryimage"},"thumbnailUrl":"https:\/\/noticiasemdestaque.com\/cd\/wp-content\/uploads\/2022\/12\/WhatsApp-Image-2022-12-30-at-10.03.47.jpeg","articleSection":["Cidades"],"inLanguage":"pt-BR"},{"@type":"WebPage","@id":"https:\/\/noticiasemdestaque.com\/cd\/?p=45136","url":"https:\/\/noticiasemdestaque.com\/cd\/?p=45136","name":"Presidente da C\u00e2mara de Sum\u00e9 faz balan\u00e7o positivo de sua gest\u00e3o \u00e0 frente do Legislativo do munic\u00edpio - Not&iacute;cias em Destaque","isPartOf":{"@id":"https:\/\/noticiasemdestaque.com\/cd\/#website"},"primaryImageOfPage":{"@id":"https:\/\/noticiasemdestaque.com\/cd\/?p=45136#primaryimage"},"image":{"@id":"https:\/\/noticiasemdestaque.com\/cd\/?p=45136#primaryimage"},"thumbnailUrl":"https:\/\/noticiasemdestaque.com\/cd\/wp-content\/uploads\/2022\/12\/WhatsApp-Image-2022-12-30-at-10.03.47.jpeg","datePublished":"2022-12-30T13:14:03+00:00","breadcrumb":{"@id":"https:\/\/noticiasemdestaque.com\/cd\/?p=45136#breadcrumb"},"inLanguage":"pt-BR","potentialAction":[{"@type":"ReadAction","target":["https:\/\/noticiasemdestaque.com\/cd\/?p=45136"]}]},{"@type":"ImageObject","inLanguage":"pt-BR","@id":"https:\/\/noticiasemdestaque.com\/cd\/?p=45136#primaryimage","url":"https:\/\/noticiasemdestaque.com\/cd\/wp-content\/uploads\/2022\/12\/WhatsApp-Image-2022-12-30-at-10.03.47.jpeg","contentUrl":"https:\/\/noticiasemdestaque.com\/cd\/wp-content\/uploads\/2022\/12\/WhatsApp-Image-2022-12-30-at-10.03.47.jpeg","width":1080,"height":1080},{"@type":"BreadcrumbList","@id":"https:\/\/noticiasemdestaque.com\/cd\/?p=45136#breadcrumb","itemListElement":[{"@type":"ListItem","position":1,"name":"In\u00edcio","item":"https:\/\/noticiasemdestaque.com\/cd\/"},{"@type":"ListItem","position":2,"name":"Presidente da C\u00e2mara de Sum\u00e9 faz balan\u00e7o positivo de sua gest\u00e3o \u00e0 frente do Legislativo do munic\u00edpio"}]},{"@type":"WebSite","@id":"https:\/\/noticiasemdestaque.com\/cd\/#website","url":"https:\/\/noticiasemdestaque.com\/cd\/","name":"Not&iacute;cias em Destaque","description":"","publisher":{"@id":"https:\/\/noticiasemdestaque.com\/cd\/#organization"},"potentialAction":[{"@type":"SearchAction","target":{"@type":"EntryPoint","urlTemplate":"https:\/\/noticiasemdestaque.com\/cd\/?s={search_term_string}"},"query-input":{"@type":"PropertyValueSpecification","valueRequired":true,"valueName":"search_term_string"}}],"inLanguage":"pt-BR"},{"@type":"Organization","@id":"https:\/\/noticiasemdestaque.com\/cd\/#organization","name":"Not\u00edcias em Destaque","url":"https:\/\/noticiasemdestaque.com\/cd\/","logo":{"@type":"ImageObject","inLanguage":"pt-BR","@id":"https:\/\/noticiasemdestaque.com\/cd\/#\/schema\/logo\/image\/","url":"https:\/\/noticiasemdestaque.com\/cd\/wp-content\/uploads\/2022\/05\/imagem-base-noticiasemdestaque.png","contentUrl":"https:\/\/noticiasemdestaque.com\/cd\/wp-content\/uploads\/2022\/05\/imagem-base-noticiasemdestaque.png","width":1200,"height":630,"caption":"Not\u00edcias em Destaque"},"image":{"@id":"https:\/\/noticiasemdestaque.com\/cd\/#\/schema\/logo\/image\/"}},{"@type":"Person","@id":"https:\/\/noticiasemdestaque.com\/cd\/#\/schema\/person\/47f7d4f55eec17c6b2ca036c5500f6ce","name":"Not\u00edcias em Destaque","url":"https:\/\/noticiasemdestaque.com\/cd\/?author=2"}]}},"jetpack_featured_media_url":"https:\/\/noticiasemdestaque.com\/cd\/wp-content\/uploads\/2022\/12\/WhatsApp-Image-2022-12-30-at-10.03.47.jpeg","jetpack_sharing_enabled":true,"_links":{"self":[{"href":"https:\/\/noticiasemdestaque.com\/cd\/index.php?rest_route=\/wp\/v2\/posts\/45136","targetHints":{"allow":["GET"]}}],"collection":[{"href":"https:\/\/noticiasemdestaque.com\/cd\/index.php?rest_route=\/wp\/v2\/posts"}],"about":[{"href":"https:\/\/noticiasemdestaque.com\/cd\/index.php?rest_route=\/wp\/v2\/types\/post"}],"author":[{"embeddable":true,"href":"https:\/\/noticiasemdestaque.com\/cd\/index.php?rest_route=\/wp\/v2\/users\/2"}],"replies":[{"embeddable":true,"href":"https:\/\/noticiasemdestaque.com\/cd\/index.php?rest_route=%2Fwp%2Fv2%2Fcomments&post=45136"}],"version-history":[{"count":1,"href":"https:\/\/noticiasemdestaque.com\/cd\/index.php?rest_route=\/wp\/v2\/posts\/45136\/revisions"}],"predecessor-version":[{"id":45138,"href":"https:\/\/noticiasemdestaque.com\/cd\/index.php?rest_route=\/wp\/v2\/posts\/45136\/revisions\/45138"}],"wp:featuredmedia":[{"embeddable":true,"href":"https:\/\/noticiasemdestaque.com\/cd\/index.php?rest_route=\/wp\/v2\/media\/45137"}],"wp:attachment":[{"href":"https:\/\/noticiasemdestaque.com\/cd\/index.php?rest_route=%2Fwp%2Fv2%2Fmedia&parent=45136"}],"wp:term":[{"taxonomy":"category","embeddable":true,"href":"https:\/\/noticiasemdestaque.com\/cd\/index.php?rest_route=%2Fwp%2Fv2%2Fcategories&post=45136"},{"taxonomy":"post_tag","embeddable":true,"href":"https:\/\/noticiasemdestaque.com\/cd\/index.php?rest_route=%2Fwp%2Fv2%2Ftags&post=45136"}],"curies":[{"name":"wp","href":"https:\/\/api.w.org\/{rel}","templated":true}]}}