{"id":45130,"date":"2022-12-30T09:07:13","date_gmt":"2022-12-30T12:07:13","guid":{"rendered":"https:\/\/noticiasemdestaque.com\/cd\/?p=45130"},"modified":"2022-12-30T09:07:13","modified_gmt":"2022-12-30T12:07:13","slug":"bancos-estao-fechados-e-shoppings-tem-horario-diferenciado-a-partir-de-hoje-confira-o-que-abre-e-o-que-fecha-na-paraiba","status":"publish","type":"post","link":"https:\/\/noticiasemdestaque.com\/cd\/?p=45130","title":{"rendered":"Bancos est\u00e3o fechados e shoppings t\u00eam hor\u00e1rio diferenciado a partir de hoje; confira o que abre e o que fecha na Para\u00edba"},"content":{"rendered":"<p><a href=\"https:\/\/noticiasemdestaque.com\/cd\/wp-content\/uploads\/2022\/12\/centro_de_joao_pessoa_comercio.jpg\"><img fetchpriority=\"high\" decoding=\"async\" class=\"alignnone  wp-image-45131\" src=\"https:\/\/noticiasemdestaque.com\/cd\/wp-content\/uploads\/2022\/12\/centro_de_joao_pessoa_comercio-300x200.jpg\" alt=\"\" width=\"1077\" height=\"718\" srcset=\"https:\/\/noticiasemdestaque.com\/cd\/wp-content\/uploads\/2022\/12\/centro_de_joao_pessoa_comercio-300x200.jpg 300w, https:\/\/noticiasemdestaque.com\/cd\/wp-content\/uploads\/2022\/12\/centro_de_joao_pessoa_comercio-768x513.jpg 768w, https:\/\/noticiasemdestaque.com\/cd\/wp-content\/uploads\/2022\/12\/centro_de_joao_pessoa_comercio-18x12.jpg 18w, https:\/\/noticiasemdestaque.com\/cd\/wp-content\/uploads\/2022\/12\/centro_de_joao_pessoa_comercio.jpg 876w\" sizes=\"(max-width: 1077px) 100vw, 1077px\" \/><\/a><\/p>\n<p>Em plena contagem regressiva para 2023, os bancos, com\u00e9rcio e reparti\u00e7\u00f5es p\u00fablicas est\u00e3o adotando hor\u00e1rio diferenciado j\u00e1 a partir de hoje (30). Os\u00a0shoppings ter\u00e3o funcionamento especial no s\u00e1bado (31) e no domingo, 1\u00ba de janeiro de 2023. As reparti\u00e7\u00f5es p\u00fablicas, em sua maioria, j\u00e1 n\u00e3o funcionam normalmente no s\u00e1bado e domingo. os bancos j\u00e1 est\u00e3o fechados a partir de hoje.<\/p>\n<p>Confira o que abre e o que fecha\u00a0no fim de semana de R\u00e9veillon e Ano Novo:<\/p>\n<p><strong>Bancos<\/strong><\/p>\n<p>Estar\u00e3o fechados a partir desta sexta-feira (30) e\u00a0 s\u00f3 voltar\u00e3o a funcionar na segunda-feira (2).<\/p>\n<p><strong>Reparti\u00e7\u00f5es P\u00fablicas<\/strong><\/p>\n<p>Ficam fechadas no fim de semana, mantidos apenas os servi\u00e7os essenciais.<\/p>\n<p><strong>Com\u00e9rcio<\/strong><\/p>\n<p>Funcionar\u00e1 normalmente hoje e no s\u00e1bado (31), at\u00e9 18h, e estar\u00e1 fechado no domingo (1\u00ba), conforme definido na conven\u00e7\u00e3o coletiva da categoria.<\/p>\n<p><strong>Trens<\/strong><\/p>\n<p>Os Ve\u00edculos Leves sobre Trilhos (VLTs) funcionar\u00e3o normalmente nesta sexta-feira (30)\u00a0s\u00e1bado (31), v\u00e9spera de Ano Novo,\u00a0das 04h58 \u00e0s 12h17. No domingo (dia 1\u00ba) n\u00e3o haver\u00e1 opera\u00e7\u00e3o.<\/p>\n<p><strong>Bica<\/strong><\/p>\n<p>Durante as festividades de fim de ano, o Parque Zoobot\u00e2nico Arruda C\u00e2mara, a Bica, funcionar\u00e1 com hor\u00e1rio diferenciado apenas no dia 31, o espa\u00e7o receber\u00e1 o p\u00fablico das 8h \u00e0s 12h. J\u00e1 no dia 1\u00ba de janeiro, a visita\u00e7\u00e3o ser\u00e1 das 12h \u00e0s 17h.<\/p>\n<p><strong>\u00d4nibus<\/strong><\/p>\n<p>Funcionar\u00e1\u00a0normalmente hoje. Neste s\u00e1bado (31), haver\u00e1 refor\u00e7o\u00a0nas linhas 507 (cabo branco) e 510 (tamba\u00fa), a partir das 20h.<\/p>\n<p><strong>Mana\u00edra e Mangabeira Shopping<\/strong><\/p>\n<p>Fechar\u00e3o uma hora mais tarde (23h) hoje\u00a0(30). V\u00e3o funcionar das 10h \u00e0s 19h no dia 31 de dezembro e apenas com pra\u00e7a de alimenta\u00e7\u00e3o, lazer e Espa\u00e7o Gourmet (Mana\u00edra) no dia 1\u00ba, das 12h \u00e0s 20h.<\/p>\n<p><strong>Tambi\u00e1 Shopping<\/strong><\/p>\n<p>Nesta\u00a0 sexta funcionar\u00e1 das 9h \u00e0s 20h, lojas, e 21h, pra\u00e7a de alimenta\u00e7\u00e3o. No s\u00e1bado,<br \/>\nvai operar das 9h \u00e0s 18h. No domingo, abrir\u00e1 apenas o cinema.<\/p>\n<p><strong>Mag Shopping<\/strong><\/p>\n<p>No dia 31, estar\u00e1 com lojas abertas das 9h \u00e0s 19h e pra\u00e7a de alimenta\u00e7\u00e3o a partir das 10h, at\u00e9<br \/>\n19h. J\u00e1 no dia 1\u00ba, as lojas estar\u00e3o fechadas e a pra\u00e7a de alimenta\u00e7\u00e3o funcionar\u00e1 das 11h30 \u00e0s 22h.<\/p>\n<p><strong>Liv Mall<\/strong><\/p>\n<p>No dia 31, vai funcionar das 10h \u00e0s 18h e o parque da Turma da M\u00f4nica estar\u00e1 fechado. No dia<br \/>\n1\u00ba, todo o shopping estar\u00e1 fechado.<\/p>\n<p><strong>Partage Shopping (Campina Grande)<\/strong><\/p>\n<p>No dia 31, o Big Bom Pre\u00e7o funcionar\u00e1 das 9h \u00e0s 18h, as lojas e quiosques funcionar\u00e3o das 10h \u00e0s 18h e as pra\u00e7as de alimenta\u00e7\u00e3o e lazer v\u00e3o operar das 11h \u00e0s 18h. No dia 1\u00ba,<br \/>\ntodas as lojas, quiosques, o Big Bompre\u00e7o estar\u00e3o fechados. As pra\u00e7as de<br \/>\nalimenta\u00e7\u00e3o e lazer ter\u00e3o funcionamento facultativo. O cinema funcionar\u00e1<br \/>\nconforme programa\u00e7\u00e3o.<\/p>\n<p><strong>Patos Shopping<\/strong><\/p>\n<p>No dia 31 funcionar\u00e1 das 10h \u00e0s 19h. No dia 1\u00ba, estar\u00e1 fechado.<\/p>\n<p><strong>Noticias em Destaque<\/strong><\/p>\n<p style=\"text-align: right;\"><em>Fonte: Click PB<\/em><\/p>\n","protected":false},"excerpt":{"rendered":"<p>Em plena contagem regressiva para 2023, os bancos, com\u00e9rcio e reparti\u00e7\u00f5es p\u00fablicas est\u00e3o adotando hor\u00e1rio diferenciado j\u00e1 a partir de hoje (30). Os\u00a0shoppings ter\u00e3o funcionamento especial no s\u00e1bado (31) e no domingo, 1\u00ba de janeiro de 2023. As reparti\u00e7\u00f5es p\u00fablicas, em sua maioria, j\u00e1 n\u00e3o funcionam normalmente no s\u00e1bado e domingo. os bancos j\u00e1 est\u00e3o fechados a partir de hoje. Confira o que abre e o que fecha\u00a0no fim de semana de R\u00e9veillon e Ano Novo: Bancos Estar\u00e3o fechados a partir desta sexta-feira (30) e\u00a0 s\u00f3 voltar\u00e3o a funcionar na segunda-feira (2). Reparti\u00e7\u00f5es P\u00fablicas Ficam fechadas no fim de semana, mantidos apenas os servi\u00e7os essenciais. Com\u00e9rcio Funcionar\u00e1 normalmente hoje e no s\u00e1bado (31), at\u00e9 18h, e estar\u00e1 fechado no domingo (1\u00ba), conforme definido na conven\u00e7\u00e3o coletiva da categoria. Trens Os Ve\u00edculos Leves sobre Trilhos (VLTs) funcionar\u00e3o normalmente nesta sexta-feira (30)\u00a0s\u00e1bado (31), v\u00e9spera de Ano Novo,\u00a0das 04h58 \u00e0s 12h17. No domingo (dia 1\u00ba) n\u00e3o haver\u00e1 opera\u00e7\u00e3o. Bica Durante as festividades de fim de ano, o Parque Zoobot\u00e2nico Arruda C\u00e2mara, a Bica, funcionar\u00e1 com hor\u00e1rio diferenciado apenas no dia 31, o espa\u00e7o receber\u00e1 o p\u00fablico das 8h \u00e0s 12h. J\u00e1 no dia 1\u00ba de janeiro, a visita\u00e7\u00e3o ser\u00e1 das 12h \u00e0s 17h. \u00d4nibus Funcionar\u00e1\u00a0normalmente hoje. Neste s\u00e1bado (31), haver\u00e1 refor\u00e7o\u00a0nas linhas 507 (cabo branco) e 510 (tamba\u00fa), a partir das 20h. Mana\u00edra e Mangabeira Shopping Fechar\u00e3o uma hora mais tarde (23h) hoje\u00a0(30). V\u00e3o funcionar das 10h \u00e0s 19h no dia 31 de dezembro e apenas com pra\u00e7a de alimenta\u00e7\u00e3o, lazer e Espa\u00e7o Gourmet (Mana\u00edra) no dia 1\u00ba, das 12h \u00e0s 20h. Tambi\u00e1 Shopping Nesta\u00a0 sexta funcionar\u00e1 das 9h \u00e0s 20h, lojas, e 21h, pra\u00e7a de alimenta\u00e7\u00e3o. No s\u00e1bado, vai operar das 9h \u00e0s 18h. No domingo, abrir\u00e1 apenas o cinema. Mag Shopping No dia 31, estar\u00e1 com lojas abertas das 9h \u00e0s 19h e pra\u00e7a de alimenta\u00e7\u00e3o a partir das 10h, at\u00e9 19h. J\u00e1 no dia 1\u00ba, as lojas estar\u00e3o fechadas e a pra\u00e7a de alimenta\u00e7\u00e3o funcionar\u00e1 das 11h30 \u00e0s 22h. Liv Mall No dia 31, vai funcionar das 10h \u00e0s 18h e o parque da Turma da M\u00f4nica estar\u00e1 fechado. No dia 1\u00ba, todo o shopping estar\u00e1 fechado. Partage Shopping (Campina Grande) No dia 31, o Big Bom Pre\u00e7o funcionar\u00e1 das 9h \u00e0s 18h, as lojas e quiosques funcionar\u00e3o das 10h \u00e0s 18h e as pra\u00e7as de alimenta\u00e7\u00e3o e lazer v\u00e3o operar das 11h \u00e0s 18h. No dia 1\u00ba, todas as lojas, quiosques, o Big Bompre\u00e7o estar\u00e3o fechados. As pra\u00e7as de alimenta\u00e7\u00e3o e lazer ter\u00e3o funcionamento facultativo. O cinema funcionar\u00e1 conforme programa\u00e7\u00e3o. Patos Shopping No dia 31 funcionar\u00e1 das 10h \u00e0s 19h. No dia 1\u00ba, estar\u00e1 fechado. Noticias em Destaque Fonte: Click PB<\/p>\n","protected":false},"author":2,"featured_media":45131,"comment_status":"closed","ping_status":"open","sticky":false,"template":"","format":"standard","meta":{"_eb_attr":"","_jetpack_memberships_contains_paid_content":false,"footnotes":""},"categories":[3],"tags":[],"class_list":["post-45130","post","type-post","status-publish","format-standard","has-post-thumbnail","hentry","category-cidades"],"yoast_head":"<!-- This site is optimized with the Yoast SEO plugin v26.5 - https:\/\/yoast.com\/wordpress\/plugins\/seo\/ -->\n<title>Bancos est\u00e3o fechados e shoppings t\u00eam hor\u00e1rio diferenciado a partir de hoje; confira o que abre e o que fecha na Para\u00edba - Not&iacute;cias em Destaque<\/title>\n<meta name=\"robots\" content=\"index, follow, max-snippet:-1, max-image-preview:large, max-video-preview:-1\" \/>\n<link rel=\"canonical\" href=\"https:\/\/noticiasemdestaque.com\/cd\/?p=45130\" \/>\n<meta property=\"og:locale\" content=\"pt_BR\" \/>\n<meta property=\"og:type\" content=\"article\" \/>\n<meta property=\"og:title\" content=\"Bancos est\u00e3o fechados e shoppings t\u00eam hor\u00e1rio diferenciado a partir de hoje; confira o que abre e o que fecha na Para\u00edba - Not&iacute;cias em Destaque\" \/>\n<meta property=\"og:description\" content=\"Em plena contagem regressiva para 2023, os bancos, com\u00e9rcio e reparti\u00e7\u00f5es p\u00fablicas est\u00e3o adotando hor\u00e1rio diferenciado j\u00e1 a partir de hoje (30). Os\u00a0shoppings ter\u00e3o funcionamento especial no s\u00e1bado (31) e no domingo, 1\u00ba de janeiro de 2023. As reparti\u00e7\u00f5es p\u00fablicas, em sua maioria, j\u00e1 n\u00e3o funcionam normalmente no s\u00e1bado e domingo. os bancos j\u00e1 est\u00e3o fechados a partir de hoje. Confira o que abre e o que fecha\u00a0no fim de semana de R\u00e9veillon e Ano Novo: Bancos Estar\u00e3o fechados a partir desta sexta-feira (30) e\u00a0 s\u00f3 voltar\u00e3o a funcionar na segunda-feira (2). Reparti\u00e7\u00f5es P\u00fablicas Ficam fechadas no fim de semana, mantidos apenas os servi\u00e7os essenciais. Com\u00e9rcio Funcionar\u00e1 normalmente hoje e no s\u00e1bado (31), at\u00e9 18h, e estar\u00e1 fechado no domingo (1\u00ba), conforme definido na conven\u00e7\u00e3o coletiva da categoria. Trens Os Ve\u00edculos Leves sobre Trilhos (VLTs) funcionar\u00e3o normalmente nesta sexta-feira (30)\u00a0s\u00e1bado (31), v\u00e9spera de Ano Novo,\u00a0das 04h58 \u00e0s 12h17. No domingo (dia 1\u00ba) n\u00e3o haver\u00e1 opera\u00e7\u00e3o. Bica Durante as festividades de fim de ano, o Parque Zoobot\u00e2nico Arruda C\u00e2mara, a Bica, funcionar\u00e1 com hor\u00e1rio diferenciado apenas no dia 31, o espa\u00e7o receber\u00e1 o p\u00fablico das 8h \u00e0s 12h. J\u00e1 no dia 1\u00ba de janeiro, a visita\u00e7\u00e3o ser\u00e1 das 12h \u00e0s 17h. \u00d4nibus Funcionar\u00e1\u00a0normalmente hoje. Neste s\u00e1bado (31), haver\u00e1 refor\u00e7o\u00a0nas linhas 507 (cabo branco) e 510 (tamba\u00fa), a partir das 20h. Mana\u00edra e Mangabeira Shopping Fechar\u00e3o uma hora mais tarde (23h) hoje\u00a0(30). V\u00e3o funcionar das 10h \u00e0s 19h no dia 31 de dezembro e apenas com pra\u00e7a de alimenta\u00e7\u00e3o, lazer e Espa\u00e7o Gourmet (Mana\u00edra) no dia 1\u00ba, das 12h \u00e0s 20h. Tambi\u00e1 Shopping Nesta\u00a0 sexta funcionar\u00e1 das 9h \u00e0s 20h, lojas, e 21h, pra\u00e7a de alimenta\u00e7\u00e3o. No s\u00e1bado, vai operar das 9h \u00e0s 18h. No domingo, abrir\u00e1 apenas o cinema. Mag Shopping No dia 31, estar\u00e1 com lojas abertas das 9h \u00e0s 19h e pra\u00e7a de alimenta\u00e7\u00e3o a partir das 10h, at\u00e9 19h. J\u00e1 no dia 1\u00ba, as lojas estar\u00e3o fechadas e a pra\u00e7a de alimenta\u00e7\u00e3o funcionar\u00e1 das 11h30 \u00e0s 22h. Liv Mall No dia 31, vai funcionar das 10h \u00e0s 18h e o parque da Turma da M\u00f4nica estar\u00e1 fechado. No dia 1\u00ba, todo o shopping estar\u00e1 fechado. Partage Shopping (Campina Grande) No dia 31, o Big Bom Pre\u00e7o funcionar\u00e1 das 9h \u00e0s 18h, as lojas e quiosques funcionar\u00e3o das 10h \u00e0s 18h e as pra\u00e7as de alimenta\u00e7\u00e3o e lazer v\u00e3o operar das 11h \u00e0s 18h. No dia 1\u00ba, todas as lojas, quiosques, o Big Bompre\u00e7o estar\u00e3o fechados. As pra\u00e7as de alimenta\u00e7\u00e3o e lazer ter\u00e3o funcionamento facultativo. O cinema funcionar\u00e1 conforme programa\u00e7\u00e3o. Patos Shopping No dia 31 funcionar\u00e1 das 10h \u00e0s 19h. No dia 1\u00ba, estar\u00e1 fechado. Noticias em Destaque Fonte: Click PB\" \/>\n<meta property=\"og:url\" content=\"https:\/\/noticiasemdestaque.com\/cd\/?p=45130\" \/>\n<meta property=\"og:site_name\" content=\"Not&iacute;cias em Destaque\" \/>\n<meta property=\"article:published_time\" content=\"2022-12-30T12:07:13+00:00\" \/>\n<meta property=\"og:image\" content=\"https:\/\/noticiasemdestaque.com\/cd\/wp-content\/uploads\/2022\/12\/centro_de_joao_pessoa_comercio.jpg\" \/>\n\t<meta property=\"og:image:width\" content=\"876\" \/>\n\t<meta property=\"og:image:height\" content=\"585\" \/>\n\t<meta property=\"og:image:type\" content=\"image\/jpeg\" \/>\n<meta name=\"author\" content=\"Not\u00edcias em Destaque\" \/>\n<meta name=\"twitter:card\" content=\"summary_large_image\" \/>\n<meta name=\"twitter:label1\" content=\"Escrito por\" \/>\n\t<meta name=\"twitter:data1\" content=\"Not\u00edcias em Destaque\" \/>\n\t<meta name=\"twitter:label2\" content=\"Est. tempo de leitura\" \/>\n\t<meta name=\"twitter:data2\" content=\"3 minutos\" \/>\n<script type=\"application\/ld+json\" class=\"yoast-schema-graph\">{\"@context\":\"https:\/\/schema.org\",\"@graph\":[{\"@type\":\"Article\",\"@id\":\"https:\/\/noticiasemdestaque.com\/cd\/?p=45130#article\",\"isPartOf\":{\"@id\":\"https:\/\/noticiasemdestaque.com\/cd\/?p=45130\"},\"author\":{\"name\":\"Not\u00edcias em Destaque\",\"@id\":\"https:\/\/noticiasemdestaque.com\/cd\/#\/schema\/person\/47f7d4f55eec17c6b2ca036c5500f6ce\"},\"headline\":\"Bancos est\u00e3o fechados e shoppings t\u00eam hor\u00e1rio diferenciado a partir de hoje; confira o que abre e o que fecha na Para\u00edba\",\"datePublished\":\"2022-12-30T12:07:13+00:00\",\"mainEntityOfPage\":{\"@id\":\"https:\/\/noticiasemdestaque.com\/cd\/?p=45130\"},\"wordCount\":509,\"publisher\":{\"@id\":\"https:\/\/noticiasemdestaque.com\/cd\/#organization\"},\"image\":{\"@id\":\"https:\/\/noticiasemdestaque.com\/cd\/?p=45130#primaryimage\"},\"thumbnailUrl\":\"https:\/\/noticiasemdestaque.com\/cd\/wp-content\/uploads\/2022\/12\/centro_de_joao_pessoa_comercio.jpg\",\"articleSection\":[\"Cidades\"],\"inLanguage\":\"pt-BR\"},{\"@type\":\"WebPage\",\"@id\":\"https:\/\/noticiasemdestaque.com\/cd\/?p=45130\",\"url\":\"https:\/\/noticiasemdestaque.com\/cd\/?p=45130\",\"name\":\"Bancos est\u00e3o fechados e shoppings t\u00eam hor\u00e1rio diferenciado a partir de hoje; confira o que abre e o que fecha na Para\u00edba - Not&iacute;cias em Destaque\",\"isPartOf\":{\"@id\":\"https:\/\/noticiasemdestaque.com\/cd\/#website\"},\"primaryImageOfPage\":{\"@id\":\"https:\/\/noticiasemdestaque.com\/cd\/?p=45130#primaryimage\"},\"image\":{\"@id\":\"https:\/\/noticiasemdestaque.com\/cd\/?p=45130#primaryimage\"},\"thumbnailUrl\":\"https:\/\/noticiasemdestaque.com\/cd\/wp-content\/uploads\/2022\/12\/centro_de_joao_pessoa_comercio.jpg\",\"datePublished\":\"2022-12-30T12:07:13+00:00\",\"breadcrumb\":{\"@id\":\"https:\/\/noticiasemdestaque.com\/cd\/?p=45130#breadcrumb\"},\"inLanguage\":\"pt-BR\",\"potentialAction\":[{\"@type\":\"ReadAction\",\"target\":[\"https:\/\/noticiasemdestaque.com\/cd\/?p=45130\"]}]},{\"@type\":\"ImageObject\",\"inLanguage\":\"pt-BR\",\"@id\":\"https:\/\/noticiasemdestaque.com\/cd\/?p=45130#primaryimage\",\"url\":\"https:\/\/noticiasemdestaque.com\/cd\/wp-content\/uploads\/2022\/12\/centro_de_joao_pessoa_comercio.jpg\",\"contentUrl\":\"https:\/\/noticiasemdestaque.com\/cd\/wp-content\/uploads\/2022\/12\/centro_de_joao_pessoa_comercio.jpg\",\"width\":876,\"height\":585},{\"@type\":\"BreadcrumbList\",\"@id\":\"https:\/\/noticiasemdestaque.com\/cd\/?p=45130#breadcrumb\",\"itemListElement\":[{\"@type\":\"ListItem\",\"position\":1,\"name\":\"In\u00edcio\",\"item\":\"https:\/\/noticiasemdestaque.com\/cd\/\"},{\"@type\":\"ListItem\",\"position\":2,\"name\":\"Bancos est\u00e3o fechados e shoppings t\u00eam hor\u00e1rio diferenciado a partir de hoje; confira o que abre e o que fecha na Para\u00edba\"}]},{\"@type\":\"WebSite\",\"@id\":\"https:\/\/noticiasemdestaque.com\/cd\/#website\",\"url\":\"https:\/\/noticiasemdestaque.com\/cd\/\",\"name\":\"Not&iacute;cias em Destaque\",\"description\":\"\",\"publisher\":{\"@id\":\"https:\/\/noticiasemdestaque.com\/cd\/#organization\"},\"potentialAction\":[{\"@type\":\"SearchAction\",\"target\":{\"@type\":\"EntryPoint\",\"urlTemplate\":\"https:\/\/noticiasemdestaque.com\/cd\/?s={search_term_string}\"},\"query-input\":{\"@type\":\"PropertyValueSpecification\",\"valueRequired\":true,\"valueName\":\"search_term_string\"}}],\"inLanguage\":\"pt-BR\"},{\"@type\":\"Organization\",\"@id\":\"https:\/\/noticiasemdestaque.com\/cd\/#organization\",\"name\":\"Not\u00edcias em Destaque\",\"url\":\"https:\/\/noticiasemdestaque.com\/cd\/\",\"logo\":{\"@type\":\"ImageObject\",\"inLanguage\":\"pt-BR\",\"@id\":\"https:\/\/noticiasemdestaque.com\/cd\/#\/schema\/logo\/image\/\",\"url\":\"https:\/\/noticiasemdestaque.com\/cd\/wp-content\/uploads\/2022\/05\/imagem-base-noticiasemdestaque.png\",\"contentUrl\":\"https:\/\/noticiasemdestaque.com\/cd\/wp-content\/uploads\/2022\/05\/imagem-base-noticiasemdestaque.png\",\"width\":1200,\"height\":630,\"caption\":\"Not\u00edcias em Destaque\"},\"image\":{\"@id\":\"https:\/\/noticiasemdestaque.com\/cd\/#\/schema\/logo\/image\/\"}},{\"@type\":\"Person\",\"@id\":\"https:\/\/noticiasemdestaque.com\/cd\/#\/schema\/person\/47f7d4f55eec17c6b2ca036c5500f6ce\",\"name\":\"Not\u00edcias em Destaque\",\"url\":\"https:\/\/noticiasemdestaque.com\/cd\/?author=2\"}]}<\/script>\n<!-- \/ Yoast SEO plugin. -->","yoast_head_json":{"title":"Bancos est\u00e3o fechados e shoppings t\u00eam hor\u00e1rio diferenciado a partir de hoje; confira o que abre e o que fecha na Para\u00edba - Not&iacute;cias em Destaque","robots":{"index":"index","follow":"follow","max-snippet":"max-snippet:-1","max-image-preview":"max-image-preview:large","max-video-preview":"max-video-preview:-1"},"canonical":"https:\/\/noticiasemdestaque.com\/cd\/?p=45130","og_locale":"pt_BR","og_type":"article","og_title":"Bancos est\u00e3o fechados e shoppings t\u00eam hor\u00e1rio diferenciado a partir de hoje; confira o que abre e o que fecha na Para\u00edba - Not&iacute;cias em Destaque","og_description":"Em plena contagem regressiva para 2023, os bancos, com\u00e9rcio e reparti\u00e7\u00f5es p\u00fablicas est\u00e3o adotando hor\u00e1rio diferenciado j\u00e1 a partir de hoje (30). Os\u00a0shoppings ter\u00e3o funcionamento especial no s\u00e1bado (31) e no domingo, 1\u00ba de janeiro de 2023. As reparti\u00e7\u00f5es p\u00fablicas, em sua maioria, j\u00e1 n\u00e3o funcionam normalmente no s\u00e1bado e domingo. os bancos j\u00e1 est\u00e3o fechados a partir de hoje. Confira o que abre e o que fecha\u00a0no fim de semana de R\u00e9veillon e Ano Novo: Bancos Estar\u00e3o fechados a partir desta sexta-feira (30) e\u00a0 s\u00f3 voltar\u00e3o a funcionar na segunda-feira (2). Reparti\u00e7\u00f5es P\u00fablicas Ficam fechadas no fim de semana, mantidos apenas os servi\u00e7os essenciais. Com\u00e9rcio Funcionar\u00e1 normalmente hoje e no s\u00e1bado (31), at\u00e9 18h, e estar\u00e1 fechado no domingo (1\u00ba), conforme definido na conven\u00e7\u00e3o coletiva da categoria. Trens Os Ve\u00edculos Leves sobre Trilhos (VLTs) funcionar\u00e3o normalmente nesta sexta-feira (30)\u00a0s\u00e1bado (31), v\u00e9spera de Ano Novo,\u00a0das 04h58 \u00e0s 12h17. No domingo (dia 1\u00ba) n\u00e3o haver\u00e1 opera\u00e7\u00e3o. Bica Durante as festividades de fim de ano, o Parque Zoobot\u00e2nico Arruda C\u00e2mara, a Bica, funcionar\u00e1 com hor\u00e1rio diferenciado apenas no dia 31, o espa\u00e7o receber\u00e1 o p\u00fablico das 8h \u00e0s 12h. J\u00e1 no dia 1\u00ba de janeiro, a visita\u00e7\u00e3o ser\u00e1 das 12h \u00e0s 17h. \u00d4nibus Funcionar\u00e1\u00a0normalmente hoje. Neste s\u00e1bado (31), haver\u00e1 refor\u00e7o\u00a0nas linhas 507 (cabo branco) e 510 (tamba\u00fa), a partir das 20h. Mana\u00edra e Mangabeira Shopping Fechar\u00e3o uma hora mais tarde (23h) hoje\u00a0(30). V\u00e3o funcionar das 10h \u00e0s 19h no dia 31 de dezembro e apenas com pra\u00e7a de alimenta\u00e7\u00e3o, lazer e Espa\u00e7o Gourmet (Mana\u00edra) no dia 1\u00ba, das 12h \u00e0s 20h. Tambi\u00e1 Shopping Nesta\u00a0 sexta funcionar\u00e1 das 9h \u00e0s 20h, lojas, e 21h, pra\u00e7a de alimenta\u00e7\u00e3o. No s\u00e1bado, vai operar das 9h \u00e0s 18h. No domingo, abrir\u00e1 apenas o cinema. Mag Shopping No dia 31, estar\u00e1 com lojas abertas das 9h \u00e0s 19h e pra\u00e7a de alimenta\u00e7\u00e3o a partir das 10h, at\u00e9 19h. J\u00e1 no dia 1\u00ba, as lojas estar\u00e3o fechadas e a pra\u00e7a de alimenta\u00e7\u00e3o funcionar\u00e1 das 11h30 \u00e0s 22h. Liv Mall No dia 31, vai funcionar das 10h \u00e0s 18h e o parque da Turma da M\u00f4nica estar\u00e1 fechado. No dia 1\u00ba, todo o shopping estar\u00e1 fechado. Partage Shopping (Campina Grande) No dia 31, o Big Bom Pre\u00e7o funcionar\u00e1 das 9h \u00e0s 18h, as lojas e quiosques funcionar\u00e3o das 10h \u00e0s 18h e as pra\u00e7as de alimenta\u00e7\u00e3o e lazer v\u00e3o operar das 11h \u00e0s 18h. No dia 1\u00ba, todas as lojas, quiosques, o Big Bompre\u00e7o estar\u00e3o fechados. As pra\u00e7as de alimenta\u00e7\u00e3o e lazer ter\u00e3o funcionamento facultativo. O cinema funcionar\u00e1 conforme programa\u00e7\u00e3o. Patos Shopping No dia 31 funcionar\u00e1 das 10h \u00e0s 19h. No dia 1\u00ba, estar\u00e1 fechado. Noticias em Destaque Fonte: Click PB","og_url":"https:\/\/noticiasemdestaque.com\/cd\/?p=45130","og_site_name":"Not&iacute;cias em Destaque","article_published_time":"2022-12-30T12:07:13+00:00","og_image":[{"width":876,"height":585,"url":"https:\/\/noticiasemdestaque.com\/cd\/wp-content\/uploads\/2022\/12\/centro_de_joao_pessoa_comercio.jpg","type":"image\/jpeg"}],"author":"Not\u00edcias em Destaque","twitter_card":"summary_large_image","twitter_misc":{"Escrito por":"Not\u00edcias em Destaque","Est. tempo de leitura":"3 minutos"},"schema":{"@context":"https:\/\/schema.org","@graph":[{"@type":"Article","@id":"https:\/\/noticiasemdestaque.com\/cd\/?p=45130#article","isPartOf":{"@id":"https:\/\/noticiasemdestaque.com\/cd\/?p=45130"},"author":{"name":"Not\u00edcias em Destaque","@id":"https:\/\/noticiasemdestaque.com\/cd\/#\/schema\/person\/47f7d4f55eec17c6b2ca036c5500f6ce"},"headline":"Bancos est\u00e3o fechados e shoppings t\u00eam hor\u00e1rio diferenciado a partir de hoje; confira o que abre e o que fecha na Para\u00edba","datePublished":"2022-12-30T12:07:13+00:00","mainEntityOfPage":{"@id":"https:\/\/noticiasemdestaque.com\/cd\/?p=45130"},"wordCount":509,"publisher":{"@id":"https:\/\/noticiasemdestaque.com\/cd\/#organization"},"image":{"@id":"https:\/\/noticiasemdestaque.com\/cd\/?p=45130#primaryimage"},"thumbnailUrl":"https:\/\/noticiasemdestaque.com\/cd\/wp-content\/uploads\/2022\/12\/centro_de_joao_pessoa_comercio.jpg","articleSection":["Cidades"],"inLanguage":"pt-BR"},{"@type":"WebPage","@id":"https:\/\/noticiasemdestaque.com\/cd\/?p=45130","url":"https:\/\/noticiasemdestaque.com\/cd\/?p=45130","name":"Bancos est\u00e3o fechados e shoppings t\u00eam hor\u00e1rio diferenciado a partir de hoje; confira o que abre e o que fecha na Para\u00edba - Not&iacute;cias em Destaque","isPartOf":{"@id":"https:\/\/noticiasemdestaque.com\/cd\/#website"},"primaryImageOfPage":{"@id":"https:\/\/noticiasemdestaque.com\/cd\/?p=45130#primaryimage"},"image":{"@id":"https:\/\/noticiasemdestaque.com\/cd\/?p=45130#primaryimage"},"thumbnailUrl":"https:\/\/noticiasemdestaque.com\/cd\/wp-content\/uploads\/2022\/12\/centro_de_joao_pessoa_comercio.jpg","datePublished":"2022-12-30T12:07:13+00:00","breadcrumb":{"@id":"https:\/\/noticiasemdestaque.com\/cd\/?p=45130#breadcrumb"},"inLanguage":"pt-BR","potentialAction":[{"@type":"ReadAction","target":["https:\/\/noticiasemdestaque.com\/cd\/?p=45130"]}]},{"@type":"ImageObject","inLanguage":"pt-BR","@id":"https:\/\/noticiasemdestaque.com\/cd\/?p=45130#primaryimage","url":"https:\/\/noticiasemdestaque.com\/cd\/wp-content\/uploads\/2022\/12\/centro_de_joao_pessoa_comercio.jpg","contentUrl":"https:\/\/noticiasemdestaque.com\/cd\/wp-content\/uploads\/2022\/12\/centro_de_joao_pessoa_comercio.jpg","width":876,"height":585},{"@type":"BreadcrumbList","@id":"https:\/\/noticiasemdestaque.com\/cd\/?p=45130#breadcrumb","itemListElement":[{"@type":"ListItem","position":1,"name":"In\u00edcio","item":"https:\/\/noticiasemdestaque.com\/cd\/"},{"@type":"ListItem","position":2,"name":"Bancos est\u00e3o fechados e shoppings t\u00eam hor\u00e1rio diferenciado a partir de hoje; confira o que abre e o que fecha na Para\u00edba"}]},{"@type":"WebSite","@id":"https:\/\/noticiasemdestaque.com\/cd\/#website","url":"https:\/\/noticiasemdestaque.com\/cd\/","name":"Not&iacute;cias em Destaque","description":"","publisher":{"@id":"https:\/\/noticiasemdestaque.com\/cd\/#organization"},"potentialAction":[{"@type":"SearchAction","target":{"@type":"EntryPoint","urlTemplate":"https:\/\/noticiasemdestaque.com\/cd\/?s={search_term_string}"},"query-input":{"@type":"PropertyValueSpecification","valueRequired":true,"valueName":"search_term_string"}}],"inLanguage":"pt-BR"},{"@type":"Organization","@id":"https:\/\/noticiasemdestaque.com\/cd\/#organization","name":"Not\u00edcias em Destaque","url":"https:\/\/noticiasemdestaque.com\/cd\/","logo":{"@type":"ImageObject","inLanguage":"pt-BR","@id":"https:\/\/noticiasemdestaque.com\/cd\/#\/schema\/logo\/image\/","url":"https:\/\/noticiasemdestaque.com\/cd\/wp-content\/uploads\/2022\/05\/imagem-base-noticiasemdestaque.png","contentUrl":"https:\/\/noticiasemdestaque.com\/cd\/wp-content\/uploads\/2022\/05\/imagem-base-noticiasemdestaque.png","width":1200,"height":630,"caption":"Not\u00edcias em Destaque"},"image":{"@id":"https:\/\/noticiasemdestaque.com\/cd\/#\/schema\/logo\/image\/"}},{"@type":"Person","@id":"https:\/\/noticiasemdestaque.com\/cd\/#\/schema\/person\/47f7d4f55eec17c6b2ca036c5500f6ce","name":"Not\u00edcias em Destaque","url":"https:\/\/noticiasemdestaque.com\/cd\/?author=2"}]}},"jetpack_featured_media_url":"https:\/\/noticiasemdestaque.com\/cd\/wp-content\/uploads\/2022\/12\/centro_de_joao_pessoa_comercio.jpg","jetpack_sharing_enabled":true,"_links":{"self":[{"href":"https:\/\/noticiasemdestaque.com\/cd\/index.php?rest_route=\/wp\/v2\/posts\/45130","targetHints":{"allow":["GET"]}}],"collection":[{"href":"https:\/\/noticiasemdestaque.com\/cd\/index.php?rest_route=\/wp\/v2\/posts"}],"about":[{"href":"https:\/\/noticiasemdestaque.com\/cd\/index.php?rest_route=\/wp\/v2\/types\/post"}],"author":[{"embeddable":true,"href":"https:\/\/noticiasemdestaque.com\/cd\/index.php?rest_route=\/wp\/v2\/users\/2"}],"replies":[{"embeddable":true,"href":"https:\/\/noticiasemdestaque.com\/cd\/index.php?rest_route=%2Fwp%2Fv2%2Fcomments&post=45130"}],"version-history":[{"count":1,"href":"https:\/\/noticiasemdestaque.com\/cd\/index.php?rest_route=\/wp\/v2\/posts\/45130\/revisions"}],"predecessor-version":[{"id":45132,"href":"https:\/\/noticiasemdestaque.com\/cd\/index.php?rest_route=\/wp\/v2\/posts\/45130\/revisions\/45132"}],"wp:featuredmedia":[{"embeddable":true,"href":"https:\/\/noticiasemdestaque.com\/cd\/index.php?rest_route=\/wp\/v2\/media\/45131"}],"wp:attachment":[{"href":"https:\/\/noticiasemdestaque.com\/cd\/index.php?rest_route=%2Fwp%2Fv2%2Fmedia&parent=45130"}],"wp:term":[{"taxonomy":"category","embeddable":true,"href":"https:\/\/noticiasemdestaque.com\/cd\/index.php?rest_route=%2Fwp%2Fv2%2Fcategories&post=45130"},{"taxonomy":"post_tag","embeddable":true,"href":"https:\/\/noticiasemdestaque.com\/cd\/index.php?rest_route=%2Fwp%2Fv2%2Ftags&post=45130"}],"curies":[{"name":"wp","href":"https:\/\/api.w.org\/{rel}","templated":true}]}}