{"id":45127,"date":"2022-12-30T09:04:31","date_gmt":"2022-12-30T12:04:31","guid":{"rendered":"https:\/\/noticiasemdestaque.com\/cd\/?p=45127"},"modified":"2022-12-30T09:04:31","modified_gmt":"2022-12-30T12:04:31","slug":"divulgado-edital-de-concurso-da-empresa-paraibana-de-comunicacao-com-159-vagas-de-ate-r-3-mil","status":"publish","type":"post","link":"https:\/\/noticiasemdestaque.com\/cd\/?p=45127","title":{"rendered":"Divulgado edital de concurso da Empresa Paraibana de Comunica\u00e7\u00e3o com 159 vagas de at\u00e9 R$ 3 mil"},"content":{"rendered":"<p><a href=\"https:\/\/noticiasemdestaque.com\/cd\/wp-content\/uploads\/2022\/12\/prova-do-crc-caderno-e-caneta.jpg\"><img fetchpriority=\"high\" decoding=\"async\" class=\"alignnone  wp-image-45128\" src=\"https:\/\/noticiasemdestaque.com\/cd\/wp-content\/uploads\/2022\/12\/prova-do-crc-caderno-e-caneta-300x200.jpg\" alt=\"\" width=\"1073\" height=\"715\" srcset=\"https:\/\/noticiasemdestaque.com\/cd\/wp-content\/uploads\/2022\/12\/prova-do-crc-caderno-e-caneta-300x200.jpg 300w, https:\/\/noticiasemdestaque.com\/cd\/wp-content\/uploads\/2022\/12\/prova-do-crc-caderno-e-caneta-768x513.jpg 768w, https:\/\/noticiasemdestaque.com\/cd\/wp-content\/uploads\/2022\/12\/prova-do-crc-caderno-e-caneta-18x12.jpg 18w, https:\/\/noticiasemdestaque.com\/cd\/wp-content\/uploads\/2022\/12\/prova-do-crc-caderno-e-caneta.jpg 876w\" sizes=\"(max-width: 1073px) 100vw, 1073px\" \/><\/a><\/p>\n<p>O Di\u00e1rio Oficial do Estado divulgou nesta sexta-feira (30) o edital de concurso p\u00fablico para a Empresa Paraibana de Comunica\u00e7\u00e3o.<\/p>\n<p>As inscri\u00e7\u00f5es custam de R$ 100 para cargos de n\u00edvel superior e R$ 70 para cargos de n\u00edvel m\u00e9dio e t\u00e9cnico. Os sal\u00e1rios variam de R$ 1.800 a R$ 3 mil.<\/p>\n<p>As inscri\u00e7\u00f5es come\u00e7am no dia 9 de janeiro e se estendem at\u00e9 o dia 14 de fevereiro no\u00a0<a style=\"box-sizing: border-box; background-color: transparent; color: #d02e39; outline: 0px;\" href=\"https:\/\/www.vunesp.com.br\/\" target=\"true\" rel=\"noopener\">site da organizadora do certame<\/a>.<\/p>\n<p>S\u00e3o oferecidas vagas para advogado, Agenciador de Propaganda, Analista Cont\u00e1bil, Analista de Empresa P\u00fablica de Comunica\u00e7\u00e3o \u2013 Perfil 1, Analista de Empresa P\u00fablica de Comunica\u00e7\u00e3o \u2013 Perfil 2, Analista de Empresa P\u00fablica de Comunica\u00e7\u00e3o \u2013 Perfil 3, Analista de M\u00eddias Digitais, Analista de Pessoas, Analista de Sistemas, Analista T\u00e9cnico Normativo e de Controle Interno, Arquivista, Publicit\u00e1rio, Designer Gr\u00e1fico, Diagramador, Jornalista, Locutor Apresentador, Locutor Operador, Operador de \u00c1udio, Programador Musical, Rep\u00f3rter Fotogr\u00e1fico, Revisor de Texto, Assistente de Empresa P\u00fablica de Comunica\u00e7\u00e3o, Motorista, T\u00e9cnico Cont\u00e1bil, T\u00e9cnico de Inform\u00e1tica, T\u00e9cnico em Eletrot\u00e9cnica, T\u00e9cnico em Seguran\u00e7a do Trabalho, Auxiliar de Servi\u00e7os Gr\u00e1ficos, Cortador Gr\u00e1fico,\u00a0 Eletricista de Manuten\u00e7\u00e3o Industrial, Locutor, Mec\u00e2nico de Manuten\u00e7\u00e3o Industrial, Narrador Esportivo, Operador de Acabamento, Operador de Grava\u00e7\u00e3o de R\u00e1dio, Revisor de Texto em Braille, T\u00e9cnico de Impress\u00e3o em M\u00e1quina Off set, T\u00e9cnico de Impress\u00e3o de M\u00e1quina Rotativa, T\u00e9cnico em Artes Gr\u00e1ficas, T\u00e9cnico em Artes Visuais e Transcritor de Sistema Braille.<\/p>\n<p><strong>Noticias em Destaque<\/strong><\/p>\n<p style=\"text-align: right;\"><em>Fonte: ClickPB<\/em><\/p>\n","protected":false},"excerpt":{"rendered":"<p>O Di\u00e1rio Oficial do Estado divulgou nesta sexta-feira (30) o edital de concurso p\u00fablico para a Empresa Paraibana de Comunica\u00e7\u00e3o. As inscri\u00e7\u00f5es custam de R$ 100 para cargos de n\u00edvel superior e R$ 70 para cargos de n\u00edvel m\u00e9dio e t\u00e9cnico. Os sal\u00e1rios variam de R$ 1.800 a R$ 3 mil. As inscri\u00e7\u00f5es come\u00e7am no dia 9 de janeiro e se estendem at\u00e9 o dia 14 de fevereiro no\u00a0site da organizadora do certame. S\u00e3o oferecidas vagas para advogado, Agenciador de Propaganda, Analista Cont\u00e1bil, Analista de Empresa P\u00fablica de Comunica\u00e7\u00e3o \u2013 Perfil 1, Analista de Empresa P\u00fablica de Comunica\u00e7\u00e3o \u2013 Perfil 2, Analista de Empresa P\u00fablica de Comunica\u00e7\u00e3o \u2013 Perfil 3, Analista de M\u00eddias Digitais, Analista de Pessoas, Analista de Sistemas, Analista T\u00e9cnico Normativo e de Controle Interno, Arquivista, Publicit\u00e1rio, Designer Gr\u00e1fico, Diagramador, Jornalista, Locutor Apresentador, Locutor Operador, Operador de \u00c1udio, Programador Musical, Rep\u00f3rter Fotogr\u00e1fico, Revisor de Texto, Assistente de Empresa P\u00fablica de Comunica\u00e7\u00e3o, Motorista, T\u00e9cnico Cont\u00e1bil, T\u00e9cnico de Inform\u00e1tica, T\u00e9cnico em Eletrot\u00e9cnica, T\u00e9cnico em Seguran\u00e7a do Trabalho, Auxiliar de Servi\u00e7os Gr\u00e1ficos, Cortador Gr\u00e1fico,\u00a0 Eletricista de Manuten\u00e7\u00e3o Industrial, Locutor, Mec\u00e2nico de Manuten\u00e7\u00e3o Industrial, Narrador Esportivo, Operador de Acabamento, Operador de Grava\u00e7\u00e3o de R\u00e1dio, Revisor de Texto em Braille, T\u00e9cnico de Impress\u00e3o em M\u00e1quina Off set, T\u00e9cnico de Impress\u00e3o de M\u00e1quina Rotativa, T\u00e9cnico em Artes Gr\u00e1ficas, T\u00e9cnico em Artes Visuais e Transcritor de Sistema Braille. Noticias em Destaque Fonte: ClickPB<\/p>\n","protected":false},"author":2,"featured_media":45128,"comment_status":"closed","ping_status":"open","sticky":false,"template":"","format":"standard","meta":{"_eb_attr":"","_jetpack_memberships_contains_paid_content":false,"footnotes":""},"categories":[12],"tags":[],"class_list":["post-45127","post","type-post","status-publish","format-standard","has-post-thumbnail","hentry","category-geral"],"yoast_head":"<!-- This site is optimized with the Yoast SEO plugin v26.5 - https:\/\/yoast.com\/wordpress\/plugins\/seo\/ -->\n<title>Divulgado edital de concurso da Empresa Paraibana de Comunica\u00e7\u00e3o com 159 vagas de at\u00e9 R$ 3 mil - Not&iacute;cias em Destaque<\/title>\n<meta name=\"robots\" content=\"index, follow, max-snippet:-1, max-image-preview:large, max-video-preview:-1\" \/>\n<link rel=\"canonical\" href=\"https:\/\/noticiasemdestaque.com\/cd\/?p=45127\" \/>\n<meta property=\"og:locale\" content=\"pt_BR\" \/>\n<meta property=\"og:type\" content=\"article\" \/>\n<meta property=\"og:title\" content=\"Divulgado edital de concurso da Empresa Paraibana de Comunica\u00e7\u00e3o com 159 vagas de at\u00e9 R$ 3 mil - Not&iacute;cias em Destaque\" \/>\n<meta property=\"og:description\" content=\"O Di\u00e1rio Oficial do Estado divulgou nesta sexta-feira (30) o edital de concurso p\u00fablico para a Empresa Paraibana de Comunica\u00e7\u00e3o. As inscri\u00e7\u00f5es custam de R$ 100 para cargos de n\u00edvel superior e R$ 70 para cargos de n\u00edvel m\u00e9dio e t\u00e9cnico. Os sal\u00e1rios variam de R$ 1.800 a R$ 3 mil. As inscri\u00e7\u00f5es come\u00e7am no dia 9 de janeiro e se estendem at\u00e9 o dia 14 de fevereiro no\u00a0site da organizadora do certame. S\u00e3o oferecidas vagas para advogado, Agenciador de Propaganda, Analista Cont\u00e1bil, Analista de Empresa P\u00fablica de Comunica\u00e7\u00e3o \u2013 Perfil 1, Analista de Empresa P\u00fablica de Comunica\u00e7\u00e3o \u2013 Perfil 2, Analista de Empresa P\u00fablica de Comunica\u00e7\u00e3o \u2013 Perfil 3, Analista de M\u00eddias Digitais, Analista de Pessoas, Analista de Sistemas, Analista T\u00e9cnico Normativo e de Controle Interno, Arquivista, Publicit\u00e1rio, Designer Gr\u00e1fico, Diagramador, Jornalista, Locutor Apresentador, Locutor Operador, Operador de \u00c1udio, Programador Musical, Rep\u00f3rter Fotogr\u00e1fico, Revisor de Texto, Assistente de Empresa P\u00fablica de Comunica\u00e7\u00e3o, Motorista, T\u00e9cnico Cont\u00e1bil, T\u00e9cnico de Inform\u00e1tica, T\u00e9cnico em Eletrot\u00e9cnica, T\u00e9cnico em Seguran\u00e7a do Trabalho, Auxiliar de Servi\u00e7os Gr\u00e1ficos, Cortador Gr\u00e1fico,\u00a0 Eletricista de Manuten\u00e7\u00e3o Industrial, Locutor, Mec\u00e2nico de Manuten\u00e7\u00e3o Industrial, Narrador Esportivo, Operador de Acabamento, Operador de Grava\u00e7\u00e3o de R\u00e1dio, Revisor de Texto em Braille, T\u00e9cnico de Impress\u00e3o em M\u00e1quina Off set, T\u00e9cnico de Impress\u00e3o de M\u00e1quina Rotativa, T\u00e9cnico em Artes Gr\u00e1ficas, T\u00e9cnico em Artes Visuais e Transcritor de Sistema Braille. Noticias em Destaque Fonte: ClickPB\" \/>\n<meta property=\"og:url\" content=\"https:\/\/noticiasemdestaque.com\/cd\/?p=45127\" \/>\n<meta property=\"og:site_name\" content=\"Not&iacute;cias em Destaque\" \/>\n<meta property=\"article:published_time\" content=\"2022-12-30T12:04:31+00:00\" \/>\n<meta property=\"og:image\" content=\"https:\/\/noticiasemdestaque.com\/cd\/wp-content\/uploads\/2022\/12\/prova-do-crc-caderno-e-caneta.jpg\" \/>\n\t<meta property=\"og:image:width\" content=\"876\" \/>\n\t<meta property=\"og:image:height\" content=\"585\" \/>\n\t<meta property=\"og:image:type\" content=\"image\/jpeg\" \/>\n<meta name=\"author\" content=\"Not\u00edcias em Destaque\" \/>\n<meta name=\"twitter:card\" content=\"summary_large_image\" \/>\n<meta name=\"twitter:label1\" content=\"Escrito por\" \/>\n\t<meta name=\"twitter:data1\" content=\"Not\u00edcias em Destaque\" \/>\n\t<meta name=\"twitter:label2\" content=\"Est. tempo de leitura\" \/>\n\t<meta name=\"twitter:data2\" content=\"2 minutos\" \/>\n<script type=\"application\/ld+json\" class=\"yoast-schema-graph\">{\"@context\":\"https:\/\/schema.org\",\"@graph\":[{\"@type\":\"Article\",\"@id\":\"https:\/\/noticiasemdestaque.com\/cd\/?p=45127#article\",\"isPartOf\":{\"@id\":\"https:\/\/noticiasemdestaque.com\/cd\/?p=45127\"},\"author\":{\"name\":\"Not\u00edcias em Destaque\",\"@id\":\"https:\/\/noticiasemdestaque.com\/cd\/#\/schema\/person\/47f7d4f55eec17c6b2ca036c5500f6ce\"},\"headline\":\"Divulgado edital de concurso da Empresa Paraibana de Comunica\u00e7\u00e3o com 159 vagas de at\u00e9 R$ 3 mil\",\"datePublished\":\"2022-12-30T12:04:31+00:00\",\"mainEntityOfPage\":{\"@id\":\"https:\/\/noticiasemdestaque.com\/cd\/?p=45127\"},\"wordCount\":284,\"publisher\":{\"@id\":\"https:\/\/noticiasemdestaque.com\/cd\/#organization\"},\"image\":{\"@id\":\"https:\/\/noticiasemdestaque.com\/cd\/?p=45127#primaryimage\"},\"thumbnailUrl\":\"https:\/\/noticiasemdestaque.com\/cd\/wp-content\/uploads\/2022\/12\/prova-do-crc-caderno-e-caneta.jpg\",\"articleSection\":[\"Geral\"],\"inLanguage\":\"pt-BR\"},{\"@type\":\"WebPage\",\"@id\":\"https:\/\/noticiasemdestaque.com\/cd\/?p=45127\",\"url\":\"https:\/\/noticiasemdestaque.com\/cd\/?p=45127\",\"name\":\"Divulgado edital de concurso da Empresa Paraibana de Comunica\u00e7\u00e3o com 159 vagas de at\u00e9 R$ 3 mil - Not&iacute;cias em Destaque\",\"isPartOf\":{\"@id\":\"https:\/\/noticiasemdestaque.com\/cd\/#website\"},\"primaryImageOfPage\":{\"@id\":\"https:\/\/noticiasemdestaque.com\/cd\/?p=45127#primaryimage\"},\"image\":{\"@id\":\"https:\/\/noticiasemdestaque.com\/cd\/?p=45127#primaryimage\"},\"thumbnailUrl\":\"https:\/\/noticiasemdestaque.com\/cd\/wp-content\/uploads\/2022\/12\/prova-do-crc-caderno-e-caneta.jpg\",\"datePublished\":\"2022-12-30T12:04:31+00:00\",\"breadcrumb\":{\"@id\":\"https:\/\/noticiasemdestaque.com\/cd\/?p=45127#breadcrumb\"},\"inLanguage\":\"pt-BR\",\"potentialAction\":[{\"@type\":\"ReadAction\",\"target\":[\"https:\/\/noticiasemdestaque.com\/cd\/?p=45127\"]}]},{\"@type\":\"ImageObject\",\"inLanguage\":\"pt-BR\",\"@id\":\"https:\/\/noticiasemdestaque.com\/cd\/?p=45127#primaryimage\",\"url\":\"https:\/\/noticiasemdestaque.com\/cd\/wp-content\/uploads\/2022\/12\/prova-do-crc-caderno-e-caneta.jpg\",\"contentUrl\":\"https:\/\/noticiasemdestaque.com\/cd\/wp-content\/uploads\/2022\/12\/prova-do-crc-caderno-e-caneta.jpg\",\"width\":876,\"height\":585},{\"@type\":\"BreadcrumbList\",\"@id\":\"https:\/\/noticiasemdestaque.com\/cd\/?p=45127#breadcrumb\",\"itemListElement\":[{\"@type\":\"ListItem\",\"position\":1,\"name\":\"In\u00edcio\",\"item\":\"https:\/\/noticiasemdestaque.com\/cd\/\"},{\"@type\":\"ListItem\",\"position\":2,\"name\":\"Divulgado edital de concurso da Empresa Paraibana de Comunica\u00e7\u00e3o com 159 vagas de at\u00e9 R$ 3 mil\"}]},{\"@type\":\"WebSite\",\"@id\":\"https:\/\/noticiasemdestaque.com\/cd\/#website\",\"url\":\"https:\/\/noticiasemdestaque.com\/cd\/\",\"name\":\"Not&iacute;cias em Destaque\",\"description\":\"\",\"publisher\":{\"@id\":\"https:\/\/noticiasemdestaque.com\/cd\/#organization\"},\"potentialAction\":[{\"@type\":\"SearchAction\",\"target\":{\"@type\":\"EntryPoint\",\"urlTemplate\":\"https:\/\/noticiasemdestaque.com\/cd\/?s={search_term_string}\"},\"query-input\":{\"@type\":\"PropertyValueSpecification\",\"valueRequired\":true,\"valueName\":\"search_term_string\"}}],\"inLanguage\":\"pt-BR\"},{\"@type\":\"Organization\",\"@id\":\"https:\/\/noticiasemdestaque.com\/cd\/#organization\",\"name\":\"Not\u00edcias em Destaque\",\"url\":\"https:\/\/noticiasemdestaque.com\/cd\/\",\"logo\":{\"@type\":\"ImageObject\",\"inLanguage\":\"pt-BR\",\"@id\":\"https:\/\/noticiasemdestaque.com\/cd\/#\/schema\/logo\/image\/\",\"url\":\"https:\/\/noticiasemdestaque.com\/cd\/wp-content\/uploads\/2022\/05\/imagem-base-noticiasemdestaque.png\",\"contentUrl\":\"https:\/\/noticiasemdestaque.com\/cd\/wp-content\/uploads\/2022\/05\/imagem-base-noticiasemdestaque.png\",\"width\":1200,\"height\":630,\"caption\":\"Not\u00edcias em Destaque\"},\"image\":{\"@id\":\"https:\/\/noticiasemdestaque.com\/cd\/#\/schema\/logo\/image\/\"}},{\"@type\":\"Person\",\"@id\":\"https:\/\/noticiasemdestaque.com\/cd\/#\/schema\/person\/47f7d4f55eec17c6b2ca036c5500f6ce\",\"name\":\"Not\u00edcias em Destaque\",\"url\":\"https:\/\/noticiasemdestaque.com\/cd\/?author=2\"}]}<\/script>\n<!-- \/ Yoast SEO plugin. -->","yoast_head_json":{"title":"Divulgado edital de concurso da Empresa Paraibana de Comunica\u00e7\u00e3o com 159 vagas de at\u00e9 R$ 3 mil - Not&iacute;cias em Destaque","robots":{"index":"index","follow":"follow","max-snippet":"max-snippet:-1","max-image-preview":"max-image-preview:large","max-video-preview":"max-video-preview:-1"},"canonical":"https:\/\/noticiasemdestaque.com\/cd\/?p=45127","og_locale":"pt_BR","og_type":"article","og_title":"Divulgado edital de concurso da Empresa Paraibana de Comunica\u00e7\u00e3o com 159 vagas de at\u00e9 R$ 3 mil - Not&iacute;cias em Destaque","og_description":"O Di\u00e1rio Oficial do Estado divulgou nesta sexta-feira (30) o edital de concurso p\u00fablico para a Empresa Paraibana de Comunica\u00e7\u00e3o. As inscri\u00e7\u00f5es custam de R$ 100 para cargos de n\u00edvel superior e R$ 70 para cargos de n\u00edvel m\u00e9dio e t\u00e9cnico. Os sal\u00e1rios variam de R$ 1.800 a R$ 3 mil. As inscri\u00e7\u00f5es come\u00e7am no dia 9 de janeiro e se estendem at\u00e9 o dia 14 de fevereiro no\u00a0site da organizadora do certame. S\u00e3o oferecidas vagas para advogado, Agenciador de Propaganda, Analista Cont\u00e1bil, Analista de Empresa P\u00fablica de Comunica\u00e7\u00e3o \u2013 Perfil 1, Analista de Empresa P\u00fablica de Comunica\u00e7\u00e3o \u2013 Perfil 2, Analista de Empresa P\u00fablica de Comunica\u00e7\u00e3o \u2013 Perfil 3, Analista de M\u00eddias Digitais, Analista de Pessoas, Analista de Sistemas, Analista T\u00e9cnico Normativo e de Controle Interno, Arquivista, Publicit\u00e1rio, Designer Gr\u00e1fico, Diagramador, Jornalista, Locutor Apresentador, Locutor Operador, Operador de \u00c1udio, Programador Musical, Rep\u00f3rter Fotogr\u00e1fico, Revisor de Texto, Assistente de Empresa P\u00fablica de Comunica\u00e7\u00e3o, Motorista, T\u00e9cnico Cont\u00e1bil, T\u00e9cnico de Inform\u00e1tica, T\u00e9cnico em Eletrot\u00e9cnica, T\u00e9cnico em Seguran\u00e7a do Trabalho, Auxiliar de Servi\u00e7os Gr\u00e1ficos, Cortador Gr\u00e1fico,\u00a0 Eletricista de Manuten\u00e7\u00e3o Industrial, Locutor, Mec\u00e2nico de Manuten\u00e7\u00e3o Industrial, Narrador Esportivo, Operador de Acabamento, Operador de Grava\u00e7\u00e3o de R\u00e1dio, Revisor de Texto em Braille, T\u00e9cnico de Impress\u00e3o em M\u00e1quina Off set, T\u00e9cnico de Impress\u00e3o de M\u00e1quina Rotativa, T\u00e9cnico em Artes Gr\u00e1ficas, T\u00e9cnico em Artes Visuais e Transcritor de Sistema Braille. Noticias em Destaque Fonte: ClickPB","og_url":"https:\/\/noticiasemdestaque.com\/cd\/?p=45127","og_site_name":"Not&iacute;cias em Destaque","article_published_time":"2022-12-30T12:04:31+00:00","og_image":[{"width":876,"height":585,"url":"https:\/\/noticiasemdestaque.com\/cd\/wp-content\/uploads\/2022\/12\/prova-do-crc-caderno-e-caneta.jpg","type":"image\/jpeg"}],"author":"Not\u00edcias em Destaque","twitter_card":"summary_large_image","twitter_misc":{"Escrito por":"Not\u00edcias em Destaque","Est. tempo de leitura":"2 minutos"},"schema":{"@context":"https:\/\/schema.org","@graph":[{"@type":"Article","@id":"https:\/\/noticiasemdestaque.com\/cd\/?p=45127#article","isPartOf":{"@id":"https:\/\/noticiasemdestaque.com\/cd\/?p=45127"},"author":{"name":"Not\u00edcias em Destaque","@id":"https:\/\/noticiasemdestaque.com\/cd\/#\/schema\/person\/47f7d4f55eec17c6b2ca036c5500f6ce"},"headline":"Divulgado edital de concurso da Empresa Paraibana de Comunica\u00e7\u00e3o com 159 vagas de at\u00e9 R$ 3 mil","datePublished":"2022-12-30T12:04:31+00:00","mainEntityOfPage":{"@id":"https:\/\/noticiasemdestaque.com\/cd\/?p=45127"},"wordCount":284,"publisher":{"@id":"https:\/\/noticiasemdestaque.com\/cd\/#organization"},"image":{"@id":"https:\/\/noticiasemdestaque.com\/cd\/?p=45127#primaryimage"},"thumbnailUrl":"https:\/\/noticiasemdestaque.com\/cd\/wp-content\/uploads\/2022\/12\/prova-do-crc-caderno-e-caneta.jpg","articleSection":["Geral"],"inLanguage":"pt-BR"},{"@type":"WebPage","@id":"https:\/\/noticiasemdestaque.com\/cd\/?p=45127","url":"https:\/\/noticiasemdestaque.com\/cd\/?p=45127","name":"Divulgado edital de concurso da Empresa Paraibana de Comunica\u00e7\u00e3o com 159 vagas de at\u00e9 R$ 3 mil - Not&iacute;cias em Destaque","isPartOf":{"@id":"https:\/\/noticiasemdestaque.com\/cd\/#website"},"primaryImageOfPage":{"@id":"https:\/\/noticiasemdestaque.com\/cd\/?p=45127#primaryimage"},"image":{"@id":"https:\/\/noticiasemdestaque.com\/cd\/?p=45127#primaryimage"},"thumbnailUrl":"https:\/\/noticiasemdestaque.com\/cd\/wp-content\/uploads\/2022\/12\/prova-do-crc-caderno-e-caneta.jpg","datePublished":"2022-12-30T12:04:31+00:00","breadcrumb":{"@id":"https:\/\/noticiasemdestaque.com\/cd\/?p=45127#breadcrumb"},"inLanguage":"pt-BR","potentialAction":[{"@type":"ReadAction","target":["https:\/\/noticiasemdestaque.com\/cd\/?p=45127"]}]},{"@type":"ImageObject","inLanguage":"pt-BR","@id":"https:\/\/noticiasemdestaque.com\/cd\/?p=45127#primaryimage","url":"https:\/\/noticiasemdestaque.com\/cd\/wp-content\/uploads\/2022\/12\/prova-do-crc-caderno-e-caneta.jpg","contentUrl":"https:\/\/noticiasemdestaque.com\/cd\/wp-content\/uploads\/2022\/12\/prova-do-crc-caderno-e-caneta.jpg","width":876,"height":585},{"@type":"BreadcrumbList","@id":"https:\/\/noticiasemdestaque.com\/cd\/?p=45127#breadcrumb","itemListElement":[{"@type":"ListItem","position":1,"name":"In\u00edcio","item":"https:\/\/noticiasemdestaque.com\/cd\/"},{"@type":"ListItem","position":2,"name":"Divulgado edital de concurso da Empresa Paraibana de Comunica\u00e7\u00e3o com 159 vagas de at\u00e9 R$ 3 mil"}]},{"@type":"WebSite","@id":"https:\/\/noticiasemdestaque.com\/cd\/#website","url":"https:\/\/noticiasemdestaque.com\/cd\/","name":"Not&iacute;cias em Destaque","description":"","publisher":{"@id":"https:\/\/noticiasemdestaque.com\/cd\/#organization"},"potentialAction":[{"@type":"SearchAction","target":{"@type":"EntryPoint","urlTemplate":"https:\/\/noticiasemdestaque.com\/cd\/?s={search_term_string}"},"query-input":{"@type":"PropertyValueSpecification","valueRequired":true,"valueName":"search_term_string"}}],"inLanguage":"pt-BR"},{"@type":"Organization","@id":"https:\/\/noticiasemdestaque.com\/cd\/#organization","name":"Not\u00edcias em Destaque","url":"https:\/\/noticiasemdestaque.com\/cd\/","logo":{"@type":"ImageObject","inLanguage":"pt-BR","@id":"https:\/\/noticiasemdestaque.com\/cd\/#\/schema\/logo\/image\/","url":"https:\/\/noticiasemdestaque.com\/cd\/wp-content\/uploads\/2022\/05\/imagem-base-noticiasemdestaque.png","contentUrl":"https:\/\/noticiasemdestaque.com\/cd\/wp-content\/uploads\/2022\/05\/imagem-base-noticiasemdestaque.png","width":1200,"height":630,"caption":"Not\u00edcias em Destaque"},"image":{"@id":"https:\/\/noticiasemdestaque.com\/cd\/#\/schema\/logo\/image\/"}},{"@type":"Person","@id":"https:\/\/noticiasemdestaque.com\/cd\/#\/schema\/person\/47f7d4f55eec17c6b2ca036c5500f6ce","name":"Not\u00edcias em Destaque","url":"https:\/\/noticiasemdestaque.com\/cd\/?author=2"}]}},"jetpack_featured_media_url":"https:\/\/noticiasemdestaque.com\/cd\/wp-content\/uploads\/2022\/12\/prova-do-crc-caderno-e-caneta.jpg","jetpack_sharing_enabled":true,"_links":{"self":[{"href":"https:\/\/noticiasemdestaque.com\/cd\/index.php?rest_route=\/wp\/v2\/posts\/45127","targetHints":{"allow":["GET"]}}],"collection":[{"href":"https:\/\/noticiasemdestaque.com\/cd\/index.php?rest_route=\/wp\/v2\/posts"}],"about":[{"href":"https:\/\/noticiasemdestaque.com\/cd\/index.php?rest_route=\/wp\/v2\/types\/post"}],"author":[{"embeddable":true,"href":"https:\/\/noticiasemdestaque.com\/cd\/index.php?rest_route=\/wp\/v2\/users\/2"}],"replies":[{"embeddable":true,"href":"https:\/\/noticiasemdestaque.com\/cd\/index.php?rest_route=%2Fwp%2Fv2%2Fcomments&post=45127"}],"version-history":[{"count":1,"href":"https:\/\/noticiasemdestaque.com\/cd\/index.php?rest_route=\/wp\/v2\/posts\/45127\/revisions"}],"predecessor-version":[{"id":45129,"href":"https:\/\/noticiasemdestaque.com\/cd\/index.php?rest_route=\/wp\/v2\/posts\/45127\/revisions\/45129"}],"wp:featuredmedia":[{"embeddable":true,"href":"https:\/\/noticiasemdestaque.com\/cd\/index.php?rest_route=\/wp\/v2\/media\/45128"}],"wp:attachment":[{"href":"https:\/\/noticiasemdestaque.com\/cd\/index.php?rest_route=%2Fwp%2Fv2%2Fmedia&parent=45127"}],"wp:term":[{"taxonomy":"category","embeddable":true,"href":"https:\/\/noticiasemdestaque.com\/cd\/index.php?rest_route=%2Fwp%2Fv2%2Fcategories&post=45127"},{"taxonomy":"post_tag","embeddable":true,"href":"https:\/\/noticiasemdestaque.com\/cd\/index.php?rest_route=%2Fwp%2Fv2%2Ftags&post=45127"}],"curies":[{"name":"wp","href":"https:\/\/api.w.org\/{rel}","templated":true}]}}