{"id":45124,"date":"2022-12-30T08:51:11","date_gmt":"2022-12-30T11:51:11","guid":{"rendered":"https:\/\/noticiasemdestaque.com\/cd\/?p=45124"},"modified":"2022-12-30T08:51:11","modified_gmt":"2022-12-30T11:51:11","slug":"governo-bolsonaro-decreta-luto-oficial-de-tres-dias-por-morte-de-pele","status":"publish","type":"post","link":"https:\/\/noticiasemdestaque.com\/cd\/?p=45124","title":{"rendered":"Governo Bolsonaro decreta luto oficial de tr\u00eas dias por morte de Pel\u00e9"},"content":{"rendered":"<p><a href=\"https:\/\/noticiasemdestaque.com\/cd\/wp-content\/uploads\/2022\/12\/29out2021-pele-faz-foto-com-camisa-do-santos-com-dedicatoria-ao-presidente-jair-bolsonaro-1671912220027_v2_900x506.jpg\"><img fetchpriority=\"high\" decoding=\"async\" class=\"alignnone  wp-image-45125\" src=\"https:\/\/noticiasemdestaque.com\/cd\/wp-content\/uploads\/2022\/12\/29out2021-pele-faz-foto-com-camisa-do-santos-com-dedicatoria-ao-presidente-jair-bolsonaro-1671912220027_v2_900x506-300x200.jpg\" alt=\"\" width=\"1131\" height=\"754\" srcset=\"https:\/\/noticiasemdestaque.com\/cd\/wp-content\/uploads\/2022\/12\/29out2021-pele-faz-foto-com-camisa-do-santos-com-dedicatoria-ao-presidente-jair-bolsonaro-1671912220027_v2_900x506-300x200.jpg 300w, https:\/\/noticiasemdestaque.com\/cd\/wp-content\/uploads\/2022\/12\/29out2021-pele-faz-foto-com-camisa-do-santos-com-dedicatoria-ao-presidente-jair-bolsonaro-1671912220027_v2_900x506-768x513.jpg 768w, https:\/\/noticiasemdestaque.com\/cd\/wp-content\/uploads\/2022\/12\/29out2021-pele-faz-foto-com-camisa-do-santos-com-dedicatoria-ao-presidente-jair-bolsonaro-1671912220027_v2_900x506-18x12.jpg 18w, https:\/\/noticiasemdestaque.com\/cd\/wp-content\/uploads\/2022\/12\/29out2021-pele-faz-foto-com-camisa-do-santos-com-dedicatoria-ao-presidente-jair-bolsonaro-1671912220027_v2_900x506.jpg 876w\" sizes=\"(max-width: 1131px) 100vw, 1131px\" \/><\/a><\/p>\n<p>O presidente Jair Bolsonaro decretou luto oficial de tr\u00eas dias pela morte de Pel\u00e9. A medida foi publicada em edi\u00e7\u00e3o extra do Di\u00e1rio Oficial da Uni\u00e3o (DOU).<\/p>\n<p>Edson Arantes do Nascimento, que ficou mundialmente conhecido como Pel\u00e9, morreu nesta quinta-feira (29), aos 82 anos, no Hospital Albert Einstein, na zona sul da capital paulista, por fal\u00eancia m\u00faltipla de \u00f3rg\u00e3os em decorr\u00eancia de um c\u00e2ncer de c\u00f3lon.<\/p>\n<p>Nas redes sociais, o presidente demonstrou pesar pela morte do Rei do Futebol.<\/p>\n<p>\u201cCom pesar o passamento de um homem, que pelo futebol, levou o nome do Brasil para o mundo. Transformou o futebol em arte e alegria. Que Deus conforte sua fam\u00edlia e que o acolha na sua infinita miseric\u00f3rdia\u201d, escreveu.<\/p>\n<p>Outras autoridades tamb\u00e9m se manifestaram ap\u00f3s o an\u00fancio do falecimento.<\/p>\n<p>O presidente do Senado, Rodrigo Pacheco (PSD), afirmou que o Pel\u00e9 &#8220;foi mais magistral jogador de futebol que o mundo viu nos gramados e que elevou o nome do Brasil por onde passou&#8221;.<\/p>\n<p>O presidente da C\u00e2mara dos Deputados, Arthur Lira (PP), disse que o jogador dignificou o Brasil e seu povo e que &#8220;o homem Pel\u00e9 nos deixa, mas que o eterno Pel\u00e9 viver\u00e1 para sempre&#8221;.<\/p>\n<p>A presidente do Supremo Tribunal Federal (STF), ministra Rosa Weber, disse que o jogador atuou como &#8220;um artista da bola, que encantou gera\u00e7\u00f5es e gera\u00e7\u00f5es com seu talento.<\/p>\n<p><strong>Noticias em Destaque<\/strong><\/p>\n<p style=\"text-align: right;\"><em>Fonte: Agencia Brasil<\/em><\/p>\n","protected":false},"excerpt":{"rendered":"<p>O presidente Jair Bolsonaro decretou luto oficial de tr\u00eas dias pela morte de Pel\u00e9. A medida foi publicada em edi\u00e7\u00e3o extra do Di\u00e1rio Oficial da Uni\u00e3o (DOU). Edson Arantes do Nascimento, que ficou mundialmente conhecido como Pel\u00e9, morreu nesta quinta-feira (29), aos 82 anos, no Hospital Albert Einstein, na zona sul da capital paulista, por fal\u00eancia m\u00faltipla de \u00f3rg\u00e3os em decorr\u00eancia de um c\u00e2ncer de c\u00f3lon. Nas redes sociais, o presidente demonstrou pesar pela morte do Rei do Futebol. \u201cCom pesar o passamento de um homem, que pelo futebol, levou o nome do Brasil para o mundo. Transformou o futebol em arte e alegria. Que Deus conforte sua fam\u00edlia e que o acolha na sua infinita miseric\u00f3rdia\u201d, escreveu. Outras autoridades tamb\u00e9m se manifestaram ap\u00f3s o an\u00fancio do falecimento. O presidente do Senado, Rodrigo Pacheco (PSD), afirmou que o Pel\u00e9 &#8220;foi mais magistral jogador de futebol que o mundo viu nos gramados e que elevou o nome do Brasil por onde passou&#8221;. O presidente da C\u00e2mara dos Deputados, Arthur Lira (PP), disse que o jogador dignificou o Brasil e seu povo e que &#8220;o homem Pel\u00e9 nos deixa, mas que o eterno Pel\u00e9 viver\u00e1 para sempre&#8221;. A presidente do Supremo Tribunal Federal (STF), ministra Rosa Weber, disse que o jogador atuou como &#8220;um artista da bola, que encantou gera\u00e7\u00f5es e gera\u00e7\u00f5es com seu talento. Noticias em Destaque Fonte: Agencia Brasil<\/p>\n","protected":false},"author":2,"featured_media":45125,"comment_status":"closed","ping_status":"open","sticky":false,"template":"","format":"standard","meta":{"_eb_attr":"","_jetpack_memberships_contains_paid_content":false,"footnotes":""},"categories":[12],"tags":[],"class_list":["post-45124","post","type-post","status-publish","format-standard","has-post-thumbnail","hentry","category-geral"],"yoast_head":"<!-- This site is optimized with the Yoast SEO plugin v26.5 - https:\/\/yoast.com\/wordpress\/plugins\/seo\/ -->\n<title>Governo Bolsonaro decreta luto oficial de tr\u00eas dias por morte de Pel\u00e9 - Not&iacute;cias em Destaque<\/title>\n<meta name=\"robots\" content=\"index, follow, max-snippet:-1, max-image-preview:large, max-video-preview:-1\" \/>\n<link rel=\"canonical\" href=\"https:\/\/noticiasemdestaque.com\/cd\/?p=45124\" \/>\n<meta property=\"og:locale\" content=\"pt_BR\" \/>\n<meta property=\"og:type\" content=\"article\" \/>\n<meta property=\"og:title\" content=\"Governo Bolsonaro decreta luto oficial de tr\u00eas dias por morte de Pel\u00e9 - Not&iacute;cias em Destaque\" \/>\n<meta property=\"og:description\" content=\"O presidente Jair Bolsonaro decretou luto oficial de tr\u00eas dias pela morte de Pel\u00e9. A medida foi publicada em edi\u00e7\u00e3o extra do Di\u00e1rio Oficial da Uni\u00e3o (DOU). Edson Arantes do Nascimento, que ficou mundialmente conhecido como Pel\u00e9, morreu nesta quinta-feira (29), aos 82 anos, no Hospital Albert Einstein, na zona sul da capital paulista, por fal\u00eancia m\u00faltipla de \u00f3rg\u00e3os em decorr\u00eancia de um c\u00e2ncer de c\u00f3lon. Nas redes sociais, o presidente demonstrou pesar pela morte do Rei do Futebol. \u201cCom pesar o passamento de um homem, que pelo futebol, levou o nome do Brasil para o mundo. Transformou o futebol em arte e alegria. Que Deus conforte sua fam\u00edlia e que o acolha na sua infinita miseric\u00f3rdia\u201d, escreveu. Outras autoridades tamb\u00e9m se manifestaram ap\u00f3s o an\u00fancio do falecimento. O presidente do Senado, Rodrigo Pacheco (PSD), afirmou que o Pel\u00e9 &#8220;foi mais magistral jogador de futebol que o mundo viu nos gramados e que elevou o nome do Brasil por onde passou&#8221;. O presidente da C\u00e2mara dos Deputados, Arthur Lira (PP), disse que o jogador dignificou o Brasil e seu povo e que &#8220;o homem Pel\u00e9 nos deixa, mas que o eterno Pel\u00e9 viver\u00e1 para sempre&#8221;. A presidente do Supremo Tribunal Federal (STF), ministra Rosa Weber, disse que o jogador atuou como &#8220;um artista da bola, que encantou gera\u00e7\u00f5es e gera\u00e7\u00f5es com seu talento. Noticias em Destaque Fonte: Agencia Brasil\" \/>\n<meta property=\"og:url\" content=\"https:\/\/noticiasemdestaque.com\/cd\/?p=45124\" \/>\n<meta property=\"og:site_name\" content=\"Not&iacute;cias em Destaque\" \/>\n<meta property=\"article:published_time\" content=\"2022-12-30T11:51:11+00:00\" \/>\n<meta property=\"og:image\" content=\"https:\/\/noticiasemdestaque.com\/cd\/wp-content\/uploads\/2022\/12\/29out2021-pele-faz-foto-com-camisa-do-santos-com-dedicatoria-ao-presidente-jair-bolsonaro-1671912220027_v2_900x506.jpg\" \/>\n\t<meta property=\"og:image:width\" content=\"876\" \/>\n\t<meta property=\"og:image:height\" content=\"585\" \/>\n\t<meta property=\"og:image:type\" content=\"image\/jpeg\" \/>\n<meta name=\"author\" content=\"Not\u00edcias em Destaque\" \/>\n<meta name=\"twitter:card\" content=\"summary_large_image\" \/>\n<meta name=\"twitter:label1\" content=\"Escrito por\" \/>\n\t<meta name=\"twitter:data1\" content=\"Not\u00edcias em Destaque\" \/>\n\t<meta name=\"twitter:label2\" content=\"Est. tempo de leitura\" \/>\n\t<meta name=\"twitter:data2\" content=\"2 minutos\" \/>\n<script type=\"application\/ld+json\" class=\"yoast-schema-graph\">{\"@context\":\"https:\/\/schema.org\",\"@graph\":[{\"@type\":\"Article\",\"@id\":\"https:\/\/noticiasemdestaque.com\/cd\/?p=45124#article\",\"isPartOf\":{\"@id\":\"https:\/\/noticiasemdestaque.com\/cd\/?p=45124\"},\"author\":{\"name\":\"Not\u00edcias em Destaque\",\"@id\":\"https:\/\/noticiasemdestaque.com\/cd\/#\/schema\/person\/47f7d4f55eec17c6b2ca036c5500f6ce\"},\"headline\":\"Governo Bolsonaro decreta luto oficial de tr\u00eas dias por morte de Pel\u00e9\",\"datePublished\":\"2022-12-30T11:51:11+00:00\",\"mainEntityOfPage\":{\"@id\":\"https:\/\/noticiasemdestaque.com\/cd\/?p=45124\"},\"wordCount\":258,\"publisher\":{\"@id\":\"https:\/\/noticiasemdestaque.com\/cd\/#organization\"},\"image\":{\"@id\":\"https:\/\/noticiasemdestaque.com\/cd\/?p=45124#primaryimage\"},\"thumbnailUrl\":\"https:\/\/noticiasemdestaque.com\/cd\/wp-content\/uploads\/2022\/12\/29out2021-pele-faz-foto-com-camisa-do-santos-com-dedicatoria-ao-presidente-jair-bolsonaro-1671912220027_v2_900x506.jpg\",\"articleSection\":[\"Geral\"],\"inLanguage\":\"pt-BR\"},{\"@type\":\"WebPage\",\"@id\":\"https:\/\/noticiasemdestaque.com\/cd\/?p=45124\",\"url\":\"https:\/\/noticiasemdestaque.com\/cd\/?p=45124\",\"name\":\"Governo Bolsonaro decreta luto oficial de tr\u00eas dias por morte de Pel\u00e9 - Not&iacute;cias em Destaque\",\"isPartOf\":{\"@id\":\"https:\/\/noticiasemdestaque.com\/cd\/#website\"},\"primaryImageOfPage\":{\"@id\":\"https:\/\/noticiasemdestaque.com\/cd\/?p=45124#primaryimage\"},\"image\":{\"@id\":\"https:\/\/noticiasemdestaque.com\/cd\/?p=45124#primaryimage\"},\"thumbnailUrl\":\"https:\/\/noticiasemdestaque.com\/cd\/wp-content\/uploads\/2022\/12\/29out2021-pele-faz-foto-com-camisa-do-santos-com-dedicatoria-ao-presidente-jair-bolsonaro-1671912220027_v2_900x506.jpg\",\"datePublished\":\"2022-12-30T11:51:11+00:00\",\"breadcrumb\":{\"@id\":\"https:\/\/noticiasemdestaque.com\/cd\/?p=45124#breadcrumb\"},\"inLanguage\":\"pt-BR\",\"potentialAction\":[{\"@type\":\"ReadAction\",\"target\":[\"https:\/\/noticiasemdestaque.com\/cd\/?p=45124\"]}]},{\"@type\":\"ImageObject\",\"inLanguage\":\"pt-BR\",\"@id\":\"https:\/\/noticiasemdestaque.com\/cd\/?p=45124#primaryimage\",\"url\":\"https:\/\/noticiasemdestaque.com\/cd\/wp-content\/uploads\/2022\/12\/29out2021-pele-faz-foto-com-camisa-do-santos-com-dedicatoria-ao-presidente-jair-bolsonaro-1671912220027_v2_900x506.jpg\",\"contentUrl\":\"https:\/\/noticiasemdestaque.com\/cd\/wp-content\/uploads\/2022\/12\/29out2021-pele-faz-foto-com-camisa-do-santos-com-dedicatoria-ao-presidente-jair-bolsonaro-1671912220027_v2_900x506.jpg\",\"width\":876,\"height\":585},{\"@type\":\"BreadcrumbList\",\"@id\":\"https:\/\/noticiasemdestaque.com\/cd\/?p=45124#breadcrumb\",\"itemListElement\":[{\"@type\":\"ListItem\",\"position\":1,\"name\":\"In\u00edcio\",\"item\":\"https:\/\/noticiasemdestaque.com\/cd\/\"},{\"@type\":\"ListItem\",\"position\":2,\"name\":\"Governo Bolsonaro decreta luto oficial de tr\u00eas dias por morte de Pel\u00e9\"}]},{\"@type\":\"WebSite\",\"@id\":\"https:\/\/noticiasemdestaque.com\/cd\/#website\",\"url\":\"https:\/\/noticiasemdestaque.com\/cd\/\",\"name\":\"Not&iacute;cias em Destaque\",\"description\":\"\",\"publisher\":{\"@id\":\"https:\/\/noticiasemdestaque.com\/cd\/#organization\"},\"potentialAction\":[{\"@type\":\"SearchAction\",\"target\":{\"@type\":\"EntryPoint\",\"urlTemplate\":\"https:\/\/noticiasemdestaque.com\/cd\/?s={search_term_string}\"},\"query-input\":{\"@type\":\"PropertyValueSpecification\",\"valueRequired\":true,\"valueName\":\"search_term_string\"}}],\"inLanguage\":\"pt-BR\"},{\"@type\":\"Organization\",\"@id\":\"https:\/\/noticiasemdestaque.com\/cd\/#organization\",\"name\":\"Not\u00edcias em Destaque\",\"url\":\"https:\/\/noticiasemdestaque.com\/cd\/\",\"logo\":{\"@type\":\"ImageObject\",\"inLanguage\":\"pt-BR\",\"@id\":\"https:\/\/noticiasemdestaque.com\/cd\/#\/schema\/logo\/image\/\",\"url\":\"https:\/\/noticiasemdestaque.com\/cd\/wp-content\/uploads\/2022\/05\/imagem-base-noticiasemdestaque.png\",\"contentUrl\":\"https:\/\/noticiasemdestaque.com\/cd\/wp-content\/uploads\/2022\/05\/imagem-base-noticiasemdestaque.png\",\"width\":1200,\"height\":630,\"caption\":\"Not\u00edcias em Destaque\"},\"image\":{\"@id\":\"https:\/\/noticiasemdestaque.com\/cd\/#\/schema\/logo\/image\/\"}},{\"@type\":\"Person\",\"@id\":\"https:\/\/noticiasemdestaque.com\/cd\/#\/schema\/person\/47f7d4f55eec17c6b2ca036c5500f6ce\",\"name\":\"Not\u00edcias em Destaque\",\"url\":\"https:\/\/noticiasemdestaque.com\/cd\/?author=2\"}]}<\/script>\n<!-- \/ Yoast SEO plugin. -->","yoast_head_json":{"title":"Governo Bolsonaro decreta luto oficial de tr\u00eas dias por morte de Pel\u00e9 - Not&iacute;cias em Destaque","robots":{"index":"index","follow":"follow","max-snippet":"max-snippet:-1","max-image-preview":"max-image-preview:large","max-video-preview":"max-video-preview:-1"},"canonical":"https:\/\/noticiasemdestaque.com\/cd\/?p=45124","og_locale":"pt_BR","og_type":"article","og_title":"Governo Bolsonaro decreta luto oficial de tr\u00eas dias por morte de Pel\u00e9 - Not&iacute;cias em Destaque","og_description":"O presidente Jair Bolsonaro decretou luto oficial de tr\u00eas dias pela morte de Pel\u00e9. A medida foi publicada em edi\u00e7\u00e3o extra do Di\u00e1rio Oficial da Uni\u00e3o (DOU). Edson Arantes do Nascimento, que ficou mundialmente conhecido como Pel\u00e9, morreu nesta quinta-feira (29), aos 82 anos, no Hospital Albert Einstein, na zona sul da capital paulista, por fal\u00eancia m\u00faltipla de \u00f3rg\u00e3os em decorr\u00eancia de um c\u00e2ncer de c\u00f3lon. Nas redes sociais, o presidente demonstrou pesar pela morte do Rei do Futebol. \u201cCom pesar o passamento de um homem, que pelo futebol, levou o nome do Brasil para o mundo. Transformou o futebol em arte e alegria. Que Deus conforte sua fam\u00edlia e que o acolha na sua infinita miseric\u00f3rdia\u201d, escreveu. Outras autoridades tamb\u00e9m se manifestaram ap\u00f3s o an\u00fancio do falecimento. O presidente do Senado, Rodrigo Pacheco (PSD), afirmou que o Pel\u00e9 &#8220;foi mais magistral jogador de futebol que o mundo viu nos gramados e que elevou o nome do Brasil por onde passou&#8221;. O presidente da C\u00e2mara dos Deputados, Arthur Lira (PP), disse que o jogador dignificou o Brasil e seu povo e que &#8220;o homem Pel\u00e9 nos deixa, mas que o eterno Pel\u00e9 viver\u00e1 para sempre&#8221;. A presidente do Supremo Tribunal Federal (STF), ministra Rosa Weber, disse que o jogador atuou como &#8220;um artista da bola, que encantou gera\u00e7\u00f5es e gera\u00e7\u00f5es com seu talento. Noticias em Destaque Fonte: Agencia Brasil","og_url":"https:\/\/noticiasemdestaque.com\/cd\/?p=45124","og_site_name":"Not&iacute;cias em Destaque","article_published_time":"2022-12-30T11:51:11+00:00","og_image":[{"width":876,"height":585,"url":"https:\/\/noticiasemdestaque.com\/cd\/wp-content\/uploads\/2022\/12\/29out2021-pele-faz-foto-com-camisa-do-santos-com-dedicatoria-ao-presidente-jair-bolsonaro-1671912220027_v2_900x506.jpg","type":"image\/jpeg"}],"author":"Not\u00edcias em Destaque","twitter_card":"summary_large_image","twitter_misc":{"Escrito por":"Not\u00edcias em Destaque","Est. tempo de leitura":"2 minutos"},"schema":{"@context":"https:\/\/schema.org","@graph":[{"@type":"Article","@id":"https:\/\/noticiasemdestaque.com\/cd\/?p=45124#article","isPartOf":{"@id":"https:\/\/noticiasemdestaque.com\/cd\/?p=45124"},"author":{"name":"Not\u00edcias em Destaque","@id":"https:\/\/noticiasemdestaque.com\/cd\/#\/schema\/person\/47f7d4f55eec17c6b2ca036c5500f6ce"},"headline":"Governo Bolsonaro decreta luto oficial de tr\u00eas dias por morte de Pel\u00e9","datePublished":"2022-12-30T11:51:11+00:00","mainEntityOfPage":{"@id":"https:\/\/noticiasemdestaque.com\/cd\/?p=45124"},"wordCount":258,"publisher":{"@id":"https:\/\/noticiasemdestaque.com\/cd\/#organization"},"image":{"@id":"https:\/\/noticiasemdestaque.com\/cd\/?p=45124#primaryimage"},"thumbnailUrl":"https:\/\/noticiasemdestaque.com\/cd\/wp-content\/uploads\/2022\/12\/29out2021-pele-faz-foto-com-camisa-do-santos-com-dedicatoria-ao-presidente-jair-bolsonaro-1671912220027_v2_900x506.jpg","articleSection":["Geral"],"inLanguage":"pt-BR"},{"@type":"WebPage","@id":"https:\/\/noticiasemdestaque.com\/cd\/?p=45124","url":"https:\/\/noticiasemdestaque.com\/cd\/?p=45124","name":"Governo Bolsonaro decreta luto oficial de tr\u00eas dias por morte de Pel\u00e9 - Not&iacute;cias em Destaque","isPartOf":{"@id":"https:\/\/noticiasemdestaque.com\/cd\/#website"},"primaryImageOfPage":{"@id":"https:\/\/noticiasemdestaque.com\/cd\/?p=45124#primaryimage"},"image":{"@id":"https:\/\/noticiasemdestaque.com\/cd\/?p=45124#primaryimage"},"thumbnailUrl":"https:\/\/noticiasemdestaque.com\/cd\/wp-content\/uploads\/2022\/12\/29out2021-pele-faz-foto-com-camisa-do-santos-com-dedicatoria-ao-presidente-jair-bolsonaro-1671912220027_v2_900x506.jpg","datePublished":"2022-12-30T11:51:11+00:00","breadcrumb":{"@id":"https:\/\/noticiasemdestaque.com\/cd\/?p=45124#breadcrumb"},"inLanguage":"pt-BR","potentialAction":[{"@type":"ReadAction","target":["https:\/\/noticiasemdestaque.com\/cd\/?p=45124"]}]},{"@type":"ImageObject","inLanguage":"pt-BR","@id":"https:\/\/noticiasemdestaque.com\/cd\/?p=45124#primaryimage","url":"https:\/\/noticiasemdestaque.com\/cd\/wp-content\/uploads\/2022\/12\/29out2021-pele-faz-foto-com-camisa-do-santos-com-dedicatoria-ao-presidente-jair-bolsonaro-1671912220027_v2_900x506.jpg","contentUrl":"https:\/\/noticiasemdestaque.com\/cd\/wp-content\/uploads\/2022\/12\/29out2021-pele-faz-foto-com-camisa-do-santos-com-dedicatoria-ao-presidente-jair-bolsonaro-1671912220027_v2_900x506.jpg","width":876,"height":585},{"@type":"BreadcrumbList","@id":"https:\/\/noticiasemdestaque.com\/cd\/?p=45124#breadcrumb","itemListElement":[{"@type":"ListItem","position":1,"name":"In\u00edcio","item":"https:\/\/noticiasemdestaque.com\/cd\/"},{"@type":"ListItem","position":2,"name":"Governo Bolsonaro decreta luto oficial de tr\u00eas dias por morte de Pel\u00e9"}]},{"@type":"WebSite","@id":"https:\/\/noticiasemdestaque.com\/cd\/#website","url":"https:\/\/noticiasemdestaque.com\/cd\/","name":"Not&iacute;cias em Destaque","description":"","publisher":{"@id":"https:\/\/noticiasemdestaque.com\/cd\/#organization"},"potentialAction":[{"@type":"SearchAction","target":{"@type":"EntryPoint","urlTemplate":"https:\/\/noticiasemdestaque.com\/cd\/?s={search_term_string}"},"query-input":{"@type":"PropertyValueSpecification","valueRequired":true,"valueName":"search_term_string"}}],"inLanguage":"pt-BR"},{"@type":"Organization","@id":"https:\/\/noticiasemdestaque.com\/cd\/#organization","name":"Not\u00edcias em Destaque","url":"https:\/\/noticiasemdestaque.com\/cd\/","logo":{"@type":"ImageObject","inLanguage":"pt-BR","@id":"https:\/\/noticiasemdestaque.com\/cd\/#\/schema\/logo\/image\/","url":"https:\/\/noticiasemdestaque.com\/cd\/wp-content\/uploads\/2022\/05\/imagem-base-noticiasemdestaque.png","contentUrl":"https:\/\/noticiasemdestaque.com\/cd\/wp-content\/uploads\/2022\/05\/imagem-base-noticiasemdestaque.png","width":1200,"height":630,"caption":"Not\u00edcias em Destaque"},"image":{"@id":"https:\/\/noticiasemdestaque.com\/cd\/#\/schema\/logo\/image\/"}},{"@type":"Person","@id":"https:\/\/noticiasemdestaque.com\/cd\/#\/schema\/person\/47f7d4f55eec17c6b2ca036c5500f6ce","name":"Not\u00edcias em Destaque","url":"https:\/\/noticiasemdestaque.com\/cd\/?author=2"}]}},"jetpack_featured_media_url":"https:\/\/noticiasemdestaque.com\/cd\/wp-content\/uploads\/2022\/12\/29out2021-pele-faz-foto-com-camisa-do-santos-com-dedicatoria-ao-presidente-jair-bolsonaro-1671912220027_v2_900x506.jpg","jetpack_sharing_enabled":true,"_links":{"self":[{"href":"https:\/\/noticiasemdestaque.com\/cd\/index.php?rest_route=\/wp\/v2\/posts\/45124","targetHints":{"allow":["GET"]}}],"collection":[{"href":"https:\/\/noticiasemdestaque.com\/cd\/index.php?rest_route=\/wp\/v2\/posts"}],"about":[{"href":"https:\/\/noticiasemdestaque.com\/cd\/index.php?rest_route=\/wp\/v2\/types\/post"}],"author":[{"embeddable":true,"href":"https:\/\/noticiasemdestaque.com\/cd\/index.php?rest_route=\/wp\/v2\/users\/2"}],"replies":[{"embeddable":true,"href":"https:\/\/noticiasemdestaque.com\/cd\/index.php?rest_route=%2Fwp%2Fv2%2Fcomments&post=45124"}],"version-history":[{"count":1,"href":"https:\/\/noticiasemdestaque.com\/cd\/index.php?rest_route=\/wp\/v2\/posts\/45124\/revisions"}],"predecessor-version":[{"id":45126,"href":"https:\/\/noticiasemdestaque.com\/cd\/index.php?rest_route=\/wp\/v2\/posts\/45124\/revisions\/45126"}],"wp:featuredmedia":[{"embeddable":true,"href":"https:\/\/noticiasemdestaque.com\/cd\/index.php?rest_route=\/wp\/v2\/media\/45125"}],"wp:attachment":[{"href":"https:\/\/noticiasemdestaque.com\/cd\/index.php?rest_route=%2Fwp%2Fv2%2Fmedia&parent=45124"}],"wp:term":[{"taxonomy":"category","embeddable":true,"href":"https:\/\/noticiasemdestaque.com\/cd\/index.php?rest_route=%2Fwp%2Fv2%2Fcategories&post=45124"},{"taxonomy":"post_tag","embeddable":true,"href":"https:\/\/noticiasemdestaque.com\/cd\/index.php?rest_route=%2Fwp%2Fv2%2Ftags&post=45124"}],"curies":[{"name":"wp","href":"https:\/\/api.w.org\/{rel}","templated":true}]}}