{"id":45121,"date":"2022-12-29T19:56:44","date_gmt":"2022-12-29T22:56:44","guid":{"rendered":"https:\/\/noticiasemdestaque.com\/cd\/?p=45121"},"modified":"2022-12-29T19:56:44","modified_gmt":"2022-12-29T22:56:44","slug":"velorio-de-pele-sera-realizado-na-vila-belmiro","status":"publish","type":"post","link":"https:\/\/noticiasemdestaque.com\/cd\/?p=45121","title":{"rendered":"Vel\u00f3rio de Pel\u00e9 ser\u00e1 realizado na Vila Belmiro"},"content":{"rendered":"<p><a href=\"https:\/\/noticiasemdestaque.com\/cd\/wp-content\/uploads\/2022\/12\/2022-12-29t185828z_1860319469_rc246n6muvbu_rtrmadp_3_soccer-pele.jpg\"><img fetchpriority=\"high\" decoding=\"async\" class=\"alignnone  wp-image-45122\" src=\"https:\/\/noticiasemdestaque.com\/cd\/wp-content\/uploads\/2022\/12\/2022-12-29t185828z_1860319469_rc246n6muvbu_rtrmadp_3_soccer-pele-300x179.jpg\" alt=\"\" width=\"1135\" height=\"677\" srcset=\"https:\/\/noticiasemdestaque.com\/cd\/wp-content\/uploads\/2022\/12\/2022-12-29t185828z_1860319469_rc246n6muvbu_rtrmadp_3_soccer-pele-300x179.jpg 300w, https:\/\/noticiasemdestaque.com\/cd\/wp-content\/uploads\/2022\/12\/2022-12-29t185828z_1860319469_rc246n6muvbu_rtrmadp_3_soccer-pele-768x459.jpg 768w, https:\/\/noticiasemdestaque.com\/cd\/wp-content\/uploads\/2022\/12\/2022-12-29t185828z_1860319469_rc246n6muvbu_rtrmadp_3_soccer-pele-18x12.jpg 18w\" sizes=\"(max-width: 1135px) 100vw, 1135px\" \/><\/a><\/p>\n<p>O Santos informou no in\u00edcio da noite desta quinta-feira (29) que o vel\u00f3rio aberto ao p\u00fablico de Pel\u00e9 ser\u00e1 realizado no Est\u00e1dio Urbano Caldeira, a Vila Belmiro, a partir das 10h (hor\u00e1rio de Bras\u00edlia) da pr\u00f3xima segunda-feira (2).<img decoding=\"async\" src=\"https:\/\/agenciabrasil.ebc.com.br\/ebc.png?id=1500503&amp;o=node\" \/><img decoding=\"async\" src=\"https:\/\/agenciabrasil.ebc.com.br\/ebc.gif?id=1500503&amp;o=node\" \/><\/p>\n<div class=\"twitter-tweet twitter-tweet-rendered\"><iframe id=\"twitter-widget-0\" class=\"\" title=\"Twitter Tweet\" src=\"https:\/\/platform.twitter.com\/embed\/Tweet.html?creatorScreenName=agenciabrasil&amp;dnt=false&amp;embedId=twitter-widget-0&amp;features=eyJ0ZndfdGltZWxpbmVfbGlzdCI6eyJidWNrZXQiOlsibGlua3RyLmVlIiwidHIuZWUiLCJ0ZXJyYS5jb20uYnIiLCJ3d3cubGlua3RyLmVlIiwid3d3LnRyLmVlIiwid3d3LnRlcnJhLmNvbS5iciJdLCJ2ZXJzaW9uIjpudWxsfSwidGZ3X2hvcml6b25fdGltZWxpbmVfMTIwMzQiOnsiYnVja2V0IjoidHJlYXRtZW50IiwidmVyc2lvbiI6bnVsbH0sInRmd190d2VldF9lZGl0X2JhY2tlbmQiOnsiYnVja2V0Ijoib24iLCJ2ZXJzaW9uIjpudWxsfSwidGZ3X3JlZnNyY19zZXNzaW9uIjp7ImJ1Y2tldCI6Im9uIiwidmVyc2lvbiI6bnVsbH0sInRmd19zaG93X2J1c2luZXNzX3ZlcmlmaWVkX2JhZGdlIjp7ImJ1Y2tldCI6Im9uIiwidmVyc2lvbiI6bnVsbH0sInRmd19jaGluX3BpbGxzXzE0NzQxIjp7ImJ1Y2tldCI6ImNvbG9yX2ljb25zIiwidmVyc2lvbiI6bnVsbH0sInRmd190d2VldF9yZXN1bHRfbWlncmF0aW9uXzEzOTc5Ijp7ImJ1Y2tldCI6InR3ZWV0X3Jlc3VsdCIsInZlcnNpb24iOm51bGx9LCJ0ZndfbWl4ZWRfbWVkaWFfMTU4OTciOnsiYnVja2V0IjoidHJlYXRtZW50IiwidmVyc2lvbiI6bnVsbH0sInRmd19zZW5zaXRpdmVfbWVkaWFfaW50ZXJzdGl0aWFsXzEzOTYzIjp7ImJ1Y2tldCI6ImludGVyc3RpdGlhbCIsInZlcnNpb24iOm51bGx9LCJ0ZndfZXhwZXJpbWVudHNfY29va2llX2V4cGlyYXRpb24iOnsiYnVja2V0IjoxMjA5NjAwLCJ2ZXJzaW9uIjpudWxsfSwidGZ3X2R1cGxpY2F0ZV9zY3JpYmVzX3RvX3NldHRpbmdzIjp7ImJ1Y2tldCI6Im9uIiwidmVyc2lvbiI6bnVsbH0sInRmd192aWRlb19obHNfZHluYW1pY19tYW5pZmVzdHNfMTUwODIiOnsiYnVja2V0IjoidHJ1ZV9iaXRyYXRlIiwidmVyc2lvbiI6bnVsbH0sInRmd19zaG93X2JsdWVfdmVyaWZpZWRfYmFkZ2UiOnsiYnVja2V0Ijoib24iLCJ2ZXJzaW9uIjpudWxsfSwidGZ3X3Nob3dfZ292X3ZlcmlmaWVkX2JhZGdlIjp7ImJ1Y2tldCI6Im9uIiwidmVyc2lvbiI6bnVsbH0sInRmd19zaG93X2J1c2luZXNzX2FmZmlsaWF0ZV9iYWRnZSI6eyJidWNrZXQiOiJvbiIsInZlcnNpb24iOm51bGx9LCJ0ZndfdHdlZXRfZWRpdF9mcm9udGVuZCI6eyJidWNrZXQiOiJvbiIsInZlcnNpb24iOm51bGx9fQ%3D%3D&amp;frame=false&amp;hideCard=false&amp;hideThread=false&amp;id=1608539848981315584&amp;lang=pt&amp;origin=https%3A%2F%2Fagenciabrasil.ebc.com.br%2Fesportes%2Fnoticia%2F2022-12%2Fvelorio-de-pele-sera-realizado-na-vila-belmiro&amp;sessionId=bb21d18878b63fbd5ef927a09439e5690ec962ca&amp;siteScreenName=agenciabrasil&amp;theme=light&amp;widgetsVersion=a3525f077c700%3A1667415560940&amp;width=550px\" frameborder=\"0\" scrolling=\"no\" allowfullscreen=\"allowfullscreen\" data-tweet-id=\"1608539848981315584\" data-mce-fragment=\"1\"><\/iframe><\/div>\n<blockquote class=\"twitter-tweet\" data-twitter-extracted-i1672354507910289506=\"true\">\n<p dir=\"ltr\" lang=\"tl\" xml:lang=\"tl\">Eterno.\u00a0<a href=\"https:\/\/t.co\/N912VpCmVK\">pic.twitter.com\/N912VpCmVK<\/a><\/p>\n<p>\u2014 Santos FC (@SantosFC)\u00a0<a href=\"https:\/\/twitter.com\/SantosFC\/status\/1608539848981315584?ref_src=twsrc%5Etfw\">December 29, 2022<\/a><\/p><\/blockquote>\n<p>\u201cO corpo seguir\u00e1 do Hospital Albert Einstein direto para o est\u00e1dio na madrugada de segunda-feira (2) e o caix\u00e3o ser\u00e1 posicionado no centro do gramado\u201d, diz a nota do Peixe. Segundo o Santos, o acesso de populares ao vel\u00f3rio ser\u00e1 feito pelos port\u00f5es 2 e 3, enquanto as autoridades ter\u00e3o acesso pelo port\u00e3o 10.<\/p>\n<p>A cerim\u00f4nia seguir\u00e1 at\u00e9 as 10h de ter\u00e7a-feira (3), quando ser\u00e1 realizado o cortejo pelas ruas de Santos, que passar\u00e1 pelo Canal 6, onde mora a m\u00e3e de Pel\u00e9, dona Celeste, seguindo at\u00e9 a Memorial Necr\u00f3pole Ecum\u00eanica, para o sepultamento reservado aos familiares.<\/p>\n<p><strong>Noticias em Destaque<\/strong><\/p>\n<p style=\"text-align: right;\"><em>Fonte: Agencia Brasil<\/em><\/p>\n","protected":false},"excerpt":{"rendered":"<p>O Santos informou no in\u00edcio da noite desta quinta-feira (29) que o vel\u00f3rio aberto ao p\u00fablico de Pel\u00e9 ser\u00e1 realizado no Est\u00e1dio Urbano Caldeira, a Vila Belmiro, a partir das 10h (hor\u00e1rio de Bras\u00edlia) da pr\u00f3xima segunda-feira (2). Eterno.\u00a0pic.twitter.com\/N912VpCmVK \u2014 Santos FC (@SantosFC)\u00a0December 29, 2022 \u201cO corpo seguir\u00e1 do Hospital Albert Einstein direto para o est\u00e1dio na madrugada de segunda-feira (2) e o caix\u00e3o ser\u00e1 posicionado no centro do gramado\u201d, diz a nota do Peixe. Segundo o Santos, o acesso de populares ao vel\u00f3rio ser\u00e1 feito pelos port\u00f5es 2 e 3, enquanto as autoridades ter\u00e3o acesso pelo port\u00e3o 10. A cerim\u00f4nia seguir\u00e1 at\u00e9 as 10h de ter\u00e7a-feira (3), quando ser\u00e1 realizado o cortejo pelas ruas de Santos, que passar\u00e1 pelo Canal 6, onde mora a m\u00e3e de Pel\u00e9, dona Celeste, seguindo at\u00e9 a Memorial Necr\u00f3pole Ecum\u00eanica, para o sepultamento reservado aos familiares. Noticias em Destaque Fonte: Agencia Brasil<\/p>\n","protected":false},"author":2,"featured_media":45122,"comment_status":"closed","ping_status":"open","sticky":false,"template":"","format":"standard","meta":{"_eb_attr":"","_jetpack_memberships_contains_paid_content":false,"footnotes":""},"categories":[12],"tags":[],"class_list":["post-45121","post","type-post","status-publish","format-standard","has-post-thumbnail","hentry","category-geral"],"yoast_head":"<!-- This site is optimized with the Yoast SEO plugin v26.5 - https:\/\/yoast.com\/wordpress\/plugins\/seo\/ -->\n<title>Vel\u00f3rio de Pel\u00e9 ser\u00e1 realizado na Vila Belmiro - Not&iacute;cias em Destaque<\/title>\n<meta name=\"robots\" content=\"index, follow, max-snippet:-1, max-image-preview:large, max-video-preview:-1\" \/>\n<link rel=\"canonical\" href=\"https:\/\/noticiasemdestaque.com\/cd\/?p=45121\" \/>\n<meta property=\"og:locale\" content=\"pt_BR\" \/>\n<meta property=\"og:type\" content=\"article\" \/>\n<meta property=\"og:title\" content=\"Vel\u00f3rio de Pel\u00e9 ser\u00e1 realizado na Vila Belmiro - Not&iacute;cias em Destaque\" \/>\n<meta property=\"og:description\" content=\"O Santos informou no in\u00edcio da noite desta quinta-feira (29) que o vel\u00f3rio aberto ao p\u00fablico de Pel\u00e9 ser\u00e1 realizado no Est\u00e1dio Urbano Caldeira, a Vila Belmiro, a partir das 10h (hor\u00e1rio de Bras\u00edlia) da pr\u00f3xima segunda-feira (2). Eterno.\u00a0pic.twitter.com\/N912VpCmVK \u2014 Santos FC (@SantosFC)\u00a0December 29, 2022 \u201cO corpo seguir\u00e1 do Hospital Albert Einstein direto para o est\u00e1dio na madrugada de segunda-feira (2) e o caix\u00e3o ser\u00e1 posicionado no centro do gramado\u201d, diz a nota do Peixe. Segundo o Santos, o acesso de populares ao vel\u00f3rio ser\u00e1 feito pelos port\u00f5es 2 e 3, enquanto as autoridades ter\u00e3o acesso pelo port\u00e3o 10. A cerim\u00f4nia seguir\u00e1 at\u00e9 as 10h de ter\u00e7a-feira (3), quando ser\u00e1 realizado o cortejo pelas ruas de Santos, que passar\u00e1 pelo Canal 6, onde mora a m\u00e3e de Pel\u00e9, dona Celeste, seguindo at\u00e9 a Memorial Necr\u00f3pole Ecum\u00eanica, para o sepultamento reservado aos familiares. Noticias em Destaque Fonte: Agencia Brasil\" \/>\n<meta property=\"og:url\" content=\"https:\/\/noticiasemdestaque.com\/cd\/?p=45121\" \/>\n<meta property=\"og:site_name\" content=\"Not&iacute;cias em Destaque\" \/>\n<meta property=\"article:published_time\" content=\"2022-12-29T22:56:44+00:00\" \/>\n<meta property=\"og:image\" content=\"https:\/\/noticiasemdestaque.com\/cd\/wp-content\/uploads\/2022\/12\/2022-12-29t185828z_1860319469_rc246n6muvbu_rtrmadp_3_soccer-pele.jpg\" \/>\n\t<meta property=\"og:image:width\" content=\"1170\" \/>\n\t<meta property=\"og:image:height\" content=\"700\" \/>\n\t<meta property=\"og:image:type\" content=\"image\/jpeg\" \/>\n<meta name=\"author\" content=\"Not\u00edcias em Destaque\" \/>\n<meta name=\"twitter:card\" content=\"summary_large_image\" \/>\n<meta name=\"twitter:label1\" content=\"Escrito por\" \/>\n\t<meta name=\"twitter:data1\" content=\"Not\u00edcias em Destaque\" \/>\n\t<meta name=\"twitter:label2\" content=\"Est. tempo de leitura\" \/>\n\t<meta name=\"twitter:data2\" content=\"2 minutos\" \/>\n<script type=\"application\/ld+json\" class=\"yoast-schema-graph\">{\"@context\":\"https:\/\/schema.org\",\"@graph\":[{\"@type\":\"Article\",\"@id\":\"https:\/\/noticiasemdestaque.com\/cd\/?p=45121#article\",\"isPartOf\":{\"@id\":\"https:\/\/noticiasemdestaque.com\/cd\/?p=45121\"},\"author\":{\"name\":\"Not\u00edcias em Destaque\",\"@id\":\"https:\/\/noticiasemdestaque.com\/cd\/#\/schema\/person\/47f7d4f55eec17c6b2ca036c5500f6ce\"},\"headline\":\"Vel\u00f3rio de Pel\u00e9 ser\u00e1 realizado na Vila Belmiro\",\"datePublished\":\"2022-12-29T22:56:44+00:00\",\"mainEntityOfPage\":{\"@id\":\"https:\/\/noticiasemdestaque.com\/cd\/?p=45121\"},\"wordCount\":170,\"publisher\":{\"@id\":\"https:\/\/noticiasemdestaque.com\/cd\/#organization\"},\"image\":{\"@id\":\"https:\/\/noticiasemdestaque.com\/cd\/?p=45121#primaryimage\"},\"thumbnailUrl\":\"https:\/\/noticiasemdestaque.com\/cd\/wp-content\/uploads\/2022\/12\/2022-12-29t185828z_1860319469_rc246n6muvbu_rtrmadp_3_soccer-pele.jpg\",\"articleSection\":[\"Geral\"],\"inLanguage\":\"pt-BR\"},{\"@type\":\"WebPage\",\"@id\":\"https:\/\/noticiasemdestaque.com\/cd\/?p=45121\",\"url\":\"https:\/\/noticiasemdestaque.com\/cd\/?p=45121\",\"name\":\"Vel\u00f3rio de Pel\u00e9 ser\u00e1 realizado na Vila Belmiro - Not&iacute;cias em Destaque\",\"isPartOf\":{\"@id\":\"https:\/\/noticiasemdestaque.com\/cd\/#website\"},\"primaryImageOfPage\":{\"@id\":\"https:\/\/noticiasemdestaque.com\/cd\/?p=45121#primaryimage\"},\"image\":{\"@id\":\"https:\/\/noticiasemdestaque.com\/cd\/?p=45121#primaryimage\"},\"thumbnailUrl\":\"https:\/\/noticiasemdestaque.com\/cd\/wp-content\/uploads\/2022\/12\/2022-12-29t185828z_1860319469_rc246n6muvbu_rtrmadp_3_soccer-pele.jpg\",\"datePublished\":\"2022-12-29T22:56:44+00:00\",\"breadcrumb\":{\"@id\":\"https:\/\/noticiasemdestaque.com\/cd\/?p=45121#breadcrumb\"},\"inLanguage\":\"pt-BR\",\"potentialAction\":[{\"@type\":\"ReadAction\",\"target\":[\"https:\/\/noticiasemdestaque.com\/cd\/?p=45121\"]}]},{\"@type\":\"ImageObject\",\"inLanguage\":\"pt-BR\",\"@id\":\"https:\/\/noticiasemdestaque.com\/cd\/?p=45121#primaryimage\",\"url\":\"https:\/\/noticiasemdestaque.com\/cd\/wp-content\/uploads\/2022\/12\/2022-12-29t185828z_1860319469_rc246n6muvbu_rtrmadp_3_soccer-pele.jpg\",\"contentUrl\":\"https:\/\/noticiasemdestaque.com\/cd\/wp-content\/uploads\/2022\/12\/2022-12-29t185828z_1860319469_rc246n6muvbu_rtrmadp_3_soccer-pele.jpg\",\"width\":1170,\"height\":700},{\"@type\":\"BreadcrumbList\",\"@id\":\"https:\/\/noticiasemdestaque.com\/cd\/?p=45121#breadcrumb\",\"itemListElement\":[{\"@type\":\"ListItem\",\"position\":1,\"name\":\"In\u00edcio\",\"item\":\"https:\/\/noticiasemdestaque.com\/cd\/\"},{\"@type\":\"ListItem\",\"position\":2,\"name\":\"Vel\u00f3rio de Pel\u00e9 ser\u00e1 realizado na Vila Belmiro\"}]},{\"@type\":\"WebSite\",\"@id\":\"https:\/\/noticiasemdestaque.com\/cd\/#website\",\"url\":\"https:\/\/noticiasemdestaque.com\/cd\/\",\"name\":\"Not&iacute;cias em Destaque\",\"description\":\"\",\"publisher\":{\"@id\":\"https:\/\/noticiasemdestaque.com\/cd\/#organization\"},\"potentialAction\":[{\"@type\":\"SearchAction\",\"target\":{\"@type\":\"EntryPoint\",\"urlTemplate\":\"https:\/\/noticiasemdestaque.com\/cd\/?s={search_term_string}\"},\"query-input\":{\"@type\":\"PropertyValueSpecification\",\"valueRequired\":true,\"valueName\":\"search_term_string\"}}],\"inLanguage\":\"pt-BR\"},{\"@type\":\"Organization\",\"@id\":\"https:\/\/noticiasemdestaque.com\/cd\/#organization\",\"name\":\"Not\u00edcias em Destaque\",\"url\":\"https:\/\/noticiasemdestaque.com\/cd\/\",\"logo\":{\"@type\":\"ImageObject\",\"inLanguage\":\"pt-BR\",\"@id\":\"https:\/\/noticiasemdestaque.com\/cd\/#\/schema\/logo\/image\/\",\"url\":\"https:\/\/noticiasemdestaque.com\/cd\/wp-content\/uploads\/2022\/05\/imagem-base-noticiasemdestaque.png\",\"contentUrl\":\"https:\/\/noticiasemdestaque.com\/cd\/wp-content\/uploads\/2022\/05\/imagem-base-noticiasemdestaque.png\",\"width\":1200,\"height\":630,\"caption\":\"Not\u00edcias em Destaque\"},\"image\":{\"@id\":\"https:\/\/noticiasemdestaque.com\/cd\/#\/schema\/logo\/image\/\"}},{\"@type\":\"Person\",\"@id\":\"https:\/\/noticiasemdestaque.com\/cd\/#\/schema\/person\/47f7d4f55eec17c6b2ca036c5500f6ce\",\"name\":\"Not\u00edcias em Destaque\",\"url\":\"https:\/\/noticiasemdestaque.com\/cd\/?author=2\"}]}<\/script>\n<!-- \/ Yoast SEO plugin. -->","yoast_head_json":{"title":"Vel\u00f3rio de Pel\u00e9 ser\u00e1 realizado na Vila Belmiro - Not&iacute;cias em Destaque","robots":{"index":"index","follow":"follow","max-snippet":"max-snippet:-1","max-image-preview":"max-image-preview:large","max-video-preview":"max-video-preview:-1"},"canonical":"https:\/\/noticiasemdestaque.com\/cd\/?p=45121","og_locale":"pt_BR","og_type":"article","og_title":"Vel\u00f3rio de Pel\u00e9 ser\u00e1 realizado na Vila Belmiro - Not&iacute;cias em Destaque","og_description":"O Santos informou no in\u00edcio da noite desta quinta-feira (29) que o vel\u00f3rio aberto ao p\u00fablico de Pel\u00e9 ser\u00e1 realizado no Est\u00e1dio Urbano Caldeira, a Vila Belmiro, a partir das 10h (hor\u00e1rio de Bras\u00edlia) da pr\u00f3xima segunda-feira (2). Eterno.\u00a0pic.twitter.com\/N912VpCmVK \u2014 Santos FC (@SantosFC)\u00a0December 29, 2022 \u201cO corpo seguir\u00e1 do Hospital Albert Einstein direto para o est\u00e1dio na madrugada de segunda-feira (2) e o caix\u00e3o ser\u00e1 posicionado no centro do gramado\u201d, diz a nota do Peixe. Segundo o Santos, o acesso de populares ao vel\u00f3rio ser\u00e1 feito pelos port\u00f5es 2 e 3, enquanto as autoridades ter\u00e3o acesso pelo port\u00e3o 10. A cerim\u00f4nia seguir\u00e1 at\u00e9 as 10h de ter\u00e7a-feira (3), quando ser\u00e1 realizado o cortejo pelas ruas de Santos, que passar\u00e1 pelo Canal 6, onde mora a m\u00e3e de Pel\u00e9, dona Celeste, seguindo at\u00e9 a Memorial Necr\u00f3pole Ecum\u00eanica, para o sepultamento reservado aos familiares. Noticias em Destaque Fonte: Agencia Brasil","og_url":"https:\/\/noticiasemdestaque.com\/cd\/?p=45121","og_site_name":"Not&iacute;cias em Destaque","article_published_time":"2022-12-29T22:56:44+00:00","og_image":[{"width":1170,"height":700,"url":"https:\/\/noticiasemdestaque.com\/cd\/wp-content\/uploads\/2022\/12\/2022-12-29t185828z_1860319469_rc246n6muvbu_rtrmadp_3_soccer-pele.jpg","type":"image\/jpeg"}],"author":"Not\u00edcias em Destaque","twitter_card":"summary_large_image","twitter_misc":{"Escrito por":"Not\u00edcias em Destaque","Est. tempo de leitura":"2 minutos"},"schema":{"@context":"https:\/\/schema.org","@graph":[{"@type":"Article","@id":"https:\/\/noticiasemdestaque.com\/cd\/?p=45121#article","isPartOf":{"@id":"https:\/\/noticiasemdestaque.com\/cd\/?p=45121"},"author":{"name":"Not\u00edcias em Destaque","@id":"https:\/\/noticiasemdestaque.com\/cd\/#\/schema\/person\/47f7d4f55eec17c6b2ca036c5500f6ce"},"headline":"Vel\u00f3rio de Pel\u00e9 ser\u00e1 realizado na Vila Belmiro","datePublished":"2022-12-29T22:56:44+00:00","mainEntityOfPage":{"@id":"https:\/\/noticiasemdestaque.com\/cd\/?p=45121"},"wordCount":170,"publisher":{"@id":"https:\/\/noticiasemdestaque.com\/cd\/#organization"},"image":{"@id":"https:\/\/noticiasemdestaque.com\/cd\/?p=45121#primaryimage"},"thumbnailUrl":"https:\/\/noticiasemdestaque.com\/cd\/wp-content\/uploads\/2022\/12\/2022-12-29t185828z_1860319469_rc246n6muvbu_rtrmadp_3_soccer-pele.jpg","articleSection":["Geral"],"inLanguage":"pt-BR"},{"@type":"WebPage","@id":"https:\/\/noticiasemdestaque.com\/cd\/?p=45121","url":"https:\/\/noticiasemdestaque.com\/cd\/?p=45121","name":"Vel\u00f3rio de Pel\u00e9 ser\u00e1 realizado na Vila Belmiro - Not&iacute;cias em Destaque","isPartOf":{"@id":"https:\/\/noticiasemdestaque.com\/cd\/#website"},"primaryImageOfPage":{"@id":"https:\/\/noticiasemdestaque.com\/cd\/?p=45121#primaryimage"},"image":{"@id":"https:\/\/noticiasemdestaque.com\/cd\/?p=45121#primaryimage"},"thumbnailUrl":"https:\/\/noticiasemdestaque.com\/cd\/wp-content\/uploads\/2022\/12\/2022-12-29t185828z_1860319469_rc246n6muvbu_rtrmadp_3_soccer-pele.jpg","datePublished":"2022-12-29T22:56:44+00:00","breadcrumb":{"@id":"https:\/\/noticiasemdestaque.com\/cd\/?p=45121#breadcrumb"},"inLanguage":"pt-BR","potentialAction":[{"@type":"ReadAction","target":["https:\/\/noticiasemdestaque.com\/cd\/?p=45121"]}]},{"@type":"ImageObject","inLanguage":"pt-BR","@id":"https:\/\/noticiasemdestaque.com\/cd\/?p=45121#primaryimage","url":"https:\/\/noticiasemdestaque.com\/cd\/wp-content\/uploads\/2022\/12\/2022-12-29t185828z_1860319469_rc246n6muvbu_rtrmadp_3_soccer-pele.jpg","contentUrl":"https:\/\/noticiasemdestaque.com\/cd\/wp-content\/uploads\/2022\/12\/2022-12-29t185828z_1860319469_rc246n6muvbu_rtrmadp_3_soccer-pele.jpg","width":1170,"height":700},{"@type":"BreadcrumbList","@id":"https:\/\/noticiasemdestaque.com\/cd\/?p=45121#breadcrumb","itemListElement":[{"@type":"ListItem","position":1,"name":"In\u00edcio","item":"https:\/\/noticiasemdestaque.com\/cd\/"},{"@type":"ListItem","position":2,"name":"Vel\u00f3rio de Pel\u00e9 ser\u00e1 realizado na Vila Belmiro"}]},{"@type":"WebSite","@id":"https:\/\/noticiasemdestaque.com\/cd\/#website","url":"https:\/\/noticiasemdestaque.com\/cd\/","name":"Not&iacute;cias em Destaque","description":"","publisher":{"@id":"https:\/\/noticiasemdestaque.com\/cd\/#organization"},"potentialAction":[{"@type":"SearchAction","target":{"@type":"EntryPoint","urlTemplate":"https:\/\/noticiasemdestaque.com\/cd\/?s={search_term_string}"},"query-input":{"@type":"PropertyValueSpecification","valueRequired":true,"valueName":"search_term_string"}}],"inLanguage":"pt-BR"},{"@type":"Organization","@id":"https:\/\/noticiasemdestaque.com\/cd\/#organization","name":"Not\u00edcias em Destaque","url":"https:\/\/noticiasemdestaque.com\/cd\/","logo":{"@type":"ImageObject","inLanguage":"pt-BR","@id":"https:\/\/noticiasemdestaque.com\/cd\/#\/schema\/logo\/image\/","url":"https:\/\/noticiasemdestaque.com\/cd\/wp-content\/uploads\/2022\/05\/imagem-base-noticiasemdestaque.png","contentUrl":"https:\/\/noticiasemdestaque.com\/cd\/wp-content\/uploads\/2022\/05\/imagem-base-noticiasemdestaque.png","width":1200,"height":630,"caption":"Not\u00edcias em Destaque"},"image":{"@id":"https:\/\/noticiasemdestaque.com\/cd\/#\/schema\/logo\/image\/"}},{"@type":"Person","@id":"https:\/\/noticiasemdestaque.com\/cd\/#\/schema\/person\/47f7d4f55eec17c6b2ca036c5500f6ce","name":"Not\u00edcias em Destaque","url":"https:\/\/noticiasemdestaque.com\/cd\/?author=2"}]}},"jetpack_featured_media_url":"https:\/\/noticiasemdestaque.com\/cd\/wp-content\/uploads\/2022\/12\/2022-12-29t185828z_1860319469_rc246n6muvbu_rtrmadp_3_soccer-pele.jpg","jetpack_sharing_enabled":true,"_links":{"self":[{"href":"https:\/\/noticiasemdestaque.com\/cd\/index.php?rest_route=\/wp\/v2\/posts\/45121","targetHints":{"allow":["GET"]}}],"collection":[{"href":"https:\/\/noticiasemdestaque.com\/cd\/index.php?rest_route=\/wp\/v2\/posts"}],"about":[{"href":"https:\/\/noticiasemdestaque.com\/cd\/index.php?rest_route=\/wp\/v2\/types\/post"}],"author":[{"embeddable":true,"href":"https:\/\/noticiasemdestaque.com\/cd\/index.php?rest_route=\/wp\/v2\/users\/2"}],"replies":[{"embeddable":true,"href":"https:\/\/noticiasemdestaque.com\/cd\/index.php?rest_route=%2Fwp%2Fv2%2Fcomments&post=45121"}],"version-history":[{"count":1,"href":"https:\/\/noticiasemdestaque.com\/cd\/index.php?rest_route=\/wp\/v2\/posts\/45121\/revisions"}],"predecessor-version":[{"id":45123,"href":"https:\/\/noticiasemdestaque.com\/cd\/index.php?rest_route=\/wp\/v2\/posts\/45121\/revisions\/45123"}],"wp:featuredmedia":[{"embeddable":true,"href":"https:\/\/noticiasemdestaque.com\/cd\/index.php?rest_route=\/wp\/v2\/media\/45122"}],"wp:attachment":[{"href":"https:\/\/noticiasemdestaque.com\/cd\/index.php?rest_route=%2Fwp%2Fv2%2Fmedia&parent=45121"}],"wp:term":[{"taxonomy":"category","embeddable":true,"href":"https:\/\/noticiasemdestaque.com\/cd\/index.php?rest_route=%2Fwp%2Fv2%2Fcategories&post=45121"},{"taxonomy":"post_tag","embeddable":true,"href":"https:\/\/noticiasemdestaque.com\/cd\/index.php?rest_route=%2Fwp%2Fv2%2Ftags&post=45121"}],"curies":[{"name":"wp","href":"https:\/\/api.w.org\/{rel}","templated":true}]}}