{"id":45118,"date":"2022-12-29T19:52:56","date_gmt":"2022-12-29T22:52:56","guid":{"rendered":"https:\/\/noticiasemdestaque.com\/cd\/?p=45118"},"modified":"2022-12-29T19:52:56","modified_gmt":"2022-12-29T22:52:56","slug":"rei-do-futebol-pele-morre-aos-82-anos","status":"publish","type":"post","link":"https:\/\/noticiasemdestaque.com\/cd\/?p=45118","title":{"rendered":"Rei do futebol, Pel\u00e9 morre aos 82 anos"},"content":{"rendered":"<p><a href=\"https:\/\/noticiasemdestaque.com\/cd\/wp-content\/uploads\/2022\/12\/pele.jpg\"><img fetchpriority=\"high\" decoding=\"async\" class=\" wp-image-45119\" src=\"https:\/\/noticiasemdestaque.com\/cd\/wp-content\/uploads\/2022\/12\/pele-300x179.jpg\" alt=\"\" width=\"1012\" height=\"604\" srcset=\"https:\/\/noticiasemdestaque.com\/cd\/wp-content\/uploads\/2022\/12\/pele-300x179.jpg 300w, https:\/\/noticiasemdestaque.com\/cd\/wp-content\/uploads\/2022\/12\/pele-768x459.jpg 768w, https:\/\/noticiasemdestaque.com\/cd\/wp-content\/uploads\/2022\/12\/pele-18x12.jpg 18w, https:\/\/noticiasemdestaque.com\/cd\/wp-content\/uploads\/2022\/12\/pele.jpg 1170w\" sizes=\"(max-width: 1012px) 100vw, 1012px\" \/><\/a><\/p>\n<p>Edson Arantes do Nascimento, que ficou mundialmente conhecido como\u00a0 Pel\u00e9, morreu hoje (29), aos 82 anos, no Hospital Albert Einstein, na zona sul da capital paulista. De acordo com boletim m\u00e9dico divulgado pelo hospital, a morte ocorreu em decorr\u00eancia de fal\u00eancia m\u00faltipla de \u00f3rg\u00e3os. <img decoding=\"async\" src=\"https:\/\/agenciabrasil.ebc.com.br\/ebc.png?id=1500457&amp;o=node\" \/><img decoding=\"async\" src=\"https:\/\/agenciabrasil.ebc.com.br\/ebc.gif?id=1500457&amp;o=node\" \/><\/p>\n<p>&#8220;O Hospital Israelita Albert Einstein confirma com pesar\u00a0o falecimento de Edson Arantes do Nascimento, o Pel\u00e9, no dia de hoje, 29 de dezembro de\u00a02022, \u00e0s 15h27, em decorr\u00eancia da fal\u00eancia de m\u00faltiplos \u00f3rg\u00e3os, resultado da progress\u00e3o do\u00a0c\u00e2ncer de c\u00f3lon associado \u00e0 sua condi\u00e7\u00e3o cl\u00ednica pr\u00e9via&#8221;, diz o texto divulgado.\u00a0Pel\u00e9 estava internado no hospital desde 29 de novembro.<\/p>\n<p>Kely Nascimento, filha de Pel\u00e9, postou nas redes sociais uma mensagem de despedida. &#8220;Tudo que nos somos \u00e9 gra\u00e7as a voc\u00ea.\u00a0Te amamos infinitamente.\u00a0Descanse em paz&#8221;. O Santos Futebol Clube publicou uma imagem de uma coroa com o dizer &#8220;eterno&#8221;.<\/p>\n<p>O estado de S\u00e3o Paulo decretou luto oficial de 7 dias em raz\u00e3o da morte do atleta. \u201cEm homenagem ao maior mito do futebol brasileiro, estou decretando luto oficial de sete dias. Meus sentimentos a familiares e amigos e ao Santos Futebol Clube, seu clube de paix\u00e3o\u201d, disse o governador Rodrigo Garcia, em nota.<\/p>\n<p>O Santos tamb\u00e9m publicou uma nota de pesar pela morte do rei do futebol. O clube tamb\u00e9m decretou luto de 7 dias. \u201cO Santos FC lamenta profundamente o falecimento do melhor jogador de futebol de todos os tempos, o homem que levou o nome do Alvinegro Praiano para o mundo, nosso maior \u00eddolo, que eternizou a camisa 10 e a transformou em obra de arte\u201d.<\/p>\n<p>\u201cNossos sentimentos \u00e0 m\u00e3e dona Celeste, \u00e0 esposa M\u00e1rcia Aoki, filhos e netos e para todos os apaixonados pelo esporte, como n\u00f3s, s\u00faditos do Rei, para sempre\u201d, diz o texto.<\/p>\n<p>Ainda n\u00e3o foram divulgadas informa\u00e7\u00f5es sobre o vel\u00f3rio de Pel\u00e9.<\/p>\n<p><strong>Noticias em Destaque<\/strong><\/p>\n<p style=\"text-align: right;\"><em>Fonte: Agencia Brasil<\/em><\/p>\n","protected":false},"excerpt":{"rendered":"<p>Edson Arantes do Nascimento, que ficou mundialmente conhecido como\u00a0 Pel\u00e9, morreu hoje (29), aos 82 anos, no Hospital Albert Einstein, na zona sul da capital paulista. De acordo com boletim m\u00e9dico divulgado pelo hospital, a morte ocorreu em decorr\u00eancia de fal\u00eancia m\u00faltipla de \u00f3rg\u00e3os. &#8220;O Hospital Israelita Albert Einstein confirma com pesar\u00a0o falecimento de Edson Arantes do Nascimento, o Pel\u00e9, no dia de hoje, 29 de dezembro de\u00a02022, \u00e0s 15h27, em decorr\u00eancia da fal\u00eancia de m\u00faltiplos \u00f3rg\u00e3os, resultado da progress\u00e3o do\u00a0c\u00e2ncer de c\u00f3lon associado \u00e0 sua condi\u00e7\u00e3o cl\u00ednica pr\u00e9via&#8221;, diz o texto divulgado.\u00a0Pel\u00e9 estava internado no hospital desde 29 de novembro. Kely Nascimento, filha de Pel\u00e9, postou nas redes sociais uma mensagem de despedida. &#8220;Tudo que nos somos \u00e9 gra\u00e7as a voc\u00ea.\u00a0Te amamos infinitamente.\u00a0Descanse em paz&#8221;. O Santos Futebol Clube publicou uma imagem de uma coroa com o dizer &#8220;eterno&#8221;. O estado de S\u00e3o Paulo decretou luto oficial de 7 dias em raz\u00e3o da morte do atleta. \u201cEm homenagem ao maior mito do futebol brasileiro, estou decretando luto oficial de sete dias. Meus sentimentos a familiares e amigos e ao Santos Futebol Clube, seu clube de paix\u00e3o\u201d, disse o governador Rodrigo Garcia, em nota. O Santos tamb\u00e9m publicou uma nota de pesar pela morte do rei do futebol. O clube tamb\u00e9m decretou luto de 7 dias. \u201cO Santos FC lamenta profundamente o falecimento do melhor jogador de futebol de todos os tempos, o homem que levou o nome do Alvinegro Praiano para o mundo, nosso maior \u00eddolo, que eternizou a camisa 10 e a transformou em obra de arte\u201d. \u201cNossos sentimentos \u00e0 m\u00e3e dona Celeste, \u00e0 esposa M\u00e1rcia Aoki, filhos e netos e para todos os apaixonados pelo esporte, como n\u00f3s, s\u00faditos do Rei, para sempre\u201d, diz o texto. Ainda n\u00e3o foram divulgadas informa\u00e7\u00f5es sobre o vel\u00f3rio de Pel\u00e9. Noticias em Destaque Fonte: Agencia Brasil<\/p>\n","protected":false},"author":2,"featured_media":45119,"comment_status":"closed","ping_status":"open","sticky":false,"template":"","format":"standard","meta":{"_eb_attr":"","_jetpack_memberships_contains_paid_content":false,"footnotes":""},"categories":[12],"tags":[],"class_list":["post-45118","post","type-post","status-publish","format-standard","has-post-thumbnail","hentry","category-geral"],"yoast_head":"<!-- This site is optimized with the Yoast SEO plugin v26.5 - https:\/\/yoast.com\/wordpress\/plugins\/seo\/ -->\n<title>Rei do futebol, Pel\u00e9 morre aos 82 anos - Not&iacute;cias em Destaque<\/title>\n<meta name=\"robots\" content=\"index, follow, max-snippet:-1, max-image-preview:large, max-video-preview:-1\" \/>\n<link rel=\"canonical\" href=\"https:\/\/noticiasemdestaque.com\/cd\/?p=45118\" \/>\n<meta property=\"og:locale\" content=\"pt_BR\" \/>\n<meta property=\"og:type\" content=\"article\" \/>\n<meta property=\"og:title\" content=\"Rei do futebol, Pel\u00e9 morre aos 82 anos - Not&iacute;cias em Destaque\" \/>\n<meta property=\"og:description\" content=\"Edson Arantes do Nascimento, que ficou mundialmente conhecido como\u00a0 Pel\u00e9, morreu hoje (29), aos 82 anos, no Hospital Albert Einstein, na zona sul da capital paulista. De acordo com boletim m\u00e9dico divulgado pelo hospital, a morte ocorreu em decorr\u00eancia de fal\u00eancia m\u00faltipla de \u00f3rg\u00e3os. &#8220;O Hospital Israelita Albert Einstein confirma com pesar\u00a0o falecimento de Edson Arantes do Nascimento, o Pel\u00e9, no dia de hoje, 29 de dezembro de\u00a02022, \u00e0s 15h27, em decorr\u00eancia da fal\u00eancia de m\u00faltiplos \u00f3rg\u00e3os, resultado da progress\u00e3o do\u00a0c\u00e2ncer de c\u00f3lon associado \u00e0 sua condi\u00e7\u00e3o cl\u00ednica pr\u00e9via&#8221;, diz o texto divulgado.\u00a0Pel\u00e9 estava internado no hospital desde 29 de novembro. Kely Nascimento, filha de Pel\u00e9, postou nas redes sociais uma mensagem de despedida. &#8220;Tudo que nos somos \u00e9 gra\u00e7as a voc\u00ea.\u00a0Te amamos infinitamente.\u00a0Descanse em paz&#8221;. O Santos Futebol Clube publicou uma imagem de uma coroa com o dizer &#8220;eterno&#8221;. O estado de S\u00e3o Paulo decretou luto oficial de 7 dias em raz\u00e3o da morte do atleta. \u201cEm homenagem ao maior mito do futebol brasileiro, estou decretando luto oficial de sete dias. Meus sentimentos a familiares e amigos e ao Santos Futebol Clube, seu clube de paix\u00e3o\u201d, disse o governador Rodrigo Garcia, em nota. O Santos tamb\u00e9m publicou uma nota de pesar pela morte do rei do futebol. O clube tamb\u00e9m decretou luto de 7 dias. \u201cO Santos FC lamenta profundamente o falecimento do melhor jogador de futebol de todos os tempos, o homem que levou o nome do Alvinegro Praiano para o mundo, nosso maior \u00eddolo, que eternizou a camisa 10 e a transformou em obra de arte\u201d. \u201cNossos sentimentos \u00e0 m\u00e3e dona Celeste, \u00e0 esposa M\u00e1rcia Aoki, filhos e netos e para todos os apaixonados pelo esporte, como n\u00f3s, s\u00faditos do Rei, para sempre\u201d, diz o texto. Ainda n\u00e3o foram divulgadas informa\u00e7\u00f5es sobre o vel\u00f3rio de Pel\u00e9. Noticias em Destaque Fonte: Agencia Brasil\" \/>\n<meta property=\"og:url\" content=\"https:\/\/noticiasemdestaque.com\/cd\/?p=45118\" \/>\n<meta property=\"og:site_name\" content=\"Not&iacute;cias em Destaque\" \/>\n<meta property=\"article:published_time\" content=\"2022-12-29T22:52:56+00:00\" \/>\n<meta property=\"og:image\" content=\"https:\/\/noticiasemdestaque.com\/cd\/wp-content\/uploads\/2022\/12\/pele.jpg\" \/>\n\t<meta property=\"og:image:width\" content=\"1170\" \/>\n\t<meta property=\"og:image:height\" content=\"700\" \/>\n\t<meta property=\"og:image:type\" content=\"image\/jpeg\" \/>\n<meta name=\"author\" content=\"Not\u00edcias em Destaque\" \/>\n<meta name=\"twitter:card\" content=\"summary_large_image\" \/>\n<meta name=\"twitter:label1\" content=\"Escrito por\" \/>\n\t<meta name=\"twitter:data1\" content=\"Not\u00edcias em Destaque\" \/>\n\t<meta name=\"twitter:label2\" content=\"Est. tempo de leitura\" \/>\n\t<meta name=\"twitter:data2\" content=\"3 minutos\" \/>\n<script type=\"application\/ld+json\" class=\"yoast-schema-graph\">{\"@context\":\"https:\/\/schema.org\",\"@graph\":[{\"@type\":\"Article\",\"@id\":\"https:\/\/noticiasemdestaque.com\/cd\/?p=45118#article\",\"isPartOf\":{\"@id\":\"https:\/\/noticiasemdestaque.com\/cd\/?p=45118\"},\"author\":{\"name\":\"Not\u00edcias em Destaque\",\"@id\":\"https:\/\/noticiasemdestaque.com\/cd\/#\/schema\/person\/47f7d4f55eec17c6b2ca036c5500f6ce\"},\"headline\":\"Rei do futebol, Pel\u00e9 morre aos 82 anos\",\"datePublished\":\"2022-12-29T22:52:56+00:00\",\"mainEntityOfPage\":{\"@id\":\"https:\/\/noticiasemdestaque.com\/cd\/?p=45118\"},\"wordCount\":334,\"publisher\":{\"@id\":\"https:\/\/noticiasemdestaque.com\/cd\/#organization\"},\"image\":{\"@id\":\"https:\/\/noticiasemdestaque.com\/cd\/?p=45118#primaryimage\"},\"thumbnailUrl\":\"https:\/\/noticiasemdestaque.com\/cd\/wp-content\/uploads\/2022\/12\/pele.jpg\",\"articleSection\":[\"Geral\"],\"inLanguage\":\"pt-BR\"},{\"@type\":\"WebPage\",\"@id\":\"https:\/\/noticiasemdestaque.com\/cd\/?p=45118\",\"url\":\"https:\/\/noticiasemdestaque.com\/cd\/?p=45118\",\"name\":\"Rei do futebol, Pel\u00e9 morre aos 82 anos - Not&iacute;cias em Destaque\",\"isPartOf\":{\"@id\":\"https:\/\/noticiasemdestaque.com\/cd\/#website\"},\"primaryImageOfPage\":{\"@id\":\"https:\/\/noticiasemdestaque.com\/cd\/?p=45118#primaryimage\"},\"image\":{\"@id\":\"https:\/\/noticiasemdestaque.com\/cd\/?p=45118#primaryimage\"},\"thumbnailUrl\":\"https:\/\/noticiasemdestaque.com\/cd\/wp-content\/uploads\/2022\/12\/pele.jpg\",\"datePublished\":\"2022-12-29T22:52:56+00:00\",\"breadcrumb\":{\"@id\":\"https:\/\/noticiasemdestaque.com\/cd\/?p=45118#breadcrumb\"},\"inLanguage\":\"pt-BR\",\"potentialAction\":[{\"@type\":\"ReadAction\",\"target\":[\"https:\/\/noticiasemdestaque.com\/cd\/?p=45118\"]}]},{\"@type\":\"ImageObject\",\"inLanguage\":\"pt-BR\",\"@id\":\"https:\/\/noticiasemdestaque.com\/cd\/?p=45118#primaryimage\",\"url\":\"https:\/\/noticiasemdestaque.com\/cd\/wp-content\/uploads\/2022\/12\/pele.jpg\",\"contentUrl\":\"https:\/\/noticiasemdestaque.com\/cd\/wp-content\/uploads\/2022\/12\/pele.jpg\",\"width\":1170,\"height\":700,\"caption\":\"Soccer legend Pele kisses a soccer ball at a press conference in Leipzig on the occasion of the German premiere of the autobiographical film \\\"Pele forever\\\".\"},{\"@type\":\"BreadcrumbList\",\"@id\":\"https:\/\/noticiasemdestaque.com\/cd\/?p=45118#breadcrumb\",\"itemListElement\":[{\"@type\":\"ListItem\",\"position\":1,\"name\":\"In\u00edcio\",\"item\":\"https:\/\/noticiasemdestaque.com\/cd\/\"},{\"@type\":\"ListItem\",\"position\":2,\"name\":\"Rei do futebol, Pel\u00e9 morre aos 82 anos\"}]},{\"@type\":\"WebSite\",\"@id\":\"https:\/\/noticiasemdestaque.com\/cd\/#website\",\"url\":\"https:\/\/noticiasemdestaque.com\/cd\/\",\"name\":\"Not&iacute;cias em Destaque\",\"description\":\"\",\"publisher\":{\"@id\":\"https:\/\/noticiasemdestaque.com\/cd\/#organization\"},\"potentialAction\":[{\"@type\":\"SearchAction\",\"target\":{\"@type\":\"EntryPoint\",\"urlTemplate\":\"https:\/\/noticiasemdestaque.com\/cd\/?s={search_term_string}\"},\"query-input\":{\"@type\":\"PropertyValueSpecification\",\"valueRequired\":true,\"valueName\":\"search_term_string\"}}],\"inLanguage\":\"pt-BR\"},{\"@type\":\"Organization\",\"@id\":\"https:\/\/noticiasemdestaque.com\/cd\/#organization\",\"name\":\"Not\u00edcias em Destaque\",\"url\":\"https:\/\/noticiasemdestaque.com\/cd\/\",\"logo\":{\"@type\":\"ImageObject\",\"inLanguage\":\"pt-BR\",\"@id\":\"https:\/\/noticiasemdestaque.com\/cd\/#\/schema\/logo\/image\/\",\"url\":\"https:\/\/noticiasemdestaque.com\/cd\/wp-content\/uploads\/2022\/05\/imagem-base-noticiasemdestaque.png\",\"contentUrl\":\"https:\/\/noticiasemdestaque.com\/cd\/wp-content\/uploads\/2022\/05\/imagem-base-noticiasemdestaque.png\",\"width\":1200,\"height\":630,\"caption\":\"Not\u00edcias em Destaque\"},\"image\":{\"@id\":\"https:\/\/noticiasemdestaque.com\/cd\/#\/schema\/logo\/image\/\"}},{\"@type\":\"Person\",\"@id\":\"https:\/\/noticiasemdestaque.com\/cd\/#\/schema\/person\/47f7d4f55eec17c6b2ca036c5500f6ce\",\"name\":\"Not\u00edcias em Destaque\",\"url\":\"https:\/\/noticiasemdestaque.com\/cd\/?author=2\"}]}<\/script>\n<!-- \/ Yoast SEO plugin. -->","yoast_head_json":{"title":"Rei do futebol, Pel\u00e9 morre aos 82 anos - Not&iacute;cias em Destaque","robots":{"index":"index","follow":"follow","max-snippet":"max-snippet:-1","max-image-preview":"max-image-preview:large","max-video-preview":"max-video-preview:-1"},"canonical":"https:\/\/noticiasemdestaque.com\/cd\/?p=45118","og_locale":"pt_BR","og_type":"article","og_title":"Rei do futebol, Pel\u00e9 morre aos 82 anos - Not&iacute;cias em Destaque","og_description":"Edson Arantes do Nascimento, que ficou mundialmente conhecido como\u00a0 Pel\u00e9, morreu hoje (29), aos 82 anos, no Hospital Albert Einstein, na zona sul da capital paulista. De acordo com boletim m\u00e9dico divulgado pelo hospital, a morte ocorreu em decorr\u00eancia de fal\u00eancia m\u00faltipla de \u00f3rg\u00e3os. &#8220;O Hospital Israelita Albert Einstein confirma com pesar\u00a0o falecimento de Edson Arantes do Nascimento, o Pel\u00e9, no dia de hoje, 29 de dezembro de\u00a02022, \u00e0s 15h27, em decorr\u00eancia da fal\u00eancia de m\u00faltiplos \u00f3rg\u00e3os, resultado da progress\u00e3o do\u00a0c\u00e2ncer de c\u00f3lon associado \u00e0 sua condi\u00e7\u00e3o cl\u00ednica pr\u00e9via&#8221;, diz o texto divulgado.\u00a0Pel\u00e9 estava internado no hospital desde 29 de novembro. Kely Nascimento, filha de Pel\u00e9, postou nas redes sociais uma mensagem de despedida. &#8220;Tudo que nos somos \u00e9 gra\u00e7as a voc\u00ea.\u00a0Te amamos infinitamente.\u00a0Descanse em paz&#8221;. O Santos Futebol Clube publicou uma imagem de uma coroa com o dizer &#8220;eterno&#8221;. O estado de S\u00e3o Paulo decretou luto oficial de 7 dias em raz\u00e3o da morte do atleta. \u201cEm homenagem ao maior mito do futebol brasileiro, estou decretando luto oficial de sete dias. Meus sentimentos a familiares e amigos e ao Santos Futebol Clube, seu clube de paix\u00e3o\u201d, disse o governador Rodrigo Garcia, em nota. O Santos tamb\u00e9m publicou uma nota de pesar pela morte do rei do futebol. O clube tamb\u00e9m decretou luto de 7 dias. \u201cO Santos FC lamenta profundamente o falecimento do melhor jogador de futebol de todos os tempos, o homem que levou o nome do Alvinegro Praiano para o mundo, nosso maior \u00eddolo, que eternizou a camisa 10 e a transformou em obra de arte\u201d. \u201cNossos sentimentos \u00e0 m\u00e3e dona Celeste, \u00e0 esposa M\u00e1rcia Aoki, filhos e netos e para todos os apaixonados pelo esporte, como n\u00f3s, s\u00faditos do Rei, para sempre\u201d, diz o texto. Ainda n\u00e3o foram divulgadas informa\u00e7\u00f5es sobre o vel\u00f3rio de Pel\u00e9. Noticias em Destaque Fonte: Agencia Brasil","og_url":"https:\/\/noticiasemdestaque.com\/cd\/?p=45118","og_site_name":"Not&iacute;cias em Destaque","article_published_time":"2022-12-29T22:52:56+00:00","og_image":[{"width":1170,"height":700,"url":"https:\/\/noticiasemdestaque.com\/cd\/wp-content\/uploads\/2022\/12\/pele.jpg","type":"image\/jpeg"}],"author":"Not\u00edcias em Destaque","twitter_card":"summary_large_image","twitter_misc":{"Escrito por":"Not\u00edcias em Destaque","Est. tempo de leitura":"3 minutos"},"schema":{"@context":"https:\/\/schema.org","@graph":[{"@type":"Article","@id":"https:\/\/noticiasemdestaque.com\/cd\/?p=45118#article","isPartOf":{"@id":"https:\/\/noticiasemdestaque.com\/cd\/?p=45118"},"author":{"name":"Not\u00edcias em Destaque","@id":"https:\/\/noticiasemdestaque.com\/cd\/#\/schema\/person\/47f7d4f55eec17c6b2ca036c5500f6ce"},"headline":"Rei do futebol, Pel\u00e9 morre aos 82 anos","datePublished":"2022-12-29T22:52:56+00:00","mainEntityOfPage":{"@id":"https:\/\/noticiasemdestaque.com\/cd\/?p=45118"},"wordCount":334,"publisher":{"@id":"https:\/\/noticiasemdestaque.com\/cd\/#organization"},"image":{"@id":"https:\/\/noticiasemdestaque.com\/cd\/?p=45118#primaryimage"},"thumbnailUrl":"https:\/\/noticiasemdestaque.com\/cd\/wp-content\/uploads\/2022\/12\/pele.jpg","articleSection":["Geral"],"inLanguage":"pt-BR"},{"@type":"WebPage","@id":"https:\/\/noticiasemdestaque.com\/cd\/?p=45118","url":"https:\/\/noticiasemdestaque.com\/cd\/?p=45118","name":"Rei do futebol, Pel\u00e9 morre aos 82 anos - Not&iacute;cias em Destaque","isPartOf":{"@id":"https:\/\/noticiasemdestaque.com\/cd\/#website"},"primaryImageOfPage":{"@id":"https:\/\/noticiasemdestaque.com\/cd\/?p=45118#primaryimage"},"image":{"@id":"https:\/\/noticiasemdestaque.com\/cd\/?p=45118#primaryimage"},"thumbnailUrl":"https:\/\/noticiasemdestaque.com\/cd\/wp-content\/uploads\/2022\/12\/pele.jpg","datePublished":"2022-12-29T22:52:56+00:00","breadcrumb":{"@id":"https:\/\/noticiasemdestaque.com\/cd\/?p=45118#breadcrumb"},"inLanguage":"pt-BR","potentialAction":[{"@type":"ReadAction","target":["https:\/\/noticiasemdestaque.com\/cd\/?p=45118"]}]},{"@type":"ImageObject","inLanguage":"pt-BR","@id":"https:\/\/noticiasemdestaque.com\/cd\/?p=45118#primaryimage","url":"https:\/\/noticiasemdestaque.com\/cd\/wp-content\/uploads\/2022\/12\/pele.jpg","contentUrl":"https:\/\/noticiasemdestaque.com\/cd\/wp-content\/uploads\/2022\/12\/pele.jpg","width":1170,"height":700,"caption":"Soccer legend Pele kisses a soccer ball at a press conference in Leipzig on the occasion of the German premiere of the autobiographical film \"Pele forever\"."},{"@type":"BreadcrumbList","@id":"https:\/\/noticiasemdestaque.com\/cd\/?p=45118#breadcrumb","itemListElement":[{"@type":"ListItem","position":1,"name":"In\u00edcio","item":"https:\/\/noticiasemdestaque.com\/cd\/"},{"@type":"ListItem","position":2,"name":"Rei do futebol, Pel\u00e9 morre aos 82 anos"}]},{"@type":"WebSite","@id":"https:\/\/noticiasemdestaque.com\/cd\/#website","url":"https:\/\/noticiasemdestaque.com\/cd\/","name":"Not&iacute;cias em Destaque","description":"","publisher":{"@id":"https:\/\/noticiasemdestaque.com\/cd\/#organization"},"potentialAction":[{"@type":"SearchAction","target":{"@type":"EntryPoint","urlTemplate":"https:\/\/noticiasemdestaque.com\/cd\/?s={search_term_string}"},"query-input":{"@type":"PropertyValueSpecification","valueRequired":true,"valueName":"search_term_string"}}],"inLanguage":"pt-BR"},{"@type":"Organization","@id":"https:\/\/noticiasemdestaque.com\/cd\/#organization","name":"Not\u00edcias em Destaque","url":"https:\/\/noticiasemdestaque.com\/cd\/","logo":{"@type":"ImageObject","inLanguage":"pt-BR","@id":"https:\/\/noticiasemdestaque.com\/cd\/#\/schema\/logo\/image\/","url":"https:\/\/noticiasemdestaque.com\/cd\/wp-content\/uploads\/2022\/05\/imagem-base-noticiasemdestaque.png","contentUrl":"https:\/\/noticiasemdestaque.com\/cd\/wp-content\/uploads\/2022\/05\/imagem-base-noticiasemdestaque.png","width":1200,"height":630,"caption":"Not\u00edcias em Destaque"},"image":{"@id":"https:\/\/noticiasemdestaque.com\/cd\/#\/schema\/logo\/image\/"}},{"@type":"Person","@id":"https:\/\/noticiasemdestaque.com\/cd\/#\/schema\/person\/47f7d4f55eec17c6b2ca036c5500f6ce","name":"Not\u00edcias em Destaque","url":"https:\/\/noticiasemdestaque.com\/cd\/?author=2"}]}},"jetpack_featured_media_url":"https:\/\/noticiasemdestaque.com\/cd\/wp-content\/uploads\/2022\/12\/pele.jpg","jetpack_sharing_enabled":true,"_links":{"self":[{"href":"https:\/\/noticiasemdestaque.com\/cd\/index.php?rest_route=\/wp\/v2\/posts\/45118","targetHints":{"allow":["GET"]}}],"collection":[{"href":"https:\/\/noticiasemdestaque.com\/cd\/index.php?rest_route=\/wp\/v2\/posts"}],"about":[{"href":"https:\/\/noticiasemdestaque.com\/cd\/index.php?rest_route=\/wp\/v2\/types\/post"}],"author":[{"embeddable":true,"href":"https:\/\/noticiasemdestaque.com\/cd\/index.php?rest_route=\/wp\/v2\/users\/2"}],"replies":[{"embeddable":true,"href":"https:\/\/noticiasemdestaque.com\/cd\/index.php?rest_route=%2Fwp%2Fv2%2Fcomments&post=45118"}],"version-history":[{"count":1,"href":"https:\/\/noticiasemdestaque.com\/cd\/index.php?rest_route=\/wp\/v2\/posts\/45118\/revisions"}],"predecessor-version":[{"id":45120,"href":"https:\/\/noticiasemdestaque.com\/cd\/index.php?rest_route=\/wp\/v2\/posts\/45118\/revisions\/45120"}],"wp:featuredmedia":[{"embeddable":true,"href":"https:\/\/noticiasemdestaque.com\/cd\/index.php?rest_route=\/wp\/v2\/media\/45119"}],"wp:attachment":[{"href":"https:\/\/noticiasemdestaque.com\/cd\/index.php?rest_route=%2Fwp%2Fv2%2Fmedia&parent=45118"}],"wp:term":[{"taxonomy":"category","embeddable":true,"href":"https:\/\/noticiasemdestaque.com\/cd\/index.php?rest_route=%2Fwp%2Fv2%2Fcategories&post=45118"},{"taxonomy":"post_tag","embeddable":true,"href":"https:\/\/noticiasemdestaque.com\/cd\/index.php?rest_route=%2Fwp%2Fv2%2Ftags&post=45118"}],"curies":[{"name":"wp","href":"https:\/\/api.w.org\/{rel}","templated":true}]}}