{"id":45115,"date":"2022-12-29T19:49:19","date_gmt":"2022-12-29T22:49:19","guid":{"rendered":"https:\/\/noticiasemdestaque.com\/cd\/?p=45115"},"modified":"2022-12-29T19:49:19","modified_gmt":"2022-12-29T22:49:19","slug":"bancos-nao-vao-abrir-nesta-sexta-feira","status":"publish","type":"post","link":"https:\/\/noticiasemdestaque.com\/cd\/?p=45115","title":{"rendered":"Bancos n\u00e3o v\u00e3o abrir nesta sexta-feira"},"content":{"rendered":"<p><a href=\"https:\/\/noticiasemdestaque.com\/cd\/wp-content\/uploads\/2022\/12\/jfcrz_abr_14091923109.jpg\"><img fetchpriority=\"high\" decoding=\"async\" class=\" wp-image-45116\" src=\"https:\/\/noticiasemdestaque.com\/cd\/wp-content\/uploads\/2022\/12\/jfcrz_abr_14091923109-300x179.jpg\" alt=\"\" width=\"1140\" height=\"680\" srcset=\"https:\/\/noticiasemdestaque.com\/cd\/wp-content\/uploads\/2022\/12\/jfcrz_abr_14091923109-300x179.jpg 300w, https:\/\/noticiasemdestaque.com\/cd\/wp-content\/uploads\/2022\/12\/jfcrz_abr_14091923109-768x459.jpg 768w, https:\/\/noticiasemdestaque.com\/cd\/wp-content\/uploads\/2022\/12\/jfcrz_abr_14091923109-18x12.jpg 18w\" sizes=\"(max-width: 1140px) 100vw, 1140px\" \/><\/a><\/p>\n<p>As ag\u00eancias banc\u00e1rias n\u00e3o ir\u00e3o abrir ao p\u00fablico nesta sexta-feira (30). O expediente banc\u00e1rio s\u00f3 retornar\u00e1 na \u00a0segunda-feira (2). As informa\u00e7\u00f5es s\u00e3o da Federa\u00e7\u00e3o Brasileira de Bancos (Febraban).<img decoding=\"async\" src=\"https:\/\/agenciabrasil.ebc.com.br\/ebc.png?id=1500491&amp;o=node\" \/><img decoding=\"async\" src=\"https:\/\/agenciabrasil.ebc.com.br\/ebc.gif?id=1500491&amp;o=node\" \/><\/p>\n<p>Segundo a entidade, nos dias em que as ag\u00eancias estiverem fechadas a popula\u00e7\u00e3o poder\u00e1 utilizar os meios eletr\u00f4nicos de atendimento banc\u00e1rio, como\u00a0<em>mobile\u00a0<\/em>e\u00a0<em>internet banking<\/em>, caixas eletr\u00f4nicos, banco por telefone e correspondentes para fazer transa\u00e7\u00f5es financeiras.<\/p>\n<p>\u201cOs carn\u00eas e contas de consumo (como \u00e1gua, energia, telefone, etc.) vencidos no feriado [dia 1\u00ba] poder\u00e3o ser pagos sem acr\u00e9scimo no dia \u00fatil seguinte. Normalmente, os tributos j\u00e1 est\u00e3o com as datas ajustadas ao calend\u00e1rio de feriados, sejam federais, estaduais ou municipais\u201d, destacou a Febraban.<\/p>\n<p><strong>Noticias em Destaque<\/strong><\/p>\n<p style=\"text-align: right;\"><em>Fonte: Agencia Brasil<\/em><\/p>\n","protected":false},"excerpt":{"rendered":"<p>As ag\u00eancias banc\u00e1rias n\u00e3o ir\u00e3o abrir ao p\u00fablico nesta sexta-feira (30). O expediente banc\u00e1rio s\u00f3 retornar\u00e1 na \u00a0segunda-feira (2). As informa\u00e7\u00f5es s\u00e3o da Federa\u00e7\u00e3o Brasileira de Bancos (Febraban). Segundo a entidade, nos dias em que as ag\u00eancias estiverem fechadas a popula\u00e7\u00e3o poder\u00e1 utilizar os meios eletr\u00f4nicos de atendimento banc\u00e1rio, como\u00a0mobile\u00a0e\u00a0internet banking, caixas eletr\u00f4nicos, banco por telefone e correspondentes para fazer transa\u00e7\u00f5es financeiras. \u201cOs carn\u00eas e contas de consumo (como \u00e1gua, energia, telefone, etc.) vencidos no feriado [dia 1\u00ba] poder\u00e3o ser pagos sem acr\u00e9scimo no dia \u00fatil seguinte. Normalmente, os tributos j\u00e1 est\u00e3o com as datas ajustadas ao calend\u00e1rio de feriados, sejam federais, estaduais ou municipais\u201d, destacou a Febraban. Noticias em Destaque Fonte: Agencia Brasil<\/p>\n","protected":false},"author":2,"featured_media":45116,"comment_status":"closed","ping_status":"open","sticky":false,"template":"","format":"standard","meta":{"_eb_attr":"","_jetpack_memberships_contains_paid_content":false,"footnotes":""},"categories":[12],"tags":[],"class_list":["post-45115","post","type-post","status-publish","format-standard","has-post-thumbnail","hentry","category-geral"],"yoast_head":"<!-- This site is optimized with the Yoast SEO plugin v26.5 - https:\/\/yoast.com\/wordpress\/plugins\/seo\/ -->\n<title>Bancos n\u00e3o v\u00e3o abrir nesta sexta-feira - Not&iacute;cias em Destaque<\/title>\n<meta name=\"robots\" content=\"index, follow, max-snippet:-1, max-image-preview:large, max-video-preview:-1\" \/>\n<link rel=\"canonical\" href=\"https:\/\/noticiasemdestaque.com\/cd\/?p=45115\" \/>\n<meta property=\"og:locale\" content=\"pt_BR\" \/>\n<meta property=\"og:type\" content=\"article\" \/>\n<meta property=\"og:title\" content=\"Bancos n\u00e3o v\u00e3o abrir nesta sexta-feira - Not&iacute;cias em Destaque\" \/>\n<meta property=\"og:description\" content=\"As ag\u00eancias banc\u00e1rias n\u00e3o ir\u00e3o abrir ao p\u00fablico nesta sexta-feira (30). O expediente banc\u00e1rio s\u00f3 retornar\u00e1 na \u00a0segunda-feira (2). As informa\u00e7\u00f5es s\u00e3o da Federa\u00e7\u00e3o Brasileira de Bancos (Febraban). Segundo a entidade, nos dias em que as ag\u00eancias estiverem fechadas a popula\u00e7\u00e3o poder\u00e1 utilizar os meios eletr\u00f4nicos de atendimento banc\u00e1rio, como\u00a0mobile\u00a0e\u00a0internet banking, caixas eletr\u00f4nicos, banco por telefone e correspondentes para fazer transa\u00e7\u00f5es financeiras. \u201cOs carn\u00eas e contas de consumo (como \u00e1gua, energia, telefone, etc.) vencidos no feriado [dia 1\u00ba] poder\u00e3o ser pagos sem acr\u00e9scimo no dia \u00fatil seguinte. Normalmente, os tributos j\u00e1 est\u00e3o com as datas ajustadas ao calend\u00e1rio de feriados, sejam federais, estaduais ou municipais\u201d, destacou a Febraban. Noticias em Destaque Fonte: Agencia Brasil\" \/>\n<meta property=\"og:url\" content=\"https:\/\/noticiasemdestaque.com\/cd\/?p=45115\" \/>\n<meta property=\"og:site_name\" content=\"Not&iacute;cias em Destaque\" \/>\n<meta property=\"article:published_time\" content=\"2022-12-29T22:49:19+00:00\" \/>\n<meta property=\"og:image\" content=\"https:\/\/noticiasemdestaque.com\/cd\/wp-content\/uploads\/2022\/12\/jfcrz_abr_14091923109.jpg\" \/>\n\t<meta property=\"og:image:width\" content=\"1170\" \/>\n\t<meta property=\"og:image:height\" content=\"700\" \/>\n\t<meta property=\"og:image:type\" content=\"image\/jpeg\" \/>\n<meta name=\"author\" content=\"Not\u00edcias em Destaque\" \/>\n<meta name=\"twitter:card\" content=\"summary_large_image\" \/>\n<meta name=\"twitter:label1\" content=\"Escrito por\" \/>\n\t<meta name=\"twitter:data1\" content=\"Not\u00edcias em Destaque\" \/>\n\t<meta name=\"twitter:label2\" content=\"Est. tempo de leitura\" \/>\n\t<meta name=\"twitter:data2\" content=\"2 minutos\" \/>\n<script type=\"application\/ld+json\" class=\"yoast-schema-graph\">{\"@context\":\"https:\/\/schema.org\",\"@graph\":[{\"@type\":\"Article\",\"@id\":\"https:\/\/noticiasemdestaque.com\/cd\/?p=45115#article\",\"isPartOf\":{\"@id\":\"https:\/\/noticiasemdestaque.com\/cd\/?p=45115\"},\"author\":{\"name\":\"Not\u00edcias em Destaque\",\"@id\":\"https:\/\/noticiasemdestaque.com\/cd\/#\/schema\/person\/47f7d4f55eec17c6b2ca036c5500f6ce\"},\"headline\":\"Bancos n\u00e3o v\u00e3o abrir nesta sexta-feira\",\"datePublished\":\"2022-12-29T22:49:19+00:00\",\"mainEntityOfPage\":{\"@id\":\"https:\/\/noticiasemdestaque.com\/cd\/?p=45115\"},\"wordCount\":142,\"publisher\":{\"@id\":\"https:\/\/noticiasemdestaque.com\/cd\/#organization\"},\"image\":{\"@id\":\"https:\/\/noticiasemdestaque.com\/cd\/?p=45115#primaryimage\"},\"thumbnailUrl\":\"https:\/\/noticiasemdestaque.com\/cd\/wp-content\/uploads\/2022\/12\/jfcrz_abr_14091923109.jpg\",\"articleSection\":[\"Geral\"],\"inLanguage\":\"pt-BR\"},{\"@type\":\"WebPage\",\"@id\":\"https:\/\/noticiasemdestaque.com\/cd\/?p=45115\",\"url\":\"https:\/\/noticiasemdestaque.com\/cd\/?p=45115\",\"name\":\"Bancos n\u00e3o v\u00e3o abrir nesta sexta-feira - Not&iacute;cias em Destaque\",\"isPartOf\":{\"@id\":\"https:\/\/noticiasemdestaque.com\/cd\/#website\"},\"primaryImageOfPage\":{\"@id\":\"https:\/\/noticiasemdestaque.com\/cd\/?p=45115#primaryimage\"},\"image\":{\"@id\":\"https:\/\/noticiasemdestaque.com\/cd\/?p=45115#primaryimage\"},\"thumbnailUrl\":\"https:\/\/noticiasemdestaque.com\/cd\/wp-content\/uploads\/2022\/12\/jfcrz_abr_14091923109.jpg\",\"datePublished\":\"2022-12-29T22:49:19+00:00\",\"breadcrumb\":{\"@id\":\"https:\/\/noticiasemdestaque.com\/cd\/?p=45115#breadcrumb\"},\"inLanguage\":\"pt-BR\",\"potentialAction\":[{\"@type\":\"ReadAction\",\"target\":[\"https:\/\/noticiasemdestaque.com\/cd\/?p=45115\"]}]},{\"@type\":\"ImageObject\",\"inLanguage\":\"pt-BR\",\"@id\":\"https:\/\/noticiasemdestaque.com\/cd\/?p=45115#primaryimage\",\"url\":\"https:\/\/noticiasemdestaque.com\/cd\/wp-content\/uploads\/2022\/12\/jfcrz_abr_14091923109.jpg\",\"contentUrl\":\"https:\/\/noticiasemdestaque.com\/cd\/wp-content\/uploads\/2022\/12\/jfcrz_abr_14091923109.jpg\",\"width\":1170,\"height\":700,\"caption\":\"Ag\u00eancias da Caixa abrir\u00e3o neste s\u00e1bado para saque do FGTS\"},{\"@type\":\"BreadcrumbList\",\"@id\":\"https:\/\/noticiasemdestaque.com\/cd\/?p=45115#breadcrumb\",\"itemListElement\":[{\"@type\":\"ListItem\",\"position\":1,\"name\":\"In\u00edcio\",\"item\":\"https:\/\/noticiasemdestaque.com\/cd\/\"},{\"@type\":\"ListItem\",\"position\":2,\"name\":\"Bancos n\u00e3o v\u00e3o abrir nesta sexta-feira\"}]},{\"@type\":\"WebSite\",\"@id\":\"https:\/\/noticiasemdestaque.com\/cd\/#website\",\"url\":\"https:\/\/noticiasemdestaque.com\/cd\/\",\"name\":\"Not&iacute;cias em Destaque\",\"description\":\"\",\"publisher\":{\"@id\":\"https:\/\/noticiasemdestaque.com\/cd\/#organization\"},\"potentialAction\":[{\"@type\":\"SearchAction\",\"target\":{\"@type\":\"EntryPoint\",\"urlTemplate\":\"https:\/\/noticiasemdestaque.com\/cd\/?s={search_term_string}\"},\"query-input\":{\"@type\":\"PropertyValueSpecification\",\"valueRequired\":true,\"valueName\":\"search_term_string\"}}],\"inLanguage\":\"pt-BR\"},{\"@type\":\"Organization\",\"@id\":\"https:\/\/noticiasemdestaque.com\/cd\/#organization\",\"name\":\"Not\u00edcias em Destaque\",\"url\":\"https:\/\/noticiasemdestaque.com\/cd\/\",\"logo\":{\"@type\":\"ImageObject\",\"inLanguage\":\"pt-BR\",\"@id\":\"https:\/\/noticiasemdestaque.com\/cd\/#\/schema\/logo\/image\/\",\"url\":\"https:\/\/noticiasemdestaque.com\/cd\/wp-content\/uploads\/2022\/05\/imagem-base-noticiasemdestaque.png\",\"contentUrl\":\"https:\/\/noticiasemdestaque.com\/cd\/wp-content\/uploads\/2022\/05\/imagem-base-noticiasemdestaque.png\",\"width\":1200,\"height\":630,\"caption\":\"Not\u00edcias em Destaque\"},\"image\":{\"@id\":\"https:\/\/noticiasemdestaque.com\/cd\/#\/schema\/logo\/image\/\"}},{\"@type\":\"Person\",\"@id\":\"https:\/\/noticiasemdestaque.com\/cd\/#\/schema\/person\/47f7d4f55eec17c6b2ca036c5500f6ce\",\"name\":\"Not\u00edcias em Destaque\",\"url\":\"https:\/\/noticiasemdestaque.com\/cd\/?author=2\"}]}<\/script>\n<!-- \/ Yoast SEO plugin. -->","yoast_head_json":{"title":"Bancos n\u00e3o v\u00e3o abrir nesta sexta-feira - Not&iacute;cias em Destaque","robots":{"index":"index","follow":"follow","max-snippet":"max-snippet:-1","max-image-preview":"max-image-preview:large","max-video-preview":"max-video-preview:-1"},"canonical":"https:\/\/noticiasemdestaque.com\/cd\/?p=45115","og_locale":"pt_BR","og_type":"article","og_title":"Bancos n\u00e3o v\u00e3o abrir nesta sexta-feira - Not&iacute;cias em Destaque","og_description":"As ag\u00eancias banc\u00e1rias n\u00e3o ir\u00e3o abrir ao p\u00fablico nesta sexta-feira (30). O expediente banc\u00e1rio s\u00f3 retornar\u00e1 na \u00a0segunda-feira (2). As informa\u00e7\u00f5es s\u00e3o da Federa\u00e7\u00e3o Brasileira de Bancos (Febraban). Segundo a entidade, nos dias em que as ag\u00eancias estiverem fechadas a popula\u00e7\u00e3o poder\u00e1 utilizar os meios eletr\u00f4nicos de atendimento banc\u00e1rio, como\u00a0mobile\u00a0e\u00a0internet banking, caixas eletr\u00f4nicos, banco por telefone e correspondentes para fazer transa\u00e7\u00f5es financeiras. \u201cOs carn\u00eas e contas de consumo (como \u00e1gua, energia, telefone, etc.) vencidos no feriado [dia 1\u00ba] poder\u00e3o ser pagos sem acr\u00e9scimo no dia \u00fatil seguinte. Normalmente, os tributos j\u00e1 est\u00e3o com as datas ajustadas ao calend\u00e1rio de feriados, sejam federais, estaduais ou municipais\u201d, destacou a Febraban. Noticias em Destaque Fonte: Agencia Brasil","og_url":"https:\/\/noticiasemdestaque.com\/cd\/?p=45115","og_site_name":"Not&iacute;cias em Destaque","article_published_time":"2022-12-29T22:49:19+00:00","og_image":[{"width":1170,"height":700,"url":"https:\/\/noticiasemdestaque.com\/cd\/wp-content\/uploads\/2022\/12\/jfcrz_abr_14091923109.jpg","type":"image\/jpeg"}],"author":"Not\u00edcias em Destaque","twitter_card":"summary_large_image","twitter_misc":{"Escrito por":"Not\u00edcias em Destaque","Est. tempo de leitura":"2 minutos"},"schema":{"@context":"https:\/\/schema.org","@graph":[{"@type":"Article","@id":"https:\/\/noticiasemdestaque.com\/cd\/?p=45115#article","isPartOf":{"@id":"https:\/\/noticiasemdestaque.com\/cd\/?p=45115"},"author":{"name":"Not\u00edcias em Destaque","@id":"https:\/\/noticiasemdestaque.com\/cd\/#\/schema\/person\/47f7d4f55eec17c6b2ca036c5500f6ce"},"headline":"Bancos n\u00e3o v\u00e3o abrir nesta sexta-feira","datePublished":"2022-12-29T22:49:19+00:00","mainEntityOfPage":{"@id":"https:\/\/noticiasemdestaque.com\/cd\/?p=45115"},"wordCount":142,"publisher":{"@id":"https:\/\/noticiasemdestaque.com\/cd\/#organization"},"image":{"@id":"https:\/\/noticiasemdestaque.com\/cd\/?p=45115#primaryimage"},"thumbnailUrl":"https:\/\/noticiasemdestaque.com\/cd\/wp-content\/uploads\/2022\/12\/jfcrz_abr_14091923109.jpg","articleSection":["Geral"],"inLanguage":"pt-BR"},{"@type":"WebPage","@id":"https:\/\/noticiasemdestaque.com\/cd\/?p=45115","url":"https:\/\/noticiasemdestaque.com\/cd\/?p=45115","name":"Bancos n\u00e3o v\u00e3o abrir nesta sexta-feira - Not&iacute;cias em Destaque","isPartOf":{"@id":"https:\/\/noticiasemdestaque.com\/cd\/#website"},"primaryImageOfPage":{"@id":"https:\/\/noticiasemdestaque.com\/cd\/?p=45115#primaryimage"},"image":{"@id":"https:\/\/noticiasemdestaque.com\/cd\/?p=45115#primaryimage"},"thumbnailUrl":"https:\/\/noticiasemdestaque.com\/cd\/wp-content\/uploads\/2022\/12\/jfcrz_abr_14091923109.jpg","datePublished":"2022-12-29T22:49:19+00:00","breadcrumb":{"@id":"https:\/\/noticiasemdestaque.com\/cd\/?p=45115#breadcrumb"},"inLanguage":"pt-BR","potentialAction":[{"@type":"ReadAction","target":["https:\/\/noticiasemdestaque.com\/cd\/?p=45115"]}]},{"@type":"ImageObject","inLanguage":"pt-BR","@id":"https:\/\/noticiasemdestaque.com\/cd\/?p=45115#primaryimage","url":"https:\/\/noticiasemdestaque.com\/cd\/wp-content\/uploads\/2022\/12\/jfcrz_abr_14091923109.jpg","contentUrl":"https:\/\/noticiasemdestaque.com\/cd\/wp-content\/uploads\/2022\/12\/jfcrz_abr_14091923109.jpg","width":1170,"height":700,"caption":"Ag\u00eancias da Caixa abrir\u00e3o neste s\u00e1bado para saque do FGTS"},{"@type":"BreadcrumbList","@id":"https:\/\/noticiasemdestaque.com\/cd\/?p=45115#breadcrumb","itemListElement":[{"@type":"ListItem","position":1,"name":"In\u00edcio","item":"https:\/\/noticiasemdestaque.com\/cd\/"},{"@type":"ListItem","position":2,"name":"Bancos n\u00e3o v\u00e3o abrir nesta sexta-feira"}]},{"@type":"WebSite","@id":"https:\/\/noticiasemdestaque.com\/cd\/#website","url":"https:\/\/noticiasemdestaque.com\/cd\/","name":"Not&iacute;cias em Destaque","description":"","publisher":{"@id":"https:\/\/noticiasemdestaque.com\/cd\/#organization"},"potentialAction":[{"@type":"SearchAction","target":{"@type":"EntryPoint","urlTemplate":"https:\/\/noticiasemdestaque.com\/cd\/?s={search_term_string}"},"query-input":{"@type":"PropertyValueSpecification","valueRequired":true,"valueName":"search_term_string"}}],"inLanguage":"pt-BR"},{"@type":"Organization","@id":"https:\/\/noticiasemdestaque.com\/cd\/#organization","name":"Not\u00edcias em Destaque","url":"https:\/\/noticiasemdestaque.com\/cd\/","logo":{"@type":"ImageObject","inLanguage":"pt-BR","@id":"https:\/\/noticiasemdestaque.com\/cd\/#\/schema\/logo\/image\/","url":"https:\/\/noticiasemdestaque.com\/cd\/wp-content\/uploads\/2022\/05\/imagem-base-noticiasemdestaque.png","contentUrl":"https:\/\/noticiasemdestaque.com\/cd\/wp-content\/uploads\/2022\/05\/imagem-base-noticiasemdestaque.png","width":1200,"height":630,"caption":"Not\u00edcias em Destaque"},"image":{"@id":"https:\/\/noticiasemdestaque.com\/cd\/#\/schema\/logo\/image\/"}},{"@type":"Person","@id":"https:\/\/noticiasemdestaque.com\/cd\/#\/schema\/person\/47f7d4f55eec17c6b2ca036c5500f6ce","name":"Not\u00edcias em Destaque","url":"https:\/\/noticiasemdestaque.com\/cd\/?author=2"}]}},"jetpack_featured_media_url":"https:\/\/noticiasemdestaque.com\/cd\/wp-content\/uploads\/2022\/12\/jfcrz_abr_14091923109.jpg","jetpack_sharing_enabled":true,"_links":{"self":[{"href":"https:\/\/noticiasemdestaque.com\/cd\/index.php?rest_route=\/wp\/v2\/posts\/45115","targetHints":{"allow":["GET"]}}],"collection":[{"href":"https:\/\/noticiasemdestaque.com\/cd\/index.php?rest_route=\/wp\/v2\/posts"}],"about":[{"href":"https:\/\/noticiasemdestaque.com\/cd\/index.php?rest_route=\/wp\/v2\/types\/post"}],"author":[{"embeddable":true,"href":"https:\/\/noticiasemdestaque.com\/cd\/index.php?rest_route=\/wp\/v2\/users\/2"}],"replies":[{"embeddable":true,"href":"https:\/\/noticiasemdestaque.com\/cd\/index.php?rest_route=%2Fwp%2Fv2%2Fcomments&post=45115"}],"version-history":[{"count":1,"href":"https:\/\/noticiasemdestaque.com\/cd\/index.php?rest_route=\/wp\/v2\/posts\/45115\/revisions"}],"predecessor-version":[{"id":45117,"href":"https:\/\/noticiasemdestaque.com\/cd\/index.php?rest_route=\/wp\/v2\/posts\/45115\/revisions\/45117"}],"wp:featuredmedia":[{"embeddable":true,"href":"https:\/\/noticiasemdestaque.com\/cd\/index.php?rest_route=\/wp\/v2\/media\/45116"}],"wp:attachment":[{"href":"https:\/\/noticiasemdestaque.com\/cd\/index.php?rest_route=%2Fwp%2Fv2%2Fmedia&parent=45115"}],"wp:term":[{"taxonomy":"category","embeddable":true,"href":"https:\/\/noticiasemdestaque.com\/cd\/index.php?rest_route=%2Fwp%2Fv2%2Fcategories&post=45115"},{"taxonomy":"post_tag","embeddable":true,"href":"https:\/\/noticiasemdestaque.com\/cd\/index.php?rest_route=%2Fwp%2Fv2%2Ftags&post=45115"}],"curies":[{"name":"wp","href":"https:\/\/api.w.org\/{rel}","templated":true}]}}