{"id":45112,"date":"2022-12-29T10:49:35","date_gmt":"2022-12-29T13:49:35","guid":{"rendered":"https:\/\/noticiasemdestaque.com\/cd\/?p=45112"},"modified":"2022-12-29T10:49:35","modified_gmt":"2022-12-29T13:49:35","slug":"participe-de-uma-noite-de-luz-e-esperanca-das-comunidades-de-jerico-e-capoeiras-em-serra-branca","status":"publish","type":"post","link":"https:\/\/noticiasemdestaque.com\/cd\/?p=45112","title":{"rendered":"Participe de uma Noite de Luz e Esperan\u00e7a, das Comunidades de Jeric\u00f3 e Capoeiras, em Serra Branca"},"content":{"rendered":"<p><a href=\"https:\/\/noticiasemdestaque.com\/cd\/wp-content\/uploads\/2022\/12\/festa.jpg\"><img fetchpriority=\"high\" decoding=\"async\" class=\" wp-image-45113 aligncenter\" src=\"https:\/\/noticiasemdestaque.com\/cd\/wp-content\/uploads\/2022\/12\/festa-212x300.jpg\" alt=\"\" width=\"324\" height=\"458\" srcset=\"https:\/\/noticiasemdestaque.com\/cd\/wp-content\/uploads\/2022\/12\/festa-212x300.jpg 212w, https:\/\/noticiasemdestaque.com\/cd\/wp-content\/uploads\/2022\/12\/festa-8x12.jpg 8w, https:\/\/noticiasemdestaque.com\/cd\/wp-content\/uploads\/2022\/12\/festa.jpg 226w\" sizes=\"(max-width: 324px) 100vw, 324px\" \/><\/a><\/p>\n<p style=\"font-weight: 400;\">A capela Nossa Senhora de F\u00e1tima,\u00a0das Comunidades de Jeric\u00f3 e Capoeiras, da\u00a0Par\u00f3quia Nossa Senhora da Concei\u00e7\u00e3o, de Serra Branca,\u00a0 realiza na sexta-feira(30\/12), a Noite de Luz e Esperan\u00e7a.<\/p>\n<p style=\"font-weight: 400;\">A programa\u00e7\u00e3o \u00e9 a seguinte:<\/p>\n<ul>\n<li style=\"font-weight: 400;\">\u00c0s 19h: Santa Missa<\/li>\n<li style=\"font-weight: 400;\">\u00c0s 20h30: Apresenta\u00e7\u00e3o de Natal: \u201cNasce o Cristo Sertanejo\u201d. Roteiro e produ\u00e7\u00e3o: Quinteto Danado de Bom, al\u00e9m de participa\u00e7\u00e3o do Coral Nossa Senhora de F\u00e1tima<\/li>\n<li style=\"font-weight: 400;\">\u00c0s 21h30: Quermesse e Show Musical com Viny Santos<\/li>\n<\/ul>\n<p style=\"font-weight: 400;\">Participe voc\u00ea tamb\u00e9m.<\/p>\n<p style=\"font-weight: 400;\"><strong>Noticias em Destaque<\/strong><\/p>\n<p style=\"text-align: right;\"><em>Fonte: Focando Paraiba<\/em><\/p>\n","protected":false},"excerpt":{"rendered":"<p>A capela Nossa Senhora de F\u00e1tima,\u00a0das Comunidades de Jeric\u00f3 e Capoeiras, da\u00a0Par\u00f3quia Nossa Senhora da Concei\u00e7\u00e3o, de Serra Branca,\u00a0 realiza na sexta-feira(30\/12), a Noite de Luz e Esperan\u00e7a. A programa\u00e7\u00e3o \u00e9 a seguinte: \u00c0s 19h: Santa Missa \u00c0s 20h30: Apresenta\u00e7\u00e3o de Natal: \u201cNasce o Cristo Sertanejo\u201d. Roteiro e produ\u00e7\u00e3o: Quinteto Danado de Bom, al\u00e9m de participa\u00e7\u00e3o do Coral Nossa Senhora de F\u00e1tima \u00c0s 21h30: Quermesse e Show Musical com Viny Santos Participe voc\u00ea tamb\u00e9m. Noticias em Destaque Fonte: Focando Paraiba<\/p>\n","protected":false},"author":2,"featured_media":45113,"comment_status":"closed","ping_status":"open","sticky":false,"template":"","format":"standard","meta":{"_eb_attr":"","_jetpack_memberships_contains_paid_content":false,"footnotes":""},"categories":[3],"tags":[],"class_list":["post-45112","post","type-post","status-publish","format-standard","has-post-thumbnail","hentry","category-cidades"],"yoast_head":"<!-- This site is optimized with the Yoast SEO plugin v26.5 - https:\/\/yoast.com\/wordpress\/plugins\/seo\/ -->\n<title>Participe de uma Noite de Luz e Esperan\u00e7a, das Comunidades de Jeric\u00f3 e Capoeiras, em Serra Branca - Not&iacute;cias em Destaque<\/title>\n<meta name=\"robots\" content=\"index, follow, max-snippet:-1, max-image-preview:large, max-video-preview:-1\" \/>\n<link rel=\"canonical\" href=\"https:\/\/noticiasemdestaque.com\/cd\/?p=45112\" \/>\n<meta property=\"og:locale\" content=\"pt_BR\" \/>\n<meta property=\"og:type\" content=\"article\" \/>\n<meta property=\"og:title\" content=\"Participe de uma Noite de Luz e Esperan\u00e7a, das Comunidades de Jeric\u00f3 e Capoeiras, em Serra Branca - Not&iacute;cias em Destaque\" \/>\n<meta property=\"og:description\" content=\"A capela Nossa Senhora de F\u00e1tima,\u00a0das Comunidades de Jeric\u00f3 e Capoeiras, da\u00a0Par\u00f3quia Nossa Senhora da Concei\u00e7\u00e3o, de Serra Branca,\u00a0 realiza na sexta-feira(30\/12), a Noite de Luz e Esperan\u00e7a. A programa\u00e7\u00e3o \u00e9 a seguinte: \u00c0s 19h: Santa Missa \u00c0s 20h30: Apresenta\u00e7\u00e3o de Natal: \u201cNasce o Cristo Sertanejo\u201d. Roteiro e produ\u00e7\u00e3o: Quinteto Danado de Bom, al\u00e9m de participa\u00e7\u00e3o do Coral Nossa Senhora de F\u00e1tima \u00c0s 21h30: Quermesse e Show Musical com Viny Santos Participe voc\u00ea tamb\u00e9m. Noticias em Destaque Fonte: Focando Paraiba\" \/>\n<meta property=\"og:url\" content=\"https:\/\/noticiasemdestaque.com\/cd\/?p=45112\" \/>\n<meta property=\"og:site_name\" content=\"Not&iacute;cias em Destaque\" \/>\n<meta property=\"article:published_time\" content=\"2022-12-29T13:49:35+00:00\" \/>\n<meta property=\"og:image\" content=\"https:\/\/noticiasemdestaque.com\/cd\/wp-content\/uploads\/2022\/12\/festa.jpg\" \/>\n\t<meta property=\"og:image:width\" content=\"226\" \/>\n\t<meta property=\"og:image:height\" content=\"320\" \/>\n\t<meta property=\"og:image:type\" content=\"image\/jpeg\" \/>\n<meta name=\"author\" content=\"Not\u00edcias em Destaque\" \/>\n<meta name=\"twitter:card\" content=\"summary_large_image\" \/>\n<meta name=\"twitter:label1\" content=\"Escrito por\" \/>\n\t<meta name=\"twitter:data1\" content=\"Not\u00edcias em Destaque\" \/>\n\t<meta name=\"twitter:label2\" content=\"Est. tempo de leitura\" \/>\n\t<meta name=\"twitter:data2\" content=\"1 minuto\" \/>\n<script type=\"application\/ld+json\" class=\"yoast-schema-graph\">{\"@context\":\"https:\/\/schema.org\",\"@graph\":[{\"@type\":\"Article\",\"@id\":\"https:\/\/noticiasemdestaque.com\/cd\/?p=45112#article\",\"isPartOf\":{\"@id\":\"https:\/\/noticiasemdestaque.com\/cd\/?p=45112\"},\"author\":{\"name\":\"Not\u00edcias em Destaque\",\"@id\":\"https:\/\/noticiasemdestaque.com\/cd\/#\/schema\/person\/47f7d4f55eec17c6b2ca036c5500f6ce\"},\"headline\":\"Participe de uma Noite de Luz e Esperan\u00e7a, das Comunidades de Jeric\u00f3 e Capoeiras, em Serra Branca\",\"datePublished\":\"2022-12-29T13:49:35+00:00\",\"mainEntityOfPage\":{\"@id\":\"https:\/\/noticiasemdestaque.com\/cd\/?p=45112\"},\"wordCount\":110,\"publisher\":{\"@id\":\"https:\/\/noticiasemdestaque.com\/cd\/#organization\"},\"image\":{\"@id\":\"https:\/\/noticiasemdestaque.com\/cd\/?p=45112#primaryimage\"},\"thumbnailUrl\":\"https:\/\/noticiasemdestaque.com\/cd\/wp-content\/uploads\/2022\/12\/festa.jpg\",\"articleSection\":[\"Cidades\"],\"inLanguage\":\"pt-BR\"},{\"@type\":\"WebPage\",\"@id\":\"https:\/\/noticiasemdestaque.com\/cd\/?p=45112\",\"url\":\"https:\/\/noticiasemdestaque.com\/cd\/?p=45112\",\"name\":\"Participe de uma Noite de Luz e Esperan\u00e7a, das Comunidades de Jeric\u00f3 e Capoeiras, em Serra Branca - Not&iacute;cias em Destaque\",\"isPartOf\":{\"@id\":\"https:\/\/noticiasemdestaque.com\/cd\/#website\"},\"primaryImageOfPage\":{\"@id\":\"https:\/\/noticiasemdestaque.com\/cd\/?p=45112#primaryimage\"},\"image\":{\"@id\":\"https:\/\/noticiasemdestaque.com\/cd\/?p=45112#primaryimage\"},\"thumbnailUrl\":\"https:\/\/noticiasemdestaque.com\/cd\/wp-content\/uploads\/2022\/12\/festa.jpg\",\"datePublished\":\"2022-12-29T13:49:35+00:00\",\"breadcrumb\":{\"@id\":\"https:\/\/noticiasemdestaque.com\/cd\/?p=45112#breadcrumb\"},\"inLanguage\":\"pt-BR\",\"potentialAction\":[{\"@type\":\"ReadAction\",\"target\":[\"https:\/\/noticiasemdestaque.com\/cd\/?p=45112\"]}]},{\"@type\":\"ImageObject\",\"inLanguage\":\"pt-BR\",\"@id\":\"https:\/\/noticiasemdestaque.com\/cd\/?p=45112#primaryimage\",\"url\":\"https:\/\/noticiasemdestaque.com\/cd\/wp-content\/uploads\/2022\/12\/festa.jpg\",\"contentUrl\":\"https:\/\/noticiasemdestaque.com\/cd\/wp-content\/uploads\/2022\/12\/festa.jpg\",\"width\":226,\"height\":320},{\"@type\":\"BreadcrumbList\",\"@id\":\"https:\/\/noticiasemdestaque.com\/cd\/?p=45112#breadcrumb\",\"itemListElement\":[{\"@type\":\"ListItem\",\"position\":1,\"name\":\"In\u00edcio\",\"item\":\"https:\/\/noticiasemdestaque.com\/cd\/\"},{\"@type\":\"ListItem\",\"position\":2,\"name\":\"Participe de uma Noite de Luz e Esperan\u00e7a, das Comunidades de Jeric\u00f3 e Capoeiras, em Serra Branca\"}]},{\"@type\":\"WebSite\",\"@id\":\"https:\/\/noticiasemdestaque.com\/cd\/#website\",\"url\":\"https:\/\/noticiasemdestaque.com\/cd\/\",\"name\":\"Not&iacute;cias em Destaque\",\"description\":\"\",\"publisher\":{\"@id\":\"https:\/\/noticiasemdestaque.com\/cd\/#organization\"},\"potentialAction\":[{\"@type\":\"SearchAction\",\"target\":{\"@type\":\"EntryPoint\",\"urlTemplate\":\"https:\/\/noticiasemdestaque.com\/cd\/?s={search_term_string}\"},\"query-input\":{\"@type\":\"PropertyValueSpecification\",\"valueRequired\":true,\"valueName\":\"search_term_string\"}}],\"inLanguage\":\"pt-BR\"},{\"@type\":\"Organization\",\"@id\":\"https:\/\/noticiasemdestaque.com\/cd\/#organization\",\"name\":\"Not\u00edcias em Destaque\",\"url\":\"https:\/\/noticiasemdestaque.com\/cd\/\",\"logo\":{\"@type\":\"ImageObject\",\"inLanguage\":\"pt-BR\",\"@id\":\"https:\/\/noticiasemdestaque.com\/cd\/#\/schema\/logo\/image\/\",\"url\":\"https:\/\/noticiasemdestaque.com\/cd\/wp-content\/uploads\/2022\/05\/imagem-base-noticiasemdestaque.png\",\"contentUrl\":\"https:\/\/noticiasemdestaque.com\/cd\/wp-content\/uploads\/2022\/05\/imagem-base-noticiasemdestaque.png\",\"width\":1200,\"height\":630,\"caption\":\"Not\u00edcias em Destaque\"},\"image\":{\"@id\":\"https:\/\/noticiasemdestaque.com\/cd\/#\/schema\/logo\/image\/\"}},{\"@type\":\"Person\",\"@id\":\"https:\/\/noticiasemdestaque.com\/cd\/#\/schema\/person\/47f7d4f55eec17c6b2ca036c5500f6ce\",\"name\":\"Not\u00edcias em Destaque\",\"url\":\"https:\/\/noticiasemdestaque.com\/cd\/?author=2\"}]}<\/script>\n<!-- \/ Yoast SEO plugin. -->","yoast_head_json":{"title":"Participe de uma Noite de Luz e Esperan\u00e7a, das Comunidades de Jeric\u00f3 e Capoeiras, em Serra Branca - Not&iacute;cias em Destaque","robots":{"index":"index","follow":"follow","max-snippet":"max-snippet:-1","max-image-preview":"max-image-preview:large","max-video-preview":"max-video-preview:-1"},"canonical":"https:\/\/noticiasemdestaque.com\/cd\/?p=45112","og_locale":"pt_BR","og_type":"article","og_title":"Participe de uma Noite de Luz e Esperan\u00e7a, das Comunidades de Jeric\u00f3 e Capoeiras, em Serra Branca - Not&iacute;cias em Destaque","og_description":"A capela Nossa Senhora de F\u00e1tima,\u00a0das Comunidades de Jeric\u00f3 e Capoeiras, da\u00a0Par\u00f3quia Nossa Senhora da Concei\u00e7\u00e3o, de Serra Branca,\u00a0 realiza na sexta-feira(30\/12), a Noite de Luz e Esperan\u00e7a. A programa\u00e7\u00e3o \u00e9 a seguinte: \u00c0s 19h: Santa Missa \u00c0s 20h30: Apresenta\u00e7\u00e3o de Natal: \u201cNasce o Cristo Sertanejo\u201d. Roteiro e produ\u00e7\u00e3o: Quinteto Danado de Bom, al\u00e9m de participa\u00e7\u00e3o do Coral Nossa Senhora de F\u00e1tima \u00c0s 21h30: Quermesse e Show Musical com Viny Santos Participe voc\u00ea tamb\u00e9m. Noticias em Destaque Fonte: Focando Paraiba","og_url":"https:\/\/noticiasemdestaque.com\/cd\/?p=45112","og_site_name":"Not&iacute;cias em Destaque","article_published_time":"2022-12-29T13:49:35+00:00","og_image":[{"width":226,"height":320,"url":"https:\/\/noticiasemdestaque.com\/cd\/wp-content\/uploads\/2022\/12\/festa.jpg","type":"image\/jpeg"}],"author":"Not\u00edcias em Destaque","twitter_card":"summary_large_image","twitter_misc":{"Escrito por":"Not\u00edcias em Destaque","Est. tempo de leitura":"1 minuto"},"schema":{"@context":"https:\/\/schema.org","@graph":[{"@type":"Article","@id":"https:\/\/noticiasemdestaque.com\/cd\/?p=45112#article","isPartOf":{"@id":"https:\/\/noticiasemdestaque.com\/cd\/?p=45112"},"author":{"name":"Not\u00edcias em Destaque","@id":"https:\/\/noticiasemdestaque.com\/cd\/#\/schema\/person\/47f7d4f55eec17c6b2ca036c5500f6ce"},"headline":"Participe de uma Noite de Luz e Esperan\u00e7a, das Comunidades de Jeric\u00f3 e Capoeiras, em Serra Branca","datePublished":"2022-12-29T13:49:35+00:00","mainEntityOfPage":{"@id":"https:\/\/noticiasemdestaque.com\/cd\/?p=45112"},"wordCount":110,"publisher":{"@id":"https:\/\/noticiasemdestaque.com\/cd\/#organization"},"image":{"@id":"https:\/\/noticiasemdestaque.com\/cd\/?p=45112#primaryimage"},"thumbnailUrl":"https:\/\/noticiasemdestaque.com\/cd\/wp-content\/uploads\/2022\/12\/festa.jpg","articleSection":["Cidades"],"inLanguage":"pt-BR"},{"@type":"WebPage","@id":"https:\/\/noticiasemdestaque.com\/cd\/?p=45112","url":"https:\/\/noticiasemdestaque.com\/cd\/?p=45112","name":"Participe de uma Noite de Luz e Esperan\u00e7a, das Comunidades de Jeric\u00f3 e Capoeiras, em Serra Branca - Not&iacute;cias em Destaque","isPartOf":{"@id":"https:\/\/noticiasemdestaque.com\/cd\/#website"},"primaryImageOfPage":{"@id":"https:\/\/noticiasemdestaque.com\/cd\/?p=45112#primaryimage"},"image":{"@id":"https:\/\/noticiasemdestaque.com\/cd\/?p=45112#primaryimage"},"thumbnailUrl":"https:\/\/noticiasemdestaque.com\/cd\/wp-content\/uploads\/2022\/12\/festa.jpg","datePublished":"2022-12-29T13:49:35+00:00","breadcrumb":{"@id":"https:\/\/noticiasemdestaque.com\/cd\/?p=45112#breadcrumb"},"inLanguage":"pt-BR","potentialAction":[{"@type":"ReadAction","target":["https:\/\/noticiasemdestaque.com\/cd\/?p=45112"]}]},{"@type":"ImageObject","inLanguage":"pt-BR","@id":"https:\/\/noticiasemdestaque.com\/cd\/?p=45112#primaryimage","url":"https:\/\/noticiasemdestaque.com\/cd\/wp-content\/uploads\/2022\/12\/festa.jpg","contentUrl":"https:\/\/noticiasemdestaque.com\/cd\/wp-content\/uploads\/2022\/12\/festa.jpg","width":226,"height":320},{"@type":"BreadcrumbList","@id":"https:\/\/noticiasemdestaque.com\/cd\/?p=45112#breadcrumb","itemListElement":[{"@type":"ListItem","position":1,"name":"In\u00edcio","item":"https:\/\/noticiasemdestaque.com\/cd\/"},{"@type":"ListItem","position":2,"name":"Participe de uma Noite de Luz e Esperan\u00e7a, das Comunidades de Jeric\u00f3 e Capoeiras, em Serra Branca"}]},{"@type":"WebSite","@id":"https:\/\/noticiasemdestaque.com\/cd\/#website","url":"https:\/\/noticiasemdestaque.com\/cd\/","name":"Not&iacute;cias em Destaque","description":"","publisher":{"@id":"https:\/\/noticiasemdestaque.com\/cd\/#organization"},"potentialAction":[{"@type":"SearchAction","target":{"@type":"EntryPoint","urlTemplate":"https:\/\/noticiasemdestaque.com\/cd\/?s={search_term_string}"},"query-input":{"@type":"PropertyValueSpecification","valueRequired":true,"valueName":"search_term_string"}}],"inLanguage":"pt-BR"},{"@type":"Organization","@id":"https:\/\/noticiasemdestaque.com\/cd\/#organization","name":"Not\u00edcias em Destaque","url":"https:\/\/noticiasemdestaque.com\/cd\/","logo":{"@type":"ImageObject","inLanguage":"pt-BR","@id":"https:\/\/noticiasemdestaque.com\/cd\/#\/schema\/logo\/image\/","url":"https:\/\/noticiasemdestaque.com\/cd\/wp-content\/uploads\/2022\/05\/imagem-base-noticiasemdestaque.png","contentUrl":"https:\/\/noticiasemdestaque.com\/cd\/wp-content\/uploads\/2022\/05\/imagem-base-noticiasemdestaque.png","width":1200,"height":630,"caption":"Not\u00edcias em Destaque"},"image":{"@id":"https:\/\/noticiasemdestaque.com\/cd\/#\/schema\/logo\/image\/"}},{"@type":"Person","@id":"https:\/\/noticiasemdestaque.com\/cd\/#\/schema\/person\/47f7d4f55eec17c6b2ca036c5500f6ce","name":"Not\u00edcias em Destaque","url":"https:\/\/noticiasemdestaque.com\/cd\/?author=2"}]}},"jetpack_featured_media_url":"https:\/\/noticiasemdestaque.com\/cd\/wp-content\/uploads\/2022\/12\/festa.jpg","jetpack_sharing_enabled":true,"_links":{"self":[{"href":"https:\/\/noticiasemdestaque.com\/cd\/index.php?rest_route=\/wp\/v2\/posts\/45112","targetHints":{"allow":["GET"]}}],"collection":[{"href":"https:\/\/noticiasemdestaque.com\/cd\/index.php?rest_route=\/wp\/v2\/posts"}],"about":[{"href":"https:\/\/noticiasemdestaque.com\/cd\/index.php?rest_route=\/wp\/v2\/types\/post"}],"author":[{"embeddable":true,"href":"https:\/\/noticiasemdestaque.com\/cd\/index.php?rest_route=\/wp\/v2\/users\/2"}],"replies":[{"embeddable":true,"href":"https:\/\/noticiasemdestaque.com\/cd\/index.php?rest_route=%2Fwp%2Fv2%2Fcomments&post=45112"}],"version-history":[{"count":1,"href":"https:\/\/noticiasemdestaque.com\/cd\/index.php?rest_route=\/wp\/v2\/posts\/45112\/revisions"}],"predecessor-version":[{"id":45114,"href":"https:\/\/noticiasemdestaque.com\/cd\/index.php?rest_route=\/wp\/v2\/posts\/45112\/revisions\/45114"}],"wp:featuredmedia":[{"embeddable":true,"href":"https:\/\/noticiasemdestaque.com\/cd\/index.php?rest_route=\/wp\/v2\/media\/45113"}],"wp:attachment":[{"href":"https:\/\/noticiasemdestaque.com\/cd\/index.php?rest_route=%2Fwp%2Fv2%2Fmedia&parent=45112"}],"wp:term":[{"taxonomy":"category","embeddable":true,"href":"https:\/\/noticiasemdestaque.com\/cd\/index.php?rest_route=%2Fwp%2Fv2%2Fcategories&post=45112"},{"taxonomy":"post_tag","embeddable":true,"href":"https:\/\/noticiasemdestaque.com\/cd\/index.php?rest_route=%2Fwp%2Fv2%2Ftags&post=45112"}],"curies":[{"name":"wp","href":"https:\/\/api.w.org\/{rel}","templated":true}]}}